{"id":38615,"date":"2023-03-29T15:01:50","date_gmt":"2023-03-29T14:01:50","guid":{"rendered":"https:\/\/lasentinelle.dz\/?p=38615"},"modified":"2023-03-29T15:01:51","modified_gmt":"2023-03-29T14:01:51","slug":"apres-leur-victoire-face-au-niger-les-verts-dans-la-can-avant-lheure","status":"publish","type":"post","link":"https:\/\/lasentinelle.dz\/index.php\/2023\/03\/29\/apres-leur-victoire-face-au-niger-les-verts-dans-la-can-avant-lheure\/","title":{"rendered":"Apr\u00e8s leur victoire face au Niger\u00a0: Les Verts dans la CAN avant l\u2019heure"},"content":{"rendered":"\n<p>C\u2019est fait ! L\u2019Alg\u00e9rie participera pour la 20e fois \u00e0 une phase finale de Coupe d\u2019Afrique des nations, la 6e de rang et tentera de r\u00e9\u00e9diter en c\u00f4te d\u2019Ivoire, l\u2019exploit de 2019.<\/p>\n\n\n\n<p>Un parcours sans faute pour les Fennecs. Quatre matches, quatre victoires, 12 points et un ticket valid\u00e9 pour la C\u00f4te d\u2019Ivoire.<\/p>\n\n\n\n<p>La s\u00e9lection nationale de football a officiellement valid\u00e9 son ticket pour la phase finale de la Coupe d&rsquo;Afrique des nations (CAN 2023) \u00e0 la faveur de son succ\u00e8s r\u00e9alis\u00e9 face au Niger (0-1), lundi au stade de Rad\u00e8s (Tunisie), \u00e0 l\u2019occasion de la 4e journ\u00e9e (groupe F) des \u00e9liminatoires du tournoi continental.Pour cette deuxi\u00e8me confrontation face au Niger, les camarades de Bennacer ont boucl\u00e9 l\u2019affaire tr\u00e8s t\u00f4t dans cette partie. En effet, le Onze national n\u2019a eu besoin que de six minutes pour faire le job \u00e0 la faveur du but scor\u00e9 par Bounedjah. Pour cette deuxi\u00e8me en quatre jours face au Niger, Djamel Belmadi a compl\u00e8tement chamboul\u00e9 son onze de d\u00e9part. Seuls Riyad Mahrez, Isma\u00ebl Bennacer et Andy Delort ont \u00e9t\u00e9 reconduits d\u2019entr\u00e9e, alors que Moustafa Zeghba, K\u00e9vin Daniel Guitoune, Jaouen Hadjam, Mohamed Amine Touga\u00ef, Ramy Benseba\u00efni ont form\u00e9 une d\u00e9fense exp\u00e9rimentale.<\/p>\n\n\n\n<p>Ramiz Larbi Zerrouki a repris une place au milieu et le coach a confi\u00e9 les cl\u00e9s du jeu \u00e0 Far\u00e8s Cha\u00efbi, une premi\u00e8re pour ce talentueux joueur.<\/p>\n\n\n\n<p>En attaque, Baghdad Bounedjah a d\u00e9but\u00e9 le match et n\u2019a pas eu beaucoup de temps pour s\u2019illustrer. Les Verts avaient imm\u00e9diatement pris les choses en main en trouvant la faille d\u00e8s la premi\u00e8re v\u00e9ritable occasion. Une action emmen\u00e9e par le trio offensif avec une premi\u00e8re d\u00e9viation de Delort de la t\u00eate pour remettre le ballon dans le pied gauche de Mahrez. Ce dernier, sans transition, d\u00e9cale de fort belle mani\u00e8re en profondeur, Bounedjah, qui n\u2019avait qu\u2019\u00e0 pousser le cuir hors de port\u00e9e du gardien de but nig\u00e9rien (6\u2019).<\/p>\n\n\n\n<p>Les joueurs de l\u2019\u00e9quipe nationale ont litt\u00e9ralement domin\u00e9 les d\u00e9bats et ils avaient de nombreuses opportunit\u00e9s pour faire le break. Les mont\u00e9es de Guitoune offraient des solutions aux attaquants de pointe, \u00e0 l\u2019image de Delort et de Bounedjah, mais les tentatives \u00e9taient mal exploit\u00e9es.<\/p>\n\n\n\n<p>D\u00e9fensivement, l\u2019\u00e9quipe nationale n\u2019a pas \u00e9t\u00e9 trop sollicit\u00e9e, mais au premier flottement, il y avait du feu dans la zone de Zeghba. Ce dernier a d\u00fb r\u00e9aliser un exploit, gr\u00e2ce \u00e0 un r\u00e9flexe inou\u00ef, pour d\u00e9tourner le ballon, qui prenait la direction des buts suite \u00e0 un tir de Mahamadou Amadou Sabo, d\u00e9vi\u00e9 au passage par Benseba\u00efni. Quel arr\u00eat de Zeghba !<\/p>\n\n\n\n<p>La premi\u00e8re p\u00e9riode n\u2019a valu que par ce but, splendide dans sa conception. Il faut dire que depuis l\u2019ouverture du score, les Alg\u00e9riens ont eu, certes, le monopole du ballon, mais sans \u00eatre vraiment dangereux. Il y avait une bonne \u00e9quipe d\u2019Alg\u00e9rie pendant les 25 premi\u00e8res minutes, mais elle a baiss\u00e9 de rythme apr\u00e8s, ce qui avait permis aux Nig\u00e9riens de mettre de l\u2019impact dans le jeu.<\/p>\n\n\n\n<p>En deuxi\u00e8me p\u00e9riode, les Verts ont g\u00e9r\u00e9 le score, mais ont tent\u00e9 de se mettre \u00e0 l\u2019abri. Sur une action collective, Cha\u00efbi, au deuxi\u00e8me poteau, a inscrit le deuxi\u00e8me but, refus\u00e9 par l\u2019arbitre pour une position de hors-jeu loin d\u2019\u00eatre \u00e9vidente (55\u2019). Le sc\u00e9nario aurait \u00e9t\u00e9 r\u00eav\u00e9 pour celui qui c\u00e9l\u00e8bre sa premi\u00e8re titularisation. Un puissant tir de Bounedjah a mis le portier Tandja en difficult\u00e9 (61\u2019).<\/p>\n\n\n\n<p>L\u2019entr\u00e9e de Bouanani et Amoura ont donn\u00e9 plus de percussion et ce dernier a rat\u00e9 deux occasions en fin de match. Cha\u00efbi, maudit encore, a vu son but (le 2e) refus\u00e9 par l\u2019arbitre (90\u2019 +1), mais cela n\u2019a pas emp\u00each\u00e9 l\u2019Alg\u00e9rie de gagner et de donner rendez-vous \u00e0 tout le monde en C\u00f4te d\u2019Ivoire en d\u00e9but d\u2019ann\u00e9e 2024.<\/p>\n\n\n\n<p>Le coach national n\u2019a pas cach\u00e9 sa satisfaction. \u00ab&nbsp;Nous avons obtenu ce que nous \u00e9tions venus chercher, \u00e0 savoir la victoire et la qualification. C&rsquo;\u00e9tait un match difficile contre un adversaire difficile, mais nous sommes ravis d&rsquo;avoir atteint nos objectifs. Maintenant, nous allons nous pr\u00e9parer pour la Coupe des Nations et chaque fen\u00eatre de la FIFA sera une occasion pour nous de nous pr\u00e9parer&nbsp;\u00bb, a-t-il dit \u00e0 l\u2019issue de la rencontre\/<\/p>\n\n\n\n<p>De son c\u00f4t\u00e9, le Niger voit ses chances s&rsquo;amenuiser. Le Mena reste troisi\u00e8me avec seulement deux points.<\/p>\n\n\n\n<p>R.S.<\/p>\n","protected":false},"excerpt":{"rendered":"<p>C\u2019est fait ! L\u2019Alg\u00e9rie participera pour la 20e fois \u00e0 une phase finale de Coupe d\u2019Afrique des nations, la 6e<\/p>\n","protected":false},"author":3,"featured_media":38623,"comment_status":"open","ping_status":"closed","sticky":false,"template":"","format":"standard","meta":{"colormag_page_container_layout":"default_layout","colormag_page_sidebar_layout":"default_layout","om_disable_all_campaigns":false,"_monsterinsights_skip_tracking":false,"_monsterinsights_sitenote_active":false,"_monsterinsights_sitenote_note":"","_monsterinsights_sitenote_category":0,"footnotes":"","_wpscppro_dont_share_socialmedia":false,"_wpscppro_custom_social_share_image":0,"_facebook_share_type":"","_twitter_share_type":"","_linkedin_share_type":"","_pinterest_share_type":"","_linkedin_share_type_page":"","_instagram_share_type":"","_medium_share_type":"","_threads_share_type":"","_google_business_share_type":"","_selected_social_profile":[],"_wpsp_enable_custom_social_template":false,"_wpsp_social_scheduling":{"enabled":false,"datetime":null,"platforms":[],"status":"template_only","dateOption":"today","timeOption":"now","customDays":"","customHours":"","customDate":"","customTime":"","schedulingType":"absolute"},"_wpsp_active_default_template":true},"categories":[52,33],"tags":[],"class_list":["post-38615","post","type-post","status-publish","format-standard","has-post-thumbnail","hentry","category-a-la-une","category-sports"],"aioseo_notices":[],"yoast_head":"<!-- This site is optimized with the Yoast SEO plugin v27.5 - https:\/\/yoast.com\/product\/yoast-seo-wordpress\/ -->\n<title>Apr\u00e8s leur victoire face au Niger\u00a0: Les Verts dans la CAN avant l\u2019heure - La Sentinelle<\/title>\n<meta name=\"robots\" content=\"index, follow, max-snippet:-1, max-image-preview:large, max-video-preview:-1\" \/>\n<link rel=\"canonical\" href=\"https:\/\/lasentinelle.dz\/index.php\/2023\/03\/29\/apres-leur-victoire-face-au-niger-les-verts-dans-la-can-avant-lheure\/\" \/>\n<meta property=\"og:locale\" content=\"fr_FR\" \/>\n<meta property=\"og:type\" content=\"article\" \/>\n<meta property=\"og:title\" content=\"Apr\u00e8s leur victoire face au Niger\u00a0: Les Verts dans la CAN avant l\u2019heure - La Sentinelle\" \/>\n<meta property=\"og:description\" content=\"C\u2019est fait ! L\u2019Alg\u00e9rie participera pour la 20e fois \u00e0 une phase finale de Coupe d\u2019Afrique des nations, la 6e\" \/>\n<meta property=\"og:url\" content=\"https:\/\/lasentinelle.dz\/index.php\/2023\/03\/29\/apres-leur-victoire-face-au-niger-les-verts-dans-la-can-avant-lheure\/\" \/>\n<meta property=\"og:site_name\" content=\"La Sentinelle\" \/>\n<meta property=\"article:publisher\" content=\"https:\/\/www.facebook.com\/La-Sentinelle-104059864394773\" \/>\n<meta property=\"article:published_time\" content=\"2023-03-29T14:01:50+00:00\" \/>\n<meta property=\"article:modified_time\" content=\"2023-03-29T14:01:51+00:00\" \/>\n<meta property=\"og:image\" content=\"https:\/\/lasentinelle.dz\/wp-content\/uploads\/2023\/03\/en-2.png\" \/>\n\t<meta property=\"og:image:width\" content=\"1600\" \/>\n\t<meta property=\"og:image:height\" content=\"900\" \/>\n\t<meta property=\"og:image:type\" content=\"image\/png\" \/>\n<meta name=\"author\" content=\"La Sentinelle\" \/>\n<meta name=\"twitter:card\" content=\"summary_large_image\" \/>\n<meta name=\"twitter:label1\" content=\"\u00c9crit par\" \/>\n\t<meta name=\"twitter:data1\" content=\"La Sentinelle\" \/>\n\t<meta name=\"twitter:label2\" content=\"Dur\u00e9e de lecture estim\u00e9e\" \/>\n\t<meta name=\"twitter:data2\" content=\"4 minutes\" \/>\n<script type=\"application\/ld+json\" class=\"yoast-schema-graph\">{\"@context\":\"https:\\\/\\\/schema.org\",\"@graph\":[{\"@type\":\"Article\",\"@id\":\"https:\\\/\\\/lasentinelle.dz\\\/index.php\\\/2023\\\/03\\\/29\\\/apres-leur-victoire-face-au-niger-les-verts-dans-la-can-avant-lheure\\\/#article\",\"isPartOf\":{\"@id\":\"https:\\\/\\\/lasentinelle.dz\\\/index.php\\\/2023\\\/03\\\/29\\\/apres-leur-victoire-face-au-niger-les-verts-dans-la-can-avant-lheure\\\/\"},\"author\":{\"name\":\"La Sentinelle\",\"@id\":\"https:\\\/\\\/lasentinelle.dz\\\/#\\\/schema\\\/person\\\/d865044e22e70a75174ce8bcad3acfb3\"},\"headline\":\"Apr\u00e8s leur victoire face au Niger\u00a0: Les Verts dans la CAN avant l\u2019heure\",\"datePublished\":\"2023-03-29T14:01:50+00:00\",\"dateModified\":\"2023-03-29T14:01:51+00:00\",\"mainEntityOfPage\":{\"@id\":\"https:\\\/\\\/lasentinelle.dz\\\/index.php\\\/2023\\\/03\\\/29\\\/apres-leur-victoire-face-au-niger-les-verts-dans-la-can-avant-lheure\\\/\"},\"wordCount\":811,\"commentCount\":0,\"publisher\":{\"@id\":\"https:\\\/\\\/lasentinelle.dz\\\/#organization\"},\"image\":{\"@id\":\"https:\\\/\\\/lasentinelle.dz\\\/index.php\\\/2023\\\/03\\\/29\\\/apres-leur-victoire-face-au-niger-les-verts-dans-la-can-avant-lheure\\\/#primaryimage\"},\"thumbnailUrl\":\"https:\\\/\\\/lasentinelle.dz\\\/wp-content\\\/uploads\\\/2023\\\/03\\\/en-2.png\",\"articleSection\":[\"\u00c0 la Une\",\"Sports\"],\"inLanguage\":\"fr-FR\",\"potentialAction\":[{\"@type\":\"CommentAction\",\"name\":\"Comment\",\"target\":[\"https:\\\/\\\/lasentinelle.dz\\\/index.php\\\/2023\\\/03\\\/29\\\/apres-leur-victoire-face-au-niger-les-verts-dans-la-can-avant-lheure\\\/#respond\"]}]},{\"@type\":\"WebPage\",\"@id\":\"https:\\\/\\\/lasentinelle.dz\\\/index.php\\\/2023\\\/03\\\/29\\\/apres-leur-victoire-face-au-niger-les-verts-dans-la-can-avant-lheure\\\/\",\"url\":\"https:\\\/\\\/lasentinelle.dz\\\/index.php\\\/2023\\\/03\\\/29\\\/apres-leur-victoire-face-au-niger-les-verts-dans-la-can-avant-lheure\\\/\",\"name\":\"Apr\u00e8s leur victoire face au Niger\u00a0: Les Verts dans la CAN avant l\u2019heure - La Sentinelle\",\"isPartOf\":{\"@id\":\"https:\\\/\\\/lasentinelle.dz\\\/#website\"},\"primaryImageOfPage\":{\"@id\":\"https:\\\/\\\/lasentinelle.dz\\\/index.php\\\/2023\\\/03\\\/29\\\/apres-leur-victoire-face-au-niger-les-verts-dans-la-can-avant-lheure\\\/#primaryimage\"},\"image\":{\"@id\":\"https:\\\/\\\/lasentinelle.dz\\\/index.php\\\/2023\\\/03\\\/29\\\/apres-leur-victoire-face-au-niger-les-verts-dans-la-can-avant-lheure\\\/#primaryimage\"},\"thumbnailUrl\":\"https:\\\/\\\/lasentinelle.dz\\\/wp-content\\\/uploads\\\/2023\\\/03\\\/en-2.png\",\"datePublished\":\"2023-03-29T14:01:50+00:00\",\"dateModified\":\"2023-03-29T14:01:51+00:00\",\"breadcrumb\":{\"@id\":\"https:\\\/\\\/lasentinelle.dz\\\/index.php\\\/2023\\\/03\\\/29\\\/apres-leur-victoire-face-au-niger-les-verts-dans-la-can-avant-lheure\\\/#breadcrumb\"},\"inLanguage\":\"fr-FR\",\"potentialAction\":[{\"@type\":\"ReadAction\",\"target\":[\"https:\\\/\\\/lasentinelle.dz\\\/index.php\\\/2023\\\/03\\\/29\\\/apres-leur-victoire-face-au-niger-les-verts-dans-la-can-avant-lheure\\\/\"]}]},{\"@type\":\"ImageObject\",\"inLanguage\":\"fr-FR\",\"@id\":\"https:\\\/\\\/lasentinelle.dz\\\/index.php\\\/2023\\\/03\\\/29\\\/apres-leur-victoire-face-au-niger-les-verts-dans-la-can-avant-lheure\\\/#primaryimage\",\"url\":\"https:\\\/\\\/lasentinelle.dz\\\/wp-content\\\/uploads\\\/2023\\\/03\\\/en-2.png\",\"contentUrl\":\"https:\\\/\\\/lasentinelle.dz\\\/wp-content\\\/uploads\\\/2023\\\/03\\\/en-2.png\",\"width\":1600,\"height\":900},{\"@type\":\"BreadcrumbList\",\"@id\":\"https:\\\/\\\/lasentinelle.dz\\\/index.php\\\/2023\\\/03\\\/29\\\/apres-leur-victoire-face-au-niger-les-verts-dans-la-can-avant-lheure\\\/#breadcrumb\",\"itemListElement\":[{\"@type\":\"ListItem\",\"position\":1,\"name\":\"Accueil\",\"item\":\"https:\\\/\\\/lasentinelle.dz\\\/\"},{\"@type\":\"ListItem\",\"position\":2,\"name\":\"Apr\u00e8s leur victoire face au Niger\u00a0: Les Verts dans la CAN avant l\u2019heure\"}]},{\"@type\":\"WebSite\",\"@id\":\"https:\\\/\\\/lasentinelle.dz\\\/#website\",\"url\":\"https:\\\/\\\/lasentinelle.dz\\\/\",\"name\":\"La Sentinelle\",\"description\":\"Quotidien national d&#039;information\",\"publisher\":{\"@id\":\"https:\\\/\\\/lasentinelle.dz\\\/#organization\"},\"potentialAction\":[{\"@type\":\"SearchAction\",\"target\":{\"@type\":\"EntryPoint\",\"urlTemplate\":\"https:\\\/\\\/lasentinelle.dz\\\/?s={search_term_string}\"},\"query-input\":{\"@type\":\"PropertyValueSpecification\",\"valueRequired\":true,\"valueName\":\"search_term_string\"}}],\"inLanguage\":\"fr-FR\"},{\"@type\":\"Organization\",\"@id\":\"https:\\\/\\\/lasentinelle.dz\\\/#organization\",\"name\":\"Quotidien La Sentinelle\",\"url\":\"https:\\\/\\\/lasentinelle.dz\\\/\",\"logo\":{\"@type\":\"ImageObject\",\"inLanguage\":\"fr-FR\",\"@id\":\"https:\\\/\\\/lasentinelle.dz\\\/#\\\/schema\\\/logo\\\/image\\\/\",\"url\":\"https:\\\/\\\/lasentinelle.dz\\\/wp-content\\\/uploads\\\/2021\\\/09\\\/logo-sentinelleSLOGAN-1.png\",\"contentUrl\":\"https:\\\/\\\/lasentinelle.dz\\\/wp-content\\\/uploads\\\/2021\\\/09\\\/logo-sentinelleSLOGAN-1.png\",\"width\":615,\"height\":142,\"caption\":\"Quotidien La Sentinelle\"},\"image\":{\"@id\":\"https:\\\/\\\/lasentinelle.dz\\\/#\\\/schema\\\/logo\\\/image\\\/\"},\"sameAs\":[\"https:\\\/\\\/www.facebook.com\\\/La-Sentinelle-104059864394773\"]},{\"@type\":\"Person\",\"@id\":\"https:\\\/\\\/lasentinelle.dz\\\/#\\\/schema\\\/person\\\/d865044e22e70a75174ce8bcad3acfb3\",\"name\":\"La Sentinelle\",\"image\":{\"@type\":\"ImageObject\",\"inLanguage\":\"fr-FR\",\"@id\":\"https:\\\/\\\/secure.gravatar.com\\\/avatar\\\/57de8e5d4b15d43fb361a71fbb36338450fe67865b528a43dd10ef7c51a20392?s=96&d=mm&r=g\",\"url\":\"https:\\\/\\\/secure.gravatar.com\\\/avatar\\\/57de8e5d4b15d43fb361a71fbb36338450fe67865b528a43dd10ef7c51a20392?s=96&d=mm&r=g\",\"contentUrl\":\"https:\\\/\\\/secure.gravatar.com\\\/avatar\\\/57de8e5d4b15d43fb361a71fbb36338450fe67865b528a43dd10ef7c51a20392?s=96&d=mm&r=g\",\"caption\":\"La Sentinelle\"},\"sameAs\":[\"http:\\\/\\\/www.lasentinelle.dz\"],\"url\":\"https:\\\/\\\/lasentinelle.dz\\\/author\\\/redaction\\\/\"}]}<\/script>\n<!-- \/ Yoast SEO plugin. -->","yoast_head_json":{"title":"Apr\u00e8s leur victoire face au Niger\u00a0: Les Verts dans la CAN avant l\u2019heure - La Sentinelle","robots":{"index":"index","follow":"follow","max-snippet":"max-snippet:-1","max-image-preview":"max-image-preview:large","max-video-preview":"max-video-preview:-1"},"canonical":"https:\/\/lasentinelle.dz\/index.php\/2023\/03\/29\/apres-leur-victoire-face-au-niger-les-verts-dans-la-can-avant-lheure\/","og_locale":"fr_FR","og_type":"article","og_title":"Apr\u00e8s leur victoire face au Niger\u00a0: Les Verts dans la CAN avant l\u2019heure - La Sentinelle","og_description":"C\u2019est fait ! L\u2019Alg\u00e9rie participera pour la 20e fois \u00e0 une phase finale de Coupe d\u2019Afrique des nations, la 6e","og_url":"https:\/\/lasentinelle.dz\/index.php\/2023\/03\/29\/apres-leur-victoire-face-au-niger-les-verts-dans-la-can-avant-lheure\/","og_site_name":"La Sentinelle","article_publisher":"https:\/\/www.facebook.com\/La-Sentinelle-104059864394773","article_published_time":"2023-03-29T14:01:50+00:00","article_modified_time":"2023-03-29T14:01:51+00:00","og_image":[{"width":1600,"height":900,"url":"https:\/\/lasentinelle.dz\/wp-content\/uploads\/2023\/03\/en-2.png","type":"image\/png"}],"author":"La Sentinelle","twitter_card":"summary_large_image","twitter_misc":{"\u00c9crit par":"La Sentinelle","Dur\u00e9e de lecture estim\u00e9e":"4 minutes"},"schema":{"@context":"https:\/\/schema.org","@graph":[{"@type":"Article","@id":"https:\/\/lasentinelle.dz\/index.php\/2023\/03\/29\/apres-leur-victoire-face-au-niger-les-verts-dans-la-can-avant-lheure\/#article","isPartOf":{"@id":"https:\/\/lasentinelle.dz\/index.php\/2023\/03\/29\/apres-leur-victoire-face-au-niger-les-verts-dans-la-can-avant-lheure\/"},"author":{"name":"La Sentinelle","@id":"https:\/\/lasentinelle.dz\/#\/schema\/person\/d865044e22e70a75174ce8bcad3acfb3"},"headline":"Apr\u00e8s leur victoire face au Niger\u00a0: Les Verts dans la CAN avant l\u2019heure","datePublished":"2023-03-29T14:01:50+00:00","dateModified":"2023-03-29T14:01:51+00:00","mainEntityOfPage":{"@id":"https:\/\/lasentinelle.dz\/index.php\/2023\/03\/29\/apres-leur-victoire-face-au-niger-les-verts-dans-la-can-avant-lheure\/"},"wordCount":811,"commentCount":0,"publisher":{"@id":"https:\/\/lasentinelle.dz\/#organization"},"image":{"@id":"https:\/\/lasentinelle.dz\/index.php\/2023\/03\/29\/apres-leur-victoire-face-au-niger-les-verts-dans-la-can-avant-lheure\/#primaryimage"},"thumbnailUrl":"https:\/\/lasentinelle.dz\/wp-content\/uploads\/2023\/03\/en-2.png","articleSection":["\u00c0 la Une","Sports"],"inLanguage":"fr-FR","potentialAction":[{"@type":"CommentAction","name":"Comment","target":["https:\/\/lasentinelle.dz\/index.php\/2023\/03\/29\/apres-leur-victoire-face-au-niger-les-verts-dans-la-can-avant-lheure\/#respond"]}]},{"@type":"WebPage","@id":"https:\/\/lasentinelle.dz\/index.php\/2023\/03\/29\/apres-leur-victoire-face-au-niger-les-verts-dans-la-can-avant-lheure\/","url":"https:\/\/lasentinelle.dz\/index.php\/2023\/03\/29\/apres-leur-victoire-face-au-niger-les-verts-dans-la-can-avant-lheure\/","name":"Apr\u00e8s leur victoire face au Niger\u00a0: Les Verts dans la CAN avant l\u2019heure - La Sentinelle","isPartOf":{"@id":"https:\/\/lasentinelle.dz\/#website"},"primaryImageOfPage":{"@id":"https:\/\/lasentinelle.dz\/index.php\/2023\/03\/29\/apres-leur-victoire-face-au-niger-les-verts-dans-la-can-avant-lheure\/#primaryimage"},"image":{"@id":"https:\/\/lasentinelle.dz\/index.php\/2023\/03\/29\/apres-leur-victoire-face-au-niger-les-verts-dans-la-can-avant-lheure\/#primaryimage"},"thumbnailUrl":"https:\/\/lasentinelle.dz\/wp-content\/uploads\/2023\/03\/en-2.png","datePublished":"2023-03-29T14:01:50+00:00","dateModified":"2023-03-29T14:01:51+00:00","breadcrumb":{"@id":"https:\/\/lasentinelle.dz\/index.php\/2023\/03\/29\/apres-leur-victoire-face-au-niger-les-verts-dans-la-can-avant-lheure\/#breadcrumb"},"inLanguage":"fr-FR","potentialAction":[{"@type":"ReadAction","target":["https:\/\/lasentinelle.dz\/index.php\/2023\/03\/29\/apres-leur-victoire-face-au-niger-les-verts-dans-la-can-avant-lheure\/"]}]},{"@type":"ImageObject","inLanguage":"fr-FR","@id":"https:\/\/lasentinelle.dz\/index.php\/2023\/03\/29\/apres-leur-victoire-face-au-niger-les-verts-dans-la-can-avant-lheure\/#primaryimage","url":"https:\/\/lasentinelle.dz\/wp-content\/uploads\/2023\/03\/en-2.png","contentUrl":"https:\/\/lasentinelle.dz\/wp-content\/uploads\/2023\/03\/en-2.png","width":1600,"height":900},{"@type":"BreadcrumbList","@id":"https:\/\/lasentinelle.dz\/index.php\/2023\/03\/29\/apres-leur-victoire-face-au-niger-les-verts-dans-la-can-avant-lheure\/#breadcrumb","itemListElement":[{"@type":"ListItem","position":1,"name":"Accueil","item":"https:\/\/lasentinelle.dz\/"},{"@type":"ListItem","position":2,"name":"Apr\u00e8s leur victoire face au Niger\u00a0: Les Verts dans la CAN avant l\u2019heure"}]},{"@type":"WebSite","@id":"https:\/\/lasentinelle.dz\/#website","url":"https:\/\/lasentinelle.dz\/","name":"La Sentinelle","description":"Quotidien national d&#039;information","publisher":{"@id":"https:\/\/lasentinelle.dz\/#organization"},"potentialAction":[{"@type":"SearchAction","target":{"@type":"EntryPoint","urlTemplate":"https:\/\/lasentinelle.dz\/?s={search_term_string}"},"query-input":{"@type":"PropertyValueSpecification","valueRequired":true,"valueName":"search_term_string"}}],"inLanguage":"fr-FR"},{"@type":"Organization","@id":"https:\/\/lasentinelle.dz\/#organization","name":"Quotidien La Sentinelle","url":"https:\/\/lasentinelle.dz\/","logo":{"@type":"ImageObject","inLanguage":"fr-FR","@id":"https:\/\/lasentinelle.dz\/#\/schema\/logo\/image\/","url":"https:\/\/lasentinelle.dz\/wp-content\/uploads\/2021\/09\/logo-sentinelleSLOGAN-1.png","contentUrl":"https:\/\/lasentinelle.dz\/wp-content\/uploads\/2021\/09\/logo-sentinelleSLOGAN-1.png","width":615,"height":142,"caption":"Quotidien La Sentinelle"},"image":{"@id":"https:\/\/lasentinelle.dz\/#\/schema\/logo\/image\/"},"sameAs":["https:\/\/www.facebook.com\/La-Sentinelle-104059864394773"]},{"@type":"Person","@id":"https:\/\/lasentinelle.dz\/#\/schema\/person\/d865044e22e70a75174ce8bcad3acfb3","name":"La Sentinelle","image":{"@type":"ImageObject","inLanguage":"fr-FR","@id":"https:\/\/secure.gravatar.com\/avatar\/57de8e5d4b15d43fb361a71fbb36338450fe67865b528a43dd10ef7c51a20392?s=96&d=mm&r=g","url":"https:\/\/secure.gravatar.com\/avatar\/57de8e5d4b15d43fb361a71fbb36338450fe67865b528a43dd10ef7c51a20392?s=96&d=mm&r=g","contentUrl":"https:\/\/secure.gravatar.com\/avatar\/57de8e5d4b15d43fb361a71fbb36338450fe67865b528a43dd10ef7c51a20392?s=96&d=mm&r=g","caption":"La Sentinelle"},"sameAs":["http:\/\/www.lasentinelle.dz"],"url":"https:\/\/lasentinelle.dz\/author\/redaction\/"}]}},"_links":{"self":[{"href":"https:\/\/lasentinelle.dz\/index.php\/wp-json\/wp\/v2\/posts\/38615","targetHints":{"allow":["GET"]}}],"collection":[{"href":"https:\/\/lasentinelle.dz\/index.php\/wp-json\/wp\/v2\/posts"}],"about":[{"href":"https:\/\/lasentinelle.dz\/index.php\/wp-json\/wp\/v2\/types\/post"}],"author":[{"embeddable":true,"href":"https:\/\/lasentinelle.dz\/index.php\/wp-json\/wp\/v2\/users\/3"}],"replies":[{"embeddable":true,"href":"https:\/\/lasentinelle.dz\/index.php\/wp-json\/wp\/v2\/comments?post=38615"}],"version-history":[{"count":1,"href":"https:\/\/lasentinelle.dz\/index.php\/wp-json\/wp\/v2\/posts\/38615\/revisions"}],"predecessor-version":[{"id":38624,"href":"https:\/\/lasentinelle.dz\/index.php\/wp-json\/wp\/v2\/posts\/38615\/revisions\/38624"}],"wp:featuredmedia":[{"embeddable":true,"href":"https:\/\/lasentinelle.dz\/index.php\/wp-json\/wp\/v2\/media\/38623"}],"wp:attachment":[{"href":"https:\/\/lasentinelle.dz\/index.php\/wp-json\/wp\/v2\/media?parent=38615"}],"wp:term":[{"taxonomy":"category","embeddable":true,"href":"https:\/\/lasentinelle.dz\/index.php\/wp-json\/wp\/v2\/categories?post=38615"},{"taxonomy":"post_tag","embeddable":true,"href":"https:\/\/lasentinelle.dz\/index.php\/wp-json\/wp\/v2\/tags?post=38615"}],"curies":[{"name":"wp","href":"https:\/\/api.w.org\/{rel}","templated":true}]}}