{"id":3865,"date":"2021-08-10T14:41:10","date_gmt":"2021-08-10T13:41:10","guid":{"rendered":"https:\/\/lasentinelle.dz\/?p=3865"},"modified":"2021-08-10T14:41:11","modified_gmt":"2021-08-10T13:41:11","slug":"non-alignesde-lua-la-alignez-vous","status":"publish","type":"post","link":"https:\/\/lasentinelle.dz\/index.php\/2021\/08\/10\/non-alignesde-lua-la-alignez-vous\/","title":{"rendered":"Non align\u00e9s<br>de l\u2019UA l\u00e0, alignez-vous !"},"content":{"rendered":"\n<p>O ui, oui vous ! Comme \u00e7a, avancez un peu, un peu plus \u00e0 gauche, non pas trop \u00e0 droite, reculez l\u00e9g\u00e8rement, voil\u00e0, on y est presque !<br>Non, pas comme \u00e7a ! Houlalala, nous autres Africains arriverait-on un jour \u00e0 s\u2019entendre et \u00e0 se mettre d\u2019accord ? Mais alignez-vous donc, vous ne voyez pas que c\u2019est plus facile pour vous compter, d\u00e9j\u00e0. On a dit pas d\u2019intrus m\u00eame en simple observateur, rien, niet, walou. Et pis d\u2019abord, les autres l\u00e0, la chose qui se trouve ill\u00e9galement en Palestine et qui bafoue les hommes et leurs droits et libert\u00e9, elle observe quoi ? Circulez donc, il n\u2019y a rien \u00e0 voir ! Bon ben, on disait donc, je recompte, 7, 10, 47, ah enfin 55 ! Pourtant je ne vois que ce Faki dont la t\u00eate sort du lot et ne compte apparemment pas s\u2019aligner, faut-il donc couper les t\u00eates et revenir \u00e0 la case de d\u00e9part un peu comme au temps de l\u2019OUA et disparaitre comme elle ? \u00c7a suffit, on a dit alignez-vous et pas de resquilleurs ni de squatteurs fut-il un \u00ab ami \u00bb fid\u00e8le \u00e0 vous, c\u2019est z\u00e9ro tol\u00e9rance ! On recompte, mais cette fois-ci sans faire le zouave, pas d\u2019observateurs, ni t\u00eate qui d\u00e9passe, tous \u00e0 la m\u00eame hauteur et sur la m\u00eame ligne sinon on ira chacun de son c\u00f4t\u00e9 et libre \u00e0 chacun de choisir son camp\u2026pas celui de David en tout cas pour nous !<\/p>\n","protected":false},"excerpt":{"rendered":"<p>O ui, oui vous ! Comme \u00e7a, avancez un peu, un peu plus \u00e0 gauche, non pas trop \u00e0 droite,<\/p>\n","protected":false},"author":2,"featured_media":3179,"comment_status":"open","ping_status":"closed","sticky":false,"template":"","format":"standard","meta":{"colormag_page_container_layout":"default_layout","colormag_page_sidebar_layout":"default_layout","om_disable_all_campaigns":false,"_monsterinsights_skip_tracking":false,"_monsterinsights_sitenote_active":false,"_monsterinsights_sitenote_note":"","_monsterinsights_sitenote_category":0,"footnotes":"","_wpscppro_dont_share_socialmedia":false,"_wpscppro_custom_social_share_image":0,"_facebook_share_type":"","_twitter_share_type":"","_linkedin_share_type":"","_pinterest_share_type":"","_linkedin_share_type_page":"","_instagram_share_type":"","_medium_share_type":"","_threads_share_type":"","_google_business_share_type":"","_selected_social_profile":[],"_wpsp_enable_custom_social_template":false,"_wpsp_social_scheduling":{"enabled":false,"datetime":null,"platforms":[],"status":"template_only","dateOption":"today","timeOption":"now","customDays":"","customHours":"","customDate":"","customTime":"","schedulingType":"absolute"},"_wpsp_active_default_template":true},"categories":[38,55],"tags":[],"class_list":["post-3865","post","type-post","status-publish","format-standard","has-post-thumbnail","hentry","category-debats","category-chronique"],"aioseo_notices":[],"yoast_head":"<!-- This site is optimized with the Yoast SEO plugin v27.4 - https:\/\/yoast.com\/product\/yoast-seo-wordpress\/ -->\n<title>Non align\u00e9sde l\u2019UA l\u00e0, alignez-vous ! - La Sentinelle<\/title>\n<meta name=\"robots\" content=\"index, follow, max-snippet:-1, max-image-preview:large, max-video-preview:-1\" \/>\n<link rel=\"canonical\" href=\"https:\/\/lasentinelle.dz\/index.php\/2021\/08\/10\/non-alignesde-lua-la-alignez-vous\/\" \/>\n<meta property=\"og:locale\" content=\"fr_FR\" \/>\n<meta property=\"og:type\" content=\"article\" \/>\n<meta property=\"og:title\" content=\"Non align\u00e9sde l\u2019UA l\u00e0, alignez-vous ! - La Sentinelle\" \/>\n<meta property=\"og:description\" content=\"O ui, oui vous ! Comme \u00e7a, avancez un peu, un peu plus \u00e0 gauche, non pas trop \u00e0 droite,\" \/>\n<meta property=\"og:url\" content=\"https:\/\/lasentinelle.dz\/index.php\/2021\/08\/10\/non-alignesde-lua-la-alignez-vous\/\" \/>\n<meta property=\"og:site_name\" content=\"La Sentinelle\" \/>\n<meta property=\"article:publisher\" content=\"https:\/\/www.facebook.com\/La-Sentinelle-104059864394773\" \/>\n<meta property=\"article:published_time\" content=\"2021-08-10T13:41:10+00:00\" \/>\n<meta property=\"article:modified_time\" content=\"2021-08-10T13:41:11+00:00\" \/>\n<meta property=\"og:image\" content=\"https:\/\/lasentinelle.dz\/wp-content\/uploads\/2021\/08\/chronique-e1622549044661-1.png\" \/>\n\t<meta property=\"og:image:width\" content=\"225\" \/>\n\t<meta property=\"og:image:height\" content=\"172\" \/>\n\t<meta property=\"og:image:type\" content=\"image\/png\" \/>\n<meta name=\"author\" content=\"Azzedine Belferag\" \/>\n<meta name=\"twitter:card\" content=\"summary_large_image\" \/>\n<meta name=\"twitter:label1\" content=\"\u00c9crit par\" \/>\n\t<meta name=\"twitter:data1\" content=\"Azzedine Belferag\" \/>\n\t<meta name=\"twitter:label2\" content=\"Dur\u00e9e de lecture estim\u00e9e\" \/>\n\t<meta name=\"twitter:data2\" content=\"2 minutes\" \/>\n<script type=\"application\/ld+json\" class=\"yoast-schema-graph\">{\"@context\":\"https:\\\/\\\/schema.org\",\"@graph\":[{\"@type\":\"Article\",\"@id\":\"https:\\\/\\\/lasentinelle.dz\\\/index.php\\\/2021\\\/08\\\/10\\\/non-alignesde-lua-la-alignez-vous\\\/#article\",\"isPartOf\":{\"@id\":\"https:\\\/\\\/lasentinelle.dz\\\/index.php\\\/2021\\\/08\\\/10\\\/non-alignesde-lua-la-alignez-vous\\\/\"},\"author\":{\"name\":\"Azzedine Belferag\",\"@id\":\"https:\\\/\\\/lasentinelle.dz\\\/#\\\/schema\\\/person\\\/e22c868643946ece5f328ac9d185b29f\"},\"headline\":\"Non align\u00e9s de l\u2019UA l\u00e0, alignez-vous !\",\"datePublished\":\"2021-08-10T13:41:10+00:00\",\"dateModified\":\"2021-08-10T13:41:11+00:00\",\"mainEntityOfPage\":{\"@id\":\"https:\\\/\\\/lasentinelle.dz\\\/index.php\\\/2021\\\/08\\\/10\\\/non-alignesde-lua-la-alignez-vous\\\/\"},\"wordCount\":252,\"commentCount\":0,\"publisher\":{\"@id\":\"https:\\\/\\\/lasentinelle.dz\\\/#organization\"},\"image\":{\"@id\":\"https:\\\/\\\/lasentinelle.dz\\\/index.php\\\/2021\\\/08\\\/10\\\/non-alignesde-lua-la-alignez-vous\\\/#primaryimage\"},\"thumbnailUrl\":\"https:\\\/\\\/lasentinelle.dz\\\/wp-content\\\/uploads\\\/2021\\\/08\\\/chronique-e1622549044661-1.png\",\"articleSection\":[\"D\u00e9bats\",\"La Chronique\"],\"inLanguage\":\"fr-FR\",\"potentialAction\":[{\"@type\":\"CommentAction\",\"name\":\"Comment\",\"target\":[\"https:\\\/\\\/lasentinelle.dz\\\/index.php\\\/2021\\\/08\\\/10\\\/non-alignesde-lua-la-alignez-vous\\\/#respond\"]}]},{\"@type\":\"WebPage\",\"@id\":\"https:\\\/\\\/lasentinelle.dz\\\/index.php\\\/2021\\\/08\\\/10\\\/non-alignesde-lua-la-alignez-vous\\\/\",\"url\":\"https:\\\/\\\/lasentinelle.dz\\\/index.php\\\/2021\\\/08\\\/10\\\/non-alignesde-lua-la-alignez-vous\\\/\",\"name\":\"Non align\u00e9s de l\u2019UA l\u00e0, alignez-vous ! - La Sentinelle\",\"isPartOf\":{\"@id\":\"https:\\\/\\\/lasentinelle.dz\\\/#website\"},\"primaryImageOfPage\":{\"@id\":\"https:\\\/\\\/lasentinelle.dz\\\/index.php\\\/2021\\\/08\\\/10\\\/non-alignesde-lua-la-alignez-vous\\\/#primaryimage\"},\"image\":{\"@id\":\"https:\\\/\\\/lasentinelle.dz\\\/index.php\\\/2021\\\/08\\\/10\\\/non-alignesde-lua-la-alignez-vous\\\/#primaryimage\"},\"thumbnailUrl\":\"https:\\\/\\\/lasentinelle.dz\\\/wp-content\\\/uploads\\\/2021\\\/08\\\/chronique-e1622549044661-1.png\",\"datePublished\":\"2021-08-10T13:41:10+00:00\",\"dateModified\":\"2021-08-10T13:41:11+00:00\",\"breadcrumb\":{\"@id\":\"https:\\\/\\\/lasentinelle.dz\\\/index.php\\\/2021\\\/08\\\/10\\\/non-alignesde-lua-la-alignez-vous\\\/#breadcrumb\"},\"inLanguage\":\"fr-FR\",\"potentialAction\":[{\"@type\":\"ReadAction\",\"target\":[\"https:\\\/\\\/lasentinelle.dz\\\/index.php\\\/2021\\\/08\\\/10\\\/non-alignesde-lua-la-alignez-vous\\\/\"]}]},{\"@type\":\"ImageObject\",\"inLanguage\":\"fr-FR\",\"@id\":\"https:\\\/\\\/lasentinelle.dz\\\/index.php\\\/2021\\\/08\\\/10\\\/non-alignesde-lua-la-alignez-vous\\\/#primaryimage\",\"url\":\"https:\\\/\\\/lasentinelle.dz\\\/wp-content\\\/uploads\\\/2021\\\/08\\\/chronique-e1622549044661-1.png\",\"contentUrl\":\"https:\\\/\\\/lasentinelle.dz\\\/wp-content\\\/uploads\\\/2021\\\/08\\\/chronique-e1622549044661-1.png\",\"width\":225,\"height\":172},{\"@type\":\"BreadcrumbList\",\"@id\":\"https:\\\/\\\/lasentinelle.dz\\\/index.php\\\/2021\\\/08\\\/10\\\/non-alignesde-lua-la-alignez-vous\\\/#breadcrumb\",\"itemListElement\":[{\"@type\":\"ListItem\",\"position\":1,\"name\":\"Accueil\",\"item\":\"https:\\\/\\\/lasentinelle.dz\\\/\"},{\"@type\":\"ListItem\",\"position\":2,\"name\":\"Non align\u00e9sde l\u2019UA l\u00e0, alignez-vous !\"}]},{\"@type\":\"WebSite\",\"@id\":\"https:\\\/\\\/lasentinelle.dz\\\/#website\",\"url\":\"https:\\\/\\\/lasentinelle.dz\\\/\",\"name\":\"La Sentinelle\",\"description\":\"Quotidien national d&#039;information\",\"publisher\":{\"@id\":\"https:\\\/\\\/lasentinelle.dz\\\/#organization\"},\"potentialAction\":[{\"@type\":\"SearchAction\",\"target\":{\"@type\":\"EntryPoint\",\"urlTemplate\":\"https:\\\/\\\/lasentinelle.dz\\\/?s={search_term_string}\"},\"query-input\":{\"@type\":\"PropertyValueSpecification\",\"valueRequired\":true,\"valueName\":\"search_term_string\"}}],\"inLanguage\":\"fr-FR\"},{\"@type\":\"Organization\",\"@id\":\"https:\\\/\\\/lasentinelle.dz\\\/#organization\",\"name\":\"Quotidien La Sentinelle\",\"url\":\"https:\\\/\\\/lasentinelle.dz\\\/\",\"logo\":{\"@type\":\"ImageObject\",\"inLanguage\":\"fr-FR\",\"@id\":\"https:\\\/\\\/lasentinelle.dz\\\/#\\\/schema\\\/logo\\\/image\\\/\",\"url\":\"https:\\\/\\\/lasentinelle.dz\\\/wp-content\\\/uploads\\\/2021\\\/09\\\/logo-sentinelleSLOGAN-1.png\",\"contentUrl\":\"https:\\\/\\\/lasentinelle.dz\\\/wp-content\\\/uploads\\\/2021\\\/09\\\/logo-sentinelleSLOGAN-1.png\",\"width\":615,\"height\":142,\"caption\":\"Quotidien La Sentinelle\"},\"image\":{\"@id\":\"https:\\\/\\\/lasentinelle.dz\\\/#\\\/schema\\\/logo\\\/image\\\/\"},\"sameAs\":[\"https:\\\/\\\/www.facebook.com\\\/La-Sentinelle-104059864394773\"]},{\"@type\":\"Person\",\"@id\":\"https:\\\/\\\/lasentinelle.dz\\\/#\\\/schema\\\/person\\\/e22c868643946ece5f328ac9d185b29f\",\"name\":\"Azzedine Belferag\",\"image\":{\"@type\":\"ImageObject\",\"inLanguage\":\"fr-FR\",\"@id\":\"https:\\\/\\\/secure.gravatar.com\\\/avatar\\\/767ecc3bfcf23cd6d0dae1705f124feb13a88fded1daa56498e4fb3aa3fc36a1?s=96&d=mm&r=g\",\"url\":\"https:\\\/\\\/secure.gravatar.com\\\/avatar\\\/767ecc3bfcf23cd6d0dae1705f124feb13a88fded1daa56498e4fb3aa3fc36a1?s=96&d=mm&r=g\",\"contentUrl\":\"https:\\\/\\\/secure.gravatar.com\\\/avatar\\\/767ecc3bfcf23cd6d0dae1705f124feb13a88fded1daa56498e4fb3aa3fc36a1?s=96&d=mm&r=g\",\"caption\":\"Azzedine Belferag\"},\"sameAs\":[\"http:\\\/\\\/www.lasentinelle.dz\"],\"url\":\"https:\\\/\\\/lasentinelle.dz\\\/author\\\/belferag\\\/\"}]}<\/script>\n<!-- \/ Yoast SEO plugin. -->","yoast_head_json":{"title":"Non align\u00e9sde l\u2019UA l\u00e0, alignez-vous ! - La Sentinelle","robots":{"index":"index","follow":"follow","max-snippet":"max-snippet:-1","max-image-preview":"max-image-preview:large","max-video-preview":"max-video-preview:-1"},"canonical":"https:\/\/lasentinelle.dz\/index.php\/2021\/08\/10\/non-alignesde-lua-la-alignez-vous\/","og_locale":"fr_FR","og_type":"article","og_title":"Non align\u00e9sde l\u2019UA l\u00e0, alignez-vous ! - La Sentinelle","og_description":"O ui, oui vous ! Comme \u00e7a, avancez un peu, un peu plus \u00e0 gauche, non pas trop \u00e0 droite,","og_url":"https:\/\/lasentinelle.dz\/index.php\/2021\/08\/10\/non-alignesde-lua-la-alignez-vous\/","og_site_name":"La Sentinelle","article_publisher":"https:\/\/www.facebook.com\/La-Sentinelle-104059864394773","article_published_time":"2021-08-10T13:41:10+00:00","article_modified_time":"2021-08-10T13:41:11+00:00","og_image":[{"width":225,"height":172,"url":"https:\/\/lasentinelle.dz\/wp-content\/uploads\/2021\/08\/chronique-e1622549044661-1.png","type":"image\/png"}],"author":"Azzedine Belferag","twitter_card":"summary_large_image","twitter_misc":{"\u00c9crit par":"Azzedine Belferag","Dur\u00e9e de lecture estim\u00e9e":"2 minutes"},"schema":{"@context":"https:\/\/schema.org","@graph":[{"@type":"Article","@id":"https:\/\/lasentinelle.dz\/index.php\/2021\/08\/10\/non-alignesde-lua-la-alignez-vous\/#article","isPartOf":{"@id":"https:\/\/lasentinelle.dz\/index.php\/2021\/08\/10\/non-alignesde-lua-la-alignez-vous\/"},"author":{"name":"Azzedine Belferag","@id":"https:\/\/lasentinelle.dz\/#\/schema\/person\/e22c868643946ece5f328ac9d185b29f"},"headline":"Non align\u00e9s de l\u2019UA l\u00e0, alignez-vous !","datePublished":"2021-08-10T13:41:10+00:00","dateModified":"2021-08-10T13:41:11+00:00","mainEntityOfPage":{"@id":"https:\/\/lasentinelle.dz\/index.php\/2021\/08\/10\/non-alignesde-lua-la-alignez-vous\/"},"wordCount":252,"commentCount":0,"publisher":{"@id":"https:\/\/lasentinelle.dz\/#organization"},"image":{"@id":"https:\/\/lasentinelle.dz\/index.php\/2021\/08\/10\/non-alignesde-lua-la-alignez-vous\/#primaryimage"},"thumbnailUrl":"https:\/\/lasentinelle.dz\/wp-content\/uploads\/2021\/08\/chronique-e1622549044661-1.png","articleSection":["D\u00e9bats","La Chronique"],"inLanguage":"fr-FR","potentialAction":[{"@type":"CommentAction","name":"Comment","target":["https:\/\/lasentinelle.dz\/index.php\/2021\/08\/10\/non-alignesde-lua-la-alignez-vous\/#respond"]}]},{"@type":"WebPage","@id":"https:\/\/lasentinelle.dz\/index.php\/2021\/08\/10\/non-alignesde-lua-la-alignez-vous\/","url":"https:\/\/lasentinelle.dz\/index.php\/2021\/08\/10\/non-alignesde-lua-la-alignez-vous\/","name":"Non align\u00e9s de l\u2019UA l\u00e0, alignez-vous ! - La Sentinelle","isPartOf":{"@id":"https:\/\/lasentinelle.dz\/#website"},"primaryImageOfPage":{"@id":"https:\/\/lasentinelle.dz\/index.php\/2021\/08\/10\/non-alignesde-lua-la-alignez-vous\/#primaryimage"},"image":{"@id":"https:\/\/lasentinelle.dz\/index.php\/2021\/08\/10\/non-alignesde-lua-la-alignez-vous\/#primaryimage"},"thumbnailUrl":"https:\/\/lasentinelle.dz\/wp-content\/uploads\/2021\/08\/chronique-e1622549044661-1.png","datePublished":"2021-08-10T13:41:10+00:00","dateModified":"2021-08-10T13:41:11+00:00","breadcrumb":{"@id":"https:\/\/lasentinelle.dz\/index.php\/2021\/08\/10\/non-alignesde-lua-la-alignez-vous\/#breadcrumb"},"inLanguage":"fr-FR","potentialAction":[{"@type":"ReadAction","target":["https:\/\/lasentinelle.dz\/index.php\/2021\/08\/10\/non-alignesde-lua-la-alignez-vous\/"]}]},{"@type":"ImageObject","inLanguage":"fr-FR","@id":"https:\/\/lasentinelle.dz\/index.php\/2021\/08\/10\/non-alignesde-lua-la-alignez-vous\/#primaryimage","url":"https:\/\/lasentinelle.dz\/wp-content\/uploads\/2021\/08\/chronique-e1622549044661-1.png","contentUrl":"https:\/\/lasentinelle.dz\/wp-content\/uploads\/2021\/08\/chronique-e1622549044661-1.png","width":225,"height":172},{"@type":"BreadcrumbList","@id":"https:\/\/lasentinelle.dz\/index.php\/2021\/08\/10\/non-alignesde-lua-la-alignez-vous\/#breadcrumb","itemListElement":[{"@type":"ListItem","position":1,"name":"Accueil","item":"https:\/\/lasentinelle.dz\/"},{"@type":"ListItem","position":2,"name":"Non align\u00e9sde l\u2019UA l\u00e0, alignez-vous !"}]},{"@type":"WebSite","@id":"https:\/\/lasentinelle.dz\/#website","url":"https:\/\/lasentinelle.dz\/","name":"La Sentinelle","description":"Quotidien national d&#039;information","publisher":{"@id":"https:\/\/lasentinelle.dz\/#organization"},"potentialAction":[{"@type":"SearchAction","target":{"@type":"EntryPoint","urlTemplate":"https:\/\/lasentinelle.dz\/?s={search_term_string}"},"query-input":{"@type":"PropertyValueSpecification","valueRequired":true,"valueName":"search_term_string"}}],"inLanguage":"fr-FR"},{"@type":"Organization","@id":"https:\/\/lasentinelle.dz\/#organization","name":"Quotidien La Sentinelle","url":"https:\/\/lasentinelle.dz\/","logo":{"@type":"ImageObject","inLanguage":"fr-FR","@id":"https:\/\/lasentinelle.dz\/#\/schema\/logo\/image\/","url":"https:\/\/lasentinelle.dz\/wp-content\/uploads\/2021\/09\/logo-sentinelleSLOGAN-1.png","contentUrl":"https:\/\/lasentinelle.dz\/wp-content\/uploads\/2021\/09\/logo-sentinelleSLOGAN-1.png","width":615,"height":142,"caption":"Quotidien La Sentinelle"},"image":{"@id":"https:\/\/lasentinelle.dz\/#\/schema\/logo\/image\/"},"sameAs":["https:\/\/www.facebook.com\/La-Sentinelle-104059864394773"]},{"@type":"Person","@id":"https:\/\/lasentinelle.dz\/#\/schema\/person\/e22c868643946ece5f328ac9d185b29f","name":"Azzedine Belferag","image":{"@type":"ImageObject","inLanguage":"fr-FR","@id":"https:\/\/secure.gravatar.com\/avatar\/767ecc3bfcf23cd6d0dae1705f124feb13a88fded1daa56498e4fb3aa3fc36a1?s=96&d=mm&r=g","url":"https:\/\/secure.gravatar.com\/avatar\/767ecc3bfcf23cd6d0dae1705f124feb13a88fded1daa56498e4fb3aa3fc36a1?s=96&d=mm&r=g","contentUrl":"https:\/\/secure.gravatar.com\/avatar\/767ecc3bfcf23cd6d0dae1705f124feb13a88fded1daa56498e4fb3aa3fc36a1?s=96&d=mm&r=g","caption":"Azzedine Belferag"},"sameAs":["http:\/\/www.lasentinelle.dz"],"url":"https:\/\/lasentinelle.dz\/author\/belferag\/"}]}},"_links":{"self":[{"href":"https:\/\/lasentinelle.dz\/index.php\/wp-json\/wp\/v2\/posts\/3865","targetHints":{"allow":["GET"]}}],"collection":[{"href":"https:\/\/lasentinelle.dz\/index.php\/wp-json\/wp\/v2\/posts"}],"about":[{"href":"https:\/\/lasentinelle.dz\/index.php\/wp-json\/wp\/v2\/types\/post"}],"author":[{"embeddable":true,"href":"https:\/\/lasentinelle.dz\/index.php\/wp-json\/wp\/v2\/users\/2"}],"replies":[{"embeddable":true,"href":"https:\/\/lasentinelle.dz\/index.php\/wp-json\/wp\/v2\/comments?post=3865"}],"version-history":[{"count":1,"href":"https:\/\/lasentinelle.dz\/index.php\/wp-json\/wp\/v2\/posts\/3865\/revisions"}],"predecessor-version":[{"id":3876,"href":"https:\/\/lasentinelle.dz\/index.php\/wp-json\/wp\/v2\/posts\/3865\/revisions\/3876"}],"wp:featuredmedia":[{"embeddable":true,"href":"https:\/\/lasentinelle.dz\/index.php\/wp-json\/wp\/v2\/media\/3179"}],"wp:attachment":[{"href":"https:\/\/lasentinelle.dz\/index.php\/wp-json\/wp\/v2\/media?parent=3865"}],"wp:term":[{"taxonomy":"category","embeddable":true,"href":"https:\/\/lasentinelle.dz\/index.php\/wp-json\/wp\/v2\/categories?post=3865"},{"taxonomy":"post_tag","embeddable":true,"href":"https:\/\/lasentinelle.dz\/index.php\/wp-json\/wp\/v2\/tags?post=3865"}],"curies":[{"name":"wp","href":"https:\/\/api.w.org\/{rel}","templated":true}]}}