{"id":38652,"date":"2023-03-29T22:00:00","date_gmt":"2023-03-29T21:00:00","guid":{"rendered":"https:\/\/lasentinelle.dz\/?p=38652"},"modified":"2023-03-29T15:44:23","modified_gmt":"2023-03-29T14:44:23","slug":"boumerdes-lancement-de-la-realisation-dune-station-de-dessalement-deau-de-mer-a-cap-djinet","status":"publish","type":"post","link":"https:\/\/lasentinelle.dz\/index.php\/2023\/03\/29\/boumerdes-lancement-de-la-realisation-dune-station-de-dessalement-deau-de-mer-a-cap-djinet\/","title":{"rendered":"Boumerdes\u00a0: Lancement de la r\u00e9alisation d\u2019une station de dessalement d&rsquo;eau de mer \u00e0 Cap Djinet"},"content":{"rendered":"\n<p>Le projet de r\u00e9alisation d\u2019une Station de dessalement d&rsquo;eau de mer(SDEM) \u00e0 Cap Djinet\u2013Est (wilaya de Boumerdes), a \u00e9t\u00e9 lanc\u00e9, mardi, avec le coulage du premier m\u00e8tre cube de b\u00e9ton, en pr\u00e9sence du ministre de l&rsquo;Energie et des Mines, Mohamed Arkab, de responsables d\u2019entreprises de r\u00e9alisation et des autorit\u00e9s locales. Cette op\u00e9ration de coulage de b\u00e9ton effectu\u00e9e aujourd&rsquo;hui est \u00ab\u00a0importante\u00a0\u00bb, et sera suivie par un \u00ab\u00a0redoublement des efforts pour le parach\u00e8vement du projet dans ses d\u00e9lais contractuels\u00a0\u00bb, a indiqu\u00e9 le Pr\u00e9sident-directeur g\u00e9n\u00e9ral(PDG) de l\u2019Algerian Energy Company (AEC), filiale du groupe Sonatrach, Lotfi Zenadi, dans ses explications au ministre lors du lancement des travaux de ce projet vital. Ce projet, attendu \u00e0 la livraison en d\u00e9cembre 2024, s\u2019inscrit dans le cadre du Plan de d\u00e9veloppement du pr\u00e9sident de la R\u00e9publique (2022\/ 2024), portant r\u00e9alisation de cinq stations similaires \u00e0 Oran, Bejaia, El Taref, Boumerdes et Tipasa, avec une capacit\u00e9 unitaire de 300 .000 m3\/ jour, a-t-il ajout\u00e9. Selon les m\u00eames explications fournies sur place, ce projet est en r\u00e9alisation sur une superficie de 16 ha, non loin de la SDEM de la m\u00eame commune, entr\u00e9e en exploitation en 2011. Une fois op\u00e9rationnelle, sa capacit\u00e9 de production sera de pr\u00e8s de 300.000 m3 d\u2019eau \/Jour, destin\u00e9e \u00e0 l\u2019am\u00e9lioration des capacit\u00e9s d&rsquo;alimentation en eau potable(AEP) des habitants de Boumerdes et d&rsquo;Alger. A son tour, le ministre de l&rsquo;Energie et des Mines, a soulign\u00e9 l\u2019\u00a0\u00bbimportance\u00a0\u00bb de ce projet \u00ab\u00a0vital\u00a0\u00bb pour Boumerdes et les wilayas voisines. \u00ab\u00a0Il s&rsquo;agit de l&rsquo;une des plus grandes SDEM en r\u00e9alisation \u00e0 l\u2019\u00e9chelle nationale\u00a0\u00bb, a-t-il ajout\u00e9, insistant sur l\u2019imp\u00e9ratif de \u00ab\u00a0renforcer et d&rsquo;accompagner les \u00e9quipes de travail sur le terrain, en vue de r\u00e9duire les d\u00e9lais de livraison du projet\u00a0\u00bb.<\/p>\n\n\n\n<p>Le ministre a par ailleurs effectu\u00e9 une visite sur le chantier de r\u00e9alisation de la station de dessalement de l&rsquo;eau de mer \u00e0 Corso. Apr\u00e8s avoir \u00e9cout\u00e9 des explications sur le projet dans le cadre de sa visite d&rsquo;inspection des projets de stations de dessalement de l&rsquo;eau de mer \u00e0 Cap Djinet et Corso, le ministre a indiqu\u00e9 que la remise, dans les d\u00e9lais impartis, de ce projet, dont le taux d&rsquo;avancement est actuellement de 77%, \u00e9tait \u00ab\u00a0tr\u00e8s importante\u00a0\u00bb et vitale compte tenu du besoin national imp\u00e9rieux. Le ministre a appel\u00e9 les responsables du projet \u00e0 \u00e9laborer un plan d&rsquo;action bas\u00e9 sur l&rsquo;intensification des travaux de r\u00e9alisation et la programmation des diff\u00e9rentes op\u00e9rations d&rsquo;essai du projet avant sa mise en service, en sus d&rsquo;un autre plan d\u00e9di\u00e9 \u00e0 l&rsquo;installation des \u00e9quipements, et un autre pour la 1\u00e8re et la 2\u00e8me \u00e9tape de production afin d&rsquo;\u00e9viter les retards. Ce projet vital d&rsquo;une capacit\u00e9 de production de 80.000 m3\/par jour permettra de \u00ab\u00a0consolider\u00a0\u00bb les capacit\u00e9s d&rsquo;alimentation en eau potable des habitants des parties ouest et nord de la wilaya outre le c\u00f4t\u00e9 Est d&rsquo;Alger, selon les explications donn\u00e9es au ministre. Cette nouvelle station, r\u00e9alis\u00e9e sur une superficie de 6 hectares le long du littoral de la commune de Corso, pourra assurer des services sur une p\u00e9riode de 30 ans.<\/p>\n\n\n\n<p>R.R.<\/p>\n","protected":false},"excerpt":{"rendered":"<p>Le projet de r\u00e9alisation d\u2019une Station de dessalement d&rsquo;eau de mer(SDEM) \u00e0 Cap Djinet\u2013Est (wilaya de Boumerdes), a \u00e9t\u00e9 lanc\u00e9,<\/p>\n","protected":false},"author":3,"featured_media":38658,"comment_status":"open","ping_status":"closed","sticky":false,"template":"","format":"standard","meta":{"colormag_page_container_layout":"default_layout","colormag_page_sidebar_layout":"default_layout","om_disable_all_campaigns":false,"_monsterinsights_skip_tracking":false,"_monsterinsights_sitenote_active":false,"_monsterinsights_sitenote_note":"","_monsterinsights_sitenote_category":0,"footnotes":"","_wpscppro_dont_share_socialmedia":false,"_wpscppro_custom_social_share_image":0,"_facebook_share_type":"","_twitter_share_type":"","_linkedin_share_type":"","_pinterest_share_type":"","_linkedin_share_type_page":"","_instagram_share_type":"","_medium_share_type":"","_threads_share_type":"","_google_business_share_type":"","_selected_social_profile":[],"_wpsp_enable_custom_social_template":false,"_wpsp_social_scheduling":{"enabled":false,"datetime":null,"platforms":[],"status":"template_only","dateOption":"today","timeOption":"now","customDays":"","customHours":"","customDate":"","customTime":"","schedulingType":"absolute"},"_wpsp_active_default_template":true},"categories":[31],"tags":[],"class_list":["post-38652","post","type-post","status-publish","format-standard","has-post-thumbnail","hentry","category-regions"],"aioseo_notices":[],"yoast_head":"<!-- This site is optimized with the Yoast SEO plugin v27.4 - https:\/\/yoast.com\/product\/yoast-seo-wordpress\/ -->\n<title>Boumerdes\u00a0: Lancement de la r\u00e9alisation d\u2019une station de dessalement d&rsquo;eau de mer \u00e0 Cap Djinet - La Sentinelle<\/title>\n<meta name=\"robots\" content=\"index, follow, max-snippet:-1, max-image-preview:large, max-video-preview:-1\" \/>\n<link rel=\"canonical\" href=\"https:\/\/lasentinelle.dz\/index.php\/2023\/03\/29\/boumerdes-lancement-de-la-realisation-dune-station-de-dessalement-deau-de-mer-a-cap-djinet\/\" \/>\n<meta property=\"og:locale\" content=\"fr_FR\" \/>\n<meta property=\"og:type\" content=\"article\" \/>\n<meta property=\"og:title\" content=\"Boumerdes\u00a0: Lancement de la r\u00e9alisation d\u2019une station de dessalement d&rsquo;eau de mer \u00e0 Cap Djinet - La Sentinelle\" \/>\n<meta property=\"og:description\" content=\"Le projet de r\u00e9alisation d\u2019une Station de dessalement d&rsquo;eau de mer(SDEM) \u00e0 Cap Djinet\u2013Est (wilaya de Boumerdes), a \u00e9t\u00e9 lanc\u00e9,\" \/>\n<meta property=\"og:url\" content=\"https:\/\/lasentinelle.dz\/index.php\/2023\/03\/29\/boumerdes-lancement-de-la-realisation-dune-station-de-dessalement-deau-de-mer-a-cap-djinet\/\" \/>\n<meta property=\"og:site_name\" content=\"La Sentinelle\" \/>\n<meta property=\"article:publisher\" content=\"https:\/\/www.facebook.com\/La-Sentinelle-104059864394773\" \/>\n<meta property=\"article:published_time\" content=\"2023-03-29T21:00:00+00:00\" \/>\n<meta property=\"og:image\" content=\"https:\/\/lasentinelle.dz\/wp-content\/uploads\/2023\/03\/image_2023-03-29_154417548.png\" \/>\n\t<meta property=\"og:image:width\" content=\"800\" \/>\n\t<meta property=\"og:image:height\" content=\"460\" \/>\n\t<meta property=\"og:image:type\" content=\"image\/png\" \/>\n<meta name=\"author\" content=\"La Sentinelle\" \/>\n<meta name=\"twitter:card\" content=\"summary_large_image\" \/>\n<meta name=\"twitter:label1\" content=\"\u00c9crit par\" \/>\n\t<meta name=\"twitter:data1\" content=\"La Sentinelle\" \/>\n\t<meta name=\"twitter:label2\" content=\"Dur\u00e9e de lecture estim\u00e9e\" \/>\n\t<meta name=\"twitter:data2\" content=\"3 minutes\" \/>\n<script type=\"application\/ld+json\" class=\"yoast-schema-graph\">{\"@context\":\"https:\\\/\\\/schema.org\",\"@graph\":[{\"@type\":\"Article\",\"@id\":\"https:\\\/\\\/lasentinelle.dz\\\/index.php\\\/2023\\\/03\\\/29\\\/boumerdes-lancement-de-la-realisation-dune-station-de-dessalement-deau-de-mer-a-cap-djinet\\\/#article\",\"isPartOf\":{\"@id\":\"https:\\\/\\\/lasentinelle.dz\\\/index.php\\\/2023\\\/03\\\/29\\\/boumerdes-lancement-de-la-realisation-dune-station-de-dessalement-deau-de-mer-a-cap-djinet\\\/\"},\"author\":{\"name\":\"La Sentinelle\",\"@id\":\"https:\\\/\\\/lasentinelle.dz\\\/#\\\/schema\\\/person\\\/d865044e22e70a75174ce8bcad3acfb3\"},\"headline\":\"Boumerdes\u00a0: Lancement de la r\u00e9alisation d\u2019une station de dessalement d&rsquo;eau de mer \u00e0 Cap Djinet\",\"datePublished\":\"2023-03-29T21:00:00+00:00\",\"mainEntityOfPage\":{\"@id\":\"https:\\\/\\\/lasentinelle.dz\\\/index.php\\\/2023\\\/03\\\/29\\\/boumerdes-lancement-de-la-realisation-dune-station-de-dessalement-deau-de-mer-a-cap-djinet\\\/\"},\"wordCount\":579,\"commentCount\":0,\"publisher\":{\"@id\":\"https:\\\/\\\/lasentinelle.dz\\\/#organization\"},\"image\":{\"@id\":\"https:\\\/\\\/lasentinelle.dz\\\/index.php\\\/2023\\\/03\\\/29\\\/boumerdes-lancement-de-la-realisation-dune-station-de-dessalement-deau-de-mer-a-cap-djinet\\\/#primaryimage\"},\"thumbnailUrl\":\"https:\\\/\\\/lasentinelle.dz\\\/wp-content\\\/uploads\\\/2023\\\/03\\\/image_2023-03-29_154417548.png\",\"articleSection\":[\"R\u00e9gions\"],\"inLanguage\":\"fr-FR\",\"potentialAction\":[{\"@type\":\"CommentAction\",\"name\":\"Comment\",\"target\":[\"https:\\\/\\\/lasentinelle.dz\\\/index.php\\\/2023\\\/03\\\/29\\\/boumerdes-lancement-de-la-realisation-dune-station-de-dessalement-deau-de-mer-a-cap-djinet\\\/#respond\"]}]},{\"@type\":\"WebPage\",\"@id\":\"https:\\\/\\\/lasentinelle.dz\\\/index.php\\\/2023\\\/03\\\/29\\\/boumerdes-lancement-de-la-realisation-dune-station-de-dessalement-deau-de-mer-a-cap-djinet\\\/\",\"url\":\"https:\\\/\\\/lasentinelle.dz\\\/index.php\\\/2023\\\/03\\\/29\\\/boumerdes-lancement-de-la-realisation-dune-station-de-dessalement-deau-de-mer-a-cap-djinet\\\/\",\"name\":\"Boumerdes\u00a0: Lancement de la r\u00e9alisation d\u2019une station de dessalement d&rsquo;eau de mer \u00e0 Cap Djinet - La Sentinelle\",\"isPartOf\":{\"@id\":\"https:\\\/\\\/lasentinelle.dz\\\/#website\"},\"primaryImageOfPage\":{\"@id\":\"https:\\\/\\\/lasentinelle.dz\\\/index.php\\\/2023\\\/03\\\/29\\\/boumerdes-lancement-de-la-realisation-dune-station-de-dessalement-deau-de-mer-a-cap-djinet\\\/#primaryimage\"},\"image\":{\"@id\":\"https:\\\/\\\/lasentinelle.dz\\\/index.php\\\/2023\\\/03\\\/29\\\/boumerdes-lancement-de-la-realisation-dune-station-de-dessalement-deau-de-mer-a-cap-djinet\\\/#primaryimage\"},\"thumbnailUrl\":\"https:\\\/\\\/lasentinelle.dz\\\/wp-content\\\/uploads\\\/2023\\\/03\\\/image_2023-03-29_154417548.png\",\"datePublished\":\"2023-03-29T21:00:00+00:00\",\"breadcrumb\":{\"@id\":\"https:\\\/\\\/lasentinelle.dz\\\/index.php\\\/2023\\\/03\\\/29\\\/boumerdes-lancement-de-la-realisation-dune-station-de-dessalement-deau-de-mer-a-cap-djinet\\\/#breadcrumb\"},\"inLanguage\":\"fr-FR\",\"potentialAction\":[{\"@type\":\"ReadAction\",\"target\":[\"https:\\\/\\\/lasentinelle.dz\\\/index.php\\\/2023\\\/03\\\/29\\\/boumerdes-lancement-de-la-realisation-dune-station-de-dessalement-deau-de-mer-a-cap-djinet\\\/\"]}]},{\"@type\":\"ImageObject\",\"inLanguage\":\"fr-FR\",\"@id\":\"https:\\\/\\\/lasentinelle.dz\\\/index.php\\\/2023\\\/03\\\/29\\\/boumerdes-lancement-de-la-realisation-dune-station-de-dessalement-deau-de-mer-a-cap-djinet\\\/#primaryimage\",\"url\":\"https:\\\/\\\/lasentinelle.dz\\\/wp-content\\\/uploads\\\/2023\\\/03\\\/image_2023-03-29_154417548.png\",\"contentUrl\":\"https:\\\/\\\/lasentinelle.dz\\\/wp-content\\\/uploads\\\/2023\\\/03\\\/image_2023-03-29_154417548.png\",\"width\":800,\"height\":460},{\"@type\":\"BreadcrumbList\",\"@id\":\"https:\\\/\\\/lasentinelle.dz\\\/index.php\\\/2023\\\/03\\\/29\\\/boumerdes-lancement-de-la-realisation-dune-station-de-dessalement-deau-de-mer-a-cap-djinet\\\/#breadcrumb\",\"itemListElement\":[{\"@type\":\"ListItem\",\"position\":1,\"name\":\"Accueil\",\"item\":\"https:\\\/\\\/lasentinelle.dz\\\/\"},{\"@type\":\"ListItem\",\"position\":2,\"name\":\"Boumerdes\u00a0: Lancement de la r\u00e9alisation d\u2019une station de dessalement d&rsquo;eau de mer \u00e0 Cap Djinet\"}]},{\"@type\":\"WebSite\",\"@id\":\"https:\\\/\\\/lasentinelle.dz\\\/#website\",\"url\":\"https:\\\/\\\/lasentinelle.dz\\\/\",\"name\":\"La Sentinelle\",\"description\":\"Quotidien national d&#039;information\",\"publisher\":{\"@id\":\"https:\\\/\\\/lasentinelle.dz\\\/#organization\"},\"potentialAction\":[{\"@type\":\"SearchAction\",\"target\":{\"@type\":\"EntryPoint\",\"urlTemplate\":\"https:\\\/\\\/lasentinelle.dz\\\/?s={search_term_string}\"},\"query-input\":{\"@type\":\"PropertyValueSpecification\",\"valueRequired\":true,\"valueName\":\"search_term_string\"}}],\"inLanguage\":\"fr-FR\"},{\"@type\":\"Organization\",\"@id\":\"https:\\\/\\\/lasentinelle.dz\\\/#organization\",\"name\":\"Quotidien La Sentinelle\",\"url\":\"https:\\\/\\\/lasentinelle.dz\\\/\",\"logo\":{\"@type\":\"ImageObject\",\"inLanguage\":\"fr-FR\",\"@id\":\"https:\\\/\\\/lasentinelle.dz\\\/#\\\/schema\\\/logo\\\/image\\\/\",\"url\":\"https:\\\/\\\/lasentinelle.dz\\\/wp-content\\\/uploads\\\/2021\\\/09\\\/logo-sentinelleSLOGAN-1.png\",\"contentUrl\":\"https:\\\/\\\/lasentinelle.dz\\\/wp-content\\\/uploads\\\/2021\\\/09\\\/logo-sentinelleSLOGAN-1.png\",\"width\":615,\"height\":142,\"caption\":\"Quotidien La Sentinelle\"},\"image\":{\"@id\":\"https:\\\/\\\/lasentinelle.dz\\\/#\\\/schema\\\/logo\\\/image\\\/\"},\"sameAs\":[\"https:\\\/\\\/www.facebook.com\\\/La-Sentinelle-104059864394773\"]},{\"@type\":\"Person\",\"@id\":\"https:\\\/\\\/lasentinelle.dz\\\/#\\\/schema\\\/person\\\/d865044e22e70a75174ce8bcad3acfb3\",\"name\":\"La Sentinelle\",\"image\":{\"@type\":\"ImageObject\",\"inLanguage\":\"fr-FR\",\"@id\":\"https:\\\/\\\/secure.gravatar.com\\\/avatar\\\/57de8e5d4b15d43fb361a71fbb36338450fe67865b528a43dd10ef7c51a20392?s=96&d=mm&r=g\",\"url\":\"https:\\\/\\\/secure.gravatar.com\\\/avatar\\\/57de8e5d4b15d43fb361a71fbb36338450fe67865b528a43dd10ef7c51a20392?s=96&d=mm&r=g\",\"contentUrl\":\"https:\\\/\\\/secure.gravatar.com\\\/avatar\\\/57de8e5d4b15d43fb361a71fbb36338450fe67865b528a43dd10ef7c51a20392?s=96&d=mm&r=g\",\"caption\":\"La Sentinelle\"},\"sameAs\":[\"http:\\\/\\\/www.lasentinelle.dz\"],\"url\":\"https:\\\/\\\/lasentinelle.dz\\\/author\\\/redaction\\\/\"}]}<\/script>\n<!-- \/ Yoast SEO plugin. -->","yoast_head_json":{"title":"Boumerdes\u00a0: Lancement de la r\u00e9alisation d\u2019une station de dessalement d&rsquo;eau de mer \u00e0 Cap Djinet - La Sentinelle","robots":{"index":"index","follow":"follow","max-snippet":"max-snippet:-1","max-image-preview":"max-image-preview:large","max-video-preview":"max-video-preview:-1"},"canonical":"https:\/\/lasentinelle.dz\/index.php\/2023\/03\/29\/boumerdes-lancement-de-la-realisation-dune-station-de-dessalement-deau-de-mer-a-cap-djinet\/","og_locale":"fr_FR","og_type":"article","og_title":"Boumerdes\u00a0: Lancement de la r\u00e9alisation d\u2019une station de dessalement d&rsquo;eau de mer \u00e0 Cap Djinet - La Sentinelle","og_description":"Le projet de r\u00e9alisation d\u2019une Station de dessalement d&rsquo;eau de mer(SDEM) \u00e0 Cap Djinet\u2013Est (wilaya de Boumerdes), a \u00e9t\u00e9 lanc\u00e9,","og_url":"https:\/\/lasentinelle.dz\/index.php\/2023\/03\/29\/boumerdes-lancement-de-la-realisation-dune-station-de-dessalement-deau-de-mer-a-cap-djinet\/","og_site_name":"La Sentinelle","article_publisher":"https:\/\/www.facebook.com\/La-Sentinelle-104059864394773","article_published_time":"2023-03-29T21:00:00+00:00","og_image":[{"width":800,"height":460,"url":"https:\/\/lasentinelle.dz\/wp-content\/uploads\/2023\/03\/image_2023-03-29_154417548.png","type":"image\/png"}],"author":"La Sentinelle","twitter_card":"summary_large_image","twitter_misc":{"\u00c9crit par":"La Sentinelle","Dur\u00e9e de lecture estim\u00e9e":"3 minutes"},"schema":{"@context":"https:\/\/schema.org","@graph":[{"@type":"Article","@id":"https:\/\/lasentinelle.dz\/index.php\/2023\/03\/29\/boumerdes-lancement-de-la-realisation-dune-station-de-dessalement-deau-de-mer-a-cap-djinet\/#article","isPartOf":{"@id":"https:\/\/lasentinelle.dz\/index.php\/2023\/03\/29\/boumerdes-lancement-de-la-realisation-dune-station-de-dessalement-deau-de-mer-a-cap-djinet\/"},"author":{"name":"La Sentinelle","@id":"https:\/\/lasentinelle.dz\/#\/schema\/person\/d865044e22e70a75174ce8bcad3acfb3"},"headline":"Boumerdes\u00a0: Lancement de la r\u00e9alisation d\u2019une station de dessalement d&rsquo;eau de mer \u00e0 Cap Djinet","datePublished":"2023-03-29T21:00:00+00:00","mainEntityOfPage":{"@id":"https:\/\/lasentinelle.dz\/index.php\/2023\/03\/29\/boumerdes-lancement-de-la-realisation-dune-station-de-dessalement-deau-de-mer-a-cap-djinet\/"},"wordCount":579,"commentCount":0,"publisher":{"@id":"https:\/\/lasentinelle.dz\/#organization"},"image":{"@id":"https:\/\/lasentinelle.dz\/index.php\/2023\/03\/29\/boumerdes-lancement-de-la-realisation-dune-station-de-dessalement-deau-de-mer-a-cap-djinet\/#primaryimage"},"thumbnailUrl":"https:\/\/lasentinelle.dz\/wp-content\/uploads\/2023\/03\/image_2023-03-29_154417548.png","articleSection":["R\u00e9gions"],"inLanguage":"fr-FR","potentialAction":[{"@type":"CommentAction","name":"Comment","target":["https:\/\/lasentinelle.dz\/index.php\/2023\/03\/29\/boumerdes-lancement-de-la-realisation-dune-station-de-dessalement-deau-de-mer-a-cap-djinet\/#respond"]}]},{"@type":"WebPage","@id":"https:\/\/lasentinelle.dz\/index.php\/2023\/03\/29\/boumerdes-lancement-de-la-realisation-dune-station-de-dessalement-deau-de-mer-a-cap-djinet\/","url":"https:\/\/lasentinelle.dz\/index.php\/2023\/03\/29\/boumerdes-lancement-de-la-realisation-dune-station-de-dessalement-deau-de-mer-a-cap-djinet\/","name":"Boumerdes\u00a0: Lancement de la r\u00e9alisation d\u2019une station de dessalement d&rsquo;eau de mer \u00e0 Cap Djinet - La Sentinelle","isPartOf":{"@id":"https:\/\/lasentinelle.dz\/#website"},"primaryImageOfPage":{"@id":"https:\/\/lasentinelle.dz\/index.php\/2023\/03\/29\/boumerdes-lancement-de-la-realisation-dune-station-de-dessalement-deau-de-mer-a-cap-djinet\/#primaryimage"},"image":{"@id":"https:\/\/lasentinelle.dz\/index.php\/2023\/03\/29\/boumerdes-lancement-de-la-realisation-dune-station-de-dessalement-deau-de-mer-a-cap-djinet\/#primaryimage"},"thumbnailUrl":"https:\/\/lasentinelle.dz\/wp-content\/uploads\/2023\/03\/image_2023-03-29_154417548.png","datePublished":"2023-03-29T21:00:00+00:00","breadcrumb":{"@id":"https:\/\/lasentinelle.dz\/index.php\/2023\/03\/29\/boumerdes-lancement-de-la-realisation-dune-station-de-dessalement-deau-de-mer-a-cap-djinet\/#breadcrumb"},"inLanguage":"fr-FR","potentialAction":[{"@type":"ReadAction","target":["https:\/\/lasentinelle.dz\/index.php\/2023\/03\/29\/boumerdes-lancement-de-la-realisation-dune-station-de-dessalement-deau-de-mer-a-cap-djinet\/"]}]},{"@type":"ImageObject","inLanguage":"fr-FR","@id":"https:\/\/lasentinelle.dz\/index.php\/2023\/03\/29\/boumerdes-lancement-de-la-realisation-dune-station-de-dessalement-deau-de-mer-a-cap-djinet\/#primaryimage","url":"https:\/\/lasentinelle.dz\/wp-content\/uploads\/2023\/03\/image_2023-03-29_154417548.png","contentUrl":"https:\/\/lasentinelle.dz\/wp-content\/uploads\/2023\/03\/image_2023-03-29_154417548.png","width":800,"height":460},{"@type":"BreadcrumbList","@id":"https:\/\/lasentinelle.dz\/index.php\/2023\/03\/29\/boumerdes-lancement-de-la-realisation-dune-station-de-dessalement-deau-de-mer-a-cap-djinet\/#breadcrumb","itemListElement":[{"@type":"ListItem","position":1,"name":"Accueil","item":"https:\/\/lasentinelle.dz\/"},{"@type":"ListItem","position":2,"name":"Boumerdes\u00a0: Lancement de la r\u00e9alisation d\u2019une station de dessalement d&rsquo;eau de mer \u00e0 Cap Djinet"}]},{"@type":"WebSite","@id":"https:\/\/lasentinelle.dz\/#website","url":"https:\/\/lasentinelle.dz\/","name":"La Sentinelle","description":"Quotidien national d&#039;information","publisher":{"@id":"https:\/\/lasentinelle.dz\/#organization"},"potentialAction":[{"@type":"SearchAction","target":{"@type":"EntryPoint","urlTemplate":"https:\/\/lasentinelle.dz\/?s={search_term_string}"},"query-input":{"@type":"PropertyValueSpecification","valueRequired":true,"valueName":"search_term_string"}}],"inLanguage":"fr-FR"},{"@type":"Organization","@id":"https:\/\/lasentinelle.dz\/#organization","name":"Quotidien La Sentinelle","url":"https:\/\/lasentinelle.dz\/","logo":{"@type":"ImageObject","inLanguage":"fr-FR","@id":"https:\/\/lasentinelle.dz\/#\/schema\/logo\/image\/","url":"https:\/\/lasentinelle.dz\/wp-content\/uploads\/2021\/09\/logo-sentinelleSLOGAN-1.png","contentUrl":"https:\/\/lasentinelle.dz\/wp-content\/uploads\/2021\/09\/logo-sentinelleSLOGAN-1.png","width":615,"height":142,"caption":"Quotidien La Sentinelle"},"image":{"@id":"https:\/\/lasentinelle.dz\/#\/schema\/logo\/image\/"},"sameAs":["https:\/\/www.facebook.com\/La-Sentinelle-104059864394773"]},{"@type":"Person","@id":"https:\/\/lasentinelle.dz\/#\/schema\/person\/d865044e22e70a75174ce8bcad3acfb3","name":"La Sentinelle","image":{"@type":"ImageObject","inLanguage":"fr-FR","@id":"https:\/\/secure.gravatar.com\/avatar\/57de8e5d4b15d43fb361a71fbb36338450fe67865b528a43dd10ef7c51a20392?s=96&d=mm&r=g","url":"https:\/\/secure.gravatar.com\/avatar\/57de8e5d4b15d43fb361a71fbb36338450fe67865b528a43dd10ef7c51a20392?s=96&d=mm&r=g","contentUrl":"https:\/\/secure.gravatar.com\/avatar\/57de8e5d4b15d43fb361a71fbb36338450fe67865b528a43dd10ef7c51a20392?s=96&d=mm&r=g","caption":"La Sentinelle"},"sameAs":["http:\/\/www.lasentinelle.dz"],"url":"https:\/\/lasentinelle.dz\/author\/redaction\/"}]}},"_links":{"self":[{"href":"https:\/\/lasentinelle.dz\/index.php\/wp-json\/wp\/v2\/posts\/38652","targetHints":{"allow":["GET"]}}],"collection":[{"href":"https:\/\/lasentinelle.dz\/index.php\/wp-json\/wp\/v2\/posts"}],"about":[{"href":"https:\/\/lasentinelle.dz\/index.php\/wp-json\/wp\/v2\/types\/post"}],"author":[{"embeddable":true,"href":"https:\/\/lasentinelle.dz\/index.php\/wp-json\/wp\/v2\/users\/3"}],"replies":[{"embeddable":true,"href":"https:\/\/lasentinelle.dz\/index.php\/wp-json\/wp\/v2\/comments?post=38652"}],"version-history":[{"count":1,"href":"https:\/\/lasentinelle.dz\/index.php\/wp-json\/wp\/v2\/posts\/38652\/revisions"}],"predecessor-version":[{"id":38659,"href":"https:\/\/lasentinelle.dz\/index.php\/wp-json\/wp\/v2\/posts\/38652\/revisions\/38659"}],"wp:featuredmedia":[{"embeddable":true,"href":"https:\/\/lasentinelle.dz\/index.php\/wp-json\/wp\/v2\/media\/38658"}],"wp:attachment":[{"href":"https:\/\/lasentinelle.dz\/index.php\/wp-json\/wp\/v2\/media?parent=38652"}],"wp:term":[{"taxonomy":"category","embeddable":true,"href":"https:\/\/lasentinelle.dz\/index.php\/wp-json\/wp\/v2\/categories?post=38652"},{"taxonomy":"post_tag","embeddable":true,"href":"https:\/\/lasentinelle.dz\/index.php\/wp-json\/wp\/v2\/tags?post=38652"}],"curies":[{"name":"wp","href":"https:\/\/api.w.org\/{rel}","templated":true}]}}