{"id":38660,"date":"2023-03-29T22:00:00","date_gmt":"2023-03-29T21:00:00","guid":{"rendered":"https:\/\/lasentinelle.dz\/?p=38660"},"modified":"2023-03-29T15:46:59","modified_gmt":"2023-03-29T14:46:59","slug":"afrique-centrale-des-milliers-de-nouveaux-refugies-accueillis-au-tchad","status":"publish","type":"post","link":"https:\/\/lasentinelle.dz\/index.php\/2023\/03\/29\/afrique-centrale-des-milliers-de-nouveaux-refugies-accueillis-au-tchad\/","title":{"rendered":"Afrique Centrale\u00a0: Des milliers de nouveaux r\u00e9fugi\u00e9s accueillis au Tchad"},"content":{"rendered":"\n<p>Les provinces tchadiennes de Sila et d\u2019Ouaddai ont accueilli r\u00e9cemment des milliers de r\u00e9fugi\u00e9s et de demandeurs d\u2019asile, a indiqu\u00e9 hier Laura Lo Castro, repr\u00e9sentante de l\u2019Agence des Nations unies pour les r\u00e9fugi\u00e9s (HCR) au Tchad. \u00ab\u00a0Selon les estimations, entre 3 000 et 10 000 demandeurs d&rsquo;asile sont arriv\u00e9s au cours du week-end dernier dans la province orientale de Ouaddai&nbsp;&nbsp; au Tchad, fuyant les combats intercommunautaires au Darfour-Ouest\u00a0\u00bb, a annonc\u00e9, dans un tweet, Lo Castro.&nbsp; \u00ab\u00a0Presque au m\u00eame moment, des centaines de r\u00e9fugi\u00e9s et de demandeurs d&rsquo;asile centrafricains sont arriv\u00e9s dans la province de Sila au Tchad\u00a0\u00bb,&nbsp;&nbsp; a-t-elle ajout\u00e9.&nbsp; Le HCR affirme que \u00ab\u00a0ces r\u00e9fugi\u00e9s et demandeurs d\u2019asile b\u00e9n\u00e9ficient de protection et de services essentiels offerts par les organisations&nbsp;&nbsp; humanitaires\u00a0\u00bb. L\u2019agence onusienne en charge des r\u00e9fugi\u00e9s a soulign\u00e9 que \u00ab\u00a0les partenaires&nbsp;&nbsp; humanitaires aident les nouveaux arrivants en leur fournissant des abris d&rsquo;urgence, des articles m\u00e9nagers de base, notamment des matelas, des&nbsp;&nbsp; couvertures, des ustensiles de cuisine, des lampes, des seaux, des services d&rsquo;eau et d&rsquo;assainissement et de la nourriture\u00a0\u00bb. \u00ab\u00a0Une fois install\u00e9s dans des villages ou des camps, les r\u00e9fugi\u00e9s&nbsp;&nbsp; continuent \u00e0 b\u00e9n\u00e9ficier de services de base tels que les moyens de subsistance, l&rsquo;eau et l&rsquo;assainissement, la sant\u00e9 et l&rsquo;\u00e9ducation\u00a0\u00bb, a rappel\u00e9 le HCR. Selon le gouvernement tchadien, les partenaires du Tchad assistent le pays&nbsp; afin de lui permettre d&rsquo;accueillir, dans de bonnes conditions, les refugi\u00e9s et les demandeurs d\u2019asile.&nbsp; \u00ab\u00a0Le 13 mars, le gouvernement du Japon et le HCR ont sign\u00e9 un accord de pr\u00e8s de 4,5 millions de dollars am\u00e9ricains pour fournir une assistance humanitaire aux r\u00e9fugi\u00e9s et demandeurs d\u2019asile centrafricains et soudanais&nbsp;&nbsp; ainsi que les d\u00e9plac\u00e9s internes tchadiens\u00a0\u00bb, a indiqu\u00e9 le ministre de l\u2019Administration du territoire, de la D\u00e9centralisation et de la Bonne gouvernance, Limane Mahamat. \u00ab\u00a0Cette contribution vient combler le d\u00e9ficit de financement pour assurer l\u2019acc\u00e8s aux services de base \u00e0 environ 45 000 r\u00e9fugi\u00e9s centrafricains et&nbsp;&nbsp; soudanais, et plus de 200 000 Tchadiens d\u00e9plac\u00e9s\u00a0\u00bb, a soulign\u00e9 le ministre.&nbsp; Selon le HCR, le Tchad a accueilli 577 000 r\u00e9fugi\u00e9s en d\u00e9cembre dernier, \u00ab\u00a0soit plus que tout autre pays d\u2019Afrique occidentale et centrale\u00a0\u00bb. L&rsquo;agence onusienne pr\u00e9cise, en outre, que la population des r\u00e9fugi\u00e9s a augment\u00e9 de 10% l\u2019ann\u00e9e derni\u00e8re et se compose principalement de personnes&nbsp;&nbsp; ayant fui l\u2019instabilit\u00e9 politique, les troubles sociaux et l\u2019ins\u00e9curit\u00e9 dans les pays voisins (Cameroun, R\u00e9publique centrafricaine, Nig\u00e9ria et&nbsp;&nbsp; Soudan).<\/p>\n\n\n\n<p><strong>K<\/strong><strong>hider L. et agences<\/strong><\/p>\n","protected":false},"excerpt":{"rendered":"<p>Les provinces tchadiennes de Sila et d\u2019Ouaddai ont accueilli r\u00e9cemment des milliers de r\u00e9fugi\u00e9s et de demandeurs d\u2019asile, a indiqu\u00e9<\/p>\n","protected":false},"author":3,"featured_media":38666,"comment_status":"open","ping_status":"closed","sticky":false,"template":"","format":"standard","meta":{"colormag_page_container_layout":"default_layout","colormag_page_sidebar_layout":"default_layout","om_disable_all_campaigns":false,"_monsterinsights_skip_tracking":false,"_monsterinsights_sitenote_active":false,"_monsterinsights_sitenote_note":"","_monsterinsights_sitenote_category":0,"footnotes":"","_wpscppro_dont_share_socialmedia":false,"_wpscppro_custom_social_share_image":0,"_facebook_share_type":"","_twitter_share_type":"","_linkedin_share_type":"","_pinterest_share_type":"","_linkedin_share_type_page":"","_instagram_share_type":"","_medium_share_type":"","_threads_share_type":"","_google_business_share_type":"","_selected_social_profile":[],"_wpsp_enable_custom_social_template":false,"_wpsp_social_scheduling":{"enabled":false,"datetime":null,"platforms":[],"status":"template_only","dateOption":"today","timeOption":"now","customDays":"","customHours":"","customDate":"","customTime":"","schedulingType":"absolute"},"_wpsp_active_default_template":true},"categories":[37],"tags":[],"class_list":["post-38660","post","type-post","status-publish","format-standard","has-post-thumbnail","hentry","category-monde"],"aioseo_notices":[],"yoast_head":"<!-- This site is optimized with the Yoast SEO plugin v27.5 - https:\/\/yoast.com\/product\/yoast-seo-wordpress\/ -->\n<title>Afrique Centrale\u00a0: Des milliers de nouveaux r\u00e9fugi\u00e9s accueillis au Tchad - La Sentinelle<\/title>\n<meta name=\"robots\" content=\"index, follow, max-snippet:-1, max-image-preview:large, max-video-preview:-1\" \/>\n<link rel=\"canonical\" href=\"https:\/\/lasentinelle.dz\/index.php\/2023\/03\/29\/afrique-centrale-des-milliers-de-nouveaux-refugies-accueillis-au-tchad\/\" \/>\n<meta property=\"og:locale\" content=\"fr_FR\" \/>\n<meta property=\"og:type\" content=\"article\" \/>\n<meta property=\"og:title\" content=\"Afrique Centrale\u00a0: Des milliers de nouveaux r\u00e9fugi\u00e9s accueillis au Tchad - La Sentinelle\" \/>\n<meta property=\"og:description\" content=\"Les provinces tchadiennes de Sila et d\u2019Ouaddai ont accueilli r\u00e9cemment des milliers de r\u00e9fugi\u00e9s et de demandeurs d\u2019asile, a indiqu\u00e9\" \/>\n<meta property=\"og:url\" content=\"https:\/\/lasentinelle.dz\/index.php\/2023\/03\/29\/afrique-centrale-des-milliers-de-nouveaux-refugies-accueillis-au-tchad\/\" \/>\n<meta property=\"og:site_name\" content=\"La Sentinelle\" \/>\n<meta property=\"article:publisher\" content=\"https:\/\/www.facebook.com\/La-Sentinelle-104059864394773\" \/>\n<meta property=\"article:published_time\" content=\"2023-03-29T21:00:00+00:00\" \/>\n<meta property=\"og:image\" content=\"https:\/\/lasentinelle.dz\/wp-content\/uploads\/2023\/03\/image_2023-03-29_154653122.png\" \/>\n\t<meta property=\"og:image:width\" content=\"714\" \/>\n\t<meta property=\"og:image:height\" content=\"402\" \/>\n\t<meta property=\"og:image:type\" content=\"image\/png\" \/>\n<meta name=\"author\" content=\"La Sentinelle\" \/>\n<meta name=\"twitter:card\" content=\"summary_large_image\" \/>\n<meta name=\"twitter:label1\" content=\"\u00c9crit par\" \/>\n\t<meta name=\"twitter:data1\" content=\"La Sentinelle\" \/>\n\t<meta name=\"twitter:label2\" content=\"Dur\u00e9e de lecture estim\u00e9e\" \/>\n\t<meta name=\"twitter:data2\" content=\"3 minutes\" \/>\n<script type=\"application\/ld+json\" class=\"yoast-schema-graph\">{\"@context\":\"https:\\\/\\\/schema.org\",\"@graph\":[{\"@type\":\"Article\",\"@id\":\"https:\\\/\\\/lasentinelle.dz\\\/index.php\\\/2023\\\/03\\\/29\\\/afrique-centrale-des-milliers-de-nouveaux-refugies-accueillis-au-tchad\\\/#article\",\"isPartOf\":{\"@id\":\"https:\\\/\\\/lasentinelle.dz\\\/index.php\\\/2023\\\/03\\\/29\\\/afrique-centrale-des-milliers-de-nouveaux-refugies-accueillis-au-tchad\\\/\"},\"author\":{\"name\":\"La Sentinelle\",\"@id\":\"https:\\\/\\\/lasentinelle.dz\\\/#\\\/schema\\\/person\\\/d865044e22e70a75174ce8bcad3acfb3\"},\"headline\":\"Afrique Centrale\u00a0: Des milliers de nouveaux r\u00e9fugi\u00e9s accueillis au Tchad\",\"datePublished\":\"2023-03-29T21:00:00+00:00\",\"mainEntityOfPage\":{\"@id\":\"https:\\\/\\\/lasentinelle.dz\\\/index.php\\\/2023\\\/03\\\/29\\\/afrique-centrale-des-milliers-de-nouveaux-refugies-accueillis-au-tchad\\\/\"},\"wordCount\":485,\"commentCount\":0,\"publisher\":{\"@id\":\"https:\\\/\\\/lasentinelle.dz\\\/#organization\"},\"image\":{\"@id\":\"https:\\\/\\\/lasentinelle.dz\\\/index.php\\\/2023\\\/03\\\/29\\\/afrique-centrale-des-milliers-de-nouveaux-refugies-accueillis-au-tchad\\\/#primaryimage\"},\"thumbnailUrl\":\"https:\\\/\\\/lasentinelle.dz\\\/wp-content\\\/uploads\\\/2023\\\/03\\\/image_2023-03-29_154653122.png\",\"articleSection\":[\"Monde\"],\"inLanguage\":\"fr-FR\",\"potentialAction\":[{\"@type\":\"CommentAction\",\"name\":\"Comment\",\"target\":[\"https:\\\/\\\/lasentinelle.dz\\\/index.php\\\/2023\\\/03\\\/29\\\/afrique-centrale-des-milliers-de-nouveaux-refugies-accueillis-au-tchad\\\/#respond\"]}]},{\"@type\":\"WebPage\",\"@id\":\"https:\\\/\\\/lasentinelle.dz\\\/index.php\\\/2023\\\/03\\\/29\\\/afrique-centrale-des-milliers-de-nouveaux-refugies-accueillis-au-tchad\\\/\",\"url\":\"https:\\\/\\\/lasentinelle.dz\\\/index.php\\\/2023\\\/03\\\/29\\\/afrique-centrale-des-milliers-de-nouveaux-refugies-accueillis-au-tchad\\\/\",\"name\":\"Afrique Centrale\u00a0: Des milliers de nouveaux r\u00e9fugi\u00e9s accueillis au Tchad - La Sentinelle\",\"isPartOf\":{\"@id\":\"https:\\\/\\\/lasentinelle.dz\\\/#website\"},\"primaryImageOfPage\":{\"@id\":\"https:\\\/\\\/lasentinelle.dz\\\/index.php\\\/2023\\\/03\\\/29\\\/afrique-centrale-des-milliers-de-nouveaux-refugies-accueillis-au-tchad\\\/#primaryimage\"},\"image\":{\"@id\":\"https:\\\/\\\/lasentinelle.dz\\\/index.php\\\/2023\\\/03\\\/29\\\/afrique-centrale-des-milliers-de-nouveaux-refugies-accueillis-au-tchad\\\/#primaryimage\"},\"thumbnailUrl\":\"https:\\\/\\\/lasentinelle.dz\\\/wp-content\\\/uploads\\\/2023\\\/03\\\/image_2023-03-29_154653122.png\",\"datePublished\":\"2023-03-29T21:00:00+00:00\",\"breadcrumb\":{\"@id\":\"https:\\\/\\\/lasentinelle.dz\\\/index.php\\\/2023\\\/03\\\/29\\\/afrique-centrale-des-milliers-de-nouveaux-refugies-accueillis-au-tchad\\\/#breadcrumb\"},\"inLanguage\":\"fr-FR\",\"potentialAction\":[{\"@type\":\"ReadAction\",\"target\":[\"https:\\\/\\\/lasentinelle.dz\\\/index.php\\\/2023\\\/03\\\/29\\\/afrique-centrale-des-milliers-de-nouveaux-refugies-accueillis-au-tchad\\\/\"]}]},{\"@type\":\"ImageObject\",\"inLanguage\":\"fr-FR\",\"@id\":\"https:\\\/\\\/lasentinelle.dz\\\/index.php\\\/2023\\\/03\\\/29\\\/afrique-centrale-des-milliers-de-nouveaux-refugies-accueillis-au-tchad\\\/#primaryimage\",\"url\":\"https:\\\/\\\/lasentinelle.dz\\\/wp-content\\\/uploads\\\/2023\\\/03\\\/image_2023-03-29_154653122.png\",\"contentUrl\":\"https:\\\/\\\/lasentinelle.dz\\\/wp-content\\\/uploads\\\/2023\\\/03\\\/image_2023-03-29_154653122.png\",\"width\":714,\"height\":402},{\"@type\":\"BreadcrumbList\",\"@id\":\"https:\\\/\\\/lasentinelle.dz\\\/index.php\\\/2023\\\/03\\\/29\\\/afrique-centrale-des-milliers-de-nouveaux-refugies-accueillis-au-tchad\\\/#breadcrumb\",\"itemListElement\":[{\"@type\":\"ListItem\",\"position\":1,\"name\":\"Accueil\",\"item\":\"https:\\\/\\\/lasentinelle.dz\\\/\"},{\"@type\":\"ListItem\",\"position\":2,\"name\":\"Afrique Centrale\u00a0: Des milliers de nouveaux r\u00e9fugi\u00e9s accueillis au Tchad\"}]},{\"@type\":\"WebSite\",\"@id\":\"https:\\\/\\\/lasentinelle.dz\\\/#website\",\"url\":\"https:\\\/\\\/lasentinelle.dz\\\/\",\"name\":\"La Sentinelle\",\"description\":\"Quotidien national d&#039;information\",\"publisher\":{\"@id\":\"https:\\\/\\\/lasentinelle.dz\\\/#organization\"},\"potentialAction\":[{\"@type\":\"SearchAction\",\"target\":{\"@type\":\"EntryPoint\",\"urlTemplate\":\"https:\\\/\\\/lasentinelle.dz\\\/?s={search_term_string}\"},\"query-input\":{\"@type\":\"PropertyValueSpecification\",\"valueRequired\":true,\"valueName\":\"search_term_string\"}}],\"inLanguage\":\"fr-FR\"},{\"@type\":\"Organization\",\"@id\":\"https:\\\/\\\/lasentinelle.dz\\\/#organization\",\"name\":\"Quotidien La Sentinelle\",\"url\":\"https:\\\/\\\/lasentinelle.dz\\\/\",\"logo\":{\"@type\":\"ImageObject\",\"inLanguage\":\"fr-FR\",\"@id\":\"https:\\\/\\\/lasentinelle.dz\\\/#\\\/schema\\\/logo\\\/image\\\/\",\"url\":\"https:\\\/\\\/lasentinelle.dz\\\/wp-content\\\/uploads\\\/2021\\\/09\\\/logo-sentinelleSLOGAN-1.png\",\"contentUrl\":\"https:\\\/\\\/lasentinelle.dz\\\/wp-content\\\/uploads\\\/2021\\\/09\\\/logo-sentinelleSLOGAN-1.png\",\"width\":615,\"height\":142,\"caption\":\"Quotidien La Sentinelle\"},\"image\":{\"@id\":\"https:\\\/\\\/lasentinelle.dz\\\/#\\\/schema\\\/logo\\\/image\\\/\"},\"sameAs\":[\"https:\\\/\\\/www.facebook.com\\\/La-Sentinelle-104059864394773\"]},{\"@type\":\"Person\",\"@id\":\"https:\\\/\\\/lasentinelle.dz\\\/#\\\/schema\\\/person\\\/d865044e22e70a75174ce8bcad3acfb3\",\"name\":\"La Sentinelle\",\"image\":{\"@type\":\"ImageObject\",\"inLanguage\":\"fr-FR\",\"@id\":\"https:\\\/\\\/secure.gravatar.com\\\/avatar\\\/57de8e5d4b15d43fb361a71fbb36338450fe67865b528a43dd10ef7c51a20392?s=96&d=mm&r=g\",\"url\":\"https:\\\/\\\/secure.gravatar.com\\\/avatar\\\/57de8e5d4b15d43fb361a71fbb36338450fe67865b528a43dd10ef7c51a20392?s=96&d=mm&r=g\",\"contentUrl\":\"https:\\\/\\\/secure.gravatar.com\\\/avatar\\\/57de8e5d4b15d43fb361a71fbb36338450fe67865b528a43dd10ef7c51a20392?s=96&d=mm&r=g\",\"caption\":\"La Sentinelle\"},\"sameAs\":[\"http:\\\/\\\/www.lasentinelle.dz\"],\"url\":\"https:\\\/\\\/lasentinelle.dz\\\/author\\\/redaction\\\/\"}]}<\/script>\n<!-- \/ Yoast SEO plugin. -->","yoast_head_json":{"title":"Afrique Centrale\u00a0: Des milliers de nouveaux r\u00e9fugi\u00e9s accueillis au Tchad - La Sentinelle","robots":{"index":"index","follow":"follow","max-snippet":"max-snippet:-1","max-image-preview":"max-image-preview:large","max-video-preview":"max-video-preview:-1"},"canonical":"https:\/\/lasentinelle.dz\/index.php\/2023\/03\/29\/afrique-centrale-des-milliers-de-nouveaux-refugies-accueillis-au-tchad\/","og_locale":"fr_FR","og_type":"article","og_title":"Afrique Centrale\u00a0: Des milliers de nouveaux r\u00e9fugi\u00e9s accueillis au Tchad - La Sentinelle","og_description":"Les provinces tchadiennes de Sila et d\u2019Ouaddai ont accueilli r\u00e9cemment des milliers de r\u00e9fugi\u00e9s et de demandeurs d\u2019asile, a indiqu\u00e9","og_url":"https:\/\/lasentinelle.dz\/index.php\/2023\/03\/29\/afrique-centrale-des-milliers-de-nouveaux-refugies-accueillis-au-tchad\/","og_site_name":"La Sentinelle","article_publisher":"https:\/\/www.facebook.com\/La-Sentinelle-104059864394773","article_published_time":"2023-03-29T21:00:00+00:00","og_image":[{"width":714,"height":402,"url":"https:\/\/lasentinelle.dz\/wp-content\/uploads\/2023\/03\/image_2023-03-29_154653122.png","type":"image\/png"}],"author":"La Sentinelle","twitter_card":"summary_large_image","twitter_misc":{"\u00c9crit par":"La Sentinelle","Dur\u00e9e de lecture estim\u00e9e":"3 minutes"},"schema":{"@context":"https:\/\/schema.org","@graph":[{"@type":"Article","@id":"https:\/\/lasentinelle.dz\/index.php\/2023\/03\/29\/afrique-centrale-des-milliers-de-nouveaux-refugies-accueillis-au-tchad\/#article","isPartOf":{"@id":"https:\/\/lasentinelle.dz\/index.php\/2023\/03\/29\/afrique-centrale-des-milliers-de-nouveaux-refugies-accueillis-au-tchad\/"},"author":{"name":"La Sentinelle","@id":"https:\/\/lasentinelle.dz\/#\/schema\/person\/d865044e22e70a75174ce8bcad3acfb3"},"headline":"Afrique Centrale\u00a0: Des milliers de nouveaux r\u00e9fugi\u00e9s accueillis au Tchad","datePublished":"2023-03-29T21:00:00+00:00","mainEntityOfPage":{"@id":"https:\/\/lasentinelle.dz\/index.php\/2023\/03\/29\/afrique-centrale-des-milliers-de-nouveaux-refugies-accueillis-au-tchad\/"},"wordCount":485,"commentCount":0,"publisher":{"@id":"https:\/\/lasentinelle.dz\/#organization"},"image":{"@id":"https:\/\/lasentinelle.dz\/index.php\/2023\/03\/29\/afrique-centrale-des-milliers-de-nouveaux-refugies-accueillis-au-tchad\/#primaryimage"},"thumbnailUrl":"https:\/\/lasentinelle.dz\/wp-content\/uploads\/2023\/03\/image_2023-03-29_154653122.png","articleSection":["Monde"],"inLanguage":"fr-FR","potentialAction":[{"@type":"CommentAction","name":"Comment","target":["https:\/\/lasentinelle.dz\/index.php\/2023\/03\/29\/afrique-centrale-des-milliers-de-nouveaux-refugies-accueillis-au-tchad\/#respond"]}]},{"@type":"WebPage","@id":"https:\/\/lasentinelle.dz\/index.php\/2023\/03\/29\/afrique-centrale-des-milliers-de-nouveaux-refugies-accueillis-au-tchad\/","url":"https:\/\/lasentinelle.dz\/index.php\/2023\/03\/29\/afrique-centrale-des-milliers-de-nouveaux-refugies-accueillis-au-tchad\/","name":"Afrique Centrale\u00a0: Des milliers de nouveaux r\u00e9fugi\u00e9s accueillis au Tchad - La Sentinelle","isPartOf":{"@id":"https:\/\/lasentinelle.dz\/#website"},"primaryImageOfPage":{"@id":"https:\/\/lasentinelle.dz\/index.php\/2023\/03\/29\/afrique-centrale-des-milliers-de-nouveaux-refugies-accueillis-au-tchad\/#primaryimage"},"image":{"@id":"https:\/\/lasentinelle.dz\/index.php\/2023\/03\/29\/afrique-centrale-des-milliers-de-nouveaux-refugies-accueillis-au-tchad\/#primaryimage"},"thumbnailUrl":"https:\/\/lasentinelle.dz\/wp-content\/uploads\/2023\/03\/image_2023-03-29_154653122.png","datePublished":"2023-03-29T21:00:00+00:00","breadcrumb":{"@id":"https:\/\/lasentinelle.dz\/index.php\/2023\/03\/29\/afrique-centrale-des-milliers-de-nouveaux-refugies-accueillis-au-tchad\/#breadcrumb"},"inLanguage":"fr-FR","potentialAction":[{"@type":"ReadAction","target":["https:\/\/lasentinelle.dz\/index.php\/2023\/03\/29\/afrique-centrale-des-milliers-de-nouveaux-refugies-accueillis-au-tchad\/"]}]},{"@type":"ImageObject","inLanguage":"fr-FR","@id":"https:\/\/lasentinelle.dz\/index.php\/2023\/03\/29\/afrique-centrale-des-milliers-de-nouveaux-refugies-accueillis-au-tchad\/#primaryimage","url":"https:\/\/lasentinelle.dz\/wp-content\/uploads\/2023\/03\/image_2023-03-29_154653122.png","contentUrl":"https:\/\/lasentinelle.dz\/wp-content\/uploads\/2023\/03\/image_2023-03-29_154653122.png","width":714,"height":402},{"@type":"BreadcrumbList","@id":"https:\/\/lasentinelle.dz\/index.php\/2023\/03\/29\/afrique-centrale-des-milliers-de-nouveaux-refugies-accueillis-au-tchad\/#breadcrumb","itemListElement":[{"@type":"ListItem","position":1,"name":"Accueil","item":"https:\/\/lasentinelle.dz\/"},{"@type":"ListItem","position":2,"name":"Afrique Centrale\u00a0: Des milliers de nouveaux r\u00e9fugi\u00e9s accueillis au Tchad"}]},{"@type":"WebSite","@id":"https:\/\/lasentinelle.dz\/#website","url":"https:\/\/lasentinelle.dz\/","name":"La Sentinelle","description":"Quotidien national d&#039;information","publisher":{"@id":"https:\/\/lasentinelle.dz\/#organization"},"potentialAction":[{"@type":"SearchAction","target":{"@type":"EntryPoint","urlTemplate":"https:\/\/lasentinelle.dz\/?s={search_term_string}"},"query-input":{"@type":"PropertyValueSpecification","valueRequired":true,"valueName":"search_term_string"}}],"inLanguage":"fr-FR"},{"@type":"Organization","@id":"https:\/\/lasentinelle.dz\/#organization","name":"Quotidien La Sentinelle","url":"https:\/\/lasentinelle.dz\/","logo":{"@type":"ImageObject","inLanguage":"fr-FR","@id":"https:\/\/lasentinelle.dz\/#\/schema\/logo\/image\/","url":"https:\/\/lasentinelle.dz\/wp-content\/uploads\/2021\/09\/logo-sentinelleSLOGAN-1.png","contentUrl":"https:\/\/lasentinelle.dz\/wp-content\/uploads\/2021\/09\/logo-sentinelleSLOGAN-1.png","width":615,"height":142,"caption":"Quotidien La Sentinelle"},"image":{"@id":"https:\/\/lasentinelle.dz\/#\/schema\/logo\/image\/"},"sameAs":["https:\/\/www.facebook.com\/La-Sentinelle-104059864394773"]},{"@type":"Person","@id":"https:\/\/lasentinelle.dz\/#\/schema\/person\/d865044e22e70a75174ce8bcad3acfb3","name":"La Sentinelle","image":{"@type":"ImageObject","inLanguage":"fr-FR","@id":"https:\/\/secure.gravatar.com\/avatar\/57de8e5d4b15d43fb361a71fbb36338450fe67865b528a43dd10ef7c51a20392?s=96&d=mm&r=g","url":"https:\/\/secure.gravatar.com\/avatar\/57de8e5d4b15d43fb361a71fbb36338450fe67865b528a43dd10ef7c51a20392?s=96&d=mm&r=g","contentUrl":"https:\/\/secure.gravatar.com\/avatar\/57de8e5d4b15d43fb361a71fbb36338450fe67865b528a43dd10ef7c51a20392?s=96&d=mm&r=g","caption":"La Sentinelle"},"sameAs":["http:\/\/www.lasentinelle.dz"],"url":"https:\/\/lasentinelle.dz\/author\/redaction\/"}]}},"_links":{"self":[{"href":"https:\/\/lasentinelle.dz\/index.php\/wp-json\/wp\/v2\/posts\/38660","targetHints":{"allow":["GET"]}}],"collection":[{"href":"https:\/\/lasentinelle.dz\/index.php\/wp-json\/wp\/v2\/posts"}],"about":[{"href":"https:\/\/lasentinelle.dz\/index.php\/wp-json\/wp\/v2\/types\/post"}],"author":[{"embeddable":true,"href":"https:\/\/lasentinelle.dz\/index.php\/wp-json\/wp\/v2\/users\/3"}],"replies":[{"embeddable":true,"href":"https:\/\/lasentinelle.dz\/index.php\/wp-json\/wp\/v2\/comments?post=38660"}],"version-history":[{"count":1,"href":"https:\/\/lasentinelle.dz\/index.php\/wp-json\/wp\/v2\/posts\/38660\/revisions"}],"predecessor-version":[{"id":38667,"href":"https:\/\/lasentinelle.dz\/index.php\/wp-json\/wp\/v2\/posts\/38660\/revisions\/38667"}],"wp:featuredmedia":[{"embeddable":true,"href":"https:\/\/lasentinelle.dz\/index.php\/wp-json\/wp\/v2\/media\/38666"}],"wp:attachment":[{"href":"https:\/\/lasentinelle.dz\/index.php\/wp-json\/wp\/v2\/media?parent=38660"}],"wp:term":[{"taxonomy":"category","embeddable":true,"href":"https:\/\/lasentinelle.dz\/index.php\/wp-json\/wp\/v2\/categories?post=38660"},{"taxonomy":"post_tag","embeddable":true,"href":"https:\/\/lasentinelle.dz\/index.php\/wp-json\/wp\/v2\/tags?post=38660"}],"curies":[{"name":"wp","href":"https:\/\/api.w.org\/{rel}","templated":true}]}}