{"id":38664,"date":"2023-03-29T22:00:00","date_gmt":"2023-03-29T21:00:00","guid":{"rendered":"https:\/\/lasentinelle.dz\/?p=38664"},"modified":"2023-03-29T15:47:40","modified_gmt":"2023-03-29T14:47:40","slug":"otan-la-hongrie-pointe-des-griefs-avec-la-suede","status":"publish","type":"post","link":"https:\/\/lasentinelle.dz\/index.php\/2023\/03\/29\/otan-la-hongrie-pointe-des-griefs-avec-la-suede\/","title":{"rendered":"Otan\u00a0: La Hongrie pointe des \u00ab\u00a0griefs\u00a0\u00bb avec la Su\u00e8de"},"content":{"rendered":"\n<p>Le gouvernement hongrois a appel\u00e9 hier la Su\u00e8de \u00e0 \u00ab\u00a0changer de ton\u00a0\u00bb et \u00e0 cesser sa politique de \u00ab\u00a0d\u00e9nigrement\u00a0\u00bb&nbsp; \u00e0 l&rsquo;\u00e9gard de Budapest, conditions pr\u00e9alables selon lui \u00e0 tout vote sur&nbsp;&nbsp; l&rsquo;adh\u00e9sion de Stockholm \u00e0 l&rsquo;Otan. \u00ab\u00a0Il existe de nombreux griefs \u00e0 r\u00e9gler avant de pouvoir ratifier\u00a0\u00bb l&rsquo;entr\u00e9e&nbsp;&nbsp; du pays nordique dans l&rsquo;alliance atlantique, a \u00e9crit mercredi le porte-parole Zoltan Kovacs sur son site officiel. Il d\u00e9nonce \u00ab\u00a0une attitude ouvertement hostile\u00a0\u00bb des repr\u00e9sentants su\u00e9dois, accus\u00e9s de critiquer r\u00e9guli\u00e8rement les manquements \u00e0 l&rsquo;Etat de droit du Premier ministre nationaliste Viktor Orban et \u00ab\u00a0d&rsquo;user de leur influence politique\u00a0\u00bb \u00e0 Bruxelles \u00ab\u00a0pour porter atteinte aux int\u00e9r\u00eats hongrois\u00a0\u00bb. Le Parlement a \u00e9t\u00e9 le dernier dans l&rsquo;Union europ\u00e9enne (UE) \u00e0 approuver lundi l&rsquo;adh\u00e9sion de la Finlande apr\u00e8s des mois d&rsquo;atermoiements. Mais aucune date n&rsquo;a \u00e9t\u00e9 fix\u00e9e \u00e0 ce jour pour le dossier su\u00e9dois et le Premier ministre Ulf Kristersson a demand\u00e9 la semaine derni\u00e8re des explications. \u00ab\u00a0Nous estimons n\u00e9cessaire de dissiper les malentendus avec la Su\u00e8de avant de pouvoir proc\u00e9der\u00a0\u00bb au vote, d\u00e9clare M. Kovacs. Une t\u00e2che compliqu\u00e9e, ajoute-t-il, tant les \u00ab\u00a0relations bilat\u00e9rales sont d\u00e9grad\u00e9es depuis des ann\u00e9es\u00a0\u00bb. Dans ce but, une d\u00e9l\u00e9gation du Fidesz, le parti au pouvoir, s&rsquo;\u00e9tait rendue en Su\u00e8de d\u00e9but mars. \u00ab\u00a0On dirait que le gouvernement su\u00e9dois s&rsquo;en fiche, tout simplement\u00a0\u00bb, lance le responsable hongrois. Si l&rsquo;on y ajoute les objections de la Turquie, qui reproche \u00e0 la Su\u00e8de d&rsquo;\u00eatre un havre de militants kurdes accus\u00e9s d&rsquo;\u00eatre des \u00ab\u00a0terroristes\u00a0\u00bb et de&nbsp;&nbsp; refuser des extraditions, \u00ab\u00a0la marge de man\u0153uvre est \u00e9troite, \u00e0 moins que les Su\u00e9dois changent de discours et aident \u00e0 panser les vieilles blessures\u00a0\u00bb, poursuit-il. Seuls Ankara et Budapest doivent encore ratifier l&rsquo;adh\u00e9sion de la Su\u00e8de, historiquement non align\u00e9e. Les 28 autres membres de l&rsquo;Otan (Etats-Unis, Royaume-Uni, France, Allemagne&#8230;) l&rsquo;ont d\u00e9j\u00e0 fait. M. Orban a dit y \u00eatre favorable sur le principe, mais il cultive des liens avec le pr\u00e9sident turc Recep Tayyip Erdogan et le chef d&rsquo;Etat russe Vladimir Poutine. C\u00f4t\u00e9 su\u00e9dois, on craint aussi que la Hongrie se serve de l&rsquo;adh\u00e9sion \u00e0&nbsp;&nbsp; l&rsquo;Alliance atlantique comme monnaie d&rsquo;\u00e9change dans sa bataille avec l&rsquo;UE. Des milliards d&rsquo;euros de fonds destin\u00e9s \u00e0 Budapest sont actuellement gel\u00e9s par Bruxelles, dans l&rsquo;attente de r\u00e9formes pour mieux lutter contre la&nbsp;&nbsp; corruption.<\/p>\n\n\n\n<p>R.I.<\/p>\n","protected":false},"excerpt":{"rendered":"<p>Le gouvernement hongrois a appel\u00e9 hier la Su\u00e8de \u00e0 \u00ab\u00a0changer de ton\u00a0\u00bb et \u00e0 cesser sa politique de \u00ab\u00a0d\u00e9nigrement\u00a0\u00bb&nbsp; \u00e0<\/p>\n","protected":false},"author":3,"featured_media":38668,"comment_status":"open","ping_status":"closed","sticky":false,"template":"","format":"standard","meta":{"colormag_page_container_layout":"default_layout","colormag_page_sidebar_layout":"default_layout","om_disable_all_campaigns":false,"_monsterinsights_skip_tracking":false,"_monsterinsights_sitenote_active":false,"_monsterinsights_sitenote_note":"","_monsterinsights_sitenote_category":0,"footnotes":"","_wpscppro_dont_share_socialmedia":false,"_wpscppro_custom_social_share_image":0,"_facebook_share_type":"","_twitter_share_type":"","_linkedin_share_type":"","_pinterest_share_type":"","_linkedin_share_type_page":"","_instagram_share_type":"","_medium_share_type":"","_threads_share_type":"","_google_business_share_type":"","_selected_social_profile":[],"_wpsp_enable_custom_social_template":false,"_wpsp_social_scheduling":{"enabled":false,"datetime":null,"platforms":[],"status":"template_only","dateOption":"today","timeOption":"now","customDays":"","customHours":"","customDate":"","customTime":"","schedulingType":"absolute"},"_wpsp_active_default_template":true},"categories":[37],"tags":[],"class_list":["post-38664","post","type-post","status-publish","format-standard","has-post-thumbnail","hentry","category-monde"],"aioseo_notices":[],"yoast_head":"<!-- This site is optimized with the Yoast SEO plugin v27.5 - https:\/\/yoast.com\/product\/yoast-seo-wordpress\/ -->\n<title>Otan\u00a0: La Hongrie pointe des \u00ab\u00a0griefs\u00a0\u00bb avec la Su\u00e8de - La Sentinelle<\/title>\n<meta name=\"robots\" content=\"index, follow, max-snippet:-1, max-image-preview:large, max-video-preview:-1\" \/>\n<link rel=\"canonical\" href=\"https:\/\/lasentinelle.dz\/index.php\/2023\/03\/29\/otan-la-hongrie-pointe-des-griefs-avec-la-suede\/\" \/>\n<meta property=\"og:locale\" content=\"fr_FR\" \/>\n<meta property=\"og:type\" content=\"article\" \/>\n<meta property=\"og:title\" content=\"Otan\u00a0: La Hongrie pointe des \u00ab\u00a0griefs\u00a0\u00bb avec la Su\u00e8de - La Sentinelle\" \/>\n<meta property=\"og:description\" content=\"Le gouvernement hongrois a appel\u00e9 hier la Su\u00e8de \u00e0 \u00ab\u00a0changer de ton\u00a0\u00bb et \u00e0 cesser sa politique de \u00ab\u00a0d\u00e9nigrement\u00a0\u00bb&nbsp; \u00e0\" \/>\n<meta property=\"og:url\" content=\"https:\/\/lasentinelle.dz\/index.php\/2023\/03\/29\/otan-la-hongrie-pointe-des-griefs-avec-la-suede\/\" \/>\n<meta property=\"og:site_name\" content=\"La Sentinelle\" \/>\n<meta property=\"article:publisher\" content=\"https:\/\/www.facebook.com\/La-Sentinelle-104059864394773\" \/>\n<meta property=\"article:published_time\" content=\"2023-03-29T21:00:00+00:00\" \/>\n<meta property=\"og:image\" content=\"https:\/\/lasentinelle.dz\/wp-content\/uploads\/2023\/03\/image_2023-03-29_154732948.png\" \/>\n\t<meta property=\"og:image:width\" content=\"500\" \/>\n\t<meta property=\"og:image:height\" content=\"250\" \/>\n\t<meta property=\"og:image:type\" content=\"image\/png\" \/>\n<meta name=\"author\" content=\"La Sentinelle\" \/>\n<meta name=\"twitter:card\" content=\"summary_large_image\" \/>\n<meta name=\"twitter:label1\" content=\"\u00c9crit par\" \/>\n\t<meta name=\"twitter:data1\" content=\"La Sentinelle\" \/>\n\t<meta name=\"twitter:label2\" content=\"Dur\u00e9e de lecture estim\u00e9e\" \/>\n\t<meta name=\"twitter:data2\" content=\"2 minutes\" \/>\n<script type=\"application\/ld+json\" class=\"yoast-schema-graph\">{\"@context\":\"https:\\\/\\\/schema.org\",\"@graph\":[{\"@type\":\"Article\",\"@id\":\"https:\\\/\\\/lasentinelle.dz\\\/index.php\\\/2023\\\/03\\\/29\\\/otan-la-hongrie-pointe-des-griefs-avec-la-suede\\\/#article\",\"isPartOf\":{\"@id\":\"https:\\\/\\\/lasentinelle.dz\\\/index.php\\\/2023\\\/03\\\/29\\\/otan-la-hongrie-pointe-des-griefs-avec-la-suede\\\/\"},\"author\":{\"name\":\"La Sentinelle\",\"@id\":\"https:\\\/\\\/lasentinelle.dz\\\/#\\\/schema\\\/person\\\/d865044e22e70a75174ce8bcad3acfb3\"},\"headline\":\"Otan\u00a0: La Hongrie pointe des \u00ab\u00a0griefs\u00a0\u00bb avec la Su\u00e8de\",\"datePublished\":\"2023-03-29T21:00:00+00:00\",\"mainEntityOfPage\":{\"@id\":\"https:\\\/\\\/lasentinelle.dz\\\/index.php\\\/2023\\\/03\\\/29\\\/otan-la-hongrie-pointe-des-griefs-avec-la-suede\\\/\"},\"wordCount\":450,\"commentCount\":0,\"publisher\":{\"@id\":\"https:\\\/\\\/lasentinelle.dz\\\/#organization\"},\"image\":{\"@id\":\"https:\\\/\\\/lasentinelle.dz\\\/index.php\\\/2023\\\/03\\\/29\\\/otan-la-hongrie-pointe-des-griefs-avec-la-suede\\\/#primaryimage\"},\"thumbnailUrl\":\"https:\\\/\\\/lasentinelle.dz\\\/wp-content\\\/uploads\\\/2023\\\/03\\\/image_2023-03-29_154732948.png\",\"articleSection\":[\"Monde\"],\"inLanguage\":\"fr-FR\",\"potentialAction\":[{\"@type\":\"CommentAction\",\"name\":\"Comment\",\"target\":[\"https:\\\/\\\/lasentinelle.dz\\\/index.php\\\/2023\\\/03\\\/29\\\/otan-la-hongrie-pointe-des-griefs-avec-la-suede\\\/#respond\"]}]},{\"@type\":\"WebPage\",\"@id\":\"https:\\\/\\\/lasentinelle.dz\\\/index.php\\\/2023\\\/03\\\/29\\\/otan-la-hongrie-pointe-des-griefs-avec-la-suede\\\/\",\"url\":\"https:\\\/\\\/lasentinelle.dz\\\/index.php\\\/2023\\\/03\\\/29\\\/otan-la-hongrie-pointe-des-griefs-avec-la-suede\\\/\",\"name\":\"Otan\u00a0: La Hongrie pointe des \u00ab\u00a0griefs\u00a0\u00bb avec la Su\u00e8de - La Sentinelle\",\"isPartOf\":{\"@id\":\"https:\\\/\\\/lasentinelle.dz\\\/#website\"},\"primaryImageOfPage\":{\"@id\":\"https:\\\/\\\/lasentinelle.dz\\\/index.php\\\/2023\\\/03\\\/29\\\/otan-la-hongrie-pointe-des-griefs-avec-la-suede\\\/#primaryimage\"},\"image\":{\"@id\":\"https:\\\/\\\/lasentinelle.dz\\\/index.php\\\/2023\\\/03\\\/29\\\/otan-la-hongrie-pointe-des-griefs-avec-la-suede\\\/#primaryimage\"},\"thumbnailUrl\":\"https:\\\/\\\/lasentinelle.dz\\\/wp-content\\\/uploads\\\/2023\\\/03\\\/image_2023-03-29_154732948.png\",\"datePublished\":\"2023-03-29T21:00:00+00:00\",\"breadcrumb\":{\"@id\":\"https:\\\/\\\/lasentinelle.dz\\\/index.php\\\/2023\\\/03\\\/29\\\/otan-la-hongrie-pointe-des-griefs-avec-la-suede\\\/#breadcrumb\"},\"inLanguage\":\"fr-FR\",\"potentialAction\":[{\"@type\":\"ReadAction\",\"target\":[\"https:\\\/\\\/lasentinelle.dz\\\/index.php\\\/2023\\\/03\\\/29\\\/otan-la-hongrie-pointe-des-griefs-avec-la-suede\\\/\"]}]},{\"@type\":\"ImageObject\",\"inLanguage\":\"fr-FR\",\"@id\":\"https:\\\/\\\/lasentinelle.dz\\\/index.php\\\/2023\\\/03\\\/29\\\/otan-la-hongrie-pointe-des-griefs-avec-la-suede\\\/#primaryimage\",\"url\":\"https:\\\/\\\/lasentinelle.dz\\\/wp-content\\\/uploads\\\/2023\\\/03\\\/image_2023-03-29_154732948.png\",\"contentUrl\":\"https:\\\/\\\/lasentinelle.dz\\\/wp-content\\\/uploads\\\/2023\\\/03\\\/image_2023-03-29_154732948.png\",\"width\":500,\"height\":250},{\"@type\":\"BreadcrumbList\",\"@id\":\"https:\\\/\\\/lasentinelle.dz\\\/index.php\\\/2023\\\/03\\\/29\\\/otan-la-hongrie-pointe-des-griefs-avec-la-suede\\\/#breadcrumb\",\"itemListElement\":[{\"@type\":\"ListItem\",\"position\":1,\"name\":\"Accueil\",\"item\":\"https:\\\/\\\/lasentinelle.dz\\\/\"},{\"@type\":\"ListItem\",\"position\":2,\"name\":\"Otan\u00a0: La Hongrie pointe des \u00ab\u00a0griefs\u00a0\u00bb avec la Su\u00e8de\"}]},{\"@type\":\"WebSite\",\"@id\":\"https:\\\/\\\/lasentinelle.dz\\\/#website\",\"url\":\"https:\\\/\\\/lasentinelle.dz\\\/\",\"name\":\"La Sentinelle\",\"description\":\"Quotidien national d&#039;information\",\"publisher\":{\"@id\":\"https:\\\/\\\/lasentinelle.dz\\\/#organization\"},\"potentialAction\":[{\"@type\":\"SearchAction\",\"target\":{\"@type\":\"EntryPoint\",\"urlTemplate\":\"https:\\\/\\\/lasentinelle.dz\\\/?s={search_term_string}\"},\"query-input\":{\"@type\":\"PropertyValueSpecification\",\"valueRequired\":true,\"valueName\":\"search_term_string\"}}],\"inLanguage\":\"fr-FR\"},{\"@type\":\"Organization\",\"@id\":\"https:\\\/\\\/lasentinelle.dz\\\/#organization\",\"name\":\"Quotidien La Sentinelle\",\"url\":\"https:\\\/\\\/lasentinelle.dz\\\/\",\"logo\":{\"@type\":\"ImageObject\",\"inLanguage\":\"fr-FR\",\"@id\":\"https:\\\/\\\/lasentinelle.dz\\\/#\\\/schema\\\/logo\\\/image\\\/\",\"url\":\"https:\\\/\\\/lasentinelle.dz\\\/wp-content\\\/uploads\\\/2021\\\/09\\\/logo-sentinelleSLOGAN-1.png\",\"contentUrl\":\"https:\\\/\\\/lasentinelle.dz\\\/wp-content\\\/uploads\\\/2021\\\/09\\\/logo-sentinelleSLOGAN-1.png\",\"width\":615,\"height\":142,\"caption\":\"Quotidien La Sentinelle\"},\"image\":{\"@id\":\"https:\\\/\\\/lasentinelle.dz\\\/#\\\/schema\\\/logo\\\/image\\\/\"},\"sameAs\":[\"https:\\\/\\\/www.facebook.com\\\/La-Sentinelle-104059864394773\"]},{\"@type\":\"Person\",\"@id\":\"https:\\\/\\\/lasentinelle.dz\\\/#\\\/schema\\\/person\\\/d865044e22e70a75174ce8bcad3acfb3\",\"name\":\"La Sentinelle\",\"image\":{\"@type\":\"ImageObject\",\"inLanguage\":\"fr-FR\",\"@id\":\"https:\\\/\\\/secure.gravatar.com\\\/avatar\\\/57de8e5d4b15d43fb361a71fbb36338450fe67865b528a43dd10ef7c51a20392?s=96&d=mm&r=g\",\"url\":\"https:\\\/\\\/secure.gravatar.com\\\/avatar\\\/57de8e5d4b15d43fb361a71fbb36338450fe67865b528a43dd10ef7c51a20392?s=96&d=mm&r=g\",\"contentUrl\":\"https:\\\/\\\/secure.gravatar.com\\\/avatar\\\/57de8e5d4b15d43fb361a71fbb36338450fe67865b528a43dd10ef7c51a20392?s=96&d=mm&r=g\",\"caption\":\"La Sentinelle\"},\"sameAs\":[\"http:\\\/\\\/www.lasentinelle.dz\"],\"url\":\"https:\\\/\\\/lasentinelle.dz\\\/author\\\/redaction\\\/\"}]}<\/script>\n<!-- \/ Yoast SEO plugin. -->","yoast_head_json":{"title":"Otan\u00a0: La Hongrie pointe des \u00ab\u00a0griefs\u00a0\u00bb avec la Su\u00e8de - La Sentinelle","robots":{"index":"index","follow":"follow","max-snippet":"max-snippet:-1","max-image-preview":"max-image-preview:large","max-video-preview":"max-video-preview:-1"},"canonical":"https:\/\/lasentinelle.dz\/index.php\/2023\/03\/29\/otan-la-hongrie-pointe-des-griefs-avec-la-suede\/","og_locale":"fr_FR","og_type":"article","og_title":"Otan\u00a0: La Hongrie pointe des \u00ab\u00a0griefs\u00a0\u00bb avec la Su\u00e8de - La Sentinelle","og_description":"Le gouvernement hongrois a appel\u00e9 hier la Su\u00e8de \u00e0 \u00ab\u00a0changer de ton\u00a0\u00bb et \u00e0 cesser sa politique de \u00ab\u00a0d\u00e9nigrement\u00a0\u00bb&nbsp; \u00e0","og_url":"https:\/\/lasentinelle.dz\/index.php\/2023\/03\/29\/otan-la-hongrie-pointe-des-griefs-avec-la-suede\/","og_site_name":"La Sentinelle","article_publisher":"https:\/\/www.facebook.com\/La-Sentinelle-104059864394773","article_published_time":"2023-03-29T21:00:00+00:00","og_image":[{"width":500,"height":250,"url":"https:\/\/lasentinelle.dz\/wp-content\/uploads\/2023\/03\/image_2023-03-29_154732948.png","type":"image\/png"}],"author":"La Sentinelle","twitter_card":"summary_large_image","twitter_misc":{"\u00c9crit par":"La Sentinelle","Dur\u00e9e de lecture estim\u00e9e":"2 minutes"},"schema":{"@context":"https:\/\/schema.org","@graph":[{"@type":"Article","@id":"https:\/\/lasentinelle.dz\/index.php\/2023\/03\/29\/otan-la-hongrie-pointe-des-griefs-avec-la-suede\/#article","isPartOf":{"@id":"https:\/\/lasentinelle.dz\/index.php\/2023\/03\/29\/otan-la-hongrie-pointe-des-griefs-avec-la-suede\/"},"author":{"name":"La Sentinelle","@id":"https:\/\/lasentinelle.dz\/#\/schema\/person\/d865044e22e70a75174ce8bcad3acfb3"},"headline":"Otan\u00a0: La Hongrie pointe des \u00ab\u00a0griefs\u00a0\u00bb avec la Su\u00e8de","datePublished":"2023-03-29T21:00:00+00:00","mainEntityOfPage":{"@id":"https:\/\/lasentinelle.dz\/index.php\/2023\/03\/29\/otan-la-hongrie-pointe-des-griefs-avec-la-suede\/"},"wordCount":450,"commentCount":0,"publisher":{"@id":"https:\/\/lasentinelle.dz\/#organization"},"image":{"@id":"https:\/\/lasentinelle.dz\/index.php\/2023\/03\/29\/otan-la-hongrie-pointe-des-griefs-avec-la-suede\/#primaryimage"},"thumbnailUrl":"https:\/\/lasentinelle.dz\/wp-content\/uploads\/2023\/03\/image_2023-03-29_154732948.png","articleSection":["Monde"],"inLanguage":"fr-FR","potentialAction":[{"@type":"CommentAction","name":"Comment","target":["https:\/\/lasentinelle.dz\/index.php\/2023\/03\/29\/otan-la-hongrie-pointe-des-griefs-avec-la-suede\/#respond"]}]},{"@type":"WebPage","@id":"https:\/\/lasentinelle.dz\/index.php\/2023\/03\/29\/otan-la-hongrie-pointe-des-griefs-avec-la-suede\/","url":"https:\/\/lasentinelle.dz\/index.php\/2023\/03\/29\/otan-la-hongrie-pointe-des-griefs-avec-la-suede\/","name":"Otan\u00a0: La Hongrie pointe des \u00ab\u00a0griefs\u00a0\u00bb avec la Su\u00e8de - La Sentinelle","isPartOf":{"@id":"https:\/\/lasentinelle.dz\/#website"},"primaryImageOfPage":{"@id":"https:\/\/lasentinelle.dz\/index.php\/2023\/03\/29\/otan-la-hongrie-pointe-des-griefs-avec-la-suede\/#primaryimage"},"image":{"@id":"https:\/\/lasentinelle.dz\/index.php\/2023\/03\/29\/otan-la-hongrie-pointe-des-griefs-avec-la-suede\/#primaryimage"},"thumbnailUrl":"https:\/\/lasentinelle.dz\/wp-content\/uploads\/2023\/03\/image_2023-03-29_154732948.png","datePublished":"2023-03-29T21:00:00+00:00","breadcrumb":{"@id":"https:\/\/lasentinelle.dz\/index.php\/2023\/03\/29\/otan-la-hongrie-pointe-des-griefs-avec-la-suede\/#breadcrumb"},"inLanguage":"fr-FR","potentialAction":[{"@type":"ReadAction","target":["https:\/\/lasentinelle.dz\/index.php\/2023\/03\/29\/otan-la-hongrie-pointe-des-griefs-avec-la-suede\/"]}]},{"@type":"ImageObject","inLanguage":"fr-FR","@id":"https:\/\/lasentinelle.dz\/index.php\/2023\/03\/29\/otan-la-hongrie-pointe-des-griefs-avec-la-suede\/#primaryimage","url":"https:\/\/lasentinelle.dz\/wp-content\/uploads\/2023\/03\/image_2023-03-29_154732948.png","contentUrl":"https:\/\/lasentinelle.dz\/wp-content\/uploads\/2023\/03\/image_2023-03-29_154732948.png","width":500,"height":250},{"@type":"BreadcrumbList","@id":"https:\/\/lasentinelle.dz\/index.php\/2023\/03\/29\/otan-la-hongrie-pointe-des-griefs-avec-la-suede\/#breadcrumb","itemListElement":[{"@type":"ListItem","position":1,"name":"Accueil","item":"https:\/\/lasentinelle.dz\/"},{"@type":"ListItem","position":2,"name":"Otan\u00a0: La Hongrie pointe des \u00ab\u00a0griefs\u00a0\u00bb avec la Su\u00e8de"}]},{"@type":"WebSite","@id":"https:\/\/lasentinelle.dz\/#website","url":"https:\/\/lasentinelle.dz\/","name":"La Sentinelle","description":"Quotidien national d&#039;information","publisher":{"@id":"https:\/\/lasentinelle.dz\/#organization"},"potentialAction":[{"@type":"SearchAction","target":{"@type":"EntryPoint","urlTemplate":"https:\/\/lasentinelle.dz\/?s={search_term_string}"},"query-input":{"@type":"PropertyValueSpecification","valueRequired":true,"valueName":"search_term_string"}}],"inLanguage":"fr-FR"},{"@type":"Organization","@id":"https:\/\/lasentinelle.dz\/#organization","name":"Quotidien La Sentinelle","url":"https:\/\/lasentinelle.dz\/","logo":{"@type":"ImageObject","inLanguage":"fr-FR","@id":"https:\/\/lasentinelle.dz\/#\/schema\/logo\/image\/","url":"https:\/\/lasentinelle.dz\/wp-content\/uploads\/2021\/09\/logo-sentinelleSLOGAN-1.png","contentUrl":"https:\/\/lasentinelle.dz\/wp-content\/uploads\/2021\/09\/logo-sentinelleSLOGAN-1.png","width":615,"height":142,"caption":"Quotidien La Sentinelle"},"image":{"@id":"https:\/\/lasentinelle.dz\/#\/schema\/logo\/image\/"},"sameAs":["https:\/\/www.facebook.com\/La-Sentinelle-104059864394773"]},{"@type":"Person","@id":"https:\/\/lasentinelle.dz\/#\/schema\/person\/d865044e22e70a75174ce8bcad3acfb3","name":"La Sentinelle","image":{"@type":"ImageObject","inLanguage":"fr-FR","@id":"https:\/\/secure.gravatar.com\/avatar\/57de8e5d4b15d43fb361a71fbb36338450fe67865b528a43dd10ef7c51a20392?s=96&d=mm&r=g","url":"https:\/\/secure.gravatar.com\/avatar\/57de8e5d4b15d43fb361a71fbb36338450fe67865b528a43dd10ef7c51a20392?s=96&d=mm&r=g","contentUrl":"https:\/\/secure.gravatar.com\/avatar\/57de8e5d4b15d43fb361a71fbb36338450fe67865b528a43dd10ef7c51a20392?s=96&d=mm&r=g","caption":"La Sentinelle"},"sameAs":["http:\/\/www.lasentinelle.dz"],"url":"https:\/\/lasentinelle.dz\/author\/redaction\/"}]}},"_links":{"self":[{"href":"https:\/\/lasentinelle.dz\/index.php\/wp-json\/wp\/v2\/posts\/38664","targetHints":{"allow":["GET"]}}],"collection":[{"href":"https:\/\/lasentinelle.dz\/index.php\/wp-json\/wp\/v2\/posts"}],"about":[{"href":"https:\/\/lasentinelle.dz\/index.php\/wp-json\/wp\/v2\/types\/post"}],"author":[{"embeddable":true,"href":"https:\/\/lasentinelle.dz\/index.php\/wp-json\/wp\/v2\/users\/3"}],"replies":[{"embeddable":true,"href":"https:\/\/lasentinelle.dz\/index.php\/wp-json\/wp\/v2\/comments?post=38664"}],"version-history":[{"count":1,"href":"https:\/\/lasentinelle.dz\/index.php\/wp-json\/wp\/v2\/posts\/38664\/revisions"}],"predecessor-version":[{"id":38670,"href":"https:\/\/lasentinelle.dz\/index.php\/wp-json\/wp\/v2\/posts\/38664\/revisions\/38670"}],"wp:featuredmedia":[{"embeddable":true,"href":"https:\/\/lasentinelle.dz\/index.php\/wp-json\/wp\/v2\/media\/38668"}],"wp:attachment":[{"href":"https:\/\/lasentinelle.dz\/index.php\/wp-json\/wp\/v2\/media?parent=38664"}],"wp:term":[{"taxonomy":"category","embeddable":true,"href":"https:\/\/lasentinelle.dz\/index.php\/wp-json\/wp\/v2\/categories?post=38664"},{"taxonomy":"post_tag","embeddable":true,"href":"https:\/\/lasentinelle.dz\/index.php\/wp-json\/wp\/v2\/tags?post=38664"}],"curies":[{"name":"wp","href":"https:\/\/api.w.org\/{rel}","templated":true}]}}