{"id":38672,"date":"2023-03-29T22:05:00","date_gmt":"2023-03-29T21:05:00","guid":{"rendered":"https:\/\/lasentinelle.dz\/?p=38672"},"modified":"2023-03-29T17:21:27","modified_gmt":"2023-03-29T16:21:27","slug":"bilan-operationnel-de-lanp-18-quintaux-de-kif-saisis-a-la-frontiere-avec-le-maroc","status":"publish","type":"post","link":"https:\/\/lasentinelle.dz\/index.php\/2023\/03\/29\/bilan-operationnel-de-lanp-18-quintaux-de-kif-saisis-a-la-frontiere-avec-le-maroc\/","title":{"rendered":"Bilan op\u00e9rationnel de l\u2019ANP\u00a0: 18 quintaux de kif saisis \u00e0 la fronti\u00e8re avec le Maroc"},"content":{"rendered":"\n<p>Des tentatives d\u2019introduction de 18 qx et 76 kg de kif trait\u00e9 via les fronti\u00e8res avec le Maroc ont \u00e9t\u00e9 mises en \u00e9chec lors d\u2019op\u00e9rations men\u00e9es par des d\u00e9tachements combin\u00e9es de l\u2019ANP, en coordination avec les diff\u00e9rents services de s\u00e9curit\u00e9, durant la p\u00e9riode allant du 22 au 28 mars, indique un bilan op\u00e9rationnel rendu public hier par le minist\u00e8re de la D\u00e9fense nationale (MDN).<\/p>\n\n\n\n<p>Ces op\u00e9rations men\u00e9es \u00e0 travers les diff\u00e9rentes R\u00e9gions militaires se sont sold\u00e9es, \u00e9galement, par la saisie de 63.730 comprim\u00e9s psychotropes et l\u2019arrestation de 41 narcotrafiquants, a ajout\u00e9 la m\u00eame source. Par ailleurs, des d\u00e9tachements combin\u00e9s de l&rsquo;ANP ont, lors d\u2019op\u00e9rations distinctes men\u00e9es \u00e0 travers le territoire national, arr\u00eat\u00e9 05 \u00e9l\u00e9ments de soutien aux groupes terroristes, a rapport\u00e9 ledit communiqu\u00e9, en pr\u00e9cisant qu\u2019une casemate contenant 05 bombes artisanales a \u00e9t\u00e9 d\u00e9couverte et d\u00e9truite \u00e0 l\u2019issue d\u2019une op\u00e9ration de fouille et de ratissage \u00e0 Tizi Ouzou. \u00ab&nbsp;Ces r\u00e9sultats de qualit\u00e9 refl\u00e8tent le haut professionnalisme, la vigilance et la disponibilit\u00e9 permanente des Forces arm\u00e9es, dont l\u2019engagement ind\u00e9fectible, traduit la dynamique des efforts soutenus de la lutte antiterroriste et contre la criminalit\u00e9 organis\u00e9e multiforme&nbsp;\u00bb, pr\u00e9cise le communiqu\u00e9. Dans ce contexte, des d\u00e9tachements de l&rsquo;ANP ont intercept\u00e9 \u00e0 Tamanrasset, Bordj Badji Mokhtar et In Guezzam, 87 individus et saisi 33 v\u00e9hicules, 84 groupes \u00e9lectrog\u00e8nes, 46 marteaux piqueurs, 02 d\u00e9tecteurs de m\u00e9taux, 02 tonnes de m\u00e9lange d\u2019or brut et de pierres, ainsi que des quantit\u00e9s d&rsquo;explosifs, d&rsquo;outils de d\u00e9tonation et d&rsquo;\u00e9quipements utilis\u00e9s dans des op\u00e9rations d&rsquo;orpaillage illicite, a indiqu\u00e9 le communiqu\u00e9 du MDN. Par ailleurs, dans le cadre de la lutte contre la contrebande, les op\u00e9rations men\u00e9es \u00e0 travers l\u2019ensemble du territoire national, ont donn\u00e9 lieu \u00e0 l\u2019arrestation de 18 autres individus, avec la saisie de 02 fusils de chasse, des quantit\u00e9s de denr\u00e9es alimentaires destin\u00e9es \u00e0 la contrebande et la sp\u00e9culation s\u2019\u00e9levant \u00e0 367 tonnes, 17 qx de tabacs et 72.000 unit\u00e9s de diff\u00e9rents articles pyrotechniques, a d\u00e9taill\u00e9 la m\u00eame source. Sur le m\u00eame volet, les Garde-fronti\u00e8res ont, en coordination avec les services de la Gendarmerie nationale et des Douanes, d\u00e9jou\u00e9 des tentatives de contrebande de grandes quantit\u00e9s de carburants s&rsquo;\u00e9levant \u00e0 147.485 litres \u00e0 Bordj Badji Mokhtar, Souk Ahras, El-Tarf et T\u00e9bessa, a ajout\u00e9 la m\u00eame source. Dans le contexte de la lutte contre la migration clandestine, les Garde-c\u00f4tes ont, pour leur part, d\u00e9jou\u00e9, au niveau de nos c\u00f4tes nationales, des tentatives d&rsquo;\u00e9migration clandestine et ont proc\u00e9d\u00e9 au sauvetage de 177 individus \u00e0 bord d\u2019embarcations de construction artisanale, alors que 928 immigrants clandestins de diff\u00e9rentes nationalit\u00e9s ont \u00e9t\u00e9 arr\u00eat\u00e9s \u00e0 travers le territoire national, a conclu le communiqu\u00e9 du MDN.<\/p>\n\n\n\n<p><strong>Sofia Chahine<\/strong><\/p>\n","protected":false},"excerpt":{"rendered":"<p>Des tentatives d\u2019introduction de 18 qx et 76 kg de kif trait\u00e9 via les fronti\u00e8res avec le Maroc ont \u00e9t\u00e9<\/p>\n","protected":false},"author":3,"featured_media":38682,"comment_status":"open","ping_status":"closed","sticky":false,"template":"","format":"standard","meta":{"colormag_page_container_layout":"default_layout","colormag_page_sidebar_layout":"default_layout","om_disable_all_campaigns":false,"_monsterinsights_skip_tracking":false,"_monsterinsights_sitenote_active":false,"_monsterinsights_sitenote_note":"","_monsterinsights_sitenote_category":0,"footnotes":"","_wpscppro_dont_share_socialmedia":false,"_wpscppro_custom_social_share_image":0,"_facebook_share_type":"","_twitter_share_type":"","_linkedin_share_type":"","_pinterest_share_type":"","_linkedin_share_type_page":"","_instagram_share_type":"","_medium_share_type":"","_threads_share_type":"","_google_business_share_type":"","_selected_social_profile":[],"_wpsp_enable_custom_social_template":false,"_wpsp_social_scheduling":{"enabled":false,"datetime":null,"platforms":[],"status":"template_only","dateOption":"today","timeOption":"now","customDays":"","customHours":"","customDate":"","customTime":"","schedulingType":"absolute"},"_wpsp_active_default_template":true},"categories":[27],"tags":[],"class_list":["post-38672","post","type-post","status-publish","format-standard","has-post-thumbnail","hentry","category-actualite"],"aioseo_notices":[],"yoast_head":"<!-- This site is optimized with the Yoast SEO plugin v27.5 - https:\/\/yoast.com\/product\/yoast-seo-wordpress\/ -->\n<title>Bilan op\u00e9rationnel de l\u2019ANP\u00a0: 18 quintaux de kif saisis \u00e0 la fronti\u00e8re avec le Maroc - La Sentinelle<\/title>\n<meta name=\"robots\" content=\"index, follow, max-snippet:-1, max-image-preview:large, max-video-preview:-1\" \/>\n<link rel=\"canonical\" href=\"https:\/\/lasentinelle.dz\/index.php\/2023\/03\/29\/bilan-operationnel-de-lanp-18-quintaux-de-kif-saisis-a-la-frontiere-avec-le-maroc\/\" \/>\n<meta property=\"og:locale\" content=\"fr_FR\" \/>\n<meta property=\"og:type\" content=\"article\" \/>\n<meta property=\"og:title\" content=\"Bilan op\u00e9rationnel de l\u2019ANP\u00a0: 18 quintaux de kif saisis \u00e0 la fronti\u00e8re avec le Maroc - La Sentinelle\" \/>\n<meta property=\"og:description\" content=\"Des tentatives d\u2019introduction de 18 qx et 76 kg de kif trait\u00e9 via les fronti\u00e8res avec le Maroc ont \u00e9t\u00e9\" \/>\n<meta property=\"og:url\" content=\"https:\/\/lasentinelle.dz\/index.php\/2023\/03\/29\/bilan-operationnel-de-lanp-18-quintaux-de-kif-saisis-a-la-frontiere-avec-le-maroc\/\" \/>\n<meta property=\"og:site_name\" content=\"La Sentinelle\" \/>\n<meta property=\"article:publisher\" content=\"https:\/\/www.facebook.com\/La-Sentinelle-104059864394773\" \/>\n<meta property=\"article:published_time\" content=\"2023-03-29T21:05:00+00:00\" \/>\n<meta property=\"og:image\" content=\"https:\/\/lasentinelle.dz\/wp-content\/uploads\/2023\/03\/image_2023-03-29_172041262.png\" \/>\n\t<meta property=\"og:image:width\" content=\"1080\" \/>\n\t<meta property=\"og:image:height\" content=\"810\" \/>\n\t<meta property=\"og:image:type\" content=\"image\/png\" \/>\n<meta name=\"author\" content=\"La Sentinelle\" \/>\n<meta name=\"twitter:card\" content=\"summary_large_image\" \/>\n<meta name=\"twitter:label1\" content=\"\u00c9crit par\" \/>\n\t<meta name=\"twitter:data1\" content=\"La Sentinelle\" \/>\n\t<meta name=\"twitter:label2\" content=\"Dur\u00e9e de lecture estim\u00e9e\" \/>\n\t<meta name=\"twitter:data2\" content=\"3 minutes\" \/>\n<script type=\"application\/ld+json\" class=\"yoast-schema-graph\">{\"@context\":\"https:\\\/\\\/schema.org\",\"@graph\":[{\"@type\":\"Article\",\"@id\":\"https:\\\/\\\/lasentinelle.dz\\\/index.php\\\/2023\\\/03\\\/29\\\/bilan-operationnel-de-lanp-18-quintaux-de-kif-saisis-a-la-frontiere-avec-le-maroc\\\/#article\",\"isPartOf\":{\"@id\":\"https:\\\/\\\/lasentinelle.dz\\\/index.php\\\/2023\\\/03\\\/29\\\/bilan-operationnel-de-lanp-18-quintaux-de-kif-saisis-a-la-frontiere-avec-le-maroc\\\/\"},\"author\":{\"name\":\"La Sentinelle\",\"@id\":\"https:\\\/\\\/lasentinelle.dz\\\/#\\\/schema\\\/person\\\/d865044e22e70a75174ce8bcad3acfb3\"},\"headline\":\"Bilan op\u00e9rationnel de l\u2019ANP\u00a0: 18 quintaux de kif saisis \u00e0 la fronti\u00e8re avec le Maroc\",\"datePublished\":\"2023-03-29T21:05:00+00:00\",\"mainEntityOfPage\":{\"@id\":\"https:\\\/\\\/lasentinelle.dz\\\/index.php\\\/2023\\\/03\\\/29\\\/bilan-operationnel-de-lanp-18-quintaux-de-kif-saisis-a-la-frontiere-avec-le-maroc\\\/\"},\"wordCount\":505,\"commentCount\":0,\"publisher\":{\"@id\":\"https:\\\/\\\/lasentinelle.dz\\\/#organization\"},\"image\":{\"@id\":\"https:\\\/\\\/lasentinelle.dz\\\/index.php\\\/2023\\\/03\\\/29\\\/bilan-operationnel-de-lanp-18-quintaux-de-kif-saisis-a-la-frontiere-avec-le-maroc\\\/#primaryimage\"},\"thumbnailUrl\":\"https:\\\/\\\/lasentinelle.dz\\\/wp-content\\\/uploads\\\/2023\\\/03\\\/image_2023-03-29_172041262.png\",\"articleSection\":[\"Actualit\u00e9\"],\"inLanguage\":\"fr-FR\",\"potentialAction\":[{\"@type\":\"CommentAction\",\"name\":\"Comment\",\"target\":[\"https:\\\/\\\/lasentinelle.dz\\\/index.php\\\/2023\\\/03\\\/29\\\/bilan-operationnel-de-lanp-18-quintaux-de-kif-saisis-a-la-frontiere-avec-le-maroc\\\/#respond\"]}]},{\"@type\":\"WebPage\",\"@id\":\"https:\\\/\\\/lasentinelle.dz\\\/index.php\\\/2023\\\/03\\\/29\\\/bilan-operationnel-de-lanp-18-quintaux-de-kif-saisis-a-la-frontiere-avec-le-maroc\\\/\",\"url\":\"https:\\\/\\\/lasentinelle.dz\\\/index.php\\\/2023\\\/03\\\/29\\\/bilan-operationnel-de-lanp-18-quintaux-de-kif-saisis-a-la-frontiere-avec-le-maroc\\\/\",\"name\":\"Bilan op\u00e9rationnel de l\u2019ANP\u00a0: 18 quintaux de kif saisis \u00e0 la fronti\u00e8re avec le Maroc - La Sentinelle\",\"isPartOf\":{\"@id\":\"https:\\\/\\\/lasentinelle.dz\\\/#website\"},\"primaryImageOfPage\":{\"@id\":\"https:\\\/\\\/lasentinelle.dz\\\/index.php\\\/2023\\\/03\\\/29\\\/bilan-operationnel-de-lanp-18-quintaux-de-kif-saisis-a-la-frontiere-avec-le-maroc\\\/#primaryimage\"},\"image\":{\"@id\":\"https:\\\/\\\/lasentinelle.dz\\\/index.php\\\/2023\\\/03\\\/29\\\/bilan-operationnel-de-lanp-18-quintaux-de-kif-saisis-a-la-frontiere-avec-le-maroc\\\/#primaryimage\"},\"thumbnailUrl\":\"https:\\\/\\\/lasentinelle.dz\\\/wp-content\\\/uploads\\\/2023\\\/03\\\/image_2023-03-29_172041262.png\",\"datePublished\":\"2023-03-29T21:05:00+00:00\",\"breadcrumb\":{\"@id\":\"https:\\\/\\\/lasentinelle.dz\\\/index.php\\\/2023\\\/03\\\/29\\\/bilan-operationnel-de-lanp-18-quintaux-de-kif-saisis-a-la-frontiere-avec-le-maroc\\\/#breadcrumb\"},\"inLanguage\":\"fr-FR\",\"potentialAction\":[{\"@type\":\"ReadAction\",\"target\":[\"https:\\\/\\\/lasentinelle.dz\\\/index.php\\\/2023\\\/03\\\/29\\\/bilan-operationnel-de-lanp-18-quintaux-de-kif-saisis-a-la-frontiere-avec-le-maroc\\\/\"]}]},{\"@type\":\"ImageObject\",\"inLanguage\":\"fr-FR\",\"@id\":\"https:\\\/\\\/lasentinelle.dz\\\/index.php\\\/2023\\\/03\\\/29\\\/bilan-operationnel-de-lanp-18-quintaux-de-kif-saisis-a-la-frontiere-avec-le-maroc\\\/#primaryimage\",\"url\":\"https:\\\/\\\/lasentinelle.dz\\\/wp-content\\\/uploads\\\/2023\\\/03\\\/image_2023-03-29_172041262.png\",\"contentUrl\":\"https:\\\/\\\/lasentinelle.dz\\\/wp-content\\\/uploads\\\/2023\\\/03\\\/image_2023-03-29_172041262.png\",\"width\":1080,\"height\":810},{\"@type\":\"BreadcrumbList\",\"@id\":\"https:\\\/\\\/lasentinelle.dz\\\/index.php\\\/2023\\\/03\\\/29\\\/bilan-operationnel-de-lanp-18-quintaux-de-kif-saisis-a-la-frontiere-avec-le-maroc\\\/#breadcrumb\",\"itemListElement\":[{\"@type\":\"ListItem\",\"position\":1,\"name\":\"Accueil\",\"item\":\"https:\\\/\\\/lasentinelle.dz\\\/\"},{\"@type\":\"ListItem\",\"position\":2,\"name\":\"Bilan op\u00e9rationnel de l\u2019ANP\u00a0: 18 quintaux de kif saisis \u00e0 la fronti\u00e8re avec le Maroc\"}]},{\"@type\":\"WebSite\",\"@id\":\"https:\\\/\\\/lasentinelle.dz\\\/#website\",\"url\":\"https:\\\/\\\/lasentinelle.dz\\\/\",\"name\":\"La Sentinelle\",\"description\":\"Quotidien national d&#039;information\",\"publisher\":{\"@id\":\"https:\\\/\\\/lasentinelle.dz\\\/#organization\"},\"potentialAction\":[{\"@type\":\"SearchAction\",\"target\":{\"@type\":\"EntryPoint\",\"urlTemplate\":\"https:\\\/\\\/lasentinelle.dz\\\/?s={search_term_string}\"},\"query-input\":{\"@type\":\"PropertyValueSpecification\",\"valueRequired\":true,\"valueName\":\"search_term_string\"}}],\"inLanguage\":\"fr-FR\"},{\"@type\":\"Organization\",\"@id\":\"https:\\\/\\\/lasentinelle.dz\\\/#organization\",\"name\":\"Quotidien La Sentinelle\",\"url\":\"https:\\\/\\\/lasentinelle.dz\\\/\",\"logo\":{\"@type\":\"ImageObject\",\"inLanguage\":\"fr-FR\",\"@id\":\"https:\\\/\\\/lasentinelle.dz\\\/#\\\/schema\\\/logo\\\/image\\\/\",\"url\":\"https:\\\/\\\/lasentinelle.dz\\\/wp-content\\\/uploads\\\/2021\\\/09\\\/logo-sentinelleSLOGAN-1.png\",\"contentUrl\":\"https:\\\/\\\/lasentinelle.dz\\\/wp-content\\\/uploads\\\/2021\\\/09\\\/logo-sentinelleSLOGAN-1.png\",\"width\":615,\"height\":142,\"caption\":\"Quotidien La Sentinelle\"},\"image\":{\"@id\":\"https:\\\/\\\/lasentinelle.dz\\\/#\\\/schema\\\/logo\\\/image\\\/\"},\"sameAs\":[\"https:\\\/\\\/www.facebook.com\\\/La-Sentinelle-104059864394773\"]},{\"@type\":\"Person\",\"@id\":\"https:\\\/\\\/lasentinelle.dz\\\/#\\\/schema\\\/person\\\/d865044e22e70a75174ce8bcad3acfb3\",\"name\":\"La Sentinelle\",\"image\":{\"@type\":\"ImageObject\",\"inLanguage\":\"fr-FR\",\"@id\":\"https:\\\/\\\/secure.gravatar.com\\\/avatar\\\/57de8e5d4b15d43fb361a71fbb36338450fe67865b528a43dd10ef7c51a20392?s=96&d=mm&r=g\",\"url\":\"https:\\\/\\\/secure.gravatar.com\\\/avatar\\\/57de8e5d4b15d43fb361a71fbb36338450fe67865b528a43dd10ef7c51a20392?s=96&d=mm&r=g\",\"contentUrl\":\"https:\\\/\\\/secure.gravatar.com\\\/avatar\\\/57de8e5d4b15d43fb361a71fbb36338450fe67865b528a43dd10ef7c51a20392?s=96&d=mm&r=g\",\"caption\":\"La Sentinelle\"},\"sameAs\":[\"http:\\\/\\\/www.lasentinelle.dz\"],\"url\":\"https:\\\/\\\/lasentinelle.dz\\\/author\\\/redaction\\\/\"}]}<\/script>\n<!-- \/ Yoast SEO plugin. -->","yoast_head_json":{"title":"Bilan op\u00e9rationnel de l\u2019ANP\u00a0: 18 quintaux de kif saisis \u00e0 la fronti\u00e8re avec le Maroc - La Sentinelle","robots":{"index":"index","follow":"follow","max-snippet":"max-snippet:-1","max-image-preview":"max-image-preview:large","max-video-preview":"max-video-preview:-1"},"canonical":"https:\/\/lasentinelle.dz\/index.php\/2023\/03\/29\/bilan-operationnel-de-lanp-18-quintaux-de-kif-saisis-a-la-frontiere-avec-le-maroc\/","og_locale":"fr_FR","og_type":"article","og_title":"Bilan op\u00e9rationnel de l\u2019ANP\u00a0: 18 quintaux de kif saisis \u00e0 la fronti\u00e8re avec le Maroc - La Sentinelle","og_description":"Des tentatives d\u2019introduction de 18 qx et 76 kg de kif trait\u00e9 via les fronti\u00e8res avec le Maroc ont \u00e9t\u00e9","og_url":"https:\/\/lasentinelle.dz\/index.php\/2023\/03\/29\/bilan-operationnel-de-lanp-18-quintaux-de-kif-saisis-a-la-frontiere-avec-le-maroc\/","og_site_name":"La Sentinelle","article_publisher":"https:\/\/www.facebook.com\/La-Sentinelle-104059864394773","article_published_time":"2023-03-29T21:05:00+00:00","og_image":[{"width":1080,"height":810,"url":"https:\/\/lasentinelle.dz\/wp-content\/uploads\/2023\/03\/image_2023-03-29_172041262.png","type":"image\/png"}],"author":"La Sentinelle","twitter_card":"summary_large_image","twitter_misc":{"\u00c9crit par":"La Sentinelle","Dur\u00e9e de lecture estim\u00e9e":"3 minutes"},"schema":{"@context":"https:\/\/schema.org","@graph":[{"@type":"Article","@id":"https:\/\/lasentinelle.dz\/index.php\/2023\/03\/29\/bilan-operationnel-de-lanp-18-quintaux-de-kif-saisis-a-la-frontiere-avec-le-maroc\/#article","isPartOf":{"@id":"https:\/\/lasentinelle.dz\/index.php\/2023\/03\/29\/bilan-operationnel-de-lanp-18-quintaux-de-kif-saisis-a-la-frontiere-avec-le-maroc\/"},"author":{"name":"La Sentinelle","@id":"https:\/\/lasentinelle.dz\/#\/schema\/person\/d865044e22e70a75174ce8bcad3acfb3"},"headline":"Bilan op\u00e9rationnel de l\u2019ANP\u00a0: 18 quintaux de kif saisis \u00e0 la fronti\u00e8re avec le Maroc","datePublished":"2023-03-29T21:05:00+00:00","mainEntityOfPage":{"@id":"https:\/\/lasentinelle.dz\/index.php\/2023\/03\/29\/bilan-operationnel-de-lanp-18-quintaux-de-kif-saisis-a-la-frontiere-avec-le-maroc\/"},"wordCount":505,"commentCount":0,"publisher":{"@id":"https:\/\/lasentinelle.dz\/#organization"},"image":{"@id":"https:\/\/lasentinelle.dz\/index.php\/2023\/03\/29\/bilan-operationnel-de-lanp-18-quintaux-de-kif-saisis-a-la-frontiere-avec-le-maroc\/#primaryimage"},"thumbnailUrl":"https:\/\/lasentinelle.dz\/wp-content\/uploads\/2023\/03\/image_2023-03-29_172041262.png","articleSection":["Actualit\u00e9"],"inLanguage":"fr-FR","potentialAction":[{"@type":"CommentAction","name":"Comment","target":["https:\/\/lasentinelle.dz\/index.php\/2023\/03\/29\/bilan-operationnel-de-lanp-18-quintaux-de-kif-saisis-a-la-frontiere-avec-le-maroc\/#respond"]}]},{"@type":"WebPage","@id":"https:\/\/lasentinelle.dz\/index.php\/2023\/03\/29\/bilan-operationnel-de-lanp-18-quintaux-de-kif-saisis-a-la-frontiere-avec-le-maroc\/","url":"https:\/\/lasentinelle.dz\/index.php\/2023\/03\/29\/bilan-operationnel-de-lanp-18-quintaux-de-kif-saisis-a-la-frontiere-avec-le-maroc\/","name":"Bilan op\u00e9rationnel de l\u2019ANP\u00a0: 18 quintaux de kif saisis \u00e0 la fronti\u00e8re avec le Maroc - La Sentinelle","isPartOf":{"@id":"https:\/\/lasentinelle.dz\/#website"},"primaryImageOfPage":{"@id":"https:\/\/lasentinelle.dz\/index.php\/2023\/03\/29\/bilan-operationnel-de-lanp-18-quintaux-de-kif-saisis-a-la-frontiere-avec-le-maroc\/#primaryimage"},"image":{"@id":"https:\/\/lasentinelle.dz\/index.php\/2023\/03\/29\/bilan-operationnel-de-lanp-18-quintaux-de-kif-saisis-a-la-frontiere-avec-le-maroc\/#primaryimage"},"thumbnailUrl":"https:\/\/lasentinelle.dz\/wp-content\/uploads\/2023\/03\/image_2023-03-29_172041262.png","datePublished":"2023-03-29T21:05:00+00:00","breadcrumb":{"@id":"https:\/\/lasentinelle.dz\/index.php\/2023\/03\/29\/bilan-operationnel-de-lanp-18-quintaux-de-kif-saisis-a-la-frontiere-avec-le-maroc\/#breadcrumb"},"inLanguage":"fr-FR","potentialAction":[{"@type":"ReadAction","target":["https:\/\/lasentinelle.dz\/index.php\/2023\/03\/29\/bilan-operationnel-de-lanp-18-quintaux-de-kif-saisis-a-la-frontiere-avec-le-maroc\/"]}]},{"@type":"ImageObject","inLanguage":"fr-FR","@id":"https:\/\/lasentinelle.dz\/index.php\/2023\/03\/29\/bilan-operationnel-de-lanp-18-quintaux-de-kif-saisis-a-la-frontiere-avec-le-maroc\/#primaryimage","url":"https:\/\/lasentinelle.dz\/wp-content\/uploads\/2023\/03\/image_2023-03-29_172041262.png","contentUrl":"https:\/\/lasentinelle.dz\/wp-content\/uploads\/2023\/03\/image_2023-03-29_172041262.png","width":1080,"height":810},{"@type":"BreadcrumbList","@id":"https:\/\/lasentinelle.dz\/index.php\/2023\/03\/29\/bilan-operationnel-de-lanp-18-quintaux-de-kif-saisis-a-la-frontiere-avec-le-maroc\/#breadcrumb","itemListElement":[{"@type":"ListItem","position":1,"name":"Accueil","item":"https:\/\/lasentinelle.dz\/"},{"@type":"ListItem","position":2,"name":"Bilan op\u00e9rationnel de l\u2019ANP\u00a0: 18 quintaux de kif saisis \u00e0 la fronti\u00e8re avec le Maroc"}]},{"@type":"WebSite","@id":"https:\/\/lasentinelle.dz\/#website","url":"https:\/\/lasentinelle.dz\/","name":"La Sentinelle","description":"Quotidien national d&#039;information","publisher":{"@id":"https:\/\/lasentinelle.dz\/#organization"},"potentialAction":[{"@type":"SearchAction","target":{"@type":"EntryPoint","urlTemplate":"https:\/\/lasentinelle.dz\/?s={search_term_string}"},"query-input":{"@type":"PropertyValueSpecification","valueRequired":true,"valueName":"search_term_string"}}],"inLanguage":"fr-FR"},{"@type":"Organization","@id":"https:\/\/lasentinelle.dz\/#organization","name":"Quotidien La Sentinelle","url":"https:\/\/lasentinelle.dz\/","logo":{"@type":"ImageObject","inLanguage":"fr-FR","@id":"https:\/\/lasentinelle.dz\/#\/schema\/logo\/image\/","url":"https:\/\/lasentinelle.dz\/wp-content\/uploads\/2021\/09\/logo-sentinelleSLOGAN-1.png","contentUrl":"https:\/\/lasentinelle.dz\/wp-content\/uploads\/2021\/09\/logo-sentinelleSLOGAN-1.png","width":615,"height":142,"caption":"Quotidien La Sentinelle"},"image":{"@id":"https:\/\/lasentinelle.dz\/#\/schema\/logo\/image\/"},"sameAs":["https:\/\/www.facebook.com\/La-Sentinelle-104059864394773"]},{"@type":"Person","@id":"https:\/\/lasentinelle.dz\/#\/schema\/person\/d865044e22e70a75174ce8bcad3acfb3","name":"La Sentinelle","image":{"@type":"ImageObject","inLanguage":"fr-FR","@id":"https:\/\/secure.gravatar.com\/avatar\/57de8e5d4b15d43fb361a71fbb36338450fe67865b528a43dd10ef7c51a20392?s=96&d=mm&r=g","url":"https:\/\/secure.gravatar.com\/avatar\/57de8e5d4b15d43fb361a71fbb36338450fe67865b528a43dd10ef7c51a20392?s=96&d=mm&r=g","contentUrl":"https:\/\/secure.gravatar.com\/avatar\/57de8e5d4b15d43fb361a71fbb36338450fe67865b528a43dd10ef7c51a20392?s=96&d=mm&r=g","caption":"La Sentinelle"},"sameAs":["http:\/\/www.lasentinelle.dz"],"url":"https:\/\/lasentinelle.dz\/author\/redaction\/"}]}},"_links":{"self":[{"href":"https:\/\/lasentinelle.dz\/index.php\/wp-json\/wp\/v2\/posts\/38672","targetHints":{"allow":["GET"]}}],"collection":[{"href":"https:\/\/lasentinelle.dz\/index.php\/wp-json\/wp\/v2\/posts"}],"about":[{"href":"https:\/\/lasentinelle.dz\/index.php\/wp-json\/wp\/v2\/types\/post"}],"author":[{"embeddable":true,"href":"https:\/\/lasentinelle.dz\/index.php\/wp-json\/wp\/v2\/users\/3"}],"replies":[{"embeddable":true,"href":"https:\/\/lasentinelle.dz\/index.php\/wp-json\/wp\/v2\/comments?post=38672"}],"version-history":[{"count":1,"href":"https:\/\/lasentinelle.dz\/index.php\/wp-json\/wp\/v2\/posts\/38672\/revisions"}],"predecessor-version":[{"id":38683,"href":"https:\/\/lasentinelle.dz\/index.php\/wp-json\/wp\/v2\/posts\/38672\/revisions\/38683"}],"wp:featuredmedia":[{"embeddable":true,"href":"https:\/\/lasentinelle.dz\/index.php\/wp-json\/wp\/v2\/media\/38682"}],"wp:attachment":[{"href":"https:\/\/lasentinelle.dz\/index.php\/wp-json\/wp\/v2\/media?parent=38672"}],"wp:term":[{"taxonomy":"category","embeddable":true,"href":"https:\/\/lasentinelle.dz\/index.php\/wp-json\/wp\/v2\/categories?post=38672"},{"taxonomy":"post_tag","embeddable":true,"href":"https:\/\/lasentinelle.dz\/index.php\/wp-json\/wp\/v2\/tags?post=38672"}],"curies":[{"name":"wp","href":"https:\/\/api.w.org\/{rel}","templated":true}]}}