{"id":38698,"date":"2023-03-29T22:05:00","date_gmt":"2023-03-29T21:05:00","guid":{"rendered":"https:\/\/lasentinelle.dz\/?p=38698"},"modified":"2023-03-29T18:14:25","modified_gmt":"2023-03-29T17:14:25","slug":"justice-vers-la-fusion-des-professions-dhuissier-et-de-commissaire-priseur","status":"publish","type":"post","link":"https:\/\/lasentinelle.dz\/index.php\/2023\/03\/29\/justice-vers-la-fusion-des-professions-dhuissier-et-de-commissaire-priseur\/","title":{"rendered":"Justice\u00a0: Vers la fusion des professions d\u2019huissier et de commissaire-priseur"},"content":{"rendered":"\n<p>L\u2019Ex\u00e9cutif projette de fusionner les professions d\u2019huissier de justice et de commissaire-priseur, ainsi que de renforcer leur encadrement. L\u2019objectif annonc\u00e9 est d\u2019am\u00e9liorer la qualit\u00e9 et l&rsquo;efficience du service public de justice. Un texte allant dans ce sens est sur la table du Gouvernement.<\/p>\n\n\n\n<p>Le ministre de la Justice et Garde des Sceaux, Abderrachid Tabi a pr\u00e9sent\u00e9 hier lors de la r\u00e9union hebdomadaire du Gouvernement, pr\u00e9sid\u00e9e par le Premier ministre, un avant-projet de loi modifiant et compl\u00e8tant la loi n 06-03 du 20 f\u00e9vrier 2006, portant organisation de la profession d&rsquo;huissier de justice. Selon un communiqu\u00e9 de la primature, le texte \u00ab&nbsp;consacre la fusion des professions d&rsquo;huissier de justice et de commissaire-priseur, dans le cadre de la modernisation de la justice et de l&rsquo;am\u00e9lioration de la qualit\u00e9 et de l&rsquo;efficience du service public de justice&nbsp;\u00bb. Il vise, en outre, \u00e0 \u00ab&nbsp;renforcer l&rsquo;encadrement de cette profession, \u00e0 combler certains vides juridiques constat\u00e9s et \u00e0 clarifier et \u00e9largir les missions d&rsquo;huissier de justice et renforcer sa protection&nbsp;\u00bb, ajoute le communiqu\u00e9.<\/p>\n\n\n\n<p>Notons par ailleurs que plusieurs autres dossiers ont \u00e9t\u00e9 \u00e0 l\u2019ordre du jour de cette r\u00e9union. En sus d\u2019un expos\u00e9 du ministre de la Jeunesse et des Sports sur la pr\u00e9paration des Jeux arabes que l\u2019Alg\u00e9rie abritera au mois de juillet prochain, deux communications ont \u00e9t\u00e9 pr\u00e9sent\u00e9es par le ministre des Transports, ainsi qu\u2019une autre par le ministre des Start-ups et de l\u2019\u00c9conomie de la connaissance. Le ministre des Transports, Youcef Cherfa a pr\u00e9sent\u00e9 une communication sur la mise en place de l&rsquo;agence nationale de l&rsquo;aviation civile (ANAC). Le communiqu\u00e9 des services du Premier ministre rappelle dans ce sens que<\/p>\n\n\n\n<p>&nbsp;cette agence est charg\u00e9e de la r\u00e9gulation, du contr\u00f4le et de la supervision des activit\u00e9s de l&rsquo;aviation civile. \u00ab&nbsp;Sa mise en place permettra \u00e0 notre pays de se hisser aux normes internationales et aux recommandations de l&rsquo;organisation d&rsquo;aviation civile internationale&nbsp;\u00bb, note la m\u00eame source. En outre, le ministre des Transports a pr\u00e9sent\u00e9 une communication relative au projet de r\u00e9alisation du centre Catering de la compagnie nationale Air Alg\u00e9rie. \u00ab&nbsp;La r\u00e9alisation du service Catering vient r\u00e9pondre aux besoins exprim\u00e9s et assurer, en m\u00eame temps, des services de qualit\u00e9 notamment avec la reprise int\u00e9grale des vols de la compagnie nationale Air Alg\u00e9rie par rapport \u00e0 la p\u00e9riode Covid-19, et le lancement de nouvelles lignes a\u00e9riennes tant au niveau domestique qu&rsquo;\u00e0 l&rsquo;international&nbsp;\u00bb, souligne-t-on.<\/p>\n\n\n\n<p>Enfin, le ministre de l&rsquo;Economie de la Connaissance, des Start-up et des Micro-entreprises a pr\u00e9sent\u00e9 une communication portant sur la nouvelle approche adopt\u00e9e pour le secteur des micro-entreprises \u00ab&nbsp;dont l&rsquo;objectif est de rendre plus efficace le fonctionnement des dispositifs d&rsquo;aide&nbsp;\u00bb. La Primature pr\u00e9cise ainsi que \u00ab&nbsp;cette nouvelle approche vise \u00e0 renforcer, notamment gr\u00e2ce \u00e0 la digitalisation, la transparence et la bonne gouvernance de ces dispositifs d&rsquo;appui ainsi qu&rsquo;\u00e0 d\u00e9velopper de nouveaux services adapt\u00e9s aux besoins d&rsquo;exploitation des micro-entreprises&nbsp;\u00bb. Elle pr\u00e9voit, par ailleurs, de renforcer la formation des porteurs de projets en mati\u00e8re d&rsquo;entrepreneuriat et de gestion d&rsquo;entreprise afin de mieux les accompagner et de promouvoir leurs aptitudes entrepreneuriales. \u00ab&nbsp;Dans ce cadre, l&rsquo;\u00e9laboration d&rsquo;une cartographie nationale de la sous-traitance devrait permettre une meilleure orientation des projets d&rsquo;investissement vers des activit\u00e9s r\u00e9pondant \u00e0 un potentiel \u00e9conomique local&nbsp;\u00bb, note-on enfin.<\/p>\n\n\n\n<p><strong>Chokri Hafed<\/strong><\/p>\n","protected":false},"excerpt":{"rendered":"<p>L\u2019Ex\u00e9cutif projette de fusionner les professions d\u2019huissier de justice et de commissaire-priseur, ainsi que de renforcer leur encadrement. L\u2019objectif annonc\u00e9<\/p>\n","protected":false},"author":3,"featured_media":38704,"comment_status":"open","ping_status":"closed","sticky":false,"template":"","format":"standard","meta":{"colormag_page_container_layout":"default_layout","colormag_page_sidebar_layout":"default_layout","om_disable_all_campaigns":false,"_monsterinsights_skip_tracking":false,"_monsterinsights_sitenote_active":false,"_monsterinsights_sitenote_note":"","_monsterinsights_sitenote_category":0,"footnotes":"","_wpscppro_dont_share_socialmedia":false,"_wpscppro_custom_social_share_image":0,"_facebook_share_type":"","_twitter_share_type":"","_linkedin_share_type":"","_pinterest_share_type":"","_linkedin_share_type_page":"","_instagram_share_type":"","_medium_share_type":"","_threads_share_type":"","_google_business_share_type":"","_selected_social_profile":[],"_wpsp_enable_custom_social_template":false,"_wpsp_social_scheduling":{"enabled":false,"datetime":null,"platforms":[],"status":"template_only","dateOption":"today","timeOption":"now","customDays":"","customHours":"","customDate":"","customTime":"","schedulingType":"absolute"},"_wpsp_active_default_template":true},"categories":[27],"tags":[],"class_list":["post-38698","post","type-post","status-publish","format-standard","has-post-thumbnail","hentry","category-actualite"],"aioseo_notices":[],"yoast_head":"<!-- This site is optimized with the Yoast SEO plugin v27.5 - https:\/\/yoast.com\/product\/yoast-seo-wordpress\/ -->\n<title>Justice\u00a0: Vers la fusion des professions d\u2019huissier et de commissaire-priseur - La Sentinelle<\/title>\n<meta name=\"robots\" content=\"index, follow, max-snippet:-1, max-image-preview:large, max-video-preview:-1\" \/>\n<link rel=\"canonical\" href=\"https:\/\/lasentinelle.dz\/index.php\/2023\/03\/29\/justice-vers-la-fusion-des-professions-dhuissier-et-de-commissaire-priseur\/\" \/>\n<meta property=\"og:locale\" content=\"fr_FR\" \/>\n<meta property=\"og:type\" content=\"article\" \/>\n<meta property=\"og:title\" content=\"Justice\u00a0: Vers la fusion des professions d\u2019huissier et de commissaire-priseur - La Sentinelle\" \/>\n<meta property=\"og:description\" content=\"L\u2019Ex\u00e9cutif projette de fusionner les professions d\u2019huissier de justice et de commissaire-priseur, ainsi que de renforcer leur encadrement. L\u2019objectif annonc\u00e9\" \/>\n<meta property=\"og:url\" content=\"https:\/\/lasentinelle.dz\/index.php\/2023\/03\/29\/justice-vers-la-fusion-des-professions-dhuissier-et-de-commissaire-priseur\/\" \/>\n<meta property=\"og:site_name\" content=\"La Sentinelle\" \/>\n<meta property=\"article:publisher\" content=\"https:\/\/www.facebook.com\/La-Sentinelle-104059864394773\" \/>\n<meta property=\"article:published_time\" content=\"2023-03-29T21:05:00+00:00\" \/>\n<meta property=\"og:image\" content=\"https:\/\/lasentinelle.dz\/wp-content\/uploads\/2023\/03\/commissaire-priseur.png\" \/>\n\t<meta property=\"og:image:width\" content=\"1440\" \/>\n\t<meta property=\"og:image:height\" content=\"900\" \/>\n\t<meta property=\"og:image:type\" content=\"image\/png\" \/>\n<meta name=\"author\" content=\"La Sentinelle\" \/>\n<meta name=\"twitter:card\" content=\"summary_large_image\" \/>\n<meta name=\"twitter:label1\" content=\"\u00c9crit par\" \/>\n\t<meta name=\"twitter:data1\" content=\"La Sentinelle\" \/>\n\t<meta name=\"twitter:label2\" content=\"Dur\u00e9e de lecture estim\u00e9e\" \/>\n\t<meta name=\"twitter:data2\" content=\"3 minutes\" \/>\n<script type=\"application\/ld+json\" class=\"yoast-schema-graph\">{\"@context\":\"https:\\\/\\\/schema.org\",\"@graph\":[{\"@type\":\"Article\",\"@id\":\"https:\\\/\\\/lasentinelle.dz\\\/index.php\\\/2023\\\/03\\\/29\\\/justice-vers-la-fusion-des-professions-dhuissier-et-de-commissaire-priseur\\\/#article\",\"isPartOf\":{\"@id\":\"https:\\\/\\\/lasentinelle.dz\\\/index.php\\\/2023\\\/03\\\/29\\\/justice-vers-la-fusion-des-professions-dhuissier-et-de-commissaire-priseur\\\/\"},\"author\":{\"name\":\"La Sentinelle\",\"@id\":\"https:\\\/\\\/lasentinelle.dz\\\/#\\\/schema\\\/person\\\/d865044e22e70a75174ce8bcad3acfb3\"},\"headline\":\"Justice\u00a0: Vers la fusion des professions d\u2019huissier et de commissaire-priseur\",\"datePublished\":\"2023-03-29T21:05:00+00:00\",\"mainEntityOfPage\":{\"@id\":\"https:\\\/\\\/lasentinelle.dz\\\/index.php\\\/2023\\\/03\\\/29\\\/justice-vers-la-fusion-des-professions-dhuissier-et-de-commissaire-priseur\\\/\"},\"wordCount\":615,\"commentCount\":0,\"publisher\":{\"@id\":\"https:\\\/\\\/lasentinelle.dz\\\/#organization\"},\"image\":{\"@id\":\"https:\\\/\\\/lasentinelle.dz\\\/index.php\\\/2023\\\/03\\\/29\\\/justice-vers-la-fusion-des-professions-dhuissier-et-de-commissaire-priseur\\\/#primaryimage\"},\"thumbnailUrl\":\"https:\\\/\\\/lasentinelle.dz\\\/wp-content\\\/uploads\\\/2023\\\/03\\\/commissaire-priseur.png\",\"articleSection\":[\"Actualit\u00e9\"],\"inLanguage\":\"fr-FR\",\"potentialAction\":[{\"@type\":\"CommentAction\",\"name\":\"Comment\",\"target\":[\"https:\\\/\\\/lasentinelle.dz\\\/index.php\\\/2023\\\/03\\\/29\\\/justice-vers-la-fusion-des-professions-dhuissier-et-de-commissaire-priseur\\\/#respond\"]}]},{\"@type\":\"WebPage\",\"@id\":\"https:\\\/\\\/lasentinelle.dz\\\/index.php\\\/2023\\\/03\\\/29\\\/justice-vers-la-fusion-des-professions-dhuissier-et-de-commissaire-priseur\\\/\",\"url\":\"https:\\\/\\\/lasentinelle.dz\\\/index.php\\\/2023\\\/03\\\/29\\\/justice-vers-la-fusion-des-professions-dhuissier-et-de-commissaire-priseur\\\/\",\"name\":\"Justice\u00a0: Vers la fusion des professions d\u2019huissier et de commissaire-priseur - La Sentinelle\",\"isPartOf\":{\"@id\":\"https:\\\/\\\/lasentinelle.dz\\\/#website\"},\"primaryImageOfPage\":{\"@id\":\"https:\\\/\\\/lasentinelle.dz\\\/index.php\\\/2023\\\/03\\\/29\\\/justice-vers-la-fusion-des-professions-dhuissier-et-de-commissaire-priseur\\\/#primaryimage\"},\"image\":{\"@id\":\"https:\\\/\\\/lasentinelle.dz\\\/index.php\\\/2023\\\/03\\\/29\\\/justice-vers-la-fusion-des-professions-dhuissier-et-de-commissaire-priseur\\\/#primaryimage\"},\"thumbnailUrl\":\"https:\\\/\\\/lasentinelle.dz\\\/wp-content\\\/uploads\\\/2023\\\/03\\\/commissaire-priseur.png\",\"datePublished\":\"2023-03-29T21:05:00+00:00\",\"breadcrumb\":{\"@id\":\"https:\\\/\\\/lasentinelle.dz\\\/index.php\\\/2023\\\/03\\\/29\\\/justice-vers-la-fusion-des-professions-dhuissier-et-de-commissaire-priseur\\\/#breadcrumb\"},\"inLanguage\":\"fr-FR\",\"potentialAction\":[{\"@type\":\"ReadAction\",\"target\":[\"https:\\\/\\\/lasentinelle.dz\\\/index.php\\\/2023\\\/03\\\/29\\\/justice-vers-la-fusion-des-professions-dhuissier-et-de-commissaire-priseur\\\/\"]}]},{\"@type\":\"ImageObject\",\"inLanguage\":\"fr-FR\",\"@id\":\"https:\\\/\\\/lasentinelle.dz\\\/index.php\\\/2023\\\/03\\\/29\\\/justice-vers-la-fusion-des-professions-dhuissier-et-de-commissaire-priseur\\\/#primaryimage\",\"url\":\"https:\\\/\\\/lasentinelle.dz\\\/wp-content\\\/uploads\\\/2023\\\/03\\\/commissaire-priseur.png\",\"contentUrl\":\"https:\\\/\\\/lasentinelle.dz\\\/wp-content\\\/uploads\\\/2023\\\/03\\\/commissaire-priseur.png\",\"width\":1440,\"height\":900},{\"@type\":\"BreadcrumbList\",\"@id\":\"https:\\\/\\\/lasentinelle.dz\\\/index.php\\\/2023\\\/03\\\/29\\\/justice-vers-la-fusion-des-professions-dhuissier-et-de-commissaire-priseur\\\/#breadcrumb\",\"itemListElement\":[{\"@type\":\"ListItem\",\"position\":1,\"name\":\"Accueil\",\"item\":\"https:\\\/\\\/lasentinelle.dz\\\/\"},{\"@type\":\"ListItem\",\"position\":2,\"name\":\"Justice\u00a0: Vers la fusion des professions d\u2019huissier et de commissaire-priseur\"}]},{\"@type\":\"WebSite\",\"@id\":\"https:\\\/\\\/lasentinelle.dz\\\/#website\",\"url\":\"https:\\\/\\\/lasentinelle.dz\\\/\",\"name\":\"La Sentinelle\",\"description\":\"Quotidien national d&#039;information\",\"publisher\":{\"@id\":\"https:\\\/\\\/lasentinelle.dz\\\/#organization\"},\"potentialAction\":[{\"@type\":\"SearchAction\",\"target\":{\"@type\":\"EntryPoint\",\"urlTemplate\":\"https:\\\/\\\/lasentinelle.dz\\\/?s={search_term_string}\"},\"query-input\":{\"@type\":\"PropertyValueSpecification\",\"valueRequired\":true,\"valueName\":\"search_term_string\"}}],\"inLanguage\":\"fr-FR\"},{\"@type\":\"Organization\",\"@id\":\"https:\\\/\\\/lasentinelle.dz\\\/#organization\",\"name\":\"Quotidien La Sentinelle\",\"url\":\"https:\\\/\\\/lasentinelle.dz\\\/\",\"logo\":{\"@type\":\"ImageObject\",\"inLanguage\":\"fr-FR\",\"@id\":\"https:\\\/\\\/lasentinelle.dz\\\/#\\\/schema\\\/logo\\\/image\\\/\",\"url\":\"https:\\\/\\\/lasentinelle.dz\\\/wp-content\\\/uploads\\\/2021\\\/09\\\/logo-sentinelleSLOGAN-1.png\",\"contentUrl\":\"https:\\\/\\\/lasentinelle.dz\\\/wp-content\\\/uploads\\\/2021\\\/09\\\/logo-sentinelleSLOGAN-1.png\",\"width\":615,\"height\":142,\"caption\":\"Quotidien La Sentinelle\"},\"image\":{\"@id\":\"https:\\\/\\\/lasentinelle.dz\\\/#\\\/schema\\\/logo\\\/image\\\/\"},\"sameAs\":[\"https:\\\/\\\/www.facebook.com\\\/La-Sentinelle-104059864394773\"]},{\"@type\":\"Person\",\"@id\":\"https:\\\/\\\/lasentinelle.dz\\\/#\\\/schema\\\/person\\\/d865044e22e70a75174ce8bcad3acfb3\",\"name\":\"La Sentinelle\",\"image\":{\"@type\":\"ImageObject\",\"inLanguage\":\"fr-FR\",\"@id\":\"https:\\\/\\\/secure.gravatar.com\\\/avatar\\\/57de8e5d4b15d43fb361a71fbb36338450fe67865b528a43dd10ef7c51a20392?s=96&d=mm&r=g\",\"url\":\"https:\\\/\\\/secure.gravatar.com\\\/avatar\\\/57de8e5d4b15d43fb361a71fbb36338450fe67865b528a43dd10ef7c51a20392?s=96&d=mm&r=g\",\"contentUrl\":\"https:\\\/\\\/secure.gravatar.com\\\/avatar\\\/57de8e5d4b15d43fb361a71fbb36338450fe67865b528a43dd10ef7c51a20392?s=96&d=mm&r=g\",\"caption\":\"La Sentinelle\"},\"sameAs\":[\"http:\\\/\\\/www.lasentinelle.dz\"],\"url\":\"https:\\\/\\\/lasentinelle.dz\\\/author\\\/redaction\\\/\"}]}<\/script>\n<!-- \/ Yoast SEO plugin. -->","yoast_head_json":{"title":"Justice\u00a0: Vers la fusion des professions d\u2019huissier et de commissaire-priseur - La Sentinelle","robots":{"index":"index","follow":"follow","max-snippet":"max-snippet:-1","max-image-preview":"max-image-preview:large","max-video-preview":"max-video-preview:-1"},"canonical":"https:\/\/lasentinelle.dz\/index.php\/2023\/03\/29\/justice-vers-la-fusion-des-professions-dhuissier-et-de-commissaire-priseur\/","og_locale":"fr_FR","og_type":"article","og_title":"Justice\u00a0: Vers la fusion des professions d\u2019huissier et de commissaire-priseur - La Sentinelle","og_description":"L\u2019Ex\u00e9cutif projette de fusionner les professions d\u2019huissier de justice et de commissaire-priseur, ainsi que de renforcer leur encadrement. L\u2019objectif annonc\u00e9","og_url":"https:\/\/lasentinelle.dz\/index.php\/2023\/03\/29\/justice-vers-la-fusion-des-professions-dhuissier-et-de-commissaire-priseur\/","og_site_name":"La Sentinelle","article_publisher":"https:\/\/www.facebook.com\/La-Sentinelle-104059864394773","article_published_time":"2023-03-29T21:05:00+00:00","og_image":[{"width":1440,"height":900,"url":"https:\/\/lasentinelle.dz\/wp-content\/uploads\/2023\/03\/commissaire-priseur.png","type":"image\/png"}],"author":"La Sentinelle","twitter_card":"summary_large_image","twitter_misc":{"\u00c9crit par":"La Sentinelle","Dur\u00e9e de lecture estim\u00e9e":"3 minutes"},"schema":{"@context":"https:\/\/schema.org","@graph":[{"@type":"Article","@id":"https:\/\/lasentinelle.dz\/index.php\/2023\/03\/29\/justice-vers-la-fusion-des-professions-dhuissier-et-de-commissaire-priseur\/#article","isPartOf":{"@id":"https:\/\/lasentinelle.dz\/index.php\/2023\/03\/29\/justice-vers-la-fusion-des-professions-dhuissier-et-de-commissaire-priseur\/"},"author":{"name":"La Sentinelle","@id":"https:\/\/lasentinelle.dz\/#\/schema\/person\/d865044e22e70a75174ce8bcad3acfb3"},"headline":"Justice\u00a0: Vers la fusion des professions d\u2019huissier et de commissaire-priseur","datePublished":"2023-03-29T21:05:00+00:00","mainEntityOfPage":{"@id":"https:\/\/lasentinelle.dz\/index.php\/2023\/03\/29\/justice-vers-la-fusion-des-professions-dhuissier-et-de-commissaire-priseur\/"},"wordCount":615,"commentCount":0,"publisher":{"@id":"https:\/\/lasentinelle.dz\/#organization"},"image":{"@id":"https:\/\/lasentinelle.dz\/index.php\/2023\/03\/29\/justice-vers-la-fusion-des-professions-dhuissier-et-de-commissaire-priseur\/#primaryimage"},"thumbnailUrl":"https:\/\/lasentinelle.dz\/wp-content\/uploads\/2023\/03\/commissaire-priseur.png","articleSection":["Actualit\u00e9"],"inLanguage":"fr-FR","potentialAction":[{"@type":"CommentAction","name":"Comment","target":["https:\/\/lasentinelle.dz\/index.php\/2023\/03\/29\/justice-vers-la-fusion-des-professions-dhuissier-et-de-commissaire-priseur\/#respond"]}]},{"@type":"WebPage","@id":"https:\/\/lasentinelle.dz\/index.php\/2023\/03\/29\/justice-vers-la-fusion-des-professions-dhuissier-et-de-commissaire-priseur\/","url":"https:\/\/lasentinelle.dz\/index.php\/2023\/03\/29\/justice-vers-la-fusion-des-professions-dhuissier-et-de-commissaire-priseur\/","name":"Justice\u00a0: Vers la fusion des professions d\u2019huissier et de commissaire-priseur - La Sentinelle","isPartOf":{"@id":"https:\/\/lasentinelle.dz\/#website"},"primaryImageOfPage":{"@id":"https:\/\/lasentinelle.dz\/index.php\/2023\/03\/29\/justice-vers-la-fusion-des-professions-dhuissier-et-de-commissaire-priseur\/#primaryimage"},"image":{"@id":"https:\/\/lasentinelle.dz\/index.php\/2023\/03\/29\/justice-vers-la-fusion-des-professions-dhuissier-et-de-commissaire-priseur\/#primaryimage"},"thumbnailUrl":"https:\/\/lasentinelle.dz\/wp-content\/uploads\/2023\/03\/commissaire-priseur.png","datePublished":"2023-03-29T21:05:00+00:00","breadcrumb":{"@id":"https:\/\/lasentinelle.dz\/index.php\/2023\/03\/29\/justice-vers-la-fusion-des-professions-dhuissier-et-de-commissaire-priseur\/#breadcrumb"},"inLanguage":"fr-FR","potentialAction":[{"@type":"ReadAction","target":["https:\/\/lasentinelle.dz\/index.php\/2023\/03\/29\/justice-vers-la-fusion-des-professions-dhuissier-et-de-commissaire-priseur\/"]}]},{"@type":"ImageObject","inLanguage":"fr-FR","@id":"https:\/\/lasentinelle.dz\/index.php\/2023\/03\/29\/justice-vers-la-fusion-des-professions-dhuissier-et-de-commissaire-priseur\/#primaryimage","url":"https:\/\/lasentinelle.dz\/wp-content\/uploads\/2023\/03\/commissaire-priseur.png","contentUrl":"https:\/\/lasentinelle.dz\/wp-content\/uploads\/2023\/03\/commissaire-priseur.png","width":1440,"height":900},{"@type":"BreadcrumbList","@id":"https:\/\/lasentinelle.dz\/index.php\/2023\/03\/29\/justice-vers-la-fusion-des-professions-dhuissier-et-de-commissaire-priseur\/#breadcrumb","itemListElement":[{"@type":"ListItem","position":1,"name":"Accueil","item":"https:\/\/lasentinelle.dz\/"},{"@type":"ListItem","position":2,"name":"Justice\u00a0: Vers la fusion des professions d\u2019huissier et de commissaire-priseur"}]},{"@type":"WebSite","@id":"https:\/\/lasentinelle.dz\/#website","url":"https:\/\/lasentinelle.dz\/","name":"La Sentinelle","description":"Quotidien national d&#039;information","publisher":{"@id":"https:\/\/lasentinelle.dz\/#organization"},"potentialAction":[{"@type":"SearchAction","target":{"@type":"EntryPoint","urlTemplate":"https:\/\/lasentinelle.dz\/?s={search_term_string}"},"query-input":{"@type":"PropertyValueSpecification","valueRequired":true,"valueName":"search_term_string"}}],"inLanguage":"fr-FR"},{"@type":"Organization","@id":"https:\/\/lasentinelle.dz\/#organization","name":"Quotidien La Sentinelle","url":"https:\/\/lasentinelle.dz\/","logo":{"@type":"ImageObject","inLanguage":"fr-FR","@id":"https:\/\/lasentinelle.dz\/#\/schema\/logo\/image\/","url":"https:\/\/lasentinelle.dz\/wp-content\/uploads\/2021\/09\/logo-sentinelleSLOGAN-1.png","contentUrl":"https:\/\/lasentinelle.dz\/wp-content\/uploads\/2021\/09\/logo-sentinelleSLOGAN-1.png","width":615,"height":142,"caption":"Quotidien La Sentinelle"},"image":{"@id":"https:\/\/lasentinelle.dz\/#\/schema\/logo\/image\/"},"sameAs":["https:\/\/www.facebook.com\/La-Sentinelle-104059864394773"]},{"@type":"Person","@id":"https:\/\/lasentinelle.dz\/#\/schema\/person\/d865044e22e70a75174ce8bcad3acfb3","name":"La Sentinelle","image":{"@type":"ImageObject","inLanguage":"fr-FR","@id":"https:\/\/secure.gravatar.com\/avatar\/57de8e5d4b15d43fb361a71fbb36338450fe67865b528a43dd10ef7c51a20392?s=96&d=mm&r=g","url":"https:\/\/secure.gravatar.com\/avatar\/57de8e5d4b15d43fb361a71fbb36338450fe67865b528a43dd10ef7c51a20392?s=96&d=mm&r=g","contentUrl":"https:\/\/secure.gravatar.com\/avatar\/57de8e5d4b15d43fb361a71fbb36338450fe67865b528a43dd10ef7c51a20392?s=96&d=mm&r=g","caption":"La Sentinelle"},"sameAs":["http:\/\/www.lasentinelle.dz"],"url":"https:\/\/lasentinelle.dz\/author\/redaction\/"}]}},"_links":{"self":[{"href":"https:\/\/lasentinelle.dz\/index.php\/wp-json\/wp\/v2\/posts\/38698","targetHints":{"allow":["GET"]}}],"collection":[{"href":"https:\/\/lasentinelle.dz\/index.php\/wp-json\/wp\/v2\/posts"}],"about":[{"href":"https:\/\/lasentinelle.dz\/index.php\/wp-json\/wp\/v2\/types\/post"}],"author":[{"embeddable":true,"href":"https:\/\/lasentinelle.dz\/index.php\/wp-json\/wp\/v2\/users\/3"}],"replies":[{"embeddable":true,"href":"https:\/\/lasentinelle.dz\/index.php\/wp-json\/wp\/v2\/comments?post=38698"}],"version-history":[{"count":1,"href":"https:\/\/lasentinelle.dz\/index.php\/wp-json\/wp\/v2\/posts\/38698\/revisions"}],"predecessor-version":[{"id":38710,"href":"https:\/\/lasentinelle.dz\/index.php\/wp-json\/wp\/v2\/posts\/38698\/revisions\/38710"}],"wp:featuredmedia":[{"embeddable":true,"href":"https:\/\/lasentinelle.dz\/index.php\/wp-json\/wp\/v2\/media\/38704"}],"wp:attachment":[{"href":"https:\/\/lasentinelle.dz\/index.php\/wp-json\/wp\/v2\/media?parent=38698"}],"wp:term":[{"taxonomy":"category","embeddable":true,"href":"https:\/\/lasentinelle.dz\/index.php\/wp-json\/wp\/v2\/categories?post=38698"},{"taxonomy":"post_tag","embeddable":true,"href":"https:\/\/lasentinelle.dz\/index.php\/wp-json\/wp\/v2\/tags?post=38698"}],"curies":[{"name":"wp","href":"https:\/\/api.w.org\/{rel}","templated":true}]}}