{"id":38713,"date":"2023-03-29T22:05:00","date_gmt":"2023-03-29T21:05:00","guid":{"rendered":"https:\/\/lasentinelle.dz\/?p=38713"},"modified":"2023-03-29T18:33:51","modified_gmt":"2023-03-29T17:33:51","slug":"transport-delectricite-sonelgaz-met-en-service-des-ouvrages-pour-une-valeur-de-24-milliards-da","status":"publish","type":"post","link":"https:\/\/lasentinelle.dz\/index.php\/2023\/03\/29\/transport-delectricite-sonelgaz-met-en-service-des-ouvrages-pour-une-valeur-de-24-milliards-da\/","title":{"rendered":"Transport d\u2019\u00e9lectricit\u00e9\u00a0: Sonelgaz met en service des ouvrages pour une valeur de 24 milliards DA"},"content":{"rendered":"\n<p>Le groupe public Sonelgaz a annonc\u00e9 mardi dans un communiqu\u00e9 que sa filiale \u00ab\u00a0Sonelgaz-transport \u00e9lectricit\u00e9\u00a0\u00bb a mis en service un nombre important d\u2019ouvrages \u00e9lectriques pour une valeur globale de 24 milliards de dinars durant les quatre derniers mois. Plusieurs projets ont \u00e9t\u00e9 ainsi r\u00e9alis\u00e9s en l\u2019occurrence des postes de raccordement au r\u00e9seau \u00e9lectrique, des transformateurs et des stations mobiles, et ce \u00e0 travers l\u2019augmentation de la capacit\u00e9 complexe de 1500 m\u00e9gavolt-amp\u00e8re (MVA) dans le but de garantir la s\u00e9curit\u00e9 du syst\u00e8me \u00e9lectrique et d\u2019assurer une alimentation r\u00e9guli\u00e8re des wilayas concern\u00e9es en \u00e9lectricit\u00e9 et partant am\u00e9liorer la qualit\u00e9 du service public et encourager le d\u00e9veloppement \u00e9conomique au niveau local, ajoute le communiqu\u00e9. Dans une premi\u00e8re \u00e9tape, le programme r\u00e9alis\u00e9 pour la p\u00e9riode allant du 01 d\u00e9cembre 2022 au 27 mars 2023 a concern\u00e9 19 wilayas. Il s\u2019agit de la r\u00e9alisation de 4 ouvrages dans la wilaya de skikda, 3 dans la wilaya d\u2019Al Tarf, 2 ouvrages dans les wilayas de Jijel, Boumerdes et Djelfa, un seul ouvrage dans les wilayas de S\u00e9tif, Oran, Khenchela, Na\u00e2ma, el Bayadh, Sa\u00efda, Biskra, Sidi Bel Abbes, Bechar, Medea, Alger, Relizane, Tebessa et Oum el Bouaghi, note le document. Ces nouvelles r\u00e9alisations permettront d\u2019am\u00e9liorer le niveau de raccordement et la qualit\u00e9 des services fournis en zones industrielles, zones d\u2019activit\u00e9s, zones agricoles, stations de dessalement et centres urbains et ruraux, pr\u00e9cise la m\u00eame source. Pour ce qui est des autres projets strat\u00e9giques devant \u00eatre r\u00e9ceptionn\u00e9s, \u00ab\u00a0la mise en service se fera en fonction du taux d\u2019avancement des travaux et conform\u00e9ment aux d\u00e9lais pr\u00e9alablement impartis, soit avant l\u2019\u00e9t\u00e9 2023 pour un \u00e9t\u00e9 serein sans coupures, conclut le document.<\/p>\n\n\n\n<p>APS<\/p>\n","protected":false},"excerpt":{"rendered":"<p>Le groupe public Sonelgaz a annonc\u00e9 mardi dans un communiqu\u00e9 que sa filiale \u00ab\u00a0Sonelgaz-transport \u00e9lectricit\u00e9\u00a0\u00bb a mis en service un<\/p>\n","protected":false},"author":3,"featured_media":18219,"comment_status":"open","ping_status":"closed","sticky":false,"template":"","format":"standard","meta":{"colormag_page_container_layout":"default_layout","colormag_page_sidebar_layout":"default_layout","om_disable_all_campaigns":false,"_monsterinsights_skip_tracking":false,"_monsterinsights_sitenote_active":false,"_monsterinsights_sitenote_note":"","_monsterinsights_sitenote_category":0,"footnotes":"","_wpscppro_dont_share_socialmedia":false,"_wpscppro_custom_social_share_image":0,"_facebook_share_type":"","_twitter_share_type":"","_linkedin_share_type":"","_pinterest_share_type":"","_linkedin_share_type_page":"","_instagram_share_type":"","_medium_share_type":"","_threads_share_type":"","_google_business_share_type":"","_selected_social_profile":[],"_wpsp_enable_custom_social_template":false,"_wpsp_social_scheduling":{"enabled":false,"datetime":null,"platforms":[],"status":"template_only","dateOption":"today","timeOption":"now","customDays":"","customHours":"","customDate":"","customTime":"","schedulingType":"absolute"},"_wpsp_active_default_template":true},"categories":[29],"tags":[],"class_list":["post-38713","post","type-post","status-publish","format-standard","has-post-thumbnail","hentry","category-economie"],"aioseo_notices":[],"yoast_head":"<!-- This site is optimized with the Yoast SEO plugin v27.5 - https:\/\/yoast.com\/product\/yoast-seo-wordpress\/ -->\n<title>Transport d\u2019\u00e9lectricit\u00e9\u00a0: Sonelgaz met en service des ouvrages pour une valeur de 24 milliards DA - La Sentinelle<\/title>\n<meta name=\"robots\" content=\"index, follow, max-snippet:-1, max-image-preview:large, max-video-preview:-1\" \/>\n<link rel=\"canonical\" href=\"https:\/\/lasentinelle.dz\/index.php\/2023\/03\/29\/transport-delectricite-sonelgaz-met-en-service-des-ouvrages-pour-une-valeur-de-24-milliards-da\/\" \/>\n<meta property=\"og:locale\" content=\"fr_FR\" \/>\n<meta property=\"og:type\" content=\"article\" \/>\n<meta property=\"og:title\" content=\"Transport d\u2019\u00e9lectricit\u00e9\u00a0: Sonelgaz met en service des ouvrages pour une valeur de 24 milliards DA - La Sentinelle\" \/>\n<meta property=\"og:description\" content=\"Le groupe public Sonelgaz a annonc\u00e9 mardi dans un communiqu\u00e9 que sa filiale \u00ab\u00a0Sonelgaz-transport \u00e9lectricit\u00e9\u00a0\u00bb a mis en service un\" \/>\n<meta property=\"og:url\" content=\"https:\/\/lasentinelle.dz\/index.php\/2023\/03\/29\/transport-delectricite-sonelgaz-met-en-service-des-ouvrages-pour-une-valeur-de-24-milliards-da\/\" \/>\n<meta property=\"og:site_name\" content=\"La Sentinelle\" \/>\n<meta property=\"article:publisher\" content=\"https:\/\/www.facebook.com\/La-Sentinelle-104059864394773\" \/>\n<meta property=\"article:published_time\" content=\"2023-03-29T21:05:00+00:00\" \/>\n<meta property=\"og:image\" content=\"https:\/\/lasentinelle.dz\/wp-content\/uploads\/2022\/03\/sonalgaz.png\" \/>\n\t<meta property=\"og:image:width\" content=\"1350\" \/>\n\t<meta property=\"og:image:height\" content=\"900\" \/>\n\t<meta property=\"og:image:type\" content=\"image\/png\" \/>\n<meta name=\"author\" content=\"La Sentinelle\" \/>\n<meta name=\"twitter:card\" content=\"summary_large_image\" \/>\n<meta name=\"twitter:label1\" content=\"\u00c9crit par\" \/>\n\t<meta name=\"twitter:data1\" content=\"La Sentinelle\" \/>\n\t<meta name=\"twitter:label2\" content=\"Dur\u00e9e de lecture estim\u00e9e\" \/>\n\t<meta name=\"twitter:data2\" content=\"2 minutes\" \/>\n<script type=\"application\/ld+json\" class=\"yoast-schema-graph\">{\"@context\":\"https:\\\/\\\/schema.org\",\"@graph\":[{\"@type\":\"Article\",\"@id\":\"https:\\\/\\\/lasentinelle.dz\\\/index.php\\\/2023\\\/03\\\/29\\\/transport-delectricite-sonelgaz-met-en-service-des-ouvrages-pour-une-valeur-de-24-milliards-da\\\/#article\",\"isPartOf\":{\"@id\":\"https:\\\/\\\/lasentinelle.dz\\\/index.php\\\/2023\\\/03\\\/29\\\/transport-delectricite-sonelgaz-met-en-service-des-ouvrages-pour-une-valeur-de-24-milliards-da\\\/\"},\"author\":{\"name\":\"La Sentinelle\",\"@id\":\"https:\\\/\\\/lasentinelle.dz\\\/#\\\/schema\\\/person\\\/d865044e22e70a75174ce8bcad3acfb3\"},\"headline\":\"Transport d\u2019\u00e9lectricit\u00e9\u00a0: Sonelgaz met en service des ouvrages pour une valeur de 24 milliards DA\",\"datePublished\":\"2023-03-29T21:05:00+00:00\",\"mainEntityOfPage\":{\"@id\":\"https:\\\/\\\/lasentinelle.dz\\\/index.php\\\/2023\\\/03\\\/29\\\/transport-delectricite-sonelgaz-met-en-service-des-ouvrages-pour-une-valeur-de-24-milliards-da\\\/\"},\"wordCount\":315,\"commentCount\":0,\"publisher\":{\"@id\":\"https:\\\/\\\/lasentinelle.dz\\\/#organization\"},\"image\":{\"@id\":\"https:\\\/\\\/lasentinelle.dz\\\/index.php\\\/2023\\\/03\\\/29\\\/transport-delectricite-sonelgaz-met-en-service-des-ouvrages-pour-une-valeur-de-24-milliards-da\\\/#primaryimage\"},\"thumbnailUrl\":\"https:\\\/\\\/lasentinelle.dz\\\/wp-content\\\/uploads\\\/2022\\\/03\\\/sonalgaz.png\",\"articleSection\":[\"\u00c9conomie\"],\"inLanguage\":\"fr-FR\",\"potentialAction\":[{\"@type\":\"CommentAction\",\"name\":\"Comment\",\"target\":[\"https:\\\/\\\/lasentinelle.dz\\\/index.php\\\/2023\\\/03\\\/29\\\/transport-delectricite-sonelgaz-met-en-service-des-ouvrages-pour-une-valeur-de-24-milliards-da\\\/#respond\"]}]},{\"@type\":\"WebPage\",\"@id\":\"https:\\\/\\\/lasentinelle.dz\\\/index.php\\\/2023\\\/03\\\/29\\\/transport-delectricite-sonelgaz-met-en-service-des-ouvrages-pour-une-valeur-de-24-milliards-da\\\/\",\"url\":\"https:\\\/\\\/lasentinelle.dz\\\/index.php\\\/2023\\\/03\\\/29\\\/transport-delectricite-sonelgaz-met-en-service-des-ouvrages-pour-une-valeur-de-24-milliards-da\\\/\",\"name\":\"Transport d\u2019\u00e9lectricit\u00e9\u00a0: Sonelgaz met en service des ouvrages pour une valeur de 24 milliards DA - La Sentinelle\",\"isPartOf\":{\"@id\":\"https:\\\/\\\/lasentinelle.dz\\\/#website\"},\"primaryImageOfPage\":{\"@id\":\"https:\\\/\\\/lasentinelle.dz\\\/index.php\\\/2023\\\/03\\\/29\\\/transport-delectricite-sonelgaz-met-en-service-des-ouvrages-pour-une-valeur-de-24-milliards-da\\\/#primaryimage\"},\"image\":{\"@id\":\"https:\\\/\\\/lasentinelle.dz\\\/index.php\\\/2023\\\/03\\\/29\\\/transport-delectricite-sonelgaz-met-en-service-des-ouvrages-pour-une-valeur-de-24-milliards-da\\\/#primaryimage\"},\"thumbnailUrl\":\"https:\\\/\\\/lasentinelle.dz\\\/wp-content\\\/uploads\\\/2022\\\/03\\\/sonalgaz.png\",\"datePublished\":\"2023-03-29T21:05:00+00:00\",\"breadcrumb\":{\"@id\":\"https:\\\/\\\/lasentinelle.dz\\\/index.php\\\/2023\\\/03\\\/29\\\/transport-delectricite-sonelgaz-met-en-service-des-ouvrages-pour-une-valeur-de-24-milliards-da\\\/#breadcrumb\"},\"inLanguage\":\"fr-FR\",\"potentialAction\":[{\"@type\":\"ReadAction\",\"target\":[\"https:\\\/\\\/lasentinelle.dz\\\/index.php\\\/2023\\\/03\\\/29\\\/transport-delectricite-sonelgaz-met-en-service-des-ouvrages-pour-une-valeur-de-24-milliards-da\\\/\"]}]},{\"@type\":\"ImageObject\",\"inLanguage\":\"fr-FR\",\"@id\":\"https:\\\/\\\/lasentinelle.dz\\\/index.php\\\/2023\\\/03\\\/29\\\/transport-delectricite-sonelgaz-met-en-service-des-ouvrages-pour-une-valeur-de-24-milliards-da\\\/#primaryimage\",\"url\":\"https:\\\/\\\/lasentinelle.dz\\\/wp-content\\\/uploads\\\/2022\\\/03\\\/sonalgaz.png\",\"contentUrl\":\"https:\\\/\\\/lasentinelle.dz\\\/wp-content\\\/uploads\\\/2022\\\/03\\\/sonalgaz.png\",\"width\":1350,\"height\":900},{\"@type\":\"BreadcrumbList\",\"@id\":\"https:\\\/\\\/lasentinelle.dz\\\/index.php\\\/2023\\\/03\\\/29\\\/transport-delectricite-sonelgaz-met-en-service-des-ouvrages-pour-une-valeur-de-24-milliards-da\\\/#breadcrumb\",\"itemListElement\":[{\"@type\":\"ListItem\",\"position\":1,\"name\":\"Accueil\",\"item\":\"https:\\\/\\\/lasentinelle.dz\\\/\"},{\"@type\":\"ListItem\",\"position\":2,\"name\":\"Transport d\u2019\u00e9lectricit\u00e9\u00a0: Sonelgaz met en service des ouvrages pour une valeur de 24 milliards DA\"}]},{\"@type\":\"WebSite\",\"@id\":\"https:\\\/\\\/lasentinelle.dz\\\/#website\",\"url\":\"https:\\\/\\\/lasentinelle.dz\\\/\",\"name\":\"La Sentinelle\",\"description\":\"Quotidien national d&#039;information\",\"publisher\":{\"@id\":\"https:\\\/\\\/lasentinelle.dz\\\/#organization\"},\"potentialAction\":[{\"@type\":\"SearchAction\",\"target\":{\"@type\":\"EntryPoint\",\"urlTemplate\":\"https:\\\/\\\/lasentinelle.dz\\\/?s={search_term_string}\"},\"query-input\":{\"@type\":\"PropertyValueSpecification\",\"valueRequired\":true,\"valueName\":\"search_term_string\"}}],\"inLanguage\":\"fr-FR\"},{\"@type\":\"Organization\",\"@id\":\"https:\\\/\\\/lasentinelle.dz\\\/#organization\",\"name\":\"Quotidien La Sentinelle\",\"url\":\"https:\\\/\\\/lasentinelle.dz\\\/\",\"logo\":{\"@type\":\"ImageObject\",\"inLanguage\":\"fr-FR\",\"@id\":\"https:\\\/\\\/lasentinelle.dz\\\/#\\\/schema\\\/logo\\\/image\\\/\",\"url\":\"https:\\\/\\\/lasentinelle.dz\\\/wp-content\\\/uploads\\\/2021\\\/09\\\/logo-sentinelleSLOGAN-1.png\",\"contentUrl\":\"https:\\\/\\\/lasentinelle.dz\\\/wp-content\\\/uploads\\\/2021\\\/09\\\/logo-sentinelleSLOGAN-1.png\",\"width\":615,\"height\":142,\"caption\":\"Quotidien La Sentinelle\"},\"image\":{\"@id\":\"https:\\\/\\\/lasentinelle.dz\\\/#\\\/schema\\\/logo\\\/image\\\/\"},\"sameAs\":[\"https:\\\/\\\/www.facebook.com\\\/La-Sentinelle-104059864394773\"]},{\"@type\":\"Person\",\"@id\":\"https:\\\/\\\/lasentinelle.dz\\\/#\\\/schema\\\/person\\\/d865044e22e70a75174ce8bcad3acfb3\",\"name\":\"La Sentinelle\",\"image\":{\"@type\":\"ImageObject\",\"inLanguage\":\"fr-FR\",\"@id\":\"https:\\\/\\\/secure.gravatar.com\\\/avatar\\\/57de8e5d4b15d43fb361a71fbb36338450fe67865b528a43dd10ef7c51a20392?s=96&d=mm&r=g\",\"url\":\"https:\\\/\\\/secure.gravatar.com\\\/avatar\\\/57de8e5d4b15d43fb361a71fbb36338450fe67865b528a43dd10ef7c51a20392?s=96&d=mm&r=g\",\"contentUrl\":\"https:\\\/\\\/secure.gravatar.com\\\/avatar\\\/57de8e5d4b15d43fb361a71fbb36338450fe67865b528a43dd10ef7c51a20392?s=96&d=mm&r=g\",\"caption\":\"La Sentinelle\"},\"sameAs\":[\"http:\\\/\\\/www.lasentinelle.dz\"],\"url\":\"https:\\\/\\\/lasentinelle.dz\\\/author\\\/redaction\\\/\"}]}<\/script>\n<!-- \/ Yoast SEO plugin. -->","yoast_head_json":{"title":"Transport d\u2019\u00e9lectricit\u00e9\u00a0: Sonelgaz met en service des ouvrages pour une valeur de 24 milliards DA - La Sentinelle","robots":{"index":"index","follow":"follow","max-snippet":"max-snippet:-1","max-image-preview":"max-image-preview:large","max-video-preview":"max-video-preview:-1"},"canonical":"https:\/\/lasentinelle.dz\/index.php\/2023\/03\/29\/transport-delectricite-sonelgaz-met-en-service-des-ouvrages-pour-une-valeur-de-24-milliards-da\/","og_locale":"fr_FR","og_type":"article","og_title":"Transport d\u2019\u00e9lectricit\u00e9\u00a0: Sonelgaz met en service des ouvrages pour une valeur de 24 milliards DA - La Sentinelle","og_description":"Le groupe public Sonelgaz a annonc\u00e9 mardi dans un communiqu\u00e9 que sa filiale \u00ab\u00a0Sonelgaz-transport \u00e9lectricit\u00e9\u00a0\u00bb a mis en service un","og_url":"https:\/\/lasentinelle.dz\/index.php\/2023\/03\/29\/transport-delectricite-sonelgaz-met-en-service-des-ouvrages-pour-une-valeur-de-24-milliards-da\/","og_site_name":"La Sentinelle","article_publisher":"https:\/\/www.facebook.com\/La-Sentinelle-104059864394773","article_published_time":"2023-03-29T21:05:00+00:00","og_image":[{"width":1350,"height":900,"url":"https:\/\/lasentinelle.dz\/wp-content\/uploads\/2022\/03\/sonalgaz.png","type":"image\/png"}],"author":"La Sentinelle","twitter_card":"summary_large_image","twitter_misc":{"\u00c9crit par":"La Sentinelle","Dur\u00e9e de lecture estim\u00e9e":"2 minutes"},"schema":{"@context":"https:\/\/schema.org","@graph":[{"@type":"Article","@id":"https:\/\/lasentinelle.dz\/index.php\/2023\/03\/29\/transport-delectricite-sonelgaz-met-en-service-des-ouvrages-pour-une-valeur-de-24-milliards-da\/#article","isPartOf":{"@id":"https:\/\/lasentinelle.dz\/index.php\/2023\/03\/29\/transport-delectricite-sonelgaz-met-en-service-des-ouvrages-pour-une-valeur-de-24-milliards-da\/"},"author":{"name":"La Sentinelle","@id":"https:\/\/lasentinelle.dz\/#\/schema\/person\/d865044e22e70a75174ce8bcad3acfb3"},"headline":"Transport d\u2019\u00e9lectricit\u00e9\u00a0: Sonelgaz met en service des ouvrages pour une valeur de 24 milliards DA","datePublished":"2023-03-29T21:05:00+00:00","mainEntityOfPage":{"@id":"https:\/\/lasentinelle.dz\/index.php\/2023\/03\/29\/transport-delectricite-sonelgaz-met-en-service-des-ouvrages-pour-une-valeur-de-24-milliards-da\/"},"wordCount":315,"commentCount":0,"publisher":{"@id":"https:\/\/lasentinelle.dz\/#organization"},"image":{"@id":"https:\/\/lasentinelle.dz\/index.php\/2023\/03\/29\/transport-delectricite-sonelgaz-met-en-service-des-ouvrages-pour-une-valeur-de-24-milliards-da\/#primaryimage"},"thumbnailUrl":"https:\/\/lasentinelle.dz\/wp-content\/uploads\/2022\/03\/sonalgaz.png","articleSection":["\u00c9conomie"],"inLanguage":"fr-FR","potentialAction":[{"@type":"CommentAction","name":"Comment","target":["https:\/\/lasentinelle.dz\/index.php\/2023\/03\/29\/transport-delectricite-sonelgaz-met-en-service-des-ouvrages-pour-une-valeur-de-24-milliards-da\/#respond"]}]},{"@type":"WebPage","@id":"https:\/\/lasentinelle.dz\/index.php\/2023\/03\/29\/transport-delectricite-sonelgaz-met-en-service-des-ouvrages-pour-une-valeur-de-24-milliards-da\/","url":"https:\/\/lasentinelle.dz\/index.php\/2023\/03\/29\/transport-delectricite-sonelgaz-met-en-service-des-ouvrages-pour-une-valeur-de-24-milliards-da\/","name":"Transport d\u2019\u00e9lectricit\u00e9\u00a0: Sonelgaz met en service des ouvrages pour une valeur de 24 milliards DA - La Sentinelle","isPartOf":{"@id":"https:\/\/lasentinelle.dz\/#website"},"primaryImageOfPage":{"@id":"https:\/\/lasentinelle.dz\/index.php\/2023\/03\/29\/transport-delectricite-sonelgaz-met-en-service-des-ouvrages-pour-une-valeur-de-24-milliards-da\/#primaryimage"},"image":{"@id":"https:\/\/lasentinelle.dz\/index.php\/2023\/03\/29\/transport-delectricite-sonelgaz-met-en-service-des-ouvrages-pour-une-valeur-de-24-milliards-da\/#primaryimage"},"thumbnailUrl":"https:\/\/lasentinelle.dz\/wp-content\/uploads\/2022\/03\/sonalgaz.png","datePublished":"2023-03-29T21:05:00+00:00","breadcrumb":{"@id":"https:\/\/lasentinelle.dz\/index.php\/2023\/03\/29\/transport-delectricite-sonelgaz-met-en-service-des-ouvrages-pour-une-valeur-de-24-milliards-da\/#breadcrumb"},"inLanguage":"fr-FR","potentialAction":[{"@type":"ReadAction","target":["https:\/\/lasentinelle.dz\/index.php\/2023\/03\/29\/transport-delectricite-sonelgaz-met-en-service-des-ouvrages-pour-une-valeur-de-24-milliards-da\/"]}]},{"@type":"ImageObject","inLanguage":"fr-FR","@id":"https:\/\/lasentinelle.dz\/index.php\/2023\/03\/29\/transport-delectricite-sonelgaz-met-en-service-des-ouvrages-pour-une-valeur-de-24-milliards-da\/#primaryimage","url":"https:\/\/lasentinelle.dz\/wp-content\/uploads\/2022\/03\/sonalgaz.png","contentUrl":"https:\/\/lasentinelle.dz\/wp-content\/uploads\/2022\/03\/sonalgaz.png","width":1350,"height":900},{"@type":"BreadcrumbList","@id":"https:\/\/lasentinelle.dz\/index.php\/2023\/03\/29\/transport-delectricite-sonelgaz-met-en-service-des-ouvrages-pour-une-valeur-de-24-milliards-da\/#breadcrumb","itemListElement":[{"@type":"ListItem","position":1,"name":"Accueil","item":"https:\/\/lasentinelle.dz\/"},{"@type":"ListItem","position":2,"name":"Transport d\u2019\u00e9lectricit\u00e9\u00a0: Sonelgaz met en service des ouvrages pour une valeur de 24 milliards DA"}]},{"@type":"WebSite","@id":"https:\/\/lasentinelle.dz\/#website","url":"https:\/\/lasentinelle.dz\/","name":"La Sentinelle","description":"Quotidien national d&#039;information","publisher":{"@id":"https:\/\/lasentinelle.dz\/#organization"},"potentialAction":[{"@type":"SearchAction","target":{"@type":"EntryPoint","urlTemplate":"https:\/\/lasentinelle.dz\/?s={search_term_string}"},"query-input":{"@type":"PropertyValueSpecification","valueRequired":true,"valueName":"search_term_string"}}],"inLanguage":"fr-FR"},{"@type":"Organization","@id":"https:\/\/lasentinelle.dz\/#organization","name":"Quotidien La Sentinelle","url":"https:\/\/lasentinelle.dz\/","logo":{"@type":"ImageObject","inLanguage":"fr-FR","@id":"https:\/\/lasentinelle.dz\/#\/schema\/logo\/image\/","url":"https:\/\/lasentinelle.dz\/wp-content\/uploads\/2021\/09\/logo-sentinelleSLOGAN-1.png","contentUrl":"https:\/\/lasentinelle.dz\/wp-content\/uploads\/2021\/09\/logo-sentinelleSLOGAN-1.png","width":615,"height":142,"caption":"Quotidien La Sentinelle"},"image":{"@id":"https:\/\/lasentinelle.dz\/#\/schema\/logo\/image\/"},"sameAs":["https:\/\/www.facebook.com\/La-Sentinelle-104059864394773"]},{"@type":"Person","@id":"https:\/\/lasentinelle.dz\/#\/schema\/person\/d865044e22e70a75174ce8bcad3acfb3","name":"La Sentinelle","image":{"@type":"ImageObject","inLanguage":"fr-FR","@id":"https:\/\/secure.gravatar.com\/avatar\/57de8e5d4b15d43fb361a71fbb36338450fe67865b528a43dd10ef7c51a20392?s=96&d=mm&r=g","url":"https:\/\/secure.gravatar.com\/avatar\/57de8e5d4b15d43fb361a71fbb36338450fe67865b528a43dd10ef7c51a20392?s=96&d=mm&r=g","contentUrl":"https:\/\/secure.gravatar.com\/avatar\/57de8e5d4b15d43fb361a71fbb36338450fe67865b528a43dd10ef7c51a20392?s=96&d=mm&r=g","caption":"La Sentinelle"},"sameAs":["http:\/\/www.lasentinelle.dz"],"url":"https:\/\/lasentinelle.dz\/author\/redaction\/"}]}},"_links":{"self":[{"href":"https:\/\/lasentinelle.dz\/index.php\/wp-json\/wp\/v2\/posts\/38713","targetHints":{"allow":["GET"]}}],"collection":[{"href":"https:\/\/lasentinelle.dz\/index.php\/wp-json\/wp\/v2\/posts"}],"about":[{"href":"https:\/\/lasentinelle.dz\/index.php\/wp-json\/wp\/v2\/types\/post"}],"author":[{"embeddable":true,"href":"https:\/\/lasentinelle.dz\/index.php\/wp-json\/wp\/v2\/users\/3"}],"replies":[{"embeddable":true,"href":"https:\/\/lasentinelle.dz\/index.php\/wp-json\/wp\/v2\/comments?post=38713"}],"version-history":[{"count":1,"href":"https:\/\/lasentinelle.dz\/index.php\/wp-json\/wp\/v2\/posts\/38713\/revisions"}],"predecessor-version":[{"id":38717,"href":"https:\/\/lasentinelle.dz\/index.php\/wp-json\/wp\/v2\/posts\/38713\/revisions\/38717"}],"wp:featuredmedia":[{"embeddable":true,"href":"https:\/\/lasentinelle.dz\/index.php\/wp-json\/wp\/v2\/media\/18219"}],"wp:attachment":[{"href":"https:\/\/lasentinelle.dz\/index.php\/wp-json\/wp\/v2\/media?parent=38713"}],"wp:term":[{"taxonomy":"category","embeddable":true,"href":"https:\/\/lasentinelle.dz\/index.php\/wp-json\/wp\/v2\/categories?post=38713"},{"taxonomy":"post_tag","embeddable":true,"href":"https:\/\/lasentinelle.dz\/index.php\/wp-json\/wp\/v2\/tags?post=38713"}],"curies":[{"name":"wp","href":"https:\/\/api.w.org\/{rel}","templated":true}]}}