{"id":38714,"date":"2023-03-29T22:05:00","date_gmt":"2023-03-29T21:05:00","guid":{"rendered":"https:\/\/lasentinelle.dz\/?p=38714"},"modified":"2023-03-29T18:34:49","modified_gmt":"2023-03-29T17:34:49","slug":"finances-installation-du-haut-comite-devaluation-et-dalerte-des-risques-budgetaires","status":"publish","type":"post","link":"https:\/\/lasentinelle.dz\/index.php\/2023\/03\/29\/finances-installation-du-haut-comite-devaluation-et-dalerte-des-risques-budgetaires\/","title":{"rendered":"Finances\u00a0: Installation du Haut comit\u00e9 d&rsquo;\u00e9valuation et d&rsquo;alerte des risques budg\u00e9taires"},"content":{"rendered":"\n<p>Le ministre des Finances, Laaziz Fa\u00efd, a proc\u00e9d\u00e9 mardi \u00e0 Alger \u00e0 l\u2019installation du Haut comit\u00e9 d&rsquo;\u00e9valuation et d&rsquo;alerte des risques budg\u00e9taires (HCRB), une instance charg\u00e9e notamment d\u2019identifier les risques budg\u00e9taires potentiels, susceptibles d&rsquo;affecter les finances publiques, d\u2019\u00e9valuer leur probabilit\u00e9 de survenance, ainsi que d\u2019appr\u00e9cier les dispositifs existants visant \u00e0 ma\u00eetriser ces risques, indique un communiqu\u00e9 du minist\u00e8re. Cr\u00e9\u00e9 en application du d\u00e9cret ex\u00e9cutif n 20-335 fixant les modalit\u00e9s de conception et d\u2019\u00e9laboration du cadrage budg\u00e9taire \u00e0 moyen terme, ainsi que par l\u2019arr\u00eat\u00e9 du 8 juin 2021 fixant ses missions et son organisation, ce comit\u00e9 se charge aussi de la mise en place d&rsquo;une plate-forme d&rsquo;\u00e9change de donn\u00e9es avec les institutions de l&rsquo;administration publique et d\u2019une d\u00e9marche de suivi de l\u2019\u00e9volution des indicateurs de gestion des risques budg\u00e9taires, pr\u00e9cise la m\u00eame source. Dans une allocution \u00e0 cette occasion, le ministre des Finances a soulign\u00e9 que la mise en place du HCRB, \u00ab\u00a0qui est un instrument important du nouveau mode de gouvernance financi\u00e8re, constitue une \u00e9tape importante dans la modernisation de la gestion des finances publiques et la consolidation de la confiance des citoyens dans la gestion des deniers publics\u00a0\u00bb. Il s&rsquo;est dit convaincu \u00ab\u00a0que cette d\u00e9marche contribuera de mani\u00e8re significative \u00e0 l&rsquo;am\u00e9lioration de la qualit\u00e9 de la gestion des finances publiques et \u00e0 la pr\u00e9vention des risques budg\u00e9taires\u00a0\u00bb, ajoutant que \u00ab\u00a0la cr\u00e9ation de cet organe s&rsquo;inscrit dans la continuit\u00e9 des r\u00e9formes engag\u00e9es par les pouvoirs publics pour l\u2019am\u00e9lioration de la transparence et la qualit\u00e9 de l&rsquo;information budg\u00e9taire\u00a0\u00bb. Pr\u00e9sid\u00e9 par le ministre des Finances, le comit\u00e9 est compos\u00e9 des directeurs g\u00e9n\u00e9raux relevant du minist\u00e8re des Finances, du chef de l&rsquo;Inspection g\u00e9n\u00e9rale des finances et du DG du Fonds national d&rsquo;investissement (FNI), mais il peut dans le cadre de l&rsquo;accomplissement de ses missions, faire appel \u00e0 toute personne qui, en raison de sa comp\u00e9tence, est susceptible de contribuer utilement aux travaux inscrits \u00e0 son ordre du jour, pr\u00e9cise le communiqu\u00e9. Il s&rsquo;agit, en outre, d&rsquo;un instrument qui permet d\u2019identifier et de pr\u00e9voir les risques li\u00e9s aux \u00e9quilibres macro\u00e9conomiques, \u00e0 la dette publique, au financement des syst\u00e8mes de s\u00e9curit\u00e9 sociale, aux participations de l&rsquo;Etat (\u00e9tablissements et entreprises publics) ainsi qu\u2019aux finances des collectivit\u00e9s locales. Selon les explications du minist\u00e8re, \u00e0 l&rsquo;issue de chaque exercice, le Comit\u00e9 \u00e9laborera un rapport de synth\u00e8se intitul\u00e9 \u00ab\u00a0d\u00e9claration des risques budg\u00e9taires\u00a0\u00bb portant sur les risques budg\u00e9taires et les propositions visant \u00e0 limiter leurs effets, et ce en pr\u00e9vision des travaux de pr\u00e9paration du projet de loi de finances. De plus, le HCRB se r\u00e9unit en session ordinaire deux fois par an, et se r\u00e9unit en session extraordinaire.<\/p>\n\n\n\n<p>APS<\/p>\n","protected":false},"excerpt":{"rendered":"<p>Le ministre des Finances, Laaziz Fa\u00efd, a proc\u00e9d\u00e9 mardi \u00e0 Alger \u00e0 l\u2019installation du Haut comit\u00e9 d&rsquo;\u00e9valuation et d&rsquo;alerte des<\/p>\n","protected":false},"author":3,"featured_media":38719,"comment_status":"open","ping_status":"closed","sticky":false,"template":"","format":"standard","meta":{"colormag_page_container_layout":"default_layout","colormag_page_sidebar_layout":"default_layout","om_disable_all_campaigns":false,"_monsterinsights_skip_tracking":false,"_monsterinsights_sitenote_active":false,"_monsterinsights_sitenote_note":"","_monsterinsights_sitenote_category":0,"footnotes":"","_wpscppro_dont_share_socialmedia":false,"_wpscppro_custom_social_share_image":0,"_facebook_share_type":"","_twitter_share_type":"","_linkedin_share_type":"","_pinterest_share_type":"","_linkedin_share_type_page":"","_instagram_share_type":"","_medium_share_type":"","_threads_share_type":"","_google_business_share_type":"","_selected_social_profile":[],"_wpsp_enable_custom_social_template":false,"_wpsp_social_scheduling":{"enabled":false,"datetime":null,"platforms":[],"status":"template_only","dateOption":"today","timeOption":"now","customDays":"","customHours":"","customDate":"","customTime":"","schedulingType":"absolute"},"_wpsp_active_default_template":true},"categories":[29],"tags":[],"class_list":["post-38714","post","type-post","status-publish","format-standard","has-post-thumbnail","hentry","category-economie"],"aioseo_notices":[],"yoast_head":"<!-- This site is optimized with the Yoast SEO plugin v27.5 - https:\/\/yoast.com\/product\/yoast-seo-wordpress\/ -->\n<title>Finances\u00a0: Installation du Haut comit\u00e9 d&rsquo;\u00e9valuation et d&rsquo;alerte des risques budg\u00e9taires - La Sentinelle<\/title>\n<meta name=\"robots\" content=\"index, follow, max-snippet:-1, max-image-preview:large, max-video-preview:-1\" \/>\n<link rel=\"canonical\" href=\"https:\/\/lasentinelle.dz\/index.php\/2023\/03\/29\/finances-installation-du-haut-comite-devaluation-et-dalerte-des-risques-budgetaires\/\" \/>\n<meta property=\"og:locale\" content=\"fr_FR\" \/>\n<meta property=\"og:type\" content=\"article\" \/>\n<meta property=\"og:title\" content=\"Finances\u00a0: Installation du Haut comit\u00e9 d&rsquo;\u00e9valuation et d&rsquo;alerte des risques budg\u00e9taires - La Sentinelle\" \/>\n<meta property=\"og:description\" content=\"Le ministre des Finances, Laaziz Fa\u00efd, a proc\u00e9d\u00e9 mardi \u00e0 Alger \u00e0 l\u2019installation du Haut comit\u00e9 d&rsquo;\u00e9valuation et d&rsquo;alerte des\" \/>\n<meta property=\"og:url\" content=\"https:\/\/lasentinelle.dz\/index.php\/2023\/03\/29\/finances-installation-du-haut-comite-devaluation-et-dalerte-des-risques-budgetaires\/\" \/>\n<meta property=\"og:site_name\" content=\"La Sentinelle\" \/>\n<meta property=\"article:publisher\" content=\"https:\/\/www.facebook.com\/La-Sentinelle-104059864394773\" \/>\n<meta property=\"article:published_time\" content=\"2023-03-29T21:05:00+00:00\" \/>\n<meta property=\"og:image\" content=\"https:\/\/lasentinelle.dz\/wp-content\/uploads\/2023\/03\/image_2023-03-29_183432452.png\" \/>\n\t<meta property=\"og:image:width\" content=\"745\" \/>\n\t<meta property=\"og:image:height\" content=\"470\" \/>\n\t<meta property=\"og:image:type\" content=\"image\/png\" \/>\n<meta name=\"author\" content=\"La Sentinelle\" \/>\n<meta name=\"twitter:card\" content=\"summary_large_image\" \/>\n<meta name=\"twitter:label1\" content=\"\u00c9crit par\" \/>\n\t<meta name=\"twitter:data1\" content=\"La Sentinelle\" \/>\n\t<meta name=\"twitter:label2\" content=\"Dur\u00e9e de lecture estim\u00e9e\" \/>\n\t<meta name=\"twitter:data2\" content=\"3 minutes\" \/>\n<script type=\"application\/ld+json\" class=\"yoast-schema-graph\">{\"@context\":\"https:\\\/\\\/schema.org\",\"@graph\":[{\"@type\":\"Article\",\"@id\":\"https:\\\/\\\/lasentinelle.dz\\\/index.php\\\/2023\\\/03\\\/29\\\/finances-installation-du-haut-comite-devaluation-et-dalerte-des-risques-budgetaires\\\/#article\",\"isPartOf\":{\"@id\":\"https:\\\/\\\/lasentinelle.dz\\\/index.php\\\/2023\\\/03\\\/29\\\/finances-installation-du-haut-comite-devaluation-et-dalerte-des-risques-budgetaires\\\/\"},\"author\":{\"name\":\"La Sentinelle\",\"@id\":\"https:\\\/\\\/lasentinelle.dz\\\/#\\\/schema\\\/person\\\/d865044e22e70a75174ce8bcad3acfb3\"},\"headline\":\"Finances\u00a0: Installation du Haut comit\u00e9 d&rsquo;\u00e9valuation et d&rsquo;alerte des risques budg\u00e9taires\",\"datePublished\":\"2023-03-29T21:05:00+00:00\",\"mainEntityOfPage\":{\"@id\":\"https:\\\/\\\/lasentinelle.dz\\\/index.php\\\/2023\\\/03\\\/29\\\/finances-installation-du-haut-comite-devaluation-et-dalerte-des-risques-budgetaires\\\/\"},\"wordCount\":512,\"commentCount\":0,\"publisher\":{\"@id\":\"https:\\\/\\\/lasentinelle.dz\\\/#organization\"},\"image\":{\"@id\":\"https:\\\/\\\/lasentinelle.dz\\\/index.php\\\/2023\\\/03\\\/29\\\/finances-installation-du-haut-comite-devaluation-et-dalerte-des-risques-budgetaires\\\/#primaryimage\"},\"thumbnailUrl\":\"https:\\\/\\\/lasentinelle.dz\\\/wp-content\\\/uploads\\\/2023\\\/03\\\/image_2023-03-29_183432452.png\",\"articleSection\":[\"\u00c9conomie\"],\"inLanguage\":\"fr-FR\",\"potentialAction\":[{\"@type\":\"CommentAction\",\"name\":\"Comment\",\"target\":[\"https:\\\/\\\/lasentinelle.dz\\\/index.php\\\/2023\\\/03\\\/29\\\/finances-installation-du-haut-comite-devaluation-et-dalerte-des-risques-budgetaires\\\/#respond\"]}]},{\"@type\":\"WebPage\",\"@id\":\"https:\\\/\\\/lasentinelle.dz\\\/index.php\\\/2023\\\/03\\\/29\\\/finances-installation-du-haut-comite-devaluation-et-dalerte-des-risques-budgetaires\\\/\",\"url\":\"https:\\\/\\\/lasentinelle.dz\\\/index.php\\\/2023\\\/03\\\/29\\\/finances-installation-du-haut-comite-devaluation-et-dalerte-des-risques-budgetaires\\\/\",\"name\":\"Finances\u00a0: Installation du Haut comit\u00e9 d&rsquo;\u00e9valuation et d&rsquo;alerte des risques budg\u00e9taires - La Sentinelle\",\"isPartOf\":{\"@id\":\"https:\\\/\\\/lasentinelle.dz\\\/#website\"},\"primaryImageOfPage\":{\"@id\":\"https:\\\/\\\/lasentinelle.dz\\\/index.php\\\/2023\\\/03\\\/29\\\/finances-installation-du-haut-comite-devaluation-et-dalerte-des-risques-budgetaires\\\/#primaryimage\"},\"image\":{\"@id\":\"https:\\\/\\\/lasentinelle.dz\\\/index.php\\\/2023\\\/03\\\/29\\\/finances-installation-du-haut-comite-devaluation-et-dalerte-des-risques-budgetaires\\\/#primaryimage\"},\"thumbnailUrl\":\"https:\\\/\\\/lasentinelle.dz\\\/wp-content\\\/uploads\\\/2023\\\/03\\\/image_2023-03-29_183432452.png\",\"datePublished\":\"2023-03-29T21:05:00+00:00\",\"breadcrumb\":{\"@id\":\"https:\\\/\\\/lasentinelle.dz\\\/index.php\\\/2023\\\/03\\\/29\\\/finances-installation-du-haut-comite-devaluation-et-dalerte-des-risques-budgetaires\\\/#breadcrumb\"},\"inLanguage\":\"fr-FR\",\"potentialAction\":[{\"@type\":\"ReadAction\",\"target\":[\"https:\\\/\\\/lasentinelle.dz\\\/index.php\\\/2023\\\/03\\\/29\\\/finances-installation-du-haut-comite-devaluation-et-dalerte-des-risques-budgetaires\\\/\"]}]},{\"@type\":\"ImageObject\",\"inLanguage\":\"fr-FR\",\"@id\":\"https:\\\/\\\/lasentinelle.dz\\\/index.php\\\/2023\\\/03\\\/29\\\/finances-installation-du-haut-comite-devaluation-et-dalerte-des-risques-budgetaires\\\/#primaryimage\",\"url\":\"https:\\\/\\\/lasentinelle.dz\\\/wp-content\\\/uploads\\\/2023\\\/03\\\/image_2023-03-29_183432452.png\",\"contentUrl\":\"https:\\\/\\\/lasentinelle.dz\\\/wp-content\\\/uploads\\\/2023\\\/03\\\/image_2023-03-29_183432452.png\",\"width\":745,\"height\":470},{\"@type\":\"BreadcrumbList\",\"@id\":\"https:\\\/\\\/lasentinelle.dz\\\/index.php\\\/2023\\\/03\\\/29\\\/finances-installation-du-haut-comite-devaluation-et-dalerte-des-risques-budgetaires\\\/#breadcrumb\",\"itemListElement\":[{\"@type\":\"ListItem\",\"position\":1,\"name\":\"Accueil\",\"item\":\"https:\\\/\\\/lasentinelle.dz\\\/\"},{\"@type\":\"ListItem\",\"position\":2,\"name\":\"Finances\u00a0: Installation du Haut comit\u00e9 d&rsquo;\u00e9valuation et d&rsquo;alerte des risques budg\u00e9taires\"}]},{\"@type\":\"WebSite\",\"@id\":\"https:\\\/\\\/lasentinelle.dz\\\/#website\",\"url\":\"https:\\\/\\\/lasentinelle.dz\\\/\",\"name\":\"La Sentinelle\",\"description\":\"Quotidien national d&#039;information\",\"publisher\":{\"@id\":\"https:\\\/\\\/lasentinelle.dz\\\/#organization\"},\"potentialAction\":[{\"@type\":\"SearchAction\",\"target\":{\"@type\":\"EntryPoint\",\"urlTemplate\":\"https:\\\/\\\/lasentinelle.dz\\\/?s={search_term_string}\"},\"query-input\":{\"@type\":\"PropertyValueSpecification\",\"valueRequired\":true,\"valueName\":\"search_term_string\"}}],\"inLanguage\":\"fr-FR\"},{\"@type\":\"Organization\",\"@id\":\"https:\\\/\\\/lasentinelle.dz\\\/#organization\",\"name\":\"Quotidien La Sentinelle\",\"url\":\"https:\\\/\\\/lasentinelle.dz\\\/\",\"logo\":{\"@type\":\"ImageObject\",\"inLanguage\":\"fr-FR\",\"@id\":\"https:\\\/\\\/lasentinelle.dz\\\/#\\\/schema\\\/logo\\\/image\\\/\",\"url\":\"https:\\\/\\\/lasentinelle.dz\\\/wp-content\\\/uploads\\\/2021\\\/09\\\/logo-sentinelleSLOGAN-1.png\",\"contentUrl\":\"https:\\\/\\\/lasentinelle.dz\\\/wp-content\\\/uploads\\\/2021\\\/09\\\/logo-sentinelleSLOGAN-1.png\",\"width\":615,\"height\":142,\"caption\":\"Quotidien La Sentinelle\"},\"image\":{\"@id\":\"https:\\\/\\\/lasentinelle.dz\\\/#\\\/schema\\\/logo\\\/image\\\/\"},\"sameAs\":[\"https:\\\/\\\/www.facebook.com\\\/La-Sentinelle-104059864394773\"]},{\"@type\":\"Person\",\"@id\":\"https:\\\/\\\/lasentinelle.dz\\\/#\\\/schema\\\/person\\\/d865044e22e70a75174ce8bcad3acfb3\",\"name\":\"La Sentinelle\",\"image\":{\"@type\":\"ImageObject\",\"inLanguage\":\"fr-FR\",\"@id\":\"https:\\\/\\\/secure.gravatar.com\\\/avatar\\\/57de8e5d4b15d43fb361a71fbb36338450fe67865b528a43dd10ef7c51a20392?s=96&d=mm&r=g\",\"url\":\"https:\\\/\\\/secure.gravatar.com\\\/avatar\\\/57de8e5d4b15d43fb361a71fbb36338450fe67865b528a43dd10ef7c51a20392?s=96&d=mm&r=g\",\"contentUrl\":\"https:\\\/\\\/secure.gravatar.com\\\/avatar\\\/57de8e5d4b15d43fb361a71fbb36338450fe67865b528a43dd10ef7c51a20392?s=96&d=mm&r=g\",\"caption\":\"La Sentinelle\"},\"sameAs\":[\"http:\\\/\\\/www.lasentinelle.dz\"],\"url\":\"https:\\\/\\\/lasentinelle.dz\\\/author\\\/redaction\\\/\"}]}<\/script>\n<!-- \/ Yoast SEO plugin. -->","yoast_head_json":{"title":"Finances\u00a0: Installation du Haut comit\u00e9 d&rsquo;\u00e9valuation et d&rsquo;alerte des risques budg\u00e9taires - La Sentinelle","robots":{"index":"index","follow":"follow","max-snippet":"max-snippet:-1","max-image-preview":"max-image-preview:large","max-video-preview":"max-video-preview:-1"},"canonical":"https:\/\/lasentinelle.dz\/index.php\/2023\/03\/29\/finances-installation-du-haut-comite-devaluation-et-dalerte-des-risques-budgetaires\/","og_locale":"fr_FR","og_type":"article","og_title":"Finances\u00a0: Installation du Haut comit\u00e9 d&rsquo;\u00e9valuation et d&rsquo;alerte des risques budg\u00e9taires - La Sentinelle","og_description":"Le ministre des Finances, Laaziz Fa\u00efd, a proc\u00e9d\u00e9 mardi \u00e0 Alger \u00e0 l\u2019installation du Haut comit\u00e9 d&rsquo;\u00e9valuation et d&rsquo;alerte des","og_url":"https:\/\/lasentinelle.dz\/index.php\/2023\/03\/29\/finances-installation-du-haut-comite-devaluation-et-dalerte-des-risques-budgetaires\/","og_site_name":"La Sentinelle","article_publisher":"https:\/\/www.facebook.com\/La-Sentinelle-104059864394773","article_published_time":"2023-03-29T21:05:00+00:00","og_image":[{"width":745,"height":470,"url":"https:\/\/lasentinelle.dz\/wp-content\/uploads\/2023\/03\/image_2023-03-29_183432452.png","type":"image\/png"}],"author":"La Sentinelle","twitter_card":"summary_large_image","twitter_misc":{"\u00c9crit par":"La Sentinelle","Dur\u00e9e de lecture estim\u00e9e":"3 minutes"},"schema":{"@context":"https:\/\/schema.org","@graph":[{"@type":"Article","@id":"https:\/\/lasentinelle.dz\/index.php\/2023\/03\/29\/finances-installation-du-haut-comite-devaluation-et-dalerte-des-risques-budgetaires\/#article","isPartOf":{"@id":"https:\/\/lasentinelle.dz\/index.php\/2023\/03\/29\/finances-installation-du-haut-comite-devaluation-et-dalerte-des-risques-budgetaires\/"},"author":{"name":"La Sentinelle","@id":"https:\/\/lasentinelle.dz\/#\/schema\/person\/d865044e22e70a75174ce8bcad3acfb3"},"headline":"Finances\u00a0: Installation du Haut comit\u00e9 d&rsquo;\u00e9valuation et d&rsquo;alerte des risques budg\u00e9taires","datePublished":"2023-03-29T21:05:00+00:00","mainEntityOfPage":{"@id":"https:\/\/lasentinelle.dz\/index.php\/2023\/03\/29\/finances-installation-du-haut-comite-devaluation-et-dalerte-des-risques-budgetaires\/"},"wordCount":512,"commentCount":0,"publisher":{"@id":"https:\/\/lasentinelle.dz\/#organization"},"image":{"@id":"https:\/\/lasentinelle.dz\/index.php\/2023\/03\/29\/finances-installation-du-haut-comite-devaluation-et-dalerte-des-risques-budgetaires\/#primaryimage"},"thumbnailUrl":"https:\/\/lasentinelle.dz\/wp-content\/uploads\/2023\/03\/image_2023-03-29_183432452.png","articleSection":["\u00c9conomie"],"inLanguage":"fr-FR","potentialAction":[{"@type":"CommentAction","name":"Comment","target":["https:\/\/lasentinelle.dz\/index.php\/2023\/03\/29\/finances-installation-du-haut-comite-devaluation-et-dalerte-des-risques-budgetaires\/#respond"]}]},{"@type":"WebPage","@id":"https:\/\/lasentinelle.dz\/index.php\/2023\/03\/29\/finances-installation-du-haut-comite-devaluation-et-dalerte-des-risques-budgetaires\/","url":"https:\/\/lasentinelle.dz\/index.php\/2023\/03\/29\/finances-installation-du-haut-comite-devaluation-et-dalerte-des-risques-budgetaires\/","name":"Finances\u00a0: Installation du Haut comit\u00e9 d&rsquo;\u00e9valuation et d&rsquo;alerte des risques budg\u00e9taires - La Sentinelle","isPartOf":{"@id":"https:\/\/lasentinelle.dz\/#website"},"primaryImageOfPage":{"@id":"https:\/\/lasentinelle.dz\/index.php\/2023\/03\/29\/finances-installation-du-haut-comite-devaluation-et-dalerte-des-risques-budgetaires\/#primaryimage"},"image":{"@id":"https:\/\/lasentinelle.dz\/index.php\/2023\/03\/29\/finances-installation-du-haut-comite-devaluation-et-dalerte-des-risques-budgetaires\/#primaryimage"},"thumbnailUrl":"https:\/\/lasentinelle.dz\/wp-content\/uploads\/2023\/03\/image_2023-03-29_183432452.png","datePublished":"2023-03-29T21:05:00+00:00","breadcrumb":{"@id":"https:\/\/lasentinelle.dz\/index.php\/2023\/03\/29\/finances-installation-du-haut-comite-devaluation-et-dalerte-des-risques-budgetaires\/#breadcrumb"},"inLanguage":"fr-FR","potentialAction":[{"@type":"ReadAction","target":["https:\/\/lasentinelle.dz\/index.php\/2023\/03\/29\/finances-installation-du-haut-comite-devaluation-et-dalerte-des-risques-budgetaires\/"]}]},{"@type":"ImageObject","inLanguage":"fr-FR","@id":"https:\/\/lasentinelle.dz\/index.php\/2023\/03\/29\/finances-installation-du-haut-comite-devaluation-et-dalerte-des-risques-budgetaires\/#primaryimage","url":"https:\/\/lasentinelle.dz\/wp-content\/uploads\/2023\/03\/image_2023-03-29_183432452.png","contentUrl":"https:\/\/lasentinelle.dz\/wp-content\/uploads\/2023\/03\/image_2023-03-29_183432452.png","width":745,"height":470},{"@type":"BreadcrumbList","@id":"https:\/\/lasentinelle.dz\/index.php\/2023\/03\/29\/finances-installation-du-haut-comite-devaluation-et-dalerte-des-risques-budgetaires\/#breadcrumb","itemListElement":[{"@type":"ListItem","position":1,"name":"Accueil","item":"https:\/\/lasentinelle.dz\/"},{"@type":"ListItem","position":2,"name":"Finances\u00a0: Installation du Haut comit\u00e9 d&rsquo;\u00e9valuation et d&rsquo;alerte des risques budg\u00e9taires"}]},{"@type":"WebSite","@id":"https:\/\/lasentinelle.dz\/#website","url":"https:\/\/lasentinelle.dz\/","name":"La Sentinelle","description":"Quotidien national d&#039;information","publisher":{"@id":"https:\/\/lasentinelle.dz\/#organization"},"potentialAction":[{"@type":"SearchAction","target":{"@type":"EntryPoint","urlTemplate":"https:\/\/lasentinelle.dz\/?s={search_term_string}"},"query-input":{"@type":"PropertyValueSpecification","valueRequired":true,"valueName":"search_term_string"}}],"inLanguage":"fr-FR"},{"@type":"Organization","@id":"https:\/\/lasentinelle.dz\/#organization","name":"Quotidien La Sentinelle","url":"https:\/\/lasentinelle.dz\/","logo":{"@type":"ImageObject","inLanguage":"fr-FR","@id":"https:\/\/lasentinelle.dz\/#\/schema\/logo\/image\/","url":"https:\/\/lasentinelle.dz\/wp-content\/uploads\/2021\/09\/logo-sentinelleSLOGAN-1.png","contentUrl":"https:\/\/lasentinelle.dz\/wp-content\/uploads\/2021\/09\/logo-sentinelleSLOGAN-1.png","width":615,"height":142,"caption":"Quotidien La Sentinelle"},"image":{"@id":"https:\/\/lasentinelle.dz\/#\/schema\/logo\/image\/"},"sameAs":["https:\/\/www.facebook.com\/La-Sentinelle-104059864394773"]},{"@type":"Person","@id":"https:\/\/lasentinelle.dz\/#\/schema\/person\/d865044e22e70a75174ce8bcad3acfb3","name":"La Sentinelle","image":{"@type":"ImageObject","inLanguage":"fr-FR","@id":"https:\/\/secure.gravatar.com\/avatar\/57de8e5d4b15d43fb361a71fbb36338450fe67865b528a43dd10ef7c51a20392?s=96&d=mm&r=g","url":"https:\/\/secure.gravatar.com\/avatar\/57de8e5d4b15d43fb361a71fbb36338450fe67865b528a43dd10ef7c51a20392?s=96&d=mm&r=g","contentUrl":"https:\/\/secure.gravatar.com\/avatar\/57de8e5d4b15d43fb361a71fbb36338450fe67865b528a43dd10ef7c51a20392?s=96&d=mm&r=g","caption":"La Sentinelle"},"sameAs":["http:\/\/www.lasentinelle.dz"],"url":"https:\/\/lasentinelle.dz\/author\/redaction\/"}]}},"_links":{"self":[{"href":"https:\/\/lasentinelle.dz\/index.php\/wp-json\/wp\/v2\/posts\/38714","targetHints":{"allow":["GET"]}}],"collection":[{"href":"https:\/\/lasentinelle.dz\/index.php\/wp-json\/wp\/v2\/posts"}],"about":[{"href":"https:\/\/lasentinelle.dz\/index.php\/wp-json\/wp\/v2\/types\/post"}],"author":[{"embeddable":true,"href":"https:\/\/lasentinelle.dz\/index.php\/wp-json\/wp\/v2\/users\/3"}],"replies":[{"embeddable":true,"href":"https:\/\/lasentinelle.dz\/index.php\/wp-json\/wp\/v2\/comments?post=38714"}],"version-history":[{"count":1,"href":"https:\/\/lasentinelle.dz\/index.php\/wp-json\/wp\/v2\/posts\/38714\/revisions"}],"predecessor-version":[{"id":38720,"href":"https:\/\/lasentinelle.dz\/index.php\/wp-json\/wp\/v2\/posts\/38714\/revisions\/38720"}],"wp:featuredmedia":[{"embeddable":true,"href":"https:\/\/lasentinelle.dz\/index.php\/wp-json\/wp\/v2\/media\/38719"}],"wp:attachment":[{"href":"https:\/\/lasentinelle.dz\/index.php\/wp-json\/wp\/v2\/media?parent=38714"}],"wp:term":[{"taxonomy":"category","embeddable":true,"href":"https:\/\/lasentinelle.dz\/index.php\/wp-json\/wp\/v2\/categories?post=38714"},{"taxonomy":"post_tag","embeddable":true,"href":"https:\/\/lasentinelle.dz\/index.php\/wp-json\/wp\/v2\/tags?post=38714"}],"curies":[{"name":"wp","href":"https:\/\/api.w.org\/{rel}","templated":true}]}}