{"id":38715,"date":"2023-03-29T22:08:00","date_gmt":"2023-03-29T21:08:00","guid":{"rendered":"https:\/\/lasentinelle.dz\/?p=38715"},"modified":"2023-03-29T18:51:48","modified_gmt":"2023-03-29T17:51:48","slug":"le-calendrier-a-ete-fixe-plus-de-375-000-logements-a-distribuer-dans-7-wilayas","status":"publish","type":"post","link":"https:\/\/lasentinelle.dz\/index.php\/2023\/03\/29\/le-calendrier-a-ete-fixe-plus-de-375-000-logements-a-distribuer-dans-7-wilayas\/","title":{"rendered":"Le calendrier a \u00e9t\u00e9 fix\u00e9\u00a0: Plus de 375.000 logements \u00e0 distribuer dans 7 wilayas"},"content":{"rendered":"\n<p>Plus de 375.000 logements seront distribu\u00e9s dans 7 wilayas \u00e0 l\u2019occasion des festivit\u00e9s du 5-Juillet Le ministre de l&rsquo;Habitat, de l&rsquo;Urbanisme et de la Ville, Mohamed Tarek Belaribi a &nbsp;dans ce sens tenu, mardi \u00e0 Alger, une r\u00e9union avec les cadres du secteur, en vue d&rsquo;\u00e9valuer le d\u00e9roulement des projets durant le 1er trimestre de l&rsquo;ann\u00e9e 2023 et fixer le calendrier de distribution et de lancement des projets qui concernent les wilayas de Skikda, Beja\u00efa, Tipasa, T\u00e9bessa, Guelma, Constantine et Blida. Selon un communiqu\u00e9 du minist\u00e8re de l\u2019habitat, chacune de ces wilayas b\u00e9n\u00e9ficie d\u2019un important quota de logements. Ainsi, la wilaya de Skikda a b\u00e9n\u00e9fici\u00e9 d&rsquo;un programme de 36887 logements dans diff\u00e9rentes formules (24% non lanc\u00e9s), Constantine de 43783 logements (8,43% non lanc\u00e9s), Tipasa de 82188 logements (5,58% non lanc\u00e9s), Blida de 99530 logements (8% non lanc\u00e9s), T\u00e9bessa de 25563 logements (28,92% non lanc\u00e9s), Beja\u00efa de 63.961 logements (14% non lanc\u00e9s) et Guelma de 23655 logements (24% non lanc\u00e9s). Le premier responsable du secteur a donn\u00e9 des instructions \u00e0 l&rsquo;effet d&rsquo;insuffler une nouvelle dynamique \u00e0 ces projets, tout en fixant les perspectives et objectifs \u00e0 atteindre, pr\u00e9cise la m\u00eame source. Le ministre a appel\u00e9 \u00e0 la n\u00e9cessit\u00e9 de finaliser les programmes dont le taux de r\u00e9alisation est de plus de 60%, afin de programmer leur&nbsp; distribution \u00e0 l&rsquo;occasion du 5 juillet prochain et de relancer les projets \u00e0 l&rsquo;arr\u00eat avant fin mai, avec l&rsquo;\u00e9laboration de rapports d\u00e9taill\u00e9s sur les projets pour les soumettre au directeur g\u00e9n\u00e9ral de l&rsquo;Habitat. Il a insist\u00e9 sur le suivi de la r\u00e9alisation des programmes non encore lanc\u00e9s, avant le 30 juin au maximum, suivant un calendrier mensuel et la ma\u00eetrise des d\u00e9lais d&rsquo;\u00e9tudes, outre la r\u00e9alisation des projets sur la base de cahiers de charges qui fixent ces d\u00e9lais.<\/p>\n\n\n\n<p>Le ministre a \u00e9galement enjoint d&rsquo;\u00e9tablir minutieusement les listes de logements ruraux, en coordination avec les autorit\u00e9s locales, afin d&rsquo;\u00e9viter tout retard dans l&rsquo;\u00e9tablissement des d\u00e9cisions d&rsquo;octroi des aides par la Banque nationale de l&rsquo;habitat, et de retirer toutes les aides attribu\u00e9es mais non distribu\u00e9es par les communes pour les r\u00e9affecter \u00e0 d&rsquo;autres wilayas ayant enregistr\u00e9 des progr\u00e8s notables dans la concr\u00e9tisation de cette formule de logement. M. Belaribi a aussi appel\u00e9 les cadres du secteur \u00e0 \u00ab\u00a0la n\u00e9cessaire coordination entre les diff\u00e9rents directeurs locaux pour ma\u00eetriser le rythme de r\u00e9alisation des projets de logements des diff\u00e9rentes formules et \u00e0 l&rsquo;imp\u00e9ratif respect des d\u00e9lais de r\u00e9alisation des projets, d&rsquo;autant que l&rsquo;Etat a fourni et allou\u00e9 tous les moyens financiers pour am\u00e9liorer les conditions de vie des citoyens\u00a0\u00bb<\/p>\n\n\n\n<p>Il a, \u00e0 cet \u00e9gard, rappel\u00e9 les efforts consentis l&rsquo;ann\u00e9e derni\u00e8re et qui ont permis la distribution de pr\u00e8s de 400.000 logements en 2022, mettant en avant le grand soutien accord\u00e9 par l&rsquo;Etat au secteur de l&rsquo;Habitat, de l&rsquo;urbanisme et de la ville, dans le cadre de la mise en \u0153uvre du Programme du pr\u00e9sident de la R\u00e9publique de livraison d&rsquo;un (1) million de logements entre 2019-2024. Le ministre a, par ailleurs, \u00e9cout\u00e9 un expos\u00e9 d\u00e9taill\u00e9 sur le programme global de logements \u00e0 travers l&rsquo;ensemble du territoire national jusqu&rsquo;au 31 d\u00e9cembre 2022, qui compte 1.326.174 logements des diff\u00e9rentes formules, pr\u00e9sent\u00e9 par le directeur g\u00e9n\u00e9ral du logement au minist\u00e8re. Selon les chiffres du communiqu\u00e9, 365.000 logements sont inscrits au titre de l&rsquo;ann\u00e9e 2023, dont 200.000 aides au logement rural et 100.000 lotissements sociaux.<\/p>\n\n\n\n<p>R.N.<\/p>\n","protected":false},"excerpt":{"rendered":"<p>Plus de 375.000 logements seront distribu\u00e9s dans 7 wilayas \u00e0 l\u2019occasion des festivit\u00e9s du 5-Juillet Le ministre de l&rsquo;Habitat, de<\/p>\n","protected":false},"author":3,"featured_media":38728,"comment_status":"open","ping_status":"closed","sticky":false,"template":"","format":"standard","meta":{"colormag_page_container_layout":"default_layout","colormag_page_sidebar_layout":"default_layout","om_disable_all_campaigns":false,"_monsterinsights_skip_tracking":false,"_monsterinsights_sitenote_active":false,"_monsterinsights_sitenote_note":"","_monsterinsights_sitenote_category":0,"footnotes":"","_wpscppro_dont_share_socialmedia":false,"_wpscppro_custom_social_share_image":0,"_facebook_share_type":"","_twitter_share_type":"","_linkedin_share_type":"","_pinterest_share_type":"","_linkedin_share_type_page":"","_instagram_share_type":"","_medium_share_type":"","_threads_share_type":"","_google_business_share_type":"","_selected_social_profile":[],"_wpsp_enable_custom_social_template":false,"_wpsp_social_scheduling":{"enabled":false,"datetime":null,"platforms":[],"status":"template_only","dateOption":"today","timeOption":"now","customDays":"","customHours":"","customDate":"","customTime":"","schedulingType":"absolute"},"_wpsp_active_default_template":true},"categories":[52,27],"tags":[],"class_list":["post-38715","post","type-post","status-publish","format-standard","has-post-thumbnail","hentry","category-a-la-une","category-actualite"],"aioseo_notices":[],"yoast_head":"<!-- This site is optimized with the Yoast SEO plugin v27.5 - https:\/\/yoast.com\/product\/yoast-seo-wordpress\/ -->\n<title>Le calendrier a \u00e9t\u00e9 fix\u00e9\u00a0: Plus de 375.000 logements \u00e0 distribuer dans 7 wilayas - La Sentinelle<\/title>\n<meta name=\"robots\" content=\"index, follow, max-snippet:-1, max-image-preview:large, max-video-preview:-1\" \/>\n<link rel=\"canonical\" href=\"https:\/\/lasentinelle.dz\/index.php\/2023\/03\/29\/le-calendrier-a-ete-fixe-plus-de-375-000-logements-a-distribuer-dans-7-wilayas\/\" \/>\n<meta property=\"og:locale\" content=\"fr_FR\" \/>\n<meta property=\"og:type\" content=\"article\" \/>\n<meta property=\"og:title\" content=\"Le calendrier a \u00e9t\u00e9 fix\u00e9\u00a0: Plus de 375.000 logements \u00e0 distribuer dans 7 wilayas - La Sentinelle\" \/>\n<meta property=\"og:description\" content=\"Plus de 375.000 logements seront distribu\u00e9s dans 7 wilayas \u00e0 l\u2019occasion des festivit\u00e9s du 5-Juillet Le ministre de l&rsquo;Habitat, de\" \/>\n<meta property=\"og:url\" content=\"https:\/\/lasentinelle.dz\/index.php\/2023\/03\/29\/le-calendrier-a-ete-fixe-plus-de-375-000-logements-a-distribuer-dans-7-wilayas\/\" \/>\n<meta property=\"og:site_name\" content=\"La Sentinelle\" \/>\n<meta property=\"article:publisher\" content=\"https:\/\/www.facebook.com\/La-Sentinelle-104059864394773\" \/>\n<meta property=\"article:published_time\" content=\"2023-03-29T21:08:00+00:00\" \/>\n<meta property=\"og:image\" content=\"https:\/\/lasentinelle.dz\/wp-content\/uploads\/2023\/03\/Sansdddd-titre.png\" \/>\n\t<meta property=\"og:image:width\" content=\"1468\" \/>\n\t<meta property=\"og:image:height\" content=\"900\" \/>\n\t<meta property=\"og:image:type\" content=\"image\/png\" \/>\n<meta name=\"author\" content=\"La Sentinelle\" \/>\n<meta name=\"twitter:card\" content=\"summary_large_image\" \/>\n<meta name=\"twitter:label1\" content=\"\u00c9crit par\" \/>\n\t<meta name=\"twitter:data1\" content=\"La Sentinelle\" \/>\n\t<meta name=\"twitter:label2\" content=\"Dur\u00e9e de lecture estim\u00e9e\" \/>\n\t<meta name=\"twitter:data2\" content=\"3 minutes\" \/>\n<script type=\"application\/ld+json\" class=\"yoast-schema-graph\">{\"@context\":\"https:\\\/\\\/schema.org\",\"@graph\":[{\"@type\":\"Article\",\"@id\":\"https:\\\/\\\/lasentinelle.dz\\\/index.php\\\/2023\\\/03\\\/29\\\/le-calendrier-a-ete-fixe-plus-de-375-000-logements-a-distribuer-dans-7-wilayas\\\/#article\",\"isPartOf\":{\"@id\":\"https:\\\/\\\/lasentinelle.dz\\\/index.php\\\/2023\\\/03\\\/29\\\/le-calendrier-a-ete-fixe-plus-de-375-000-logements-a-distribuer-dans-7-wilayas\\\/\"},\"author\":{\"name\":\"La Sentinelle\",\"@id\":\"https:\\\/\\\/lasentinelle.dz\\\/#\\\/schema\\\/person\\\/d865044e22e70a75174ce8bcad3acfb3\"},\"headline\":\"Le calendrier a \u00e9t\u00e9 fix\u00e9\u00a0: Plus de 375.000 logements \u00e0 distribuer dans 7 wilayas\",\"datePublished\":\"2023-03-29T21:08:00+00:00\",\"mainEntityOfPage\":{\"@id\":\"https:\\\/\\\/lasentinelle.dz\\\/index.php\\\/2023\\\/03\\\/29\\\/le-calendrier-a-ete-fixe-plus-de-375-000-logements-a-distribuer-dans-7-wilayas\\\/\"},\"wordCount\":623,\"commentCount\":0,\"publisher\":{\"@id\":\"https:\\\/\\\/lasentinelle.dz\\\/#organization\"},\"image\":{\"@id\":\"https:\\\/\\\/lasentinelle.dz\\\/index.php\\\/2023\\\/03\\\/29\\\/le-calendrier-a-ete-fixe-plus-de-375-000-logements-a-distribuer-dans-7-wilayas\\\/#primaryimage\"},\"thumbnailUrl\":\"https:\\\/\\\/lasentinelle.dz\\\/wp-content\\\/uploads\\\/2023\\\/03\\\/Sansdddd-titre.png\",\"articleSection\":[\"\u00c0 la Une\",\"Actualit\u00e9\"],\"inLanguage\":\"fr-FR\",\"potentialAction\":[{\"@type\":\"CommentAction\",\"name\":\"Comment\",\"target\":[\"https:\\\/\\\/lasentinelle.dz\\\/index.php\\\/2023\\\/03\\\/29\\\/le-calendrier-a-ete-fixe-plus-de-375-000-logements-a-distribuer-dans-7-wilayas\\\/#respond\"]}]},{\"@type\":\"WebPage\",\"@id\":\"https:\\\/\\\/lasentinelle.dz\\\/index.php\\\/2023\\\/03\\\/29\\\/le-calendrier-a-ete-fixe-plus-de-375-000-logements-a-distribuer-dans-7-wilayas\\\/\",\"url\":\"https:\\\/\\\/lasentinelle.dz\\\/index.php\\\/2023\\\/03\\\/29\\\/le-calendrier-a-ete-fixe-plus-de-375-000-logements-a-distribuer-dans-7-wilayas\\\/\",\"name\":\"Le calendrier a \u00e9t\u00e9 fix\u00e9\u00a0: Plus de 375.000 logements \u00e0 distribuer dans 7 wilayas - La Sentinelle\",\"isPartOf\":{\"@id\":\"https:\\\/\\\/lasentinelle.dz\\\/#website\"},\"primaryImageOfPage\":{\"@id\":\"https:\\\/\\\/lasentinelle.dz\\\/index.php\\\/2023\\\/03\\\/29\\\/le-calendrier-a-ete-fixe-plus-de-375-000-logements-a-distribuer-dans-7-wilayas\\\/#primaryimage\"},\"image\":{\"@id\":\"https:\\\/\\\/lasentinelle.dz\\\/index.php\\\/2023\\\/03\\\/29\\\/le-calendrier-a-ete-fixe-plus-de-375-000-logements-a-distribuer-dans-7-wilayas\\\/#primaryimage\"},\"thumbnailUrl\":\"https:\\\/\\\/lasentinelle.dz\\\/wp-content\\\/uploads\\\/2023\\\/03\\\/Sansdddd-titre.png\",\"datePublished\":\"2023-03-29T21:08:00+00:00\",\"breadcrumb\":{\"@id\":\"https:\\\/\\\/lasentinelle.dz\\\/index.php\\\/2023\\\/03\\\/29\\\/le-calendrier-a-ete-fixe-plus-de-375-000-logements-a-distribuer-dans-7-wilayas\\\/#breadcrumb\"},\"inLanguage\":\"fr-FR\",\"potentialAction\":[{\"@type\":\"ReadAction\",\"target\":[\"https:\\\/\\\/lasentinelle.dz\\\/index.php\\\/2023\\\/03\\\/29\\\/le-calendrier-a-ete-fixe-plus-de-375-000-logements-a-distribuer-dans-7-wilayas\\\/\"]}]},{\"@type\":\"ImageObject\",\"inLanguage\":\"fr-FR\",\"@id\":\"https:\\\/\\\/lasentinelle.dz\\\/index.php\\\/2023\\\/03\\\/29\\\/le-calendrier-a-ete-fixe-plus-de-375-000-logements-a-distribuer-dans-7-wilayas\\\/#primaryimage\",\"url\":\"https:\\\/\\\/lasentinelle.dz\\\/wp-content\\\/uploads\\\/2023\\\/03\\\/Sansdddd-titre.png\",\"contentUrl\":\"https:\\\/\\\/lasentinelle.dz\\\/wp-content\\\/uploads\\\/2023\\\/03\\\/Sansdddd-titre.png\",\"width\":1468,\"height\":900},{\"@type\":\"BreadcrumbList\",\"@id\":\"https:\\\/\\\/lasentinelle.dz\\\/index.php\\\/2023\\\/03\\\/29\\\/le-calendrier-a-ete-fixe-plus-de-375-000-logements-a-distribuer-dans-7-wilayas\\\/#breadcrumb\",\"itemListElement\":[{\"@type\":\"ListItem\",\"position\":1,\"name\":\"Accueil\",\"item\":\"https:\\\/\\\/lasentinelle.dz\\\/\"},{\"@type\":\"ListItem\",\"position\":2,\"name\":\"Le calendrier a \u00e9t\u00e9 fix\u00e9\u00a0: Plus de 375.000 logements \u00e0 distribuer dans 7 wilayas\"}]},{\"@type\":\"WebSite\",\"@id\":\"https:\\\/\\\/lasentinelle.dz\\\/#website\",\"url\":\"https:\\\/\\\/lasentinelle.dz\\\/\",\"name\":\"La Sentinelle\",\"description\":\"Quotidien national d&#039;information\",\"publisher\":{\"@id\":\"https:\\\/\\\/lasentinelle.dz\\\/#organization\"},\"potentialAction\":[{\"@type\":\"SearchAction\",\"target\":{\"@type\":\"EntryPoint\",\"urlTemplate\":\"https:\\\/\\\/lasentinelle.dz\\\/?s={search_term_string}\"},\"query-input\":{\"@type\":\"PropertyValueSpecification\",\"valueRequired\":true,\"valueName\":\"search_term_string\"}}],\"inLanguage\":\"fr-FR\"},{\"@type\":\"Organization\",\"@id\":\"https:\\\/\\\/lasentinelle.dz\\\/#organization\",\"name\":\"Quotidien La Sentinelle\",\"url\":\"https:\\\/\\\/lasentinelle.dz\\\/\",\"logo\":{\"@type\":\"ImageObject\",\"inLanguage\":\"fr-FR\",\"@id\":\"https:\\\/\\\/lasentinelle.dz\\\/#\\\/schema\\\/logo\\\/image\\\/\",\"url\":\"https:\\\/\\\/lasentinelle.dz\\\/wp-content\\\/uploads\\\/2021\\\/09\\\/logo-sentinelleSLOGAN-1.png\",\"contentUrl\":\"https:\\\/\\\/lasentinelle.dz\\\/wp-content\\\/uploads\\\/2021\\\/09\\\/logo-sentinelleSLOGAN-1.png\",\"width\":615,\"height\":142,\"caption\":\"Quotidien La Sentinelle\"},\"image\":{\"@id\":\"https:\\\/\\\/lasentinelle.dz\\\/#\\\/schema\\\/logo\\\/image\\\/\"},\"sameAs\":[\"https:\\\/\\\/www.facebook.com\\\/La-Sentinelle-104059864394773\"]},{\"@type\":\"Person\",\"@id\":\"https:\\\/\\\/lasentinelle.dz\\\/#\\\/schema\\\/person\\\/d865044e22e70a75174ce8bcad3acfb3\",\"name\":\"La Sentinelle\",\"image\":{\"@type\":\"ImageObject\",\"inLanguage\":\"fr-FR\",\"@id\":\"https:\\\/\\\/secure.gravatar.com\\\/avatar\\\/57de8e5d4b15d43fb361a71fbb36338450fe67865b528a43dd10ef7c51a20392?s=96&d=mm&r=g\",\"url\":\"https:\\\/\\\/secure.gravatar.com\\\/avatar\\\/57de8e5d4b15d43fb361a71fbb36338450fe67865b528a43dd10ef7c51a20392?s=96&d=mm&r=g\",\"contentUrl\":\"https:\\\/\\\/secure.gravatar.com\\\/avatar\\\/57de8e5d4b15d43fb361a71fbb36338450fe67865b528a43dd10ef7c51a20392?s=96&d=mm&r=g\",\"caption\":\"La Sentinelle\"},\"sameAs\":[\"http:\\\/\\\/www.lasentinelle.dz\"],\"url\":\"https:\\\/\\\/lasentinelle.dz\\\/author\\\/redaction\\\/\"}]}<\/script>\n<!-- \/ Yoast SEO plugin. -->","yoast_head_json":{"title":"Le calendrier a \u00e9t\u00e9 fix\u00e9\u00a0: Plus de 375.000 logements \u00e0 distribuer dans 7 wilayas - La Sentinelle","robots":{"index":"index","follow":"follow","max-snippet":"max-snippet:-1","max-image-preview":"max-image-preview:large","max-video-preview":"max-video-preview:-1"},"canonical":"https:\/\/lasentinelle.dz\/index.php\/2023\/03\/29\/le-calendrier-a-ete-fixe-plus-de-375-000-logements-a-distribuer-dans-7-wilayas\/","og_locale":"fr_FR","og_type":"article","og_title":"Le calendrier a \u00e9t\u00e9 fix\u00e9\u00a0: Plus de 375.000 logements \u00e0 distribuer dans 7 wilayas - La Sentinelle","og_description":"Plus de 375.000 logements seront distribu\u00e9s dans 7 wilayas \u00e0 l\u2019occasion des festivit\u00e9s du 5-Juillet Le ministre de l&rsquo;Habitat, de","og_url":"https:\/\/lasentinelle.dz\/index.php\/2023\/03\/29\/le-calendrier-a-ete-fixe-plus-de-375-000-logements-a-distribuer-dans-7-wilayas\/","og_site_name":"La Sentinelle","article_publisher":"https:\/\/www.facebook.com\/La-Sentinelle-104059864394773","article_published_time":"2023-03-29T21:08:00+00:00","og_image":[{"width":1468,"height":900,"url":"https:\/\/lasentinelle.dz\/wp-content\/uploads\/2023\/03\/Sansdddd-titre.png","type":"image\/png"}],"author":"La Sentinelle","twitter_card":"summary_large_image","twitter_misc":{"\u00c9crit par":"La Sentinelle","Dur\u00e9e de lecture estim\u00e9e":"3 minutes"},"schema":{"@context":"https:\/\/schema.org","@graph":[{"@type":"Article","@id":"https:\/\/lasentinelle.dz\/index.php\/2023\/03\/29\/le-calendrier-a-ete-fixe-plus-de-375-000-logements-a-distribuer-dans-7-wilayas\/#article","isPartOf":{"@id":"https:\/\/lasentinelle.dz\/index.php\/2023\/03\/29\/le-calendrier-a-ete-fixe-plus-de-375-000-logements-a-distribuer-dans-7-wilayas\/"},"author":{"name":"La Sentinelle","@id":"https:\/\/lasentinelle.dz\/#\/schema\/person\/d865044e22e70a75174ce8bcad3acfb3"},"headline":"Le calendrier a \u00e9t\u00e9 fix\u00e9\u00a0: Plus de 375.000 logements \u00e0 distribuer dans 7 wilayas","datePublished":"2023-03-29T21:08:00+00:00","mainEntityOfPage":{"@id":"https:\/\/lasentinelle.dz\/index.php\/2023\/03\/29\/le-calendrier-a-ete-fixe-plus-de-375-000-logements-a-distribuer-dans-7-wilayas\/"},"wordCount":623,"commentCount":0,"publisher":{"@id":"https:\/\/lasentinelle.dz\/#organization"},"image":{"@id":"https:\/\/lasentinelle.dz\/index.php\/2023\/03\/29\/le-calendrier-a-ete-fixe-plus-de-375-000-logements-a-distribuer-dans-7-wilayas\/#primaryimage"},"thumbnailUrl":"https:\/\/lasentinelle.dz\/wp-content\/uploads\/2023\/03\/Sansdddd-titre.png","articleSection":["\u00c0 la Une","Actualit\u00e9"],"inLanguage":"fr-FR","potentialAction":[{"@type":"CommentAction","name":"Comment","target":["https:\/\/lasentinelle.dz\/index.php\/2023\/03\/29\/le-calendrier-a-ete-fixe-plus-de-375-000-logements-a-distribuer-dans-7-wilayas\/#respond"]}]},{"@type":"WebPage","@id":"https:\/\/lasentinelle.dz\/index.php\/2023\/03\/29\/le-calendrier-a-ete-fixe-plus-de-375-000-logements-a-distribuer-dans-7-wilayas\/","url":"https:\/\/lasentinelle.dz\/index.php\/2023\/03\/29\/le-calendrier-a-ete-fixe-plus-de-375-000-logements-a-distribuer-dans-7-wilayas\/","name":"Le calendrier a \u00e9t\u00e9 fix\u00e9\u00a0: Plus de 375.000 logements \u00e0 distribuer dans 7 wilayas - La Sentinelle","isPartOf":{"@id":"https:\/\/lasentinelle.dz\/#website"},"primaryImageOfPage":{"@id":"https:\/\/lasentinelle.dz\/index.php\/2023\/03\/29\/le-calendrier-a-ete-fixe-plus-de-375-000-logements-a-distribuer-dans-7-wilayas\/#primaryimage"},"image":{"@id":"https:\/\/lasentinelle.dz\/index.php\/2023\/03\/29\/le-calendrier-a-ete-fixe-plus-de-375-000-logements-a-distribuer-dans-7-wilayas\/#primaryimage"},"thumbnailUrl":"https:\/\/lasentinelle.dz\/wp-content\/uploads\/2023\/03\/Sansdddd-titre.png","datePublished":"2023-03-29T21:08:00+00:00","breadcrumb":{"@id":"https:\/\/lasentinelle.dz\/index.php\/2023\/03\/29\/le-calendrier-a-ete-fixe-plus-de-375-000-logements-a-distribuer-dans-7-wilayas\/#breadcrumb"},"inLanguage":"fr-FR","potentialAction":[{"@type":"ReadAction","target":["https:\/\/lasentinelle.dz\/index.php\/2023\/03\/29\/le-calendrier-a-ete-fixe-plus-de-375-000-logements-a-distribuer-dans-7-wilayas\/"]}]},{"@type":"ImageObject","inLanguage":"fr-FR","@id":"https:\/\/lasentinelle.dz\/index.php\/2023\/03\/29\/le-calendrier-a-ete-fixe-plus-de-375-000-logements-a-distribuer-dans-7-wilayas\/#primaryimage","url":"https:\/\/lasentinelle.dz\/wp-content\/uploads\/2023\/03\/Sansdddd-titre.png","contentUrl":"https:\/\/lasentinelle.dz\/wp-content\/uploads\/2023\/03\/Sansdddd-titre.png","width":1468,"height":900},{"@type":"BreadcrumbList","@id":"https:\/\/lasentinelle.dz\/index.php\/2023\/03\/29\/le-calendrier-a-ete-fixe-plus-de-375-000-logements-a-distribuer-dans-7-wilayas\/#breadcrumb","itemListElement":[{"@type":"ListItem","position":1,"name":"Accueil","item":"https:\/\/lasentinelle.dz\/"},{"@type":"ListItem","position":2,"name":"Le calendrier a \u00e9t\u00e9 fix\u00e9\u00a0: Plus de 375.000 logements \u00e0 distribuer dans 7 wilayas"}]},{"@type":"WebSite","@id":"https:\/\/lasentinelle.dz\/#website","url":"https:\/\/lasentinelle.dz\/","name":"La Sentinelle","description":"Quotidien national d&#039;information","publisher":{"@id":"https:\/\/lasentinelle.dz\/#organization"},"potentialAction":[{"@type":"SearchAction","target":{"@type":"EntryPoint","urlTemplate":"https:\/\/lasentinelle.dz\/?s={search_term_string}"},"query-input":{"@type":"PropertyValueSpecification","valueRequired":true,"valueName":"search_term_string"}}],"inLanguage":"fr-FR"},{"@type":"Organization","@id":"https:\/\/lasentinelle.dz\/#organization","name":"Quotidien La Sentinelle","url":"https:\/\/lasentinelle.dz\/","logo":{"@type":"ImageObject","inLanguage":"fr-FR","@id":"https:\/\/lasentinelle.dz\/#\/schema\/logo\/image\/","url":"https:\/\/lasentinelle.dz\/wp-content\/uploads\/2021\/09\/logo-sentinelleSLOGAN-1.png","contentUrl":"https:\/\/lasentinelle.dz\/wp-content\/uploads\/2021\/09\/logo-sentinelleSLOGAN-1.png","width":615,"height":142,"caption":"Quotidien La Sentinelle"},"image":{"@id":"https:\/\/lasentinelle.dz\/#\/schema\/logo\/image\/"},"sameAs":["https:\/\/www.facebook.com\/La-Sentinelle-104059864394773"]},{"@type":"Person","@id":"https:\/\/lasentinelle.dz\/#\/schema\/person\/d865044e22e70a75174ce8bcad3acfb3","name":"La Sentinelle","image":{"@type":"ImageObject","inLanguage":"fr-FR","@id":"https:\/\/secure.gravatar.com\/avatar\/57de8e5d4b15d43fb361a71fbb36338450fe67865b528a43dd10ef7c51a20392?s=96&d=mm&r=g","url":"https:\/\/secure.gravatar.com\/avatar\/57de8e5d4b15d43fb361a71fbb36338450fe67865b528a43dd10ef7c51a20392?s=96&d=mm&r=g","contentUrl":"https:\/\/secure.gravatar.com\/avatar\/57de8e5d4b15d43fb361a71fbb36338450fe67865b528a43dd10ef7c51a20392?s=96&d=mm&r=g","caption":"La Sentinelle"},"sameAs":["http:\/\/www.lasentinelle.dz"],"url":"https:\/\/lasentinelle.dz\/author\/redaction\/"}]}},"_links":{"self":[{"href":"https:\/\/lasentinelle.dz\/index.php\/wp-json\/wp\/v2\/posts\/38715","targetHints":{"allow":["GET"]}}],"collection":[{"href":"https:\/\/lasentinelle.dz\/index.php\/wp-json\/wp\/v2\/posts"}],"about":[{"href":"https:\/\/lasentinelle.dz\/index.php\/wp-json\/wp\/v2\/types\/post"}],"author":[{"embeddable":true,"href":"https:\/\/lasentinelle.dz\/index.php\/wp-json\/wp\/v2\/users\/3"}],"replies":[{"embeddable":true,"href":"https:\/\/lasentinelle.dz\/index.php\/wp-json\/wp\/v2\/comments?post=38715"}],"version-history":[{"count":1,"href":"https:\/\/lasentinelle.dz\/index.php\/wp-json\/wp\/v2\/posts\/38715\/revisions"}],"predecessor-version":[{"id":38729,"href":"https:\/\/lasentinelle.dz\/index.php\/wp-json\/wp\/v2\/posts\/38715\/revisions\/38729"}],"wp:featuredmedia":[{"embeddable":true,"href":"https:\/\/lasentinelle.dz\/index.php\/wp-json\/wp\/v2\/media\/38728"}],"wp:attachment":[{"href":"https:\/\/lasentinelle.dz\/index.php\/wp-json\/wp\/v2\/media?parent=38715"}],"wp:term":[{"taxonomy":"category","embeddable":true,"href":"https:\/\/lasentinelle.dz\/index.php\/wp-json\/wp\/v2\/categories?post=38715"},{"taxonomy":"post_tag","embeddable":true,"href":"https:\/\/lasentinelle.dz\/index.php\/wp-json\/wp\/v2\/tags?post=38715"}],"curies":[{"name":"wp","href":"https:\/\/api.w.org\/{rel}","templated":true}]}}