{"id":38730,"date":"2023-04-01T22:05:00","date_gmt":"2023-04-01T21:05:00","guid":{"rendered":"https:\/\/lasentinelle.dz\/?p=38730"},"modified":"2023-04-01T16:50:25","modified_gmt":"2023-04-01T15:50:25","slug":"etats-unis-trump-pret-a-se-battre","status":"publish","type":"post","link":"https:\/\/lasentinelle.dz\/index.php\/2023\/04\/01\/etats-unis-trump-pret-a-se-battre\/","title":{"rendered":"Etats-Unis\u00a0: Trump \u00ab pr\u00eat \u00e0 se battre \u00bb"},"content":{"rendered":"\n<p>Un temps secou\u00e9 par son inculpation historique, Donald Trump compte \u00ab se battre \u00bb sans retenue pour faire annuler les poursuites adopt\u00e9es par la justice new-yorkaise, a fait savoir son avocat. L&rsquo;ex-pr\u00e9sident devrait, selon les m\u00e9dias am\u00e9ricains, quitter sa r\u00e9sidence de Floride lundi pour se rendre \u00e0 New York, sa ville natale. Mardi, il devra se pr\u00e9senter \u00e0 un tribunal de Manhattan pour se voir signifier formellement les charges pesant contre lui. L&rsquo;ancien locataire de la Maison Blanche, qui r\u00eave de la reconqu\u00e9rir en 2024, \u00ab\u00a0a \u00e9t\u00e9 choqu\u00e9\u00a0\u00bb quand il a appris sa mise en accusation jeudi dans un dossier li\u00e9 \u00e0 un versement effectu\u00e9 \u00e0 une star du X en 2016, a d\u00e9clar\u00e9 son conseil Joe Tacopina sur la cha\u00eene NBC. \u00ab\u00a0Mais il a retrouss\u00e9 ses manches et d\u00e9cid\u00e9 de se battre\u00a0\u00bb, a ajout\u00e9 l&rsquo;avocat, en annon\u00e7ant son intention de d\u00e9poser \u00ab\u00a0imm\u00e9diatement\u00a0\u00bb des recours mettant en cause la l\u00e9galit\u00e9 des poursuites, dont la nature exacte n&rsquo;a pas encore \u00e9t\u00e9 rendue publique.<\/p>\n\n\n\n<p>Dans l&rsquo;ar\u00e8ne politique, le r\u00e9publicain de 76 ans a d\u00e9j\u00e0 donn\u00e9 de la voix: reprenant un discours bien rod\u00e9, il a tonn\u00e9 contre une mise en accusation \u00ab\u00a0bidon et honteuse\u00a0\u00bb orchestr\u00e9e selon lui par les d\u00e9mocrates pour faire d\u00e9railler sa campagne pr\u00e9sidentielle. Il a d&rsquo;ailleurs annonc\u00e9 vendredi avoir lev\u00e9 4 millions de dollars en 24 heures pour sa campagne, dans la foul\u00e9e de son inculpation. Soutenu par un parti dont les t\u00e9nors ont imm\u00e9diatement vol\u00e9 \u00e0 son secours, il a \u00e9trill\u00e9 le procureur d\u00e9mocrate de Manhattan, Alvin Bragg, qui porte le dossier, l&rsquo;accusant de \u00ab\u00a0faire le sale travail\u00a0\u00bb du pr\u00e9sident Joe Biden. Le procureur a d\u00e9plor\u00e9 des accusations \u00ab\u00a0sans fondement et incendiaires\u00a0\u00bb, dans un courrier \u00e0 des \u00e9lus r\u00e9publicains du Congr\u00e8s. Press\u00e9 par les journalistes, Joe Biden a pour sa part refus\u00e9 de commenter les d\u00e9boires de son pr\u00e9d\u00e9cesseur.<\/p>\n\n\n\n<p><strong>\u00ab Se faire plaisir \u00bb<\/strong><\/p>\n\n\n\n<p>Le d\u00e9mocrate de 80 ans, qui a l&rsquo;intention de briguer un second mandat, ne veut pas alimenter la posture de martyr endoss\u00e9e par Donald Trump pour rallier ses troupes. Il mise \u00e0 l&rsquo;inverse sur le d\u00e9calage entre son image de pr\u00e9sident au travail contre celle de son rival emp\u00eatr\u00e9 dans les affaires pour s\u00e9duire les \u00e9lecteurs du centre. La convocation de mardi donnera lieu \u00e0 un rituel in\u00e9dit pour un ancien chef d&rsquo;Etat: le milliardaire devra d\u00e9cliner son nom, \u00e2ge, profession, se soumettre \u00e0 une prise d&#8217;empreintes digitales et \u00eatre pris en photo, comme tout pr\u00e9venu. &nbsp;D&rsquo;apr\u00e8s son avocat, il ne sera pas menott\u00e9 mais pourrait avoir \u00e0 traverser des couloirs, en pr\u00e9sence de m\u00e9dias. Quand il sera devant le juge, \u00ab\u00a0le pr\u00e9sident plaidera non coupable\u00a0\u00bb car \u00ab\u00a0il n&rsquo;y aucun crime\u00a0\u00bb, a-t-il encore assur\u00e9. Donald Trump devrait ensuite \u00eatre laiss\u00e9 en libert\u00e9, peut-\u00eatre sous conditions, en attendant l&rsquo;organisation de son proc\u00e8s. Ses partisans, dont l&rsquo;\u00e9lue Marjorie Taylor Greene, ont pr\u00e9vu de manifester \u00e0 l&rsquo;ext\u00e9rieur du tribunal pendant sa comparution. Un important dispositif policier a \u00e9t\u00e9 d\u00e9j\u00e0 \u00e9t\u00e9 d\u00e9ploy\u00e9 pour \u00e9viter tout d\u00e9bordement, mais le calme demeurait vendredi \u00e0 New York. Les chefs d&rsquo;inculpation -une trentaine selon CNN &#8211; pesant contre Donald Trump, et donc les peines qu&rsquo;il encourt, seront rendus publiques mardi. Ils portent sur 130.000 dollars vers\u00e9s juste avant la pr\u00e9sidentielle de 2016 par l&rsquo;avocat personnel de Donald Trump, Micha\u00ebl Cohen \u00e0 l&rsquo;actrice de films pornographiques Stormy Daniels. Le but? Acheter son silence sur une relation extraconjugale qu&rsquo;elle pr\u00e9tend avoir eu avec le magnat de l&rsquo;immobilier dix ans plus t\u00f4t. Donald Trump, qui d\u00e9ment cette liaison, a d\u00fb reconna\u00eetre avoir rembours\u00e9 Michael Cohen mais assure que la transaction n&rsquo;avait rien d&rsquo;ill\u00e9gal. Si l&rsquo;accord pass\u00e9 avec Stormy Daniels \u00e9tait bien autoris\u00e9, il pourrait toutefois correspondre \u00e0 une d\u00e9pense de campagne. Or la somme n&rsquo;appara\u00eet pas dans les comptes du candidat et a, au contraire, \u00e9t\u00e9 inscrite comme \u00ab\u00a0frais juridique\u00a0\u00bb dans les documents de son entreprise. &nbsp;Ce dossier pourrait n&rsquo;\u00eatre que le premier, et peut-\u00eatre le moins s\u00e9rieux, pour l&rsquo;ancien pr\u00e9sident, qui fait l&rsquo;objet de multiples autres enqu\u00eates judiciaires. La justice f\u00e9d\u00e9rale a ouvert des investigations sur son r\u00f4le dans l&rsquo;attaque du Capitole, le 6 janvier 2021, et sur sa gestion des archives pr\u00e9sidentielles apr\u00e8s son d\u00e9part de la Maison Blanche. Une procureure de l&rsquo;Etat de G\u00e9orgie s&rsquo;int\u00e9resse \u00e0 des pressions exerc\u00e9es sur des responsables \u00e9lectoraux pour contester sa d\u00e9faite \u00e0 la pr\u00e9sidentielle de 2020. Mais rien dans la loi am\u00e9ricaine n&rsquo;interdit \u00e0 une personne inculp\u00e9e, voire condamn\u00e9e, d&rsquo;\u00eatre candidate \u00e0 une fonction \u00e9lective et de prendre ses fonctions en cas de victoire.<\/p>\n\n\n\n<p><strong>R.I.<\/strong><\/p>\n","protected":false},"excerpt":{"rendered":"<p>Un temps secou\u00e9 par son inculpation historique, Donald Trump compte \u00ab se battre \u00bb sans retenue pour faire annuler les<\/p>\n","protected":false},"author":3,"featured_media":38739,"comment_status":"open","ping_status":"closed","sticky":false,"template":"","format":"standard","meta":{"colormag_page_container_layout":"default_layout","colormag_page_sidebar_layout":"default_layout","om_disable_all_campaigns":false,"_monsterinsights_skip_tracking":false,"_monsterinsights_sitenote_active":false,"_monsterinsights_sitenote_note":"","_monsterinsights_sitenote_category":0,"footnotes":"","_wpscppro_dont_share_socialmedia":false,"_wpscppro_custom_social_share_image":0,"_facebook_share_type":"","_twitter_share_type":"","_linkedin_share_type":"","_pinterest_share_type":"","_linkedin_share_type_page":"","_instagram_share_type":"","_medium_share_type":"","_threads_share_type":"","_google_business_share_type":"","_selected_social_profile":[],"_wpsp_enable_custom_social_template":false,"_wpsp_social_scheduling":{"enabled":false,"datetime":null,"platforms":[],"status":"template_only","dateOption":"today","timeOption":"now","customDays":"","customHours":"","customDate":"","customTime":"","schedulingType":"absolute"},"_wpsp_active_default_template":true},"categories":[37],"tags":[],"class_list":["post-38730","post","type-post","status-publish","format-standard","has-post-thumbnail","hentry","category-monde"],"aioseo_notices":[],"yoast_head":"<!-- This site is optimized with the Yoast SEO plugin v27.5 - https:\/\/yoast.com\/product\/yoast-seo-wordpress\/ -->\n<title>Etats-Unis\u00a0: Trump \u00ab pr\u00eat \u00e0 se battre \u00bb - La Sentinelle<\/title>\n<meta name=\"robots\" content=\"index, follow, max-snippet:-1, max-image-preview:large, max-video-preview:-1\" \/>\n<link rel=\"canonical\" href=\"https:\/\/lasentinelle.dz\/index.php\/2023\/04\/01\/etats-unis-trump-pret-a-se-battre\/\" \/>\n<meta property=\"og:locale\" content=\"fr_FR\" \/>\n<meta property=\"og:type\" content=\"article\" \/>\n<meta property=\"og:title\" content=\"Etats-Unis\u00a0: Trump \u00ab pr\u00eat \u00e0 se battre \u00bb - La Sentinelle\" \/>\n<meta property=\"og:description\" content=\"Un temps secou\u00e9 par son inculpation historique, Donald Trump compte \u00ab se battre \u00bb sans retenue pour faire annuler les\" \/>\n<meta property=\"og:url\" content=\"https:\/\/lasentinelle.dz\/index.php\/2023\/04\/01\/etats-unis-trump-pret-a-se-battre\/\" \/>\n<meta property=\"og:site_name\" content=\"La Sentinelle\" \/>\n<meta property=\"article:publisher\" content=\"https:\/\/www.facebook.com\/La-Sentinelle-104059864394773\" \/>\n<meta property=\"article:published_time\" content=\"2023-04-01T21:05:00+00:00\" \/>\n<meta property=\"og:image\" content=\"https:\/\/lasentinelle.dz\/wp-content\/uploads\/2023\/04\/Trump-.png\" \/>\n\t<meta property=\"og:image:width\" content=\"1593\" \/>\n\t<meta property=\"og:image:height\" content=\"900\" \/>\n\t<meta property=\"og:image:type\" content=\"image\/png\" \/>\n<meta name=\"author\" content=\"La Sentinelle\" \/>\n<meta name=\"twitter:card\" content=\"summary_large_image\" \/>\n<meta name=\"twitter:label1\" content=\"\u00c9crit par\" \/>\n\t<meta name=\"twitter:data1\" content=\"La Sentinelle\" \/>\n\t<meta name=\"twitter:label2\" content=\"Dur\u00e9e de lecture estim\u00e9e\" \/>\n\t<meta name=\"twitter:data2\" content=\"4 minutes\" \/>\n<script type=\"application\/ld+json\" class=\"yoast-schema-graph\">{\"@context\":\"https:\\\/\\\/schema.org\",\"@graph\":[{\"@type\":\"Article\",\"@id\":\"https:\\\/\\\/lasentinelle.dz\\\/index.php\\\/2023\\\/04\\\/01\\\/etats-unis-trump-pret-a-se-battre\\\/#article\",\"isPartOf\":{\"@id\":\"https:\\\/\\\/lasentinelle.dz\\\/index.php\\\/2023\\\/04\\\/01\\\/etats-unis-trump-pret-a-se-battre\\\/\"},\"author\":{\"name\":\"La Sentinelle\",\"@id\":\"https:\\\/\\\/lasentinelle.dz\\\/#\\\/schema\\\/person\\\/d865044e22e70a75174ce8bcad3acfb3\"},\"headline\":\"Etats-Unis\u00a0: Trump \u00ab pr\u00eat \u00e0 se battre \u00bb\",\"datePublished\":\"2023-04-01T21:05:00+00:00\",\"mainEntityOfPage\":{\"@id\":\"https:\\\/\\\/lasentinelle.dz\\\/index.php\\\/2023\\\/04\\\/01\\\/etats-unis-trump-pret-a-se-battre\\\/\"},\"wordCount\":830,\"commentCount\":0,\"publisher\":{\"@id\":\"https:\\\/\\\/lasentinelle.dz\\\/#organization\"},\"image\":{\"@id\":\"https:\\\/\\\/lasentinelle.dz\\\/index.php\\\/2023\\\/04\\\/01\\\/etats-unis-trump-pret-a-se-battre\\\/#primaryimage\"},\"thumbnailUrl\":\"https:\\\/\\\/lasentinelle.dz\\\/wp-content\\\/uploads\\\/2023\\\/04\\\/Trump-.png\",\"articleSection\":[\"Monde\"],\"inLanguage\":\"fr-FR\",\"potentialAction\":[{\"@type\":\"CommentAction\",\"name\":\"Comment\",\"target\":[\"https:\\\/\\\/lasentinelle.dz\\\/index.php\\\/2023\\\/04\\\/01\\\/etats-unis-trump-pret-a-se-battre\\\/#respond\"]}]},{\"@type\":\"WebPage\",\"@id\":\"https:\\\/\\\/lasentinelle.dz\\\/index.php\\\/2023\\\/04\\\/01\\\/etats-unis-trump-pret-a-se-battre\\\/\",\"url\":\"https:\\\/\\\/lasentinelle.dz\\\/index.php\\\/2023\\\/04\\\/01\\\/etats-unis-trump-pret-a-se-battre\\\/\",\"name\":\"Etats-Unis\u00a0: Trump \u00ab pr\u00eat \u00e0 se battre \u00bb - La Sentinelle\",\"isPartOf\":{\"@id\":\"https:\\\/\\\/lasentinelle.dz\\\/#website\"},\"primaryImageOfPage\":{\"@id\":\"https:\\\/\\\/lasentinelle.dz\\\/index.php\\\/2023\\\/04\\\/01\\\/etats-unis-trump-pret-a-se-battre\\\/#primaryimage\"},\"image\":{\"@id\":\"https:\\\/\\\/lasentinelle.dz\\\/index.php\\\/2023\\\/04\\\/01\\\/etats-unis-trump-pret-a-se-battre\\\/#primaryimage\"},\"thumbnailUrl\":\"https:\\\/\\\/lasentinelle.dz\\\/wp-content\\\/uploads\\\/2023\\\/04\\\/Trump-.png\",\"datePublished\":\"2023-04-01T21:05:00+00:00\",\"breadcrumb\":{\"@id\":\"https:\\\/\\\/lasentinelle.dz\\\/index.php\\\/2023\\\/04\\\/01\\\/etats-unis-trump-pret-a-se-battre\\\/#breadcrumb\"},\"inLanguage\":\"fr-FR\",\"potentialAction\":[{\"@type\":\"ReadAction\",\"target\":[\"https:\\\/\\\/lasentinelle.dz\\\/index.php\\\/2023\\\/04\\\/01\\\/etats-unis-trump-pret-a-se-battre\\\/\"]}]},{\"@type\":\"ImageObject\",\"inLanguage\":\"fr-FR\",\"@id\":\"https:\\\/\\\/lasentinelle.dz\\\/index.php\\\/2023\\\/04\\\/01\\\/etats-unis-trump-pret-a-se-battre\\\/#primaryimage\",\"url\":\"https:\\\/\\\/lasentinelle.dz\\\/wp-content\\\/uploads\\\/2023\\\/04\\\/Trump-.png\",\"contentUrl\":\"https:\\\/\\\/lasentinelle.dz\\\/wp-content\\\/uploads\\\/2023\\\/04\\\/Trump-.png\",\"width\":1593,\"height\":900},{\"@type\":\"BreadcrumbList\",\"@id\":\"https:\\\/\\\/lasentinelle.dz\\\/index.php\\\/2023\\\/04\\\/01\\\/etats-unis-trump-pret-a-se-battre\\\/#breadcrumb\",\"itemListElement\":[{\"@type\":\"ListItem\",\"position\":1,\"name\":\"Accueil\",\"item\":\"https:\\\/\\\/lasentinelle.dz\\\/\"},{\"@type\":\"ListItem\",\"position\":2,\"name\":\"Etats-Unis\u00a0: Trump \u00ab pr\u00eat \u00e0 se battre \u00bb\"}]},{\"@type\":\"WebSite\",\"@id\":\"https:\\\/\\\/lasentinelle.dz\\\/#website\",\"url\":\"https:\\\/\\\/lasentinelle.dz\\\/\",\"name\":\"La Sentinelle\",\"description\":\"Quotidien national d&#039;information\",\"publisher\":{\"@id\":\"https:\\\/\\\/lasentinelle.dz\\\/#organization\"},\"potentialAction\":[{\"@type\":\"SearchAction\",\"target\":{\"@type\":\"EntryPoint\",\"urlTemplate\":\"https:\\\/\\\/lasentinelle.dz\\\/?s={search_term_string}\"},\"query-input\":{\"@type\":\"PropertyValueSpecification\",\"valueRequired\":true,\"valueName\":\"search_term_string\"}}],\"inLanguage\":\"fr-FR\"},{\"@type\":\"Organization\",\"@id\":\"https:\\\/\\\/lasentinelle.dz\\\/#organization\",\"name\":\"Quotidien La Sentinelle\",\"url\":\"https:\\\/\\\/lasentinelle.dz\\\/\",\"logo\":{\"@type\":\"ImageObject\",\"inLanguage\":\"fr-FR\",\"@id\":\"https:\\\/\\\/lasentinelle.dz\\\/#\\\/schema\\\/logo\\\/image\\\/\",\"url\":\"https:\\\/\\\/lasentinelle.dz\\\/wp-content\\\/uploads\\\/2021\\\/09\\\/logo-sentinelleSLOGAN-1.png\",\"contentUrl\":\"https:\\\/\\\/lasentinelle.dz\\\/wp-content\\\/uploads\\\/2021\\\/09\\\/logo-sentinelleSLOGAN-1.png\",\"width\":615,\"height\":142,\"caption\":\"Quotidien La Sentinelle\"},\"image\":{\"@id\":\"https:\\\/\\\/lasentinelle.dz\\\/#\\\/schema\\\/logo\\\/image\\\/\"},\"sameAs\":[\"https:\\\/\\\/www.facebook.com\\\/La-Sentinelle-104059864394773\"]},{\"@type\":\"Person\",\"@id\":\"https:\\\/\\\/lasentinelle.dz\\\/#\\\/schema\\\/person\\\/d865044e22e70a75174ce8bcad3acfb3\",\"name\":\"La Sentinelle\",\"image\":{\"@type\":\"ImageObject\",\"inLanguage\":\"fr-FR\",\"@id\":\"https:\\\/\\\/secure.gravatar.com\\\/avatar\\\/57de8e5d4b15d43fb361a71fbb36338450fe67865b528a43dd10ef7c51a20392?s=96&d=mm&r=g\",\"url\":\"https:\\\/\\\/secure.gravatar.com\\\/avatar\\\/57de8e5d4b15d43fb361a71fbb36338450fe67865b528a43dd10ef7c51a20392?s=96&d=mm&r=g\",\"contentUrl\":\"https:\\\/\\\/secure.gravatar.com\\\/avatar\\\/57de8e5d4b15d43fb361a71fbb36338450fe67865b528a43dd10ef7c51a20392?s=96&d=mm&r=g\",\"caption\":\"La Sentinelle\"},\"sameAs\":[\"http:\\\/\\\/www.lasentinelle.dz\"],\"url\":\"https:\\\/\\\/lasentinelle.dz\\\/author\\\/redaction\\\/\"}]}<\/script>\n<!-- \/ Yoast SEO plugin. -->","yoast_head_json":{"title":"Etats-Unis\u00a0: Trump \u00ab pr\u00eat \u00e0 se battre \u00bb - La Sentinelle","robots":{"index":"index","follow":"follow","max-snippet":"max-snippet:-1","max-image-preview":"max-image-preview:large","max-video-preview":"max-video-preview:-1"},"canonical":"https:\/\/lasentinelle.dz\/index.php\/2023\/04\/01\/etats-unis-trump-pret-a-se-battre\/","og_locale":"fr_FR","og_type":"article","og_title":"Etats-Unis\u00a0: Trump \u00ab pr\u00eat \u00e0 se battre \u00bb - La Sentinelle","og_description":"Un temps secou\u00e9 par son inculpation historique, Donald Trump compte \u00ab se battre \u00bb sans retenue pour faire annuler les","og_url":"https:\/\/lasentinelle.dz\/index.php\/2023\/04\/01\/etats-unis-trump-pret-a-se-battre\/","og_site_name":"La Sentinelle","article_publisher":"https:\/\/www.facebook.com\/La-Sentinelle-104059864394773","article_published_time":"2023-04-01T21:05:00+00:00","og_image":[{"width":1593,"height":900,"url":"https:\/\/lasentinelle.dz\/wp-content\/uploads\/2023\/04\/Trump-.png","type":"image\/png"}],"author":"La Sentinelle","twitter_card":"summary_large_image","twitter_misc":{"\u00c9crit par":"La Sentinelle","Dur\u00e9e de lecture estim\u00e9e":"4 minutes"},"schema":{"@context":"https:\/\/schema.org","@graph":[{"@type":"Article","@id":"https:\/\/lasentinelle.dz\/index.php\/2023\/04\/01\/etats-unis-trump-pret-a-se-battre\/#article","isPartOf":{"@id":"https:\/\/lasentinelle.dz\/index.php\/2023\/04\/01\/etats-unis-trump-pret-a-se-battre\/"},"author":{"name":"La Sentinelle","@id":"https:\/\/lasentinelle.dz\/#\/schema\/person\/d865044e22e70a75174ce8bcad3acfb3"},"headline":"Etats-Unis\u00a0: Trump \u00ab pr\u00eat \u00e0 se battre \u00bb","datePublished":"2023-04-01T21:05:00+00:00","mainEntityOfPage":{"@id":"https:\/\/lasentinelle.dz\/index.php\/2023\/04\/01\/etats-unis-trump-pret-a-se-battre\/"},"wordCount":830,"commentCount":0,"publisher":{"@id":"https:\/\/lasentinelle.dz\/#organization"},"image":{"@id":"https:\/\/lasentinelle.dz\/index.php\/2023\/04\/01\/etats-unis-trump-pret-a-se-battre\/#primaryimage"},"thumbnailUrl":"https:\/\/lasentinelle.dz\/wp-content\/uploads\/2023\/04\/Trump-.png","articleSection":["Monde"],"inLanguage":"fr-FR","potentialAction":[{"@type":"CommentAction","name":"Comment","target":["https:\/\/lasentinelle.dz\/index.php\/2023\/04\/01\/etats-unis-trump-pret-a-se-battre\/#respond"]}]},{"@type":"WebPage","@id":"https:\/\/lasentinelle.dz\/index.php\/2023\/04\/01\/etats-unis-trump-pret-a-se-battre\/","url":"https:\/\/lasentinelle.dz\/index.php\/2023\/04\/01\/etats-unis-trump-pret-a-se-battre\/","name":"Etats-Unis\u00a0: Trump \u00ab pr\u00eat \u00e0 se battre \u00bb - La Sentinelle","isPartOf":{"@id":"https:\/\/lasentinelle.dz\/#website"},"primaryImageOfPage":{"@id":"https:\/\/lasentinelle.dz\/index.php\/2023\/04\/01\/etats-unis-trump-pret-a-se-battre\/#primaryimage"},"image":{"@id":"https:\/\/lasentinelle.dz\/index.php\/2023\/04\/01\/etats-unis-trump-pret-a-se-battre\/#primaryimage"},"thumbnailUrl":"https:\/\/lasentinelle.dz\/wp-content\/uploads\/2023\/04\/Trump-.png","datePublished":"2023-04-01T21:05:00+00:00","breadcrumb":{"@id":"https:\/\/lasentinelle.dz\/index.php\/2023\/04\/01\/etats-unis-trump-pret-a-se-battre\/#breadcrumb"},"inLanguage":"fr-FR","potentialAction":[{"@type":"ReadAction","target":["https:\/\/lasentinelle.dz\/index.php\/2023\/04\/01\/etats-unis-trump-pret-a-se-battre\/"]}]},{"@type":"ImageObject","inLanguage":"fr-FR","@id":"https:\/\/lasentinelle.dz\/index.php\/2023\/04\/01\/etats-unis-trump-pret-a-se-battre\/#primaryimage","url":"https:\/\/lasentinelle.dz\/wp-content\/uploads\/2023\/04\/Trump-.png","contentUrl":"https:\/\/lasentinelle.dz\/wp-content\/uploads\/2023\/04\/Trump-.png","width":1593,"height":900},{"@type":"BreadcrumbList","@id":"https:\/\/lasentinelle.dz\/index.php\/2023\/04\/01\/etats-unis-trump-pret-a-se-battre\/#breadcrumb","itemListElement":[{"@type":"ListItem","position":1,"name":"Accueil","item":"https:\/\/lasentinelle.dz\/"},{"@type":"ListItem","position":2,"name":"Etats-Unis\u00a0: Trump \u00ab pr\u00eat \u00e0 se battre \u00bb"}]},{"@type":"WebSite","@id":"https:\/\/lasentinelle.dz\/#website","url":"https:\/\/lasentinelle.dz\/","name":"La Sentinelle","description":"Quotidien national d&#039;information","publisher":{"@id":"https:\/\/lasentinelle.dz\/#organization"},"potentialAction":[{"@type":"SearchAction","target":{"@type":"EntryPoint","urlTemplate":"https:\/\/lasentinelle.dz\/?s={search_term_string}"},"query-input":{"@type":"PropertyValueSpecification","valueRequired":true,"valueName":"search_term_string"}}],"inLanguage":"fr-FR"},{"@type":"Organization","@id":"https:\/\/lasentinelle.dz\/#organization","name":"Quotidien La Sentinelle","url":"https:\/\/lasentinelle.dz\/","logo":{"@type":"ImageObject","inLanguage":"fr-FR","@id":"https:\/\/lasentinelle.dz\/#\/schema\/logo\/image\/","url":"https:\/\/lasentinelle.dz\/wp-content\/uploads\/2021\/09\/logo-sentinelleSLOGAN-1.png","contentUrl":"https:\/\/lasentinelle.dz\/wp-content\/uploads\/2021\/09\/logo-sentinelleSLOGAN-1.png","width":615,"height":142,"caption":"Quotidien La Sentinelle"},"image":{"@id":"https:\/\/lasentinelle.dz\/#\/schema\/logo\/image\/"},"sameAs":["https:\/\/www.facebook.com\/La-Sentinelle-104059864394773"]},{"@type":"Person","@id":"https:\/\/lasentinelle.dz\/#\/schema\/person\/d865044e22e70a75174ce8bcad3acfb3","name":"La Sentinelle","image":{"@type":"ImageObject","inLanguage":"fr-FR","@id":"https:\/\/secure.gravatar.com\/avatar\/57de8e5d4b15d43fb361a71fbb36338450fe67865b528a43dd10ef7c51a20392?s=96&d=mm&r=g","url":"https:\/\/secure.gravatar.com\/avatar\/57de8e5d4b15d43fb361a71fbb36338450fe67865b528a43dd10ef7c51a20392?s=96&d=mm&r=g","contentUrl":"https:\/\/secure.gravatar.com\/avatar\/57de8e5d4b15d43fb361a71fbb36338450fe67865b528a43dd10ef7c51a20392?s=96&d=mm&r=g","caption":"La Sentinelle"},"sameAs":["http:\/\/www.lasentinelle.dz"],"url":"https:\/\/lasentinelle.dz\/author\/redaction\/"}]}},"_links":{"self":[{"href":"https:\/\/lasentinelle.dz\/index.php\/wp-json\/wp\/v2\/posts\/38730","targetHints":{"allow":["GET"]}}],"collection":[{"href":"https:\/\/lasentinelle.dz\/index.php\/wp-json\/wp\/v2\/posts"}],"about":[{"href":"https:\/\/lasentinelle.dz\/index.php\/wp-json\/wp\/v2\/types\/post"}],"author":[{"embeddable":true,"href":"https:\/\/lasentinelle.dz\/index.php\/wp-json\/wp\/v2\/users\/3"}],"replies":[{"embeddable":true,"href":"https:\/\/lasentinelle.dz\/index.php\/wp-json\/wp\/v2\/comments?post=38730"}],"version-history":[{"count":1,"href":"https:\/\/lasentinelle.dz\/index.php\/wp-json\/wp\/v2\/posts\/38730\/revisions"}],"predecessor-version":[{"id":38740,"href":"https:\/\/lasentinelle.dz\/index.php\/wp-json\/wp\/v2\/posts\/38730\/revisions\/38740"}],"wp:featuredmedia":[{"embeddable":true,"href":"https:\/\/lasentinelle.dz\/index.php\/wp-json\/wp\/v2\/media\/38739"}],"wp:attachment":[{"href":"https:\/\/lasentinelle.dz\/index.php\/wp-json\/wp\/v2\/media?parent=38730"}],"wp:term":[{"taxonomy":"category","embeddable":true,"href":"https:\/\/lasentinelle.dz\/index.php\/wp-json\/wp\/v2\/categories?post=38730"},{"taxonomy":"post_tag","embeddable":true,"href":"https:\/\/lasentinelle.dz\/index.php\/wp-json\/wp\/v2\/tags?post=38730"}],"curies":[{"name":"wp","href":"https:\/\/api.w.org\/{rel}","templated":true}]}}