{"id":38735,"date":"2023-04-01T22:08:00","date_gmt":"2023-04-01T21:08:00","guid":{"rendered":"https:\/\/lasentinelle.dz\/?p=38735"},"modified":"2023-04-01T20:37:01","modified_gmt":"2023-04-01T19:37:01","slug":"attaque-contre-un-commissariat-de-sidi-salem-a-annaba-des-peines-de-6-mois-a-20-ans-de-prison-ferme","status":"publish","type":"post","link":"https:\/\/lasentinelle.dz\/index.php\/2023\/04\/01\/attaque-contre-un-commissariat-de-sidi-salem-a-annaba-des-peines-de-6-mois-a-20-ans-de-prison-ferme\/","title":{"rendered":"Attaque contre un commissariat de Sidi Salem \u00e0 Annaba\u00a0: Des peines de 6 mois \u00e0 20 ans de prison ferme"},"content":{"rendered":"\n<p>Le tribunal d\u2019El Hadjar relevant de la cour de justice d\u2019Annaba a prononc\u00e9, tr\u00e8s tard mercredi, des peines de prison allant de 6 mois \u00e0 20 ans \u00e0 l\u2019encontre de 82 personnes impliqu\u00e9es dans l\u2019affaire de la bande de quartier \u00e0 Sidi Salem dans la commune d\u2019El Bouni, apprend-on de source judiciaire. Selon les d\u00e9tailles apport\u00e9es par la m\u00eame source, l\u2019instance de justice&nbsp; a condamn\u00e9 \u00e0 15 ans de prison ferme 46 accus\u00e9s sur les 60 arr\u00eat\u00e9s et poursuivis dans cette affaire, une peine assortie d&rsquo;une amende d\u2019un million DA. Le m\u00eame tribunal a prononc\u00e9 \u00e9galement une peine de trois (3) ans de prison ferme \u00e0 l\u2019encontre de 13 autres accus\u00e9s impliqu\u00e9s dans cette attaque&nbsp; et une peine de six mois de prison ferme contre un accus\u00e9 du groupe interpell\u00e9, avec une amende de 10 millions de centime. Par ailleurs, le tribunal a condamn\u00e9 par contumace \u00e0 20 ans de prison et une amende de 2 millions DA, 22 autres co-accus\u00e9s&nbsp; se trouvant jusqu\u2019\u00e0 la mise sous presse en fuite en plus de l\u2019\u00e9mission de mandats d\u2019arr\u00eat \u00e0 leur encontre, a pr\u00e9cis\u00e9 la m\u00eame source. Par ailleurs, une femme r\u00e9pondant aux initiales (D.C) a b\u00e9n\u00e9fici\u00e9 de l\u2019abandon de cinq charges pour ne garder que la non-d\u00e9nonciation. La mise en cause a \u00e9t\u00e9 condamn\u00e9e \u00e0 5 ans de prison ferme. Ainsi, 82 personnes dont 22 en \u00e9tat de fuite ont \u00e9t\u00e9 poursuivies dans cette affaire pour \u00ab\u00a0constitution d\u2019une bande de quartiers, participation \u00e0 une bagarre, d\u00e9sob\u00e9issance, r\u00e9union de bandes de quartiers conduisant \u00e0 des coups et blessures \u00e0 plusieurs policiers, en usant d\u2019 armes&nbsp; en plus du d\u00e9lit de stockage d\u2019armes blanches au profit des bande de quartier en \u00e9tant conscient de l\u2019intention de leur usage\u00a0\u00bb, a-t-on appris du d\u00e9roul\u00e9 du proc\u00e8s. Les chefs d\u2019accusation pour lesquels a \u00e9t\u00e9 poursuivi ce groupe sont \u00ab\u00a0la destruction de biens publics de l\u2019Etat, usage de violence contre des membres d\u2019une force publique pendant l\u2019exercice de leurs missions, incitation \u00e0 l\u2019attroupement arm\u00e9 et obstruction au bon fonctionnement d\u2019une institution publique par usage d\u2019armes et de menace en vertu des articles 22, 25 et 26 de la loi de lutte contre les bandes de quartiers et les articles 99, 149, 197 et 407 du code p\u00e9nal\u00a0\u00bb. Les accus\u00e9s ont \u00e9t\u00e9 arr\u00eat\u00e9s le 15 mars derniers \u00e0 la cit\u00e9 Sidi Salem apr\u00e8s une tentative d\u2019individus arm\u00e9s utilisant des chiens d\u2019attaque de p\u00e9n\u00e9trer dans le si\u00e8ge de la s\u00fbret\u00e9 et la destruction de biens publics, rappelle-t-on.<\/p>\n\n\n\n<p><strong>Sofia Chahine<\/strong><\/p>\n","protected":false},"excerpt":{"rendered":"<p>Le tribunal d\u2019El Hadjar relevant de la cour de justice d\u2019Annaba a prononc\u00e9, tr\u00e8s tard mercredi, des peines de prison<\/p>\n","protected":false},"author":3,"featured_media":38736,"comment_status":"open","ping_status":"closed","sticky":false,"template":"","format":"standard","meta":{"colormag_page_container_layout":"default_layout","colormag_page_sidebar_layout":"default_layout","om_disable_all_campaigns":false,"_monsterinsights_skip_tracking":false,"_monsterinsights_sitenote_active":false,"_monsterinsights_sitenote_note":"","_monsterinsights_sitenote_category":0,"footnotes":"","_wpscppro_dont_share_socialmedia":false,"_wpscppro_custom_social_share_image":0,"_facebook_share_type":"","_twitter_share_type":"","_linkedin_share_type":"","_pinterest_share_type":"","_linkedin_share_type_page":"","_instagram_share_type":"","_medium_share_type":"","_threads_share_type":"","_google_business_share_type":"","_selected_social_profile":[],"_wpsp_enable_custom_social_template":false,"_wpsp_social_scheduling":{"enabled":false,"datetime":null,"platforms":[],"status":"template_only","dateOption":"today","timeOption":"now","customDays":"","customHours":"","customDate":"","customTime":"","schedulingType":"absolute"},"_wpsp_active_default_template":true},"categories":[52,27],"tags":[],"class_list":["post-38735","post","type-post","status-publish","format-standard","has-post-thumbnail","hentry","category-a-la-une","category-actualite"],"aioseo_notices":[],"yoast_head":"<!-- This site is optimized with the Yoast SEO plugin v27.5 - https:\/\/yoast.com\/product\/yoast-seo-wordpress\/ -->\n<title>Attaque contre un commissariat de Sidi Salem \u00e0 Annaba\u00a0: Des peines de 6 mois \u00e0 20 ans de prison ferme - La Sentinelle<\/title>\n<meta name=\"robots\" content=\"index, follow, max-snippet:-1, max-image-preview:large, max-video-preview:-1\" \/>\n<link rel=\"canonical\" href=\"https:\/\/lasentinelle.dz\/index.php\/2023\/04\/01\/attaque-contre-un-commissariat-de-sidi-salem-a-annaba-des-peines-de-6-mois-a-20-ans-de-prison-ferme\/\" \/>\n<meta property=\"og:locale\" content=\"fr_FR\" \/>\n<meta property=\"og:type\" content=\"article\" \/>\n<meta property=\"og:title\" content=\"Attaque contre un commissariat de Sidi Salem \u00e0 Annaba\u00a0: Des peines de 6 mois \u00e0 20 ans de prison ferme - La Sentinelle\" \/>\n<meta property=\"og:description\" content=\"Le tribunal d\u2019El Hadjar relevant de la cour de justice d\u2019Annaba a prononc\u00e9, tr\u00e8s tard mercredi, des peines de prison\" \/>\n<meta property=\"og:url\" content=\"https:\/\/lasentinelle.dz\/index.php\/2023\/04\/01\/attaque-contre-un-commissariat-de-sidi-salem-a-annaba-des-peines-de-6-mois-a-20-ans-de-prison-ferme\/\" \/>\n<meta property=\"og:site_name\" content=\"La Sentinelle\" \/>\n<meta property=\"article:publisher\" content=\"https:\/\/www.facebook.com\/La-Sentinelle-104059864394773\" \/>\n<meta property=\"article:published_time\" content=\"2023-04-01T21:08:00+00:00\" \/>\n<meta property=\"og:image\" content=\"https:\/\/lasentinelle.dz\/wp-content\/uploads\/2023\/04\/image_2023-04-01_164818218.png\" \/>\n\t<meta property=\"og:image:width\" content=\"259\" \/>\n\t<meta property=\"og:image:height\" content=\"194\" \/>\n\t<meta property=\"og:image:type\" content=\"image\/png\" \/>\n<meta name=\"author\" content=\"La Sentinelle\" \/>\n<meta name=\"twitter:card\" content=\"summary_large_image\" \/>\n<meta name=\"twitter:label1\" content=\"\u00c9crit par\" \/>\n\t<meta name=\"twitter:data1\" content=\"La Sentinelle\" \/>\n\t<meta name=\"twitter:label2\" content=\"Dur\u00e9e de lecture estim\u00e9e\" \/>\n\t<meta name=\"twitter:data2\" content=\"3 minutes\" \/>\n<script type=\"application\/ld+json\" class=\"yoast-schema-graph\">{\"@context\":\"https:\\\/\\\/schema.org\",\"@graph\":[{\"@type\":\"Article\",\"@id\":\"https:\\\/\\\/lasentinelle.dz\\\/index.php\\\/2023\\\/04\\\/01\\\/attaque-contre-un-commissariat-de-sidi-salem-a-annaba-des-peines-de-6-mois-a-20-ans-de-prison-ferme\\\/#article\",\"isPartOf\":{\"@id\":\"https:\\\/\\\/lasentinelle.dz\\\/index.php\\\/2023\\\/04\\\/01\\\/attaque-contre-un-commissariat-de-sidi-salem-a-annaba-des-peines-de-6-mois-a-20-ans-de-prison-ferme\\\/\"},\"author\":{\"name\":\"La Sentinelle\",\"@id\":\"https:\\\/\\\/lasentinelle.dz\\\/#\\\/schema\\\/person\\\/d865044e22e70a75174ce8bcad3acfb3\"},\"headline\":\"Attaque contre un commissariat de Sidi Salem \u00e0 Annaba\u00a0: Des peines de 6 mois \u00e0 20 ans de prison ferme\",\"datePublished\":\"2023-04-01T21:08:00+00:00\",\"mainEntityOfPage\":{\"@id\":\"https:\\\/\\\/lasentinelle.dz\\\/index.php\\\/2023\\\/04\\\/01\\\/attaque-contre-un-commissariat-de-sidi-salem-a-annaba-des-peines-de-6-mois-a-20-ans-de-prison-ferme\\\/\"},\"wordCount\":455,\"commentCount\":0,\"publisher\":{\"@id\":\"https:\\\/\\\/lasentinelle.dz\\\/#organization\"},\"image\":{\"@id\":\"https:\\\/\\\/lasentinelle.dz\\\/index.php\\\/2023\\\/04\\\/01\\\/attaque-contre-un-commissariat-de-sidi-salem-a-annaba-des-peines-de-6-mois-a-20-ans-de-prison-ferme\\\/#primaryimage\"},\"thumbnailUrl\":\"https:\\\/\\\/lasentinelle.dz\\\/wp-content\\\/uploads\\\/2023\\\/04\\\/image_2023-04-01_164818218.png\",\"articleSection\":[\"\u00c0 la Une\",\"Actualit\u00e9\"],\"inLanguage\":\"fr-FR\",\"potentialAction\":[{\"@type\":\"CommentAction\",\"name\":\"Comment\",\"target\":[\"https:\\\/\\\/lasentinelle.dz\\\/index.php\\\/2023\\\/04\\\/01\\\/attaque-contre-un-commissariat-de-sidi-salem-a-annaba-des-peines-de-6-mois-a-20-ans-de-prison-ferme\\\/#respond\"]}]},{\"@type\":\"WebPage\",\"@id\":\"https:\\\/\\\/lasentinelle.dz\\\/index.php\\\/2023\\\/04\\\/01\\\/attaque-contre-un-commissariat-de-sidi-salem-a-annaba-des-peines-de-6-mois-a-20-ans-de-prison-ferme\\\/\",\"url\":\"https:\\\/\\\/lasentinelle.dz\\\/index.php\\\/2023\\\/04\\\/01\\\/attaque-contre-un-commissariat-de-sidi-salem-a-annaba-des-peines-de-6-mois-a-20-ans-de-prison-ferme\\\/\",\"name\":\"Attaque contre un commissariat de Sidi Salem \u00e0 Annaba\u00a0: Des peines de 6 mois \u00e0 20 ans de prison ferme - La Sentinelle\",\"isPartOf\":{\"@id\":\"https:\\\/\\\/lasentinelle.dz\\\/#website\"},\"primaryImageOfPage\":{\"@id\":\"https:\\\/\\\/lasentinelle.dz\\\/index.php\\\/2023\\\/04\\\/01\\\/attaque-contre-un-commissariat-de-sidi-salem-a-annaba-des-peines-de-6-mois-a-20-ans-de-prison-ferme\\\/#primaryimage\"},\"image\":{\"@id\":\"https:\\\/\\\/lasentinelle.dz\\\/index.php\\\/2023\\\/04\\\/01\\\/attaque-contre-un-commissariat-de-sidi-salem-a-annaba-des-peines-de-6-mois-a-20-ans-de-prison-ferme\\\/#primaryimage\"},\"thumbnailUrl\":\"https:\\\/\\\/lasentinelle.dz\\\/wp-content\\\/uploads\\\/2023\\\/04\\\/image_2023-04-01_164818218.png\",\"datePublished\":\"2023-04-01T21:08:00+00:00\",\"breadcrumb\":{\"@id\":\"https:\\\/\\\/lasentinelle.dz\\\/index.php\\\/2023\\\/04\\\/01\\\/attaque-contre-un-commissariat-de-sidi-salem-a-annaba-des-peines-de-6-mois-a-20-ans-de-prison-ferme\\\/#breadcrumb\"},\"inLanguage\":\"fr-FR\",\"potentialAction\":[{\"@type\":\"ReadAction\",\"target\":[\"https:\\\/\\\/lasentinelle.dz\\\/index.php\\\/2023\\\/04\\\/01\\\/attaque-contre-un-commissariat-de-sidi-salem-a-annaba-des-peines-de-6-mois-a-20-ans-de-prison-ferme\\\/\"]}]},{\"@type\":\"ImageObject\",\"inLanguage\":\"fr-FR\",\"@id\":\"https:\\\/\\\/lasentinelle.dz\\\/index.php\\\/2023\\\/04\\\/01\\\/attaque-contre-un-commissariat-de-sidi-salem-a-annaba-des-peines-de-6-mois-a-20-ans-de-prison-ferme\\\/#primaryimage\",\"url\":\"https:\\\/\\\/lasentinelle.dz\\\/wp-content\\\/uploads\\\/2023\\\/04\\\/image_2023-04-01_164818218.png\",\"contentUrl\":\"https:\\\/\\\/lasentinelle.dz\\\/wp-content\\\/uploads\\\/2023\\\/04\\\/image_2023-04-01_164818218.png\",\"width\":259,\"height\":194},{\"@type\":\"BreadcrumbList\",\"@id\":\"https:\\\/\\\/lasentinelle.dz\\\/index.php\\\/2023\\\/04\\\/01\\\/attaque-contre-un-commissariat-de-sidi-salem-a-annaba-des-peines-de-6-mois-a-20-ans-de-prison-ferme\\\/#breadcrumb\",\"itemListElement\":[{\"@type\":\"ListItem\",\"position\":1,\"name\":\"Accueil\",\"item\":\"https:\\\/\\\/lasentinelle.dz\\\/\"},{\"@type\":\"ListItem\",\"position\":2,\"name\":\"Attaque contre un commissariat de Sidi Salem \u00e0 Annaba\u00a0: Des peines de 6 mois \u00e0 20 ans de prison ferme\"}]},{\"@type\":\"WebSite\",\"@id\":\"https:\\\/\\\/lasentinelle.dz\\\/#website\",\"url\":\"https:\\\/\\\/lasentinelle.dz\\\/\",\"name\":\"La Sentinelle\",\"description\":\"Quotidien national d&#039;information\",\"publisher\":{\"@id\":\"https:\\\/\\\/lasentinelle.dz\\\/#organization\"},\"potentialAction\":[{\"@type\":\"SearchAction\",\"target\":{\"@type\":\"EntryPoint\",\"urlTemplate\":\"https:\\\/\\\/lasentinelle.dz\\\/?s={search_term_string}\"},\"query-input\":{\"@type\":\"PropertyValueSpecification\",\"valueRequired\":true,\"valueName\":\"search_term_string\"}}],\"inLanguage\":\"fr-FR\"},{\"@type\":\"Organization\",\"@id\":\"https:\\\/\\\/lasentinelle.dz\\\/#organization\",\"name\":\"Quotidien La Sentinelle\",\"url\":\"https:\\\/\\\/lasentinelle.dz\\\/\",\"logo\":{\"@type\":\"ImageObject\",\"inLanguage\":\"fr-FR\",\"@id\":\"https:\\\/\\\/lasentinelle.dz\\\/#\\\/schema\\\/logo\\\/image\\\/\",\"url\":\"https:\\\/\\\/lasentinelle.dz\\\/wp-content\\\/uploads\\\/2021\\\/09\\\/logo-sentinelleSLOGAN-1.png\",\"contentUrl\":\"https:\\\/\\\/lasentinelle.dz\\\/wp-content\\\/uploads\\\/2021\\\/09\\\/logo-sentinelleSLOGAN-1.png\",\"width\":615,\"height\":142,\"caption\":\"Quotidien La Sentinelle\"},\"image\":{\"@id\":\"https:\\\/\\\/lasentinelle.dz\\\/#\\\/schema\\\/logo\\\/image\\\/\"},\"sameAs\":[\"https:\\\/\\\/www.facebook.com\\\/La-Sentinelle-104059864394773\"]},{\"@type\":\"Person\",\"@id\":\"https:\\\/\\\/lasentinelle.dz\\\/#\\\/schema\\\/person\\\/d865044e22e70a75174ce8bcad3acfb3\",\"name\":\"La Sentinelle\",\"image\":{\"@type\":\"ImageObject\",\"inLanguage\":\"fr-FR\",\"@id\":\"https:\\\/\\\/secure.gravatar.com\\\/avatar\\\/57de8e5d4b15d43fb361a71fbb36338450fe67865b528a43dd10ef7c51a20392?s=96&d=mm&r=g\",\"url\":\"https:\\\/\\\/secure.gravatar.com\\\/avatar\\\/57de8e5d4b15d43fb361a71fbb36338450fe67865b528a43dd10ef7c51a20392?s=96&d=mm&r=g\",\"contentUrl\":\"https:\\\/\\\/secure.gravatar.com\\\/avatar\\\/57de8e5d4b15d43fb361a71fbb36338450fe67865b528a43dd10ef7c51a20392?s=96&d=mm&r=g\",\"caption\":\"La Sentinelle\"},\"sameAs\":[\"http:\\\/\\\/www.lasentinelle.dz\"],\"url\":\"https:\\\/\\\/lasentinelle.dz\\\/author\\\/redaction\\\/\"}]}<\/script>\n<!-- \/ Yoast SEO plugin. -->","yoast_head_json":{"title":"Attaque contre un commissariat de Sidi Salem \u00e0 Annaba\u00a0: Des peines de 6 mois \u00e0 20 ans de prison ferme - La Sentinelle","robots":{"index":"index","follow":"follow","max-snippet":"max-snippet:-1","max-image-preview":"max-image-preview:large","max-video-preview":"max-video-preview:-1"},"canonical":"https:\/\/lasentinelle.dz\/index.php\/2023\/04\/01\/attaque-contre-un-commissariat-de-sidi-salem-a-annaba-des-peines-de-6-mois-a-20-ans-de-prison-ferme\/","og_locale":"fr_FR","og_type":"article","og_title":"Attaque contre un commissariat de Sidi Salem \u00e0 Annaba\u00a0: Des peines de 6 mois \u00e0 20 ans de prison ferme - La Sentinelle","og_description":"Le tribunal d\u2019El Hadjar relevant de la cour de justice d\u2019Annaba a prononc\u00e9, tr\u00e8s tard mercredi, des peines de prison","og_url":"https:\/\/lasentinelle.dz\/index.php\/2023\/04\/01\/attaque-contre-un-commissariat-de-sidi-salem-a-annaba-des-peines-de-6-mois-a-20-ans-de-prison-ferme\/","og_site_name":"La Sentinelle","article_publisher":"https:\/\/www.facebook.com\/La-Sentinelle-104059864394773","article_published_time":"2023-04-01T21:08:00+00:00","og_image":[{"width":259,"height":194,"url":"https:\/\/lasentinelle.dz\/wp-content\/uploads\/2023\/04\/image_2023-04-01_164818218.png","type":"image\/png"}],"author":"La Sentinelle","twitter_card":"summary_large_image","twitter_misc":{"\u00c9crit par":"La Sentinelle","Dur\u00e9e de lecture estim\u00e9e":"3 minutes"},"schema":{"@context":"https:\/\/schema.org","@graph":[{"@type":"Article","@id":"https:\/\/lasentinelle.dz\/index.php\/2023\/04\/01\/attaque-contre-un-commissariat-de-sidi-salem-a-annaba-des-peines-de-6-mois-a-20-ans-de-prison-ferme\/#article","isPartOf":{"@id":"https:\/\/lasentinelle.dz\/index.php\/2023\/04\/01\/attaque-contre-un-commissariat-de-sidi-salem-a-annaba-des-peines-de-6-mois-a-20-ans-de-prison-ferme\/"},"author":{"name":"La Sentinelle","@id":"https:\/\/lasentinelle.dz\/#\/schema\/person\/d865044e22e70a75174ce8bcad3acfb3"},"headline":"Attaque contre un commissariat de Sidi Salem \u00e0 Annaba\u00a0: Des peines de 6 mois \u00e0 20 ans de prison ferme","datePublished":"2023-04-01T21:08:00+00:00","mainEntityOfPage":{"@id":"https:\/\/lasentinelle.dz\/index.php\/2023\/04\/01\/attaque-contre-un-commissariat-de-sidi-salem-a-annaba-des-peines-de-6-mois-a-20-ans-de-prison-ferme\/"},"wordCount":455,"commentCount":0,"publisher":{"@id":"https:\/\/lasentinelle.dz\/#organization"},"image":{"@id":"https:\/\/lasentinelle.dz\/index.php\/2023\/04\/01\/attaque-contre-un-commissariat-de-sidi-salem-a-annaba-des-peines-de-6-mois-a-20-ans-de-prison-ferme\/#primaryimage"},"thumbnailUrl":"https:\/\/lasentinelle.dz\/wp-content\/uploads\/2023\/04\/image_2023-04-01_164818218.png","articleSection":["\u00c0 la Une","Actualit\u00e9"],"inLanguage":"fr-FR","potentialAction":[{"@type":"CommentAction","name":"Comment","target":["https:\/\/lasentinelle.dz\/index.php\/2023\/04\/01\/attaque-contre-un-commissariat-de-sidi-salem-a-annaba-des-peines-de-6-mois-a-20-ans-de-prison-ferme\/#respond"]}]},{"@type":"WebPage","@id":"https:\/\/lasentinelle.dz\/index.php\/2023\/04\/01\/attaque-contre-un-commissariat-de-sidi-salem-a-annaba-des-peines-de-6-mois-a-20-ans-de-prison-ferme\/","url":"https:\/\/lasentinelle.dz\/index.php\/2023\/04\/01\/attaque-contre-un-commissariat-de-sidi-salem-a-annaba-des-peines-de-6-mois-a-20-ans-de-prison-ferme\/","name":"Attaque contre un commissariat de Sidi Salem \u00e0 Annaba\u00a0: Des peines de 6 mois \u00e0 20 ans de prison ferme - La Sentinelle","isPartOf":{"@id":"https:\/\/lasentinelle.dz\/#website"},"primaryImageOfPage":{"@id":"https:\/\/lasentinelle.dz\/index.php\/2023\/04\/01\/attaque-contre-un-commissariat-de-sidi-salem-a-annaba-des-peines-de-6-mois-a-20-ans-de-prison-ferme\/#primaryimage"},"image":{"@id":"https:\/\/lasentinelle.dz\/index.php\/2023\/04\/01\/attaque-contre-un-commissariat-de-sidi-salem-a-annaba-des-peines-de-6-mois-a-20-ans-de-prison-ferme\/#primaryimage"},"thumbnailUrl":"https:\/\/lasentinelle.dz\/wp-content\/uploads\/2023\/04\/image_2023-04-01_164818218.png","datePublished":"2023-04-01T21:08:00+00:00","breadcrumb":{"@id":"https:\/\/lasentinelle.dz\/index.php\/2023\/04\/01\/attaque-contre-un-commissariat-de-sidi-salem-a-annaba-des-peines-de-6-mois-a-20-ans-de-prison-ferme\/#breadcrumb"},"inLanguage":"fr-FR","potentialAction":[{"@type":"ReadAction","target":["https:\/\/lasentinelle.dz\/index.php\/2023\/04\/01\/attaque-contre-un-commissariat-de-sidi-salem-a-annaba-des-peines-de-6-mois-a-20-ans-de-prison-ferme\/"]}]},{"@type":"ImageObject","inLanguage":"fr-FR","@id":"https:\/\/lasentinelle.dz\/index.php\/2023\/04\/01\/attaque-contre-un-commissariat-de-sidi-salem-a-annaba-des-peines-de-6-mois-a-20-ans-de-prison-ferme\/#primaryimage","url":"https:\/\/lasentinelle.dz\/wp-content\/uploads\/2023\/04\/image_2023-04-01_164818218.png","contentUrl":"https:\/\/lasentinelle.dz\/wp-content\/uploads\/2023\/04\/image_2023-04-01_164818218.png","width":259,"height":194},{"@type":"BreadcrumbList","@id":"https:\/\/lasentinelle.dz\/index.php\/2023\/04\/01\/attaque-contre-un-commissariat-de-sidi-salem-a-annaba-des-peines-de-6-mois-a-20-ans-de-prison-ferme\/#breadcrumb","itemListElement":[{"@type":"ListItem","position":1,"name":"Accueil","item":"https:\/\/lasentinelle.dz\/"},{"@type":"ListItem","position":2,"name":"Attaque contre un commissariat de Sidi Salem \u00e0 Annaba\u00a0: Des peines de 6 mois \u00e0 20 ans de prison ferme"}]},{"@type":"WebSite","@id":"https:\/\/lasentinelle.dz\/#website","url":"https:\/\/lasentinelle.dz\/","name":"La Sentinelle","description":"Quotidien national d&#039;information","publisher":{"@id":"https:\/\/lasentinelle.dz\/#organization"},"potentialAction":[{"@type":"SearchAction","target":{"@type":"EntryPoint","urlTemplate":"https:\/\/lasentinelle.dz\/?s={search_term_string}"},"query-input":{"@type":"PropertyValueSpecification","valueRequired":true,"valueName":"search_term_string"}}],"inLanguage":"fr-FR"},{"@type":"Organization","@id":"https:\/\/lasentinelle.dz\/#organization","name":"Quotidien La Sentinelle","url":"https:\/\/lasentinelle.dz\/","logo":{"@type":"ImageObject","inLanguage":"fr-FR","@id":"https:\/\/lasentinelle.dz\/#\/schema\/logo\/image\/","url":"https:\/\/lasentinelle.dz\/wp-content\/uploads\/2021\/09\/logo-sentinelleSLOGAN-1.png","contentUrl":"https:\/\/lasentinelle.dz\/wp-content\/uploads\/2021\/09\/logo-sentinelleSLOGAN-1.png","width":615,"height":142,"caption":"Quotidien La Sentinelle"},"image":{"@id":"https:\/\/lasentinelle.dz\/#\/schema\/logo\/image\/"},"sameAs":["https:\/\/www.facebook.com\/La-Sentinelle-104059864394773"]},{"@type":"Person","@id":"https:\/\/lasentinelle.dz\/#\/schema\/person\/d865044e22e70a75174ce8bcad3acfb3","name":"La Sentinelle","image":{"@type":"ImageObject","inLanguage":"fr-FR","@id":"https:\/\/secure.gravatar.com\/avatar\/57de8e5d4b15d43fb361a71fbb36338450fe67865b528a43dd10ef7c51a20392?s=96&d=mm&r=g","url":"https:\/\/secure.gravatar.com\/avatar\/57de8e5d4b15d43fb361a71fbb36338450fe67865b528a43dd10ef7c51a20392?s=96&d=mm&r=g","contentUrl":"https:\/\/secure.gravatar.com\/avatar\/57de8e5d4b15d43fb361a71fbb36338450fe67865b528a43dd10ef7c51a20392?s=96&d=mm&r=g","caption":"La Sentinelle"},"sameAs":["http:\/\/www.lasentinelle.dz"],"url":"https:\/\/lasentinelle.dz\/author\/redaction\/"}]}},"_links":{"self":[{"href":"https:\/\/lasentinelle.dz\/index.php\/wp-json\/wp\/v2\/posts\/38735","targetHints":{"allow":["GET"]}}],"collection":[{"href":"https:\/\/lasentinelle.dz\/index.php\/wp-json\/wp\/v2\/posts"}],"about":[{"href":"https:\/\/lasentinelle.dz\/index.php\/wp-json\/wp\/v2\/types\/post"}],"author":[{"embeddable":true,"href":"https:\/\/lasentinelle.dz\/index.php\/wp-json\/wp\/v2\/users\/3"}],"replies":[{"embeddable":true,"href":"https:\/\/lasentinelle.dz\/index.php\/wp-json\/wp\/v2\/comments?post=38735"}],"version-history":[{"count":2,"href":"https:\/\/lasentinelle.dz\/index.php\/wp-json\/wp\/v2\/posts\/38735\/revisions"}],"predecessor-version":[{"id":38788,"href":"https:\/\/lasentinelle.dz\/index.php\/wp-json\/wp\/v2\/posts\/38735\/revisions\/38788"}],"wp:featuredmedia":[{"embeddable":true,"href":"https:\/\/lasentinelle.dz\/index.php\/wp-json\/wp\/v2\/media\/38736"}],"wp:attachment":[{"href":"https:\/\/lasentinelle.dz\/index.php\/wp-json\/wp\/v2\/media?parent=38735"}],"wp:term":[{"taxonomy":"category","embeddable":true,"href":"https:\/\/lasentinelle.dz\/index.php\/wp-json\/wp\/v2\/categories?post=38735"},{"taxonomy":"post_tag","embeddable":true,"href":"https:\/\/lasentinelle.dz\/index.php\/wp-json\/wp\/v2\/tags?post=38735"}],"curies":[{"name":"wp","href":"https:\/\/api.w.org\/{rel}","templated":true}]}}