{"id":38750,"date":"2023-04-01T22:05:00","date_gmt":"2023-04-01T21:05:00","guid":{"rendered":"https:\/\/lasentinelle.dz\/?p=38750"},"modified":"2023-04-01T17:43:26","modified_gmt":"2023-04-01T16:43:26","slug":"yasmine-belkaid-a-ete-nommee-le-29-mars-dernier-une-franco-algerienne-a-la-tete-de-linstitut-pasteur-a-paris","status":"publish","type":"post","link":"https:\/\/lasentinelle.dz\/index.php\/2023\/04\/01\/yasmine-belkaid-a-ete-nommee-le-29-mars-dernier-une-franco-algerienne-a-la-tete-de-linstitut-pasteur-a-paris\/","title":{"rendered":"Yasmine Belkaid \u00a0a \u00e9t\u00e9 nomm\u00e9e le 29 mars dernier\u00a0: Une Franco-Alg\u00e9rienne \u00e0 la t\u00eate de l\u2019Institut Pasteur \u00e0 Paris"},"content":{"rendered":"\n<p>Une Franco-Alg\u00e9rienne a r\u00e9cemment \u00e9t\u00e9 nomm\u00e9e \u00e0 la t\u00eate de l\u2019Institut Pasteur de France. Un communiqu\u00e9 de l\u2019institution pr\u00e9cise de la professeure Yasmine Belkaid, n\u00e9e en 1968 \u00e0 Alger, a \u00e9t\u00e9 nomm\u00e9e le 29 mars dernier \u00e0 la t\u00eate de l\u2019Institut. Elle prendra ses fonctions en janvier&nbsp;2024. La professeure Yasmine Belkaid succ\u00e9dera au professeur Stewart Cole, dont le mandat s\u2019ach\u00e8vera le 1er&nbsp;janvier&nbsp;2024. Elle dirige actuellement le Centre d\u2019immunologie humaine des National Institutes of Health (NIH), l\u2019agence am\u00e9ricaine charg\u00e9e de la recherche m\u00e9dicale et biom\u00e9dicale, ainsi que le programme Microbiome du National Institute of Allergy and Infectious Diseases (NIAID), aux NIH (Bethesda, Maryland, \u00c9tats-Unis), dont elle est la fondatrice. Au sein du NIAID, elle a cr\u00e9\u00e9 le d\u00e9partement de l\u2019immunit\u00e9 de l\u2019h\u00f4te et du microbiome.<\/p>\n\n\n\n<p>La m\u00eame source pr\u00e9cise que la nouvelle directrice g\u00e9n\u00e9rale de l\u2019Institut Pasteur est \u00ab&nbsp;une chercheuse de renomm\u00e9e internationale, dont les travaux portent principalement sur la relation entre les microbes et le syst\u00e8me immunitaire&nbsp;\u00bb. Sa carri\u00e8re scientifique a d\u00e9marr\u00e9 par une formation en maladies infectieuses \u00e0 l\u2019Institut Pasteur, pour ensuite englober une multitude de domaines, dont la parasitologie, la microbiologie, l\u2019entomologie m\u00e9dicale, la virologie, l\u2019immunit\u00e9 tissulaire, le microbiome ou encore l\u2019immunologie humaine.<\/p>\n\n\n\n<p>\u00ab&nbsp;La nomination de la professeure Yasmine Belkaid comme directrice g\u00e9n\u00e9rale de l\u2019Institut Pasteur conclut un processus de s\u00e9lection exigeant, d\u00e9but\u00e9 en juin 2021 et conduit par un comit\u00e9 de recrutement pr\u00e9sid\u00e9 par la professeure Edith Heard, Directrice g\u00e9n\u00e9rale de l\u2019EMBL, \u00e0 Heidelberg, en Allemagne&nbsp;\u00bb, pr\u00e9cise&nbsp;le communiqu\u00e9.<\/p>\n\n\n\n<p>Yasmine Belkaid, 54 ans, est n\u00e9e \u00e0 Alger. Elle est titulaire d\u2019un master en biochimie de l\u2019universit\u00e9 alg\u00e9rienne des sciences et de la technologie Houari-Boum\u00e9di\u00e8ne, ainsi que d\u2019un DEA de l\u2019universit\u00e9 Paris-Sud. Elle a obtenu son doctorat en immunologie \u00e0 l\u2019universit\u00e9 Paris-Sud et \u00e0 l\u2019Institut Pasteur en 1996, o\u00f9 elle a \u00e9tudi\u00e9 les r\u00e9ponses immunitaires inn\u00e9es \u00e0 l\u2019infection par Leishmania. Elle s\u2019installe ensuite aux \u00c9tats-Unis pour suivre un stage postdoctoral en biologie des parasites intracellulaires au laboratoire des maladies parasitaires du NIAID (NIH). En 2002, elle rejoint le d\u00e9partement d\u2019immunologie mol\u00e9culaire du Cincinnati Children&rsquo;s Hospital Medical Center (Ohio, \u00c9tats-Unis), avant de r\u00e9int\u00e9grer le NIAID en 2005 en tant que responsable de l\u2019unit\u00e9 d\u2019immunologie des muqueuses du laboratoire des maladies parasitaires. \u00c0 partir de 2005, elle occupe diff\u00e9rents postes au NIAID et aux NIH. Elle y dirige, depuis 2021, le d\u00e9partement de l\u2019immunit\u00e9 de l\u2019h\u00f4te et du microbiome. Yasmine Belkaid a publi\u00e9 plus de 220 articles scientifiques sur l\u2019infection, l\u2019immunit\u00e9, l\u2019immunologie, le microbiote et la nutrition. Elle a re\u00e7u de nombreux prix et distinctions, dont le Prix Robert Koch (2021), le Lurie Prize in Biomedical Sciences (2019) et le Prix Sanofi-Institut Pasteur (2016). Elle est membre de plusieurs comit\u00e9s et conseils scientifiques, dont l\u2019Acad\u00e9mie am\u00e9ricaine des Arts et des Sciences, l\u2019Acad\u00e9mie nationale de M\u00e9decine et l\u2019Acad\u00e9mie nationale des Sciences, mais aussi le Microbiome Technical Advisory Group de la Fondation Bill &amp; Melinda Gates, l\u2019Anti-Racism Steering Committee des NIH, l\u2019American Society of Microbiology et le Scientific Resource Board de Genentech.<\/p>\n\n\n\n<p>Celle-ci semble d\u00e9j\u00e0 avoir fix\u00e9 ses objectifs en tant que \u00ab&nbsp;prochaine directrice g\u00e9n\u00e9rale&nbsp;\u00bb de l\u2019Institut et entend \u00ab&nbsp;de l\u2019Institut Pasteur l\u2019un des principaux \u00e9tablissements de recherche en sciences du vivant et renforcer son r\u00f4le dans les domaines de la surveillance, de la pr\u00e9vention et de l\u2019identification des pathog\u00e8nes \u00e9mergents \u00e0 l\u2019\u00e9chelle mondiale \u00bb.<\/p>\n\n\n\n<p><strong>Chokri Hafed<\/strong><\/p>\n","protected":false},"excerpt":{"rendered":"<p>Une Franco-Alg\u00e9rienne a r\u00e9cemment \u00e9t\u00e9 nomm\u00e9e \u00e0 la t\u00eate de l\u2019Institut Pasteur de France. Un communiqu\u00e9 de l\u2019institution pr\u00e9cise de<\/p>\n","protected":false},"author":3,"featured_media":38756,"comment_status":"open","ping_status":"closed","sticky":false,"template":"","format":"standard","meta":{"colormag_page_container_layout":"default_layout","colormag_page_sidebar_layout":"default_layout","om_disable_all_campaigns":false,"_monsterinsights_skip_tracking":false,"_monsterinsights_sitenote_active":false,"_monsterinsights_sitenote_note":"","_monsterinsights_sitenote_category":0,"footnotes":"","_wpscppro_dont_share_socialmedia":false,"_wpscppro_custom_social_share_image":0,"_facebook_share_type":"","_twitter_share_type":"","_linkedin_share_type":"","_pinterest_share_type":"","_linkedin_share_type_page":"","_instagram_share_type":"","_medium_share_type":"","_threads_share_type":"","_google_business_share_type":"","_selected_social_profile":[],"_wpsp_enable_custom_social_template":false,"_wpsp_social_scheduling":{"enabled":false,"datetime":null,"platforms":[],"status":"template_only","dateOption":"today","timeOption":"now","customDays":"","customHours":"","customDate":"","customTime":"","schedulingType":"absolute"},"_wpsp_active_default_template":true},"categories":[27],"tags":[],"class_list":["post-38750","post","type-post","status-publish","format-standard","has-post-thumbnail","hentry","category-actualite"],"aioseo_notices":[],"yoast_head":"<!-- This site is optimized with the Yoast SEO plugin v27.4 - https:\/\/yoast.com\/product\/yoast-seo-wordpress\/ -->\n<title>Yasmine Belkaid \u00a0a \u00e9t\u00e9 nomm\u00e9e le 29 mars dernier\u00a0: Une Franco-Alg\u00e9rienne \u00e0 la t\u00eate de l\u2019Institut Pasteur \u00e0 Paris - La Sentinelle<\/title>\n<meta name=\"robots\" content=\"index, follow, max-snippet:-1, max-image-preview:large, max-video-preview:-1\" \/>\n<link rel=\"canonical\" href=\"https:\/\/lasentinelle.dz\/index.php\/2023\/04\/01\/yasmine-belkaid-a-ete-nommee-le-29-mars-dernier-une-franco-algerienne-a-la-tete-de-linstitut-pasteur-a-paris\/\" \/>\n<meta property=\"og:locale\" content=\"fr_FR\" \/>\n<meta property=\"og:type\" content=\"article\" \/>\n<meta property=\"og:title\" content=\"Yasmine Belkaid \u00a0a \u00e9t\u00e9 nomm\u00e9e le 29 mars dernier\u00a0: Une Franco-Alg\u00e9rienne \u00e0 la t\u00eate de l\u2019Institut Pasteur \u00e0 Paris - La Sentinelle\" \/>\n<meta property=\"og:description\" content=\"Une Franco-Alg\u00e9rienne a r\u00e9cemment \u00e9t\u00e9 nomm\u00e9e \u00e0 la t\u00eate de l\u2019Institut Pasteur de France. Un communiqu\u00e9 de l\u2019institution pr\u00e9cise de\" \/>\n<meta property=\"og:url\" content=\"https:\/\/lasentinelle.dz\/index.php\/2023\/04\/01\/yasmine-belkaid-a-ete-nommee-le-29-mars-dernier-une-franco-algerienne-a-la-tete-de-linstitut-pasteur-a-paris\/\" \/>\n<meta property=\"og:site_name\" content=\"La Sentinelle\" \/>\n<meta property=\"article:publisher\" content=\"https:\/\/www.facebook.com\/La-Sentinelle-104059864394773\" \/>\n<meta property=\"article:published_time\" content=\"2023-04-01T21:05:00+00:00\" \/>\n<meta property=\"og:image\" content=\"https:\/\/lasentinelle.dz\/wp-content\/uploads\/2023\/04\/yasmine.png\" \/>\n\t<meta property=\"og:image:width\" content=\"1600\" \/>\n\t<meta property=\"og:image:height\" content=\"900\" \/>\n\t<meta property=\"og:image:type\" content=\"image\/png\" \/>\n<meta name=\"author\" content=\"La Sentinelle\" \/>\n<meta name=\"twitter:card\" content=\"summary_large_image\" \/>\n<meta name=\"twitter:label1\" content=\"\u00c9crit par\" \/>\n\t<meta name=\"twitter:data1\" content=\"La Sentinelle\" \/>\n\t<meta name=\"twitter:label2\" content=\"Dur\u00e9e de lecture estim\u00e9e\" \/>\n\t<meta name=\"twitter:data2\" content=\"3 minutes\" \/>\n<script type=\"application\/ld+json\" class=\"yoast-schema-graph\">{\"@context\":\"https:\\\/\\\/schema.org\",\"@graph\":[{\"@type\":\"Article\",\"@id\":\"https:\\\/\\\/lasentinelle.dz\\\/index.php\\\/2023\\\/04\\\/01\\\/yasmine-belkaid-a-ete-nommee-le-29-mars-dernier-une-franco-algerienne-a-la-tete-de-linstitut-pasteur-a-paris\\\/#article\",\"isPartOf\":{\"@id\":\"https:\\\/\\\/lasentinelle.dz\\\/index.php\\\/2023\\\/04\\\/01\\\/yasmine-belkaid-a-ete-nommee-le-29-mars-dernier-une-franco-algerienne-a-la-tete-de-linstitut-pasteur-a-paris\\\/\"},\"author\":{\"name\":\"La Sentinelle\",\"@id\":\"https:\\\/\\\/lasentinelle.dz\\\/#\\\/schema\\\/person\\\/d865044e22e70a75174ce8bcad3acfb3\"},\"headline\":\"Yasmine Belkaid \u00a0a \u00e9t\u00e9 nomm\u00e9e le 29 mars dernier\u00a0: Une Franco-Alg\u00e9rienne \u00e0 la t\u00eate de l\u2019Institut Pasteur \u00e0 Paris\",\"datePublished\":\"2023-04-01T21:05:00+00:00\",\"mainEntityOfPage\":{\"@id\":\"https:\\\/\\\/lasentinelle.dz\\\/index.php\\\/2023\\\/04\\\/01\\\/yasmine-belkaid-a-ete-nommee-le-29-mars-dernier-une-franco-algerienne-a-la-tete-de-linstitut-pasteur-a-paris\\\/\"},\"wordCount\":653,\"commentCount\":0,\"publisher\":{\"@id\":\"https:\\\/\\\/lasentinelle.dz\\\/#organization\"},\"image\":{\"@id\":\"https:\\\/\\\/lasentinelle.dz\\\/index.php\\\/2023\\\/04\\\/01\\\/yasmine-belkaid-a-ete-nommee-le-29-mars-dernier-une-franco-algerienne-a-la-tete-de-linstitut-pasteur-a-paris\\\/#primaryimage\"},\"thumbnailUrl\":\"https:\\\/\\\/lasentinelle.dz\\\/wp-content\\\/uploads\\\/2023\\\/04\\\/yasmine.png\",\"articleSection\":[\"Actualit\u00e9\"],\"inLanguage\":\"fr-FR\",\"potentialAction\":[{\"@type\":\"CommentAction\",\"name\":\"Comment\",\"target\":[\"https:\\\/\\\/lasentinelle.dz\\\/index.php\\\/2023\\\/04\\\/01\\\/yasmine-belkaid-a-ete-nommee-le-29-mars-dernier-une-franco-algerienne-a-la-tete-de-linstitut-pasteur-a-paris\\\/#respond\"]}]},{\"@type\":\"WebPage\",\"@id\":\"https:\\\/\\\/lasentinelle.dz\\\/index.php\\\/2023\\\/04\\\/01\\\/yasmine-belkaid-a-ete-nommee-le-29-mars-dernier-une-franco-algerienne-a-la-tete-de-linstitut-pasteur-a-paris\\\/\",\"url\":\"https:\\\/\\\/lasentinelle.dz\\\/index.php\\\/2023\\\/04\\\/01\\\/yasmine-belkaid-a-ete-nommee-le-29-mars-dernier-une-franco-algerienne-a-la-tete-de-linstitut-pasteur-a-paris\\\/\",\"name\":\"Yasmine Belkaid \u00a0a \u00e9t\u00e9 nomm\u00e9e le 29 mars dernier\u00a0: Une Franco-Alg\u00e9rienne \u00e0 la t\u00eate de l\u2019Institut Pasteur \u00e0 Paris - La Sentinelle\",\"isPartOf\":{\"@id\":\"https:\\\/\\\/lasentinelle.dz\\\/#website\"},\"primaryImageOfPage\":{\"@id\":\"https:\\\/\\\/lasentinelle.dz\\\/index.php\\\/2023\\\/04\\\/01\\\/yasmine-belkaid-a-ete-nommee-le-29-mars-dernier-une-franco-algerienne-a-la-tete-de-linstitut-pasteur-a-paris\\\/#primaryimage\"},\"image\":{\"@id\":\"https:\\\/\\\/lasentinelle.dz\\\/index.php\\\/2023\\\/04\\\/01\\\/yasmine-belkaid-a-ete-nommee-le-29-mars-dernier-une-franco-algerienne-a-la-tete-de-linstitut-pasteur-a-paris\\\/#primaryimage\"},\"thumbnailUrl\":\"https:\\\/\\\/lasentinelle.dz\\\/wp-content\\\/uploads\\\/2023\\\/04\\\/yasmine.png\",\"datePublished\":\"2023-04-01T21:05:00+00:00\",\"breadcrumb\":{\"@id\":\"https:\\\/\\\/lasentinelle.dz\\\/index.php\\\/2023\\\/04\\\/01\\\/yasmine-belkaid-a-ete-nommee-le-29-mars-dernier-une-franco-algerienne-a-la-tete-de-linstitut-pasteur-a-paris\\\/#breadcrumb\"},\"inLanguage\":\"fr-FR\",\"potentialAction\":[{\"@type\":\"ReadAction\",\"target\":[\"https:\\\/\\\/lasentinelle.dz\\\/index.php\\\/2023\\\/04\\\/01\\\/yasmine-belkaid-a-ete-nommee-le-29-mars-dernier-une-franco-algerienne-a-la-tete-de-linstitut-pasteur-a-paris\\\/\"]}]},{\"@type\":\"ImageObject\",\"inLanguage\":\"fr-FR\",\"@id\":\"https:\\\/\\\/lasentinelle.dz\\\/index.php\\\/2023\\\/04\\\/01\\\/yasmine-belkaid-a-ete-nommee-le-29-mars-dernier-une-franco-algerienne-a-la-tete-de-linstitut-pasteur-a-paris\\\/#primaryimage\",\"url\":\"https:\\\/\\\/lasentinelle.dz\\\/wp-content\\\/uploads\\\/2023\\\/04\\\/yasmine.png\",\"contentUrl\":\"https:\\\/\\\/lasentinelle.dz\\\/wp-content\\\/uploads\\\/2023\\\/04\\\/yasmine.png\",\"width\":1600,\"height\":900},{\"@type\":\"BreadcrumbList\",\"@id\":\"https:\\\/\\\/lasentinelle.dz\\\/index.php\\\/2023\\\/04\\\/01\\\/yasmine-belkaid-a-ete-nommee-le-29-mars-dernier-une-franco-algerienne-a-la-tete-de-linstitut-pasteur-a-paris\\\/#breadcrumb\",\"itemListElement\":[{\"@type\":\"ListItem\",\"position\":1,\"name\":\"Accueil\",\"item\":\"https:\\\/\\\/lasentinelle.dz\\\/\"},{\"@type\":\"ListItem\",\"position\":2,\"name\":\"Yasmine Belkaid \u00a0a \u00e9t\u00e9 nomm\u00e9e le 29 mars dernier\u00a0: Une Franco-Alg\u00e9rienne \u00e0 la t\u00eate de l\u2019Institut Pasteur \u00e0 Paris\"}]},{\"@type\":\"WebSite\",\"@id\":\"https:\\\/\\\/lasentinelle.dz\\\/#website\",\"url\":\"https:\\\/\\\/lasentinelle.dz\\\/\",\"name\":\"La Sentinelle\",\"description\":\"Quotidien national d&#039;information\",\"publisher\":{\"@id\":\"https:\\\/\\\/lasentinelle.dz\\\/#organization\"},\"potentialAction\":[{\"@type\":\"SearchAction\",\"target\":{\"@type\":\"EntryPoint\",\"urlTemplate\":\"https:\\\/\\\/lasentinelle.dz\\\/?s={search_term_string}\"},\"query-input\":{\"@type\":\"PropertyValueSpecification\",\"valueRequired\":true,\"valueName\":\"search_term_string\"}}],\"inLanguage\":\"fr-FR\"},{\"@type\":\"Organization\",\"@id\":\"https:\\\/\\\/lasentinelle.dz\\\/#organization\",\"name\":\"Quotidien La Sentinelle\",\"url\":\"https:\\\/\\\/lasentinelle.dz\\\/\",\"logo\":{\"@type\":\"ImageObject\",\"inLanguage\":\"fr-FR\",\"@id\":\"https:\\\/\\\/lasentinelle.dz\\\/#\\\/schema\\\/logo\\\/image\\\/\",\"url\":\"https:\\\/\\\/lasentinelle.dz\\\/wp-content\\\/uploads\\\/2021\\\/09\\\/logo-sentinelleSLOGAN-1.png\",\"contentUrl\":\"https:\\\/\\\/lasentinelle.dz\\\/wp-content\\\/uploads\\\/2021\\\/09\\\/logo-sentinelleSLOGAN-1.png\",\"width\":615,\"height\":142,\"caption\":\"Quotidien La Sentinelle\"},\"image\":{\"@id\":\"https:\\\/\\\/lasentinelle.dz\\\/#\\\/schema\\\/logo\\\/image\\\/\"},\"sameAs\":[\"https:\\\/\\\/www.facebook.com\\\/La-Sentinelle-104059864394773\"]},{\"@type\":\"Person\",\"@id\":\"https:\\\/\\\/lasentinelle.dz\\\/#\\\/schema\\\/person\\\/d865044e22e70a75174ce8bcad3acfb3\",\"name\":\"La Sentinelle\",\"image\":{\"@type\":\"ImageObject\",\"inLanguage\":\"fr-FR\",\"@id\":\"https:\\\/\\\/secure.gravatar.com\\\/avatar\\\/57de8e5d4b15d43fb361a71fbb36338450fe67865b528a43dd10ef7c51a20392?s=96&d=mm&r=g\",\"url\":\"https:\\\/\\\/secure.gravatar.com\\\/avatar\\\/57de8e5d4b15d43fb361a71fbb36338450fe67865b528a43dd10ef7c51a20392?s=96&d=mm&r=g\",\"contentUrl\":\"https:\\\/\\\/secure.gravatar.com\\\/avatar\\\/57de8e5d4b15d43fb361a71fbb36338450fe67865b528a43dd10ef7c51a20392?s=96&d=mm&r=g\",\"caption\":\"La Sentinelle\"},\"sameAs\":[\"http:\\\/\\\/www.lasentinelle.dz\"],\"url\":\"https:\\\/\\\/lasentinelle.dz\\\/author\\\/redaction\\\/\"}]}<\/script>\n<!-- \/ Yoast SEO plugin. -->","yoast_head_json":{"title":"Yasmine Belkaid \u00a0a \u00e9t\u00e9 nomm\u00e9e le 29 mars dernier\u00a0: Une Franco-Alg\u00e9rienne \u00e0 la t\u00eate de l\u2019Institut Pasteur \u00e0 Paris - La Sentinelle","robots":{"index":"index","follow":"follow","max-snippet":"max-snippet:-1","max-image-preview":"max-image-preview:large","max-video-preview":"max-video-preview:-1"},"canonical":"https:\/\/lasentinelle.dz\/index.php\/2023\/04\/01\/yasmine-belkaid-a-ete-nommee-le-29-mars-dernier-une-franco-algerienne-a-la-tete-de-linstitut-pasteur-a-paris\/","og_locale":"fr_FR","og_type":"article","og_title":"Yasmine Belkaid \u00a0a \u00e9t\u00e9 nomm\u00e9e le 29 mars dernier\u00a0: Une Franco-Alg\u00e9rienne \u00e0 la t\u00eate de l\u2019Institut Pasteur \u00e0 Paris - La Sentinelle","og_description":"Une Franco-Alg\u00e9rienne a r\u00e9cemment \u00e9t\u00e9 nomm\u00e9e \u00e0 la t\u00eate de l\u2019Institut Pasteur de France. Un communiqu\u00e9 de l\u2019institution pr\u00e9cise de","og_url":"https:\/\/lasentinelle.dz\/index.php\/2023\/04\/01\/yasmine-belkaid-a-ete-nommee-le-29-mars-dernier-une-franco-algerienne-a-la-tete-de-linstitut-pasteur-a-paris\/","og_site_name":"La Sentinelle","article_publisher":"https:\/\/www.facebook.com\/La-Sentinelle-104059864394773","article_published_time":"2023-04-01T21:05:00+00:00","og_image":[{"width":1600,"height":900,"url":"https:\/\/lasentinelle.dz\/wp-content\/uploads\/2023\/04\/yasmine.png","type":"image\/png"}],"author":"La Sentinelle","twitter_card":"summary_large_image","twitter_misc":{"\u00c9crit par":"La Sentinelle","Dur\u00e9e de lecture estim\u00e9e":"3 minutes"},"schema":{"@context":"https:\/\/schema.org","@graph":[{"@type":"Article","@id":"https:\/\/lasentinelle.dz\/index.php\/2023\/04\/01\/yasmine-belkaid-a-ete-nommee-le-29-mars-dernier-une-franco-algerienne-a-la-tete-de-linstitut-pasteur-a-paris\/#article","isPartOf":{"@id":"https:\/\/lasentinelle.dz\/index.php\/2023\/04\/01\/yasmine-belkaid-a-ete-nommee-le-29-mars-dernier-une-franco-algerienne-a-la-tete-de-linstitut-pasteur-a-paris\/"},"author":{"name":"La Sentinelle","@id":"https:\/\/lasentinelle.dz\/#\/schema\/person\/d865044e22e70a75174ce8bcad3acfb3"},"headline":"Yasmine Belkaid \u00a0a \u00e9t\u00e9 nomm\u00e9e le 29 mars dernier\u00a0: Une Franco-Alg\u00e9rienne \u00e0 la t\u00eate de l\u2019Institut Pasteur \u00e0 Paris","datePublished":"2023-04-01T21:05:00+00:00","mainEntityOfPage":{"@id":"https:\/\/lasentinelle.dz\/index.php\/2023\/04\/01\/yasmine-belkaid-a-ete-nommee-le-29-mars-dernier-une-franco-algerienne-a-la-tete-de-linstitut-pasteur-a-paris\/"},"wordCount":653,"commentCount":0,"publisher":{"@id":"https:\/\/lasentinelle.dz\/#organization"},"image":{"@id":"https:\/\/lasentinelle.dz\/index.php\/2023\/04\/01\/yasmine-belkaid-a-ete-nommee-le-29-mars-dernier-une-franco-algerienne-a-la-tete-de-linstitut-pasteur-a-paris\/#primaryimage"},"thumbnailUrl":"https:\/\/lasentinelle.dz\/wp-content\/uploads\/2023\/04\/yasmine.png","articleSection":["Actualit\u00e9"],"inLanguage":"fr-FR","potentialAction":[{"@type":"CommentAction","name":"Comment","target":["https:\/\/lasentinelle.dz\/index.php\/2023\/04\/01\/yasmine-belkaid-a-ete-nommee-le-29-mars-dernier-une-franco-algerienne-a-la-tete-de-linstitut-pasteur-a-paris\/#respond"]}]},{"@type":"WebPage","@id":"https:\/\/lasentinelle.dz\/index.php\/2023\/04\/01\/yasmine-belkaid-a-ete-nommee-le-29-mars-dernier-une-franco-algerienne-a-la-tete-de-linstitut-pasteur-a-paris\/","url":"https:\/\/lasentinelle.dz\/index.php\/2023\/04\/01\/yasmine-belkaid-a-ete-nommee-le-29-mars-dernier-une-franco-algerienne-a-la-tete-de-linstitut-pasteur-a-paris\/","name":"Yasmine Belkaid \u00a0a \u00e9t\u00e9 nomm\u00e9e le 29 mars dernier\u00a0: Une Franco-Alg\u00e9rienne \u00e0 la t\u00eate de l\u2019Institut Pasteur \u00e0 Paris - La Sentinelle","isPartOf":{"@id":"https:\/\/lasentinelle.dz\/#website"},"primaryImageOfPage":{"@id":"https:\/\/lasentinelle.dz\/index.php\/2023\/04\/01\/yasmine-belkaid-a-ete-nommee-le-29-mars-dernier-une-franco-algerienne-a-la-tete-de-linstitut-pasteur-a-paris\/#primaryimage"},"image":{"@id":"https:\/\/lasentinelle.dz\/index.php\/2023\/04\/01\/yasmine-belkaid-a-ete-nommee-le-29-mars-dernier-une-franco-algerienne-a-la-tete-de-linstitut-pasteur-a-paris\/#primaryimage"},"thumbnailUrl":"https:\/\/lasentinelle.dz\/wp-content\/uploads\/2023\/04\/yasmine.png","datePublished":"2023-04-01T21:05:00+00:00","breadcrumb":{"@id":"https:\/\/lasentinelle.dz\/index.php\/2023\/04\/01\/yasmine-belkaid-a-ete-nommee-le-29-mars-dernier-une-franco-algerienne-a-la-tete-de-linstitut-pasteur-a-paris\/#breadcrumb"},"inLanguage":"fr-FR","potentialAction":[{"@type":"ReadAction","target":["https:\/\/lasentinelle.dz\/index.php\/2023\/04\/01\/yasmine-belkaid-a-ete-nommee-le-29-mars-dernier-une-franco-algerienne-a-la-tete-de-linstitut-pasteur-a-paris\/"]}]},{"@type":"ImageObject","inLanguage":"fr-FR","@id":"https:\/\/lasentinelle.dz\/index.php\/2023\/04\/01\/yasmine-belkaid-a-ete-nommee-le-29-mars-dernier-une-franco-algerienne-a-la-tete-de-linstitut-pasteur-a-paris\/#primaryimage","url":"https:\/\/lasentinelle.dz\/wp-content\/uploads\/2023\/04\/yasmine.png","contentUrl":"https:\/\/lasentinelle.dz\/wp-content\/uploads\/2023\/04\/yasmine.png","width":1600,"height":900},{"@type":"BreadcrumbList","@id":"https:\/\/lasentinelle.dz\/index.php\/2023\/04\/01\/yasmine-belkaid-a-ete-nommee-le-29-mars-dernier-une-franco-algerienne-a-la-tete-de-linstitut-pasteur-a-paris\/#breadcrumb","itemListElement":[{"@type":"ListItem","position":1,"name":"Accueil","item":"https:\/\/lasentinelle.dz\/"},{"@type":"ListItem","position":2,"name":"Yasmine Belkaid \u00a0a \u00e9t\u00e9 nomm\u00e9e le 29 mars dernier\u00a0: Une Franco-Alg\u00e9rienne \u00e0 la t\u00eate de l\u2019Institut Pasteur \u00e0 Paris"}]},{"@type":"WebSite","@id":"https:\/\/lasentinelle.dz\/#website","url":"https:\/\/lasentinelle.dz\/","name":"La Sentinelle","description":"Quotidien national d&#039;information","publisher":{"@id":"https:\/\/lasentinelle.dz\/#organization"},"potentialAction":[{"@type":"SearchAction","target":{"@type":"EntryPoint","urlTemplate":"https:\/\/lasentinelle.dz\/?s={search_term_string}"},"query-input":{"@type":"PropertyValueSpecification","valueRequired":true,"valueName":"search_term_string"}}],"inLanguage":"fr-FR"},{"@type":"Organization","@id":"https:\/\/lasentinelle.dz\/#organization","name":"Quotidien La Sentinelle","url":"https:\/\/lasentinelle.dz\/","logo":{"@type":"ImageObject","inLanguage":"fr-FR","@id":"https:\/\/lasentinelle.dz\/#\/schema\/logo\/image\/","url":"https:\/\/lasentinelle.dz\/wp-content\/uploads\/2021\/09\/logo-sentinelleSLOGAN-1.png","contentUrl":"https:\/\/lasentinelle.dz\/wp-content\/uploads\/2021\/09\/logo-sentinelleSLOGAN-1.png","width":615,"height":142,"caption":"Quotidien La Sentinelle"},"image":{"@id":"https:\/\/lasentinelle.dz\/#\/schema\/logo\/image\/"},"sameAs":["https:\/\/www.facebook.com\/La-Sentinelle-104059864394773"]},{"@type":"Person","@id":"https:\/\/lasentinelle.dz\/#\/schema\/person\/d865044e22e70a75174ce8bcad3acfb3","name":"La Sentinelle","image":{"@type":"ImageObject","inLanguage":"fr-FR","@id":"https:\/\/secure.gravatar.com\/avatar\/57de8e5d4b15d43fb361a71fbb36338450fe67865b528a43dd10ef7c51a20392?s=96&d=mm&r=g","url":"https:\/\/secure.gravatar.com\/avatar\/57de8e5d4b15d43fb361a71fbb36338450fe67865b528a43dd10ef7c51a20392?s=96&d=mm&r=g","contentUrl":"https:\/\/secure.gravatar.com\/avatar\/57de8e5d4b15d43fb361a71fbb36338450fe67865b528a43dd10ef7c51a20392?s=96&d=mm&r=g","caption":"La Sentinelle"},"sameAs":["http:\/\/www.lasentinelle.dz"],"url":"https:\/\/lasentinelle.dz\/author\/redaction\/"}]}},"_links":{"self":[{"href":"https:\/\/lasentinelle.dz\/index.php\/wp-json\/wp\/v2\/posts\/38750","targetHints":{"allow":["GET"]}}],"collection":[{"href":"https:\/\/lasentinelle.dz\/index.php\/wp-json\/wp\/v2\/posts"}],"about":[{"href":"https:\/\/lasentinelle.dz\/index.php\/wp-json\/wp\/v2\/types\/post"}],"author":[{"embeddable":true,"href":"https:\/\/lasentinelle.dz\/index.php\/wp-json\/wp\/v2\/users\/3"}],"replies":[{"embeddable":true,"href":"https:\/\/lasentinelle.dz\/index.php\/wp-json\/wp\/v2\/comments?post=38750"}],"version-history":[{"count":1,"href":"https:\/\/lasentinelle.dz\/index.php\/wp-json\/wp\/v2\/posts\/38750\/revisions"}],"predecessor-version":[{"id":38757,"href":"https:\/\/lasentinelle.dz\/index.php\/wp-json\/wp\/v2\/posts\/38750\/revisions\/38757"}],"wp:featuredmedia":[{"embeddable":true,"href":"https:\/\/lasentinelle.dz\/index.php\/wp-json\/wp\/v2\/media\/38756"}],"wp:attachment":[{"href":"https:\/\/lasentinelle.dz\/index.php\/wp-json\/wp\/v2\/media?parent=38750"}],"wp:term":[{"taxonomy":"category","embeddable":true,"href":"https:\/\/lasentinelle.dz\/index.php\/wp-json\/wp\/v2\/categories?post=38750"},{"taxonomy":"post_tag","embeddable":true,"href":"https:\/\/lasentinelle.dz\/index.php\/wp-json\/wp\/v2\/tags?post=38750"}],"curies":[{"name":"wp","href":"https:\/\/api.w.org\/{rel}","templated":true}]}}