{"id":38752,"date":"2023-04-01T22:08:00","date_gmt":"2023-04-01T21:08:00","guid":{"rendered":"https:\/\/lasentinelle.dz\/?p=38752"},"modified":"2023-04-01T19:04:09","modified_gmt":"2023-04-01T18:04:09","slug":"coupe-de-la-caf-les-rouge-et-noir-a-un-point-de-la-qualif","status":"publish","type":"post","link":"https:\/\/lasentinelle.dz\/index.php\/2023\/04\/01\/coupe-de-la-caf-les-rouge-et-noir-a-un-point-de-la-qualif\/","title":{"rendered":"Coupe de la CAF\u00a0: Les \u00ab\u00a0Rouge et Noir\u00a0\u00bb \u00e0 un point de la qualif"},"content":{"rendered":"\n<p>L&rsquo;USM Alger, seul repr\u00e9sentant alg\u00e9rien en coupe de la Conf\u00e9d\u00e9ration africaine de football (CAF), affrontera ce soir au Stade du 5-Juillet le club libyen d&rsquo;Al Akhdar pour le compte de la sixi\u00e8me et derni\u00e8re journ\u00e9e de la comp\u00e9tition africaine (Gr.A). L\u2019objectif est clair, arracher le billet qualificatif pour les quarts d\u2019autant qu\u2019il ne manque d\u2019un seul aux \u00ab&nbsp;Rouge et Noir&nbsp;\u00bb pour une assurer la qualification.<\/p>\n\n\n\n<p>Un match nul suffira \u00e0 l\u2019USMA ce soir pour se qualifier en quarts de finale. Face aux \u00e9tonnants Libyens qu\u2019ils d\u00e9j\u00e0 d\u00e9faits au match aller, les Alg\u00e9rois partent dans une posture favorable. Mais gare \u00e0 l&rsquo;exc\u00e8s de confiance. L&rsquo;entra\u00eeneur Abdelhak Benchikha a tir\u00e9 profit de l&rsquo;arr\u00eat du championnat de Ligue 1 ainsi que le report des deux prochains matchs respectivement face \u00e0 l\u2019USM Khenchela et au MC Oran, pour remobiliser ses joueurs et pr\u00e9parer le match face \u00e0 Al-Akhdar SC, une rencontre o\u00f9 l&rsquo;USMA n&rsquo;aura absolument pas droit \u00e0 l\u2019erreur pour composter son billet qualificatif aux quarts de finale. Donc les Usmistes devront faire attention \u00e0 cette \u00e9tonnante formation libyenne (3e\/5 points) qui viendra \u00e0 Alger pour jouer les troubles f\u00eates dans cette poule ouverte \u00e0 toutes les \u00e9ventualit\u00e9s, notamment apr\u00e8s leur succ\u00e8s surprise \u00e0 Benghazi face aux Sud-africains du Marumo Gallants FC (4-1), un r\u00e9sultat qui a fait chambouler les calculs du staff technique alg\u00e9rois. Consid\u00e9r\u00e9 comme le maillon fort de l\u2019USMA, le compartiment d\u00e9fensif s\u2019est montr\u00e9 f\u00e9brile et les d\u00e9fenseurs ont commis plusieurs erreurs qui ont co\u00fbt\u00e9 tr\u00e8s cher \u00e0 l\u2019\u00e9quipe, notamment les deux matchs face \u00e0 Marumo Gallants et au FC Saint-Eloi Lupopo, mais le retour de Sa\u00e2di Radouani, Houari Baouche et Adem Alilet sera b\u00e9n\u00e9fique pour le Usmistes. Lors de la pr\u00e9c\u00e9dente rencontre face aux Congolais du FC St-Eloi Lupopo, les deux r\u00e9cup\u00e9rateurs Oussama Chita et Karim Benkhelifa \u00e9taient d\u00e9pass\u00e9s face \u00e0 leurs adversaires, perdant ainsi la bataille du milieu de terrain. Une situation qui va obliger Benchikha \u00e0 trouver les solutions pour avoir un milieu de terrain compact face \u00e0 Al Akhdar, en revenant au sch\u00e9ma tactique 4-3-3. Concernant le compartiment offensif, les attaquants A\u00efmen Mahious et le Botswanais Tumisang Orebonye seront appel\u00e9s \u00e0 d\u00e9bloquer la situation en attaque, eux qui sont rest\u00e9 \u00ab\u00a0muet\u00a0\u00bb face \u00e0 Marumo Gallants (2-0) et au FC Saint-Eloi Lupopo (1-1), ce qui a suscit\u00e9 l\u2019inqui\u00e9tude chez les supporters \u00a0\u00bbusmistes\u00a0\u00bb. La rencontre sera offici\u00e9e par un trio arbitral \u00e9gyptien dirig\u00e9 par le directeur de jeu Mahmoud El Benna, assist\u00e9 de ses deux compatriotes, Youssef Wahid Youssef et Samy Mohamed Abou Zaid. Dans l&rsquo;autre match du groupe A, les Sud africains du Marumo Gallants FC, d\u00e9j\u00e0 qualifi\u00e9s en quarts de finale avec 9 points, recevront les Congolais du FC St-Eloi Lupopo qui comptent 5 points. Les deux premiers du groupe, \u00e0 l&rsquo;issue de la 6e et derni\u00e8re journ\u00e9e, se qualifieront en quarts de finale.<\/p>\n\n\n\n<p>R.S.<\/p>\n","protected":false},"excerpt":{"rendered":"<p>L&rsquo;USM Alger, seul repr\u00e9sentant alg\u00e9rien en coupe de la Conf\u00e9d\u00e9ration africaine de football (CAF), affrontera ce soir au Stade du<\/p>\n","protected":false},"author":3,"featured_media":38770,"comment_status":"open","ping_status":"closed","sticky":false,"template":"","format":"standard","meta":{"colormag_page_container_layout":"default_layout","colormag_page_sidebar_layout":"default_layout","om_disable_all_campaigns":false,"_monsterinsights_skip_tracking":false,"_monsterinsights_sitenote_active":false,"_monsterinsights_sitenote_note":"","_monsterinsights_sitenote_category":0,"footnotes":"","_wpscppro_dont_share_socialmedia":false,"_wpscppro_custom_social_share_image":0,"_facebook_share_type":"","_twitter_share_type":"","_linkedin_share_type":"","_pinterest_share_type":"","_linkedin_share_type_page":"","_instagram_share_type":"","_medium_share_type":"","_threads_share_type":"","_google_business_share_type":"","_selected_social_profile":[],"_wpsp_enable_custom_social_template":false,"_wpsp_social_scheduling":{"enabled":false,"datetime":null,"platforms":[],"status":"template_only","dateOption":"today","timeOption":"now","customDays":"","customHours":"","customDate":"","customTime":"","schedulingType":"absolute"},"_wpsp_active_default_template":true},"categories":[52,33],"tags":[],"class_list":["post-38752","post","type-post","status-publish","format-standard","has-post-thumbnail","hentry","category-a-la-une","category-sports"],"aioseo_notices":[],"yoast_head":"<!-- This site is optimized with the Yoast SEO plugin v27.5 - https:\/\/yoast.com\/product\/yoast-seo-wordpress\/ -->\n<title>Coupe de la CAF\u00a0: Les \u00ab\u00a0Rouge et Noir\u00a0\u00bb \u00e0 un point de la qualif - La Sentinelle<\/title>\n<meta name=\"robots\" content=\"index, follow, max-snippet:-1, max-image-preview:large, max-video-preview:-1\" \/>\n<link rel=\"canonical\" href=\"https:\/\/lasentinelle.dz\/index.php\/2023\/04\/01\/coupe-de-la-caf-les-rouge-et-noir-a-un-point-de-la-qualif\/\" \/>\n<meta property=\"og:locale\" content=\"fr_FR\" \/>\n<meta property=\"og:type\" content=\"article\" \/>\n<meta property=\"og:title\" content=\"Coupe de la CAF\u00a0: Les \u00ab\u00a0Rouge et Noir\u00a0\u00bb \u00e0 un point de la qualif - La Sentinelle\" \/>\n<meta property=\"og:description\" content=\"L&rsquo;USM Alger, seul repr\u00e9sentant alg\u00e9rien en coupe de la Conf\u00e9d\u00e9ration africaine de football (CAF), affrontera ce soir au Stade du\" \/>\n<meta property=\"og:url\" content=\"https:\/\/lasentinelle.dz\/index.php\/2023\/04\/01\/coupe-de-la-caf-les-rouge-et-noir-a-un-point-de-la-qualif\/\" \/>\n<meta property=\"og:site_name\" content=\"La Sentinelle\" \/>\n<meta property=\"article:publisher\" content=\"https:\/\/www.facebook.com\/La-Sentinelle-104059864394773\" \/>\n<meta property=\"article:published_time\" content=\"2023-04-01T21:08:00+00:00\" \/>\n<meta property=\"og:image\" content=\"https:\/\/lasentinelle.dz\/wp-content\/uploads\/2023\/04\/USMA.png\" \/>\n\t<meta property=\"og:image:width\" content=\"1348\" \/>\n\t<meta property=\"og:image:height\" content=\"900\" \/>\n\t<meta property=\"og:image:type\" content=\"image\/png\" \/>\n<meta name=\"author\" content=\"La Sentinelle\" \/>\n<meta name=\"twitter:card\" content=\"summary_large_image\" \/>\n<meta name=\"twitter:label1\" content=\"\u00c9crit par\" \/>\n\t<meta name=\"twitter:data1\" content=\"La Sentinelle\" \/>\n\t<meta name=\"twitter:label2\" content=\"Dur\u00e9e de lecture estim\u00e9e\" \/>\n\t<meta name=\"twitter:data2\" content=\"3 minutes\" \/>\n<script type=\"application\/ld+json\" class=\"yoast-schema-graph\">{\"@context\":\"https:\\\/\\\/schema.org\",\"@graph\":[{\"@type\":\"Article\",\"@id\":\"https:\\\/\\\/lasentinelle.dz\\\/index.php\\\/2023\\\/04\\\/01\\\/coupe-de-la-caf-les-rouge-et-noir-a-un-point-de-la-qualif\\\/#article\",\"isPartOf\":{\"@id\":\"https:\\\/\\\/lasentinelle.dz\\\/index.php\\\/2023\\\/04\\\/01\\\/coupe-de-la-caf-les-rouge-et-noir-a-un-point-de-la-qualif\\\/\"},\"author\":{\"name\":\"La Sentinelle\",\"@id\":\"https:\\\/\\\/lasentinelle.dz\\\/#\\\/schema\\\/person\\\/d865044e22e70a75174ce8bcad3acfb3\"},\"headline\":\"Coupe de la CAF\u00a0: Les \u00ab\u00a0Rouge et Noir\u00a0\u00bb \u00e0 un point de la qualif\",\"datePublished\":\"2023-04-01T21:08:00+00:00\",\"mainEntityOfPage\":{\"@id\":\"https:\\\/\\\/lasentinelle.dz\\\/index.php\\\/2023\\\/04\\\/01\\\/coupe-de-la-caf-les-rouge-et-noir-a-un-point-de-la-qualif\\\/\"},\"wordCount\":533,\"commentCount\":0,\"publisher\":{\"@id\":\"https:\\\/\\\/lasentinelle.dz\\\/#organization\"},\"image\":{\"@id\":\"https:\\\/\\\/lasentinelle.dz\\\/index.php\\\/2023\\\/04\\\/01\\\/coupe-de-la-caf-les-rouge-et-noir-a-un-point-de-la-qualif\\\/#primaryimage\"},\"thumbnailUrl\":\"https:\\\/\\\/lasentinelle.dz\\\/wp-content\\\/uploads\\\/2023\\\/04\\\/USMA.png\",\"articleSection\":[\"\u00c0 la Une\",\"Sports\"],\"inLanguage\":\"fr-FR\",\"potentialAction\":[{\"@type\":\"CommentAction\",\"name\":\"Comment\",\"target\":[\"https:\\\/\\\/lasentinelle.dz\\\/index.php\\\/2023\\\/04\\\/01\\\/coupe-de-la-caf-les-rouge-et-noir-a-un-point-de-la-qualif\\\/#respond\"]}]},{\"@type\":\"WebPage\",\"@id\":\"https:\\\/\\\/lasentinelle.dz\\\/index.php\\\/2023\\\/04\\\/01\\\/coupe-de-la-caf-les-rouge-et-noir-a-un-point-de-la-qualif\\\/\",\"url\":\"https:\\\/\\\/lasentinelle.dz\\\/index.php\\\/2023\\\/04\\\/01\\\/coupe-de-la-caf-les-rouge-et-noir-a-un-point-de-la-qualif\\\/\",\"name\":\"Coupe de la CAF\u00a0: Les \u00ab\u00a0Rouge et Noir\u00a0\u00bb \u00e0 un point de la qualif - La Sentinelle\",\"isPartOf\":{\"@id\":\"https:\\\/\\\/lasentinelle.dz\\\/#website\"},\"primaryImageOfPage\":{\"@id\":\"https:\\\/\\\/lasentinelle.dz\\\/index.php\\\/2023\\\/04\\\/01\\\/coupe-de-la-caf-les-rouge-et-noir-a-un-point-de-la-qualif\\\/#primaryimage\"},\"image\":{\"@id\":\"https:\\\/\\\/lasentinelle.dz\\\/index.php\\\/2023\\\/04\\\/01\\\/coupe-de-la-caf-les-rouge-et-noir-a-un-point-de-la-qualif\\\/#primaryimage\"},\"thumbnailUrl\":\"https:\\\/\\\/lasentinelle.dz\\\/wp-content\\\/uploads\\\/2023\\\/04\\\/USMA.png\",\"datePublished\":\"2023-04-01T21:08:00+00:00\",\"breadcrumb\":{\"@id\":\"https:\\\/\\\/lasentinelle.dz\\\/index.php\\\/2023\\\/04\\\/01\\\/coupe-de-la-caf-les-rouge-et-noir-a-un-point-de-la-qualif\\\/#breadcrumb\"},\"inLanguage\":\"fr-FR\",\"potentialAction\":[{\"@type\":\"ReadAction\",\"target\":[\"https:\\\/\\\/lasentinelle.dz\\\/index.php\\\/2023\\\/04\\\/01\\\/coupe-de-la-caf-les-rouge-et-noir-a-un-point-de-la-qualif\\\/\"]}]},{\"@type\":\"ImageObject\",\"inLanguage\":\"fr-FR\",\"@id\":\"https:\\\/\\\/lasentinelle.dz\\\/index.php\\\/2023\\\/04\\\/01\\\/coupe-de-la-caf-les-rouge-et-noir-a-un-point-de-la-qualif\\\/#primaryimage\",\"url\":\"https:\\\/\\\/lasentinelle.dz\\\/wp-content\\\/uploads\\\/2023\\\/04\\\/USMA.png\",\"contentUrl\":\"https:\\\/\\\/lasentinelle.dz\\\/wp-content\\\/uploads\\\/2023\\\/04\\\/USMA.png\",\"width\":1348,\"height\":900},{\"@type\":\"BreadcrumbList\",\"@id\":\"https:\\\/\\\/lasentinelle.dz\\\/index.php\\\/2023\\\/04\\\/01\\\/coupe-de-la-caf-les-rouge-et-noir-a-un-point-de-la-qualif\\\/#breadcrumb\",\"itemListElement\":[{\"@type\":\"ListItem\",\"position\":1,\"name\":\"Accueil\",\"item\":\"https:\\\/\\\/lasentinelle.dz\\\/\"},{\"@type\":\"ListItem\",\"position\":2,\"name\":\"Coupe de la CAF\u00a0: Les \u00ab\u00a0Rouge et Noir\u00a0\u00bb \u00e0 un point de la qualif\"}]},{\"@type\":\"WebSite\",\"@id\":\"https:\\\/\\\/lasentinelle.dz\\\/#website\",\"url\":\"https:\\\/\\\/lasentinelle.dz\\\/\",\"name\":\"La Sentinelle\",\"description\":\"Quotidien national d&#039;information\",\"publisher\":{\"@id\":\"https:\\\/\\\/lasentinelle.dz\\\/#organization\"},\"potentialAction\":[{\"@type\":\"SearchAction\",\"target\":{\"@type\":\"EntryPoint\",\"urlTemplate\":\"https:\\\/\\\/lasentinelle.dz\\\/?s={search_term_string}\"},\"query-input\":{\"@type\":\"PropertyValueSpecification\",\"valueRequired\":true,\"valueName\":\"search_term_string\"}}],\"inLanguage\":\"fr-FR\"},{\"@type\":\"Organization\",\"@id\":\"https:\\\/\\\/lasentinelle.dz\\\/#organization\",\"name\":\"Quotidien La Sentinelle\",\"url\":\"https:\\\/\\\/lasentinelle.dz\\\/\",\"logo\":{\"@type\":\"ImageObject\",\"inLanguage\":\"fr-FR\",\"@id\":\"https:\\\/\\\/lasentinelle.dz\\\/#\\\/schema\\\/logo\\\/image\\\/\",\"url\":\"https:\\\/\\\/lasentinelle.dz\\\/wp-content\\\/uploads\\\/2021\\\/09\\\/logo-sentinelleSLOGAN-1.png\",\"contentUrl\":\"https:\\\/\\\/lasentinelle.dz\\\/wp-content\\\/uploads\\\/2021\\\/09\\\/logo-sentinelleSLOGAN-1.png\",\"width\":615,\"height\":142,\"caption\":\"Quotidien La Sentinelle\"},\"image\":{\"@id\":\"https:\\\/\\\/lasentinelle.dz\\\/#\\\/schema\\\/logo\\\/image\\\/\"},\"sameAs\":[\"https:\\\/\\\/www.facebook.com\\\/La-Sentinelle-104059864394773\"]},{\"@type\":\"Person\",\"@id\":\"https:\\\/\\\/lasentinelle.dz\\\/#\\\/schema\\\/person\\\/d865044e22e70a75174ce8bcad3acfb3\",\"name\":\"La Sentinelle\",\"image\":{\"@type\":\"ImageObject\",\"inLanguage\":\"fr-FR\",\"@id\":\"https:\\\/\\\/secure.gravatar.com\\\/avatar\\\/57de8e5d4b15d43fb361a71fbb36338450fe67865b528a43dd10ef7c51a20392?s=96&d=mm&r=g\",\"url\":\"https:\\\/\\\/secure.gravatar.com\\\/avatar\\\/57de8e5d4b15d43fb361a71fbb36338450fe67865b528a43dd10ef7c51a20392?s=96&d=mm&r=g\",\"contentUrl\":\"https:\\\/\\\/secure.gravatar.com\\\/avatar\\\/57de8e5d4b15d43fb361a71fbb36338450fe67865b528a43dd10ef7c51a20392?s=96&d=mm&r=g\",\"caption\":\"La Sentinelle\"},\"sameAs\":[\"http:\\\/\\\/www.lasentinelle.dz\"],\"url\":\"https:\\\/\\\/lasentinelle.dz\\\/author\\\/redaction\\\/\"}]}<\/script>\n<!-- \/ Yoast SEO plugin. -->","yoast_head_json":{"title":"Coupe de la CAF\u00a0: Les \u00ab\u00a0Rouge et Noir\u00a0\u00bb \u00e0 un point de la qualif - La Sentinelle","robots":{"index":"index","follow":"follow","max-snippet":"max-snippet:-1","max-image-preview":"max-image-preview:large","max-video-preview":"max-video-preview:-1"},"canonical":"https:\/\/lasentinelle.dz\/index.php\/2023\/04\/01\/coupe-de-la-caf-les-rouge-et-noir-a-un-point-de-la-qualif\/","og_locale":"fr_FR","og_type":"article","og_title":"Coupe de la CAF\u00a0: Les \u00ab\u00a0Rouge et Noir\u00a0\u00bb \u00e0 un point de la qualif - La Sentinelle","og_description":"L&rsquo;USM Alger, seul repr\u00e9sentant alg\u00e9rien en coupe de la Conf\u00e9d\u00e9ration africaine de football (CAF), affrontera ce soir au Stade du","og_url":"https:\/\/lasentinelle.dz\/index.php\/2023\/04\/01\/coupe-de-la-caf-les-rouge-et-noir-a-un-point-de-la-qualif\/","og_site_name":"La Sentinelle","article_publisher":"https:\/\/www.facebook.com\/La-Sentinelle-104059864394773","article_published_time":"2023-04-01T21:08:00+00:00","og_image":[{"width":1348,"height":900,"url":"https:\/\/lasentinelle.dz\/wp-content\/uploads\/2023\/04\/USMA.png","type":"image\/png"}],"author":"La Sentinelle","twitter_card":"summary_large_image","twitter_misc":{"\u00c9crit par":"La Sentinelle","Dur\u00e9e de lecture estim\u00e9e":"3 minutes"},"schema":{"@context":"https:\/\/schema.org","@graph":[{"@type":"Article","@id":"https:\/\/lasentinelle.dz\/index.php\/2023\/04\/01\/coupe-de-la-caf-les-rouge-et-noir-a-un-point-de-la-qualif\/#article","isPartOf":{"@id":"https:\/\/lasentinelle.dz\/index.php\/2023\/04\/01\/coupe-de-la-caf-les-rouge-et-noir-a-un-point-de-la-qualif\/"},"author":{"name":"La Sentinelle","@id":"https:\/\/lasentinelle.dz\/#\/schema\/person\/d865044e22e70a75174ce8bcad3acfb3"},"headline":"Coupe de la CAF\u00a0: Les \u00ab\u00a0Rouge et Noir\u00a0\u00bb \u00e0 un point de la qualif","datePublished":"2023-04-01T21:08:00+00:00","mainEntityOfPage":{"@id":"https:\/\/lasentinelle.dz\/index.php\/2023\/04\/01\/coupe-de-la-caf-les-rouge-et-noir-a-un-point-de-la-qualif\/"},"wordCount":533,"commentCount":0,"publisher":{"@id":"https:\/\/lasentinelle.dz\/#organization"},"image":{"@id":"https:\/\/lasentinelle.dz\/index.php\/2023\/04\/01\/coupe-de-la-caf-les-rouge-et-noir-a-un-point-de-la-qualif\/#primaryimage"},"thumbnailUrl":"https:\/\/lasentinelle.dz\/wp-content\/uploads\/2023\/04\/USMA.png","articleSection":["\u00c0 la Une","Sports"],"inLanguage":"fr-FR","potentialAction":[{"@type":"CommentAction","name":"Comment","target":["https:\/\/lasentinelle.dz\/index.php\/2023\/04\/01\/coupe-de-la-caf-les-rouge-et-noir-a-un-point-de-la-qualif\/#respond"]}]},{"@type":"WebPage","@id":"https:\/\/lasentinelle.dz\/index.php\/2023\/04\/01\/coupe-de-la-caf-les-rouge-et-noir-a-un-point-de-la-qualif\/","url":"https:\/\/lasentinelle.dz\/index.php\/2023\/04\/01\/coupe-de-la-caf-les-rouge-et-noir-a-un-point-de-la-qualif\/","name":"Coupe de la CAF\u00a0: Les \u00ab\u00a0Rouge et Noir\u00a0\u00bb \u00e0 un point de la qualif - La Sentinelle","isPartOf":{"@id":"https:\/\/lasentinelle.dz\/#website"},"primaryImageOfPage":{"@id":"https:\/\/lasentinelle.dz\/index.php\/2023\/04\/01\/coupe-de-la-caf-les-rouge-et-noir-a-un-point-de-la-qualif\/#primaryimage"},"image":{"@id":"https:\/\/lasentinelle.dz\/index.php\/2023\/04\/01\/coupe-de-la-caf-les-rouge-et-noir-a-un-point-de-la-qualif\/#primaryimage"},"thumbnailUrl":"https:\/\/lasentinelle.dz\/wp-content\/uploads\/2023\/04\/USMA.png","datePublished":"2023-04-01T21:08:00+00:00","breadcrumb":{"@id":"https:\/\/lasentinelle.dz\/index.php\/2023\/04\/01\/coupe-de-la-caf-les-rouge-et-noir-a-un-point-de-la-qualif\/#breadcrumb"},"inLanguage":"fr-FR","potentialAction":[{"@type":"ReadAction","target":["https:\/\/lasentinelle.dz\/index.php\/2023\/04\/01\/coupe-de-la-caf-les-rouge-et-noir-a-un-point-de-la-qualif\/"]}]},{"@type":"ImageObject","inLanguage":"fr-FR","@id":"https:\/\/lasentinelle.dz\/index.php\/2023\/04\/01\/coupe-de-la-caf-les-rouge-et-noir-a-un-point-de-la-qualif\/#primaryimage","url":"https:\/\/lasentinelle.dz\/wp-content\/uploads\/2023\/04\/USMA.png","contentUrl":"https:\/\/lasentinelle.dz\/wp-content\/uploads\/2023\/04\/USMA.png","width":1348,"height":900},{"@type":"BreadcrumbList","@id":"https:\/\/lasentinelle.dz\/index.php\/2023\/04\/01\/coupe-de-la-caf-les-rouge-et-noir-a-un-point-de-la-qualif\/#breadcrumb","itemListElement":[{"@type":"ListItem","position":1,"name":"Accueil","item":"https:\/\/lasentinelle.dz\/"},{"@type":"ListItem","position":2,"name":"Coupe de la CAF\u00a0: Les \u00ab\u00a0Rouge et Noir\u00a0\u00bb \u00e0 un point de la qualif"}]},{"@type":"WebSite","@id":"https:\/\/lasentinelle.dz\/#website","url":"https:\/\/lasentinelle.dz\/","name":"La Sentinelle","description":"Quotidien national d&#039;information","publisher":{"@id":"https:\/\/lasentinelle.dz\/#organization"},"potentialAction":[{"@type":"SearchAction","target":{"@type":"EntryPoint","urlTemplate":"https:\/\/lasentinelle.dz\/?s={search_term_string}"},"query-input":{"@type":"PropertyValueSpecification","valueRequired":true,"valueName":"search_term_string"}}],"inLanguage":"fr-FR"},{"@type":"Organization","@id":"https:\/\/lasentinelle.dz\/#organization","name":"Quotidien La Sentinelle","url":"https:\/\/lasentinelle.dz\/","logo":{"@type":"ImageObject","inLanguage":"fr-FR","@id":"https:\/\/lasentinelle.dz\/#\/schema\/logo\/image\/","url":"https:\/\/lasentinelle.dz\/wp-content\/uploads\/2021\/09\/logo-sentinelleSLOGAN-1.png","contentUrl":"https:\/\/lasentinelle.dz\/wp-content\/uploads\/2021\/09\/logo-sentinelleSLOGAN-1.png","width":615,"height":142,"caption":"Quotidien La Sentinelle"},"image":{"@id":"https:\/\/lasentinelle.dz\/#\/schema\/logo\/image\/"},"sameAs":["https:\/\/www.facebook.com\/La-Sentinelle-104059864394773"]},{"@type":"Person","@id":"https:\/\/lasentinelle.dz\/#\/schema\/person\/d865044e22e70a75174ce8bcad3acfb3","name":"La Sentinelle","image":{"@type":"ImageObject","inLanguage":"fr-FR","@id":"https:\/\/secure.gravatar.com\/avatar\/57de8e5d4b15d43fb361a71fbb36338450fe67865b528a43dd10ef7c51a20392?s=96&d=mm&r=g","url":"https:\/\/secure.gravatar.com\/avatar\/57de8e5d4b15d43fb361a71fbb36338450fe67865b528a43dd10ef7c51a20392?s=96&d=mm&r=g","contentUrl":"https:\/\/secure.gravatar.com\/avatar\/57de8e5d4b15d43fb361a71fbb36338450fe67865b528a43dd10ef7c51a20392?s=96&d=mm&r=g","caption":"La Sentinelle"},"sameAs":["http:\/\/www.lasentinelle.dz"],"url":"https:\/\/lasentinelle.dz\/author\/redaction\/"}]}},"_links":{"self":[{"href":"https:\/\/lasentinelle.dz\/index.php\/wp-json\/wp\/v2\/posts\/38752","targetHints":{"allow":["GET"]}}],"collection":[{"href":"https:\/\/lasentinelle.dz\/index.php\/wp-json\/wp\/v2\/posts"}],"about":[{"href":"https:\/\/lasentinelle.dz\/index.php\/wp-json\/wp\/v2\/types\/post"}],"author":[{"embeddable":true,"href":"https:\/\/lasentinelle.dz\/index.php\/wp-json\/wp\/v2\/users\/3"}],"replies":[{"embeddable":true,"href":"https:\/\/lasentinelle.dz\/index.php\/wp-json\/wp\/v2\/comments?post=38752"}],"version-history":[{"count":1,"href":"https:\/\/lasentinelle.dz\/index.php\/wp-json\/wp\/v2\/posts\/38752\/revisions"}],"predecessor-version":[{"id":38772,"href":"https:\/\/lasentinelle.dz\/index.php\/wp-json\/wp\/v2\/posts\/38752\/revisions\/38772"}],"wp:featuredmedia":[{"embeddable":true,"href":"https:\/\/lasentinelle.dz\/index.php\/wp-json\/wp\/v2\/media\/38770"}],"wp:attachment":[{"href":"https:\/\/lasentinelle.dz\/index.php\/wp-json\/wp\/v2\/media?parent=38752"}],"wp:term":[{"taxonomy":"category","embeddable":true,"href":"https:\/\/lasentinelle.dz\/index.php\/wp-json\/wp\/v2\/categories?post=38752"},{"taxonomy":"post_tag","embeddable":true,"href":"https:\/\/lasentinelle.dz\/index.php\/wp-json\/wp\/v2\/tags?post=38752"}],"curies":[{"name":"wp","href":"https:\/\/api.w.org\/{rel}","templated":true}]}}