{"id":38761,"date":"2023-04-01T22:10:00","date_gmt":"2023-04-01T21:10:00","guid":{"rendered":"https:\/\/lasentinelle.dz\/?p=38761"},"modified":"2023-04-01T20:36:52","modified_gmt":"2023-04-01T19:36:52","slug":"fln-a-quand-le-congres","status":"publish","type":"post","link":"https:\/\/lasentinelle.dz\/index.php\/2023\/04\/01\/fln-a-quand-le-congres\/","title":{"rendered":"FLN\u00a0: \u00c0 quand le congr\u00e8s\u00a0?"},"content":{"rendered":"\n<p>Le FLN a indiqu\u00e9, ce vendredi, que l&rsquo;op\u00e9ration de d\u00e9p\u00f4t, par les \u00ab\u00a0Mouhafidhs\u00a0\u00bb, au niveau de la Commission de pr\u00e9paration du congr\u00e8s, des dossiers des congressistes, s&rsquo;est termin\u00e9e, \u00e0 l&rsquo;exception de Djanet. Une op\u00e9ration qui a dur\u00e9 quelque trois mois. Le parti n&rsquo;a, n\u00e9anmoins, toujours pas annonc\u00e9 de date pour la tenue de son congr\u00e8s.&nbsp;<\/p>\n\n\n\n<p>Pas moins de 66 Mouhafidhs du Front de lib\u00e9ration national (FLN) ont d\u00e9pos\u00e9, au niveau de la Commission nationale de pr\u00e9paration du 11e congr\u00e8s, les PV d&rsquo;\u00e9lections des congressistes sur un ensemble de 67, les responsables de la Mouhafadha de Djanet faisant exception. Le parti a indiqu\u00e9, ce vendredi, que cette op\u00e9ration est close. N\u00e9anmoins, il n&rsquo;a toujours pas annonc\u00e9 de date pour la tenue de son congr\u00e8s. Ce qui laisse planer des \u00ab\u00a0doutes\u00a0\u00bb par rapport \u00e0 ce rendez-vous organique. Ceci sachant que les d\u00e9lais fix\u00e9s au pr\u00e9alable, au lendemain de l&rsquo;installation de la commission de pr\u00e9paration du congr\u00e8s au mois de mai de l&rsquo;ann\u00e9e derni\u00e8re, sont largement d\u00e9pass\u00e9s. Jusque-l\u00e0, le secr\u00e9taire g\u00e9n\u00e9ral du parti, Abou El Fadl Baadji, a toujours ni\u00e9 l&rsquo;existence du moindre probl\u00e8me. Le 3 f\u00e9vrier dernier, il avait cat\u00e9goriquement d\u00e9menti les informations circulant sur les r\u00e9seaux sociaux faisant \u00e9tat d&rsquo;un \u00e9ventuel refus des services de la wilaya d&rsquo;Alger d&rsquo;accorder une autorisation pour la tenue de ce congr\u00e8s. \u00ab\u00a0L&rsquo;annonce sera faite en temps opportun\u00a0\u00bb, a-t-il affirm\u00e9. Depuis, la question est \u00e0 chaque fois \u00e9lud\u00e9e. Et ce qui alimentent les \u00ab\u00a0doutes\u00a0\u00bb autour de la tenue de ce congr\u00e8s c&rsquo;est, d&rsquo;un c\u00f4t\u00e9, le recours de la direction du parti \u00e0 des \u00ab\u00a0messages de soutien\u00a0\u00bb, que ce soit de la part de structures internes, ou d&rsquo;entit\u00e9s externes, et de l&rsquo;autre, le temps que prennent certaines \u00ab\u00a0op\u00e9rations\u00a0\u00bb. La derni\u00e8re en date \u00e9tant celle relative au \u00ab\u00a0d\u00e9p\u00f4t des PV au niveau de la commission nationale de pr\u00e9paration du congr\u00e8s\u00a0\u00bb, une d\u00e9marche qui, normalement, va de soi, et qui ne devrait pas b\u00e9n\u00e9ficier d&rsquo;un \u00ab\u00a0chapitre\u00a0\u00bb dans le processus d&rsquo;organisation. En tous cas, maintenant que cette derni\u00e8re \u00e9tape est achev\u00e9e, le parti devra organiser des assises de wilayas, avant le congr\u00e8s. Ce qui ne devrait pas prendre beaucoup de temps. Cons\u00e9quemment, la date de sa tenue devrait \u00eatre annonc\u00e9e. Il est utile de rappeler que le congr\u00e8s avait \u00e9t\u00e9 annonc\u00e9, l&rsquo;ann\u00e9e pass\u00e9e, pour le mois de novembre. Le FLN voulait opter pour une date symbolique : \u00ab\u00a0le 1er novembre\u00a0\u00bb. Avec l&rsquo;approche de l&rsquo;\u00e9ch\u00e9ance, le parti a r\u00e9vis\u00e9 son calendrier, sous pr\u00e9texte que cela co\u00efncidait avec la tenue, \u00e0 Alger, du sommet arabe. Ce qui est bien entendu tout \u00e0 fait compr\u00e9hensible. Or, par la suite, toutes les \u00e9ch\u00e9ances avanc\u00e9es n&rsquo;ont pas \u00e9t\u00e9 respect\u00e9es. Il \u00e9tait question de \u00ab\u00a0fin novembre\u00a0\u00bb, puis Baadji a affirm\u00e9 que \u00e7a sera \u00ab\u00a0probablement \u00e0 la fin de l&rsquo;ann\u00e9e\u00a0\u00bb, avant qu&rsquo;il n&rsquo;affirme, une autre fois, que le congr\u00e8s \u00ab\u00a0pourrait se tenir vers le mois de f\u00e9vrier\u00a0\u00bb. Depuis, le SG du FLN ne veut m\u00eame plus avancer d&rsquo;\u00e9ch\u00e9ances. Il se contente d&rsquo;un laconique : \u00ab\u00a0Quand tout sera pr\u00eat on annoncera la date\u00a0\u00bb. Parall\u00e8lement \u00e0 tout cela, le FLN avait annul\u00e9 une rencontre nationale avec les cadres du parti qui devait se tenir mi-mars \u00e0 Oran, sans fournir la moindre explication \u00e0 ses militants. Au m\u00eame moment, et \u00e0 la suite du remaniement minist\u00e9riel du 16 mars dernier, le FLN se retrouve sans aucun ministre au gouvernement. Ce qui a \u00e9t\u00e9 consid\u00e9r\u00e9 par les militants du parti comme une \u00ab\u00a0catastrophe\u00a0\u00bb. D&rsquo;ailleurs, le 19 mars, le d\u00e9put\u00e9 et membre du Comit\u00e9 central du parti, Nacer Bettiche, avait appel\u00e9, dans un commentaire sur les r\u00e9seaux sociaux, \u00e0 \u0153uvrer pour \u00ab\u00a0le rassemblement \u00e0 l&rsquo;int\u00e9rieur du FLN\u00a0\u00bb. Des propos qui confirment, d&rsquo;une certaine mani\u00e8re, l&rsquo;existence, d&rsquo;un \u00ab\u00a0malaise\u00a0\u00bb ou carr\u00e9ment \u00ab\u00a0crise\u00a0\u00bb au sein du FLN, m\u00eame si sa direction le nie \u00e0 chaque fois. Entre-temps, les uns et les autres, \u00e0 l&rsquo;int\u00e9rieur et \u00e0 l&rsquo;ext\u00e9rieur du parti, sont \u00e0 l&rsquo;\u00e9coute de la moindre information relative \u00e0 la date de la tenue du congr\u00e8s.<\/p>\n\n\n\n<p><strong>Elyas Nour<\/strong><\/p>\n","protected":false},"excerpt":{"rendered":"<p>Le FLN a indiqu\u00e9, ce vendredi, que l&rsquo;op\u00e9ration de d\u00e9p\u00f4t, par les \u00ab\u00a0Mouhafidhs\u00a0\u00bb, au niveau de la Commission de pr\u00e9paration<\/p>\n","protected":false},"author":3,"featured_media":38763,"comment_status":"open","ping_status":"closed","sticky":false,"template":"","format":"standard","meta":{"colormag_page_container_layout":"default_layout","colormag_page_sidebar_layout":"default_layout","om_disable_all_campaigns":false,"_monsterinsights_skip_tracking":false,"_monsterinsights_sitenote_active":false,"_monsterinsights_sitenote_note":"","_monsterinsights_sitenote_category":0,"footnotes":"","_wpscppro_dont_share_socialmedia":false,"_wpscppro_custom_social_share_image":0,"_facebook_share_type":"","_twitter_share_type":"","_linkedin_share_type":"","_pinterest_share_type":"","_linkedin_share_type_page":"","_instagram_share_type":"","_medium_share_type":"","_threads_share_type":"","_google_business_share_type":"","_selected_social_profile":[],"_wpsp_enable_custom_social_template":false,"_wpsp_social_scheduling":{"enabled":false,"datetime":null,"platforms":[],"status":"template_only","dateOption":"today","timeOption":"now","customDays":"","customHours":"","customDate":"","customTime":"","schedulingType":"absolute"},"_wpsp_active_default_template":true},"categories":[52,27],"tags":[],"class_list":["post-38761","post","type-post","status-publish","format-standard","has-post-thumbnail","hentry","category-a-la-une","category-actualite"],"aioseo_notices":[],"yoast_head":"<!-- This site is optimized with the Yoast SEO plugin v27.5 - https:\/\/yoast.com\/product\/yoast-seo-wordpress\/ -->\n<title>FLN\u00a0: \u00c0 quand le congr\u00e8s\u00a0? - La Sentinelle<\/title>\n<meta name=\"robots\" content=\"index, follow, max-snippet:-1, max-image-preview:large, max-video-preview:-1\" \/>\n<link rel=\"canonical\" href=\"https:\/\/lasentinelle.dz\/index.php\/2023\/04\/01\/fln-a-quand-le-congres\/\" \/>\n<meta property=\"og:locale\" content=\"fr_FR\" \/>\n<meta property=\"og:type\" content=\"article\" \/>\n<meta property=\"og:title\" content=\"FLN\u00a0: \u00c0 quand le congr\u00e8s\u00a0? - La Sentinelle\" \/>\n<meta property=\"og:description\" content=\"Le FLN a indiqu\u00e9, ce vendredi, que l&rsquo;op\u00e9ration de d\u00e9p\u00f4t, par les \u00ab\u00a0Mouhafidhs\u00a0\u00bb, au niveau de la Commission de pr\u00e9paration\" \/>\n<meta property=\"og:url\" content=\"https:\/\/lasentinelle.dz\/index.php\/2023\/04\/01\/fln-a-quand-le-congres\/\" \/>\n<meta property=\"og:site_name\" content=\"La Sentinelle\" \/>\n<meta property=\"article:publisher\" content=\"https:\/\/www.facebook.com\/La-Sentinelle-104059864394773\" \/>\n<meta property=\"article:published_time\" content=\"2023-04-01T21:10:00+00:00\" \/>\n<meta property=\"og:image\" content=\"https:\/\/lasentinelle.dz\/wp-content\/uploads\/2023\/04\/FLN.png\" \/>\n\t<meta property=\"og:image:width\" content=\"1350\" \/>\n\t<meta property=\"og:image:height\" content=\"900\" \/>\n\t<meta property=\"og:image:type\" content=\"image\/png\" \/>\n<meta name=\"author\" content=\"La Sentinelle\" \/>\n<meta name=\"twitter:card\" content=\"summary_large_image\" \/>\n<meta name=\"twitter:label1\" content=\"\u00c9crit par\" \/>\n\t<meta name=\"twitter:data1\" content=\"La Sentinelle\" \/>\n\t<meta name=\"twitter:label2\" content=\"Dur\u00e9e de lecture estim\u00e9e\" \/>\n\t<meta name=\"twitter:data2\" content=\"4 minutes\" \/>\n<script type=\"application\/ld+json\" class=\"yoast-schema-graph\">{\"@context\":\"https:\\\/\\\/schema.org\",\"@graph\":[{\"@type\":\"Article\",\"@id\":\"https:\\\/\\\/lasentinelle.dz\\\/index.php\\\/2023\\\/04\\\/01\\\/fln-a-quand-le-congres\\\/#article\",\"isPartOf\":{\"@id\":\"https:\\\/\\\/lasentinelle.dz\\\/index.php\\\/2023\\\/04\\\/01\\\/fln-a-quand-le-congres\\\/\"},\"author\":{\"name\":\"La Sentinelle\",\"@id\":\"https:\\\/\\\/lasentinelle.dz\\\/#\\\/schema\\\/person\\\/d865044e22e70a75174ce8bcad3acfb3\"},\"headline\":\"FLN\u00a0: \u00c0 quand le congr\u00e8s\u00a0?\",\"datePublished\":\"2023-04-01T21:10:00+00:00\",\"mainEntityOfPage\":{\"@id\":\"https:\\\/\\\/lasentinelle.dz\\\/index.php\\\/2023\\\/04\\\/01\\\/fln-a-quand-le-congres\\\/\"},\"wordCount\":751,\"commentCount\":0,\"publisher\":{\"@id\":\"https:\\\/\\\/lasentinelle.dz\\\/#organization\"},\"image\":{\"@id\":\"https:\\\/\\\/lasentinelle.dz\\\/index.php\\\/2023\\\/04\\\/01\\\/fln-a-quand-le-congres\\\/#primaryimage\"},\"thumbnailUrl\":\"https:\\\/\\\/lasentinelle.dz\\\/wp-content\\\/uploads\\\/2023\\\/04\\\/FLN.png\",\"articleSection\":[\"\u00c0 la Une\",\"Actualit\u00e9\"],\"inLanguage\":\"fr-FR\",\"potentialAction\":[{\"@type\":\"CommentAction\",\"name\":\"Comment\",\"target\":[\"https:\\\/\\\/lasentinelle.dz\\\/index.php\\\/2023\\\/04\\\/01\\\/fln-a-quand-le-congres\\\/#respond\"]}]},{\"@type\":\"WebPage\",\"@id\":\"https:\\\/\\\/lasentinelle.dz\\\/index.php\\\/2023\\\/04\\\/01\\\/fln-a-quand-le-congres\\\/\",\"url\":\"https:\\\/\\\/lasentinelle.dz\\\/index.php\\\/2023\\\/04\\\/01\\\/fln-a-quand-le-congres\\\/\",\"name\":\"FLN\u00a0: \u00c0 quand le congr\u00e8s\u00a0? - La Sentinelle\",\"isPartOf\":{\"@id\":\"https:\\\/\\\/lasentinelle.dz\\\/#website\"},\"primaryImageOfPage\":{\"@id\":\"https:\\\/\\\/lasentinelle.dz\\\/index.php\\\/2023\\\/04\\\/01\\\/fln-a-quand-le-congres\\\/#primaryimage\"},\"image\":{\"@id\":\"https:\\\/\\\/lasentinelle.dz\\\/index.php\\\/2023\\\/04\\\/01\\\/fln-a-quand-le-congres\\\/#primaryimage\"},\"thumbnailUrl\":\"https:\\\/\\\/lasentinelle.dz\\\/wp-content\\\/uploads\\\/2023\\\/04\\\/FLN.png\",\"datePublished\":\"2023-04-01T21:10:00+00:00\",\"breadcrumb\":{\"@id\":\"https:\\\/\\\/lasentinelle.dz\\\/index.php\\\/2023\\\/04\\\/01\\\/fln-a-quand-le-congres\\\/#breadcrumb\"},\"inLanguage\":\"fr-FR\",\"potentialAction\":[{\"@type\":\"ReadAction\",\"target\":[\"https:\\\/\\\/lasentinelle.dz\\\/index.php\\\/2023\\\/04\\\/01\\\/fln-a-quand-le-congres\\\/\"]}]},{\"@type\":\"ImageObject\",\"inLanguage\":\"fr-FR\",\"@id\":\"https:\\\/\\\/lasentinelle.dz\\\/index.php\\\/2023\\\/04\\\/01\\\/fln-a-quand-le-congres\\\/#primaryimage\",\"url\":\"https:\\\/\\\/lasentinelle.dz\\\/wp-content\\\/uploads\\\/2023\\\/04\\\/FLN.png\",\"contentUrl\":\"https:\\\/\\\/lasentinelle.dz\\\/wp-content\\\/uploads\\\/2023\\\/04\\\/FLN.png\",\"width\":1350,\"height\":900},{\"@type\":\"BreadcrumbList\",\"@id\":\"https:\\\/\\\/lasentinelle.dz\\\/index.php\\\/2023\\\/04\\\/01\\\/fln-a-quand-le-congres\\\/#breadcrumb\",\"itemListElement\":[{\"@type\":\"ListItem\",\"position\":1,\"name\":\"Accueil\",\"item\":\"https:\\\/\\\/lasentinelle.dz\\\/\"},{\"@type\":\"ListItem\",\"position\":2,\"name\":\"FLN\u00a0: \u00c0 quand le congr\u00e8s\u00a0?\"}]},{\"@type\":\"WebSite\",\"@id\":\"https:\\\/\\\/lasentinelle.dz\\\/#website\",\"url\":\"https:\\\/\\\/lasentinelle.dz\\\/\",\"name\":\"La Sentinelle\",\"description\":\"Quotidien national d&#039;information\",\"publisher\":{\"@id\":\"https:\\\/\\\/lasentinelle.dz\\\/#organization\"},\"potentialAction\":[{\"@type\":\"SearchAction\",\"target\":{\"@type\":\"EntryPoint\",\"urlTemplate\":\"https:\\\/\\\/lasentinelle.dz\\\/?s={search_term_string}\"},\"query-input\":{\"@type\":\"PropertyValueSpecification\",\"valueRequired\":true,\"valueName\":\"search_term_string\"}}],\"inLanguage\":\"fr-FR\"},{\"@type\":\"Organization\",\"@id\":\"https:\\\/\\\/lasentinelle.dz\\\/#organization\",\"name\":\"Quotidien La Sentinelle\",\"url\":\"https:\\\/\\\/lasentinelle.dz\\\/\",\"logo\":{\"@type\":\"ImageObject\",\"inLanguage\":\"fr-FR\",\"@id\":\"https:\\\/\\\/lasentinelle.dz\\\/#\\\/schema\\\/logo\\\/image\\\/\",\"url\":\"https:\\\/\\\/lasentinelle.dz\\\/wp-content\\\/uploads\\\/2021\\\/09\\\/logo-sentinelleSLOGAN-1.png\",\"contentUrl\":\"https:\\\/\\\/lasentinelle.dz\\\/wp-content\\\/uploads\\\/2021\\\/09\\\/logo-sentinelleSLOGAN-1.png\",\"width\":615,\"height\":142,\"caption\":\"Quotidien La Sentinelle\"},\"image\":{\"@id\":\"https:\\\/\\\/lasentinelle.dz\\\/#\\\/schema\\\/logo\\\/image\\\/\"},\"sameAs\":[\"https:\\\/\\\/www.facebook.com\\\/La-Sentinelle-104059864394773\"]},{\"@type\":\"Person\",\"@id\":\"https:\\\/\\\/lasentinelle.dz\\\/#\\\/schema\\\/person\\\/d865044e22e70a75174ce8bcad3acfb3\",\"name\":\"La Sentinelle\",\"image\":{\"@type\":\"ImageObject\",\"inLanguage\":\"fr-FR\",\"@id\":\"https:\\\/\\\/secure.gravatar.com\\\/avatar\\\/57de8e5d4b15d43fb361a71fbb36338450fe67865b528a43dd10ef7c51a20392?s=96&d=mm&r=g\",\"url\":\"https:\\\/\\\/secure.gravatar.com\\\/avatar\\\/57de8e5d4b15d43fb361a71fbb36338450fe67865b528a43dd10ef7c51a20392?s=96&d=mm&r=g\",\"contentUrl\":\"https:\\\/\\\/secure.gravatar.com\\\/avatar\\\/57de8e5d4b15d43fb361a71fbb36338450fe67865b528a43dd10ef7c51a20392?s=96&d=mm&r=g\",\"caption\":\"La Sentinelle\"},\"sameAs\":[\"http:\\\/\\\/www.lasentinelle.dz\"],\"url\":\"https:\\\/\\\/lasentinelle.dz\\\/author\\\/redaction\\\/\"}]}<\/script>\n<!-- \/ Yoast SEO plugin. -->","yoast_head_json":{"title":"FLN\u00a0: \u00c0 quand le congr\u00e8s\u00a0? - La Sentinelle","robots":{"index":"index","follow":"follow","max-snippet":"max-snippet:-1","max-image-preview":"max-image-preview:large","max-video-preview":"max-video-preview:-1"},"canonical":"https:\/\/lasentinelle.dz\/index.php\/2023\/04\/01\/fln-a-quand-le-congres\/","og_locale":"fr_FR","og_type":"article","og_title":"FLN\u00a0: \u00c0 quand le congr\u00e8s\u00a0? - La Sentinelle","og_description":"Le FLN a indiqu\u00e9, ce vendredi, que l&rsquo;op\u00e9ration de d\u00e9p\u00f4t, par les \u00ab\u00a0Mouhafidhs\u00a0\u00bb, au niveau de la Commission de pr\u00e9paration","og_url":"https:\/\/lasentinelle.dz\/index.php\/2023\/04\/01\/fln-a-quand-le-congres\/","og_site_name":"La Sentinelle","article_publisher":"https:\/\/www.facebook.com\/La-Sentinelle-104059864394773","article_published_time":"2023-04-01T21:10:00+00:00","og_image":[{"width":1350,"height":900,"url":"https:\/\/lasentinelle.dz\/wp-content\/uploads\/2023\/04\/FLN.png","type":"image\/png"}],"author":"La Sentinelle","twitter_card":"summary_large_image","twitter_misc":{"\u00c9crit par":"La Sentinelle","Dur\u00e9e de lecture estim\u00e9e":"4 minutes"},"schema":{"@context":"https:\/\/schema.org","@graph":[{"@type":"Article","@id":"https:\/\/lasentinelle.dz\/index.php\/2023\/04\/01\/fln-a-quand-le-congres\/#article","isPartOf":{"@id":"https:\/\/lasentinelle.dz\/index.php\/2023\/04\/01\/fln-a-quand-le-congres\/"},"author":{"name":"La Sentinelle","@id":"https:\/\/lasentinelle.dz\/#\/schema\/person\/d865044e22e70a75174ce8bcad3acfb3"},"headline":"FLN\u00a0: \u00c0 quand le congr\u00e8s\u00a0?","datePublished":"2023-04-01T21:10:00+00:00","mainEntityOfPage":{"@id":"https:\/\/lasentinelle.dz\/index.php\/2023\/04\/01\/fln-a-quand-le-congres\/"},"wordCount":751,"commentCount":0,"publisher":{"@id":"https:\/\/lasentinelle.dz\/#organization"},"image":{"@id":"https:\/\/lasentinelle.dz\/index.php\/2023\/04\/01\/fln-a-quand-le-congres\/#primaryimage"},"thumbnailUrl":"https:\/\/lasentinelle.dz\/wp-content\/uploads\/2023\/04\/FLN.png","articleSection":["\u00c0 la Une","Actualit\u00e9"],"inLanguage":"fr-FR","potentialAction":[{"@type":"CommentAction","name":"Comment","target":["https:\/\/lasentinelle.dz\/index.php\/2023\/04\/01\/fln-a-quand-le-congres\/#respond"]}]},{"@type":"WebPage","@id":"https:\/\/lasentinelle.dz\/index.php\/2023\/04\/01\/fln-a-quand-le-congres\/","url":"https:\/\/lasentinelle.dz\/index.php\/2023\/04\/01\/fln-a-quand-le-congres\/","name":"FLN\u00a0: \u00c0 quand le congr\u00e8s\u00a0? - La Sentinelle","isPartOf":{"@id":"https:\/\/lasentinelle.dz\/#website"},"primaryImageOfPage":{"@id":"https:\/\/lasentinelle.dz\/index.php\/2023\/04\/01\/fln-a-quand-le-congres\/#primaryimage"},"image":{"@id":"https:\/\/lasentinelle.dz\/index.php\/2023\/04\/01\/fln-a-quand-le-congres\/#primaryimage"},"thumbnailUrl":"https:\/\/lasentinelle.dz\/wp-content\/uploads\/2023\/04\/FLN.png","datePublished":"2023-04-01T21:10:00+00:00","breadcrumb":{"@id":"https:\/\/lasentinelle.dz\/index.php\/2023\/04\/01\/fln-a-quand-le-congres\/#breadcrumb"},"inLanguage":"fr-FR","potentialAction":[{"@type":"ReadAction","target":["https:\/\/lasentinelle.dz\/index.php\/2023\/04\/01\/fln-a-quand-le-congres\/"]}]},{"@type":"ImageObject","inLanguage":"fr-FR","@id":"https:\/\/lasentinelle.dz\/index.php\/2023\/04\/01\/fln-a-quand-le-congres\/#primaryimage","url":"https:\/\/lasentinelle.dz\/wp-content\/uploads\/2023\/04\/FLN.png","contentUrl":"https:\/\/lasentinelle.dz\/wp-content\/uploads\/2023\/04\/FLN.png","width":1350,"height":900},{"@type":"BreadcrumbList","@id":"https:\/\/lasentinelle.dz\/index.php\/2023\/04\/01\/fln-a-quand-le-congres\/#breadcrumb","itemListElement":[{"@type":"ListItem","position":1,"name":"Accueil","item":"https:\/\/lasentinelle.dz\/"},{"@type":"ListItem","position":2,"name":"FLN\u00a0: \u00c0 quand le congr\u00e8s\u00a0?"}]},{"@type":"WebSite","@id":"https:\/\/lasentinelle.dz\/#website","url":"https:\/\/lasentinelle.dz\/","name":"La Sentinelle","description":"Quotidien national d&#039;information","publisher":{"@id":"https:\/\/lasentinelle.dz\/#organization"},"potentialAction":[{"@type":"SearchAction","target":{"@type":"EntryPoint","urlTemplate":"https:\/\/lasentinelle.dz\/?s={search_term_string}"},"query-input":{"@type":"PropertyValueSpecification","valueRequired":true,"valueName":"search_term_string"}}],"inLanguage":"fr-FR"},{"@type":"Organization","@id":"https:\/\/lasentinelle.dz\/#organization","name":"Quotidien La Sentinelle","url":"https:\/\/lasentinelle.dz\/","logo":{"@type":"ImageObject","inLanguage":"fr-FR","@id":"https:\/\/lasentinelle.dz\/#\/schema\/logo\/image\/","url":"https:\/\/lasentinelle.dz\/wp-content\/uploads\/2021\/09\/logo-sentinelleSLOGAN-1.png","contentUrl":"https:\/\/lasentinelle.dz\/wp-content\/uploads\/2021\/09\/logo-sentinelleSLOGAN-1.png","width":615,"height":142,"caption":"Quotidien La Sentinelle"},"image":{"@id":"https:\/\/lasentinelle.dz\/#\/schema\/logo\/image\/"},"sameAs":["https:\/\/www.facebook.com\/La-Sentinelle-104059864394773"]},{"@type":"Person","@id":"https:\/\/lasentinelle.dz\/#\/schema\/person\/d865044e22e70a75174ce8bcad3acfb3","name":"La Sentinelle","image":{"@type":"ImageObject","inLanguage":"fr-FR","@id":"https:\/\/secure.gravatar.com\/avatar\/57de8e5d4b15d43fb361a71fbb36338450fe67865b528a43dd10ef7c51a20392?s=96&d=mm&r=g","url":"https:\/\/secure.gravatar.com\/avatar\/57de8e5d4b15d43fb361a71fbb36338450fe67865b528a43dd10ef7c51a20392?s=96&d=mm&r=g","contentUrl":"https:\/\/secure.gravatar.com\/avatar\/57de8e5d4b15d43fb361a71fbb36338450fe67865b528a43dd10ef7c51a20392?s=96&d=mm&r=g","caption":"La Sentinelle"},"sameAs":["http:\/\/www.lasentinelle.dz"],"url":"https:\/\/lasentinelle.dz\/author\/redaction\/"}]}},"_links":{"self":[{"href":"https:\/\/lasentinelle.dz\/index.php\/wp-json\/wp\/v2\/posts\/38761","targetHints":{"allow":["GET"]}}],"collection":[{"href":"https:\/\/lasentinelle.dz\/index.php\/wp-json\/wp\/v2\/posts"}],"about":[{"href":"https:\/\/lasentinelle.dz\/index.php\/wp-json\/wp\/v2\/types\/post"}],"author":[{"embeddable":true,"href":"https:\/\/lasentinelle.dz\/index.php\/wp-json\/wp\/v2\/users\/3"}],"replies":[{"embeddable":true,"href":"https:\/\/lasentinelle.dz\/index.php\/wp-json\/wp\/v2\/comments?post=38761"}],"version-history":[{"count":2,"href":"https:\/\/lasentinelle.dz\/index.php\/wp-json\/wp\/v2\/posts\/38761\/revisions"}],"predecessor-version":[{"id":38787,"href":"https:\/\/lasentinelle.dz\/index.php\/wp-json\/wp\/v2\/posts\/38761\/revisions\/38787"}],"wp:featuredmedia":[{"embeddable":true,"href":"https:\/\/lasentinelle.dz\/index.php\/wp-json\/wp\/v2\/media\/38763"}],"wp:attachment":[{"href":"https:\/\/lasentinelle.dz\/index.php\/wp-json\/wp\/v2\/media?parent=38761"}],"wp:term":[{"taxonomy":"category","embeddable":true,"href":"https:\/\/lasentinelle.dz\/index.php\/wp-json\/wp\/v2\/categories?post=38761"},{"taxonomy":"post_tag","embeddable":true,"href":"https:\/\/lasentinelle.dz\/index.php\/wp-json\/wp\/v2\/tags?post=38761"}],"curies":[{"name":"wp","href":"https:\/\/api.w.org\/{rel}","templated":true}]}}