{"id":3884,"date":"2021-08-10T14:48:19","date_gmt":"2021-08-10T13:48:19","guid":{"rendered":"https:\/\/lasentinelle.dz\/?p=3884"},"modified":"2021-08-10T14:48:19","modified_gmt":"2021-08-10T13:48:19","slug":"dr-said-djamel-neurochirurgien-le-coronavirus-peut-avoir-des-effets-neurologiques-a-long-terme","status":"publish","type":"post","link":"https:\/\/lasentinelle.dz\/index.php\/2021\/08\/10\/dr-said-djamel-neurochirurgien-le-coronavirus-peut-avoir-des-effets-neurologiques-a-long-terme\/","title":{"rendered":"Dr. Said Djamel, neurochirurgien  : \u00abLe coronavirus peut avoir des effets neurologiques \u00e0 long terme\u00bb"},"content":{"rendered":"\n<p>On croit toujours que la pand\u00e9mie du coronavirus ne peut se manifester que sous les formes d\u00e9j\u00e0 connues, comme celles li\u00e9es \u00e0 des complications respiratoires, la perte de l\u2019odorat, la fi\u00e8vre et des diarrh\u00e9es\u2026.<br>Or, le Covid-19 peut \u00e9galement se manifester sous une forme neurologique. C\u2019est du moins ce qu\u2019a indiqu\u00e9 le docteur Said Djamel sp\u00e9cialiste en chirurgie neurologique au niveau de l\u2019h\u00f4pital des fr\u00e8res Boukhachm \u00e0 Oued El Athmania dans la wilaya de Mila. Selon ce neurologue, des \u00e9tudes ont \u00e9t\u00e9 \u00e9tablies par des \u00e9quipes m\u00e9dicales, qui lancent un avertissement \u00e0 travers lequel des cliniciens, des radiologues et des neurologues affirment que cette maladie peut \u00e9galement se manifester sous une forme neurologique.<br>Selon le rapport \u00e9tabli par ces \u00e9quipes m\u00e9dicales qui ont pass\u00e9 plusieurs semaines \u00e0 surveiller la progression de l\u2019infection du coronavirus, ces manifestations neurologiques, s\u2019ajoutent aux l\u00e9sions cardiologiques, h\u00e9patiques, r\u00e9nales, ophtalmologiques, ORL, dermatologiques r\u00e9cemment d\u00e9crites.<br>Selon le sp\u00e9cialiste en neurochirurgie \u00e0 l\u2019EPH de Oued Al Othmania, \u00ab le covid affecte n\u00e9gativement le syst\u00e8me nerveux central humain \u00bb, expliquant sur les ondes de la radio El Hidhab de S\u00e9tif que \u00ab de nombreuses \u00e9tudes ont confirm\u00e9 que le cerveau des personnes infect\u00e9es par le virus est significativement affect\u00e9 par ses diff\u00e9rents variants\u00bb. Et de pr\u00e9ciser que \u00ab de nombreuses complications ont \u00e9t\u00e9 enregistr\u00e9es en raison de la perte de certaines fonctions vitales, m\u00eame apr\u00e8s que les patients atteints soient r\u00e9tablis en raison de l\u00e9sions de certaines zones du cerveau \u00bb.<br>Le neurochirurgien ajoute dans le m\u00eame sens que \u00ab la forte fi\u00e8vre et le manque d\u2019oxyg\u00e8ne provoquent des d\u00e9s\u00e9quilibres majeurs dans le travail du cerveau, affectant ses fonctions de bases \u00bb. C\u2019est en provoquant une diminution et un r\u00e9tr\u00e9cissement de la mati\u00e8re grise, dans le cerveau, chez certaines personnes affect\u00e9es par le covid, \u00ab mati\u00e8re qui est responsable de la conscience humaine, qui provoque un d\u00e9s\u00e9quilibre dans certaines fonctions cognitives, telles que l\u2019oubli, la perte de concentration, la confusion et le d\u00e9sordre chez les patients infect\u00e9s par ce virus, m\u00eame apr\u00e8s avoir quitt\u00e9 l\u2019h\u00f4pital \u00bb.<br>Le docteur Djamel Said tient \u00e0 expliquer que \u00ab la mati\u00e8re grise est l\u2019un des \u00e9l\u00e9ments de base du syst\u00e8me nerveux central et est une cl\u00e9 de traitement de l\u2019information et tout d\u00e9s\u00e9quilibre de son volume affecte la qualit\u00e9 des fonctions des neurones et de la communication entre eux \u00bb. Et d\u2019ajouter que \u00ab de nombreuses complications affectent principalement le centre nerveux du tronc c\u00e9r\u00e9bral, qui sont responsables des fonctions de bases vitales, notamment l\u2019ajustement du rythme respiratoire et cardiaque en plus de contr\u00f4ler le niveau de pression art\u00e9rielle \u00bb, soulignant que \u00ab le coronavirus peut d\u00e9truire les minuscules vaisseaux sanguins du cerveau \u00bb.<br>Il affirmera que \u00ab le manque d\u2019oxyg\u00e8ne dans le cerveau des patients atteints de covid provoque de nombreux probl\u00e8mes qui affectent le syst\u00e8me nerveux humain \u00bb, expliquant que \u00ab les neurones ne sont pas comme les autres cellules ; ils ne se renouvellent pas et s\u2019ils sont endommag\u00e9s ou affect\u00e9s ils peuvent perdre leur fonction, totalement ou partiellement \u00bb. Concernant la perte de l\u2019odorat ou du go\u00fbt, elle peut selon ce neurologue \u00eatre d\u00e9finitive ou temporaire compte tenu du degr\u00e9 du dommage subi pour chaque patient, affirmant que le covid \u00ab affecte le syst\u00e8me nerveux central et provoque des sympt\u00f4mes et des complications qui incluent les vertiges, une alt\u00e9ration de la conscience, une enc\u00e9phalite et m\u00eame un accident vasculaire c\u00e9r\u00e9bral en particulier chez les personnes \u00e0 haut risque , comme les enfants, les personnes \u00e2g\u00e9es et les personnels de sant\u00e9 \u00bb.<br>Il indiquera qu\u2019 \u00ab \u00eatre r\u00e9tabli apr\u00e8s une infection ne signifie pas que l\u2019on est immunis\u00e9 \u00e0 jamais, certaines personnes r\u00e9tablies continuent de souffrir d\u2019une infection au covid et d\u2019autres sympt\u00f4mes non classiques peuvent apparaitre, ce qui peut laisser des traces plusieurs mois apr\u00e8s la gu\u00e9rison comme notamment la fatigue et des sympt\u00f4mes respiratoires et nerveux \u00bb.<br>Il soulignera aussi qu\u2019 \u00ab un traitement psychologique et neurologique doit \u00eatre \u00e9labor\u00e9 pour ceux qui ont contract\u00e9 le coronavirus \u00e0 court et moyen termes, afin de les soulager, en particulier ceux qui ont perdu des proches victimes \u00e0 cause de cette pand\u00e9mie \u00bb.<br>Concernant la vaccination, le neurochirurgien a appel\u00e9 les citoyens \u00e0 se faire vacciner affirmant que \u00ab la vaccination est une n\u00e9cessit\u00e9 absolue pour limiter la propagation du virus et valoriser les efforts des personnels de la sant\u00e9 \u00bb.<br>Boubekeur Amrani<\/p>\n","protected":false},"excerpt":{"rendered":"<p>On croit toujours que la pand\u00e9mie du coronavirus ne peut se manifester que sous les formes d\u00e9j\u00e0 connues, comme celles<\/p>\n","protected":false},"author":2,"featured_media":0,"comment_status":"open","ping_status":"closed","sticky":false,"template":"","format":"standard","meta":{"colormag_page_container_layout":"default_layout","colormag_page_sidebar_layout":"default_layout","om_disable_all_campaigns":false,"_monsterinsights_skip_tracking":false,"_monsterinsights_sitenote_active":false,"_monsterinsights_sitenote_note":"","_monsterinsights_sitenote_category":0,"footnotes":"","_wpscppro_dont_share_socialmedia":false,"_wpscppro_custom_social_share_image":0,"_facebook_share_type":"","_twitter_share_type":"","_linkedin_share_type":"","_pinterest_share_type":"","_linkedin_share_type_page":"","_instagram_share_type":"","_medium_share_type":"","_threads_share_type":"","_google_business_share_type":"","_selected_social_profile":[],"_wpsp_enable_custom_social_template":false,"_wpsp_social_scheduling":{"enabled":false,"datetime":null,"platforms":[],"status":"template_only","dateOption":"today","timeOption":"now","customDays":"","customHours":"","customDate":"","customTime":"","schedulingType":"absolute"},"_wpsp_active_default_template":true},"categories":[27],"tags":[],"class_list":["post-3884","post","type-post","status-publish","format-standard","hentry","category-actualite"],"aioseo_notices":[],"yoast_head":"<!-- This site is optimized with the Yoast SEO plugin v27.5 - https:\/\/yoast.com\/product\/yoast-seo-wordpress\/ -->\n<title>Dr. Said Djamel, neurochirurgien : \u00abLe coronavirus peut avoir des effets neurologiques \u00e0 long terme\u00bb - La Sentinelle<\/title>\n<meta name=\"robots\" content=\"index, follow, max-snippet:-1, max-image-preview:large, max-video-preview:-1\" \/>\n<link rel=\"canonical\" href=\"https:\/\/lasentinelle.dz\/index.php\/2021\/08\/10\/dr-said-djamel-neurochirurgien-le-coronavirus-peut-avoir-des-effets-neurologiques-a-long-terme\/\" \/>\n<meta property=\"og:locale\" content=\"fr_FR\" \/>\n<meta property=\"og:type\" content=\"article\" \/>\n<meta property=\"og:title\" content=\"Dr. Said Djamel, neurochirurgien : \u00abLe coronavirus peut avoir des effets neurologiques \u00e0 long terme\u00bb - La Sentinelle\" \/>\n<meta property=\"og:description\" content=\"On croit toujours que la pand\u00e9mie du coronavirus ne peut se manifester que sous les formes d\u00e9j\u00e0 connues, comme celles\" \/>\n<meta property=\"og:url\" content=\"https:\/\/lasentinelle.dz\/index.php\/2021\/08\/10\/dr-said-djamel-neurochirurgien-le-coronavirus-peut-avoir-des-effets-neurologiques-a-long-terme\/\" \/>\n<meta property=\"og:site_name\" content=\"La Sentinelle\" \/>\n<meta property=\"article:publisher\" content=\"https:\/\/www.facebook.com\/La-Sentinelle-104059864394773\" \/>\n<meta property=\"article:published_time\" content=\"2021-08-10T13:48:19+00:00\" \/>\n<meta name=\"author\" content=\"Azzedine Belferag\" \/>\n<meta name=\"twitter:card\" content=\"summary_large_image\" \/>\n<meta name=\"twitter:label1\" content=\"\u00c9crit par\" \/>\n\t<meta name=\"twitter:data1\" content=\"Azzedine Belferag\" \/>\n\t<meta name=\"twitter:label2\" content=\"Dur\u00e9e de lecture estim\u00e9e\" \/>\n\t<meta name=\"twitter:data2\" content=\"4 minutes\" \/>\n<script type=\"application\/ld+json\" class=\"yoast-schema-graph\">{\"@context\":\"https:\\\/\\\/schema.org\",\"@graph\":[{\"@type\":\"Article\",\"@id\":\"https:\\\/\\\/lasentinelle.dz\\\/index.php\\\/2021\\\/08\\\/10\\\/dr-said-djamel-neurochirurgien-le-coronavirus-peut-avoir-des-effets-neurologiques-a-long-terme\\\/#article\",\"isPartOf\":{\"@id\":\"https:\\\/\\\/lasentinelle.dz\\\/index.php\\\/2021\\\/08\\\/10\\\/dr-said-djamel-neurochirurgien-le-coronavirus-peut-avoir-des-effets-neurologiques-a-long-terme\\\/\"},\"author\":{\"name\":\"Azzedine Belferag\",\"@id\":\"https:\\\/\\\/lasentinelle.dz\\\/#\\\/schema\\\/person\\\/e22c868643946ece5f328ac9d185b29f\"},\"headline\":\"Dr. Said Djamel, neurochirurgien : \u00abLe coronavirus peut avoir des effets neurologiques \u00e0 long terme\u00bb\",\"datePublished\":\"2021-08-10T13:48:19+00:00\",\"mainEntityOfPage\":{\"@id\":\"https:\\\/\\\/lasentinelle.dz\\\/index.php\\\/2021\\\/08\\\/10\\\/dr-said-djamel-neurochirurgien-le-coronavirus-peut-avoir-des-effets-neurologiques-a-long-terme\\\/\"},\"wordCount\":795,\"commentCount\":0,\"publisher\":{\"@id\":\"https:\\\/\\\/lasentinelle.dz\\\/#organization\"},\"articleSection\":[\"Actualit\u00e9\"],\"inLanguage\":\"fr-FR\",\"potentialAction\":[{\"@type\":\"CommentAction\",\"name\":\"Comment\",\"target\":[\"https:\\\/\\\/lasentinelle.dz\\\/index.php\\\/2021\\\/08\\\/10\\\/dr-said-djamel-neurochirurgien-le-coronavirus-peut-avoir-des-effets-neurologiques-a-long-terme\\\/#respond\"]}]},{\"@type\":\"WebPage\",\"@id\":\"https:\\\/\\\/lasentinelle.dz\\\/index.php\\\/2021\\\/08\\\/10\\\/dr-said-djamel-neurochirurgien-le-coronavirus-peut-avoir-des-effets-neurologiques-a-long-terme\\\/\",\"url\":\"https:\\\/\\\/lasentinelle.dz\\\/index.php\\\/2021\\\/08\\\/10\\\/dr-said-djamel-neurochirurgien-le-coronavirus-peut-avoir-des-effets-neurologiques-a-long-terme\\\/\",\"name\":\"Dr. Said Djamel, neurochirurgien : \u00abLe coronavirus peut avoir des effets neurologiques \u00e0 long terme\u00bb - La Sentinelle\",\"isPartOf\":{\"@id\":\"https:\\\/\\\/lasentinelle.dz\\\/#website\"},\"datePublished\":\"2021-08-10T13:48:19+00:00\",\"breadcrumb\":{\"@id\":\"https:\\\/\\\/lasentinelle.dz\\\/index.php\\\/2021\\\/08\\\/10\\\/dr-said-djamel-neurochirurgien-le-coronavirus-peut-avoir-des-effets-neurologiques-a-long-terme\\\/#breadcrumb\"},\"inLanguage\":\"fr-FR\",\"potentialAction\":[{\"@type\":\"ReadAction\",\"target\":[\"https:\\\/\\\/lasentinelle.dz\\\/index.php\\\/2021\\\/08\\\/10\\\/dr-said-djamel-neurochirurgien-le-coronavirus-peut-avoir-des-effets-neurologiques-a-long-terme\\\/\"]}]},{\"@type\":\"BreadcrumbList\",\"@id\":\"https:\\\/\\\/lasentinelle.dz\\\/index.php\\\/2021\\\/08\\\/10\\\/dr-said-djamel-neurochirurgien-le-coronavirus-peut-avoir-des-effets-neurologiques-a-long-terme\\\/#breadcrumb\",\"itemListElement\":[{\"@type\":\"ListItem\",\"position\":1,\"name\":\"Accueil\",\"item\":\"https:\\\/\\\/lasentinelle.dz\\\/\"},{\"@type\":\"ListItem\",\"position\":2,\"name\":\"Dr. Said Djamel, neurochirurgien : \u00abLe coronavirus peut avoir des effets neurologiques \u00e0 long terme\u00bb\"}]},{\"@type\":\"WebSite\",\"@id\":\"https:\\\/\\\/lasentinelle.dz\\\/#website\",\"url\":\"https:\\\/\\\/lasentinelle.dz\\\/\",\"name\":\"La Sentinelle\",\"description\":\"Quotidien national d&#039;information\",\"publisher\":{\"@id\":\"https:\\\/\\\/lasentinelle.dz\\\/#organization\"},\"potentialAction\":[{\"@type\":\"SearchAction\",\"target\":{\"@type\":\"EntryPoint\",\"urlTemplate\":\"https:\\\/\\\/lasentinelle.dz\\\/?s={search_term_string}\"},\"query-input\":{\"@type\":\"PropertyValueSpecification\",\"valueRequired\":true,\"valueName\":\"search_term_string\"}}],\"inLanguage\":\"fr-FR\"},{\"@type\":\"Organization\",\"@id\":\"https:\\\/\\\/lasentinelle.dz\\\/#organization\",\"name\":\"Quotidien La Sentinelle\",\"url\":\"https:\\\/\\\/lasentinelle.dz\\\/\",\"logo\":{\"@type\":\"ImageObject\",\"inLanguage\":\"fr-FR\",\"@id\":\"https:\\\/\\\/lasentinelle.dz\\\/#\\\/schema\\\/logo\\\/image\\\/\",\"url\":\"https:\\\/\\\/lasentinelle.dz\\\/wp-content\\\/uploads\\\/2021\\\/09\\\/logo-sentinelleSLOGAN-1.png\",\"contentUrl\":\"https:\\\/\\\/lasentinelle.dz\\\/wp-content\\\/uploads\\\/2021\\\/09\\\/logo-sentinelleSLOGAN-1.png\",\"width\":615,\"height\":142,\"caption\":\"Quotidien La Sentinelle\"},\"image\":{\"@id\":\"https:\\\/\\\/lasentinelle.dz\\\/#\\\/schema\\\/logo\\\/image\\\/\"},\"sameAs\":[\"https:\\\/\\\/www.facebook.com\\\/La-Sentinelle-104059864394773\"]},{\"@type\":\"Person\",\"@id\":\"https:\\\/\\\/lasentinelle.dz\\\/#\\\/schema\\\/person\\\/e22c868643946ece5f328ac9d185b29f\",\"name\":\"Azzedine Belferag\",\"image\":{\"@type\":\"ImageObject\",\"inLanguage\":\"fr-FR\",\"@id\":\"https:\\\/\\\/secure.gravatar.com\\\/avatar\\\/767ecc3bfcf23cd6d0dae1705f124feb13a88fded1daa56498e4fb3aa3fc36a1?s=96&d=mm&r=g\",\"url\":\"https:\\\/\\\/secure.gravatar.com\\\/avatar\\\/767ecc3bfcf23cd6d0dae1705f124feb13a88fded1daa56498e4fb3aa3fc36a1?s=96&d=mm&r=g\",\"contentUrl\":\"https:\\\/\\\/secure.gravatar.com\\\/avatar\\\/767ecc3bfcf23cd6d0dae1705f124feb13a88fded1daa56498e4fb3aa3fc36a1?s=96&d=mm&r=g\",\"caption\":\"Azzedine Belferag\"},\"sameAs\":[\"http:\\\/\\\/www.lasentinelle.dz\"],\"url\":\"https:\\\/\\\/lasentinelle.dz\\\/author\\\/belferag\\\/\"}]}<\/script>\n<!-- \/ Yoast SEO plugin. -->","yoast_head_json":{"title":"Dr. Said Djamel, neurochirurgien : \u00abLe coronavirus peut avoir des effets neurologiques \u00e0 long terme\u00bb - La Sentinelle","robots":{"index":"index","follow":"follow","max-snippet":"max-snippet:-1","max-image-preview":"max-image-preview:large","max-video-preview":"max-video-preview:-1"},"canonical":"https:\/\/lasentinelle.dz\/index.php\/2021\/08\/10\/dr-said-djamel-neurochirurgien-le-coronavirus-peut-avoir-des-effets-neurologiques-a-long-terme\/","og_locale":"fr_FR","og_type":"article","og_title":"Dr. Said Djamel, neurochirurgien : \u00abLe coronavirus peut avoir des effets neurologiques \u00e0 long terme\u00bb - La Sentinelle","og_description":"On croit toujours que la pand\u00e9mie du coronavirus ne peut se manifester que sous les formes d\u00e9j\u00e0 connues, comme celles","og_url":"https:\/\/lasentinelle.dz\/index.php\/2021\/08\/10\/dr-said-djamel-neurochirurgien-le-coronavirus-peut-avoir-des-effets-neurologiques-a-long-terme\/","og_site_name":"La Sentinelle","article_publisher":"https:\/\/www.facebook.com\/La-Sentinelle-104059864394773","article_published_time":"2021-08-10T13:48:19+00:00","author":"Azzedine Belferag","twitter_card":"summary_large_image","twitter_misc":{"\u00c9crit par":"Azzedine Belferag","Dur\u00e9e de lecture estim\u00e9e":"4 minutes"},"schema":{"@context":"https:\/\/schema.org","@graph":[{"@type":"Article","@id":"https:\/\/lasentinelle.dz\/index.php\/2021\/08\/10\/dr-said-djamel-neurochirurgien-le-coronavirus-peut-avoir-des-effets-neurologiques-a-long-terme\/#article","isPartOf":{"@id":"https:\/\/lasentinelle.dz\/index.php\/2021\/08\/10\/dr-said-djamel-neurochirurgien-le-coronavirus-peut-avoir-des-effets-neurologiques-a-long-terme\/"},"author":{"name":"Azzedine Belferag","@id":"https:\/\/lasentinelle.dz\/#\/schema\/person\/e22c868643946ece5f328ac9d185b29f"},"headline":"Dr. Said Djamel, neurochirurgien : \u00abLe coronavirus peut avoir des effets neurologiques \u00e0 long terme\u00bb","datePublished":"2021-08-10T13:48:19+00:00","mainEntityOfPage":{"@id":"https:\/\/lasentinelle.dz\/index.php\/2021\/08\/10\/dr-said-djamel-neurochirurgien-le-coronavirus-peut-avoir-des-effets-neurologiques-a-long-terme\/"},"wordCount":795,"commentCount":0,"publisher":{"@id":"https:\/\/lasentinelle.dz\/#organization"},"articleSection":["Actualit\u00e9"],"inLanguage":"fr-FR","potentialAction":[{"@type":"CommentAction","name":"Comment","target":["https:\/\/lasentinelle.dz\/index.php\/2021\/08\/10\/dr-said-djamel-neurochirurgien-le-coronavirus-peut-avoir-des-effets-neurologiques-a-long-terme\/#respond"]}]},{"@type":"WebPage","@id":"https:\/\/lasentinelle.dz\/index.php\/2021\/08\/10\/dr-said-djamel-neurochirurgien-le-coronavirus-peut-avoir-des-effets-neurologiques-a-long-terme\/","url":"https:\/\/lasentinelle.dz\/index.php\/2021\/08\/10\/dr-said-djamel-neurochirurgien-le-coronavirus-peut-avoir-des-effets-neurologiques-a-long-terme\/","name":"Dr. Said Djamel, neurochirurgien : \u00abLe coronavirus peut avoir des effets neurologiques \u00e0 long terme\u00bb - La Sentinelle","isPartOf":{"@id":"https:\/\/lasentinelle.dz\/#website"},"datePublished":"2021-08-10T13:48:19+00:00","breadcrumb":{"@id":"https:\/\/lasentinelle.dz\/index.php\/2021\/08\/10\/dr-said-djamel-neurochirurgien-le-coronavirus-peut-avoir-des-effets-neurologiques-a-long-terme\/#breadcrumb"},"inLanguage":"fr-FR","potentialAction":[{"@type":"ReadAction","target":["https:\/\/lasentinelle.dz\/index.php\/2021\/08\/10\/dr-said-djamel-neurochirurgien-le-coronavirus-peut-avoir-des-effets-neurologiques-a-long-terme\/"]}]},{"@type":"BreadcrumbList","@id":"https:\/\/lasentinelle.dz\/index.php\/2021\/08\/10\/dr-said-djamel-neurochirurgien-le-coronavirus-peut-avoir-des-effets-neurologiques-a-long-terme\/#breadcrumb","itemListElement":[{"@type":"ListItem","position":1,"name":"Accueil","item":"https:\/\/lasentinelle.dz\/"},{"@type":"ListItem","position":2,"name":"Dr. Said Djamel, neurochirurgien : \u00abLe coronavirus peut avoir des effets neurologiques \u00e0 long terme\u00bb"}]},{"@type":"WebSite","@id":"https:\/\/lasentinelle.dz\/#website","url":"https:\/\/lasentinelle.dz\/","name":"La Sentinelle","description":"Quotidien national d&#039;information","publisher":{"@id":"https:\/\/lasentinelle.dz\/#organization"},"potentialAction":[{"@type":"SearchAction","target":{"@type":"EntryPoint","urlTemplate":"https:\/\/lasentinelle.dz\/?s={search_term_string}"},"query-input":{"@type":"PropertyValueSpecification","valueRequired":true,"valueName":"search_term_string"}}],"inLanguage":"fr-FR"},{"@type":"Organization","@id":"https:\/\/lasentinelle.dz\/#organization","name":"Quotidien La Sentinelle","url":"https:\/\/lasentinelle.dz\/","logo":{"@type":"ImageObject","inLanguage":"fr-FR","@id":"https:\/\/lasentinelle.dz\/#\/schema\/logo\/image\/","url":"https:\/\/lasentinelle.dz\/wp-content\/uploads\/2021\/09\/logo-sentinelleSLOGAN-1.png","contentUrl":"https:\/\/lasentinelle.dz\/wp-content\/uploads\/2021\/09\/logo-sentinelleSLOGAN-1.png","width":615,"height":142,"caption":"Quotidien La Sentinelle"},"image":{"@id":"https:\/\/lasentinelle.dz\/#\/schema\/logo\/image\/"},"sameAs":["https:\/\/www.facebook.com\/La-Sentinelle-104059864394773"]},{"@type":"Person","@id":"https:\/\/lasentinelle.dz\/#\/schema\/person\/e22c868643946ece5f328ac9d185b29f","name":"Azzedine Belferag","image":{"@type":"ImageObject","inLanguage":"fr-FR","@id":"https:\/\/secure.gravatar.com\/avatar\/767ecc3bfcf23cd6d0dae1705f124feb13a88fded1daa56498e4fb3aa3fc36a1?s=96&d=mm&r=g","url":"https:\/\/secure.gravatar.com\/avatar\/767ecc3bfcf23cd6d0dae1705f124feb13a88fded1daa56498e4fb3aa3fc36a1?s=96&d=mm&r=g","contentUrl":"https:\/\/secure.gravatar.com\/avatar\/767ecc3bfcf23cd6d0dae1705f124feb13a88fded1daa56498e4fb3aa3fc36a1?s=96&d=mm&r=g","caption":"Azzedine Belferag"},"sameAs":["http:\/\/www.lasentinelle.dz"],"url":"https:\/\/lasentinelle.dz\/author\/belferag\/"}]}},"_links":{"self":[{"href":"https:\/\/lasentinelle.dz\/index.php\/wp-json\/wp\/v2\/posts\/3884","targetHints":{"allow":["GET"]}}],"collection":[{"href":"https:\/\/lasentinelle.dz\/index.php\/wp-json\/wp\/v2\/posts"}],"about":[{"href":"https:\/\/lasentinelle.dz\/index.php\/wp-json\/wp\/v2\/types\/post"}],"author":[{"embeddable":true,"href":"https:\/\/lasentinelle.dz\/index.php\/wp-json\/wp\/v2\/users\/2"}],"replies":[{"embeddable":true,"href":"https:\/\/lasentinelle.dz\/index.php\/wp-json\/wp\/v2\/comments?post=3884"}],"version-history":[{"count":1,"href":"https:\/\/lasentinelle.dz\/index.php\/wp-json\/wp\/v2\/posts\/3884\/revisions"}],"predecessor-version":[{"id":3891,"href":"https:\/\/lasentinelle.dz\/index.php\/wp-json\/wp\/v2\/posts\/3884\/revisions\/3891"}],"wp:attachment":[{"href":"https:\/\/lasentinelle.dz\/index.php\/wp-json\/wp\/v2\/media?parent=3884"}],"wp:term":[{"taxonomy":"category","embeddable":true,"href":"https:\/\/lasentinelle.dz\/index.php\/wp-json\/wp\/v2\/categories?post=3884"},{"taxonomy":"post_tag","embeddable":true,"href":"https:\/\/lasentinelle.dz\/index.php\/wp-json\/wp\/v2\/tags?post=3884"}],"curies":[{"name":"wp","href":"https:\/\/api.w.org\/{rel}","templated":true}]}}