{"id":38850,"date":"2023-04-02T22:10:00","date_gmt":"2023-04-02T21:10:00","guid":{"rendered":"https:\/\/lasentinelle.dz\/?p=38850"},"modified":"2023-04-02T20:20:58","modified_gmt":"2023-04-02T19:20:58","slug":"plusieurs-pays-de-lopep-annoncent-des-coupes-volontaires-la-production-de-petrole-sera-reduite-en-mai","status":"publish","type":"post","link":"https:\/\/lasentinelle.dz\/index.php\/2023\/04\/02\/plusieurs-pays-de-lopep-annoncent-des-coupes-volontaires-la-production-de-petrole-sera-reduite-en-mai\/","title":{"rendered":"Plusieurs pays de l\u2019Opep annoncent des coupes volontaires\u00a0: La production de p\u00e9trole sera r\u00e9duite en mai"},"content":{"rendered":"\n<p>C\u2019est une annonce qui a pris tous les analystes march\u00e9s au d\u00e9pourvu. \u00c0 la veille de la r\u00e9union mensuelle du comit\u00e9 minist\u00e9riel de suivi de l\u2019accord Opep+, plusieurs pays ont annonc\u00e9 des coupes volontaires de leur production de p\u00e9trole. Des r\u00e9ductions qui n\u2019entrent pas dans le cadre des quotas fix\u00e9s par l\u2019accord du 5 octobre dernier et qui constituent une mesure pr\u00e9ventive pour stabiliser le march\u00e9 p\u00e9trolier.<\/p>\n\n\n\n<p>En effet, l&rsquo;Alg\u00e9rie, l&rsquo;Arabie saoudite, les Emirats arabes unis, L&rsquo;Irak, et le Kowe\u00eft, ont annonc\u00e9 hier une r\u00e9duction volontaire de leur production de p\u00e9trole, une \u00ab mesure de pr\u00e9caution \u00bb visant \u00e0 stabiliser le march\u00e9.<\/p>\n\n\n\n<p>Un communiqu\u00e9 du minist\u00e8re de l\u2019\u00c9nergie et des Mines a indiqu\u00e9 hier apr\u00e8s-midi que l\u2019Alg\u00e9rie proc\u00e9dera \u00e0 une r\u00e9duction \u00ab volontaire \u00bb de son quota de production de p\u00e9trole de 48.000 barils\/jour, \u00e0 partir de mai prochain et jusqu\u2019\u00e0 la fin de l\u2019ann\u00e9e en cours, en coordination avec certains pays membres de l\u2019OPEP et non-Opep.<\/p>\n\n\n\n<p>. \u00ab Cette r\u00e9duction volontaire est une mesure pr\u00e9ventive qui s\u2019ajoute \u00e0 la r\u00e9duction de la production convenue lors de la 33e r\u00e9union minist\u00e9rielle OPEP et non-OPEP du 5 octobre 2022 \u00bb, souligne le communiqu\u00e9.<\/p>\n\n\n\n<p>Pour leur part, Ryad, Abou Dhabi et le Kowe\u00eft r\u00e9duiront leur production d&rsquo;un total de 772.000 barils par jour (bpj) d\u00e8s mai et ce, jusqu&rsquo;\u00e0 la fin de l&rsquo;ann\u00e9e. Il s&rsquo;agit d&rsquo;une \u00ab mesure de pr\u00e9caution visant \u00e0 soutenir la stabilit\u00e9 du march\u00e9 p\u00e9trolier \u00bb, a indiqu\u00e9 un haut responsable du minist\u00e8re saoudien de l&rsquo;Energie, selon l&rsquo;agence de presse officielle saoudienne SPA.<\/p>\n\n\n\n<p>L&rsquo;Irak, l&rsquo;un des principaux pays producteurs de p\u00e9trole, a \u00e9galement annonc\u00e9 une r\u00e9duction de 211.000 bpj de sa production \u00e0 partir du 1er mai.<\/p>\n\n\n\n<p>&nbsp;Moscou membre de l&rsquo;Opep+ a pour sa part annonc\u00e9 prolonger la r\u00e9duction de sa production de p\u00e9trole brut de 500.000 bpj jusqu&rsquo;\u00e0 la fin de l&rsquo;ann\u00e9e, selon un communiqu\u00e9 du vice-Premier ministre charg\u00e9 de l&rsquo;Energie, Alexandre Novak, qui \u00e9voque une p\u00e9riode d&rsquo;\u00ab incertitude \u00bb sur le march\u00e9 de l&rsquo;or noir. Des annonces qui interviennent \u00e0 la veille de la 48e r\u00e9union du Comit\u00e9 minist\u00e9riel de suivi OPEP et non OPEP (JMMC), alors que la presse financi\u00e8re internationale avait rapport\u00e9 tout au long de la semaine derni\u00e8re un consensus autour du maintien des quotas actuels. Cependant, l\u2019\u00e9volution des cours du brut depuis quelques semaines, et l\u2019acc\u00e9l\u00e9ration de la baisse dans le sillage de la crise bancaire et des craintes qu\u2019elle suscite autour de ses r\u00e9percussions sur l\u2019\u00e9conomie mondiale suscite des inqui\u00e9tudes. Il y a quelques jours le Secr\u00e9taire g\u00e9n\u00e9ral de l\u2019Opep, Ha\u00eftham Al-Ghais avait affich\u00e9 son souhait de voir intervenir une coordination entre les pays producteurs pour se pencher sur la situation du march\u00e9 p\u00e9trolier. En tout \u00e9tat de cause la r\u00e9union du JMMC pr\u00e9vue aujourd\u2019hui \u00ab&nbsp;sera consacr\u00e9e \u00e0 l\u2019examen du niveau de respect des engagements volontaires de limitation de production des pays de la D\u00e9claration de Coop\u00e9ration pour les mois de janvier et f\u00e9vrier 2023&nbsp;\u00bb, a indiqu\u00e9 le minist\u00e8re de l\u2019\u00c9nergie et des Mines. Le d\u00e9partement de Mohamed Arkab a \u00e9galement pr\u00e9cis\u00e9 que \u00ab&nbsp;les ministres en charge du p\u00e9trole au sein du Comit\u00e9 de suivi auront \u00e9galement \u00e0 examiner les conditions et les perspectives d\u2019\u00e9volution \u00e0 court terme du march\u00e9 mondial du p\u00e9trole&nbsp;\u00bb.<\/p>\n\n\n\n<p><strong>Hocine Fadheli<\/strong><\/p>\n","protected":false},"excerpt":{"rendered":"<p>C\u2019est une annonce qui a pris tous les analystes march\u00e9s au d\u00e9pourvu. \u00c0 la veille de la r\u00e9union mensuelle du<\/p>\n","protected":false},"author":3,"featured_media":37935,"comment_status":"open","ping_status":"closed","sticky":false,"template":"","format":"standard","meta":{"colormag_page_container_layout":"default_layout","colormag_page_sidebar_layout":"default_layout","om_disable_all_campaigns":false,"_monsterinsights_skip_tracking":false,"_monsterinsights_sitenote_active":false,"_monsterinsights_sitenote_note":"","_monsterinsights_sitenote_category":0,"footnotes":"","_wpscppro_dont_share_socialmedia":false,"_wpscppro_custom_social_share_image":0,"_facebook_share_type":"","_twitter_share_type":"","_linkedin_share_type":"","_pinterest_share_type":"","_linkedin_share_type_page":"","_instagram_share_type":"","_medium_share_type":"","_threads_share_type":"","_google_business_share_type":"","_selected_social_profile":[],"_wpsp_enable_custom_social_template":false,"_wpsp_social_scheduling":{"enabled":false,"datetime":null,"platforms":[],"status":"template_only","dateOption":"today","timeOption":"now","customDays":"","customHours":"","customDate":"","customTime":"","schedulingType":"absolute"},"_wpsp_active_default_template":true},"categories":[52,29],"tags":[],"class_list":["post-38850","post","type-post","status-publish","format-standard","has-post-thumbnail","hentry","category-a-la-une","category-economie"],"aioseo_notices":[],"yoast_head":"<!-- This site is optimized with the Yoast SEO plugin v27.5 - https:\/\/yoast.com\/product\/yoast-seo-wordpress\/ -->\n<title>Plusieurs pays de l\u2019Opep annoncent des coupes volontaires\u00a0: La production de p\u00e9trole sera r\u00e9duite en mai - La Sentinelle<\/title>\n<meta name=\"robots\" content=\"index, follow, max-snippet:-1, max-image-preview:large, max-video-preview:-1\" \/>\n<link rel=\"canonical\" href=\"https:\/\/lasentinelle.dz\/index.php\/2023\/04\/02\/plusieurs-pays-de-lopep-annoncent-des-coupes-volontaires-la-production-de-petrole-sera-reduite-en-mai\/\" \/>\n<meta property=\"og:locale\" content=\"fr_FR\" \/>\n<meta property=\"og:type\" content=\"article\" \/>\n<meta property=\"og:title\" content=\"Plusieurs pays de l\u2019Opep annoncent des coupes volontaires\u00a0: La production de p\u00e9trole sera r\u00e9duite en mai - La Sentinelle\" \/>\n<meta property=\"og:description\" content=\"C\u2019est une annonce qui a pris tous les analystes march\u00e9s au d\u00e9pourvu. \u00c0 la veille de la r\u00e9union mensuelle du\" \/>\n<meta property=\"og:url\" content=\"https:\/\/lasentinelle.dz\/index.php\/2023\/04\/02\/plusieurs-pays-de-lopep-annoncent-des-coupes-volontaires-la-production-de-petrole-sera-reduite-en-mai\/\" \/>\n<meta property=\"og:site_name\" content=\"La Sentinelle\" \/>\n<meta property=\"article:publisher\" content=\"https:\/\/www.facebook.com\/La-Sentinelle-104059864394773\" \/>\n<meta property=\"article:published_time\" content=\"2023-04-02T21:10:00+00:00\" \/>\n<meta property=\"og:image\" content=\"https:\/\/lasentinelle.dz\/wp-content\/uploads\/2023\/03\/opep-1.png\" \/>\n\t<meta property=\"og:image:width\" content=\"1351\" \/>\n\t<meta property=\"og:image:height\" content=\"900\" \/>\n\t<meta property=\"og:image:type\" content=\"image\/png\" \/>\n<meta name=\"author\" content=\"La Sentinelle\" \/>\n<meta name=\"twitter:card\" content=\"summary_large_image\" \/>\n<meta name=\"twitter:label1\" content=\"\u00c9crit par\" \/>\n\t<meta name=\"twitter:data1\" content=\"La Sentinelle\" \/>\n\t<meta name=\"twitter:label2\" content=\"Dur\u00e9e de lecture estim\u00e9e\" \/>\n\t<meta name=\"twitter:data2\" content=\"3 minutes\" \/>\n<script type=\"application\/ld+json\" class=\"yoast-schema-graph\">{\"@context\":\"https:\\\/\\\/schema.org\",\"@graph\":[{\"@type\":\"Article\",\"@id\":\"https:\\\/\\\/lasentinelle.dz\\\/index.php\\\/2023\\\/04\\\/02\\\/plusieurs-pays-de-lopep-annoncent-des-coupes-volontaires-la-production-de-petrole-sera-reduite-en-mai\\\/#article\",\"isPartOf\":{\"@id\":\"https:\\\/\\\/lasentinelle.dz\\\/index.php\\\/2023\\\/04\\\/02\\\/plusieurs-pays-de-lopep-annoncent-des-coupes-volontaires-la-production-de-petrole-sera-reduite-en-mai\\\/\"},\"author\":{\"name\":\"La Sentinelle\",\"@id\":\"https:\\\/\\\/lasentinelle.dz\\\/#\\\/schema\\\/person\\\/d865044e22e70a75174ce8bcad3acfb3\"},\"headline\":\"Plusieurs pays de l\u2019Opep annoncent des coupes volontaires\u00a0: La production de p\u00e9trole sera r\u00e9duite en mai\",\"datePublished\":\"2023-04-02T21:10:00+00:00\",\"mainEntityOfPage\":{\"@id\":\"https:\\\/\\\/lasentinelle.dz\\\/index.php\\\/2023\\\/04\\\/02\\\/plusieurs-pays-de-lopep-annoncent-des-coupes-volontaires-la-production-de-petrole-sera-reduite-en-mai\\\/\"},\"wordCount\":625,\"commentCount\":0,\"publisher\":{\"@id\":\"https:\\\/\\\/lasentinelle.dz\\\/#organization\"},\"image\":{\"@id\":\"https:\\\/\\\/lasentinelle.dz\\\/index.php\\\/2023\\\/04\\\/02\\\/plusieurs-pays-de-lopep-annoncent-des-coupes-volontaires-la-production-de-petrole-sera-reduite-en-mai\\\/#primaryimage\"},\"thumbnailUrl\":\"https:\\\/\\\/lasentinelle.dz\\\/wp-content\\\/uploads\\\/2023\\\/03\\\/opep-1.png\",\"articleSection\":[\"\u00c0 la Une\",\"\u00c9conomie\"],\"inLanguage\":\"fr-FR\",\"potentialAction\":[{\"@type\":\"CommentAction\",\"name\":\"Comment\",\"target\":[\"https:\\\/\\\/lasentinelle.dz\\\/index.php\\\/2023\\\/04\\\/02\\\/plusieurs-pays-de-lopep-annoncent-des-coupes-volontaires-la-production-de-petrole-sera-reduite-en-mai\\\/#respond\"]}]},{\"@type\":\"WebPage\",\"@id\":\"https:\\\/\\\/lasentinelle.dz\\\/index.php\\\/2023\\\/04\\\/02\\\/plusieurs-pays-de-lopep-annoncent-des-coupes-volontaires-la-production-de-petrole-sera-reduite-en-mai\\\/\",\"url\":\"https:\\\/\\\/lasentinelle.dz\\\/index.php\\\/2023\\\/04\\\/02\\\/plusieurs-pays-de-lopep-annoncent-des-coupes-volontaires-la-production-de-petrole-sera-reduite-en-mai\\\/\",\"name\":\"Plusieurs pays de l\u2019Opep annoncent des coupes volontaires\u00a0: La production de p\u00e9trole sera r\u00e9duite en mai - La Sentinelle\",\"isPartOf\":{\"@id\":\"https:\\\/\\\/lasentinelle.dz\\\/#website\"},\"primaryImageOfPage\":{\"@id\":\"https:\\\/\\\/lasentinelle.dz\\\/index.php\\\/2023\\\/04\\\/02\\\/plusieurs-pays-de-lopep-annoncent-des-coupes-volontaires-la-production-de-petrole-sera-reduite-en-mai\\\/#primaryimage\"},\"image\":{\"@id\":\"https:\\\/\\\/lasentinelle.dz\\\/index.php\\\/2023\\\/04\\\/02\\\/plusieurs-pays-de-lopep-annoncent-des-coupes-volontaires-la-production-de-petrole-sera-reduite-en-mai\\\/#primaryimage\"},\"thumbnailUrl\":\"https:\\\/\\\/lasentinelle.dz\\\/wp-content\\\/uploads\\\/2023\\\/03\\\/opep-1.png\",\"datePublished\":\"2023-04-02T21:10:00+00:00\",\"breadcrumb\":{\"@id\":\"https:\\\/\\\/lasentinelle.dz\\\/index.php\\\/2023\\\/04\\\/02\\\/plusieurs-pays-de-lopep-annoncent-des-coupes-volontaires-la-production-de-petrole-sera-reduite-en-mai\\\/#breadcrumb\"},\"inLanguage\":\"fr-FR\",\"potentialAction\":[{\"@type\":\"ReadAction\",\"target\":[\"https:\\\/\\\/lasentinelle.dz\\\/index.php\\\/2023\\\/04\\\/02\\\/plusieurs-pays-de-lopep-annoncent-des-coupes-volontaires-la-production-de-petrole-sera-reduite-en-mai\\\/\"]}]},{\"@type\":\"ImageObject\",\"inLanguage\":\"fr-FR\",\"@id\":\"https:\\\/\\\/lasentinelle.dz\\\/index.php\\\/2023\\\/04\\\/02\\\/plusieurs-pays-de-lopep-annoncent-des-coupes-volontaires-la-production-de-petrole-sera-reduite-en-mai\\\/#primaryimage\",\"url\":\"https:\\\/\\\/lasentinelle.dz\\\/wp-content\\\/uploads\\\/2023\\\/03\\\/opep-1.png\",\"contentUrl\":\"https:\\\/\\\/lasentinelle.dz\\\/wp-content\\\/uploads\\\/2023\\\/03\\\/opep-1.png\",\"width\":1351,\"height\":900},{\"@type\":\"BreadcrumbList\",\"@id\":\"https:\\\/\\\/lasentinelle.dz\\\/index.php\\\/2023\\\/04\\\/02\\\/plusieurs-pays-de-lopep-annoncent-des-coupes-volontaires-la-production-de-petrole-sera-reduite-en-mai\\\/#breadcrumb\",\"itemListElement\":[{\"@type\":\"ListItem\",\"position\":1,\"name\":\"Accueil\",\"item\":\"https:\\\/\\\/lasentinelle.dz\\\/\"},{\"@type\":\"ListItem\",\"position\":2,\"name\":\"Plusieurs pays de l\u2019Opep annoncent des coupes volontaires\u00a0: La production de p\u00e9trole sera r\u00e9duite en mai\"}]},{\"@type\":\"WebSite\",\"@id\":\"https:\\\/\\\/lasentinelle.dz\\\/#website\",\"url\":\"https:\\\/\\\/lasentinelle.dz\\\/\",\"name\":\"La Sentinelle\",\"description\":\"Quotidien national d&#039;information\",\"publisher\":{\"@id\":\"https:\\\/\\\/lasentinelle.dz\\\/#organization\"},\"potentialAction\":[{\"@type\":\"SearchAction\",\"target\":{\"@type\":\"EntryPoint\",\"urlTemplate\":\"https:\\\/\\\/lasentinelle.dz\\\/?s={search_term_string}\"},\"query-input\":{\"@type\":\"PropertyValueSpecification\",\"valueRequired\":true,\"valueName\":\"search_term_string\"}}],\"inLanguage\":\"fr-FR\"},{\"@type\":\"Organization\",\"@id\":\"https:\\\/\\\/lasentinelle.dz\\\/#organization\",\"name\":\"Quotidien La Sentinelle\",\"url\":\"https:\\\/\\\/lasentinelle.dz\\\/\",\"logo\":{\"@type\":\"ImageObject\",\"inLanguage\":\"fr-FR\",\"@id\":\"https:\\\/\\\/lasentinelle.dz\\\/#\\\/schema\\\/logo\\\/image\\\/\",\"url\":\"https:\\\/\\\/lasentinelle.dz\\\/wp-content\\\/uploads\\\/2021\\\/09\\\/logo-sentinelleSLOGAN-1.png\",\"contentUrl\":\"https:\\\/\\\/lasentinelle.dz\\\/wp-content\\\/uploads\\\/2021\\\/09\\\/logo-sentinelleSLOGAN-1.png\",\"width\":615,\"height\":142,\"caption\":\"Quotidien La Sentinelle\"},\"image\":{\"@id\":\"https:\\\/\\\/lasentinelle.dz\\\/#\\\/schema\\\/logo\\\/image\\\/\"},\"sameAs\":[\"https:\\\/\\\/www.facebook.com\\\/La-Sentinelle-104059864394773\"]},{\"@type\":\"Person\",\"@id\":\"https:\\\/\\\/lasentinelle.dz\\\/#\\\/schema\\\/person\\\/d865044e22e70a75174ce8bcad3acfb3\",\"name\":\"La Sentinelle\",\"image\":{\"@type\":\"ImageObject\",\"inLanguage\":\"fr-FR\",\"@id\":\"https:\\\/\\\/secure.gravatar.com\\\/avatar\\\/57de8e5d4b15d43fb361a71fbb36338450fe67865b528a43dd10ef7c51a20392?s=96&d=mm&r=g\",\"url\":\"https:\\\/\\\/secure.gravatar.com\\\/avatar\\\/57de8e5d4b15d43fb361a71fbb36338450fe67865b528a43dd10ef7c51a20392?s=96&d=mm&r=g\",\"contentUrl\":\"https:\\\/\\\/secure.gravatar.com\\\/avatar\\\/57de8e5d4b15d43fb361a71fbb36338450fe67865b528a43dd10ef7c51a20392?s=96&d=mm&r=g\",\"caption\":\"La Sentinelle\"},\"sameAs\":[\"http:\\\/\\\/www.lasentinelle.dz\"],\"url\":\"https:\\\/\\\/lasentinelle.dz\\\/author\\\/redaction\\\/\"}]}<\/script>\n<!-- \/ Yoast SEO plugin. -->","yoast_head_json":{"title":"Plusieurs pays de l\u2019Opep annoncent des coupes volontaires\u00a0: La production de p\u00e9trole sera r\u00e9duite en mai - La Sentinelle","robots":{"index":"index","follow":"follow","max-snippet":"max-snippet:-1","max-image-preview":"max-image-preview:large","max-video-preview":"max-video-preview:-1"},"canonical":"https:\/\/lasentinelle.dz\/index.php\/2023\/04\/02\/plusieurs-pays-de-lopep-annoncent-des-coupes-volontaires-la-production-de-petrole-sera-reduite-en-mai\/","og_locale":"fr_FR","og_type":"article","og_title":"Plusieurs pays de l\u2019Opep annoncent des coupes volontaires\u00a0: La production de p\u00e9trole sera r\u00e9duite en mai - La Sentinelle","og_description":"C\u2019est une annonce qui a pris tous les analystes march\u00e9s au d\u00e9pourvu. \u00c0 la veille de la r\u00e9union mensuelle du","og_url":"https:\/\/lasentinelle.dz\/index.php\/2023\/04\/02\/plusieurs-pays-de-lopep-annoncent-des-coupes-volontaires-la-production-de-petrole-sera-reduite-en-mai\/","og_site_name":"La Sentinelle","article_publisher":"https:\/\/www.facebook.com\/La-Sentinelle-104059864394773","article_published_time":"2023-04-02T21:10:00+00:00","og_image":[{"width":1351,"height":900,"url":"https:\/\/lasentinelle.dz\/wp-content\/uploads\/2023\/03\/opep-1.png","type":"image\/png"}],"author":"La Sentinelle","twitter_card":"summary_large_image","twitter_misc":{"\u00c9crit par":"La Sentinelle","Dur\u00e9e de lecture estim\u00e9e":"3 minutes"},"schema":{"@context":"https:\/\/schema.org","@graph":[{"@type":"Article","@id":"https:\/\/lasentinelle.dz\/index.php\/2023\/04\/02\/plusieurs-pays-de-lopep-annoncent-des-coupes-volontaires-la-production-de-petrole-sera-reduite-en-mai\/#article","isPartOf":{"@id":"https:\/\/lasentinelle.dz\/index.php\/2023\/04\/02\/plusieurs-pays-de-lopep-annoncent-des-coupes-volontaires-la-production-de-petrole-sera-reduite-en-mai\/"},"author":{"name":"La Sentinelle","@id":"https:\/\/lasentinelle.dz\/#\/schema\/person\/d865044e22e70a75174ce8bcad3acfb3"},"headline":"Plusieurs pays de l\u2019Opep annoncent des coupes volontaires\u00a0: La production de p\u00e9trole sera r\u00e9duite en mai","datePublished":"2023-04-02T21:10:00+00:00","mainEntityOfPage":{"@id":"https:\/\/lasentinelle.dz\/index.php\/2023\/04\/02\/plusieurs-pays-de-lopep-annoncent-des-coupes-volontaires-la-production-de-petrole-sera-reduite-en-mai\/"},"wordCount":625,"commentCount":0,"publisher":{"@id":"https:\/\/lasentinelle.dz\/#organization"},"image":{"@id":"https:\/\/lasentinelle.dz\/index.php\/2023\/04\/02\/plusieurs-pays-de-lopep-annoncent-des-coupes-volontaires-la-production-de-petrole-sera-reduite-en-mai\/#primaryimage"},"thumbnailUrl":"https:\/\/lasentinelle.dz\/wp-content\/uploads\/2023\/03\/opep-1.png","articleSection":["\u00c0 la Une","\u00c9conomie"],"inLanguage":"fr-FR","potentialAction":[{"@type":"CommentAction","name":"Comment","target":["https:\/\/lasentinelle.dz\/index.php\/2023\/04\/02\/plusieurs-pays-de-lopep-annoncent-des-coupes-volontaires-la-production-de-petrole-sera-reduite-en-mai\/#respond"]}]},{"@type":"WebPage","@id":"https:\/\/lasentinelle.dz\/index.php\/2023\/04\/02\/plusieurs-pays-de-lopep-annoncent-des-coupes-volontaires-la-production-de-petrole-sera-reduite-en-mai\/","url":"https:\/\/lasentinelle.dz\/index.php\/2023\/04\/02\/plusieurs-pays-de-lopep-annoncent-des-coupes-volontaires-la-production-de-petrole-sera-reduite-en-mai\/","name":"Plusieurs pays de l\u2019Opep annoncent des coupes volontaires\u00a0: La production de p\u00e9trole sera r\u00e9duite en mai - La Sentinelle","isPartOf":{"@id":"https:\/\/lasentinelle.dz\/#website"},"primaryImageOfPage":{"@id":"https:\/\/lasentinelle.dz\/index.php\/2023\/04\/02\/plusieurs-pays-de-lopep-annoncent-des-coupes-volontaires-la-production-de-petrole-sera-reduite-en-mai\/#primaryimage"},"image":{"@id":"https:\/\/lasentinelle.dz\/index.php\/2023\/04\/02\/plusieurs-pays-de-lopep-annoncent-des-coupes-volontaires-la-production-de-petrole-sera-reduite-en-mai\/#primaryimage"},"thumbnailUrl":"https:\/\/lasentinelle.dz\/wp-content\/uploads\/2023\/03\/opep-1.png","datePublished":"2023-04-02T21:10:00+00:00","breadcrumb":{"@id":"https:\/\/lasentinelle.dz\/index.php\/2023\/04\/02\/plusieurs-pays-de-lopep-annoncent-des-coupes-volontaires-la-production-de-petrole-sera-reduite-en-mai\/#breadcrumb"},"inLanguage":"fr-FR","potentialAction":[{"@type":"ReadAction","target":["https:\/\/lasentinelle.dz\/index.php\/2023\/04\/02\/plusieurs-pays-de-lopep-annoncent-des-coupes-volontaires-la-production-de-petrole-sera-reduite-en-mai\/"]}]},{"@type":"ImageObject","inLanguage":"fr-FR","@id":"https:\/\/lasentinelle.dz\/index.php\/2023\/04\/02\/plusieurs-pays-de-lopep-annoncent-des-coupes-volontaires-la-production-de-petrole-sera-reduite-en-mai\/#primaryimage","url":"https:\/\/lasentinelle.dz\/wp-content\/uploads\/2023\/03\/opep-1.png","contentUrl":"https:\/\/lasentinelle.dz\/wp-content\/uploads\/2023\/03\/opep-1.png","width":1351,"height":900},{"@type":"BreadcrumbList","@id":"https:\/\/lasentinelle.dz\/index.php\/2023\/04\/02\/plusieurs-pays-de-lopep-annoncent-des-coupes-volontaires-la-production-de-petrole-sera-reduite-en-mai\/#breadcrumb","itemListElement":[{"@type":"ListItem","position":1,"name":"Accueil","item":"https:\/\/lasentinelle.dz\/"},{"@type":"ListItem","position":2,"name":"Plusieurs pays de l\u2019Opep annoncent des coupes volontaires\u00a0: La production de p\u00e9trole sera r\u00e9duite en mai"}]},{"@type":"WebSite","@id":"https:\/\/lasentinelle.dz\/#website","url":"https:\/\/lasentinelle.dz\/","name":"La Sentinelle","description":"Quotidien national d&#039;information","publisher":{"@id":"https:\/\/lasentinelle.dz\/#organization"},"potentialAction":[{"@type":"SearchAction","target":{"@type":"EntryPoint","urlTemplate":"https:\/\/lasentinelle.dz\/?s={search_term_string}"},"query-input":{"@type":"PropertyValueSpecification","valueRequired":true,"valueName":"search_term_string"}}],"inLanguage":"fr-FR"},{"@type":"Organization","@id":"https:\/\/lasentinelle.dz\/#organization","name":"Quotidien La Sentinelle","url":"https:\/\/lasentinelle.dz\/","logo":{"@type":"ImageObject","inLanguage":"fr-FR","@id":"https:\/\/lasentinelle.dz\/#\/schema\/logo\/image\/","url":"https:\/\/lasentinelle.dz\/wp-content\/uploads\/2021\/09\/logo-sentinelleSLOGAN-1.png","contentUrl":"https:\/\/lasentinelle.dz\/wp-content\/uploads\/2021\/09\/logo-sentinelleSLOGAN-1.png","width":615,"height":142,"caption":"Quotidien La Sentinelle"},"image":{"@id":"https:\/\/lasentinelle.dz\/#\/schema\/logo\/image\/"},"sameAs":["https:\/\/www.facebook.com\/La-Sentinelle-104059864394773"]},{"@type":"Person","@id":"https:\/\/lasentinelle.dz\/#\/schema\/person\/d865044e22e70a75174ce8bcad3acfb3","name":"La Sentinelle","image":{"@type":"ImageObject","inLanguage":"fr-FR","@id":"https:\/\/secure.gravatar.com\/avatar\/57de8e5d4b15d43fb361a71fbb36338450fe67865b528a43dd10ef7c51a20392?s=96&d=mm&r=g","url":"https:\/\/secure.gravatar.com\/avatar\/57de8e5d4b15d43fb361a71fbb36338450fe67865b528a43dd10ef7c51a20392?s=96&d=mm&r=g","contentUrl":"https:\/\/secure.gravatar.com\/avatar\/57de8e5d4b15d43fb361a71fbb36338450fe67865b528a43dd10ef7c51a20392?s=96&d=mm&r=g","caption":"La Sentinelle"},"sameAs":["http:\/\/www.lasentinelle.dz"],"url":"https:\/\/lasentinelle.dz\/author\/redaction\/"}]}},"_links":{"self":[{"href":"https:\/\/lasentinelle.dz\/index.php\/wp-json\/wp\/v2\/posts\/38850","targetHints":{"allow":["GET"]}}],"collection":[{"href":"https:\/\/lasentinelle.dz\/index.php\/wp-json\/wp\/v2\/posts"}],"about":[{"href":"https:\/\/lasentinelle.dz\/index.php\/wp-json\/wp\/v2\/types\/post"}],"author":[{"embeddable":true,"href":"https:\/\/lasentinelle.dz\/index.php\/wp-json\/wp\/v2\/users\/3"}],"replies":[{"embeddable":true,"href":"https:\/\/lasentinelle.dz\/index.php\/wp-json\/wp\/v2\/comments?post=38850"}],"version-history":[{"count":1,"href":"https:\/\/lasentinelle.dz\/index.php\/wp-json\/wp\/v2\/posts\/38850\/revisions"}],"predecessor-version":[{"id":38851,"href":"https:\/\/lasentinelle.dz\/index.php\/wp-json\/wp\/v2\/posts\/38850\/revisions\/38851"}],"wp:featuredmedia":[{"embeddable":true,"href":"https:\/\/lasentinelle.dz\/index.php\/wp-json\/wp\/v2\/media\/37935"}],"wp:attachment":[{"href":"https:\/\/lasentinelle.dz\/index.php\/wp-json\/wp\/v2\/media?parent=38850"}],"wp:term":[{"taxonomy":"category","embeddable":true,"href":"https:\/\/lasentinelle.dz\/index.php\/wp-json\/wp\/v2\/categories?post=38850"},{"taxonomy":"post_tag","embeddable":true,"href":"https:\/\/lasentinelle.dz\/index.php\/wp-json\/wp\/v2\/tags?post=38850"}],"curies":[{"name":"wp","href":"https:\/\/api.w.org\/{rel}","templated":true}]}}