{"id":3887,"date":"2021-08-10T14:50:47","date_gmt":"2021-08-10T13:50:47","guid":{"rendered":"https:\/\/lasentinelle.dz\/?p=3887"},"modified":"2021-08-10T14:50:48","modified_gmt":"2021-08-10T13:50:48","slug":"le-ministre-de-linterieur-reunit-les-walis-lanticipation-au-coeur-des-orientations","status":"publish","type":"post","link":"https:\/\/lasentinelle.dz\/index.php\/2021\/08\/10\/le-ministre-de-linterieur-reunit-les-walis-lanticipation-au-coeur-des-orientations\/","title":{"rendered":"Le ministre de l\u2019Int\u00e9rieur r\u00e9unit les walis : L\u2019anticipation au c\u0153ur des orientations"},"content":{"rendered":"\n<p>\u00c9lever le niveau de vigilance au niveau local face au Covid-19 et actualiser en permanence les enqu\u00eates \u00e9pid\u00e9miologiques pour lutter contre l\u2019apparition de nouveaux foyers sont les principales recommandations du ministre de l\u2019Int\u00e9rieur, des Collectivit\u00e9s locales, et de l\u2019Am\u00e9nagement du territoire, Kamel Beldjoud qui pr\u00e9sidait une r\u00e9union via visioconf\u00e9rence durant laquelle il a insist\u00e9 sur \u00able renforcement de la vigilance au niveau local et l\u2019actualisation des enqu\u00eates \u00e9pid\u00e9miologiques afin de lutter contre l\u2019\u00e9mergence de nouveaux foyers du virus et de maitriser les contaminations\u00bb.<br>Selon un communiqu\u00e9 du minist\u00e8re de l\u2019Int\u00e9rieur, ces recommandations ont \u00e9t\u00e9 donn\u00e9es dans le cadre des r\u00e9unions p\u00e9riodiques de coordination avec les walis durant lesquelles Kamel Beldjoud a mis l\u2019accent sur l\u2019importance du \u00abcontr\u00f4le efficace et qualitatif de l\u2019op\u00e9ration de vaccination par la mobilisation de tous les moyens logistiques n\u00e9cessaires\u00bb. Cette m\u00eame r\u00e9union, ajoute le communiqu\u00e9, a \u00e9t\u00e9 l\u2019occasion pour Beldjoud de s\u2019enqu\u00e9rir sur les conditions de gestion de la situation pand\u00e9mique suite au regain des contaminations au Covid-19. Aussi, dans cette optique, le ministre de l\u2019int\u00e9rieur a donn\u00e9 des instructions fermes aux walis de la R\u00e9publique \u00e0 l\u2019effet de \u00abmobiliser toutes les \u00e9nergies n\u00e9cessaires pour la lutte contre la pand\u00e9mie et l\u2019application rigoureuse des mesures de pr\u00e9vention\u00bb.<br>A noter \u00e9galement que lors de la m\u00eame r\u00e9union, de nombreux dossiers d\u2019actualit\u00e9 ont \u00e9t\u00e9 examin\u00e9s \u00e0 l\u2019instar de la prochaine rentr\u00e9e sociale pour laquelle justement Beldjoud a appel\u00e9 les walis \u00e0 \u00abr\u00e9unir les conditions optimales permettant la r\u00e9ussite de la prochaine rentr\u00e9e sociale, tout en veillant \u00e0 l\u2019application des mesures relatives au respect du protocole sanitaire\u00bb. Un autre sujet non des moindre a \u00e9t\u00e9 au menu de la r\u00e9union \u00e0 savoir les feux de for\u00eats. A cet effet, justement, le ministre a insist\u00e9 sur l\u2019imp\u00e9ratif d\u2019assurer un \u00absuivi rigoureux\u00bb de ce dossier dans le cadre \u00abd\u2019une approche proactive\u00bb, mettant l\u2019accent, par l\u00e0 m\u00eame, sur les mesures pr\u00e9ventives \u00e0 prendre face aux risques des intemp\u00e9ries, et ce en pr\u00e9vision de l\u2019automne en \u00e9levant notamment le niveau de vigilance et \u00e0 mobiliser tous les moyens mat\u00e9riels et humains pour parer \u00e0 toute urgence pouvant survenir\u00bb, a conclu le communiqu\u00e9 de l\u2019Int\u00e9rieur.<br>Akli Amor<\/p>\n","protected":false},"excerpt":{"rendered":"<p>\u00c9lever le niveau de vigilance au niveau local face au Covid-19 et actualiser en permanence les enqu\u00eates \u00e9pid\u00e9miologiques pour lutter<\/p>\n","protected":false},"author":3,"featured_media":3893,"comment_status":"open","ping_status":"closed","sticky":false,"template":"","format":"standard","meta":{"colormag_page_container_layout":"default_layout","colormag_page_sidebar_layout":"default_layout","om_disable_all_campaigns":false,"_monsterinsights_skip_tracking":false,"_monsterinsights_sitenote_active":false,"_monsterinsights_sitenote_note":"","_monsterinsights_sitenote_category":0,"footnotes":"","_wpscppro_dont_share_socialmedia":false,"_wpscppro_custom_social_share_image":0,"_facebook_share_type":"","_twitter_share_type":"","_linkedin_share_type":"","_pinterest_share_type":"","_linkedin_share_type_page":"","_instagram_share_type":"","_medium_share_type":"","_threads_share_type":"","_google_business_share_type":"","_selected_social_profile":[],"_wpsp_enable_custom_social_template":false,"_wpsp_social_scheduling":{"enabled":false,"datetime":null,"platforms":[],"status":"template_only","dateOption":"today","timeOption":"now","customDays":"","customHours":"","customDate":"","customTime":"","schedulingType":"absolute"},"_wpsp_active_default_template":true},"categories":[27],"tags":[],"class_list":["post-3887","post","type-post","status-publish","format-standard","has-post-thumbnail","hentry","category-actualite"],"aioseo_notices":[],"yoast_head":"<!-- This site is optimized with the Yoast SEO plugin v27.5 - https:\/\/yoast.com\/product\/yoast-seo-wordpress\/ -->\n<title>Le ministre de l\u2019Int\u00e9rieur r\u00e9unit les walis : L\u2019anticipation au c\u0153ur des orientations - La Sentinelle<\/title>\n<meta name=\"robots\" content=\"index, follow, max-snippet:-1, max-image-preview:large, max-video-preview:-1\" \/>\n<link rel=\"canonical\" href=\"https:\/\/lasentinelle.dz\/index.php\/2021\/08\/10\/le-ministre-de-linterieur-reunit-les-walis-lanticipation-au-coeur-des-orientations\/\" \/>\n<meta property=\"og:locale\" content=\"fr_FR\" \/>\n<meta property=\"og:type\" content=\"article\" \/>\n<meta property=\"og:title\" content=\"Le ministre de l\u2019Int\u00e9rieur r\u00e9unit les walis : L\u2019anticipation au c\u0153ur des orientations - La Sentinelle\" \/>\n<meta property=\"og:description\" content=\"\u00c9lever le niveau de vigilance au niveau local face au Covid-19 et actualiser en permanence les enqu\u00eates \u00e9pid\u00e9miologiques pour lutter\" \/>\n<meta property=\"og:url\" content=\"https:\/\/lasentinelle.dz\/index.php\/2021\/08\/10\/le-ministre-de-linterieur-reunit-les-walis-lanticipation-au-coeur-des-orientations\/\" \/>\n<meta property=\"og:site_name\" content=\"La Sentinelle\" \/>\n<meta property=\"article:publisher\" content=\"https:\/\/www.facebook.com\/La-Sentinelle-104059864394773\" \/>\n<meta property=\"article:published_time\" content=\"2021-08-10T13:50:47+00:00\" \/>\n<meta property=\"article:modified_time\" content=\"2021-08-10T13:50:48+00:00\" \/>\n<meta property=\"og:image\" content=\"https:\/\/lasentinelle.dz\/wp-content\/uploads\/2021\/08\/beldjoud-senat.png\" \/>\n\t<meta property=\"og:image:width\" content=\"1543\" \/>\n\t<meta property=\"og:image:height\" content=\"900\" \/>\n\t<meta property=\"og:image:type\" content=\"image\/png\" \/>\n<meta name=\"author\" content=\"La Sentinelle\" \/>\n<meta name=\"twitter:card\" content=\"summary_large_image\" \/>\n<meta name=\"twitter:label1\" content=\"\u00c9crit par\" \/>\n\t<meta name=\"twitter:data1\" content=\"La Sentinelle\" \/>\n\t<meta name=\"twitter:label2\" content=\"Dur\u00e9e de lecture estim\u00e9e\" \/>\n\t<meta name=\"twitter:data2\" content=\"2 minutes\" \/>\n<script type=\"application\/ld+json\" class=\"yoast-schema-graph\">{\"@context\":\"https:\\\/\\\/schema.org\",\"@graph\":[{\"@type\":\"Article\",\"@id\":\"https:\\\/\\\/lasentinelle.dz\\\/index.php\\\/2021\\\/08\\\/10\\\/le-ministre-de-linterieur-reunit-les-walis-lanticipation-au-coeur-des-orientations\\\/#article\",\"isPartOf\":{\"@id\":\"https:\\\/\\\/lasentinelle.dz\\\/index.php\\\/2021\\\/08\\\/10\\\/le-ministre-de-linterieur-reunit-les-walis-lanticipation-au-coeur-des-orientations\\\/\"},\"author\":{\"name\":\"La Sentinelle\",\"@id\":\"https:\\\/\\\/lasentinelle.dz\\\/#\\\/schema\\\/person\\\/d865044e22e70a75174ce8bcad3acfb3\"},\"headline\":\"Le ministre de l\u2019Int\u00e9rieur r\u00e9unit les walis : L\u2019anticipation au c\u0153ur des orientations\",\"datePublished\":\"2021-08-10T13:50:47+00:00\",\"dateModified\":\"2021-08-10T13:50:48+00:00\",\"mainEntityOfPage\":{\"@id\":\"https:\\\/\\\/lasentinelle.dz\\\/index.php\\\/2021\\\/08\\\/10\\\/le-ministre-de-linterieur-reunit-les-walis-lanticipation-au-coeur-des-orientations\\\/\"},\"wordCount\":428,\"commentCount\":0,\"publisher\":{\"@id\":\"https:\\\/\\\/lasentinelle.dz\\\/#organization\"},\"image\":{\"@id\":\"https:\\\/\\\/lasentinelle.dz\\\/index.php\\\/2021\\\/08\\\/10\\\/le-ministre-de-linterieur-reunit-les-walis-lanticipation-au-coeur-des-orientations\\\/#primaryimage\"},\"thumbnailUrl\":\"https:\\\/\\\/lasentinelle.dz\\\/wp-content\\\/uploads\\\/2021\\\/08\\\/beldjoud-senat.png\",\"articleSection\":[\"Actualit\u00e9\"],\"inLanguage\":\"fr-FR\",\"potentialAction\":[{\"@type\":\"CommentAction\",\"name\":\"Comment\",\"target\":[\"https:\\\/\\\/lasentinelle.dz\\\/index.php\\\/2021\\\/08\\\/10\\\/le-ministre-de-linterieur-reunit-les-walis-lanticipation-au-coeur-des-orientations\\\/#respond\"]}]},{\"@type\":\"WebPage\",\"@id\":\"https:\\\/\\\/lasentinelle.dz\\\/index.php\\\/2021\\\/08\\\/10\\\/le-ministre-de-linterieur-reunit-les-walis-lanticipation-au-coeur-des-orientations\\\/\",\"url\":\"https:\\\/\\\/lasentinelle.dz\\\/index.php\\\/2021\\\/08\\\/10\\\/le-ministre-de-linterieur-reunit-les-walis-lanticipation-au-coeur-des-orientations\\\/\",\"name\":\"Le ministre de l\u2019Int\u00e9rieur r\u00e9unit les walis : L\u2019anticipation au c\u0153ur des orientations - La Sentinelle\",\"isPartOf\":{\"@id\":\"https:\\\/\\\/lasentinelle.dz\\\/#website\"},\"primaryImageOfPage\":{\"@id\":\"https:\\\/\\\/lasentinelle.dz\\\/index.php\\\/2021\\\/08\\\/10\\\/le-ministre-de-linterieur-reunit-les-walis-lanticipation-au-coeur-des-orientations\\\/#primaryimage\"},\"image\":{\"@id\":\"https:\\\/\\\/lasentinelle.dz\\\/index.php\\\/2021\\\/08\\\/10\\\/le-ministre-de-linterieur-reunit-les-walis-lanticipation-au-coeur-des-orientations\\\/#primaryimage\"},\"thumbnailUrl\":\"https:\\\/\\\/lasentinelle.dz\\\/wp-content\\\/uploads\\\/2021\\\/08\\\/beldjoud-senat.png\",\"datePublished\":\"2021-08-10T13:50:47+00:00\",\"dateModified\":\"2021-08-10T13:50:48+00:00\",\"breadcrumb\":{\"@id\":\"https:\\\/\\\/lasentinelle.dz\\\/index.php\\\/2021\\\/08\\\/10\\\/le-ministre-de-linterieur-reunit-les-walis-lanticipation-au-coeur-des-orientations\\\/#breadcrumb\"},\"inLanguage\":\"fr-FR\",\"potentialAction\":[{\"@type\":\"ReadAction\",\"target\":[\"https:\\\/\\\/lasentinelle.dz\\\/index.php\\\/2021\\\/08\\\/10\\\/le-ministre-de-linterieur-reunit-les-walis-lanticipation-au-coeur-des-orientations\\\/\"]}]},{\"@type\":\"ImageObject\",\"inLanguage\":\"fr-FR\",\"@id\":\"https:\\\/\\\/lasentinelle.dz\\\/index.php\\\/2021\\\/08\\\/10\\\/le-ministre-de-linterieur-reunit-les-walis-lanticipation-au-coeur-des-orientations\\\/#primaryimage\",\"url\":\"https:\\\/\\\/lasentinelle.dz\\\/wp-content\\\/uploads\\\/2021\\\/08\\\/beldjoud-senat.png\",\"contentUrl\":\"https:\\\/\\\/lasentinelle.dz\\\/wp-content\\\/uploads\\\/2021\\\/08\\\/beldjoud-senat.png\",\"width\":1543,\"height\":900},{\"@type\":\"BreadcrumbList\",\"@id\":\"https:\\\/\\\/lasentinelle.dz\\\/index.php\\\/2021\\\/08\\\/10\\\/le-ministre-de-linterieur-reunit-les-walis-lanticipation-au-coeur-des-orientations\\\/#breadcrumb\",\"itemListElement\":[{\"@type\":\"ListItem\",\"position\":1,\"name\":\"Accueil\",\"item\":\"https:\\\/\\\/lasentinelle.dz\\\/\"},{\"@type\":\"ListItem\",\"position\":2,\"name\":\"Le ministre de l\u2019Int\u00e9rieur r\u00e9unit les walis : L\u2019anticipation au c\u0153ur des orientations\"}]},{\"@type\":\"WebSite\",\"@id\":\"https:\\\/\\\/lasentinelle.dz\\\/#website\",\"url\":\"https:\\\/\\\/lasentinelle.dz\\\/\",\"name\":\"La Sentinelle\",\"description\":\"Quotidien national d&#039;information\",\"publisher\":{\"@id\":\"https:\\\/\\\/lasentinelle.dz\\\/#organization\"},\"potentialAction\":[{\"@type\":\"SearchAction\",\"target\":{\"@type\":\"EntryPoint\",\"urlTemplate\":\"https:\\\/\\\/lasentinelle.dz\\\/?s={search_term_string}\"},\"query-input\":{\"@type\":\"PropertyValueSpecification\",\"valueRequired\":true,\"valueName\":\"search_term_string\"}}],\"inLanguage\":\"fr-FR\"},{\"@type\":\"Organization\",\"@id\":\"https:\\\/\\\/lasentinelle.dz\\\/#organization\",\"name\":\"Quotidien La Sentinelle\",\"url\":\"https:\\\/\\\/lasentinelle.dz\\\/\",\"logo\":{\"@type\":\"ImageObject\",\"inLanguage\":\"fr-FR\",\"@id\":\"https:\\\/\\\/lasentinelle.dz\\\/#\\\/schema\\\/logo\\\/image\\\/\",\"url\":\"https:\\\/\\\/lasentinelle.dz\\\/wp-content\\\/uploads\\\/2021\\\/09\\\/logo-sentinelleSLOGAN-1.png\",\"contentUrl\":\"https:\\\/\\\/lasentinelle.dz\\\/wp-content\\\/uploads\\\/2021\\\/09\\\/logo-sentinelleSLOGAN-1.png\",\"width\":615,\"height\":142,\"caption\":\"Quotidien La Sentinelle\"},\"image\":{\"@id\":\"https:\\\/\\\/lasentinelle.dz\\\/#\\\/schema\\\/logo\\\/image\\\/\"},\"sameAs\":[\"https:\\\/\\\/www.facebook.com\\\/La-Sentinelle-104059864394773\"]},{\"@type\":\"Person\",\"@id\":\"https:\\\/\\\/lasentinelle.dz\\\/#\\\/schema\\\/person\\\/d865044e22e70a75174ce8bcad3acfb3\",\"name\":\"La Sentinelle\",\"image\":{\"@type\":\"ImageObject\",\"inLanguage\":\"fr-FR\",\"@id\":\"https:\\\/\\\/secure.gravatar.com\\\/avatar\\\/57de8e5d4b15d43fb361a71fbb36338450fe67865b528a43dd10ef7c51a20392?s=96&d=mm&r=g\",\"url\":\"https:\\\/\\\/secure.gravatar.com\\\/avatar\\\/57de8e5d4b15d43fb361a71fbb36338450fe67865b528a43dd10ef7c51a20392?s=96&d=mm&r=g\",\"contentUrl\":\"https:\\\/\\\/secure.gravatar.com\\\/avatar\\\/57de8e5d4b15d43fb361a71fbb36338450fe67865b528a43dd10ef7c51a20392?s=96&d=mm&r=g\",\"caption\":\"La Sentinelle\"},\"sameAs\":[\"http:\\\/\\\/www.lasentinelle.dz\"],\"url\":\"https:\\\/\\\/lasentinelle.dz\\\/author\\\/redaction\\\/\"}]}<\/script>\n<!-- \/ Yoast SEO plugin. -->","yoast_head_json":{"title":"Le ministre de l\u2019Int\u00e9rieur r\u00e9unit les walis : L\u2019anticipation au c\u0153ur des orientations - La Sentinelle","robots":{"index":"index","follow":"follow","max-snippet":"max-snippet:-1","max-image-preview":"max-image-preview:large","max-video-preview":"max-video-preview:-1"},"canonical":"https:\/\/lasentinelle.dz\/index.php\/2021\/08\/10\/le-ministre-de-linterieur-reunit-les-walis-lanticipation-au-coeur-des-orientations\/","og_locale":"fr_FR","og_type":"article","og_title":"Le ministre de l\u2019Int\u00e9rieur r\u00e9unit les walis : L\u2019anticipation au c\u0153ur des orientations - La Sentinelle","og_description":"\u00c9lever le niveau de vigilance au niveau local face au Covid-19 et actualiser en permanence les enqu\u00eates \u00e9pid\u00e9miologiques pour lutter","og_url":"https:\/\/lasentinelle.dz\/index.php\/2021\/08\/10\/le-ministre-de-linterieur-reunit-les-walis-lanticipation-au-coeur-des-orientations\/","og_site_name":"La Sentinelle","article_publisher":"https:\/\/www.facebook.com\/La-Sentinelle-104059864394773","article_published_time":"2021-08-10T13:50:47+00:00","article_modified_time":"2021-08-10T13:50:48+00:00","og_image":[{"width":1543,"height":900,"url":"https:\/\/lasentinelle.dz\/wp-content\/uploads\/2021\/08\/beldjoud-senat.png","type":"image\/png"}],"author":"La Sentinelle","twitter_card":"summary_large_image","twitter_misc":{"\u00c9crit par":"La Sentinelle","Dur\u00e9e de lecture estim\u00e9e":"2 minutes"},"schema":{"@context":"https:\/\/schema.org","@graph":[{"@type":"Article","@id":"https:\/\/lasentinelle.dz\/index.php\/2021\/08\/10\/le-ministre-de-linterieur-reunit-les-walis-lanticipation-au-coeur-des-orientations\/#article","isPartOf":{"@id":"https:\/\/lasentinelle.dz\/index.php\/2021\/08\/10\/le-ministre-de-linterieur-reunit-les-walis-lanticipation-au-coeur-des-orientations\/"},"author":{"name":"La Sentinelle","@id":"https:\/\/lasentinelle.dz\/#\/schema\/person\/d865044e22e70a75174ce8bcad3acfb3"},"headline":"Le ministre de l\u2019Int\u00e9rieur r\u00e9unit les walis : L\u2019anticipation au c\u0153ur des orientations","datePublished":"2021-08-10T13:50:47+00:00","dateModified":"2021-08-10T13:50:48+00:00","mainEntityOfPage":{"@id":"https:\/\/lasentinelle.dz\/index.php\/2021\/08\/10\/le-ministre-de-linterieur-reunit-les-walis-lanticipation-au-coeur-des-orientations\/"},"wordCount":428,"commentCount":0,"publisher":{"@id":"https:\/\/lasentinelle.dz\/#organization"},"image":{"@id":"https:\/\/lasentinelle.dz\/index.php\/2021\/08\/10\/le-ministre-de-linterieur-reunit-les-walis-lanticipation-au-coeur-des-orientations\/#primaryimage"},"thumbnailUrl":"https:\/\/lasentinelle.dz\/wp-content\/uploads\/2021\/08\/beldjoud-senat.png","articleSection":["Actualit\u00e9"],"inLanguage":"fr-FR","potentialAction":[{"@type":"CommentAction","name":"Comment","target":["https:\/\/lasentinelle.dz\/index.php\/2021\/08\/10\/le-ministre-de-linterieur-reunit-les-walis-lanticipation-au-coeur-des-orientations\/#respond"]}]},{"@type":"WebPage","@id":"https:\/\/lasentinelle.dz\/index.php\/2021\/08\/10\/le-ministre-de-linterieur-reunit-les-walis-lanticipation-au-coeur-des-orientations\/","url":"https:\/\/lasentinelle.dz\/index.php\/2021\/08\/10\/le-ministre-de-linterieur-reunit-les-walis-lanticipation-au-coeur-des-orientations\/","name":"Le ministre de l\u2019Int\u00e9rieur r\u00e9unit les walis : L\u2019anticipation au c\u0153ur des orientations - La Sentinelle","isPartOf":{"@id":"https:\/\/lasentinelle.dz\/#website"},"primaryImageOfPage":{"@id":"https:\/\/lasentinelle.dz\/index.php\/2021\/08\/10\/le-ministre-de-linterieur-reunit-les-walis-lanticipation-au-coeur-des-orientations\/#primaryimage"},"image":{"@id":"https:\/\/lasentinelle.dz\/index.php\/2021\/08\/10\/le-ministre-de-linterieur-reunit-les-walis-lanticipation-au-coeur-des-orientations\/#primaryimage"},"thumbnailUrl":"https:\/\/lasentinelle.dz\/wp-content\/uploads\/2021\/08\/beldjoud-senat.png","datePublished":"2021-08-10T13:50:47+00:00","dateModified":"2021-08-10T13:50:48+00:00","breadcrumb":{"@id":"https:\/\/lasentinelle.dz\/index.php\/2021\/08\/10\/le-ministre-de-linterieur-reunit-les-walis-lanticipation-au-coeur-des-orientations\/#breadcrumb"},"inLanguage":"fr-FR","potentialAction":[{"@type":"ReadAction","target":["https:\/\/lasentinelle.dz\/index.php\/2021\/08\/10\/le-ministre-de-linterieur-reunit-les-walis-lanticipation-au-coeur-des-orientations\/"]}]},{"@type":"ImageObject","inLanguage":"fr-FR","@id":"https:\/\/lasentinelle.dz\/index.php\/2021\/08\/10\/le-ministre-de-linterieur-reunit-les-walis-lanticipation-au-coeur-des-orientations\/#primaryimage","url":"https:\/\/lasentinelle.dz\/wp-content\/uploads\/2021\/08\/beldjoud-senat.png","contentUrl":"https:\/\/lasentinelle.dz\/wp-content\/uploads\/2021\/08\/beldjoud-senat.png","width":1543,"height":900},{"@type":"BreadcrumbList","@id":"https:\/\/lasentinelle.dz\/index.php\/2021\/08\/10\/le-ministre-de-linterieur-reunit-les-walis-lanticipation-au-coeur-des-orientations\/#breadcrumb","itemListElement":[{"@type":"ListItem","position":1,"name":"Accueil","item":"https:\/\/lasentinelle.dz\/"},{"@type":"ListItem","position":2,"name":"Le ministre de l\u2019Int\u00e9rieur r\u00e9unit les walis : L\u2019anticipation au c\u0153ur des orientations"}]},{"@type":"WebSite","@id":"https:\/\/lasentinelle.dz\/#website","url":"https:\/\/lasentinelle.dz\/","name":"La Sentinelle","description":"Quotidien national d&#039;information","publisher":{"@id":"https:\/\/lasentinelle.dz\/#organization"},"potentialAction":[{"@type":"SearchAction","target":{"@type":"EntryPoint","urlTemplate":"https:\/\/lasentinelle.dz\/?s={search_term_string}"},"query-input":{"@type":"PropertyValueSpecification","valueRequired":true,"valueName":"search_term_string"}}],"inLanguage":"fr-FR"},{"@type":"Organization","@id":"https:\/\/lasentinelle.dz\/#organization","name":"Quotidien La Sentinelle","url":"https:\/\/lasentinelle.dz\/","logo":{"@type":"ImageObject","inLanguage":"fr-FR","@id":"https:\/\/lasentinelle.dz\/#\/schema\/logo\/image\/","url":"https:\/\/lasentinelle.dz\/wp-content\/uploads\/2021\/09\/logo-sentinelleSLOGAN-1.png","contentUrl":"https:\/\/lasentinelle.dz\/wp-content\/uploads\/2021\/09\/logo-sentinelleSLOGAN-1.png","width":615,"height":142,"caption":"Quotidien La Sentinelle"},"image":{"@id":"https:\/\/lasentinelle.dz\/#\/schema\/logo\/image\/"},"sameAs":["https:\/\/www.facebook.com\/La-Sentinelle-104059864394773"]},{"@type":"Person","@id":"https:\/\/lasentinelle.dz\/#\/schema\/person\/d865044e22e70a75174ce8bcad3acfb3","name":"La Sentinelle","image":{"@type":"ImageObject","inLanguage":"fr-FR","@id":"https:\/\/secure.gravatar.com\/avatar\/57de8e5d4b15d43fb361a71fbb36338450fe67865b528a43dd10ef7c51a20392?s=96&d=mm&r=g","url":"https:\/\/secure.gravatar.com\/avatar\/57de8e5d4b15d43fb361a71fbb36338450fe67865b528a43dd10ef7c51a20392?s=96&d=mm&r=g","contentUrl":"https:\/\/secure.gravatar.com\/avatar\/57de8e5d4b15d43fb361a71fbb36338450fe67865b528a43dd10ef7c51a20392?s=96&d=mm&r=g","caption":"La Sentinelle"},"sameAs":["http:\/\/www.lasentinelle.dz"],"url":"https:\/\/lasentinelle.dz\/author\/redaction\/"}]}},"_links":{"self":[{"href":"https:\/\/lasentinelle.dz\/index.php\/wp-json\/wp\/v2\/posts\/3887","targetHints":{"allow":["GET"]}}],"collection":[{"href":"https:\/\/lasentinelle.dz\/index.php\/wp-json\/wp\/v2\/posts"}],"about":[{"href":"https:\/\/lasentinelle.dz\/index.php\/wp-json\/wp\/v2\/types\/post"}],"author":[{"embeddable":true,"href":"https:\/\/lasentinelle.dz\/index.php\/wp-json\/wp\/v2\/users\/3"}],"replies":[{"embeddable":true,"href":"https:\/\/lasentinelle.dz\/index.php\/wp-json\/wp\/v2\/comments?post=3887"}],"version-history":[{"count":1,"href":"https:\/\/lasentinelle.dz\/index.php\/wp-json\/wp\/v2\/posts\/3887\/revisions"}],"predecessor-version":[{"id":3894,"href":"https:\/\/lasentinelle.dz\/index.php\/wp-json\/wp\/v2\/posts\/3887\/revisions\/3894"}],"wp:featuredmedia":[{"embeddable":true,"href":"https:\/\/lasentinelle.dz\/index.php\/wp-json\/wp\/v2\/media\/3893"}],"wp:attachment":[{"href":"https:\/\/lasentinelle.dz\/index.php\/wp-json\/wp\/v2\/media?parent=3887"}],"wp:term":[{"taxonomy":"category","embeddable":true,"href":"https:\/\/lasentinelle.dz\/index.php\/wp-json\/wp\/v2\/categories?post=3887"},{"taxonomy":"post_tag","embeddable":true,"href":"https:\/\/lasentinelle.dz\/index.php\/wp-json\/wp\/v2\/tags?post=3887"}],"curies":[{"name":"wp","href":"https:\/\/api.w.org\/{rel}","templated":true}]}}