{"id":38879,"date":"2023-04-03T22:05:00","date_gmt":"2023-04-03T21:05:00","guid":{"rendered":"https:\/\/lasentinelle.dz\/?p=38879"},"modified":"2023-04-03T17:01:48","modified_gmt":"2023-04-03T16:01:48","slug":"guerre-en-ukraine-wagner-prend-le-controle-de-la-ville-de-bakhmout","status":"publish","type":"post","link":"https:\/\/lasentinelle.dz\/index.php\/2023\/04\/03\/guerre-en-ukraine-wagner-prend-le-controle-de-la-ville-de-bakhmout\/","title":{"rendered":"Guerre en Ukraine\u00a0: Wagner prend le contr\u00f4le de la ville de Bakhmout"},"content":{"rendered":"\n<p>Le groupe paramilitaire russe Wagner a revendiqu\u00e9 hier la prise de la mairie de Bakhmout, affirmant que cette conqu\u00eate signifiait qu&rsquo;il contr\u00f4lait d\u00e9sormais la ville \u00ab au sens l\u00e9gal \u00bb.<\/p>\n\n\n\n<p>\u00ab Au sens l\u00e9gal, Bakhmout a \u00e9t\u00e9 captur\u00e9e. L&rsquo;ennemi est concentr\u00e9 dans les zones ouest \u00bb, a d\u00e9clar\u00e9 sur Telegram le chef de Wagner, Evgu\u00e9ni Prigojine. Une vid\u00e9o accompagnant son message montre M. Prigojine brandissant un drapeau russe avec une inscription en l&rsquo;honneur de Vladlen Tatarski\u00ef, blogueur militaire russe fervent d\u00e9fenseur de l&rsquo;offensive en Ukraine tu\u00e9 dimanche par l&rsquo;explosion d&rsquo;une bombe. Cet attentat dans le centre historique de Saint-P\u00e9tersbourg a \u00e9galement fait 25 bless\u00e9s. \u00ab Les commandants des unit\u00e9s qui ont pris la mairie et tout le centre iront hisser ce drapeau \u00bb, a d\u00e9clar\u00e9 M. Prigojine. \u00ab\u00a0Voici l&rsquo;entreprise militaire priv\u00e9e Wagner, voici les gars qui ont pris Bakhmout. D&rsquo;un point de vue juridique, elle est \u00e0 nous\u00a0\u00bb, clame-t-il. Quelques heures plus t\u00f4t, l&rsquo;\u00e9tat-major ukrainien a pourtant affirm\u00e9 le contraire. \u00ab\u00a0L&rsquo;ennemi n&rsquo;a pas arr\u00eat\u00e9 son assaut sur Bakhmout. Cependant, les d\u00e9fenseurs ukrainiens tiennent courageusement la ville en repoussant de nombreuses attaques ennemies\u00a0\u00bb, a indiqu\u00e9 dimanche soir l&rsquo;\u00e9tat-major ukrainien sur sa page Facebook. Ville de quelque 70.000 habitants avant la guerre, Bakhmout est le th\u00e9\u00e2tre de combats particuli\u00e8rement violents depuis des mois. Du fait de la longueur de la bataille et des lourdes pertes subies par les deux camps, la ville est devenue le symbole de la lutte entre Russes et Ukrainiens pour le contr\u00f4le de la r\u00e9gion industrielle du Donbass. Les troupes russes ont progress\u00e9 ces derniers mois au nord et au sud de la ville, coupant plusieurs routes d&rsquo;approvisionnement ukrainiennes et s&#8217;emparant de sa partie orientale. Le 20 mars, Evgu\u00e9ni Prigojine avait affirm\u00e9 que Wagner contr\u00f4lait 70% de Bakhmout. L&rsquo;Ukraine estime que la bataille pour Bakhmout est essentielle pour contenir les forces russes sur l&rsquo;ensemble du front oriental. Dans son adresse de dimanche soir, le pr\u00e9sident ukrainien Volodymyr Zelensky a reconnu que la situation \u00e0 Bakhmout \u00e9tait difficile pour ses troupes. La situation dans la r\u00e9gion \u00ab\u00a0est toujours tr\u00e8s tendue\u00a0\u00bb, a soulign\u00e9 pour sa part dimanche la vice-ministre ukrainienne de la D\u00e9fense Ganna Maliar, avant l&rsquo;annonce du chef de Wagner. \u00ab\u00a0L&rsquo;ennemi essaie d&rsquo;engager non seulement les combattants de Wagner mais aussi des unit\u00e9s de parachutistes professionnels.<\/p>\n\n\n\n<p>Khider L.<\/p>\n","protected":false},"excerpt":{"rendered":"<p>Le groupe paramilitaire russe Wagner a revendiqu\u00e9 hier la prise de la mairie de Bakhmout, affirmant que cette conqu\u00eate signifiait<\/p>\n","protected":false},"author":3,"featured_media":0,"comment_status":"open","ping_status":"closed","sticky":false,"template":"","format":"standard","meta":{"colormag_page_container_layout":"default_layout","colormag_page_sidebar_layout":"default_layout","om_disable_all_campaigns":false,"_monsterinsights_skip_tracking":false,"_monsterinsights_sitenote_active":false,"_monsterinsights_sitenote_note":"","_monsterinsights_sitenote_category":0,"footnotes":"","_wpscppro_dont_share_socialmedia":false,"_wpscppro_custom_social_share_image":0,"_facebook_share_type":"","_twitter_share_type":"","_linkedin_share_type":"","_pinterest_share_type":"","_linkedin_share_type_page":"","_instagram_share_type":"","_medium_share_type":"","_threads_share_type":"","_google_business_share_type":"","_selected_social_profile":[],"_wpsp_enable_custom_social_template":false,"_wpsp_social_scheduling":{"enabled":false,"datetime":null,"platforms":[],"status":"template_only","dateOption":"today","timeOption":"now","customDays":"","customHours":"","customDate":"","customTime":"","schedulingType":"absolute"},"_wpsp_active_default_template":true},"categories":[37],"tags":[],"class_list":["post-38879","post","type-post","status-publish","format-standard","hentry","category-monde"],"aioseo_notices":[],"yoast_head":"<!-- This site is optimized with the Yoast SEO plugin v27.5 - https:\/\/yoast.com\/product\/yoast-seo-wordpress\/ -->\n<title>Guerre en Ukraine\u00a0: Wagner prend le contr\u00f4le de la ville de Bakhmout - La Sentinelle<\/title>\n<meta name=\"robots\" content=\"index, follow, max-snippet:-1, max-image-preview:large, max-video-preview:-1\" \/>\n<link rel=\"canonical\" href=\"https:\/\/lasentinelle.dz\/index.php\/2023\/04\/03\/guerre-en-ukraine-wagner-prend-le-controle-de-la-ville-de-bakhmout\/\" \/>\n<meta property=\"og:locale\" content=\"fr_FR\" \/>\n<meta property=\"og:type\" content=\"article\" \/>\n<meta property=\"og:title\" content=\"Guerre en Ukraine\u00a0: Wagner prend le contr\u00f4le de la ville de Bakhmout - La Sentinelle\" \/>\n<meta property=\"og:description\" content=\"Le groupe paramilitaire russe Wagner a revendiqu\u00e9 hier la prise de la mairie de Bakhmout, affirmant que cette conqu\u00eate signifiait\" \/>\n<meta property=\"og:url\" content=\"https:\/\/lasentinelle.dz\/index.php\/2023\/04\/03\/guerre-en-ukraine-wagner-prend-le-controle-de-la-ville-de-bakhmout\/\" \/>\n<meta property=\"og:site_name\" content=\"La Sentinelle\" \/>\n<meta property=\"article:publisher\" content=\"https:\/\/www.facebook.com\/La-Sentinelle-104059864394773\" \/>\n<meta property=\"article:published_time\" content=\"2023-04-03T21:05:00+00:00\" \/>\n<meta name=\"author\" content=\"La Sentinelle\" \/>\n<meta name=\"twitter:card\" content=\"summary_large_image\" \/>\n<meta name=\"twitter:label1\" content=\"\u00c9crit par\" \/>\n\t<meta name=\"twitter:data1\" content=\"La Sentinelle\" \/>\n\t<meta name=\"twitter:label2\" content=\"Dur\u00e9e de lecture estim\u00e9e\" \/>\n\t<meta name=\"twitter:data2\" content=\"2 minutes\" \/>\n<script type=\"application\/ld+json\" class=\"yoast-schema-graph\">{\"@context\":\"https:\\\/\\\/schema.org\",\"@graph\":[{\"@type\":\"Article\",\"@id\":\"https:\\\/\\\/lasentinelle.dz\\\/index.php\\\/2023\\\/04\\\/03\\\/guerre-en-ukraine-wagner-prend-le-controle-de-la-ville-de-bakhmout\\\/#article\",\"isPartOf\":{\"@id\":\"https:\\\/\\\/lasentinelle.dz\\\/index.php\\\/2023\\\/04\\\/03\\\/guerre-en-ukraine-wagner-prend-le-controle-de-la-ville-de-bakhmout\\\/\"},\"author\":{\"name\":\"La Sentinelle\",\"@id\":\"https:\\\/\\\/lasentinelle.dz\\\/#\\\/schema\\\/person\\\/d865044e22e70a75174ce8bcad3acfb3\"},\"headline\":\"Guerre en Ukraine\u00a0: Wagner prend le contr\u00f4le de la ville de Bakhmout\",\"datePublished\":\"2023-04-03T21:05:00+00:00\",\"mainEntityOfPage\":{\"@id\":\"https:\\\/\\\/lasentinelle.dz\\\/index.php\\\/2023\\\/04\\\/03\\\/guerre-en-ukraine-wagner-prend-le-controle-de-la-ville-de-bakhmout\\\/\"},\"wordCount\":428,\"commentCount\":0,\"publisher\":{\"@id\":\"https:\\\/\\\/lasentinelle.dz\\\/#organization\"},\"articleSection\":[\"Monde\"],\"inLanguage\":\"fr-FR\",\"potentialAction\":[{\"@type\":\"CommentAction\",\"name\":\"Comment\",\"target\":[\"https:\\\/\\\/lasentinelle.dz\\\/index.php\\\/2023\\\/04\\\/03\\\/guerre-en-ukraine-wagner-prend-le-controle-de-la-ville-de-bakhmout\\\/#respond\"]}]},{\"@type\":\"WebPage\",\"@id\":\"https:\\\/\\\/lasentinelle.dz\\\/index.php\\\/2023\\\/04\\\/03\\\/guerre-en-ukraine-wagner-prend-le-controle-de-la-ville-de-bakhmout\\\/\",\"url\":\"https:\\\/\\\/lasentinelle.dz\\\/index.php\\\/2023\\\/04\\\/03\\\/guerre-en-ukraine-wagner-prend-le-controle-de-la-ville-de-bakhmout\\\/\",\"name\":\"Guerre en Ukraine\u00a0: Wagner prend le contr\u00f4le de la ville de Bakhmout - La Sentinelle\",\"isPartOf\":{\"@id\":\"https:\\\/\\\/lasentinelle.dz\\\/#website\"},\"datePublished\":\"2023-04-03T21:05:00+00:00\",\"breadcrumb\":{\"@id\":\"https:\\\/\\\/lasentinelle.dz\\\/index.php\\\/2023\\\/04\\\/03\\\/guerre-en-ukraine-wagner-prend-le-controle-de-la-ville-de-bakhmout\\\/#breadcrumb\"},\"inLanguage\":\"fr-FR\",\"potentialAction\":[{\"@type\":\"ReadAction\",\"target\":[\"https:\\\/\\\/lasentinelle.dz\\\/index.php\\\/2023\\\/04\\\/03\\\/guerre-en-ukraine-wagner-prend-le-controle-de-la-ville-de-bakhmout\\\/\"]}]},{\"@type\":\"BreadcrumbList\",\"@id\":\"https:\\\/\\\/lasentinelle.dz\\\/index.php\\\/2023\\\/04\\\/03\\\/guerre-en-ukraine-wagner-prend-le-controle-de-la-ville-de-bakhmout\\\/#breadcrumb\",\"itemListElement\":[{\"@type\":\"ListItem\",\"position\":1,\"name\":\"Accueil\",\"item\":\"https:\\\/\\\/lasentinelle.dz\\\/\"},{\"@type\":\"ListItem\",\"position\":2,\"name\":\"Guerre en Ukraine\u00a0: Wagner prend le contr\u00f4le de la ville de Bakhmout\"}]},{\"@type\":\"WebSite\",\"@id\":\"https:\\\/\\\/lasentinelle.dz\\\/#website\",\"url\":\"https:\\\/\\\/lasentinelle.dz\\\/\",\"name\":\"La Sentinelle\",\"description\":\"Quotidien national d&#039;information\",\"publisher\":{\"@id\":\"https:\\\/\\\/lasentinelle.dz\\\/#organization\"},\"potentialAction\":[{\"@type\":\"SearchAction\",\"target\":{\"@type\":\"EntryPoint\",\"urlTemplate\":\"https:\\\/\\\/lasentinelle.dz\\\/?s={search_term_string}\"},\"query-input\":{\"@type\":\"PropertyValueSpecification\",\"valueRequired\":true,\"valueName\":\"search_term_string\"}}],\"inLanguage\":\"fr-FR\"},{\"@type\":\"Organization\",\"@id\":\"https:\\\/\\\/lasentinelle.dz\\\/#organization\",\"name\":\"Quotidien La Sentinelle\",\"url\":\"https:\\\/\\\/lasentinelle.dz\\\/\",\"logo\":{\"@type\":\"ImageObject\",\"inLanguage\":\"fr-FR\",\"@id\":\"https:\\\/\\\/lasentinelle.dz\\\/#\\\/schema\\\/logo\\\/image\\\/\",\"url\":\"https:\\\/\\\/lasentinelle.dz\\\/wp-content\\\/uploads\\\/2021\\\/09\\\/logo-sentinelleSLOGAN-1.png\",\"contentUrl\":\"https:\\\/\\\/lasentinelle.dz\\\/wp-content\\\/uploads\\\/2021\\\/09\\\/logo-sentinelleSLOGAN-1.png\",\"width\":615,\"height\":142,\"caption\":\"Quotidien La Sentinelle\"},\"image\":{\"@id\":\"https:\\\/\\\/lasentinelle.dz\\\/#\\\/schema\\\/logo\\\/image\\\/\"},\"sameAs\":[\"https:\\\/\\\/www.facebook.com\\\/La-Sentinelle-104059864394773\"]},{\"@type\":\"Person\",\"@id\":\"https:\\\/\\\/lasentinelle.dz\\\/#\\\/schema\\\/person\\\/d865044e22e70a75174ce8bcad3acfb3\",\"name\":\"La Sentinelle\",\"image\":{\"@type\":\"ImageObject\",\"inLanguage\":\"fr-FR\",\"@id\":\"https:\\\/\\\/secure.gravatar.com\\\/avatar\\\/57de8e5d4b15d43fb361a71fbb36338450fe67865b528a43dd10ef7c51a20392?s=96&d=mm&r=g\",\"url\":\"https:\\\/\\\/secure.gravatar.com\\\/avatar\\\/57de8e5d4b15d43fb361a71fbb36338450fe67865b528a43dd10ef7c51a20392?s=96&d=mm&r=g\",\"contentUrl\":\"https:\\\/\\\/secure.gravatar.com\\\/avatar\\\/57de8e5d4b15d43fb361a71fbb36338450fe67865b528a43dd10ef7c51a20392?s=96&d=mm&r=g\",\"caption\":\"La Sentinelle\"},\"sameAs\":[\"http:\\\/\\\/www.lasentinelle.dz\"],\"url\":\"https:\\\/\\\/lasentinelle.dz\\\/author\\\/redaction\\\/\"}]}<\/script>\n<!-- \/ Yoast SEO plugin. -->","yoast_head_json":{"title":"Guerre en Ukraine\u00a0: Wagner prend le contr\u00f4le de la ville de Bakhmout - La Sentinelle","robots":{"index":"index","follow":"follow","max-snippet":"max-snippet:-1","max-image-preview":"max-image-preview:large","max-video-preview":"max-video-preview:-1"},"canonical":"https:\/\/lasentinelle.dz\/index.php\/2023\/04\/03\/guerre-en-ukraine-wagner-prend-le-controle-de-la-ville-de-bakhmout\/","og_locale":"fr_FR","og_type":"article","og_title":"Guerre en Ukraine\u00a0: Wagner prend le contr\u00f4le de la ville de Bakhmout - La Sentinelle","og_description":"Le groupe paramilitaire russe Wagner a revendiqu\u00e9 hier la prise de la mairie de Bakhmout, affirmant que cette conqu\u00eate signifiait","og_url":"https:\/\/lasentinelle.dz\/index.php\/2023\/04\/03\/guerre-en-ukraine-wagner-prend-le-controle-de-la-ville-de-bakhmout\/","og_site_name":"La Sentinelle","article_publisher":"https:\/\/www.facebook.com\/La-Sentinelle-104059864394773","article_published_time":"2023-04-03T21:05:00+00:00","author":"La Sentinelle","twitter_card":"summary_large_image","twitter_misc":{"\u00c9crit par":"La Sentinelle","Dur\u00e9e de lecture estim\u00e9e":"2 minutes"},"schema":{"@context":"https:\/\/schema.org","@graph":[{"@type":"Article","@id":"https:\/\/lasentinelle.dz\/index.php\/2023\/04\/03\/guerre-en-ukraine-wagner-prend-le-controle-de-la-ville-de-bakhmout\/#article","isPartOf":{"@id":"https:\/\/lasentinelle.dz\/index.php\/2023\/04\/03\/guerre-en-ukraine-wagner-prend-le-controle-de-la-ville-de-bakhmout\/"},"author":{"name":"La Sentinelle","@id":"https:\/\/lasentinelle.dz\/#\/schema\/person\/d865044e22e70a75174ce8bcad3acfb3"},"headline":"Guerre en Ukraine\u00a0: Wagner prend le contr\u00f4le de la ville de Bakhmout","datePublished":"2023-04-03T21:05:00+00:00","mainEntityOfPage":{"@id":"https:\/\/lasentinelle.dz\/index.php\/2023\/04\/03\/guerre-en-ukraine-wagner-prend-le-controle-de-la-ville-de-bakhmout\/"},"wordCount":428,"commentCount":0,"publisher":{"@id":"https:\/\/lasentinelle.dz\/#organization"},"articleSection":["Monde"],"inLanguage":"fr-FR","potentialAction":[{"@type":"CommentAction","name":"Comment","target":["https:\/\/lasentinelle.dz\/index.php\/2023\/04\/03\/guerre-en-ukraine-wagner-prend-le-controle-de-la-ville-de-bakhmout\/#respond"]}]},{"@type":"WebPage","@id":"https:\/\/lasentinelle.dz\/index.php\/2023\/04\/03\/guerre-en-ukraine-wagner-prend-le-controle-de-la-ville-de-bakhmout\/","url":"https:\/\/lasentinelle.dz\/index.php\/2023\/04\/03\/guerre-en-ukraine-wagner-prend-le-controle-de-la-ville-de-bakhmout\/","name":"Guerre en Ukraine\u00a0: Wagner prend le contr\u00f4le de la ville de Bakhmout - La Sentinelle","isPartOf":{"@id":"https:\/\/lasentinelle.dz\/#website"},"datePublished":"2023-04-03T21:05:00+00:00","breadcrumb":{"@id":"https:\/\/lasentinelle.dz\/index.php\/2023\/04\/03\/guerre-en-ukraine-wagner-prend-le-controle-de-la-ville-de-bakhmout\/#breadcrumb"},"inLanguage":"fr-FR","potentialAction":[{"@type":"ReadAction","target":["https:\/\/lasentinelle.dz\/index.php\/2023\/04\/03\/guerre-en-ukraine-wagner-prend-le-controle-de-la-ville-de-bakhmout\/"]}]},{"@type":"BreadcrumbList","@id":"https:\/\/lasentinelle.dz\/index.php\/2023\/04\/03\/guerre-en-ukraine-wagner-prend-le-controle-de-la-ville-de-bakhmout\/#breadcrumb","itemListElement":[{"@type":"ListItem","position":1,"name":"Accueil","item":"https:\/\/lasentinelle.dz\/"},{"@type":"ListItem","position":2,"name":"Guerre en Ukraine\u00a0: Wagner prend le contr\u00f4le de la ville de Bakhmout"}]},{"@type":"WebSite","@id":"https:\/\/lasentinelle.dz\/#website","url":"https:\/\/lasentinelle.dz\/","name":"La Sentinelle","description":"Quotidien national d&#039;information","publisher":{"@id":"https:\/\/lasentinelle.dz\/#organization"},"potentialAction":[{"@type":"SearchAction","target":{"@type":"EntryPoint","urlTemplate":"https:\/\/lasentinelle.dz\/?s={search_term_string}"},"query-input":{"@type":"PropertyValueSpecification","valueRequired":true,"valueName":"search_term_string"}}],"inLanguage":"fr-FR"},{"@type":"Organization","@id":"https:\/\/lasentinelle.dz\/#organization","name":"Quotidien La Sentinelle","url":"https:\/\/lasentinelle.dz\/","logo":{"@type":"ImageObject","inLanguage":"fr-FR","@id":"https:\/\/lasentinelle.dz\/#\/schema\/logo\/image\/","url":"https:\/\/lasentinelle.dz\/wp-content\/uploads\/2021\/09\/logo-sentinelleSLOGAN-1.png","contentUrl":"https:\/\/lasentinelle.dz\/wp-content\/uploads\/2021\/09\/logo-sentinelleSLOGAN-1.png","width":615,"height":142,"caption":"Quotidien La Sentinelle"},"image":{"@id":"https:\/\/lasentinelle.dz\/#\/schema\/logo\/image\/"},"sameAs":["https:\/\/www.facebook.com\/La-Sentinelle-104059864394773"]},{"@type":"Person","@id":"https:\/\/lasentinelle.dz\/#\/schema\/person\/d865044e22e70a75174ce8bcad3acfb3","name":"La Sentinelle","image":{"@type":"ImageObject","inLanguage":"fr-FR","@id":"https:\/\/secure.gravatar.com\/avatar\/57de8e5d4b15d43fb361a71fbb36338450fe67865b528a43dd10ef7c51a20392?s=96&d=mm&r=g","url":"https:\/\/secure.gravatar.com\/avatar\/57de8e5d4b15d43fb361a71fbb36338450fe67865b528a43dd10ef7c51a20392?s=96&d=mm&r=g","contentUrl":"https:\/\/secure.gravatar.com\/avatar\/57de8e5d4b15d43fb361a71fbb36338450fe67865b528a43dd10ef7c51a20392?s=96&d=mm&r=g","caption":"La Sentinelle"},"sameAs":["http:\/\/www.lasentinelle.dz"],"url":"https:\/\/lasentinelle.dz\/author\/redaction\/"}]}},"_links":{"self":[{"href":"https:\/\/lasentinelle.dz\/index.php\/wp-json\/wp\/v2\/posts\/38879","targetHints":{"allow":["GET"]}}],"collection":[{"href":"https:\/\/lasentinelle.dz\/index.php\/wp-json\/wp\/v2\/posts"}],"about":[{"href":"https:\/\/lasentinelle.dz\/index.php\/wp-json\/wp\/v2\/types\/post"}],"author":[{"embeddable":true,"href":"https:\/\/lasentinelle.dz\/index.php\/wp-json\/wp\/v2\/users\/3"}],"replies":[{"embeddable":true,"href":"https:\/\/lasentinelle.dz\/index.php\/wp-json\/wp\/v2\/comments?post=38879"}],"version-history":[{"count":1,"href":"https:\/\/lasentinelle.dz\/index.php\/wp-json\/wp\/v2\/posts\/38879\/revisions"}],"predecessor-version":[{"id":38894,"href":"https:\/\/lasentinelle.dz\/index.php\/wp-json\/wp\/v2\/posts\/38879\/revisions\/38894"}],"wp:attachment":[{"href":"https:\/\/lasentinelle.dz\/index.php\/wp-json\/wp\/v2\/media?parent=38879"}],"wp:term":[{"taxonomy":"category","embeddable":true,"href":"https:\/\/lasentinelle.dz\/index.php\/wp-json\/wp\/v2\/categories?post=38879"},{"taxonomy":"post_tag","embeddable":true,"href":"https:\/\/lasentinelle.dz\/index.php\/wp-json\/wp\/v2\/tags?post=38879"}],"curies":[{"name":"wp","href":"https:\/\/api.w.org\/{rel}","templated":true}]}}