{"id":38922,"date":"2023-04-03T22:05:00","date_gmt":"2023-04-03T21:05:00","guid":{"rendered":"https:\/\/lasentinelle.dz\/?p=38922"},"modified":"2023-04-03T20:16:23","modified_gmt":"2023-04-03T19:16:23","slug":"le-president-du-conseil-de-la-nation-recoit-lambassadeur-egyptien-en-algerie-la-centralite-de-la-cause-palestinienne-soulignee","status":"publish","type":"post","link":"https:\/\/lasentinelle.dz\/index.php\/2023\/04\/03\/le-president-du-conseil-de-la-nation-recoit-lambassadeur-egyptien-en-algerie-la-centralite-de-la-cause-palestinienne-soulignee\/","title":{"rendered":"Le pr\u00e9sident du Conseil de la nation re\u00e7oit l\u2019ambassadeur \u00e9gyptien en Alg\u00e9rie\u00a0: La centralit\u00e9 de la cause palestinienne soulign\u00e9e"},"content":{"rendered":"\n<p>&nbsp;Le pr\u00e9sident du Conseil de la nation, M. Salah Goudjil, a re\u00e7u lundi l\u2019ambassadeur de la R\u00e9publique d\u2019Egypte en Alg\u00e9rie, Mokhtar Gamil Tawfik Warida, a indiqu\u00e9 un communiqu\u00e9 de la Chambre haute du Parlement. Lors de cette audience qui s\u2019est d\u00e9roul\u00e9e \u00e0 la demande de l\u2019ambassadeur \u00e9gyptien, M. Goudjil a re\u00e7u une lettre \u00e9crite de son homologue \u00e9gyptien, Abdelwahab Abderrazak, l&rsquo;invitant \u00e0 effectuer une visite officielle en Egypte. La visite pr\u00e9vue du pr\u00e9sident du Conseil de la nation s\u2019inscrira, selon le communiqu\u00e9, dans \u00ab\u00a0le cadre de la relance de la diplomatie parlementaire pour l\u2019adapter \u00e0 la dynamique politique que connaissent les relations bilat\u00e9rales\u00a0\u00bb, et ce \u00e0 la lumi\u00e8re des directives des dirigeants des deux pays MM. Abdelmadjid Tebboune et Abdel Fattah Al-Sissi. La rencontre a permis, \u00e9galement, d&rsquo;\u00e9voquer les liens unissant les deux peuples et les deux pays. A ce titre, l\u2019ambassadeur \u00e9gyptien a exprim\u00e9 \u00ab\u00a0la disposition de son pays d\u2019approfondir et de porter ces liens \u00e0 travers le dialogue politique strat\u00e9gique au niveau du partenariat strat\u00e9gique, et ce au regard de la volont\u00e9 des deux pays fr\u00e8res de poursuivre l\u2019action commune et la coordination autour des diff\u00e9rentes questions r\u00e9gionales et internationales\u00a0\u00bb. Dans le m\u00eame sillage, M. Goudjil a rappel\u00e9 les fondements de la politique \u00e9trang\u00e8re de l\u2019Alg\u00e9rie et insist\u00e9 sur \u00ab\u00a0la centralit\u00e9 de la cause palestinienne, et la n\u00e9cessit\u00e9 d\u2019unifier les rangs des Palestiniens, en vue de leur permettre d\u2019acc\u00e9der \u00e0 leur droit \u00e0 un Etat ind\u00e9pendant, \u00e0 travers la mise en \u0153uvre des r\u00e9solutions pertinentes de l\u2019ONU\u00a0\u00bb. Le m\u00eame responsable a, en outre, \u00e9voqu\u00e9 le principe du droit des peuples \u00e0 l\u2019autod\u00e9termination, et relev\u00e9 \u00ab\u00a0la n\u00e9cessit\u00e9 d\u2019\u0153uvrer pour la cons\u00e9cration d\u2019une nouvelle notion du non-alignement, notamment au regard des enjeux auxquels sont confront\u00e9s les pays non-align\u00e9s, ainsi que leur s\u00e9curit\u00e9 nationale et leur stabilit\u00e9 dans un monde en constante mutation\u00a0\u00bb, ce qui requiert, selon lui, davantage de coordination pour renforcer l\u2019immunit\u00e9 de nos peuples et la s\u00e9curit\u00e9 de leurs pays.<\/p>\n\n\n\n<p>APS<\/p>\n","protected":false},"excerpt":{"rendered":"<p>&nbsp;Le pr\u00e9sident du Conseil de la nation, M. Salah Goudjil, a re\u00e7u lundi l\u2019ambassadeur de la R\u00e9publique d\u2019Egypte en Alg\u00e9rie,<\/p>\n","protected":false},"author":3,"featured_media":38932,"comment_status":"open","ping_status":"closed","sticky":false,"template":"","format":"standard","meta":{"colormag_page_container_layout":"default_layout","colormag_page_sidebar_layout":"default_layout","om_disable_all_campaigns":false,"_monsterinsights_skip_tracking":false,"_monsterinsights_sitenote_active":false,"_monsterinsights_sitenote_note":"","_monsterinsights_sitenote_category":0,"footnotes":"","_wpscppro_dont_share_socialmedia":false,"_wpscppro_custom_social_share_image":0,"_facebook_share_type":"","_twitter_share_type":"","_linkedin_share_type":"","_pinterest_share_type":"","_linkedin_share_type_page":"","_instagram_share_type":"","_medium_share_type":"","_threads_share_type":"","_google_business_share_type":"","_selected_social_profile":[],"_wpsp_enable_custom_social_template":false,"_wpsp_social_scheduling":{"enabled":false,"datetime":null,"platforms":[],"status":"template_only","dateOption":"today","timeOption":"now","customDays":"","customHours":"","customDate":"","customTime":"","schedulingType":"absolute"},"_wpsp_active_default_template":true},"categories":[27],"tags":[],"class_list":["post-38922","post","type-post","status-publish","format-standard","has-post-thumbnail","hentry","category-actualite"],"aioseo_notices":[],"yoast_head":"<!-- This site is optimized with the Yoast SEO plugin v27.5 - https:\/\/yoast.com\/product\/yoast-seo-wordpress\/ -->\n<title>Le pr\u00e9sident du Conseil de la nation re\u00e7oit l\u2019ambassadeur \u00e9gyptien en Alg\u00e9rie\u00a0: La centralit\u00e9 de la cause palestinienne soulign\u00e9e - La Sentinelle<\/title>\n<meta name=\"robots\" content=\"index, follow, max-snippet:-1, max-image-preview:large, max-video-preview:-1\" \/>\n<link rel=\"canonical\" href=\"https:\/\/lasentinelle.dz\/index.php\/2023\/04\/03\/le-president-du-conseil-de-la-nation-recoit-lambassadeur-egyptien-en-algerie-la-centralite-de-la-cause-palestinienne-soulignee\/\" \/>\n<meta property=\"og:locale\" content=\"fr_FR\" \/>\n<meta property=\"og:type\" content=\"article\" \/>\n<meta property=\"og:title\" content=\"Le pr\u00e9sident du Conseil de la nation re\u00e7oit l\u2019ambassadeur \u00e9gyptien en Alg\u00e9rie\u00a0: La centralit\u00e9 de la cause palestinienne soulign\u00e9e - La Sentinelle\" \/>\n<meta property=\"og:description\" content=\"&nbsp;Le pr\u00e9sident du Conseil de la nation, M. Salah Goudjil, a re\u00e7u lundi l\u2019ambassadeur de la R\u00e9publique d\u2019Egypte en Alg\u00e9rie,\" \/>\n<meta property=\"og:url\" content=\"https:\/\/lasentinelle.dz\/index.php\/2023\/04\/03\/le-president-du-conseil-de-la-nation-recoit-lambassadeur-egyptien-en-algerie-la-centralite-de-la-cause-palestinienne-soulignee\/\" \/>\n<meta property=\"og:site_name\" content=\"La Sentinelle\" \/>\n<meta property=\"article:publisher\" content=\"https:\/\/www.facebook.com\/La-Sentinelle-104059864394773\" \/>\n<meta property=\"article:published_time\" content=\"2023-04-03T21:05:00+00:00\" \/>\n<meta property=\"og:image\" content=\"https:\/\/lasentinelle.dz\/wp-content\/uploads\/2023\/04\/image_2023-04-03_195806030.png\" \/>\n\t<meta property=\"og:image:width\" content=\"745\" \/>\n\t<meta property=\"og:image:height\" content=\"470\" \/>\n\t<meta property=\"og:image:type\" content=\"image\/png\" \/>\n<meta name=\"author\" content=\"La Sentinelle\" \/>\n<meta name=\"twitter:card\" content=\"summary_large_image\" \/>\n<meta name=\"twitter:label1\" content=\"\u00c9crit par\" \/>\n\t<meta name=\"twitter:data1\" content=\"La Sentinelle\" \/>\n\t<meta name=\"twitter:label2\" content=\"Dur\u00e9e de lecture estim\u00e9e\" \/>\n\t<meta name=\"twitter:data2\" content=\"2 minutes\" \/>\n<script type=\"application\/ld+json\" class=\"yoast-schema-graph\">{\"@context\":\"https:\\\/\\\/schema.org\",\"@graph\":[{\"@type\":\"Article\",\"@id\":\"https:\\\/\\\/lasentinelle.dz\\\/index.php\\\/2023\\\/04\\\/03\\\/le-president-du-conseil-de-la-nation-recoit-lambassadeur-egyptien-en-algerie-la-centralite-de-la-cause-palestinienne-soulignee\\\/#article\",\"isPartOf\":{\"@id\":\"https:\\\/\\\/lasentinelle.dz\\\/index.php\\\/2023\\\/04\\\/03\\\/le-president-du-conseil-de-la-nation-recoit-lambassadeur-egyptien-en-algerie-la-centralite-de-la-cause-palestinienne-soulignee\\\/\"},\"author\":{\"name\":\"La Sentinelle\",\"@id\":\"https:\\\/\\\/lasentinelle.dz\\\/#\\\/schema\\\/person\\\/d865044e22e70a75174ce8bcad3acfb3\"},\"headline\":\"Le pr\u00e9sident du Conseil de la nation re\u00e7oit l\u2019ambassadeur \u00e9gyptien en Alg\u00e9rie\u00a0: La centralit\u00e9 de la cause palestinienne soulign\u00e9e\",\"datePublished\":\"2023-04-03T21:05:00+00:00\",\"mainEntityOfPage\":{\"@id\":\"https:\\\/\\\/lasentinelle.dz\\\/index.php\\\/2023\\\/04\\\/03\\\/le-president-du-conseil-de-la-nation-recoit-lambassadeur-egyptien-en-algerie-la-centralite-de-la-cause-palestinienne-soulignee\\\/\"},\"wordCount\":389,\"commentCount\":0,\"publisher\":{\"@id\":\"https:\\\/\\\/lasentinelle.dz\\\/#organization\"},\"image\":{\"@id\":\"https:\\\/\\\/lasentinelle.dz\\\/index.php\\\/2023\\\/04\\\/03\\\/le-president-du-conseil-de-la-nation-recoit-lambassadeur-egyptien-en-algerie-la-centralite-de-la-cause-palestinienne-soulignee\\\/#primaryimage\"},\"thumbnailUrl\":\"https:\\\/\\\/lasentinelle.dz\\\/wp-content\\\/uploads\\\/2023\\\/04\\\/image_2023-04-03_195806030.png\",\"articleSection\":[\"Actualit\u00e9\"],\"inLanguage\":\"fr-FR\",\"potentialAction\":[{\"@type\":\"CommentAction\",\"name\":\"Comment\",\"target\":[\"https:\\\/\\\/lasentinelle.dz\\\/index.php\\\/2023\\\/04\\\/03\\\/le-president-du-conseil-de-la-nation-recoit-lambassadeur-egyptien-en-algerie-la-centralite-de-la-cause-palestinienne-soulignee\\\/#respond\"]}]},{\"@type\":\"WebPage\",\"@id\":\"https:\\\/\\\/lasentinelle.dz\\\/index.php\\\/2023\\\/04\\\/03\\\/le-president-du-conseil-de-la-nation-recoit-lambassadeur-egyptien-en-algerie-la-centralite-de-la-cause-palestinienne-soulignee\\\/\",\"url\":\"https:\\\/\\\/lasentinelle.dz\\\/index.php\\\/2023\\\/04\\\/03\\\/le-president-du-conseil-de-la-nation-recoit-lambassadeur-egyptien-en-algerie-la-centralite-de-la-cause-palestinienne-soulignee\\\/\",\"name\":\"Le pr\u00e9sident du Conseil de la nation re\u00e7oit l\u2019ambassadeur \u00e9gyptien en Alg\u00e9rie\u00a0: La centralit\u00e9 de la cause palestinienne soulign\u00e9e - La Sentinelle\",\"isPartOf\":{\"@id\":\"https:\\\/\\\/lasentinelle.dz\\\/#website\"},\"primaryImageOfPage\":{\"@id\":\"https:\\\/\\\/lasentinelle.dz\\\/index.php\\\/2023\\\/04\\\/03\\\/le-president-du-conseil-de-la-nation-recoit-lambassadeur-egyptien-en-algerie-la-centralite-de-la-cause-palestinienne-soulignee\\\/#primaryimage\"},\"image\":{\"@id\":\"https:\\\/\\\/lasentinelle.dz\\\/index.php\\\/2023\\\/04\\\/03\\\/le-president-du-conseil-de-la-nation-recoit-lambassadeur-egyptien-en-algerie-la-centralite-de-la-cause-palestinienne-soulignee\\\/#primaryimage\"},\"thumbnailUrl\":\"https:\\\/\\\/lasentinelle.dz\\\/wp-content\\\/uploads\\\/2023\\\/04\\\/image_2023-04-03_195806030.png\",\"datePublished\":\"2023-04-03T21:05:00+00:00\",\"breadcrumb\":{\"@id\":\"https:\\\/\\\/lasentinelle.dz\\\/index.php\\\/2023\\\/04\\\/03\\\/le-president-du-conseil-de-la-nation-recoit-lambassadeur-egyptien-en-algerie-la-centralite-de-la-cause-palestinienne-soulignee\\\/#breadcrumb\"},\"inLanguage\":\"fr-FR\",\"potentialAction\":[{\"@type\":\"ReadAction\",\"target\":[\"https:\\\/\\\/lasentinelle.dz\\\/index.php\\\/2023\\\/04\\\/03\\\/le-president-du-conseil-de-la-nation-recoit-lambassadeur-egyptien-en-algerie-la-centralite-de-la-cause-palestinienne-soulignee\\\/\"]}]},{\"@type\":\"ImageObject\",\"inLanguage\":\"fr-FR\",\"@id\":\"https:\\\/\\\/lasentinelle.dz\\\/index.php\\\/2023\\\/04\\\/03\\\/le-president-du-conseil-de-la-nation-recoit-lambassadeur-egyptien-en-algerie-la-centralite-de-la-cause-palestinienne-soulignee\\\/#primaryimage\",\"url\":\"https:\\\/\\\/lasentinelle.dz\\\/wp-content\\\/uploads\\\/2023\\\/04\\\/image_2023-04-03_195806030.png\",\"contentUrl\":\"https:\\\/\\\/lasentinelle.dz\\\/wp-content\\\/uploads\\\/2023\\\/04\\\/image_2023-04-03_195806030.png\",\"width\":745,\"height\":470},{\"@type\":\"BreadcrumbList\",\"@id\":\"https:\\\/\\\/lasentinelle.dz\\\/index.php\\\/2023\\\/04\\\/03\\\/le-president-du-conseil-de-la-nation-recoit-lambassadeur-egyptien-en-algerie-la-centralite-de-la-cause-palestinienne-soulignee\\\/#breadcrumb\",\"itemListElement\":[{\"@type\":\"ListItem\",\"position\":1,\"name\":\"Accueil\",\"item\":\"https:\\\/\\\/lasentinelle.dz\\\/\"},{\"@type\":\"ListItem\",\"position\":2,\"name\":\"Le pr\u00e9sident du Conseil de la nation re\u00e7oit l\u2019ambassadeur \u00e9gyptien en Alg\u00e9rie\u00a0: La centralit\u00e9 de la cause palestinienne soulign\u00e9e\"}]},{\"@type\":\"WebSite\",\"@id\":\"https:\\\/\\\/lasentinelle.dz\\\/#website\",\"url\":\"https:\\\/\\\/lasentinelle.dz\\\/\",\"name\":\"La Sentinelle\",\"description\":\"Quotidien national d&#039;information\",\"publisher\":{\"@id\":\"https:\\\/\\\/lasentinelle.dz\\\/#organization\"},\"potentialAction\":[{\"@type\":\"SearchAction\",\"target\":{\"@type\":\"EntryPoint\",\"urlTemplate\":\"https:\\\/\\\/lasentinelle.dz\\\/?s={search_term_string}\"},\"query-input\":{\"@type\":\"PropertyValueSpecification\",\"valueRequired\":true,\"valueName\":\"search_term_string\"}}],\"inLanguage\":\"fr-FR\"},{\"@type\":\"Organization\",\"@id\":\"https:\\\/\\\/lasentinelle.dz\\\/#organization\",\"name\":\"Quotidien La Sentinelle\",\"url\":\"https:\\\/\\\/lasentinelle.dz\\\/\",\"logo\":{\"@type\":\"ImageObject\",\"inLanguage\":\"fr-FR\",\"@id\":\"https:\\\/\\\/lasentinelle.dz\\\/#\\\/schema\\\/logo\\\/image\\\/\",\"url\":\"https:\\\/\\\/lasentinelle.dz\\\/wp-content\\\/uploads\\\/2021\\\/09\\\/logo-sentinelleSLOGAN-1.png\",\"contentUrl\":\"https:\\\/\\\/lasentinelle.dz\\\/wp-content\\\/uploads\\\/2021\\\/09\\\/logo-sentinelleSLOGAN-1.png\",\"width\":615,\"height\":142,\"caption\":\"Quotidien La Sentinelle\"},\"image\":{\"@id\":\"https:\\\/\\\/lasentinelle.dz\\\/#\\\/schema\\\/logo\\\/image\\\/\"},\"sameAs\":[\"https:\\\/\\\/www.facebook.com\\\/La-Sentinelle-104059864394773\"]},{\"@type\":\"Person\",\"@id\":\"https:\\\/\\\/lasentinelle.dz\\\/#\\\/schema\\\/person\\\/d865044e22e70a75174ce8bcad3acfb3\",\"name\":\"La Sentinelle\",\"image\":{\"@type\":\"ImageObject\",\"inLanguage\":\"fr-FR\",\"@id\":\"https:\\\/\\\/secure.gravatar.com\\\/avatar\\\/57de8e5d4b15d43fb361a71fbb36338450fe67865b528a43dd10ef7c51a20392?s=96&d=mm&r=g\",\"url\":\"https:\\\/\\\/secure.gravatar.com\\\/avatar\\\/57de8e5d4b15d43fb361a71fbb36338450fe67865b528a43dd10ef7c51a20392?s=96&d=mm&r=g\",\"contentUrl\":\"https:\\\/\\\/secure.gravatar.com\\\/avatar\\\/57de8e5d4b15d43fb361a71fbb36338450fe67865b528a43dd10ef7c51a20392?s=96&d=mm&r=g\",\"caption\":\"La Sentinelle\"},\"sameAs\":[\"http:\\\/\\\/www.lasentinelle.dz\"],\"url\":\"https:\\\/\\\/lasentinelle.dz\\\/author\\\/redaction\\\/\"}]}<\/script>\n<!-- \/ Yoast SEO plugin. -->","yoast_head_json":{"title":"Le pr\u00e9sident du Conseil de la nation re\u00e7oit l\u2019ambassadeur \u00e9gyptien en Alg\u00e9rie\u00a0: La centralit\u00e9 de la cause palestinienne soulign\u00e9e - La Sentinelle","robots":{"index":"index","follow":"follow","max-snippet":"max-snippet:-1","max-image-preview":"max-image-preview:large","max-video-preview":"max-video-preview:-1"},"canonical":"https:\/\/lasentinelle.dz\/index.php\/2023\/04\/03\/le-president-du-conseil-de-la-nation-recoit-lambassadeur-egyptien-en-algerie-la-centralite-de-la-cause-palestinienne-soulignee\/","og_locale":"fr_FR","og_type":"article","og_title":"Le pr\u00e9sident du Conseil de la nation re\u00e7oit l\u2019ambassadeur \u00e9gyptien en Alg\u00e9rie\u00a0: La centralit\u00e9 de la cause palestinienne soulign\u00e9e - La Sentinelle","og_description":"&nbsp;Le pr\u00e9sident du Conseil de la nation, M. Salah Goudjil, a re\u00e7u lundi l\u2019ambassadeur de la R\u00e9publique d\u2019Egypte en Alg\u00e9rie,","og_url":"https:\/\/lasentinelle.dz\/index.php\/2023\/04\/03\/le-president-du-conseil-de-la-nation-recoit-lambassadeur-egyptien-en-algerie-la-centralite-de-la-cause-palestinienne-soulignee\/","og_site_name":"La Sentinelle","article_publisher":"https:\/\/www.facebook.com\/La-Sentinelle-104059864394773","article_published_time":"2023-04-03T21:05:00+00:00","og_image":[{"width":745,"height":470,"url":"https:\/\/lasentinelle.dz\/wp-content\/uploads\/2023\/04\/image_2023-04-03_195806030.png","type":"image\/png"}],"author":"La Sentinelle","twitter_card":"summary_large_image","twitter_misc":{"\u00c9crit par":"La Sentinelle","Dur\u00e9e de lecture estim\u00e9e":"2 minutes"},"schema":{"@context":"https:\/\/schema.org","@graph":[{"@type":"Article","@id":"https:\/\/lasentinelle.dz\/index.php\/2023\/04\/03\/le-president-du-conseil-de-la-nation-recoit-lambassadeur-egyptien-en-algerie-la-centralite-de-la-cause-palestinienne-soulignee\/#article","isPartOf":{"@id":"https:\/\/lasentinelle.dz\/index.php\/2023\/04\/03\/le-president-du-conseil-de-la-nation-recoit-lambassadeur-egyptien-en-algerie-la-centralite-de-la-cause-palestinienne-soulignee\/"},"author":{"name":"La Sentinelle","@id":"https:\/\/lasentinelle.dz\/#\/schema\/person\/d865044e22e70a75174ce8bcad3acfb3"},"headline":"Le pr\u00e9sident du Conseil de la nation re\u00e7oit l\u2019ambassadeur \u00e9gyptien en Alg\u00e9rie\u00a0: La centralit\u00e9 de la cause palestinienne soulign\u00e9e","datePublished":"2023-04-03T21:05:00+00:00","mainEntityOfPage":{"@id":"https:\/\/lasentinelle.dz\/index.php\/2023\/04\/03\/le-president-du-conseil-de-la-nation-recoit-lambassadeur-egyptien-en-algerie-la-centralite-de-la-cause-palestinienne-soulignee\/"},"wordCount":389,"commentCount":0,"publisher":{"@id":"https:\/\/lasentinelle.dz\/#organization"},"image":{"@id":"https:\/\/lasentinelle.dz\/index.php\/2023\/04\/03\/le-president-du-conseil-de-la-nation-recoit-lambassadeur-egyptien-en-algerie-la-centralite-de-la-cause-palestinienne-soulignee\/#primaryimage"},"thumbnailUrl":"https:\/\/lasentinelle.dz\/wp-content\/uploads\/2023\/04\/image_2023-04-03_195806030.png","articleSection":["Actualit\u00e9"],"inLanguage":"fr-FR","potentialAction":[{"@type":"CommentAction","name":"Comment","target":["https:\/\/lasentinelle.dz\/index.php\/2023\/04\/03\/le-president-du-conseil-de-la-nation-recoit-lambassadeur-egyptien-en-algerie-la-centralite-de-la-cause-palestinienne-soulignee\/#respond"]}]},{"@type":"WebPage","@id":"https:\/\/lasentinelle.dz\/index.php\/2023\/04\/03\/le-president-du-conseil-de-la-nation-recoit-lambassadeur-egyptien-en-algerie-la-centralite-de-la-cause-palestinienne-soulignee\/","url":"https:\/\/lasentinelle.dz\/index.php\/2023\/04\/03\/le-president-du-conseil-de-la-nation-recoit-lambassadeur-egyptien-en-algerie-la-centralite-de-la-cause-palestinienne-soulignee\/","name":"Le pr\u00e9sident du Conseil de la nation re\u00e7oit l\u2019ambassadeur \u00e9gyptien en Alg\u00e9rie\u00a0: La centralit\u00e9 de la cause palestinienne soulign\u00e9e - La Sentinelle","isPartOf":{"@id":"https:\/\/lasentinelle.dz\/#website"},"primaryImageOfPage":{"@id":"https:\/\/lasentinelle.dz\/index.php\/2023\/04\/03\/le-president-du-conseil-de-la-nation-recoit-lambassadeur-egyptien-en-algerie-la-centralite-de-la-cause-palestinienne-soulignee\/#primaryimage"},"image":{"@id":"https:\/\/lasentinelle.dz\/index.php\/2023\/04\/03\/le-president-du-conseil-de-la-nation-recoit-lambassadeur-egyptien-en-algerie-la-centralite-de-la-cause-palestinienne-soulignee\/#primaryimage"},"thumbnailUrl":"https:\/\/lasentinelle.dz\/wp-content\/uploads\/2023\/04\/image_2023-04-03_195806030.png","datePublished":"2023-04-03T21:05:00+00:00","breadcrumb":{"@id":"https:\/\/lasentinelle.dz\/index.php\/2023\/04\/03\/le-president-du-conseil-de-la-nation-recoit-lambassadeur-egyptien-en-algerie-la-centralite-de-la-cause-palestinienne-soulignee\/#breadcrumb"},"inLanguage":"fr-FR","potentialAction":[{"@type":"ReadAction","target":["https:\/\/lasentinelle.dz\/index.php\/2023\/04\/03\/le-president-du-conseil-de-la-nation-recoit-lambassadeur-egyptien-en-algerie-la-centralite-de-la-cause-palestinienne-soulignee\/"]}]},{"@type":"ImageObject","inLanguage":"fr-FR","@id":"https:\/\/lasentinelle.dz\/index.php\/2023\/04\/03\/le-president-du-conseil-de-la-nation-recoit-lambassadeur-egyptien-en-algerie-la-centralite-de-la-cause-palestinienne-soulignee\/#primaryimage","url":"https:\/\/lasentinelle.dz\/wp-content\/uploads\/2023\/04\/image_2023-04-03_195806030.png","contentUrl":"https:\/\/lasentinelle.dz\/wp-content\/uploads\/2023\/04\/image_2023-04-03_195806030.png","width":745,"height":470},{"@type":"BreadcrumbList","@id":"https:\/\/lasentinelle.dz\/index.php\/2023\/04\/03\/le-president-du-conseil-de-la-nation-recoit-lambassadeur-egyptien-en-algerie-la-centralite-de-la-cause-palestinienne-soulignee\/#breadcrumb","itemListElement":[{"@type":"ListItem","position":1,"name":"Accueil","item":"https:\/\/lasentinelle.dz\/"},{"@type":"ListItem","position":2,"name":"Le pr\u00e9sident du Conseil de la nation re\u00e7oit l\u2019ambassadeur \u00e9gyptien en Alg\u00e9rie\u00a0: La centralit\u00e9 de la cause palestinienne soulign\u00e9e"}]},{"@type":"WebSite","@id":"https:\/\/lasentinelle.dz\/#website","url":"https:\/\/lasentinelle.dz\/","name":"La Sentinelle","description":"Quotidien national d&#039;information","publisher":{"@id":"https:\/\/lasentinelle.dz\/#organization"},"potentialAction":[{"@type":"SearchAction","target":{"@type":"EntryPoint","urlTemplate":"https:\/\/lasentinelle.dz\/?s={search_term_string}"},"query-input":{"@type":"PropertyValueSpecification","valueRequired":true,"valueName":"search_term_string"}}],"inLanguage":"fr-FR"},{"@type":"Organization","@id":"https:\/\/lasentinelle.dz\/#organization","name":"Quotidien La Sentinelle","url":"https:\/\/lasentinelle.dz\/","logo":{"@type":"ImageObject","inLanguage":"fr-FR","@id":"https:\/\/lasentinelle.dz\/#\/schema\/logo\/image\/","url":"https:\/\/lasentinelle.dz\/wp-content\/uploads\/2021\/09\/logo-sentinelleSLOGAN-1.png","contentUrl":"https:\/\/lasentinelle.dz\/wp-content\/uploads\/2021\/09\/logo-sentinelleSLOGAN-1.png","width":615,"height":142,"caption":"Quotidien La Sentinelle"},"image":{"@id":"https:\/\/lasentinelle.dz\/#\/schema\/logo\/image\/"},"sameAs":["https:\/\/www.facebook.com\/La-Sentinelle-104059864394773"]},{"@type":"Person","@id":"https:\/\/lasentinelle.dz\/#\/schema\/person\/d865044e22e70a75174ce8bcad3acfb3","name":"La Sentinelle","image":{"@type":"ImageObject","inLanguage":"fr-FR","@id":"https:\/\/secure.gravatar.com\/avatar\/57de8e5d4b15d43fb361a71fbb36338450fe67865b528a43dd10ef7c51a20392?s=96&d=mm&r=g","url":"https:\/\/secure.gravatar.com\/avatar\/57de8e5d4b15d43fb361a71fbb36338450fe67865b528a43dd10ef7c51a20392?s=96&d=mm&r=g","contentUrl":"https:\/\/secure.gravatar.com\/avatar\/57de8e5d4b15d43fb361a71fbb36338450fe67865b528a43dd10ef7c51a20392?s=96&d=mm&r=g","caption":"La Sentinelle"},"sameAs":["http:\/\/www.lasentinelle.dz"],"url":"https:\/\/lasentinelle.dz\/author\/redaction\/"}]}},"_links":{"self":[{"href":"https:\/\/lasentinelle.dz\/index.php\/wp-json\/wp\/v2\/posts\/38922","targetHints":{"allow":["GET"]}}],"collection":[{"href":"https:\/\/lasentinelle.dz\/index.php\/wp-json\/wp\/v2\/posts"}],"about":[{"href":"https:\/\/lasentinelle.dz\/index.php\/wp-json\/wp\/v2\/types\/post"}],"author":[{"embeddable":true,"href":"https:\/\/lasentinelle.dz\/index.php\/wp-json\/wp\/v2\/users\/3"}],"replies":[{"embeddable":true,"href":"https:\/\/lasentinelle.dz\/index.php\/wp-json\/wp\/v2\/comments?post=38922"}],"version-history":[{"count":1,"href":"https:\/\/lasentinelle.dz\/index.php\/wp-json\/wp\/v2\/posts\/38922\/revisions"}],"predecessor-version":[{"id":38933,"href":"https:\/\/lasentinelle.dz\/index.php\/wp-json\/wp\/v2\/posts\/38922\/revisions\/38933"}],"wp:featuredmedia":[{"embeddable":true,"href":"https:\/\/lasentinelle.dz\/index.php\/wp-json\/wp\/v2\/media\/38932"}],"wp:attachment":[{"href":"https:\/\/lasentinelle.dz\/index.php\/wp-json\/wp\/v2\/media?parent=38922"}],"wp:term":[{"taxonomy":"category","embeddable":true,"href":"https:\/\/lasentinelle.dz\/index.php\/wp-json\/wp\/v2\/categories?post=38922"},{"taxonomy":"post_tag","embeddable":true,"href":"https:\/\/lasentinelle.dz\/index.php\/wp-json\/wp\/v2\/tags?post=38922"}],"curies":[{"name":"wp","href":"https:\/\/api.w.org\/{rel}","templated":true}]}}