{"id":38924,"date":"2023-04-03T22:10:00","date_gmt":"2023-04-03T21:10:00","guid":{"rendered":"https:\/\/lasentinelle.dz\/?p=38924"},"modified":"2023-04-03T20:18:59","modified_gmt":"2023-04-03T19:18:59","slug":"le-projet-de-loi-sur-la-monnaie-et-le-credit-place-aux-reformes-financieres","status":"publish","type":"post","link":"https:\/\/lasentinelle.dz\/index.php\/2023\/04\/03\/le-projet-de-loi-sur-la-monnaie-et-le-credit-place-aux-reformes-financieres\/","title":{"rendered":"Le projet de Loi sur la monnaie et le cr\u00e9dit\u00a0: Place aux r\u00e9formes financi\u00e8res"},"content":{"rendered":"\n<p>Le projet de Loi sur la monnaie et le cr\u00e9dit consacre la m\u00e8re des r\u00e9formes. Le texte doit permettre de faire entrer le secteur bancaire et financi\u00e8re dans la modernit\u00e9 en plus de r\u00e9habiliter l\u2019Autorit\u00e9 mon\u00e9taire dans son mandat.<\/p>\n\n\n\n<p>Entre digitalisation, d\u00e9veloppement des services financiers et de la finance islamique et r\u00e9introduction de la notion de mandat du gouverneur et des vice-gouverneurs de la Banque d\u2019Alg\u00e9rie, le texte doit contribuer au processus d\u2019am\u00e9lioration du climat des affaires, entam\u00e9 avec la promulgation de la nouvelle loi sur les investissements. Un fait que le ministre des Finances, Laziz Faid a tenu \u00e0 souligner hier lors de la pr\u00e9sentation du nouveau texte \u00e0 l\u2019Assembl\u00e9e populaire nationale. Ce projet de loi constitue \u00ab\u00a0un nouveau jalon qui s&rsquo;ajoute \u00e0 une s\u00e9rie de r\u00e9formes initi\u00e9es par l&rsquo;Alg\u00e9rie, d&rsquo;autant plus que la nouvelle loi comprend des mesures efficaces en mati\u00e8re de facilitation et de rapidit\u00e9 des op\u00e9rations financi\u00e8res, une chose essentielle et importante pour de nombreux investisseurs et patrons d&rsquo;entreprises, notamment apr\u00e8s la promulgation de la nouvelle loi sur l&rsquo;investissement\u00a0\u00bb, a-t-il indiqu\u00e9. Le ministre a aussi relev\u00e9 qu&rsquo;en d\u00e9pit \u00ab\u00a0des r\u00e9formes du syst\u00e8me bancaire en Alg\u00e9rie, ce dernier fait face \u00e0 de grands d\u00e9fis et p\u00e2tit d&rsquo;insuffisance ce qui exige la poursuite des r\u00e9formes pour s&rsquo;adapter aux mutations et changements que connait le climat bancaire local et international\u00a0\u00bb.<\/p>\n\n\n\n<p>Le nouveau projet de loi, explique le ministre, intervient justement pour couvrir les aspects \u00e0 d\u00e9velopper \u00e0 travers ses dispositions, lesquelles permettront de moderniser le syst\u00e8me bancaire, renforcer ses missions de r\u00e8glementation et de contr\u00f4le, en plus de lui permettre d&rsquo;\u00eatre au diapason des m\u00e9thodes en vigueur dans les banques centrales au plan international, a-t-il ajout\u00e9. Pr\u00e9sentant les d\u00e9veloppements majeurs apport\u00e9s par ce projet, M. Faid a pr\u00e9cis\u00e9 que ces nouveaut\u00e9s incluent le renforcement de la gouvernance de la Banque d&rsquo;Alg\u00e9rie (BA), via plusieurs volets notamment la r\u00e9introduction de la notion de mandat pour le Gouverneur et des vice-gouverneurs de la BA, renouvelable une seule fois seulement. Un concept qui avait \u00e9t\u00e9 introduit \u00e0 la faveur de la loi de 1990, mais qui avait \u00e9t\u00e9 exclu au fil des amendements de la Loi sur la monnaie et le cr\u00e9dit. Dans ce sens, le premier argentier du pays souligne que ce retour conf\u00e8rera davantage de cr\u00e9dibilit\u00e9, r\u00e9alisera la stabilit\u00e9 dans la gestion et une plus grande ind\u00e9pendance de la BA dans l&rsquo;accomplissement de ses missions. En vue de renforcer les m\u00e9canismes de suivi et de contr\u00f4le, le texte propose la cr\u00e9ation de nouveaux comit\u00e9s notamment celui de la stabilit\u00e9 financi\u00e8re, lesquels seront charg\u00e9s du contr\u00f4le macro-prudentiel et de la gestion des crises, dont la mission principale consiste \u00e0 \u00e9laborer un rapport annuel sur ses activit\u00e9s, \u00e0 soumettre au Pr\u00e9sident de la R\u00e9publique.<\/p>\n\n\n\n<p>Le texte introduit \u00e9galement plusieurs dispositions pour acc\u00e9l\u00e9rer la num\u00e9risation des transactions financi\u00e8res. Dans ce cadre, le ministre a \u00e9galement \u00e9voqu\u00e9 la cr\u00e9ation d&rsquo;une commission nationale charg\u00e9e de mettre sur pied un projet de strat\u00e9gie nationale de d\u00e9veloppement des moyens de paiement. Outre l&rsquo;\u00e9largissement des missions de la BA en mati\u00e8re de s\u00e9curit\u00e9, de contr\u00f4le des syst\u00e8mes de paiement pour englober la compensation, le r\u00e8glement et les instruments financiers, le projet \u00e9largira les pr\u00e9rogatives conf\u00e9r\u00e9es au Conseil de la monnaie et du cr\u00e9dit (CMC) pour lui permettre d&rsquo;accompagner les mutations de l&rsquo;\u00e9cosyst\u00e8me bancaire. Par ailleurs, le nouveau texte consacre le financement islamique et la finance verte de par ses nombreuses dispositions.<\/p>\n\n\n\n<p>&nbsp;Notons que la Commission des finances et du budget de l\u2019APN a auditionn\u00e9 plusieurs responsables dans le cadre de l\u2019examen de cette loi. Elle d\u2019ailleurs boucl\u00e9 son rapport pr\u00e9liminaire la semaine derni\u00e8re et propose en ce sens plusieurs amendements.<\/p>\n\n\n\n<p>Selon le rapport de la commission, le projet de loi \u00ab\u00a0a fait l&rsquo;objet d&rsquo;un large d\u00e9bat objectif par les membres de la commission compte tenu de son importance et son impact positif sur le volet \u00e9conomique et financier. Ce d\u00e9bat a donn\u00e9 lieu \u00e0 l&rsquo;introduction de nombre d&rsquo;amendements sur la forme et dans le fond\u00a0\u00bb. Les amendements concernent la proposition de la modification de l&rsquo;article 13 du projet de loi par l&rsquo;introduction de \u00ab\u00a0trois vice-gouverneurs de la Banque d&rsquo;Alg\u00e9rie au lieu de deux vice-gouverneurs\u00a0\u00bb. Il s&rsquo;agit \u00e9galement de l&rsquo;amendement de l&rsquo;article 26 \u00ab\u00a0en introduisant +cinq membres+ au lieu de +quatre membres+ lors de la r\u00e9union du conseil de l&rsquo;administration de la banque d&rsquo;Alg\u00e9rie\u00a0\u00bb. La commission a recommand\u00e9, en outre, l&rsquo;amendement de l&rsquo;article 112 de sorte que \u00ab\u00a0la commission bancaire puisse, en cas de manquement des commissaires aux comptes des banques et \u00e9tablissements financiers dans l&rsquo;accomplissement de leurs missions \u00e9nonc\u00e9es dans cette loi et les textes d&rsquo;application, saisir le Conseil national de la comptabilit\u00e9 (CNC) \u00e9tant l&rsquo;organe habilit\u00e9 \u00e0 appliquer les mesures disciplinaires\u00a0\u00bb.<\/p>\n\n\n\n<p><strong>Hocine Fadheli<\/strong><\/p>\n","protected":false},"excerpt":{"rendered":"<p>Le projet de Loi sur la monnaie et le cr\u00e9dit consacre la m\u00e8re des r\u00e9formes. Le texte doit permettre de<\/p>\n","protected":false},"author":3,"featured_media":1386,"comment_status":"open","ping_status":"closed","sticky":false,"template":"","format":"standard","meta":{"colormag_page_container_layout":"default_layout","colormag_page_sidebar_layout":"default_layout","om_disable_all_campaigns":false,"_monsterinsights_skip_tracking":false,"_monsterinsights_sitenote_active":false,"_monsterinsights_sitenote_note":"","_monsterinsights_sitenote_category":0,"footnotes":"","_wpscppro_dont_share_socialmedia":false,"_wpscppro_custom_social_share_image":0,"_facebook_share_type":"","_twitter_share_type":"","_linkedin_share_type":"","_pinterest_share_type":"","_linkedin_share_type_page":"","_instagram_share_type":"","_medium_share_type":"","_threads_share_type":"","_google_business_share_type":"","_selected_social_profile":[],"_wpsp_enable_custom_social_template":false,"_wpsp_social_scheduling":{"enabled":false,"datetime":null,"platforms":[],"status":"template_only","dateOption":"today","timeOption":"now","customDays":"","customHours":"","customDate":"","customTime":"","schedulingType":"absolute"},"_wpsp_active_default_template":true},"categories":[1],"tags":[],"class_list":["post-38924","post","type-post","status-publish","format-standard","has-post-thumbnail","hentry","category-uncategorized"],"aioseo_notices":[],"yoast_head":"<!-- This site is optimized with the Yoast SEO plugin v27.5 - https:\/\/yoast.com\/product\/yoast-seo-wordpress\/ -->\n<title>Le projet de Loi sur la monnaie et le cr\u00e9dit\u00a0: Place aux r\u00e9formes financi\u00e8res - La Sentinelle<\/title>\n<meta name=\"robots\" content=\"index, follow, max-snippet:-1, max-image-preview:large, max-video-preview:-1\" \/>\n<link rel=\"canonical\" href=\"https:\/\/lasentinelle.dz\/index.php\/2023\/04\/03\/le-projet-de-loi-sur-la-monnaie-et-le-credit-place-aux-reformes-financieres\/\" \/>\n<meta property=\"og:locale\" content=\"fr_FR\" \/>\n<meta property=\"og:type\" content=\"article\" \/>\n<meta property=\"og:title\" content=\"Le projet de Loi sur la monnaie et le cr\u00e9dit\u00a0: Place aux r\u00e9formes financi\u00e8res - La Sentinelle\" \/>\n<meta property=\"og:description\" content=\"Le projet de Loi sur la monnaie et le cr\u00e9dit consacre la m\u00e8re des r\u00e9formes. Le texte doit permettre de\" \/>\n<meta property=\"og:url\" content=\"https:\/\/lasentinelle.dz\/index.php\/2023\/04\/03\/le-projet-de-loi-sur-la-monnaie-et-le-credit-place-aux-reformes-financieres\/\" \/>\n<meta property=\"og:site_name\" content=\"La Sentinelle\" \/>\n<meta property=\"article:publisher\" content=\"https:\/\/www.facebook.com\/La-Sentinelle-104059864394773\" \/>\n<meta property=\"article:published_time\" content=\"2023-04-03T21:10:00+00:00\" \/>\n<meta property=\"og:image\" content=\"https:\/\/lasentinelle.dz\/wp-content\/uploads\/2021\/07\/APN.png\" \/>\n\t<meta property=\"og:image:width\" content=\"1607\" \/>\n\t<meta property=\"og:image:height\" content=\"900\" \/>\n\t<meta property=\"og:image:type\" content=\"image\/png\" \/>\n<meta name=\"author\" content=\"La Sentinelle\" \/>\n<meta name=\"twitter:card\" content=\"summary_large_image\" \/>\n<meta name=\"twitter:label1\" content=\"\u00c9crit par\" \/>\n\t<meta name=\"twitter:data1\" content=\"La Sentinelle\" \/>\n\t<meta name=\"twitter:label2\" content=\"Dur\u00e9e de lecture estim\u00e9e\" \/>\n\t<meta name=\"twitter:data2\" content=\"4 minutes\" \/>\n<script type=\"application\/ld+json\" class=\"yoast-schema-graph\">{\"@context\":\"https:\\\/\\\/schema.org\",\"@graph\":[{\"@type\":\"Article\",\"@id\":\"https:\\\/\\\/lasentinelle.dz\\\/index.php\\\/2023\\\/04\\\/03\\\/le-projet-de-loi-sur-la-monnaie-et-le-credit-place-aux-reformes-financieres\\\/#article\",\"isPartOf\":{\"@id\":\"https:\\\/\\\/lasentinelle.dz\\\/index.php\\\/2023\\\/04\\\/03\\\/le-projet-de-loi-sur-la-monnaie-et-le-credit-place-aux-reformes-financieres\\\/\"},\"author\":{\"name\":\"La Sentinelle\",\"@id\":\"https:\\\/\\\/lasentinelle.dz\\\/#\\\/schema\\\/person\\\/d865044e22e70a75174ce8bcad3acfb3\"},\"headline\":\"Le projet de Loi sur la monnaie et le cr\u00e9dit\u00a0: Place aux r\u00e9formes financi\u00e8res\",\"datePublished\":\"2023-04-03T21:10:00+00:00\",\"mainEntityOfPage\":{\"@id\":\"https:\\\/\\\/lasentinelle.dz\\\/index.php\\\/2023\\\/04\\\/03\\\/le-projet-de-loi-sur-la-monnaie-et-le-credit-place-aux-reformes-financieres\\\/\"},\"wordCount\":898,\"commentCount\":0,\"publisher\":{\"@id\":\"https:\\\/\\\/lasentinelle.dz\\\/#organization\"},\"image\":{\"@id\":\"https:\\\/\\\/lasentinelle.dz\\\/index.php\\\/2023\\\/04\\\/03\\\/le-projet-de-loi-sur-la-monnaie-et-le-credit-place-aux-reformes-financieres\\\/#primaryimage\"},\"thumbnailUrl\":\"https:\\\/\\\/lasentinelle.dz\\\/wp-content\\\/uploads\\\/2021\\\/07\\\/APN.png\",\"articleSection\":[\"Uncategorized\"],\"inLanguage\":\"fr-FR\",\"potentialAction\":[{\"@type\":\"CommentAction\",\"name\":\"Comment\",\"target\":[\"https:\\\/\\\/lasentinelle.dz\\\/index.php\\\/2023\\\/04\\\/03\\\/le-projet-de-loi-sur-la-monnaie-et-le-credit-place-aux-reformes-financieres\\\/#respond\"]}]},{\"@type\":\"WebPage\",\"@id\":\"https:\\\/\\\/lasentinelle.dz\\\/index.php\\\/2023\\\/04\\\/03\\\/le-projet-de-loi-sur-la-monnaie-et-le-credit-place-aux-reformes-financieres\\\/\",\"url\":\"https:\\\/\\\/lasentinelle.dz\\\/index.php\\\/2023\\\/04\\\/03\\\/le-projet-de-loi-sur-la-monnaie-et-le-credit-place-aux-reformes-financieres\\\/\",\"name\":\"Le projet de Loi sur la monnaie et le cr\u00e9dit\u00a0: Place aux r\u00e9formes financi\u00e8res - La Sentinelle\",\"isPartOf\":{\"@id\":\"https:\\\/\\\/lasentinelle.dz\\\/#website\"},\"primaryImageOfPage\":{\"@id\":\"https:\\\/\\\/lasentinelle.dz\\\/index.php\\\/2023\\\/04\\\/03\\\/le-projet-de-loi-sur-la-monnaie-et-le-credit-place-aux-reformes-financieres\\\/#primaryimage\"},\"image\":{\"@id\":\"https:\\\/\\\/lasentinelle.dz\\\/index.php\\\/2023\\\/04\\\/03\\\/le-projet-de-loi-sur-la-monnaie-et-le-credit-place-aux-reformes-financieres\\\/#primaryimage\"},\"thumbnailUrl\":\"https:\\\/\\\/lasentinelle.dz\\\/wp-content\\\/uploads\\\/2021\\\/07\\\/APN.png\",\"datePublished\":\"2023-04-03T21:10:00+00:00\",\"breadcrumb\":{\"@id\":\"https:\\\/\\\/lasentinelle.dz\\\/index.php\\\/2023\\\/04\\\/03\\\/le-projet-de-loi-sur-la-monnaie-et-le-credit-place-aux-reformes-financieres\\\/#breadcrumb\"},\"inLanguage\":\"fr-FR\",\"potentialAction\":[{\"@type\":\"ReadAction\",\"target\":[\"https:\\\/\\\/lasentinelle.dz\\\/index.php\\\/2023\\\/04\\\/03\\\/le-projet-de-loi-sur-la-monnaie-et-le-credit-place-aux-reformes-financieres\\\/\"]}]},{\"@type\":\"ImageObject\",\"inLanguage\":\"fr-FR\",\"@id\":\"https:\\\/\\\/lasentinelle.dz\\\/index.php\\\/2023\\\/04\\\/03\\\/le-projet-de-loi-sur-la-monnaie-et-le-credit-place-aux-reformes-financieres\\\/#primaryimage\",\"url\":\"https:\\\/\\\/lasentinelle.dz\\\/wp-content\\\/uploads\\\/2021\\\/07\\\/APN.png\",\"contentUrl\":\"https:\\\/\\\/lasentinelle.dz\\\/wp-content\\\/uploads\\\/2021\\\/07\\\/APN.png\",\"width\":1607,\"height\":900},{\"@type\":\"BreadcrumbList\",\"@id\":\"https:\\\/\\\/lasentinelle.dz\\\/index.php\\\/2023\\\/04\\\/03\\\/le-projet-de-loi-sur-la-monnaie-et-le-credit-place-aux-reformes-financieres\\\/#breadcrumb\",\"itemListElement\":[{\"@type\":\"ListItem\",\"position\":1,\"name\":\"Accueil\",\"item\":\"https:\\\/\\\/lasentinelle.dz\\\/\"},{\"@type\":\"ListItem\",\"position\":2,\"name\":\"Le projet de Loi sur la monnaie et le cr\u00e9dit\u00a0: Place aux r\u00e9formes financi\u00e8res\"}]},{\"@type\":\"WebSite\",\"@id\":\"https:\\\/\\\/lasentinelle.dz\\\/#website\",\"url\":\"https:\\\/\\\/lasentinelle.dz\\\/\",\"name\":\"La Sentinelle\",\"description\":\"Quotidien national d&#039;information\",\"publisher\":{\"@id\":\"https:\\\/\\\/lasentinelle.dz\\\/#organization\"},\"potentialAction\":[{\"@type\":\"SearchAction\",\"target\":{\"@type\":\"EntryPoint\",\"urlTemplate\":\"https:\\\/\\\/lasentinelle.dz\\\/?s={search_term_string}\"},\"query-input\":{\"@type\":\"PropertyValueSpecification\",\"valueRequired\":true,\"valueName\":\"search_term_string\"}}],\"inLanguage\":\"fr-FR\"},{\"@type\":\"Organization\",\"@id\":\"https:\\\/\\\/lasentinelle.dz\\\/#organization\",\"name\":\"Quotidien La Sentinelle\",\"url\":\"https:\\\/\\\/lasentinelle.dz\\\/\",\"logo\":{\"@type\":\"ImageObject\",\"inLanguage\":\"fr-FR\",\"@id\":\"https:\\\/\\\/lasentinelle.dz\\\/#\\\/schema\\\/logo\\\/image\\\/\",\"url\":\"https:\\\/\\\/lasentinelle.dz\\\/wp-content\\\/uploads\\\/2021\\\/09\\\/logo-sentinelleSLOGAN-1.png\",\"contentUrl\":\"https:\\\/\\\/lasentinelle.dz\\\/wp-content\\\/uploads\\\/2021\\\/09\\\/logo-sentinelleSLOGAN-1.png\",\"width\":615,\"height\":142,\"caption\":\"Quotidien La Sentinelle\"},\"image\":{\"@id\":\"https:\\\/\\\/lasentinelle.dz\\\/#\\\/schema\\\/logo\\\/image\\\/\"},\"sameAs\":[\"https:\\\/\\\/www.facebook.com\\\/La-Sentinelle-104059864394773\"]},{\"@type\":\"Person\",\"@id\":\"https:\\\/\\\/lasentinelle.dz\\\/#\\\/schema\\\/person\\\/d865044e22e70a75174ce8bcad3acfb3\",\"name\":\"La Sentinelle\",\"image\":{\"@type\":\"ImageObject\",\"inLanguage\":\"fr-FR\",\"@id\":\"https:\\\/\\\/secure.gravatar.com\\\/avatar\\\/57de8e5d4b15d43fb361a71fbb36338450fe67865b528a43dd10ef7c51a20392?s=96&d=mm&r=g\",\"url\":\"https:\\\/\\\/secure.gravatar.com\\\/avatar\\\/57de8e5d4b15d43fb361a71fbb36338450fe67865b528a43dd10ef7c51a20392?s=96&d=mm&r=g\",\"contentUrl\":\"https:\\\/\\\/secure.gravatar.com\\\/avatar\\\/57de8e5d4b15d43fb361a71fbb36338450fe67865b528a43dd10ef7c51a20392?s=96&d=mm&r=g\",\"caption\":\"La Sentinelle\"},\"sameAs\":[\"http:\\\/\\\/www.lasentinelle.dz\"],\"url\":\"https:\\\/\\\/lasentinelle.dz\\\/author\\\/redaction\\\/\"}]}<\/script>\n<!-- \/ Yoast SEO plugin. -->","yoast_head_json":{"title":"Le projet de Loi sur la monnaie et le cr\u00e9dit\u00a0: Place aux r\u00e9formes financi\u00e8res - La Sentinelle","robots":{"index":"index","follow":"follow","max-snippet":"max-snippet:-1","max-image-preview":"max-image-preview:large","max-video-preview":"max-video-preview:-1"},"canonical":"https:\/\/lasentinelle.dz\/index.php\/2023\/04\/03\/le-projet-de-loi-sur-la-monnaie-et-le-credit-place-aux-reformes-financieres\/","og_locale":"fr_FR","og_type":"article","og_title":"Le projet de Loi sur la monnaie et le cr\u00e9dit\u00a0: Place aux r\u00e9formes financi\u00e8res - La Sentinelle","og_description":"Le projet de Loi sur la monnaie et le cr\u00e9dit consacre la m\u00e8re des r\u00e9formes. Le texte doit permettre de","og_url":"https:\/\/lasentinelle.dz\/index.php\/2023\/04\/03\/le-projet-de-loi-sur-la-monnaie-et-le-credit-place-aux-reformes-financieres\/","og_site_name":"La Sentinelle","article_publisher":"https:\/\/www.facebook.com\/La-Sentinelle-104059864394773","article_published_time":"2023-04-03T21:10:00+00:00","og_image":[{"width":1607,"height":900,"url":"https:\/\/lasentinelle.dz\/wp-content\/uploads\/2021\/07\/APN.png","type":"image\/png"}],"author":"La Sentinelle","twitter_card":"summary_large_image","twitter_misc":{"\u00c9crit par":"La Sentinelle","Dur\u00e9e de lecture estim\u00e9e":"4 minutes"},"schema":{"@context":"https:\/\/schema.org","@graph":[{"@type":"Article","@id":"https:\/\/lasentinelle.dz\/index.php\/2023\/04\/03\/le-projet-de-loi-sur-la-monnaie-et-le-credit-place-aux-reformes-financieres\/#article","isPartOf":{"@id":"https:\/\/lasentinelle.dz\/index.php\/2023\/04\/03\/le-projet-de-loi-sur-la-monnaie-et-le-credit-place-aux-reformes-financieres\/"},"author":{"name":"La Sentinelle","@id":"https:\/\/lasentinelle.dz\/#\/schema\/person\/d865044e22e70a75174ce8bcad3acfb3"},"headline":"Le projet de Loi sur la monnaie et le cr\u00e9dit\u00a0: Place aux r\u00e9formes financi\u00e8res","datePublished":"2023-04-03T21:10:00+00:00","mainEntityOfPage":{"@id":"https:\/\/lasentinelle.dz\/index.php\/2023\/04\/03\/le-projet-de-loi-sur-la-monnaie-et-le-credit-place-aux-reformes-financieres\/"},"wordCount":898,"commentCount":0,"publisher":{"@id":"https:\/\/lasentinelle.dz\/#organization"},"image":{"@id":"https:\/\/lasentinelle.dz\/index.php\/2023\/04\/03\/le-projet-de-loi-sur-la-monnaie-et-le-credit-place-aux-reformes-financieres\/#primaryimage"},"thumbnailUrl":"https:\/\/lasentinelle.dz\/wp-content\/uploads\/2021\/07\/APN.png","articleSection":["Uncategorized"],"inLanguage":"fr-FR","potentialAction":[{"@type":"CommentAction","name":"Comment","target":["https:\/\/lasentinelle.dz\/index.php\/2023\/04\/03\/le-projet-de-loi-sur-la-monnaie-et-le-credit-place-aux-reformes-financieres\/#respond"]}]},{"@type":"WebPage","@id":"https:\/\/lasentinelle.dz\/index.php\/2023\/04\/03\/le-projet-de-loi-sur-la-monnaie-et-le-credit-place-aux-reformes-financieres\/","url":"https:\/\/lasentinelle.dz\/index.php\/2023\/04\/03\/le-projet-de-loi-sur-la-monnaie-et-le-credit-place-aux-reformes-financieres\/","name":"Le projet de Loi sur la monnaie et le cr\u00e9dit\u00a0: Place aux r\u00e9formes financi\u00e8res - La Sentinelle","isPartOf":{"@id":"https:\/\/lasentinelle.dz\/#website"},"primaryImageOfPage":{"@id":"https:\/\/lasentinelle.dz\/index.php\/2023\/04\/03\/le-projet-de-loi-sur-la-monnaie-et-le-credit-place-aux-reformes-financieres\/#primaryimage"},"image":{"@id":"https:\/\/lasentinelle.dz\/index.php\/2023\/04\/03\/le-projet-de-loi-sur-la-monnaie-et-le-credit-place-aux-reformes-financieres\/#primaryimage"},"thumbnailUrl":"https:\/\/lasentinelle.dz\/wp-content\/uploads\/2021\/07\/APN.png","datePublished":"2023-04-03T21:10:00+00:00","breadcrumb":{"@id":"https:\/\/lasentinelle.dz\/index.php\/2023\/04\/03\/le-projet-de-loi-sur-la-monnaie-et-le-credit-place-aux-reformes-financieres\/#breadcrumb"},"inLanguage":"fr-FR","potentialAction":[{"@type":"ReadAction","target":["https:\/\/lasentinelle.dz\/index.php\/2023\/04\/03\/le-projet-de-loi-sur-la-monnaie-et-le-credit-place-aux-reformes-financieres\/"]}]},{"@type":"ImageObject","inLanguage":"fr-FR","@id":"https:\/\/lasentinelle.dz\/index.php\/2023\/04\/03\/le-projet-de-loi-sur-la-monnaie-et-le-credit-place-aux-reformes-financieres\/#primaryimage","url":"https:\/\/lasentinelle.dz\/wp-content\/uploads\/2021\/07\/APN.png","contentUrl":"https:\/\/lasentinelle.dz\/wp-content\/uploads\/2021\/07\/APN.png","width":1607,"height":900},{"@type":"BreadcrumbList","@id":"https:\/\/lasentinelle.dz\/index.php\/2023\/04\/03\/le-projet-de-loi-sur-la-monnaie-et-le-credit-place-aux-reformes-financieres\/#breadcrumb","itemListElement":[{"@type":"ListItem","position":1,"name":"Accueil","item":"https:\/\/lasentinelle.dz\/"},{"@type":"ListItem","position":2,"name":"Le projet de Loi sur la monnaie et le cr\u00e9dit\u00a0: Place aux r\u00e9formes financi\u00e8res"}]},{"@type":"WebSite","@id":"https:\/\/lasentinelle.dz\/#website","url":"https:\/\/lasentinelle.dz\/","name":"La Sentinelle","description":"Quotidien national d&#039;information","publisher":{"@id":"https:\/\/lasentinelle.dz\/#organization"},"potentialAction":[{"@type":"SearchAction","target":{"@type":"EntryPoint","urlTemplate":"https:\/\/lasentinelle.dz\/?s={search_term_string}"},"query-input":{"@type":"PropertyValueSpecification","valueRequired":true,"valueName":"search_term_string"}}],"inLanguage":"fr-FR"},{"@type":"Organization","@id":"https:\/\/lasentinelle.dz\/#organization","name":"Quotidien La Sentinelle","url":"https:\/\/lasentinelle.dz\/","logo":{"@type":"ImageObject","inLanguage":"fr-FR","@id":"https:\/\/lasentinelle.dz\/#\/schema\/logo\/image\/","url":"https:\/\/lasentinelle.dz\/wp-content\/uploads\/2021\/09\/logo-sentinelleSLOGAN-1.png","contentUrl":"https:\/\/lasentinelle.dz\/wp-content\/uploads\/2021\/09\/logo-sentinelleSLOGAN-1.png","width":615,"height":142,"caption":"Quotidien La Sentinelle"},"image":{"@id":"https:\/\/lasentinelle.dz\/#\/schema\/logo\/image\/"},"sameAs":["https:\/\/www.facebook.com\/La-Sentinelle-104059864394773"]},{"@type":"Person","@id":"https:\/\/lasentinelle.dz\/#\/schema\/person\/d865044e22e70a75174ce8bcad3acfb3","name":"La Sentinelle","image":{"@type":"ImageObject","inLanguage":"fr-FR","@id":"https:\/\/secure.gravatar.com\/avatar\/57de8e5d4b15d43fb361a71fbb36338450fe67865b528a43dd10ef7c51a20392?s=96&d=mm&r=g","url":"https:\/\/secure.gravatar.com\/avatar\/57de8e5d4b15d43fb361a71fbb36338450fe67865b528a43dd10ef7c51a20392?s=96&d=mm&r=g","contentUrl":"https:\/\/secure.gravatar.com\/avatar\/57de8e5d4b15d43fb361a71fbb36338450fe67865b528a43dd10ef7c51a20392?s=96&d=mm&r=g","caption":"La Sentinelle"},"sameAs":["http:\/\/www.lasentinelle.dz"],"url":"https:\/\/lasentinelle.dz\/author\/redaction\/"}]}},"_links":{"self":[{"href":"https:\/\/lasentinelle.dz\/index.php\/wp-json\/wp\/v2\/posts\/38924","targetHints":{"allow":["GET"]}}],"collection":[{"href":"https:\/\/lasentinelle.dz\/index.php\/wp-json\/wp\/v2\/posts"}],"about":[{"href":"https:\/\/lasentinelle.dz\/index.php\/wp-json\/wp\/v2\/types\/post"}],"author":[{"embeddable":true,"href":"https:\/\/lasentinelle.dz\/index.php\/wp-json\/wp\/v2\/users\/3"}],"replies":[{"embeddable":true,"href":"https:\/\/lasentinelle.dz\/index.php\/wp-json\/wp\/v2\/comments?post=38924"}],"version-history":[{"count":2,"href":"https:\/\/lasentinelle.dz\/index.php\/wp-json\/wp\/v2\/posts\/38924\/revisions"}],"predecessor-version":[{"id":38935,"href":"https:\/\/lasentinelle.dz\/index.php\/wp-json\/wp\/v2\/posts\/38924\/revisions\/38935"}],"wp:featuredmedia":[{"embeddable":true,"href":"https:\/\/lasentinelle.dz\/index.php\/wp-json\/wp\/v2\/media\/1386"}],"wp:attachment":[{"href":"https:\/\/lasentinelle.dz\/index.php\/wp-json\/wp\/v2\/media?parent=38924"}],"wp:term":[{"taxonomy":"category","embeddable":true,"href":"https:\/\/lasentinelle.dz\/index.php\/wp-json\/wp\/v2\/categories?post=38924"},{"taxonomy":"post_tag","embeddable":true,"href":"https:\/\/lasentinelle.dz\/index.php\/wp-json\/wp\/v2\/tags?post=38924"}],"curies":[{"name":"wp","href":"https:\/\/api.w.org\/{rel}","templated":true}]}}