{"id":38937,"date":"2023-04-03T22:05:00","date_gmt":"2023-04-03T21:05:00","guid":{"rendered":"https:\/\/lasentinelle.dz\/?p=38937"},"modified":"2023-04-03T20:20:19","modified_gmt":"2023-04-03T19:20:19","slug":"numerisation-des-services-des-impots-des-douanes-et-des-domaines-le-ministre-des-finances-defend-les-mesures-prises","status":"publish","type":"post","link":"https:\/\/lasentinelle.dz\/index.php\/2023\/04\/03\/numerisation-des-services-des-impots-des-douanes-et-des-domaines-le-ministre-des-finances-defend-les-mesures-prises\/","title":{"rendered":"Num\u00e9risation des services des imp\u00f4ts, des douanes et des domaines\u00a0: Le ministre des Finances d\u00e9fend les mesures prises"},"content":{"rendered":"\n<p>Le pr\u00e9sident de la R\u00e9publique, Abdelmadjid Tebboune, a fix\u00e9, lors de la r\u00e9union du conseil des ministres tenue dimanche, un d\u00e9lai maximal de 6 mois au minist\u00e8re des Finances pour concr\u00e9tiser la num\u00e9risation des administrations des imp\u00f4ts, des douanes et des domaines. Dans ce sens, des cadres du d\u00e9partement de Laziz Faid ont soulign\u00e9 hier les mesures prises pour acc\u00e9l\u00e9rer le processus de num\u00e9risation. Invit\u00e9s du Forum de la Radio alg\u00e9rienne, l&rsquo;inspecteur g\u00e9n\u00e9ral des services de comptabilit\u00e9 \u00e0 la Direction du Tr\u00e9sor, Badis Ferrad et la directrice de la modernisation des syst\u00e8mes budg\u00e9taires au minist\u00e8re des Finances, Ilham Ladraa ont mis en avant le r\u00f4le de la num\u00e9risation dans l\u2019am\u00e9lioration la performance de l&rsquo;administration publique. Ainsi, Ilham Ladraa a estim\u00e9 que la modernisation et la num\u00e9risation du secteur \u00e9taient des m\u00e9canismes importants et n\u00e9cessaires pour assurer l&rsquo;efficacit\u00e9 de la gestion de l&rsquo;argent public. Mme Ladraa a \u00e9galement expliqu\u00e9 que l&rsquo;obtention d&rsquo;informations suffisantes et n\u00e9cessaires au moment propice, pour r\u00e9aliser l&rsquo;efficacit\u00e9 de la performance et couvrir les besoins du citoyen, exigeait la num\u00e9risation du secteur \u00e0 m\u00eame de renforcer la transparence, r\u00e9aliser la stabilit\u00e9 et planifier sur le moyen terme. C&rsquo;est pourquoi l&rsquo;installation du Haut comit\u00e9 d&rsquo;\u00e9valuation et d&rsquo;alerte des risques budg\u00e9taires (HCRB), \u00e9tant une instance charg\u00e9e notamment d\u2019identifier les risques budg\u00e9taires potentiels, susceptibles d&rsquo;affecter les finances publiques, d\u2019\u00e9valuer leur probabilit\u00e9 de survenance, ainsi que d\u2019appr\u00e9cier les dispositifs existants visant \u00e0 ma\u00eetriser ces risques, constitue \u00ab\u00a0un outil important dans le nouveau syst\u00e8me de gouvernance financi\u00e8re\u00a0\u00bb. \u00ab\u00a0Ce pas constitue une \u00e9tape importante dans la modernisation de la gestion de l&rsquo;argent public et le renforcement de la confiance du citoyen\u00a0\u00bb, a-t-elle affirm\u00e9.<\/p>\n\n\n\n<p>De son c\u00f4t\u00e9, l&rsquo;inspecteur g\u00e9n\u00e9ral des services de comptabilit\u00e9 \u00e0 la Direction g\u00e9n\u00e9rale du Tr\u00e9sor a soulign\u00e9 que les directions relevant du minist\u00e8re des Finances, \u00e0 l&rsquo;instar des domaines, la fiscalit\u00e9 et le Tr\u00e9sor public, \u0153uvrent \u00e0 acc\u00e9l\u00e9rer la cadence de num\u00e9risation de l&rsquo;administration. Parmi les \u00e9tapes dont la concr\u00e9tisation a \u00e9t\u00e9 entam\u00e9e, figure la cr\u00e9ation d\u00a0\u00bbun syst\u00e8me d&rsquo;information int\u00e9gr\u00e9\u00a0\u00bb qui r\u00e9unira tous les acteurs pour l&rsquo;ex\u00e9cution de la cha\u00eene de d\u00e9penses, partant du gestionnaire ou de l&rsquo;ordonnateur jusqu&rsquo;au comptable public. Ce syst\u00e8me, dit-il, permettra \u00ab\u00a0d&rsquo;acc\u00e9l\u00e9rer la cadence de remboursement des d\u00e9penses\u00a0\u00bb, ce qui aura un impact positif sur la dynamique \u00e9conomique.<\/p>\n\n\n\n<p><strong>Chokri Hafed<\/strong><\/p>\n","protected":false},"excerpt":{"rendered":"<p>Le pr\u00e9sident de la R\u00e9publique, Abdelmadjid Tebboune, a fix\u00e9, lors de la r\u00e9union du conseil des ministres tenue dimanche, un<\/p>\n","protected":false},"author":3,"featured_media":38938,"comment_status":"open","ping_status":"closed","sticky":false,"template":"","format":"standard","meta":{"colormag_page_container_layout":"default_layout","colormag_page_sidebar_layout":"default_layout","om_disable_all_campaigns":false,"_monsterinsights_skip_tracking":false,"_monsterinsights_sitenote_active":false,"_monsterinsights_sitenote_note":"","_monsterinsights_sitenote_category":0,"footnotes":"","_wpscppro_dont_share_socialmedia":false,"_wpscppro_custom_social_share_image":0,"_facebook_share_type":"","_twitter_share_type":"","_linkedin_share_type":"","_pinterest_share_type":"","_linkedin_share_type_page":"","_instagram_share_type":"","_medium_share_type":"","_threads_share_type":"","_google_business_share_type":"","_selected_social_profile":[],"_wpsp_enable_custom_social_template":false,"_wpsp_social_scheduling":{"enabled":false,"datetime":null,"platforms":[],"status":"template_only","dateOption":"today","timeOption":"now","customDays":"","customHours":"","customDate":"","customTime":"","schedulingType":"absolute"},"_wpsp_active_default_template":true},"categories":[29],"tags":[],"class_list":["post-38937","post","type-post","status-publish","format-standard","has-post-thumbnail","hentry","category-economie"],"aioseo_notices":[],"yoast_head":"<!-- This site is optimized with the Yoast SEO plugin v27.5 - https:\/\/yoast.com\/product\/yoast-seo-wordpress\/ -->\n<title>Num\u00e9risation des services des imp\u00f4ts, des douanes et des domaines\u00a0: Le ministre des Finances d\u00e9fend les mesures prises - La Sentinelle<\/title>\n<meta name=\"robots\" content=\"index, follow, max-snippet:-1, max-image-preview:large, max-video-preview:-1\" \/>\n<link rel=\"canonical\" href=\"https:\/\/lasentinelle.dz\/index.php\/2023\/04\/03\/numerisation-des-services-des-impots-des-douanes-et-des-domaines-le-ministre-des-finances-defend-les-mesures-prises\/\" \/>\n<meta property=\"og:locale\" content=\"fr_FR\" \/>\n<meta property=\"og:type\" content=\"article\" \/>\n<meta property=\"og:title\" content=\"Num\u00e9risation des services des imp\u00f4ts, des douanes et des domaines\u00a0: Le ministre des Finances d\u00e9fend les mesures prises - La Sentinelle\" \/>\n<meta property=\"og:description\" content=\"Le pr\u00e9sident de la R\u00e9publique, Abdelmadjid Tebboune, a fix\u00e9, lors de la r\u00e9union du conseil des ministres tenue dimanche, un\" \/>\n<meta property=\"og:url\" content=\"https:\/\/lasentinelle.dz\/index.php\/2023\/04\/03\/numerisation-des-services-des-impots-des-douanes-et-des-domaines-le-ministre-des-finances-defend-les-mesures-prises\/\" \/>\n<meta property=\"og:site_name\" content=\"La Sentinelle\" \/>\n<meta property=\"article:publisher\" content=\"https:\/\/www.facebook.com\/La-Sentinelle-104059864394773\" \/>\n<meta property=\"article:published_time\" content=\"2023-04-03T21:05:00+00:00\" \/>\n<meta property=\"og:image\" content=\"https:\/\/lasentinelle.dz\/wp-content\/uploads\/2023\/04\/image_2023-04-03_202015582.png\" \/>\n\t<meta property=\"og:image:width\" content=\"300\" \/>\n\t<meta property=\"og:image:height\" content=\"168\" \/>\n\t<meta property=\"og:image:type\" content=\"image\/png\" \/>\n<meta name=\"author\" content=\"La Sentinelle\" \/>\n<meta name=\"twitter:card\" content=\"summary_large_image\" \/>\n<meta name=\"twitter:label1\" content=\"\u00c9crit par\" \/>\n\t<meta name=\"twitter:data1\" content=\"La Sentinelle\" \/>\n\t<meta name=\"twitter:label2\" content=\"Dur\u00e9e de lecture estim\u00e9e\" \/>\n\t<meta name=\"twitter:data2\" content=\"2 minutes\" \/>\n<script type=\"application\/ld+json\" class=\"yoast-schema-graph\">{\"@context\":\"https:\\\/\\\/schema.org\",\"@graph\":[{\"@type\":\"Article\",\"@id\":\"https:\\\/\\\/lasentinelle.dz\\\/index.php\\\/2023\\\/04\\\/03\\\/numerisation-des-services-des-impots-des-douanes-et-des-domaines-le-ministre-des-finances-defend-les-mesures-prises\\\/#article\",\"isPartOf\":{\"@id\":\"https:\\\/\\\/lasentinelle.dz\\\/index.php\\\/2023\\\/04\\\/03\\\/numerisation-des-services-des-impots-des-douanes-et-des-domaines-le-ministre-des-finances-defend-les-mesures-prises\\\/\"},\"author\":{\"name\":\"La Sentinelle\",\"@id\":\"https:\\\/\\\/lasentinelle.dz\\\/#\\\/schema\\\/person\\\/d865044e22e70a75174ce8bcad3acfb3\"},\"headline\":\"Num\u00e9risation des services des imp\u00f4ts, des douanes et des domaines\u00a0: Le ministre des Finances d\u00e9fend les mesures prises\",\"datePublished\":\"2023-04-03T21:05:00+00:00\",\"mainEntityOfPage\":{\"@id\":\"https:\\\/\\\/lasentinelle.dz\\\/index.php\\\/2023\\\/04\\\/03\\\/numerisation-des-services-des-impots-des-douanes-et-des-domaines-le-ministre-des-finances-defend-les-mesures-prises\\\/\"},\"wordCount\":475,\"commentCount\":0,\"publisher\":{\"@id\":\"https:\\\/\\\/lasentinelle.dz\\\/#organization\"},\"image\":{\"@id\":\"https:\\\/\\\/lasentinelle.dz\\\/index.php\\\/2023\\\/04\\\/03\\\/numerisation-des-services-des-impots-des-douanes-et-des-domaines-le-ministre-des-finances-defend-les-mesures-prises\\\/#primaryimage\"},\"thumbnailUrl\":\"https:\\\/\\\/lasentinelle.dz\\\/wp-content\\\/uploads\\\/2023\\\/04\\\/image_2023-04-03_202015582.png\",\"articleSection\":[\"\u00c9conomie\"],\"inLanguage\":\"fr-FR\",\"potentialAction\":[{\"@type\":\"CommentAction\",\"name\":\"Comment\",\"target\":[\"https:\\\/\\\/lasentinelle.dz\\\/index.php\\\/2023\\\/04\\\/03\\\/numerisation-des-services-des-impots-des-douanes-et-des-domaines-le-ministre-des-finances-defend-les-mesures-prises\\\/#respond\"]}]},{\"@type\":\"WebPage\",\"@id\":\"https:\\\/\\\/lasentinelle.dz\\\/index.php\\\/2023\\\/04\\\/03\\\/numerisation-des-services-des-impots-des-douanes-et-des-domaines-le-ministre-des-finances-defend-les-mesures-prises\\\/\",\"url\":\"https:\\\/\\\/lasentinelle.dz\\\/index.php\\\/2023\\\/04\\\/03\\\/numerisation-des-services-des-impots-des-douanes-et-des-domaines-le-ministre-des-finances-defend-les-mesures-prises\\\/\",\"name\":\"Num\u00e9risation des services des imp\u00f4ts, des douanes et des domaines\u00a0: Le ministre des Finances d\u00e9fend les mesures prises - La Sentinelle\",\"isPartOf\":{\"@id\":\"https:\\\/\\\/lasentinelle.dz\\\/#website\"},\"primaryImageOfPage\":{\"@id\":\"https:\\\/\\\/lasentinelle.dz\\\/index.php\\\/2023\\\/04\\\/03\\\/numerisation-des-services-des-impots-des-douanes-et-des-domaines-le-ministre-des-finances-defend-les-mesures-prises\\\/#primaryimage\"},\"image\":{\"@id\":\"https:\\\/\\\/lasentinelle.dz\\\/index.php\\\/2023\\\/04\\\/03\\\/numerisation-des-services-des-impots-des-douanes-et-des-domaines-le-ministre-des-finances-defend-les-mesures-prises\\\/#primaryimage\"},\"thumbnailUrl\":\"https:\\\/\\\/lasentinelle.dz\\\/wp-content\\\/uploads\\\/2023\\\/04\\\/image_2023-04-03_202015582.png\",\"datePublished\":\"2023-04-03T21:05:00+00:00\",\"breadcrumb\":{\"@id\":\"https:\\\/\\\/lasentinelle.dz\\\/index.php\\\/2023\\\/04\\\/03\\\/numerisation-des-services-des-impots-des-douanes-et-des-domaines-le-ministre-des-finances-defend-les-mesures-prises\\\/#breadcrumb\"},\"inLanguage\":\"fr-FR\",\"potentialAction\":[{\"@type\":\"ReadAction\",\"target\":[\"https:\\\/\\\/lasentinelle.dz\\\/index.php\\\/2023\\\/04\\\/03\\\/numerisation-des-services-des-impots-des-douanes-et-des-domaines-le-ministre-des-finances-defend-les-mesures-prises\\\/\"]}]},{\"@type\":\"ImageObject\",\"inLanguage\":\"fr-FR\",\"@id\":\"https:\\\/\\\/lasentinelle.dz\\\/index.php\\\/2023\\\/04\\\/03\\\/numerisation-des-services-des-impots-des-douanes-et-des-domaines-le-ministre-des-finances-defend-les-mesures-prises\\\/#primaryimage\",\"url\":\"https:\\\/\\\/lasentinelle.dz\\\/wp-content\\\/uploads\\\/2023\\\/04\\\/image_2023-04-03_202015582.png\",\"contentUrl\":\"https:\\\/\\\/lasentinelle.dz\\\/wp-content\\\/uploads\\\/2023\\\/04\\\/image_2023-04-03_202015582.png\",\"width\":300,\"height\":168},{\"@type\":\"BreadcrumbList\",\"@id\":\"https:\\\/\\\/lasentinelle.dz\\\/index.php\\\/2023\\\/04\\\/03\\\/numerisation-des-services-des-impots-des-douanes-et-des-domaines-le-ministre-des-finances-defend-les-mesures-prises\\\/#breadcrumb\",\"itemListElement\":[{\"@type\":\"ListItem\",\"position\":1,\"name\":\"Accueil\",\"item\":\"https:\\\/\\\/lasentinelle.dz\\\/\"},{\"@type\":\"ListItem\",\"position\":2,\"name\":\"Num\u00e9risation des services des imp\u00f4ts, des douanes et des domaines\u00a0: Le ministre des Finances d\u00e9fend les mesures prises\"}]},{\"@type\":\"WebSite\",\"@id\":\"https:\\\/\\\/lasentinelle.dz\\\/#website\",\"url\":\"https:\\\/\\\/lasentinelle.dz\\\/\",\"name\":\"La Sentinelle\",\"description\":\"Quotidien national d&#039;information\",\"publisher\":{\"@id\":\"https:\\\/\\\/lasentinelle.dz\\\/#organization\"},\"potentialAction\":[{\"@type\":\"SearchAction\",\"target\":{\"@type\":\"EntryPoint\",\"urlTemplate\":\"https:\\\/\\\/lasentinelle.dz\\\/?s={search_term_string}\"},\"query-input\":{\"@type\":\"PropertyValueSpecification\",\"valueRequired\":true,\"valueName\":\"search_term_string\"}}],\"inLanguage\":\"fr-FR\"},{\"@type\":\"Organization\",\"@id\":\"https:\\\/\\\/lasentinelle.dz\\\/#organization\",\"name\":\"Quotidien La Sentinelle\",\"url\":\"https:\\\/\\\/lasentinelle.dz\\\/\",\"logo\":{\"@type\":\"ImageObject\",\"inLanguage\":\"fr-FR\",\"@id\":\"https:\\\/\\\/lasentinelle.dz\\\/#\\\/schema\\\/logo\\\/image\\\/\",\"url\":\"https:\\\/\\\/lasentinelle.dz\\\/wp-content\\\/uploads\\\/2021\\\/09\\\/logo-sentinelleSLOGAN-1.png\",\"contentUrl\":\"https:\\\/\\\/lasentinelle.dz\\\/wp-content\\\/uploads\\\/2021\\\/09\\\/logo-sentinelleSLOGAN-1.png\",\"width\":615,\"height\":142,\"caption\":\"Quotidien La Sentinelle\"},\"image\":{\"@id\":\"https:\\\/\\\/lasentinelle.dz\\\/#\\\/schema\\\/logo\\\/image\\\/\"},\"sameAs\":[\"https:\\\/\\\/www.facebook.com\\\/La-Sentinelle-104059864394773\"]},{\"@type\":\"Person\",\"@id\":\"https:\\\/\\\/lasentinelle.dz\\\/#\\\/schema\\\/person\\\/d865044e22e70a75174ce8bcad3acfb3\",\"name\":\"La Sentinelle\",\"image\":{\"@type\":\"ImageObject\",\"inLanguage\":\"fr-FR\",\"@id\":\"https:\\\/\\\/secure.gravatar.com\\\/avatar\\\/57de8e5d4b15d43fb361a71fbb36338450fe67865b528a43dd10ef7c51a20392?s=96&d=mm&r=g\",\"url\":\"https:\\\/\\\/secure.gravatar.com\\\/avatar\\\/57de8e5d4b15d43fb361a71fbb36338450fe67865b528a43dd10ef7c51a20392?s=96&d=mm&r=g\",\"contentUrl\":\"https:\\\/\\\/secure.gravatar.com\\\/avatar\\\/57de8e5d4b15d43fb361a71fbb36338450fe67865b528a43dd10ef7c51a20392?s=96&d=mm&r=g\",\"caption\":\"La Sentinelle\"},\"sameAs\":[\"http:\\\/\\\/www.lasentinelle.dz\"],\"url\":\"https:\\\/\\\/lasentinelle.dz\\\/author\\\/redaction\\\/\"}]}<\/script>\n<!-- \/ Yoast SEO plugin. -->","yoast_head_json":{"title":"Num\u00e9risation des services des imp\u00f4ts, des douanes et des domaines\u00a0: Le ministre des Finances d\u00e9fend les mesures prises - La Sentinelle","robots":{"index":"index","follow":"follow","max-snippet":"max-snippet:-1","max-image-preview":"max-image-preview:large","max-video-preview":"max-video-preview:-1"},"canonical":"https:\/\/lasentinelle.dz\/index.php\/2023\/04\/03\/numerisation-des-services-des-impots-des-douanes-et-des-domaines-le-ministre-des-finances-defend-les-mesures-prises\/","og_locale":"fr_FR","og_type":"article","og_title":"Num\u00e9risation des services des imp\u00f4ts, des douanes et des domaines\u00a0: Le ministre des Finances d\u00e9fend les mesures prises - La Sentinelle","og_description":"Le pr\u00e9sident de la R\u00e9publique, Abdelmadjid Tebboune, a fix\u00e9, lors de la r\u00e9union du conseil des ministres tenue dimanche, un","og_url":"https:\/\/lasentinelle.dz\/index.php\/2023\/04\/03\/numerisation-des-services-des-impots-des-douanes-et-des-domaines-le-ministre-des-finances-defend-les-mesures-prises\/","og_site_name":"La Sentinelle","article_publisher":"https:\/\/www.facebook.com\/La-Sentinelle-104059864394773","article_published_time":"2023-04-03T21:05:00+00:00","og_image":[{"width":300,"height":168,"url":"https:\/\/lasentinelle.dz\/wp-content\/uploads\/2023\/04\/image_2023-04-03_202015582.png","type":"image\/png"}],"author":"La Sentinelle","twitter_card":"summary_large_image","twitter_misc":{"\u00c9crit par":"La Sentinelle","Dur\u00e9e de lecture estim\u00e9e":"2 minutes"},"schema":{"@context":"https:\/\/schema.org","@graph":[{"@type":"Article","@id":"https:\/\/lasentinelle.dz\/index.php\/2023\/04\/03\/numerisation-des-services-des-impots-des-douanes-et-des-domaines-le-ministre-des-finances-defend-les-mesures-prises\/#article","isPartOf":{"@id":"https:\/\/lasentinelle.dz\/index.php\/2023\/04\/03\/numerisation-des-services-des-impots-des-douanes-et-des-domaines-le-ministre-des-finances-defend-les-mesures-prises\/"},"author":{"name":"La Sentinelle","@id":"https:\/\/lasentinelle.dz\/#\/schema\/person\/d865044e22e70a75174ce8bcad3acfb3"},"headline":"Num\u00e9risation des services des imp\u00f4ts, des douanes et des domaines\u00a0: Le ministre des Finances d\u00e9fend les mesures prises","datePublished":"2023-04-03T21:05:00+00:00","mainEntityOfPage":{"@id":"https:\/\/lasentinelle.dz\/index.php\/2023\/04\/03\/numerisation-des-services-des-impots-des-douanes-et-des-domaines-le-ministre-des-finances-defend-les-mesures-prises\/"},"wordCount":475,"commentCount":0,"publisher":{"@id":"https:\/\/lasentinelle.dz\/#organization"},"image":{"@id":"https:\/\/lasentinelle.dz\/index.php\/2023\/04\/03\/numerisation-des-services-des-impots-des-douanes-et-des-domaines-le-ministre-des-finances-defend-les-mesures-prises\/#primaryimage"},"thumbnailUrl":"https:\/\/lasentinelle.dz\/wp-content\/uploads\/2023\/04\/image_2023-04-03_202015582.png","articleSection":["\u00c9conomie"],"inLanguage":"fr-FR","potentialAction":[{"@type":"CommentAction","name":"Comment","target":["https:\/\/lasentinelle.dz\/index.php\/2023\/04\/03\/numerisation-des-services-des-impots-des-douanes-et-des-domaines-le-ministre-des-finances-defend-les-mesures-prises\/#respond"]}]},{"@type":"WebPage","@id":"https:\/\/lasentinelle.dz\/index.php\/2023\/04\/03\/numerisation-des-services-des-impots-des-douanes-et-des-domaines-le-ministre-des-finances-defend-les-mesures-prises\/","url":"https:\/\/lasentinelle.dz\/index.php\/2023\/04\/03\/numerisation-des-services-des-impots-des-douanes-et-des-domaines-le-ministre-des-finances-defend-les-mesures-prises\/","name":"Num\u00e9risation des services des imp\u00f4ts, des douanes et des domaines\u00a0: Le ministre des Finances d\u00e9fend les mesures prises - La Sentinelle","isPartOf":{"@id":"https:\/\/lasentinelle.dz\/#website"},"primaryImageOfPage":{"@id":"https:\/\/lasentinelle.dz\/index.php\/2023\/04\/03\/numerisation-des-services-des-impots-des-douanes-et-des-domaines-le-ministre-des-finances-defend-les-mesures-prises\/#primaryimage"},"image":{"@id":"https:\/\/lasentinelle.dz\/index.php\/2023\/04\/03\/numerisation-des-services-des-impots-des-douanes-et-des-domaines-le-ministre-des-finances-defend-les-mesures-prises\/#primaryimage"},"thumbnailUrl":"https:\/\/lasentinelle.dz\/wp-content\/uploads\/2023\/04\/image_2023-04-03_202015582.png","datePublished":"2023-04-03T21:05:00+00:00","breadcrumb":{"@id":"https:\/\/lasentinelle.dz\/index.php\/2023\/04\/03\/numerisation-des-services-des-impots-des-douanes-et-des-domaines-le-ministre-des-finances-defend-les-mesures-prises\/#breadcrumb"},"inLanguage":"fr-FR","potentialAction":[{"@type":"ReadAction","target":["https:\/\/lasentinelle.dz\/index.php\/2023\/04\/03\/numerisation-des-services-des-impots-des-douanes-et-des-domaines-le-ministre-des-finances-defend-les-mesures-prises\/"]}]},{"@type":"ImageObject","inLanguage":"fr-FR","@id":"https:\/\/lasentinelle.dz\/index.php\/2023\/04\/03\/numerisation-des-services-des-impots-des-douanes-et-des-domaines-le-ministre-des-finances-defend-les-mesures-prises\/#primaryimage","url":"https:\/\/lasentinelle.dz\/wp-content\/uploads\/2023\/04\/image_2023-04-03_202015582.png","contentUrl":"https:\/\/lasentinelle.dz\/wp-content\/uploads\/2023\/04\/image_2023-04-03_202015582.png","width":300,"height":168},{"@type":"BreadcrumbList","@id":"https:\/\/lasentinelle.dz\/index.php\/2023\/04\/03\/numerisation-des-services-des-impots-des-douanes-et-des-domaines-le-ministre-des-finances-defend-les-mesures-prises\/#breadcrumb","itemListElement":[{"@type":"ListItem","position":1,"name":"Accueil","item":"https:\/\/lasentinelle.dz\/"},{"@type":"ListItem","position":2,"name":"Num\u00e9risation des services des imp\u00f4ts, des douanes et des domaines\u00a0: Le ministre des Finances d\u00e9fend les mesures prises"}]},{"@type":"WebSite","@id":"https:\/\/lasentinelle.dz\/#website","url":"https:\/\/lasentinelle.dz\/","name":"La Sentinelle","description":"Quotidien national d&#039;information","publisher":{"@id":"https:\/\/lasentinelle.dz\/#organization"},"potentialAction":[{"@type":"SearchAction","target":{"@type":"EntryPoint","urlTemplate":"https:\/\/lasentinelle.dz\/?s={search_term_string}"},"query-input":{"@type":"PropertyValueSpecification","valueRequired":true,"valueName":"search_term_string"}}],"inLanguage":"fr-FR"},{"@type":"Organization","@id":"https:\/\/lasentinelle.dz\/#organization","name":"Quotidien La Sentinelle","url":"https:\/\/lasentinelle.dz\/","logo":{"@type":"ImageObject","inLanguage":"fr-FR","@id":"https:\/\/lasentinelle.dz\/#\/schema\/logo\/image\/","url":"https:\/\/lasentinelle.dz\/wp-content\/uploads\/2021\/09\/logo-sentinelleSLOGAN-1.png","contentUrl":"https:\/\/lasentinelle.dz\/wp-content\/uploads\/2021\/09\/logo-sentinelleSLOGAN-1.png","width":615,"height":142,"caption":"Quotidien La Sentinelle"},"image":{"@id":"https:\/\/lasentinelle.dz\/#\/schema\/logo\/image\/"},"sameAs":["https:\/\/www.facebook.com\/La-Sentinelle-104059864394773"]},{"@type":"Person","@id":"https:\/\/lasentinelle.dz\/#\/schema\/person\/d865044e22e70a75174ce8bcad3acfb3","name":"La Sentinelle","image":{"@type":"ImageObject","inLanguage":"fr-FR","@id":"https:\/\/secure.gravatar.com\/avatar\/57de8e5d4b15d43fb361a71fbb36338450fe67865b528a43dd10ef7c51a20392?s=96&d=mm&r=g","url":"https:\/\/secure.gravatar.com\/avatar\/57de8e5d4b15d43fb361a71fbb36338450fe67865b528a43dd10ef7c51a20392?s=96&d=mm&r=g","contentUrl":"https:\/\/secure.gravatar.com\/avatar\/57de8e5d4b15d43fb361a71fbb36338450fe67865b528a43dd10ef7c51a20392?s=96&d=mm&r=g","caption":"La Sentinelle"},"sameAs":["http:\/\/www.lasentinelle.dz"],"url":"https:\/\/lasentinelle.dz\/author\/redaction\/"}]}},"_links":{"self":[{"href":"https:\/\/lasentinelle.dz\/index.php\/wp-json\/wp\/v2\/posts\/38937","targetHints":{"allow":["GET"]}}],"collection":[{"href":"https:\/\/lasentinelle.dz\/index.php\/wp-json\/wp\/v2\/posts"}],"about":[{"href":"https:\/\/lasentinelle.dz\/index.php\/wp-json\/wp\/v2\/types\/post"}],"author":[{"embeddable":true,"href":"https:\/\/lasentinelle.dz\/index.php\/wp-json\/wp\/v2\/users\/3"}],"replies":[{"embeddable":true,"href":"https:\/\/lasentinelle.dz\/index.php\/wp-json\/wp\/v2\/comments?post=38937"}],"version-history":[{"count":1,"href":"https:\/\/lasentinelle.dz\/index.php\/wp-json\/wp\/v2\/posts\/38937\/revisions"}],"predecessor-version":[{"id":38939,"href":"https:\/\/lasentinelle.dz\/index.php\/wp-json\/wp\/v2\/posts\/38937\/revisions\/38939"}],"wp:featuredmedia":[{"embeddable":true,"href":"https:\/\/lasentinelle.dz\/index.php\/wp-json\/wp\/v2\/media\/38938"}],"wp:attachment":[{"href":"https:\/\/lasentinelle.dz\/index.php\/wp-json\/wp\/v2\/media?parent=38937"}],"wp:term":[{"taxonomy":"category","embeddable":true,"href":"https:\/\/lasentinelle.dz\/index.php\/wp-json\/wp\/v2\/categories?post=38937"},{"taxonomy":"post_tag","embeddable":true,"href":"https:\/\/lasentinelle.dz\/index.php\/wp-json\/wp\/v2\/tags?post=38937"}],"curies":[{"name":"wp","href":"https:\/\/api.w.org\/{rel}","templated":true}]}}