{"id":39065,"date":"2023-04-05T22:00:00","date_gmt":"2023-04-05T21:00:00","guid":{"rendered":"https:\/\/lasentinelle.dz\/?p=39065"},"modified":"2023-04-05T18:11:04","modified_gmt":"2023-04-05T17:11:04","slug":"il-fait-son-retour-aux-entrainements-la-fin-de-la-polemique-belaili","status":"publish","type":"post","link":"https:\/\/lasentinelle.dz\/index.php\/2023\/04\/05\/il-fait-son-retour-aux-entrainements-la-fin-de-la-polemique-belaili\/","title":{"rendered":"Il fait son retour aux entrainements\u00a0: La fin de la pol\u00e9mique Bela\u00efli"},"content":{"rendered":"\n<p>L\u2019absence du joueur avait suscit\u00e9 la pol\u00e9mique. Bless\u00e9 aux adducteurs, Youcef Belaili n\u2019\u00e9tait pas retourn\u00e9 en Corse apr\u00e8s la fin de la tr\u00eave internationale, ce qui avait aliment\u00e9 les rumeurs les plus folles, quant \u00e0 une nouvelle rupture avec son club. Hier, le Fennec a repris le chemin des entrainement, l\u2019occasion pour l\u2019AC Ajaccio a pondu a communiqu\u00e9 pour r\u00e9pondre et expliquer la situation.<\/p>\n\n\n\n<p>Youcef Bela\u00efli a finalement bien effectu\u00e9 son retour en Corse. Hier, le club de l\u2019\u00cele de beaut\u00e9 a communiqu\u00e9 sur le retour de son joueur, malgr\u00e9 en retard de 48h par rapport \u00e0 la date initialement convenue.<\/p>\n\n\n\n<p>\u00abLe mardi 28 mars dernier, le club avait d\u00e9cid\u00e9 d\u2019octroyer quelques jours suppl\u00e9mentaires \u00e0 Youcef Bela\u00efli en raison de sa blessure aux adducteurs&nbsp;\u00bb, indique Ajaccio sur Twitter. \u00ab&nbsp;Le staff sportif et m\u00e9dical \u00e9taient inform\u00e9s et ont suivi les soins du joueur. Youcef Bela\u00efli a \u00e9t\u00e9 re\u00e7u ce matin par le coach Olivier Pantaloni et le coordinateur sportif Johan Cavalli pour ses 48h de retard par rapport \u00e0 sa date de retour convenue. Youcef est d\u00e8s aujourd\u2019hui en phase de r\u00e9athl\u00e9tisation avec notre staff m\u00e9dical\u00bb, pr\u00e9cise le club.<\/p>\n\n\n\n<p>Apr\u00e8s la tr\u00eave internationale de mars et les deux matchs de l\u2019Alg\u00e9rie disput\u00e9s contre le Niger (2-1, 1-0) dans le cadre des \u00e9liminatoires de la CAN 2023, le joueur de 31 ans n\u2019\u00e9tait pas rentr\u00e9 en Corse. Certaines sources indiquaient que Bela\u00efli se trouvait toujours \u00e0 Oran \u00e0 cause d\u2019un diff\u00e9rend avec ses dirigeants. D\u2019autres affirmaient que le vainqueur de la CAN 2019 souffrait d\u2019une blessure, mais qu\u2019il avait pris seul la d\u00e9cision d\u2019effectuer sa convalescence en Alg\u00e9rie. L\u2019AC Ajaccio met fin, par son communiqu\u00e9, \u00e0 la pol\u00e9mique. Or, l\u2019ancien joueur de Brest aurait donc faut\u00e9 sur un seul point : la date de son retour en Corse. Bela\u00efli sera-t-il par cons\u00e9quent sanctionn\u00e9 par son employeur ? Pour le moment, le club qui pointe \u00e0 la 19e place de la Ligue 1 fran\u00e7aise n\u2019a pas communiqu\u00e9 en ce sens. En cette fin de saison, l\u2019international alg\u00e9rien (49 s\u00e9lections, 9 buts) pourrait s&rsquo;av\u00e9rer pr\u00e9cieux pour aider le club \u00e0 arracher son maintien, lui qui compte 6 buts et 3 passes d\u00e9cisives en 16 rencontres disput\u00e9es avec l\u2019ACA depuis son arriv\u00e9e en octobre dernier.<\/p>\n\n\n\n<p>R.S.<\/p>\n","protected":false},"excerpt":{"rendered":"<p>L\u2019absence du joueur avait suscit\u00e9 la pol\u00e9mique. Bless\u00e9 aux adducteurs, Youcef Belaili n\u2019\u00e9tait pas retourn\u00e9 en Corse apr\u00e8s la fin<\/p>\n","protected":false},"author":3,"featured_media":39069,"comment_status":"open","ping_status":"closed","sticky":false,"template":"","format":"standard","meta":{"colormag_page_container_layout":"default_layout","colormag_page_sidebar_layout":"default_layout","om_disable_all_campaigns":false,"_monsterinsights_skip_tracking":false,"_monsterinsights_sitenote_active":false,"_monsterinsights_sitenote_note":"","_monsterinsights_sitenote_category":0,"footnotes":"","_wpscppro_dont_share_socialmedia":false,"_wpscppro_custom_social_share_image":0,"_facebook_share_type":"","_twitter_share_type":"","_linkedin_share_type":"","_pinterest_share_type":"","_linkedin_share_type_page":"","_instagram_share_type":"","_medium_share_type":"","_threads_share_type":"","_google_business_share_type":"","_selected_social_profile":[],"_wpsp_enable_custom_social_template":false,"_wpsp_social_scheduling":{"enabled":false,"datetime":null,"platforms":[],"status":"template_only","dateOption":"today","timeOption":"now","customDays":"","customHours":"","customDate":"","customTime":"","schedulingType":"absolute"},"_wpsp_active_default_template":true},"categories":[33],"tags":[],"class_list":["post-39065","post","type-post","status-publish","format-standard","has-post-thumbnail","hentry","category-sports"],"aioseo_notices":[],"yoast_head":"<!-- This site is optimized with the Yoast SEO plugin v27.5 - https:\/\/yoast.com\/product\/yoast-seo-wordpress\/ -->\n<title>Il fait son retour aux entrainements\u00a0: La fin de la pol\u00e9mique Bela\u00efli - La Sentinelle<\/title>\n<meta name=\"robots\" content=\"index, follow, max-snippet:-1, max-image-preview:large, max-video-preview:-1\" \/>\n<link rel=\"canonical\" href=\"https:\/\/lasentinelle.dz\/index.php\/2023\/04\/05\/il-fait-son-retour-aux-entrainements-la-fin-de-la-polemique-belaili\/\" \/>\n<meta property=\"og:locale\" content=\"fr_FR\" \/>\n<meta property=\"og:type\" content=\"article\" \/>\n<meta property=\"og:title\" content=\"Il fait son retour aux entrainements\u00a0: La fin de la pol\u00e9mique Bela\u00efli - La Sentinelle\" \/>\n<meta property=\"og:description\" content=\"L\u2019absence du joueur avait suscit\u00e9 la pol\u00e9mique. Bless\u00e9 aux adducteurs, Youcef Belaili n\u2019\u00e9tait pas retourn\u00e9 en Corse apr\u00e8s la fin\" \/>\n<meta property=\"og:url\" content=\"https:\/\/lasentinelle.dz\/index.php\/2023\/04\/05\/il-fait-son-retour-aux-entrainements-la-fin-de-la-polemique-belaili\/\" \/>\n<meta property=\"og:site_name\" content=\"La Sentinelle\" \/>\n<meta property=\"article:publisher\" content=\"https:\/\/www.facebook.com\/La-Sentinelle-104059864394773\" \/>\n<meta property=\"article:published_time\" content=\"2023-04-05T21:00:00+00:00\" \/>\n<meta property=\"og:image\" content=\"https:\/\/lasentinelle.dz\/wp-content\/uploads\/2023\/04\/belaili.png\" \/>\n\t<meta property=\"og:image:width\" content=\"1350\" \/>\n\t<meta property=\"og:image:height\" content=\"900\" \/>\n\t<meta property=\"og:image:type\" content=\"image\/png\" \/>\n<meta name=\"author\" content=\"La Sentinelle\" \/>\n<meta name=\"twitter:card\" content=\"summary_large_image\" \/>\n<meta name=\"twitter:label1\" content=\"\u00c9crit par\" \/>\n\t<meta name=\"twitter:data1\" content=\"La Sentinelle\" \/>\n\t<meta name=\"twitter:label2\" content=\"Dur\u00e9e de lecture estim\u00e9e\" \/>\n\t<meta name=\"twitter:data2\" content=\"2 minutes\" \/>\n<script type=\"application\/ld+json\" class=\"yoast-schema-graph\">{\"@context\":\"https:\\\/\\\/schema.org\",\"@graph\":[{\"@type\":\"Article\",\"@id\":\"https:\\\/\\\/lasentinelle.dz\\\/index.php\\\/2023\\\/04\\\/05\\\/il-fait-son-retour-aux-entrainements-la-fin-de-la-polemique-belaili\\\/#article\",\"isPartOf\":{\"@id\":\"https:\\\/\\\/lasentinelle.dz\\\/index.php\\\/2023\\\/04\\\/05\\\/il-fait-son-retour-aux-entrainements-la-fin-de-la-polemique-belaili\\\/\"},\"author\":{\"name\":\"La Sentinelle\",\"@id\":\"https:\\\/\\\/lasentinelle.dz\\\/#\\\/schema\\\/person\\\/d865044e22e70a75174ce8bcad3acfb3\"},\"headline\":\"Il fait son retour aux entrainements\u00a0: La fin de la pol\u00e9mique Bela\u00efli\",\"datePublished\":\"2023-04-05T21:00:00+00:00\",\"mainEntityOfPage\":{\"@id\":\"https:\\\/\\\/lasentinelle.dz\\\/index.php\\\/2023\\\/04\\\/05\\\/il-fait-son-retour-aux-entrainements-la-fin-de-la-polemique-belaili\\\/\"},\"wordCount\":423,\"commentCount\":0,\"publisher\":{\"@id\":\"https:\\\/\\\/lasentinelle.dz\\\/#organization\"},\"image\":{\"@id\":\"https:\\\/\\\/lasentinelle.dz\\\/index.php\\\/2023\\\/04\\\/05\\\/il-fait-son-retour-aux-entrainements-la-fin-de-la-polemique-belaili\\\/#primaryimage\"},\"thumbnailUrl\":\"https:\\\/\\\/lasentinelle.dz\\\/wp-content\\\/uploads\\\/2023\\\/04\\\/belaili.png\",\"articleSection\":[\"Sports\"],\"inLanguage\":\"fr-FR\",\"potentialAction\":[{\"@type\":\"CommentAction\",\"name\":\"Comment\",\"target\":[\"https:\\\/\\\/lasentinelle.dz\\\/index.php\\\/2023\\\/04\\\/05\\\/il-fait-son-retour-aux-entrainements-la-fin-de-la-polemique-belaili\\\/#respond\"]}]},{\"@type\":\"WebPage\",\"@id\":\"https:\\\/\\\/lasentinelle.dz\\\/index.php\\\/2023\\\/04\\\/05\\\/il-fait-son-retour-aux-entrainements-la-fin-de-la-polemique-belaili\\\/\",\"url\":\"https:\\\/\\\/lasentinelle.dz\\\/index.php\\\/2023\\\/04\\\/05\\\/il-fait-son-retour-aux-entrainements-la-fin-de-la-polemique-belaili\\\/\",\"name\":\"Il fait son retour aux entrainements\u00a0: La fin de la pol\u00e9mique Bela\u00efli - La Sentinelle\",\"isPartOf\":{\"@id\":\"https:\\\/\\\/lasentinelle.dz\\\/#website\"},\"primaryImageOfPage\":{\"@id\":\"https:\\\/\\\/lasentinelle.dz\\\/index.php\\\/2023\\\/04\\\/05\\\/il-fait-son-retour-aux-entrainements-la-fin-de-la-polemique-belaili\\\/#primaryimage\"},\"image\":{\"@id\":\"https:\\\/\\\/lasentinelle.dz\\\/index.php\\\/2023\\\/04\\\/05\\\/il-fait-son-retour-aux-entrainements-la-fin-de-la-polemique-belaili\\\/#primaryimage\"},\"thumbnailUrl\":\"https:\\\/\\\/lasentinelle.dz\\\/wp-content\\\/uploads\\\/2023\\\/04\\\/belaili.png\",\"datePublished\":\"2023-04-05T21:00:00+00:00\",\"breadcrumb\":{\"@id\":\"https:\\\/\\\/lasentinelle.dz\\\/index.php\\\/2023\\\/04\\\/05\\\/il-fait-son-retour-aux-entrainements-la-fin-de-la-polemique-belaili\\\/#breadcrumb\"},\"inLanguage\":\"fr-FR\",\"potentialAction\":[{\"@type\":\"ReadAction\",\"target\":[\"https:\\\/\\\/lasentinelle.dz\\\/index.php\\\/2023\\\/04\\\/05\\\/il-fait-son-retour-aux-entrainements-la-fin-de-la-polemique-belaili\\\/\"]}]},{\"@type\":\"ImageObject\",\"inLanguage\":\"fr-FR\",\"@id\":\"https:\\\/\\\/lasentinelle.dz\\\/index.php\\\/2023\\\/04\\\/05\\\/il-fait-son-retour-aux-entrainements-la-fin-de-la-polemique-belaili\\\/#primaryimage\",\"url\":\"https:\\\/\\\/lasentinelle.dz\\\/wp-content\\\/uploads\\\/2023\\\/04\\\/belaili.png\",\"contentUrl\":\"https:\\\/\\\/lasentinelle.dz\\\/wp-content\\\/uploads\\\/2023\\\/04\\\/belaili.png\",\"width\":1350,\"height\":900},{\"@type\":\"BreadcrumbList\",\"@id\":\"https:\\\/\\\/lasentinelle.dz\\\/index.php\\\/2023\\\/04\\\/05\\\/il-fait-son-retour-aux-entrainements-la-fin-de-la-polemique-belaili\\\/#breadcrumb\",\"itemListElement\":[{\"@type\":\"ListItem\",\"position\":1,\"name\":\"Accueil\",\"item\":\"https:\\\/\\\/lasentinelle.dz\\\/\"},{\"@type\":\"ListItem\",\"position\":2,\"name\":\"Il fait son retour aux entrainements\u00a0: La fin de la pol\u00e9mique Bela\u00efli\"}]},{\"@type\":\"WebSite\",\"@id\":\"https:\\\/\\\/lasentinelle.dz\\\/#website\",\"url\":\"https:\\\/\\\/lasentinelle.dz\\\/\",\"name\":\"La Sentinelle\",\"description\":\"Quotidien national d&#039;information\",\"publisher\":{\"@id\":\"https:\\\/\\\/lasentinelle.dz\\\/#organization\"},\"potentialAction\":[{\"@type\":\"SearchAction\",\"target\":{\"@type\":\"EntryPoint\",\"urlTemplate\":\"https:\\\/\\\/lasentinelle.dz\\\/?s={search_term_string}\"},\"query-input\":{\"@type\":\"PropertyValueSpecification\",\"valueRequired\":true,\"valueName\":\"search_term_string\"}}],\"inLanguage\":\"fr-FR\"},{\"@type\":\"Organization\",\"@id\":\"https:\\\/\\\/lasentinelle.dz\\\/#organization\",\"name\":\"Quotidien La Sentinelle\",\"url\":\"https:\\\/\\\/lasentinelle.dz\\\/\",\"logo\":{\"@type\":\"ImageObject\",\"inLanguage\":\"fr-FR\",\"@id\":\"https:\\\/\\\/lasentinelle.dz\\\/#\\\/schema\\\/logo\\\/image\\\/\",\"url\":\"https:\\\/\\\/lasentinelle.dz\\\/wp-content\\\/uploads\\\/2021\\\/09\\\/logo-sentinelleSLOGAN-1.png\",\"contentUrl\":\"https:\\\/\\\/lasentinelle.dz\\\/wp-content\\\/uploads\\\/2021\\\/09\\\/logo-sentinelleSLOGAN-1.png\",\"width\":615,\"height\":142,\"caption\":\"Quotidien La Sentinelle\"},\"image\":{\"@id\":\"https:\\\/\\\/lasentinelle.dz\\\/#\\\/schema\\\/logo\\\/image\\\/\"},\"sameAs\":[\"https:\\\/\\\/www.facebook.com\\\/La-Sentinelle-104059864394773\"]},{\"@type\":\"Person\",\"@id\":\"https:\\\/\\\/lasentinelle.dz\\\/#\\\/schema\\\/person\\\/d865044e22e70a75174ce8bcad3acfb3\",\"name\":\"La Sentinelle\",\"image\":{\"@type\":\"ImageObject\",\"inLanguage\":\"fr-FR\",\"@id\":\"https:\\\/\\\/secure.gravatar.com\\\/avatar\\\/57de8e5d4b15d43fb361a71fbb36338450fe67865b528a43dd10ef7c51a20392?s=96&d=mm&r=g\",\"url\":\"https:\\\/\\\/secure.gravatar.com\\\/avatar\\\/57de8e5d4b15d43fb361a71fbb36338450fe67865b528a43dd10ef7c51a20392?s=96&d=mm&r=g\",\"contentUrl\":\"https:\\\/\\\/secure.gravatar.com\\\/avatar\\\/57de8e5d4b15d43fb361a71fbb36338450fe67865b528a43dd10ef7c51a20392?s=96&d=mm&r=g\",\"caption\":\"La Sentinelle\"},\"sameAs\":[\"http:\\\/\\\/www.lasentinelle.dz\"],\"url\":\"https:\\\/\\\/lasentinelle.dz\\\/author\\\/redaction\\\/\"}]}<\/script>\n<!-- \/ Yoast SEO plugin. -->","yoast_head_json":{"title":"Il fait son retour aux entrainements\u00a0: La fin de la pol\u00e9mique Bela\u00efli - La Sentinelle","robots":{"index":"index","follow":"follow","max-snippet":"max-snippet:-1","max-image-preview":"max-image-preview:large","max-video-preview":"max-video-preview:-1"},"canonical":"https:\/\/lasentinelle.dz\/index.php\/2023\/04\/05\/il-fait-son-retour-aux-entrainements-la-fin-de-la-polemique-belaili\/","og_locale":"fr_FR","og_type":"article","og_title":"Il fait son retour aux entrainements\u00a0: La fin de la pol\u00e9mique Bela\u00efli - La Sentinelle","og_description":"L\u2019absence du joueur avait suscit\u00e9 la pol\u00e9mique. Bless\u00e9 aux adducteurs, Youcef Belaili n\u2019\u00e9tait pas retourn\u00e9 en Corse apr\u00e8s la fin","og_url":"https:\/\/lasentinelle.dz\/index.php\/2023\/04\/05\/il-fait-son-retour-aux-entrainements-la-fin-de-la-polemique-belaili\/","og_site_name":"La Sentinelle","article_publisher":"https:\/\/www.facebook.com\/La-Sentinelle-104059864394773","article_published_time":"2023-04-05T21:00:00+00:00","og_image":[{"width":1350,"height":900,"url":"https:\/\/lasentinelle.dz\/wp-content\/uploads\/2023\/04\/belaili.png","type":"image\/png"}],"author":"La Sentinelle","twitter_card":"summary_large_image","twitter_misc":{"\u00c9crit par":"La Sentinelle","Dur\u00e9e de lecture estim\u00e9e":"2 minutes"},"schema":{"@context":"https:\/\/schema.org","@graph":[{"@type":"Article","@id":"https:\/\/lasentinelle.dz\/index.php\/2023\/04\/05\/il-fait-son-retour-aux-entrainements-la-fin-de-la-polemique-belaili\/#article","isPartOf":{"@id":"https:\/\/lasentinelle.dz\/index.php\/2023\/04\/05\/il-fait-son-retour-aux-entrainements-la-fin-de-la-polemique-belaili\/"},"author":{"name":"La Sentinelle","@id":"https:\/\/lasentinelle.dz\/#\/schema\/person\/d865044e22e70a75174ce8bcad3acfb3"},"headline":"Il fait son retour aux entrainements\u00a0: La fin de la pol\u00e9mique Bela\u00efli","datePublished":"2023-04-05T21:00:00+00:00","mainEntityOfPage":{"@id":"https:\/\/lasentinelle.dz\/index.php\/2023\/04\/05\/il-fait-son-retour-aux-entrainements-la-fin-de-la-polemique-belaili\/"},"wordCount":423,"commentCount":0,"publisher":{"@id":"https:\/\/lasentinelle.dz\/#organization"},"image":{"@id":"https:\/\/lasentinelle.dz\/index.php\/2023\/04\/05\/il-fait-son-retour-aux-entrainements-la-fin-de-la-polemique-belaili\/#primaryimage"},"thumbnailUrl":"https:\/\/lasentinelle.dz\/wp-content\/uploads\/2023\/04\/belaili.png","articleSection":["Sports"],"inLanguage":"fr-FR","potentialAction":[{"@type":"CommentAction","name":"Comment","target":["https:\/\/lasentinelle.dz\/index.php\/2023\/04\/05\/il-fait-son-retour-aux-entrainements-la-fin-de-la-polemique-belaili\/#respond"]}]},{"@type":"WebPage","@id":"https:\/\/lasentinelle.dz\/index.php\/2023\/04\/05\/il-fait-son-retour-aux-entrainements-la-fin-de-la-polemique-belaili\/","url":"https:\/\/lasentinelle.dz\/index.php\/2023\/04\/05\/il-fait-son-retour-aux-entrainements-la-fin-de-la-polemique-belaili\/","name":"Il fait son retour aux entrainements\u00a0: La fin de la pol\u00e9mique Bela\u00efli - La Sentinelle","isPartOf":{"@id":"https:\/\/lasentinelle.dz\/#website"},"primaryImageOfPage":{"@id":"https:\/\/lasentinelle.dz\/index.php\/2023\/04\/05\/il-fait-son-retour-aux-entrainements-la-fin-de-la-polemique-belaili\/#primaryimage"},"image":{"@id":"https:\/\/lasentinelle.dz\/index.php\/2023\/04\/05\/il-fait-son-retour-aux-entrainements-la-fin-de-la-polemique-belaili\/#primaryimage"},"thumbnailUrl":"https:\/\/lasentinelle.dz\/wp-content\/uploads\/2023\/04\/belaili.png","datePublished":"2023-04-05T21:00:00+00:00","breadcrumb":{"@id":"https:\/\/lasentinelle.dz\/index.php\/2023\/04\/05\/il-fait-son-retour-aux-entrainements-la-fin-de-la-polemique-belaili\/#breadcrumb"},"inLanguage":"fr-FR","potentialAction":[{"@type":"ReadAction","target":["https:\/\/lasentinelle.dz\/index.php\/2023\/04\/05\/il-fait-son-retour-aux-entrainements-la-fin-de-la-polemique-belaili\/"]}]},{"@type":"ImageObject","inLanguage":"fr-FR","@id":"https:\/\/lasentinelle.dz\/index.php\/2023\/04\/05\/il-fait-son-retour-aux-entrainements-la-fin-de-la-polemique-belaili\/#primaryimage","url":"https:\/\/lasentinelle.dz\/wp-content\/uploads\/2023\/04\/belaili.png","contentUrl":"https:\/\/lasentinelle.dz\/wp-content\/uploads\/2023\/04\/belaili.png","width":1350,"height":900},{"@type":"BreadcrumbList","@id":"https:\/\/lasentinelle.dz\/index.php\/2023\/04\/05\/il-fait-son-retour-aux-entrainements-la-fin-de-la-polemique-belaili\/#breadcrumb","itemListElement":[{"@type":"ListItem","position":1,"name":"Accueil","item":"https:\/\/lasentinelle.dz\/"},{"@type":"ListItem","position":2,"name":"Il fait son retour aux entrainements\u00a0: La fin de la pol\u00e9mique Bela\u00efli"}]},{"@type":"WebSite","@id":"https:\/\/lasentinelle.dz\/#website","url":"https:\/\/lasentinelle.dz\/","name":"La Sentinelle","description":"Quotidien national d&#039;information","publisher":{"@id":"https:\/\/lasentinelle.dz\/#organization"},"potentialAction":[{"@type":"SearchAction","target":{"@type":"EntryPoint","urlTemplate":"https:\/\/lasentinelle.dz\/?s={search_term_string}"},"query-input":{"@type":"PropertyValueSpecification","valueRequired":true,"valueName":"search_term_string"}}],"inLanguage":"fr-FR"},{"@type":"Organization","@id":"https:\/\/lasentinelle.dz\/#organization","name":"Quotidien La Sentinelle","url":"https:\/\/lasentinelle.dz\/","logo":{"@type":"ImageObject","inLanguage":"fr-FR","@id":"https:\/\/lasentinelle.dz\/#\/schema\/logo\/image\/","url":"https:\/\/lasentinelle.dz\/wp-content\/uploads\/2021\/09\/logo-sentinelleSLOGAN-1.png","contentUrl":"https:\/\/lasentinelle.dz\/wp-content\/uploads\/2021\/09\/logo-sentinelleSLOGAN-1.png","width":615,"height":142,"caption":"Quotidien La Sentinelle"},"image":{"@id":"https:\/\/lasentinelle.dz\/#\/schema\/logo\/image\/"},"sameAs":["https:\/\/www.facebook.com\/La-Sentinelle-104059864394773"]},{"@type":"Person","@id":"https:\/\/lasentinelle.dz\/#\/schema\/person\/d865044e22e70a75174ce8bcad3acfb3","name":"La Sentinelle","image":{"@type":"ImageObject","inLanguage":"fr-FR","@id":"https:\/\/secure.gravatar.com\/avatar\/57de8e5d4b15d43fb361a71fbb36338450fe67865b528a43dd10ef7c51a20392?s=96&d=mm&r=g","url":"https:\/\/secure.gravatar.com\/avatar\/57de8e5d4b15d43fb361a71fbb36338450fe67865b528a43dd10ef7c51a20392?s=96&d=mm&r=g","contentUrl":"https:\/\/secure.gravatar.com\/avatar\/57de8e5d4b15d43fb361a71fbb36338450fe67865b528a43dd10ef7c51a20392?s=96&d=mm&r=g","caption":"La Sentinelle"},"sameAs":["http:\/\/www.lasentinelle.dz"],"url":"https:\/\/lasentinelle.dz\/author\/redaction\/"}]}},"_links":{"self":[{"href":"https:\/\/lasentinelle.dz\/index.php\/wp-json\/wp\/v2\/posts\/39065","targetHints":{"allow":["GET"]}}],"collection":[{"href":"https:\/\/lasentinelle.dz\/index.php\/wp-json\/wp\/v2\/posts"}],"about":[{"href":"https:\/\/lasentinelle.dz\/index.php\/wp-json\/wp\/v2\/types\/post"}],"author":[{"embeddable":true,"href":"https:\/\/lasentinelle.dz\/index.php\/wp-json\/wp\/v2\/users\/3"}],"replies":[{"embeddable":true,"href":"https:\/\/lasentinelle.dz\/index.php\/wp-json\/wp\/v2\/comments?post=39065"}],"version-history":[{"count":1,"href":"https:\/\/lasentinelle.dz\/index.php\/wp-json\/wp\/v2\/posts\/39065\/revisions"}],"predecessor-version":[{"id":39072,"href":"https:\/\/lasentinelle.dz\/index.php\/wp-json\/wp\/v2\/posts\/39065\/revisions\/39072"}],"wp:featuredmedia":[{"embeddable":true,"href":"https:\/\/lasentinelle.dz\/index.php\/wp-json\/wp\/v2\/media\/39069"}],"wp:attachment":[{"href":"https:\/\/lasentinelle.dz\/index.php\/wp-json\/wp\/v2\/media?parent=39065"}],"wp:term":[{"taxonomy":"category","embeddable":true,"href":"https:\/\/lasentinelle.dz\/index.php\/wp-json\/wp\/v2\/categories?post=39065"},{"taxonomy":"post_tag","embeddable":true,"href":"https:\/\/lasentinelle.dz\/index.php\/wp-json\/wp\/v2\/tags?post=39065"}],"curies":[{"name":"wp","href":"https:\/\/api.w.org\/{rel}","templated":true}]}}