{"id":39106,"date":"2023-04-08T22:05:00","date_gmt":"2023-04-08T21:05:00","guid":{"rendered":"https:\/\/lasentinelle.dz\/?p=39106"},"modified":"2023-04-08T18:11:58","modified_gmt":"2023-04-08T17:11:58","slug":"projet-de-loi-relatif-au-reglement-des-conflits-collectifs-au-travail-et-au-droit-de-greve-les-deputes-proposent-pas-moins-de-57-amendements","status":"publish","type":"post","link":"https:\/\/lasentinelle.dz\/index.php\/2023\/04\/08\/projet-de-loi-relatif-au-reglement-des-conflits-collectifs-au-travail-et-au-droit-de-greve-les-deputes-proposent-pas-moins-de-57-amendements\/","title":{"rendered":"Projet de loi relatif au r\u00e8glement des conflits collectifs au travail et au droit de gr\u00e8ve\u00a0: Les d\u00e9put\u00e9s proposent pas moins de 57 amendements"},"content":{"rendered":"\n<p>Les d\u00e9bats autour du projet de loi relatif au r\u00e8glement des conflits collectifs au travail et au droit de gr\u00e8ve ont \u00e9t\u00e9 clos jeudi \u00e0 l\u2019Assembl\u00e9e populaire nationale. Un texte controvers\u00e9 qui a suscit\u00e9 l\u2019opposition des syndicats, Syndicats autonomes et UGTA, et a suscit\u00e9 le d\u00e9bat au sein de l\u2019H\u00e9micycle. Et si les d\u00e9put\u00e9s de la majorit\u00e9 ont a salu\u00e9 un texte qui met fin aux gr\u00e8ves anarchiques, ceux de l\u2019opposition -ceux du MSP essentiellement- ont demand\u00e9 le retrait du texte qu\u2019ils estiment restrictif. Une controverse qui s\u2019est traduite par un nombre important de propositions d\u2019amendements. Ainsi, la commission de la sant\u00e9, des affaires sociales, du travail et de la formation professionnelle de l&rsquo;Assembl\u00e9e populaire nationale (APN) a tenu hier une r\u00e9union consacr\u00e9e \u00e0 l&rsquo;examen de 57 amendements propos\u00e9s au texte relatif \u00e0 la pr\u00e9vention et au r\u00e8glement des conflits collectifs et \u00e0 l&rsquo;exercice du droit \u00e0 la gr\u00e8ve, selon un communiqu\u00e9 de la Chambre basse du Parlement. Le Bureau de l&rsquo;APN a soumis jeudi dernier ces amendements \u00e0 la commission car r\u00e9pondant aux conditions juridiques.<\/p>\n\n\n\n<p>Pour rappel, le ministre du Travail, de l\u2019Emploi et de la S\u00e9curit\u00e9 sociale, Fay\u00e7al Bentaleb a d\u00e9fendu jeudi le texte et a indiqu\u00e9 en r\u00e9ponse aux pr\u00e9occupations des d\u00e9put\u00e9s que&nbsp; ce texte de loi comportait des dispositions qui \u00ab\u00a0encouragent le dialogue fructueux sur la base du respect des droits fondamentaux des travailleurs et des employeurs aussi bien que le r\u00e8glement \u00e0 l&rsquo;amiable des conflits collectifs \u00e0 travers la consolidation des m\u00e9canismes de conciliation, de m\u00e9diation et d\u2019arbitrage\u00a0\u00bb. Ce texte de loi \u00ab\u00a0d\u00e9finit les conditions et les r\u00e8gles l\u00e9gales de la gr\u00e8ve dans le domaine du travail en instaurant des m\u00e9canismes plus flexibles pour le dialogue social et plus efficaces pour le r\u00e8glement des conflits collectifs du travail en vue d\u2019assurer un climat favorable et pr\u00e9server la paix et la stabilit\u00e9 sociales\u00a0\u00bb. Dans ce cadre, le ministre a affirm\u00e9 que le projet de loi \u00ab\u00a0ne constitue nullement une restriction, ni un recul dans les acquis de l&rsquo;exercice du droit constitutionnel \u00e0 la gr\u00e8ve, mais vient plut\u00f4t r\u00e9glementer ce droit\u00a0\u00bb. Il a en outre soulign\u00e9 que la pr\u00e9vention et le r\u00e8glement des conflits collectifs du travail \u00e9taient l&rsquo;une \u00ab\u00a0des questions importantes trait\u00e9es par ce projet de loi\u00a0\u00bb, ajoutant que les m\u00e9canismes de dialogue, de concertation et de n\u00e9gociation collectifs sont les \u00ab\u00a0meilleurs moyens pacifiques d&rsquo;organisation des relations professionnelles, au vu de leur r\u00f4le pr\u00e9ventif et de traitement de ces conflits, dans le but d\u2019\u00e9viter leurs effets n\u00e9gatifs sur l&rsquo;\u00e9tablissement, les travailleurs et la soci\u00e9t\u00e9 en g\u00e9n\u00e9ral\u00a0\u00bb.<\/p>\n\n\n\n<p><strong>Chokri Hafed<\/strong><\/p>\n","protected":false},"excerpt":{"rendered":"<p>Les d\u00e9bats autour du projet de loi relatif au r\u00e8glement des conflits collectifs au travail et au droit de gr\u00e8ve<\/p>\n","protected":false},"author":3,"featured_media":39118,"comment_status":"open","ping_status":"closed","sticky":false,"template":"","format":"standard","meta":{"colormag_page_container_layout":"default_layout","colormag_page_sidebar_layout":"default_layout","om_disable_all_campaigns":false,"_monsterinsights_skip_tracking":false,"_monsterinsights_sitenote_active":false,"_monsterinsights_sitenote_note":"","_monsterinsights_sitenote_category":0,"footnotes":"","_wpscppro_dont_share_socialmedia":false,"_wpscppro_custom_social_share_image":0,"_facebook_share_type":"","_twitter_share_type":"","_linkedin_share_type":"","_pinterest_share_type":"","_linkedin_share_type_page":"","_instagram_share_type":"","_medium_share_type":"","_threads_share_type":"","_google_business_share_type":"","_selected_social_profile":[],"_wpsp_enable_custom_social_template":false,"_wpsp_social_scheduling":{"enabled":false,"datetime":null,"platforms":[],"status":"template_only","dateOption":"today","timeOption":"now","customDays":"","customHours":"","customDate":"","customTime":"","schedulingType":"absolute"},"_wpsp_active_default_template":true},"categories":[29],"tags":[],"class_list":["post-39106","post","type-post","status-publish","format-standard","has-post-thumbnail","hentry","category-economie"],"aioseo_notices":[],"yoast_head":"<!-- This site is optimized with the Yoast SEO plugin v27.5 - https:\/\/yoast.com\/product\/yoast-seo-wordpress\/ -->\n<title>Projet de loi relatif au r\u00e8glement des conflits collectifs au travail et au droit de gr\u00e8ve\u00a0: Les d\u00e9put\u00e9s proposent pas moins de 57 amendements - La Sentinelle<\/title>\n<meta name=\"robots\" content=\"index, follow, max-snippet:-1, max-image-preview:large, max-video-preview:-1\" \/>\n<link rel=\"canonical\" href=\"https:\/\/lasentinelle.dz\/index.php\/2023\/04\/08\/projet-de-loi-relatif-au-reglement-des-conflits-collectifs-au-travail-et-au-droit-de-greve-les-deputes-proposent-pas-moins-de-57-amendements\/\" \/>\n<meta property=\"og:locale\" content=\"fr_FR\" \/>\n<meta property=\"og:type\" content=\"article\" \/>\n<meta property=\"og:title\" content=\"Projet de loi relatif au r\u00e8glement des conflits collectifs au travail et au droit de gr\u00e8ve\u00a0: Les d\u00e9put\u00e9s proposent pas moins de 57 amendements - La Sentinelle\" \/>\n<meta property=\"og:description\" content=\"Les d\u00e9bats autour du projet de loi relatif au r\u00e8glement des conflits collectifs au travail et au droit de gr\u00e8ve\" \/>\n<meta property=\"og:url\" content=\"https:\/\/lasentinelle.dz\/index.php\/2023\/04\/08\/projet-de-loi-relatif-au-reglement-des-conflits-collectifs-au-travail-et-au-droit-de-greve-les-deputes-proposent-pas-moins-de-57-amendements\/\" \/>\n<meta property=\"og:site_name\" content=\"La Sentinelle\" \/>\n<meta property=\"article:publisher\" content=\"https:\/\/www.facebook.com\/La-Sentinelle-104059864394773\" \/>\n<meta property=\"article:published_time\" content=\"2023-04-08T21:05:00+00:00\" \/>\n<meta property=\"og:image\" content=\"https:\/\/lasentinelle.dz\/wp-content\/uploads\/2023\/04\/aa.png\" \/>\n\t<meta property=\"og:image:width\" content=\"1344\" \/>\n\t<meta property=\"og:image:height\" content=\"900\" \/>\n\t<meta property=\"og:image:type\" content=\"image\/png\" \/>\n<meta name=\"author\" content=\"La Sentinelle\" \/>\n<meta name=\"twitter:card\" content=\"summary_large_image\" \/>\n<meta name=\"twitter:label1\" content=\"\u00c9crit par\" \/>\n\t<meta name=\"twitter:data1\" content=\"La Sentinelle\" \/>\n\t<meta name=\"twitter:label2\" content=\"Dur\u00e9e de lecture estim\u00e9e\" \/>\n\t<meta name=\"twitter:data2\" content=\"3 minutes\" \/>\n<script type=\"application\/ld+json\" class=\"yoast-schema-graph\">{\"@context\":\"https:\\\/\\\/schema.org\",\"@graph\":[{\"@type\":\"Article\",\"@id\":\"https:\\\/\\\/lasentinelle.dz\\\/index.php\\\/2023\\\/04\\\/08\\\/projet-de-loi-relatif-au-reglement-des-conflits-collectifs-au-travail-et-au-droit-de-greve-les-deputes-proposent-pas-moins-de-57-amendements\\\/#article\",\"isPartOf\":{\"@id\":\"https:\\\/\\\/lasentinelle.dz\\\/index.php\\\/2023\\\/04\\\/08\\\/projet-de-loi-relatif-au-reglement-des-conflits-collectifs-au-travail-et-au-droit-de-greve-les-deputes-proposent-pas-moins-de-57-amendements\\\/\"},\"author\":{\"name\":\"La Sentinelle\",\"@id\":\"https:\\\/\\\/lasentinelle.dz\\\/#\\\/schema\\\/person\\\/d865044e22e70a75174ce8bcad3acfb3\"},\"headline\":\"Projet de loi relatif au r\u00e8glement des conflits collectifs au travail et au droit de gr\u00e8ve\u00a0: Les d\u00e9put\u00e9s proposent pas moins de 57 amendements\",\"datePublished\":\"2023-04-08T21:05:00+00:00\",\"mainEntityOfPage\":{\"@id\":\"https:\\\/\\\/lasentinelle.dz\\\/index.php\\\/2023\\\/04\\\/08\\\/projet-de-loi-relatif-au-reglement-des-conflits-collectifs-au-travail-et-au-droit-de-greve-les-deputes-proposent-pas-moins-de-57-amendements\\\/\"},\"wordCount\":508,\"commentCount\":0,\"publisher\":{\"@id\":\"https:\\\/\\\/lasentinelle.dz\\\/#organization\"},\"image\":{\"@id\":\"https:\\\/\\\/lasentinelle.dz\\\/index.php\\\/2023\\\/04\\\/08\\\/projet-de-loi-relatif-au-reglement-des-conflits-collectifs-au-travail-et-au-droit-de-greve-les-deputes-proposent-pas-moins-de-57-amendements\\\/#primaryimage\"},\"thumbnailUrl\":\"https:\\\/\\\/lasentinelle.dz\\\/wp-content\\\/uploads\\\/2023\\\/04\\\/aa.png\",\"articleSection\":[\"\u00c9conomie\"],\"inLanguage\":\"fr-FR\",\"potentialAction\":[{\"@type\":\"CommentAction\",\"name\":\"Comment\",\"target\":[\"https:\\\/\\\/lasentinelle.dz\\\/index.php\\\/2023\\\/04\\\/08\\\/projet-de-loi-relatif-au-reglement-des-conflits-collectifs-au-travail-et-au-droit-de-greve-les-deputes-proposent-pas-moins-de-57-amendements\\\/#respond\"]}]},{\"@type\":\"WebPage\",\"@id\":\"https:\\\/\\\/lasentinelle.dz\\\/index.php\\\/2023\\\/04\\\/08\\\/projet-de-loi-relatif-au-reglement-des-conflits-collectifs-au-travail-et-au-droit-de-greve-les-deputes-proposent-pas-moins-de-57-amendements\\\/\",\"url\":\"https:\\\/\\\/lasentinelle.dz\\\/index.php\\\/2023\\\/04\\\/08\\\/projet-de-loi-relatif-au-reglement-des-conflits-collectifs-au-travail-et-au-droit-de-greve-les-deputes-proposent-pas-moins-de-57-amendements\\\/\",\"name\":\"Projet de loi relatif au r\u00e8glement des conflits collectifs au travail et au droit de gr\u00e8ve\u00a0: Les d\u00e9put\u00e9s proposent pas moins de 57 amendements - La Sentinelle\",\"isPartOf\":{\"@id\":\"https:\\\/\\\/lasentinelle.dz\\\/#website\"},\"primaryImageOfPage\":{\"@id\":\"https:\\\/\\\/lasentinelle.dz\\\/index.php\\\/2023\\\/04\\\/08\\\/projet-de-loi-relatif-au-reglement-des-conflits-collectifs-au-travail-et-au-droit-de-greve-les-deputes-proposent-pas-moins-de-57-amendements\\\/#primaryimage\"},\"image\":{\"@id\":\"https:\\\/\\\/lasentinelle.dz\\\/index.php\\\/2023\\\/04\\\/08\\\/projet-de-loi-relatif-au-reglement-des-conflits-collectifs-au-travail-et-au-droit-de-greve-les-deputes-proposent-pas-moins-de-57-amendements\\\/#primaryimage\"},\"thumbnailUrl\":\"https:\\\/\\\/lasentinelle.dz\\\/wp-content\\\/uploads\\\/2023\\\/04\\\/aa.png\",\"datePublished\":\"2023-04-08T21:05:00+00:00\",\"breadcrumb\":{\"@id\":\"https:\\\/\\\/lasentinelle.dz\\\/index.php\\\/2023\\\/04\\\/08\\\/projet-de-loi-relatif-au-reglement-des-conflits-collectifs-au-travail-et-au-droit-de-greve-les-deputes-proposent-pas-moins-de-57-amendements\\\/#breadcrumb\"},\"inLanguage\":\"fr-FR\",\"potentialAction\":[{\"@type\":\"ReadAction\",\"target\":[\"https:\\\/\\\/lasentinelle.dz\\\/index.php\\\/2023\\\/04\\\/08\\\/projet-de-loi-relatif-au-reglement-des-conflits-collectifs-au-travail-et-au-droit-de-greve-les-deputes-proposent-pas-moins-de-57-amendements\\\/\"]}]},{\"@type\":\"ImageObject\",\"inLanguage\":\"fr-FR\",\"@id\":\"https:\\\/\\\/lasentinelle.dz\\\/index.php\\\/2023\\\/04\\\/08\\\/projet-de-loi-relatif-au-reglement-des-conflits-collectifs-au-travail-et-au-droit-de-greve-les-deputes-proposent-pas-moins-de-57-amendements\\\/#primaryimage\",\"url\":\"https:\\\/\\\/lasentinelle.dz\\\/wp-content\\\/uploads\\\/2023\\\/04\\\/aa.png\",\"contentUrl\":\"https:\\\/\\\/lasentinelle.dz\\\/wp-content\\\/uploads\\\/2023\\\/04\\\/aa.png\",\"width\":1344,\"height\":900},{\"@type\":\"BreadcrumbList\",\"@id\":\"https:\\\/\\\/lasentinelle.dz\\\/index.php\\\/2023\\\/04\\\/08\\\/projet-de-loi-relatif-au-reglement-des-conflits-collectifs-au-travail-et-au-droit-de-greve-les-deputes-proposent-pas-moins-de-57-amendements\\\/#breadcrumb\",\"itemListElement\":[{\"@type\":\"ListItem\",\"position\":1,\"name\":\"Accueil\",\"item\":\"https:\\\/\\\/lasentinelle.dz\\\/\"},{\"@type\":\"ListItem\",\"position\":2,\"name\":\"Projet de loi relatif au r\u00e8glement des conflits collectifs au travail et au droit de gr\u00e8ve\u00a0: Les d\u00e9put\u00e9s proposent pas moins de 57 amendements\"}]},{\"@type\":\"WebSite\",\"@id\":\"https:\\\/\\\/lasentinelle.dz\\\/#website\",\"url\":\"https:\\\/\\\/lasentinelle.dz\\\/\",\"name\":\"La Sentinelle\",\"description\":\"Quotidien national d&#039;information\",\"publisher\":{\"@id\":\"https:\\\/\\\/lasentinelle.dz\\\/#organization\"},\"potentialAction\":[{\"@type\":\"SearchAction\",\"target\":{\"@type\":\"EntryPoint\",\"urlTemplate\":\"https:\\\/\\\/lasentinelle.dz\\\/?s={search_term_string}\"},\"query-input\":{\"@type\":\"PropertyValueSpecification\",\"valueRequired\":true,\"valueName\":\"search_term_string\"}}],\"inLanguage\":\"fr-FR\"},{\"@type\":\"Organization\",\"@id\":\"https:\\\/\\\/lasentinelle.dz\\\/#organization\",\"name\":\"Quotidien La Sentinelle\",\"url\":\"https:\\\/\\\/lasentinelle.dz\\\/\",\"logo\":{\"@type\":\"ImageObject\",\"inLanguage\":\"fr-FR\",\"@id\":\"https:\\\/\\\/lasentinelle.dz\\\/#\\\/schema\\\/logo\\\/image\\\/\",\"url\":\"https:\\\/\\\/lasentinelle.dz\\\/wp-content\\\/uploads\\\/2021\\\/09\\\/logo-sentinelleSLOGAN-1.png\",\"contentUrl\":\"https:\\\/\\\/lasentinelle.dz\\\/wp-content\\\/uploads\\\/2021\\\/09\\\/logo-sentinelleSLOGAN-1.png\",\"width\":615,\"height\":142,\"caption\":\"Quotidien La Sentinelle\"},\"image\":{\"@id\":\"https:\\\/\\\/lasentinelle.dz\\\/#\\\/schema\\\/logo\\\/image\\\/\"},\"sameAs\":[\"https:\\\/\\\/www.facebook.com\\\/La-Sentinelle-104059864394773\"]},{\"@type\":\"Person\",\"@id\":\"https:\\\/\\\/lasentinelle.dz\\\/#\\\/schema\\\/person\\\/d865044e22e70a75174ce8bcad3acfb3\",\"name\":\"La Sentinelle\",\"image\":{\"@type\":\"ImageObject\",\"inLanguage\":\"fr-FR\",\"@id\":\"https:\\\/\\\/secure.gravatar.com\\\/avatar\\\/57de8e5d4b15d43fb361a71fbb36338450fe67865b528a43dd10ef7c51a20392?s=96&d=mm&r=g\",\"url\":\"https:\\\/\\\/secure.gravatar.com\\\/avatar\\\/57de8e5d4b15d43fb361a71fbb36338450fe67865b528a43dd10ef7c51a20392?s=96&d=mm&r=g\",\"contentUrl\":\"https:\\\/\\\/secure.gravatar.com\\\/avatar\\\/57de8e5d4b15d43fb361a71fbb36338450fe67865b528a43dd10ef7c51a20392?s=96&d=mm&r=g\",\"caption\":\"La Sentinelle\"},\"sameAs\":[\"http:\\\/\\\/www.lasentinelle.dz\"],\"url\":\"https:\\\/\\\/lasentinelle.dz\\\/author\\\/redaction\\\/\"}]}<\/script>\n<!-- \/ Yoast SEO plugin. -->","yoast_head_json":{"title":"Projet de loi relatif au r\u00e8glement des conflits collectifs au travail et au droit de gr\u00e8ve\u00a0: Les d\u00e9put\u00e9s proposent pas moins de 57 amendements - La Sentinelle","robots":{"index":"index","follow":"follow","max-snippet":"max-snippet:-1","max-image-preview":"max-image-preview:large","max-video-preview":"max-video-preview:-1"},"canonical":"https:\/\/lasentinelle.dz\/index.php\/2023\/04\/08\/projet-de-loi-relatif-au-reglement-des-conflits-collectifs-au-travail-et-au-droit-de-greve-les-deputes-proposent-pas-moins-de-57-amendements\/","og_locale":"fr_FR","og_type":"article","og_title":"Projet de loi relatif au r\u00e8glement des conflits collectifs au travail et au droit de gr\u00e8ve\u00a0: Les d\u00e9put\u00e9s proposent pas moins de 57 amendements - La Sentinelle","og_description":"Les d\u00e9bats autour du projet de loi relatif au r\u00e8glement des conflits collectifs au travail et au droit de gr\u00e8ve","og_url":"https:\/\/lasentinelle.dz\/index.php\/2023\/04\/08\/projet-de-loi-relatif-au-reglement-des-conflits-collectifs-au-travail-et-au-droit-de-greve-les-deputes-proposent-pas-moins-de-57-amendements\/","og_site_name":"La Sentinelle","article_publisher":"https:\/\/www.facebook.com\/La-Sentinelle-104059864394773","article_published_time":"2023-04-08T21:05:00+00:00","og_image":[{"width":1344,"height":900,"url":"https:\/\/lasentinelle.dz\/wp-content\/uploads\/2023\/04\/aa.png","type":"image\/png"}],"author":"La Sentinelle","twitter_card":"summary_large_image","twitter_misc":{"\u00c9crit par":"La Sentinelle","Dur\u00e9e de lecture estim\u00e9e":"3 minutes"},"schema":{"@context":"https:\/\/schema.org","@graph":[{"@type":"Article","@id":"https:\/\/lasentinelle.dz\/index.php\/2023\/04\/08\/projet-de-loi-relatif-au-reglement-des-conflits-collectifs-au-travail-et-au-droit-de-greve-les-deputes-proposent-pas-moins-de-57-amendements\/#article","isPartOf":{"@id":"https:\/\/lasentinelle.dz\/index.php\/2023\/04\/08\/projet-de-loi-relatif-au-reglement-des-conflits-collectifs-au-travail-et-au-droit-de-greve-les-deputes-proposent-pas-moins-de-57-amendements\/"},"author":{"name":"La Sentinelle","@id":"https:\/\/lasentinelle.dz\/#\/schema\/person\/d865044e22e70a75174ce8bcad3acfb3"},"headline":"Projet de loi relatif au r\u00e8glement des conflits collectifs au travail et au droit de gr\u00e8ve\u00a0: Les d\u00e9put\u00e9s proposent pas moins de 57 amendements","datePublished":"2023-04-08T21:05:00+00:00","mainEntityOfPage":{"@id":"https:\/\/lasentinelle.dz\/index.php\/2023\/04\/08\/projet-de-loi-relatif-au-reglement-des-conflits-collectifs-au-travail-et-au-droit-de-greve-les-deputes-proposent-pas-moins-de-57-amendements\/"},"wordCount":508,"commentCount":0,"publisher":{"@id":"https:\/\/lasentinelle.dz\/#organization"},"image":{"@id":"https:\/\/lasentinelle.dz\/index.php\/2023\/04\/08\/projet-de-loi-relatif-au-reglement-des-conflits-collectifs-au-travail-et-au-droit-de-greve-les-deputes-proposent-pas-moins-de-57-amendements\/#primaryimage"},"thumbnailUrl":"https:\/\/lasentinelle.dz\/wp-content\/uploads\/2023\/04\/aa.png","articleSection":["\u00c9conomie"],"inLanguage":"fr-FR","potentialAction":[{"@type":"CommentAction","name":"Comment","target":["https:\/\/lasentinelle.dz\/index.php\/2023\/04\/08\/projet-de-loi-relatif-au-reglement-des-conflits-collectifs-au-travail-et-au-droit-de-greve-les-deputes-proposent-pas-moins-de-57-amendements\/#respond"]}]},{"@type":"WebPage","@id":"https:\/\/lasentinelle.dz\/index.php\/2023\/04\/08\/projet-de-loi-relatif-au-reglement-des-conflits-collectifs-au-travail-et-au-droit-de-greve-les-deputes-proposent-pas-moins-de-57-amendements\/","url":"https:\/\/lasentinelle.dz\/index.php\/2023\/04\/08\/projet-de-loi-relatif-au-reglement-des-conflits-collectifs-au-travail-et-au-droit-de-greve-les-deputes-proposent-pas-moins-de-57-amendements\/","name":"Projet de loi relatif au r\u00e8glement des conflits collectifs au travail et au droit de gr\u00e8ve\u00a0: Les d\u00e9put\u00e9s proposent pas moins de 57 amendements - La Sentinelle","isPartOf":{"@id":"https:\/\/lasentinelle.dz\/#website"},"primaryImageOfPage":{"@id":"https:\/\/lasentinelle.dz\/index.php\/2023\/04\/08\/projet-de-loi-relatif-au-reglement-des-conflits-collectifs-au-travail-et-au-droit-de-greve-les-deputes-proposent-pas-moins-de-57-amendements\/#primaryimage"},"image":{"@id":"https:\/\/lasentinelle.dz\/index.php\/2023\/04\/08\/projet-de-loi-relatif-au-reglement-des-conflits-collectifs-au-travail-et-au-droit-de-greve-les-deputes-proposent-pas-moins-de-57-amendements\/#primaryimage"},"thumbnailUrl":"https:\/\/lasentinelle.dz\/wp-content\/uploads\/2023\/04\/aa.png","datePublished":"2023-04-08T21:05:00+00:00","breadcrumb":{"@id":"https:\/\/lasentinelle.dz\/index.php\/2023\/04\/08\/projet-de-loi-relatif-au-reglement-des-conflits-collectifs-au-travail-et-au-droit-de-greve-les-deputes-proposent-pas-moins-de-57-amendements\/#breadcrumb"},"inLanguage":"fr-FR","potentialAction":[{"@type":"ReadAction","target":["https:\/\/lasentinelle.dz\/index.php\/2023\/04\/08\/projet-de-loi-relatif-au-reglement-des-conflits-collectifs-au-travail-et-au-droit-de-greve-les-deputes-proposent-pas-moins-de-57-amendements\/"]}]},{"@type":"ImageObject","inLanguage":"fr-FR","@id":"https:\/\/lasentinelle.dz\/index.php\/2023\/04\/08\/projet-de-loi-relatif-au-reglement-des-conflits-collectifs-au-travail-et-au-droit-de-greve-les-deputes-proposent-pas-moins-de-57-amendements\/#primaryimage","url":"https:\/\/lasentinelle.dz\/wp-content\/uploads\/2023\/04\/aa.png","contentUrl":"https:\/\/lasentinelle.dz\/wp-content\/uploads\/2023\/04\/aa.png","width":1344,"height":900},{"@type":"BreadcrumbList","@id":"https:\/\/lasentinelle.dz\/index.php\/2023\/04\/08\/projet-de-loi-relatif-au-reglement-des-conflits-collectifs-au-travail-et-au-droit-de-greve-les-deputes-proposent-pas-moins-de-57-amendements\/#breadcrumb","itemListElement":[{"@type":"ListItem","position":1,"name":"Accueil","item":"https:\/\/lasentinelle.dz\/"},{"@type":"ListItem","position":2,"name":"Projet de loi relatif au r\u00e8glement des conflits collectifs au travail et au droit de gr\u00e8ve\u00a0: Les d\u00e9put\u00e9s proposent pas moins de 57 amendements"}]},{"@type":"WebSite","@id":"https:\/\/lasentinelle.dz\/#website","url":"https:\/\/lasentinelle.dz\/","name":"La Sentinelle","description":"Quotidien national d&#039;information","publisher":{"@id":"https:\/\/lasentinelle.dz\/#organization"},"potentialAction":[{"@type":"SearchAction","target":{"@type":"EntryPoint","urlTemplate":"https:\/\/lasentinelle.dz\/?s={search_term_string}"},"query-input":{"@type":"PropertyValueSpecification","valueRequired":true,"valueName":"search_term_string"}}],"inLanguage":"fr-FR"},{"@type":"Organization","@id":"https:\/\/lasentinelle.dz\/#organization","name":"Quotidien La Sentinelle","url":"https:\/\/lasentinelle.dz\/","logo":{"@type":"ImageObject","inLanguage":"fr-FR","@id":"https:\/\/lasentinelle.dz\/#\/schema\/logo\/image\/","url":"https:\/\/lasentinelle.dz\/wp-content\/uploads\/2021\/09\/logo-sentinelleSLOGAN-1.png","contentUrl":"https:\/\/lasentinelle.dz\/wp-content\/uploads\/2021\/09\/logo-sentinelleSLOGAN-1.png","width":615,"height":142,"caption":"Quotidien La Sentinelle"},"image":{"@id":"https:\/\/lasentinelle.dz\/#\/schema\/logo\/image\/"},"sameAs":["https:\/\/www.facebook.com\/La-Sentinelle-104059864394773"]},{"@type":"Person","@id":"https:\/\/lasentinelle.dz\/#\/schema\/person\/d865044e22e70a75174ce8bcad3acfb3","name":"La Sentinelle","image":{"@type":"ImageObject","inLanguage":"fr-FR","@id":"https:\/\/secure.gravatar.com\/avatar\/57de8e5d4b15d43fb361a71fbb36338450fe67865b528a43dd10ef7c51a20392?s=96&d=mm&r=g","url":"https:\/\/secure.gravatar.com\/avatar\/57de8e5d4b15d43fb361a71fbb36338450fe67865b528a43dd10ef7c51a20392?s=96&d=mm&r=g","contentUrl":"https:\/\/secure.gravatar.com\/avatar\/57de8e5d4b15d43fb361a71fbb36338450fe67865b528a43dd10ef7c51a20392?s=96&d=mm&r=g","caption":"La Sentinelle"},"sameAs":["http:\/\/www.lasentinelle.dz"],"url":"https:\/\/lasentinelle.dz\/author\/redaction\/"}]}},"_links":{"self":[{"href":"https:\/\/lasentinelle.dz\/index.php\/wp-json\/wp\/v2\/posts\/39106","targetHints":{"allow":["GET"]}}],"collection":[{"href":"https:\/\/lasentinelle.dz\/index.php\/wp-json\/wp\/v2\/posts"}],"about":[{"href":"https:\/\/lasentinelle.dz\/index.php\/wp-json\/wp\/v2\/types\/post"}],"author":[{"embeddable":true,"href":"https:\/\/lasentinelle.dz\/index.php\/wp-json\/wp\/v2\/users\/3"}],"replies":[{"embeddable":true,"href":"https:\/\/lasentinelle.dz\/index.php\/wp-json\/wp\/v2\/comments?post=39106"}],"version-history":[{"count":2,"href":"https:\/\/lasentinelle.dz\/index.php\/wp-json\/wp\/v2\/posts\/39106\/revisions"}],"predecessor-version":[{"id":39122,"href":"https:\/\/lasentinelle.dz\/index.php\/wp-json\/wp\/v2\/posts\/39106\/revisions\/39122"}],"wp:featuredmedia":[{"embeddable":true,"href":"https:\/\/lasentinelle.dz\/index.php\/wp-json\/wp\/v2\/media\/39118"}],"wp:attachment":[{"href":"https:\/\/lasentinelle.dz\/index.php\/wp-json\/wp\/v2\/media?parent=39106"}],"wp:term":[{"taxonomy":"category","embeddable":true,"href":"https:\/\/lasentinelle.dz\/index.php\/wp-json\/wp\/v2\/categories?post=39106"},{"taxonomy":"post_tag","embeddable":true,"href":"https:\/\/lasentinelle.dz\/index.php\/wp-json\/wp\/v2\/tags?post=39106"}],"curies":[{"name":"wp","href":"https:\/\/api.w.org\/{rel}","templated":true}]}}