{"id":3915,"date":"2021-08-10T15:28:14","date_gmt":"2021-08-10T14:28:14","guid":{"rendered":"https:\/\/lasentinelle.dz\/?p=3915"},"modified":"2021-08-10T15:28:14","modified_gmt":"2021-08-10T14:28:14","slug":"tna-des-concours-pour-enfants-a-la-memoire-dartistes-disparus","status":"publish","type":"post","link":"https:\/\/lasentinelle.dz\/index.php\/2021\/08\/10\/tna-des-concours-pour-enfants-a-la-memoire-dartistes-disparus\/","title":{"rendered":"TNA : Des concours pour enfants \u00e0 la m\u00e9moire d\u2019artistes disparus"},"content":{"rendered":"\n<p>Le th\u00e9\u00e2tre national Mahieddine-Bachtarzi (TNA) organise trois concours destin\u00e9s aux enfants, \u00e0 la m\u00e9moire des regrett\u00e9s hommes de th\u00e9\u00e2tre r\u00e9cemment disparus, Ahc\u00e8ne Assous, Idris Chekrouni et Abdelmalek Boussahel , annonce le TNA sur sa page Facebook. Ouverts jusqu\u2019au 3 septembre prochain, ces trois concours, organis\u00e9s autour de th\u00e9matiques en lien avec la pand\u00e9mie de la Covid-19 et con\u00e7ues dans les formats du r\u00e9cit, de la nouvelle et de la com\u00e9die, concernent les enfants \u00e2g\u00e9s de 6 \u00e0 15 ans. Pour les comp\u00e9titions \u00abAhc\u00e8ne Assous\u00bb (d\u00e9c\u00e9d\u00e9 le 23 juillet \u00e0 l\u2019\u00e2ge de 72 ans) et \u00abAbdelmalek Boussahel\u00bb (disparu le 29 juillet \u00e2g\u00e9 alors de 56 ans), baptis\u00e9es \u00abLe petit narrateur\u00bb et \u00abLe petit comique\u00bb respectivement, les jeunes candidats devront pr\u00e9parer des vid\u00e9os de haute qualit\u00e9, enregistr\u00e9es sur un \u00abplan- s\u00e9quence horizontal\u00bb, ne d\u00e9passant pas 5 mn de temps. Quant au concours de la nouvelle d\u00e9di\u00e9 \u00e0 la m\u00e9moire du dramaturge \u00abIdriss Chekrouni\u00bb (parti le 20 juillet \u00e0 l\u2019\u00e2ge de 75 ans), les jeunes auteurs auront \u00e0 cr\u00e9er et \u00e9crire lisiblement une courte histoire ne d\u00e9passant pas les 500 mots. Les enfants postulants \u00e0 ce concours devront envoyer leurs propositions, accompagn\u00e9es des renseignements relatifs \u00e0 leurs \u00e9tats civils (nom, pr\u00e9nom, \u00e2ge et num\u00e9ro de t\u00e9l\u00e9phone) \u00e0 l\u2019adresse mail: mussabaka.tna.2021@gmail.com. L\u2019annonce des r\u00e9sultats se fera 15 jours apr\u00e8s l\u2019expiration des d\u00e9lais de d\u00e9p\u00f4t des candidatures et trois laur\u00e9ats pour chaque cat\u00e9gorie recevront des tablettes \u00e9lectroniques et des livres et ouvrages de valeur destin\u00e9s aux enfants.<br>APS<\/p>\n","protected":false},"excerpt":{"rendered":"<p>Le th\u00e9\u00e2tre national Mahieddine-Bachtarzi (TNA) organise trois concours destin\u00e9s aux enfants, \u00e0 la m\u00e9moire des regrett\u00e9s hommes de th\u00e9\u00e2tre r\u00e9cemment<\/p>\n","protected":false},"author":3,"featured_media":3828,"comment_status":"open","ping_status":"closed","sticky":false,"template":"","format":"standard","meta":{"colormag_page_container_layout":"default_layout","colormag_page_sidebar_layout":"default_layout","om_disable_all_campaigns":false,"_monsterinsights_skip_tracking":false,"_monsterinsights_sitenote_active":false,"_monsterinsights_sitenote_note":"","_monsterinsights_sitenote_category":0,"footnotes":"","_wpscppro_dont_share_socialmedia":false,"_wpscppro_custom_social_share_image":0,"_facebook_share_type":"","_twitter_share_type":"","_linkedin_share_type":"","_pinterest_share_type":"","_linkedin_share_type_page":"","_instagram_share_type":"","_medium_share_type":"","_threads_share_type":"","_google_business_share_type":"","_selected_social_profile":[],"_wpsp_enable_custom_social_template":false,"_wpsp_social_scheduling":{"enabled":false,"datetime":null,"platforms":[],"status":"template_only","dateOption":"today","timeOption":"now","customDays":"","customHours":"","customDate":"","customTime":"","schedulingType":"absolute"},"_wpsp_active_default_template":true},"categories":[36],"tags":[],"class_list":["post-3915","post","type-post","status-publish","format-standard","has-post-thumbnail","hentry","category-culture"],"aioseo_notices":[],"yoast_head":"<!-- This site is optimized with the Yoast SEO plugin v27.5 - https:\/\/yoast.com\/product\/yoast-seo-wordpress\/ -->\n<title>TNA : Des concours pour enfants \u00e0 la m\u00e9moire d\u2019artistes disparus - La Sentinelle<\/title>\n<meta name=\"robots\" content=\"index, follow, max-snippet:-1, max-image-preview:large, max-video-preview:-1\" \/>\n<link rel=\"canonical\" href=\"https:\/\/lasentinelle.dz\/index.php\/2021\/08\/10\/tna-des-concours-pour-enfants-a-la-memoire-dartistes-disparus\/\" \/>\n<meta property=\"og:locale\" content=\"fr_FR\" \/>\n<meta property=\"og:type\" content=\"article\" \/>\n<meta property=\"og:title\" content=\"TNA : Des concours pour enfants \u00e0 la m\u00e9moire d\u2019artistes disparus - La Sentinelle\" \/>\n<meta property=\"og:description\" content=\"Le th\u00e9\u00e2tre national Mahieddine-Bachtarzi (TNA) organise trois concours destin\u00e9s aux enfants, \u00e0 la m\u00e9moire des regrett\u00e9s hommes de th\u00e9\u00e2tre r\u00e9cemment\" \/>\n<meta property=\"og:url\" content=\"https:\/\/lasentinelle.dz\/index.php\/2021\/08\/10\/tna-des-concours-pour-enfants-a-la-memoire-dartistes-disparus\/\" \/>\n<meta property=\"og:site_name\" content=\"La Sentinelle\" \/>\n<meta property=\"article:publisher\" content=\"https:\/\/www.facebook.com\/La-Sentinelle-104059864394773\" \/>\n<meta property=\"article:published_time\" content=\"2021-08-10T14:28:14+00:00\" \/>\n<meta property=\"og:image\" content=\"https:\/\/lasentinelle.dz\/wp-content\/uploads\/2021\/08\/TNA.png\" \/>\n\t<meta property=\"og:image:width\" content=\"1573\" \/>\n\t<meta property=\"og:image:height\" content=\"900\" \/>\n\t<meta property=\"og:image:type\" content=\"image\/png\" \/>\n<meta name=\"author\" content=\"La Sentinelle\" \/>\n<meta name=\"twitter:card\" content=\"summary_large_image\" \/>\n<meta name=\"twitter:label1\" content=\"\u00c9crit par\" \/>\n\t<meta name=\"twitter:data1\" content=\"La Sentinelle\" \/>\n\t<meta name=\"twitter:label2\" content=\"Dur\u00e9e de lecture estim\u00e9e\" \/>\n\t<meta name=\"twitter:data2\" content=\"2 minutes\" \/>\n<script type=\"application\/ld+json\" class=\"yoast-schema-graph\">{\"@context\":\"https:\\\/\\\/schema.org\",\"@graph\":[{\"@type\":\"Article\",\"@id\":\"https:\\\/\\\/lasentinelle.dz\\\/index.php\\\/2021\\\/08\\\/10\\\/tna-des-concours-pour-enfants-a-la-memoire-dartistes-disparus\\\/#article\",\"isPartOf\":{\"@id\":\"https:\\\/\\\/lasentinelle.dz\\\/index.php\\\/2021\\\/08\\\/10\\\/tna-des-concours-pour-enfants-a-la-memoire-dartistes-disparus\\\/\"},\"author\":{\"name\":\"La Sentinelle\",\"@id\":\"https:\\\/\\\/lasentinelle.dz\\\/#\\\/schema\\\/person\\\/d865044e22e70a75174ce8bcad3acfb3\"},\"headline\":\"TNA : Des concours pour enfants \u00e0 la m\u00e9moire d\u2019artistes disparus\",\"datePublished\":\"2021-08-10T14:28:14+00:00\",\"mainEntityOfPage\":{\"@id\":\"https:\\\/\\\/lasentinelle.dz\\\/index.php\\\/2021\\\/08\\\/10\\\/tna-des-concours-pour-enfants-a-la-memoire-dartistes-disparus\\\/\"},\"wordCount\":282,\"commentCount\":0,\"publisher\":{\"@id\":\"https:\\\/\\\/lasentinelle.dz\\\/#organization\"},\"image\":{\"@id\":\"https:\\\/\\\/lasentinelle.dz\\\/index.php\\\/2021\\\/08\\\/10\\\/tna-des-concours-pour-enfants-a-la-memoire-dartistes-disparus\\\/#primaryimage\"},\"thumbnailUrl\":\"https:\\\/\\\/lasentinelle.dz\\\/wp-content\\\/uploads\\\/2021\\\/08\\\/TNA.png\",\"articleSection\":[\"Culture\"],\"inLanguage\":\"fr-FR\",\"potentialAction\":[{\"@type\":\"CommentAction\",\"name\":\"Comment\",\"target\":[\"https:\\\/\\\/lasentinelle.dz\\\/index.php\\\/2021\\\/08\\\/10\\\/tna-des-concours-pour-enfants-a-la-memoire-dartistes-disparus\\\/#respond\"]}]},{\"@type\":\"WebPage\",\"@id\":\"https:\\\/\\\/lasentinelle.dz\\\/index.php\\\/2021\\\/08\\\/10\\\/tna-des-concours-pour-enfants-a-la-memoire-dartistes-disparus\\\/\",\"url\":\"https:\\\/\\\/lasentinelle.dz\\\/index.php\\\/2021\\\/08\\\/10\\\/tna-des-concours-pour-enfants-a-la-memoire-dartistes-disparus\\\/\",\"name\":\"TNA : Des concours pour enfants \u00e0 la m\u00e9moire d\u2019artistes disparus - La Sentinelle\",\"isPartOf\":{\"@id\":\"https:\\\/\\\/lasentinelle.dz\\\/#website\"},\"primaryImageOfPage\":{\"@id\":\"https:\\\/\\\/lasentinelle.dz\\\/index.php\\\/2021\\\/08\\\/10\\\/tna-des-concours-pour-enfants-a-la-memoire-dartistes-disparus\\\/#primaryimage\"},\"image\":{\"@id\":\"https:\\\/\\\/lasentinelle.dz\\\/index.php\\\/2021\\\/08\\\/10\\\/tna-des-concours-pour-enfants-a-la-memoire-dartistes-disparus\\\/#primaryimage\"},\"thumbnailUrl\":\"https:\\\/\\\/lasentinelle.dz\\\/wp-content\\\/uploads\\\/2021\\\/08\\\/TNA.png\",\"datePublished\":\"2021-08-10T14:28:14+00:00\",\"breadcrumb\":{\"@id\":\"https:\\\/\\\/lasentinelle.dz\\\/index.php\\\/2021\\\/08\\\/10\\\/tna-des-concours-pour-enfants-a-la-memoire-dartistes-disparus\\\/#breadcrumb\"},\"inLanguage\":\"fr-FR\",\"potentialAction\":[{\"@type\":\"ReadAction\",\"target\":[\"https:\\\/\\\/lasentinelle.dz\\\/index.php\\\/2021\\\/08\\\/10\\\/tna-des-concours-pour-enfants-a-la-memoire-dartistes-disparus\\\/\"]}]},{\"@type\":\"ImageObject\",\"inLanguage\":\"fr-FR\",\"@id\":\"https:\\\/\\\/lasentinelle.dz\\\/index.php\\\/2021\\\/08\\\/10\\\/tna-des-concours-pour-enfants-a-la-memoire-dartistes-disparus\\\/#primaryimage\",\"url\":\"https:\\\/\\\/lasentinelle.dz\\\/wp-content\\\/uploads\\\/2021\\\/08\\\/TNA.png\",\"contentUrl\":\"https:\\\/\\\/lasentinelle.dz\\\/wp-content\\\/uploads\\\/2021\\\/08\\\/TNA.png\",\"width\":1573,\"height\":900},{\"@type\":\"BreadcrumbList\",\"@id\":\"https:\\\/\\\/lasentinelle.dz\\\/index.php\\\/2021\\\/08\\\/10\\\/tna-des-concours-pour-enfants-a-la-memoire-dartistes-disparus\\\/#breadcrumb\",\"itemListElement\":[{\"@type\":\"ListItem\",\"position\":1,\"name\":\"Accueil\",\"item\":\"https:\\\/\\\/lasentinelle.dz\\\/\"},{\"@type\":\"ListItem\",\"position\":2,\"name\":\"TNA : Des concours pour enfants \u00e0 la m\u00e9moire d\u2019artistes disparus\"}]},{\"@type\":\"WebSite\",\"@id\":\"https:\\\/\\\/lasentinelle.dz\\\/#website\",\"url\":\"https:\\\/\\\/lasentinelle.dz\\\/\",\"name\":\"La Sentinelle\",\"description\":\"Quotidien national d&#039;information\",\"publisher\":{\"@id\":\"https:\\\/\\\/lasentinelle.dz\\\/#organization\"},\"potentialAction\":[{\"@type\":\"SearchAction\",\"target\":{\"@type\":\"EntryPoint\",\"urlTemplate\":\"https:\\\/\\\/lasentinelle.dz\\\/?s={search_term_string}\"},\"query-input\":{\"@type\":\"PropertyValueSpecification\",\"valueRequired\":true,\"valueName\":\"search_term_string\"}}],\"inLanguage\":\"fr-FR\"},{\"@type\":\"Organization\",\"@id\":\"https:\\\/\\\/lasentinelle.dz\\\/#organization\",\"name\":\"Quotidien La Sentinelle\",\"url\":\"https:\\\/\\\/lasentinelle.dz\\\/\",\"logo\":{\"@type\":\"ImageObject\",\"inLanguage\":\"fr-FR\",\"@id\":\"https:\\\/\\\/lasentinelle.dz\\\/#\\\/schema\\\/logo\\\/image\\\/\",\"url\":\"https:\\\/\\\/lasentinelle.dz\\\/wp-content\\\/uploads\\\/2021\\\/09\\\/logo-sentinelleSLOGAN-1.png\",\"contentUrl\":\"https:\\\/\\\/lasentinelle.dz\\\/wp-content\\\/uploads\\\/2021\\\/09\\\/logo-sentinelleSLOGAN-1.png\",\"width\":615,\"height\":142,\"caption\":\"Quotidien La Sentinelle\"},\"image\":{\"@id\":\"https:\\\/\\\/lasentinelle.dz\\\/#\\\/schema\\\/logo\\\/image\\\/\"},\"sameAs\":[\"https:\\\/\\\/www.facebook.com\\\/La-Sentinelle-104059864394773\"]},{\"@type\":\"Person\",\"@id\":\"https:\\\/\\\/lasentinelle.dz\\\/#\\\/schema\\\/person\\\/d865044e22e70a75174ce8bcad3acfb3\",\"name\":\"La Sentinelle\",\"image\":{\"@type\":\"ImageObject\",\"inLanguage\":\"fr-FR\",\"@id\":\"https:\\\/\\\/secure.gravatar.com\\\/avatar\\\/57de8e5d4b15d43fb361a71fbb36338450fe67865b528a43dd10ef7c51a20392?s=96&d=mm&r=g\",\"url\":\"https:\\\/\\\/secure.gravatar.com\\\/avatar\\\/57de8e5d4b15d43fb361a71fbb36338450fe67865b528a43dd10ef7c51a20392?s=96&d=mm&r=g\",\"contentUrl\":\"https:\\\/\\\/secure.gravatar.com\\\/avatar\\\/57de8e5d4b15d43fb361a71fbb36338450fe67865b528a43dd10ef7c51a20392?s=96&d=mm&r=g\",\"caption\":\"La Sentinelle\"},\"sameAs\":[\"http:\\\/\\\/www.lasentinelle.dz\"],\"url\":\"https:\\\/\\\/lasentinelle.dz\\\/author\\\/redaction\\\/\"}]}<\/script>\n<!-- \/ Yoast SEO plugin. -->","yoast_head_json":{"title":"TNA : Des concours pour enfants \u00e0 la m\u00e9moire d\u2019artistes disparus - La Sentinelle","robots":{"index":"index","follow":"follow","max-snippet":"max-snippet:-1","max-image-preview":"max-image-preview:large","max-video-preview":"max-video-preview:-1"},"canonical":"https:\/\/lasentinelle.dz\/index.php\/2021\/08\/10\/tna-des-concours-pour-enfants-a-la-memoire-dartistes-disparus\/","og_locale":"fr_FR","og_type":"article","og_title":"TNA : Des concours pour enfants \u00e0 la m\u00e9moire d\u2019artistes disparus - La Sentinelle","og_description":"Le th\u00e9\u00e2tre national Mahieddine-Bachtarzi (TNA) organise trois concours destin\u00e9s aux enfants, \u00e0 la m\u00e9moire des regrett\u00e9s hommes de th\u00e9\u00e2tre r\u00e9cemment","og_url":"https:\/\/lasentinelle.dz\/index.php\/2021\/08\/10\/tna-des-concours-pour-enfants-a-la-memoire-dartistes-disparus\/","og_site_name":"La Sentinelle","article_publisher":"https:\/\/www.facebook.com\/La-Sentinelle-104059864394773","article_published_time":"2021-08-10T14:28:14+00:00","og_image":[{"width":1573,"height":900,"url":"https:\/\/lasentinelle.dz\/wp-content\/uploads\/2021\/08\/TNA.png","type":"image\/png"}],"author":"La Sentinelle","twitter_card":"summary_large_image","twitter_misc":{"\u00c9crit par":"La Sentinelle","Dur\u00e9e de lecture estim\u00e9e":"2 minutes"},"schema":{"@context":"https:\/\/schema.org","@graph":[{"@type":"Article","@id":"https:\/\/lasentinelle.dz\/index.php\/2021\/08\/10\/tna-des-concours-pour-enfants-a-la-memoire-dartistes-disparus\/#article","isPartOf":{"@id":"https:\/\/lasentinelle.dz\/index.php\/2021\/08\/10\/tna-des-concours-pour-enfants-a-la-memoire-dartistes-disparus\/"},"author":{"name":"La Sentinelle","@id":"https:\/\/lasentinelle.dz\/#\/schema\/person\/d865044e22e70a75174ce8bcad3acfb3"},"headline":"TNA : Des concours pour enfants \u00e0 la m\u00e9moire d\u2019artistes disparus","datePublished":"2021-08-10T14:28:14+00:00","mainEntityOfPage":{"@id":"https:\/\/lasentinelle.dz\/index.php\/2021\/08\/10\/tna-des-concours-pour-enfants-a-la-memoire-dartistes-disparus\/"},"wordCount":282,"commentCount":0,"publisher":{"@id":"https:\/\/lasentinelle.dz\/#organization"},"image":{"@id":"https:\/\/lasentinelle.dz\/index.php\/2021\/08\/10\/tna-des-concours-pour-enfants-a-la-memoire-dartistes-disparus\/#primaryimage"},"thumbnailUrl":"https:\/\/lasentinelle.dz\/wp-content\/uploads\/2021\/08\/TNA.png","articleSection":["Culture"],"inLanguage":"fr-FR","potentialAction":[{"@type":"CommentAction","name":"Comment","target":["https:\/\/lasentinelle.dz\/index.php\/2021\/08\/10\/tna-des-concours-pour-enfants-a-la-memoire-dartistes-disparus\/#respond"]}]},{"@type":"WebPage","@id":"https:\/\/lasentinelle.dz\/index.php\/2021\/08\/10\/tna-des-concours-pour-enfants-a-la-memoire-dartistes-disparus\/","url":"https:\/\/lasentinelle.dz\/index.php\/2021\/08\/10\/tna-des-concours-pour-enfants-a-la-memoire-dartistes-disparus\/","name":"TNA : Des concours pour enfants \u00e0 la m\u00e9moire d\u2019artistes disparus - La Sentinelle","isPartOf":{"@id":"https:\/\/lasentinelle.dz\/#website"},"primaryImageOfPage":{"@id":"https:\/\/lasentinelle.dz\/index.php\/2021\/08\/10\/tna-des-concours-pour-enfants-a-la-memoire-dartistes-disparus\/#primaryimage"},"image":{"@id":"https:\/\/lasentinelle.dz\/index.php\/2021\/08\/10\/tna-des-concours-pour-enfants-a-la-memoire-dartistes-disparus\/#primaryimage"},"thumbnailUrl":"https:\/\/lasentinelle.dz\/wp-content\/uploads\/2021\/08\/TNA.png","datePublished":"2021-08-10T14:28:14+00:00","breadcrumb":{"@id":"https:\/\/lasentinelle.dz\/index.php\/2021\/08\/10\/tna-des-concours-pour-enfants-a-la-memoire-dartistes-disparus\/#breadcrumb"},"inLanguage":"fr-FR","potentialAction":[{"@type":"ReadAction","target":["https:\/\/lasentinelle.dz\/index.php\/2021\/08\/10\/tna-des-concours-pour-enfants-a-la-memoire-dartistes-disparus\/"]}]},{"@type":"ImageObject","inLanguage":"fr-FR","@id":"https:\/\/lasentinelle.dz\/index.php\/2021\/08\/10\/tna-des-concours-pour-enfants-a-la-memoire-dartistes-disparus\/#primaryimage","url":"https:\/\/lasentinelle.dz\/wp-content\/uploads\/2021\/08\/TNA.png","contentUrl":"https:\/\/lasentinelle.dz\/wp-content\/uploads\/2021\/08\/TNA.png","width":1573,"height":900},{"@type":"BreadcrumbList","@id":"https:\/\/lasentinelle.dz\/index.php\/2021\/08\/10\/tna-des-concours-pour-enfants-a-la-memoire-dartistes-disparus\/#breadcrumb","itemListElement":[{"@type":"ListItem","position":1,"name":"Accueil","item":"https:\/\/lasentinelle.dz\/"},{"@type":"ListItem","position":2,"name":"TNA : Des concours pour enfants \u00e0 la m\u00e9moire d\u2019artistes disparus"}]},{"@type":"WebSite","@id":"https:\/\/lasentinelle.dz\/#website","url":"https:\/\/lasentinelle.dz\/","name":"La Sentinelle","description":"Quotidien national d&#039;information","publisher":{"@id":"https:\/\/lasentinelle.dz\/#organization"},"potentialAction":[{"@type":"SearchAction","target":{"@type":"EntryPoint","urlTemplate":"https:\/\/lasentinelle.dz\/?s={search_term_string}"},"query-input":{"@type":"PropertyValueSpecification","valueRequired":true,"valueName":"search_term_string"}}],"inLanguage":"fr-FR"},{"@type":"Organization","@id":"https:\/\/lasentinelle.dz\/#organization","name":"Quotidien La Sentinelle","url":"https:\/\/lasentinelle.dz\/","logo":{"@type":"ImageObject","inLanguage":"fr-FR","@id":"https:\/\/lasentinelle.dz\/#\/schema\/logo\/image\/","url":"https:\/\/lasentinelle.dz\/wp-content\/uploads\/2021\/09\/logo-sentinelleSLOGAN-1.png","contentUrl":"https:\/\/lasentinelle.dz\/wp-content\/uploads\/2021\/09\/logo-sentinelleSLOGAN-1.png","width":615,"height":142,"caption":"Quotidien La Sentinelle"},"image":{"@id":"https:\/\/lasentinelle.dz\/#\/schema\/logo\/image\/"},"sameAs":["https:\/\/www.facebook.com\/La-Sentinelle-104059864394773"]},{"@type":"Person","@id":"https:\/\/lasentinelle.dz\/#\/schema\/person\/d865044e22e70a75174ce8bcad3acfb3","name":"La Sentinelle","image":{"@type":"ImageObject","inLanguage":"fr-FR","@id":"https:\/\/secure.gravatar.com\/avatar\/57de8e5d4b15d43fb361a71fbb36338450fe67865b528a43dd10ef7c51a20392?s=96&d=mm&r=g","url":"https:\/\/secure.gravatar.com\/avatar\/57de8e5d4b15d43fb361a71fbb36338450fe67865b528a43dd10ef7c51a20392?s=96&d=mm&r=g","contentUrl":"https:\/\/secure.gravatar.com\/avatar\/57de8e5d4b15d43fb361a71fbb36338450fe67865b528a43dd10ef7c51a20392?s=96&d=mm&r=g","caption":"La Sentinelle"},"sameAs":["http:\/\/www.lasentinelle.dz"],"url":"https:\/\/lasentinelle.dz\/author\/redaction\/"}]}},"_links":{"self":[{"href":"https:\/\/lasentinelle.dz\/index.php\/wp-json\/wp\/v2\/posts\/3915","targetHints":{"allow":["GET"]}}],"collection":[{"href":"https:\/\/lasentinelle.dz\/index.php\/wp-json\/wp\/v2\/posts"}],"about":[{"href":"https:\/\/lasentinelle.dz\/index.php\/wp-json\/wp\/v2\/types\/post"}],"author":[{"embeddable":true,"href":"https:\/\/lasentinelle.dz\/index.php\/wp-json\/wp\/v2\/users\/3"}],"replies":[{"embeddable":true,"href":"https:\/\/lasentinelle.dz\/index.php\/wp-json\/wp\/v2\/comments?post=3915"}],"version-history":[{"count":1,"href":"https:\/\/lasentinelle.dz\/index.php\/wp-json\/wp\/v2\/posts\/3915\/revisions"}],"predecessor-version":[{"id":3918,"href":"https:\/\/lasentinelle.dz\/index.php\/wp-json\/wp\/v2\/posts\/3915\/revisions\/3918"}],"wp:featuredmedia":[{"embeddable":true,"href":"https:\/\/lasentinelle.dz\/index.php\/wp-json\/wp\/v2\/media\/3828"}],"wp:attachment":[{"href":"https:\/\/lasentinelle.dz\/index.php\/wp-json\/wp\/v2\/media?parent=3915"}],"wp:term":[{"taxonomy":"category","embeddable":true,"href":"https:\/\/lasentinelle.dz\/index.php\/wp-json\/wp\/v2\/categories?post=3915"},{"taxonomy":"post_tag","embeddable":true,"href":"https:\/\/lasentinelle.dz\/index.php\/wp-json\/wp\/v2\/tags?post=3915"}],"curies":[{"name":"wp","href":"https:\/\/api.w.org\/{rel}","templated":true}]}}