{"id":3919,"date":"2021-08-10T15:30:58","date_gmt":"2021-08-10T14:30:58","guid":{"rendered":"https:\/\/lasentinelle.dz\/?p=3919"},"modified":"2021-08-10T15:30:59","modified_gmt":"2021-08-10T14:30:59","slug":"festival-culturel-raconte-arts-annulation-de-la-17e-edition","status":"publish","type":"post","link":"https:\/\/lasentinelle.dz\/index.php\/2021\/08\/10\/festival-culturel-raconte-arts-annulation-de-la-17e-edition\/","title":{"rendered":"Festival culturel \u00abRaconte-Arts\u00bb : Annulation de la 17e \u00e9dition"},"content":{"rendered":"\n<p>La 17e \u00e9dition du Festival culturel \u00abRaconte-Arts\u00bb, pr\u00e9vue du 13 au 20 ao\u00fbt au village \u00abAth-Ouabane\u00bb (Tizi-Ouzou), a \u00e9t\u00e9 annul\u00e9e, suite \u00e0 la \u00abforte d\u00e9gradation\u00bb de la situation sanitaire caus\u00e9e par la pand\u00e9mie du Coronavirus, annoncent les organisateurs sur la page Face book du festival. \u00ab\u2019Raconte-Arts 2021\u2019 n\u2019aura pas lieu cette ann\u00e9e et m\u00eame son report pour l\u2019automne n\u2019est plus envisageable, compte tenu de la situation sanitaire qui s\u2019est fortement d\u00e9grad\u00e9e\u00bb, ont fait savoir les organisateurs sur la page du festival. Annon\u00e7ant \u00abavec prudence\u00bb la possibilit\u00e9 d\u2019organiser la 17e \u00e9dition de ce festival en juillet 2022 au village \u00abAit-Aissi\u00bb de Yakourene, les organisateurs recommandent aux postulants \u00e0 la participation d\u00e9j\u00e0 inscrits, de \u00abrenouveler leur candidature l\u2019ann\u00e9e prochaine\u00bb. La proposition d\u2019organiser une semaine culturelle au Village \u00abAth-Ouabane\u00bb, \u00abdont la forme et le fond seront discut\u00e9s en temps opportun avec ses repr\u00e9sentants \u00ab, a \u00e9galement \u00e9t\u00e9 \u00e9voqu\u00e9e par les organisateurs, en compensation, ont-ils estim\u00e9, du grand d\u00e9vouement et de l\u2019hospitalit\u00e9 manifest\u00e9s par les habitants de ce village o\u00f9 devait avoir lieu cette manifestation lors de l\u2019\u00e9dition 2021. Lanc\u00e9e en 2004 \u00e0 Ath-Yenni, \u00e0 l\u2019initiative du trio d\u2019amis, Hacen Metref, Denis Martinez et Ali Silem, l\u2019aventure \u00abRaconte-Arts\u00bb, festival culturel itin\u00e9rant, est depuis, encadr\u00e9e par la Ligue des Arts cin\u00e9matographiques et dramatiques.<br>Depuis sa cr\u00e9ation, le Festival culturel \u00abRaconte-Arts\u00bb a empli de ses sonorit\u00e9s et de ses couleurs autochtones, pas moins de 15 villages \u00e0 travers la wilaya de Tizi-Ouzou, dont le dernier au village \u00abSahel\u00bb dans la commune de Bouzgu\u00e8ne, et un dans la wilaya de Bejaia lors de la 6\u00e8me \u00e9dition tenue en 2010.<br>APS<\/p>\n","protected":false},"excerpt":{"rendered":"<p>La 17e \u00e9dition du Festival culturel \u00abRaconte-Arts\u00bb, pr\u00e9vue du 13 au 20 ao\u00fbt au village \u00abAth-Ouabane\u00bb (Tizi-Ouzou), a \u00e9t\u00e9 annul\u00e9e,<\/p>\n","protected":false},"author":3,"featured_media":3929,"comment_status":"open","ping_status":"closed","sticky":false,"template":"","format":"standard","meta":{"colormag_page_container_layout":"default_layout","colormag_page_sidebar_layout":"default_layout","om_disable_all_campaigns":false,"_monsterinsights_skip_tracking":false,"_monsterinsights_sitenote_active":false,"_monsterinsights_sitenote_note":"","_monsterinsights_sitenote_category":0,"footnotes":"","_wpscppro_dont_share_socialmedia":false,"_wpscppro_custom_social_share_image":0,"_facebook_share_type":"","_twitter_share_type":"","_linkedin_share_type":"","_pinterest_share_type":"","_linkedin_share_type_page":"","_instagram_share_type":"","_medium_share_type":"","_threads_share_type":"","_google_business_share_type":"","_selected_social_profile":[],"_wpsp_enable_custom_social_template":false,"_wpsp_social_scheduling":{"enabled":false,"datetime":null,"platforms":[],"status":"template_only","dateOption":"today","timeOption":"now","customDays":"","customHours":"","customDate":"","customTime":"","schedulingType":"absolute"},"_wpsp_active_default_template":true},"categories":[36],"tags":[],"class_list":["post-3919","post","type-post","status-publish","format-standard","has-post-thumbnail","hentry","category-culture"],"aioseo_notices":[],"yoast_head":"<!-- This site is optimized with the Yoast SEO plugin v27.5 - https:\/\/yoast.com\/product\/yoast-seo-wordpress\/ -->\n<title>Festival culturel \u00abRaconte-Arts\u00bb : Annulation de la 17e \u00e9dition - La Sentinelle<\/title>\n<meta name=\"robots\" content=\"index, follow, max-snippet:-1, max-image-preview:large, max-video-preview:-1\" \/>\n<link rel=\"canonical\" href=\"https:\/\/lasentinelle.dz\/index.php\/2021\/08\/10\/festival-culturel-raconte-arts-annulation-de-la-17e-edition\/\" \/>\n<meta property=\"og:locale\" content=\"fr_FR\" \/>\n<meta property=\"og:type\" content=\"article\" \/>\n<meta property=\"og:title\" content=\"Festival culturel \u00abRaconte-Arts\u00bb : Annulation de la 17e \u00e9dition - La Sentinelle\" \/>\n<meta property=\"og:description\" content=\"La 17e \u00e9dition du Festival culturel \u00abRaconte-Arts\u00bb, pr\u00e9vue du 13 au 20 ao\u00fbt au village \u00abAth-Ouabane\u00bb (Tizi-Ouzou), a \u00e9t\u00e9 annul\u00e9e,\" \/>\n<meta property=\"og:url\" content=\"https:\/\/lasentinelle.dz\/index.php\/2021\/08\/10\/festival-culturel-raconte-arts-annulation-de-la-17e-edition\/\" \/>\n<meta property=\"og:site_name\" content=\"La Sentinelle\" \/>\n<meta property=\"article:publisher\" content=\"https:\/\/www.facebook.com\/La-Sentinelle-104059864394773\" \/>\n<meta property=\"article:published_time\" content=\"2021-08-10T14:30:58+00:00\" \/>\n<meta property=\"article:modified_time\" content=\"2021-08-10T14:30:59+00:00\" \/>\n<meta property=\"og:image\" content=\"https:\/\/lasentinelle.dz\/wp-content\/uploads\/2021\/08\/image_2021-08-10_153043.png\" \/>\n\t<meta property=\"og:image:width\" content=\"580\" \/>\n\t<meta property=\"og:image:height\" content=\"350\" \/>\n\t<meta property=\"og:image:type\" content=\"image\/png\" \/>\n<meta name=\"author\" content=\"La Sentinelle\" \/>\n<meta name=\"twitter:card\" content=\"summary_large_image\" \/>\n<meta name=\"twitter:label1\" content=\"\u00c9crit par\" \/>\n\t<meta name=\"twitter:data1\" content=\"La Sentinelle\" \/>\n\t<meta name=\"twitter:label2\" content=\"Dur\u00e9e de lecture estim\u00e9e\" \/>\n\t<meta name=\"twitter:data2\" content=\"2 minutes\" \/>\n<script type=\"application\/ld+json\" class=\"yoast-schema-graph\">{\"@context\":\"https:\\\/\\\/schema.org\",\"@graph\":[{\"@type\":\"Article\",\"@id\":\"https:\\\/\\\/lasentinelle.dz\\\/index.php\\\/2021\\\/08\\\/10\\\/festival-culturel-raconte-arts-annulation-de-la-17e-edition\\\/#article\",\"isPartOf\":{\"@id\":\"https:\\\/\\\/lasentinelle.dz\\\/index.php\\\/2021\\\/08\\\/10\\\/festival-culturel-raconte-arts-annulation-de-la-17e-edition\\\/\"},\"author\":{\"name\":\"La Sentinelle\",\"@id\":\"https:\\\/\\\/lasentinelle.dz\\\/#\\\/schema\\\/person\\\/d865044e22e70a75174ce8bcad3acfb3\"},\"headline\":\"Festival culturel \u00abRaconte-Arts\u00bb : Annulation de la 17e \u00e9dition\",\"datePublished\":\"2021-08-10T14:30:58+00:00\",\"dateModified\":\"2021-08-10T14:30:59+00:00\",\"mainEntityOfPage\":{\"@id\":\"https:\\\/\\\/lasentinelle.dz\\\/index.php\\\/2021\\\/08\\\/10\\\/festival-culturel-raconte-arts-annulation-de-la-17e-edition\\\/\"},\"wordCount\":294,\"commentCount\":0,\"publisher\":{\"@id\":\"https:\\\/\\\/lasentinelle.dz\\\/#organization\"},\"image\":{\"@id\":\"https:\\\/\\\/lasentinelle.dz\\\/index.php\\\/2021\\\/08\\\/10\\\/festival-culturel-raconte-arts-annulation-de-la-17e-edition\\\/#primaryimage\"},\"thumbnailUrl\":\"https:\\\/\\\/lasentinelle.dz\\\/wp-content\\\/uploads\\\/2021\\\/08\\\/image_2021-08-10_153043.png\",\"articleSection\":[\"Culture\"],\"inLanguage\":\"fr-FR\",\"potentialAction\":[{\"@type\":\"CommentAction\",\"name\":\"Comment\",\"target\":[\"https:\\\/\\\/lasentinelle.dz\\\/index.php\\\/2021\\\/08\\\/10\\\/festival-culturel-raconte-arts-annulation-de-la-17e-edition\\\/#respond\"]}]},{\"@type\":\"WebPage\",\"@id\":\"https:\\\/\\\/lasentinelle.dz\\\/index.php\\\/2021\\\/08\\\/10\\\/festival-culturel-raconte-arts-annulation-de-la-17e-edition\\\/\",\"url\":\"https:\\\/\\\/lasentinelle.dz\\\/index.php\\\/2021\\\/08\\\/10\\\/festival-culturel-raconte-arts-annulation-de-la-17e-edition\\\/\",\"name\":\"Festival culturel \u00abRaconte-Arts\u00bb : Annulation de la 17e \u00e9dition - La Sentinelle\",\"isPartOf\":{\"@id\":\"https:\\\/\\\/lasentinelle.dz\\\/#website\"},\"primaryImageOfPage\":{\"@id\":\"https:\\\/\\\/lasentinelle.dz\\\/index.php\\\/2021\\\/08\\\/10\\\/festival-culturel-raconte-arts-annulation-de-la-17e-edition\\\/#primaryimage\"},\"image\":{\"@id\":\"https:\\\/\\\/lasentinelle.dz\\\/index.php\\\/2021\\\/08\\\/10\\\/festival-culturel-raconte-arts-annulation-de-la-17e-edition\\\/#primaryimage\"},\"thumbnailUrl\":\"https:\\\/\\\/lasentinelle.dz\\\/wp-content\\\/uploads\\\/2021\\\/08\\\/image_2021-08-10_153043.png\",\"datePublished\":\"2021-08-10T14:30:58+00:00\",\"dateModified\":\"2021-08-10T14:30:59+00:00\",\"breadcrumb\":{\"@id\":\"https:\\\/\\\/lasentinelle.dz\\\/index.php\\\/2021\\\/08\\\/10\\\/festival-culturel-raconte-arts-annulation-de-la-17e-edition\\\/#breadcrumb\"},\"inLanguage\":\"fr-FR\",\"potentialAction\":[{\"@type\":\"ReadAction\",\"target\":[\"https:\\\/\\\/lasentinelle.dz\\\/index.php\\\/2021\\\/08\\\/10\\\/festival-culturel-raconte-arts-annulation-de-la-17e-edition\\\/\"]}]},{\"@type\":\"ImageObject\",\"inLanguage\":\"fr-FR\",\"@id\":\"https:\\\/\\\/lasentinelle.dz\\\/index.php\\\/2021\\\/08\\\/10\\\/festival-culturel-raconte-arts-annulation-de-la-17e-edition\\\/#primaryimage\",\"url\":\"https:\\\/\\\/lasentinelle.dz\\\/wp-content\\\/uploads\\\/2021\\\/08\\\/image_2021-08-10_153043.png\",\"contentUrl\":\"https:\\\/\\\/lasentinelle.dz\\\/wp-content\\\/uploads\\\/2021\\\/08\\\/image_2021-08-10_153043.png\",\"width\":580,\"height\":350},{\"@type\":\"BreadcrumbList\",\"@id\":\"https:\\\/\\\/lasentinelle.dz\\\/index.php\\\/2021\\\/08\\\/10\\\/festival-culturel-raconte-arts-annulation-de-la-17e-edition\\\/#breadcrumb\",\"itemListElement\":[{\"@type\":\"ListItem\",\"position\":1,\"name\":\"Accueil\",\"item\":\"https:\\\/\\\/lasentinelle.dz\\\/\"},{\"@type\":\"ListItem\",\"position\":2,\"name\":\"Festival culturel \u00abRaconte-Arts\u00bb : Annulation de la 17e \u00e9dition\"}]},{\"@type\":\"WebSite\",\"@id\":\"https:\\\/\\\/lasentinelle.dz\\\/#website\",\"url\":\"https:\\\/\\\/lasentinelle.dz\\\/\",\"name\":\"La Sentinelle\",\"description\":\"Quotidien national d&#039;information\",\"publisher\":{\"@id\":\"https:\\\/\\\/lasentinelle.dz\\\/#organization\"},\"potentialAction\":[{\"@type\":\"SearchAction\",\"target\":{\"@type\":\"EntryPoint\",\"urlTemplate\":\"https:\\\/\\\/lasentinelle.dz\\\/?s={search_term_string}\"},\"query-input\":{\"@type\":\"PropertyValueSpecification\",\"valueRequired\":true,\"valueName\":\"search_term_string\"}}],\"inLanguage\":\"fr-FR\"},{\"@type\":\"Organization\",\"@id\":\"https:\\\/\\\/lasentinelle.dz\\\/#organization\",\"name\":\"Quotidien La Sentinelle\",\"url\":\"https:\\\/\\\/lasentinelle.dz\\\/\",\"logo\":{\"@type\":\"ImageObject\",\"inLanguage\":\"fr-FR\",\"@id\":\"https:\\\/\\\/lasentinelle.dz\\\/#\\\/schema\\\/logo\\\/image\\\/\",\"url\":\"https:\\\/\\\/lasentinelle.dz\\\/wp-content\\\/uploads\\\/2021\\\/09\\\/logo-sentinelleSLOGAN-1.png\",\"contentUrl\":\"https:\\\/\\\/lasentinelle.dz\\\/wp-content\\\/uploads\\\/2021\\\/09\\\/logo-sentinelleSLOGAN-1.png\",\"width\":615,\"height\":142,\"caption\":\"Quotidien La Sentinelle\"},\"image\":{\"@id\":\"https:\\\/\\\/lasentinelle.dz\\\/#\\\/schema\\\/logo\\\/image\\\/\"},\"sameAs\":[\"https:\\\/\\\/www.facebook.com\\\/La-Sentinelle-104059864394773\"]},{\"@type\":\"Person\",\"@id\":\"https:\\\/\\\/lasentinelle.dz\\\/#\\\/schema\\\/person\\\/d865044e22e70a75174ce8bcad3acfb3\",\"name\":\"La Sentinelle\",\"image\":{\"@type\":\"ImageObject\",\"inLanguage\":\"fr-FR\",\"@id\":\"https:\\\/\\\/secure.gravatar.com\\\/avatar\\\/57de8e5d4b15d43fb361a71fbb36338450fe67865b528a43dd10ef7c51a20392?s=96&d=mm&r=g\",\"url\":\"https:\\\/\\\/secure.gravatar.com\\\/avatar\\\/57de8e5d4b15d43fb361a71fbb36338450fe67865b528a43dd10ef7c51a20392?s=96&d=mm&r=g\",\"contentUrl\":\"https:\\\/\\\/secure.gravatar.com\\\/avatar\\\/57de8e5d4b15d43fb361a71fbb36338450fe67865b528a43dd10ef7c51a20392?s=96&d=mm&r=g\",\"caption\":\"La Sentinelle\"},\"sameAs\":[\"http:\\\/\\\/www.lasentinelle.dz\"],\"url\":\"https:\\\/\\\/lasentinelle.dz\\\/author\\\/redaction\\\/\"}]}<\/script>\n<!-- \/ Yoast SEO plugin. -->","yoast_head_json":{"title":"Festival culturel \u00abRaconte-Arts\u00bb : Annulation de la 17e \u00e9dition - La Sentinelle","robots":{"index":"index","follow":"follow","max-snippet":"max-snippet:-1","max-image-preview":"max-image-preview:large","max-video-preview":"max-video-preview:-1"},"canonical":"https:\/\/lasentinelle.dz\/index.php\/2021\/08\/10\/festival-culturel-raconte-arts-annulation-de-la-17e-edition\/","og_locale":"fr_FR","og_type":"article","og_title":"Festival culturel \u00abRaconte-Arts\u00bb : Annulation de la 17e \u00e9dition - La Sentinelle","og_description":"La 17e \u00e9dition du Festival culturel \u00abRaconte-Arts\u00bb, pr\u00e9vue du 13 au 20 ao\u00fbt au village \u00abAth-Ouabane\u00bb (Tizi-Ouzou), a \u00e9t\u00e9 annul\u00e9e,","og_url":"https:\/\/lasentinelle.dz\/index.php\/2021\/08\/10\/festival-culturel-raconte-arts-annulation-de-la-17e-edition\/","og_site_name":"La Sentinelle","article_publisher":"https:\/\/www.facebook.com\/La-Sentinelle-104059864394773","article_published_time":"2021-08-10T14:30:58+00:00","article_modified_time":"2021-08-10T14:30:59+00:00","og_image":[{"width":580,"height":350,"url":"https:\/\/lasentinelle.dz\/wp-content\/uploads\/2021\/08\/image_2021-08-10_153043.png","type":"image\/png"}],"author":"La Sentinelle","twitter_card":"summary_large_image","twitter_misc":{"\u00c9crit par":"La Sentinelle","Dur\u00e9e de lecture estim\u00e9e":"2 minutes"},"schema":{"@context":"https:\/\/schema.org","@graph":[{"@type":"Article","@id":"https:\/\/lasentinelle.dz\/index.php\/2021\/08\/10\/festival-culturel-raconte-arts-annulation-de-la-17e-edition\/#article","isPartOf":{"@id":"https:\/\/lasentinelle.dz\/index.php\/2021\/08\/10\/festival-culturel-raconte-arts-annulation-de-la-17e-edition\/"},"author":{"name":"La Sentinelle","@id":"https:\/\/lasentinelle.dz\/#\/schema\/person\/d865044e22e70a75174ce8bcad3acfb3"},"headline":"Festival culturel \u00abRaconte-Arts\u00bb : Annulation de la 17e \u00e9dition","datePublished":"2021-08-10T14:30:58+00:00","dateModified":"2021-08-10T14:30:59+00:00","mainEntityOfPage":{"@id":"https:\/\/lasentinelle.dz\/index.php\/2021\/08\/10\/festival-culturel-raconte-arts-annulation-de-la-17e-edition\/"},"wordCount":294,"commentCount":0,"publisher":{"@id":"https:\/\/lasentinelle.dz\/#organization"},"image":{"@id":"https:\/\/lasentinelle.dz\/index.php\/2021\/08\/10\/festival-culturel-raconte-arts-annulation-de-la-17e-edition\/#primaryimage"},"thumbnailUrl":"https:\/\/lasentinelle.dz\/wp-content\/uploads\/2021\/08\/image_2021-08-10_153043.png","articleSection":["Culture"],"inLanguage":"fr-FR","potentialAction":[{"@type":"CommentAction","name":"Comment","target":["https:\/\/lasentinelle.dz\/index.php\/2021\/08\/10\/festival-culturel-raconte-arts-annulation-de-la-17e-edition\/#respond"]}]},{"@type":"WebPage","@id":"https:\/\/lasentinelle.dz\/index.php\/2021\/08\/10\/festival-culturel-raconte-arts-annulation-de-la-17e-edition\/","url":"https:\/\/lasentinelle.dz\/index.php\/2021\/08\/10\/festival-culturel-raconte-arts-annulation-de-la-17e-edition\/","name":"Festival culturel \u00abRaconte-Arts\u00bb : Annulation de la 17e \u00e9dition - La Sentinelle","isPartOf":{"@id":"https:\/\/lasentinelle.dz\/#website"},"primaryImageOfPage":{"@id":"https:\/\/lasentinelle.dz\/index.php\/2021\/08\/10\/festival-culturel-raconte-arts-annulation-de-la-17e-edition\/#primaryimage"},"image":{"@id":"https:\/\/lasentinelle.dz\/index.php\/2021\/08\/10\/festival-culturel-raconte-arts-annulation-de-la-17e-edition\/#primaryimage"},"thumbnailUrl":"https:\/\/lasentinelle.dz\/wp-content\/uploads\/2021\/08\/image_2021-08-10_153043.png","datePublished":"2021-08-10T14:30:58+00:00","dateModified":"2021-08-10T14:30:59+00:00","breadcrumb":{"@id":"https:\/\/lasentinelle.dz\/index.php\/2021\/08\/10\/festival-culturel-raconte-arts-annulation-de-la-17e-edition\/#breadcrumb"},"inLanguage":"fr-FR","potentialAction":[{"@type":"ReadAction","target":["https:\/\/lasentinelle.dz\/index.php\/2021\/08\/10\/festival-culturel-raconte-arts-annulation-de-la-17e-edition\/"]}]},{"@type":"ImageObject","inLanguage":"fr-FR","@id":"https:\/\/lasentinelle.dz\/index.php\/2021\/08\/10\/festival-culturel-raconte-arts-annulation-de-la-17e-edition\/#primaryimage","url":"https:\/\/lasentinelle.dz\/wp-content\/uploads\/2021\/08\/image_2021-08-10_153043.png","contentUrl":"https:\/\/lasentinelle.dz\/wp-content\/uploads\/2021\/08\/image_2021-08-10_153043.png","width":580,"height":350},{"@type":"BreadcrumbList","@id":"https:\/\/lasentinelle.dz\/index.php\/2021\/08\/10\/festival-culturel-raconte-arts-annulation-de-la-17e-edition\/#breadcrumb","itemListElement":[{"@type":"ListItem","position":1,"name":"Accueil","item":"https:\/\/lasentinelle.dz\/"},{"@type":"ListItem","position":2,"name":"Festival culturel \u00abRaconte-Arts\u00bb : Annulation de la 17e \u00e9dition"}]},{"@type":"WebSite","@id":"https:\/\/lasentinelle.dz\/#website","url":"https:\/\/lasentinelle.dz\/","name":"La Sentinelle","description":"Quotidien national d&#039;information","publisher":{"@id":"https:\/\/lasentinelle.dz\/#organization"},"potentialAction":[{"@type":"SearchAction","target":{"@type":"EntryPoint","urlTemplate":"https:\/\/lasentinelle.dz\/?s={search_term_string}"},"query-input":{"@type":"PropertyValueSpecification","valueRequired":true,"valueName":"search_term_string"}}],"inLanguage":"fr-FR"},{"@type":"Organization","@id":"https:\/\/lasentinelle.dz\/#organization","name":"Quotidien La Sentinelle","url":"https:\/\/lasentinelle.dz\/","logo":{"@type":"ImageObject","inLanguage":"fr-FR","@id":"https:\/\/lasentinelle.dz\/#\/schema\/logo\/image\/","url":"https:\/\/lasentinelle.dz\/wp-content\/uploads\/2021\/09\/logo-sentinelleSLOGAN-1.png","contentUrl":"https:\/\/lasentinelle.dz\/wp-content\/uploads\/2021\/09\/logo-sentinelleSLOGAN-1.png","width":615,"height":142,"caption":"Quotidien La Sentinelle"},"image":{"@id":"https:\/\/lasentinelle.dz\/#\/schema\/logo\/image\/"},"sameAs":["https:\/\/www.facebook.com\/La-Sentinelle-104059864394773"]},{"@type":"Person","@id":"https:\/\/lasentinelle.dz\/#\/schema\/person\/d865044e22e70a75174ce8bcad3acfb3","name":"La Sentinelle","image":{"@type":"ImageObject","inLanguage":"fr-FR","@id":"https:\/\/secure.gravatar.com\/avatar\/57de8e5d4b15d43fb361a71fbb36338450fe67865b528a43dd10ef7c51a20392?s=96&d=mm&r=g","url":"https:\/\/secure.gravatar.com\/avatar\/57de8e5d4b15d43fb361a71fbb36338450fe67865b528a43dd10ef7c51a20392?s=96&d=mm&r=g","contentUrl":"https:\/\/secure.gravatar.com\/avatar\/57de8e5d4b15d43fb361a71fbb36338450fe67865b528a43dd10ef7c51a20392?s=96&d=mm&r=g","caption":"La Sentinelle"},"sameAs":["http:\/\/www.lasentinelle.dz"],"url":"https:\/\/lasentinelle.dz\/author\/redaction\/"}]}},"_links":{"self":[{"href":"https:\/\/lasentinelle.dz\/index.php\/wp-json\/wp\/v2\/posts\/3919","targetHints":{"allow":["GET"]}}],"collection":[{"href":"https:\/\/lasentinelle.dz\/index.php\/wp-json\/wp\/v2\/posts"}],"about":[{"href":"https:\/\/lasentinelle.dz\/index.php\/wp-json\/wp\/v2\/types\/post"}],"author":[{"embeddable":true,"href":"https:\/\/lasentinelle.dz\/index.php\/wp-json\/wp\/v2\/users\/3"}],"replies":[{"embeddable":true,"href":"https:\/\/lasentinelle.dz\/index.php\/wp-json\/wp\/v2\/comments?post=3919"}],"version-history":[{"count":1,"href":"https:\/\/lasentinelle.dz\/index.php\/wp-json\/wp\/v2\/posts\/3919\/revisions"}],"predecessor-version":[{"id":3930,"href":"https:\/\/lasentinelle.dz\/index.php\/wp-json\/wp\/v2\/posts\/3919\/revisions\/3930"}],"wp:featuredmedia":[{"embeddable":true,"href":"https:\/\/lasentinelle.dz\/index.php\/wp-json\/wp\/v2\/media\/3929"}],"wp:attachment":[{"href":"https:\/\/lasentinelle.dz\/index.php\/wp-json\/wp\/v2\/media?parent=3919"}],"wp:term":[{"taxonomy":"category","embeddable":true,"href":"https:\/\/lasentinelle.dz\/index.php\/wp-json\/wp\/v2\/categories?post=3919"},{"taxonomy":"post_tag","embeddable":true,"href":"https:\/\/lasentinelle.dz\/index.php\/wp-json\/wp\/v2\/tags?post=3919"}],"curies":[{"name":"wp","href":"https:\/\/api.w.org\/{rel}","templated":true}]}}