{"id":39191,"date":"2023-04-09T22:08:00","date_gmt":"2023-04-09T21:08:00","guid":{"rendered":"https:\/\/lasentinelle.dz\/?p=39191"},"modified":"2023-04-09T21:38:02","modified_gmt":"2023-04-09T20:38:02","slug":"104-morts-sur-les-routes-depuis-le-debut-du-ramadhan-lhecatombe","status":"publish","type":"post","link":"https:\/\/lasentinelle.dz\/index.php\/2023\/04\/09\/104-morts-sur-les-routes-depuis-le-debut-du-ramadhan-lhecatombe\/","title":{"rendered":"104 morts sur les routes depuis le d\u00e9but du Ramadhan\u00a0: L\u2019h\u00e9catombe\u00a0!"},"content":{"rendered":"\n<p>Les bilans quotidiens des services de s\u00e9curit\u00e9 et ceux de la Protection civile montrent une hausse sensible du nombre de morts dans accidents de la route depuis le d\u00e9but du mois de Ramadhan.<\/p>\n\n\n\n<p>Dans ce sens, le commandant Samir Bouchehit, chef du bureau de coordination de la circulation routi\u00e8re de la Gendarmerie nationale a indiqu\u00e9 hier que que 104 personnes ont \u00e9t\u00e9 tu\u00e9es sur les routes lors des 15 premiers jours du Ramadan. Depuis le d\u00e9but du Ramadan, 316 accidents de la circulation ont \u00e9t\u00e9 enregistr\u00e9s dans la circonscription de comp\u00e9tence de la Gendarmerie nationale, faisant 448 bless\u00e9s a indiqu\u00e9 le Commandant Bouchehit sur les ondes de la deuxi\u00e8me chaine de la Radio alg\u00e9rienne. Le m\u00eame responsable a \u00e9galement pr\u00e9cis\u00e9 que 13 personnes ont \u00e9t\u00e9 tu\u00e9es lors du dernier week-end.<\/p>\n\n\n\n<p>Le commandant Bouchehit a ajout\u00e9 &nbsp;que \u00ab&nbsp;si nous comparons ces chiffres avec la m\u00eame p\u00e9riode du Ramadan 2022, nous constatons que le nombre d&rsquo;accidents a augment\u00e9 de 87 et le nombre de d\u00e9c\u00e8s a augment\u00e9 de 18, ainsi qu\u2019une hausse de 84 bless\u00e9s&nbsp;\u00bb. Il a \u00e9galement pr\u00e9cis\u00e9 qu&rsquo;un programme sp\u00e9cial pour le mois de Ramadan a \u00e9t\u00e9 mis en place, comprenant le d\u00e9ploiement de nombreuses patrouilles et points fixes sur les routes pour surveiller la circulation et renforcer la s\u00e9curit\u00e9 routi\u00e8re.<\/p>\n\n\n\n<p>Le responsable de la Gendarmerie nationale a expliqu\u00e9 que, dans les heures qui pr\u00e9c\u00e8dent la rupture du je\u00fbne, le travail des patrouilles de surveillance est intensifi\u00e9 pour lutter contre les man\u0153uvres et les comportements n\u00e9gatifs des conducteurs. Le commandant a ajout\u00e9 que des instructions ont \u00e9t\u00e9 donn\u00e9es aux unit\u00e9s op\u00e9rationnelles pour appliquer strictement la loi et punir les contrevenants dans le cadre d\u2019une politique de tol\u00e9rance z\u00e9ro.<\/p>\n\n\n\n<p>Le m\u00eame responsable a \u00e9galement \u00e9voqu\u00e9 les campagnes de sensibilisation qui ont d\u00e9but\u00e9 le 21 mars dernier et qui se poursuivront jusqu&rsquo;\u00e0 la fin du Ramadan, et a annonc\u00e9 la mise en place d&rsquo;un programme sp\u00e9cial pour l&rsquo;A\u00efd El Fitr afin de garantir la s\u00e9curit\u00e9 des familles \u00e0 cette occasion.<\/p>\n\n\n\n<p>Notons qu\u2019un bilan de la Protection civile a indiqu\u00e9 hier que 3 personnes ont trouv\u00e9 la mort et 187 autres ont \u00e9t\u00e9 bless\u00e9es dans 167 accidents de la circulation survenus entre samedi et hier. Le bilan le plus lourd a \u00e9t\u00e9 enregistr\u00e9 dans la wilaya de Bouira, o\u00f9 une personne est d\u00e9c\u00e9d\u00e9e et deux autres ont \u00e9t\u00e9 bless\u00e9es, suite \u00e0 une collision entre deux v\u00e9hicules l\u00e9gers, survenue sur l&rsquo;autoroute est-ouest, commune de Bouderbala.<\/p>\n\n\n\n<p>Chokri Hafed<\/p>\n","protected":false},"excerpt":{"rendered":"<p>Les bilans quotidiens des services de s\u00e9curit\u00e9 et ceux de la Protection civile montrent une hausse sensible du nombre de<\/p>\n","protected":false},"author":3,"featured_media":27532,"comment_status":"open","ping_status":"closed","sticky":false,"template":"","format":"standard","meta":{"colormag_page_container_layout":"default_layout","colormag_page_sidebar_layout":"default_layout","om_disable_all_campaigns":false,"_monsterinsights_skip_tracking":false,"_monsterinsights_sitenote_active":false,"_monsterinsights_sitenote_note":"","_monsterinsights_sitenote_category":0,"footnotes":"","_wpscppro_dont_share_socialmedia":false,"_wpscppro_custom_social_share_image":0,"_facebook_share_type":"","_twitter_share_type":"","_linkedin_share_type":"","_pinterest_share_type":"","_linkedin_share_type_page":"","_instagram_share_type":"","_medium_share_type":"","_threads_share_type":"","_google_business_share_type":"","_selected_social_profile":[],"_wpsp_enable_custom_social_template":false,"_wpsp_social_scheduling":{"enabled":false,"datetime":null,"platforms":[],"status":"template_only","dateOption":"today","timeOption":"now","customDays":"","customHours":"","customDate":"","customTime":"","schedulingType":"absolute"},"_wpsp_active_default_template":true},"categories":[52,27],"tags":[],"class_list":["post-39191","post","type-post","status-publish","format-standard","has-post-thumbnail","hentry","category-a-la-une","category-actualite"],"aioseo_notices":[],"yoast_head":"<!-- This site is optimized with the Yoast SEO plugin v27.5 - https:\/\/yoast.com\/product\/yoast-seo-wordpress\/ -->\n<title>104 morts sur les routes depuis le d\u00e9but du Ramadhan\u00a0: L\u2019h\u00e9catombe\u00a0! - La Sentinelle<\/title>\n<meta name=\"robots\" content=\"index, follow, max-snippet:-1, max-image-preview:large, max-video-preview:-1\" \/>\n<link rel=\"canonical\" href=\"https:\/\/lasentinelle.dz\/index.php\/2023\/04\/09\/104-morts-sur-les-routes-depuis-le-debut-du-ramadhan-lhecatombe\/\" \/>\n<meta property=\"og:locale\" content=\"fr_FR\" \/>\n<meta property=\"og:type\" content=\"article\" \/>\n<meta property=\"og:title\" content=\"104 morts sur les routes depuis le d\u00e9but du Ramadhan\u00a0: L\u2019h\u00e9catombe\u00a0! - La Sentinelle\" \/>\n<meta property=\"og:description\" content=\"Les bilans quotidiens des services de s\u00e9curit\u00e9 et ceux de la Protection civile montrent une hausse sensible du nombre de\" \/>\n<meta property=\"og:url\" content=\"https:\/\/lasentinelle.dz\/index.php\/2023\/04\/09\/104-morts-sur-les-routes-depuis-le-debut-du-ramadhan-lhecatombe\/\" \/>\n<meta property=\"og:site_name\" content=\"La Sentinelle\" \/>\n<meta property=\"article:publisher\" content=\"https:\/\/www.facebook.com\/La-Sentinelle-104059864394773\" \/>\n<meta property=\"article:published_time\" content=\"2023-04-09T21:08:00+00:00\" \/>\n<meta property=\"og:image\" content=\"https:\/\/lasentinelle.dz\/wp-content\/uploads\/2022\/09\/accident.png\" \/>\n\t<meta property=\"og:image:width\" content=\"1575\" \/>\n\t<meta property=\"og:image:height\" content=\"900\" \/>\n\t<meta property=\"og:image:type\" content=\"image\/png\" \/>\n<meta name=\"author\" content=\"La Sentinelle\" \/>\n<meta name=\"twitter:card\" content=\"summary_large_image\" \/>\n<meta name=\"twitter:label1\" content=\"\u00c9crit par\" \/>\n\t<meta name=\"twitter:data1\" content=\"La Sentinelle\" \/>\n\t<meta name=\"twitter:label2\" content=\"Dur\u00e9e de lecture estim\u00e9e\" \/>\n\t<meta name=\"twitter:data2\" content=\"3 minutes\" \/>\n<script type=\"application\/ld+json\" class=\"yoast-schema-graph\">{\"@context\":\"https:\\\/\\\/schema.org\",\"@graph\":[{\"@type\":\"Article\",\"@id\":\"https:\\\/\\\/lasentinelle.dz\\\/index.php\\\/2023\\\/04\\\/09\\\/104-morts-sur-les-routes-depuis-le-debut-du-ramadhan-lhecatombe\\\/#article\",\"isPartOf\":{\"@id\":\"https:\\\/\\\/lasentinelle.dz\\\/index.php\\\/2023\\\/04\\\/09\\\/104-morts-sur-les-routes-depuis-le-debut-du-ramadhan-lhecatombe\\\/\"},\"author\":{\"name\":\"La Sentinelle\",\"@id\":\"https:\\\/\\\/lasentinelle.dz\\\/#\\\/schema\\\/person\\\/d865044e22e70a75174ce8bcad3acfb3\"},\"headline\":\"104 morts sur les routes depuis le d\u00e9but du Ramadhan\u00a0: L\u2019h\u00e9catombe\u00a0!\",\"datePublished\":\"2023-04-09T21:08:00+00:00\",\"mainEntityOfPage\":{\"@id\":\"https:\\\/\\\/lasentinelle.dz\\\/index.php\\\/2023\\\/04\\\/09\\\/104-morts-sur-les-routes-depuis-le-debut-du-ramadhan-lhecatombe\\\/\"},\"wordCount\":457,\"commentCount\":0,\"publisher\":{\"@id\":\"https:\\\/\\\/lasentinelle.dz\\\/#organization\"},\"image\":{\"@id\":\"https:\\\/\\\/lasentinelle.dz\\\/index.php\\\/2023\\\/04\\\/09\\\/104-morts-sur-les-routes-depuis-le-debut-du-ramadhan-lhecatombe\\\/#primaryimage\"},\"thumbnailUrl\":\"https:\\\/\\\/lasentinelle.dz\\\/wp-content\\\/uploads\\\/2022\\\/09\\\/accident.png\",\"articleSection\":[\"\u00c0 la Une\",\"Actualit\u00e9\"],\"inLanguage\":\"fr-FR\",\"potentialAction\":[{\"@type\":\"CommentAction\",\"name\":\"Comment\",\"target\":[\"https:\\\/\\\/lasentinelle.dz\\\/index.php\\\/2023\\\/04\\\/09\\\/104-morts-sur-les-routes-depuis-le-debut-du-ramadhan-lhecatombe\\\/#respond\"]}]},{\"@type\":\"WebPage\",\"@id\":\"https:\\\/\\\/lasentinelle.dz\\\/index.php\\\/2023\\\/04\\\/09\\\/104-morts-sur-les-routes-depuis-le-debut-du-ramadhan-lhecatombe\\\/\",\"url\":\"https:\\\/\\\/lasentinelle.dz\\\/index.php\\\/2023\\\/04\\\/09\\\/104-morts-sur-les-routes-depuis-le-debut-du-ramadhan-lhecatombe\\\/\",\"name\":\"104 morts sur les routes depuis le d\u00e9but du Ramadhan\u00a0: L\u2019h\u00e9catombe\u00a0! - La Sentinelle\",\"isPartOf\":{\"@id\":\"https:\\\/\\\/lasentinelle.dz\\\/#website\"},\"primaryImageOfPage\":{\"@id\":\"https:\\\/\\\/lasentinelle.dz\\\/index.php\\\/2023\\\/04\\\/09\\\/104-morts-sur-les-routes-depuis-le-debut-du-ramadhan-lhecatombe\\\/#primaryimage\"},\"image\":{\"@id\":\"https:\\\/\\\/lasentinelle.dz\\\/index.php\\\/2023\\\/04\\\/09\\\/104-morts-sur-les-routes-depuis-le-debut-du-ramadhan-lhecatombe\\\/#primaryimage\"},\"thumbnailUrl\":\"https:\\\/\\\/lasentinelle.dz\\\/wp-content\\\/uploads\\\/2022\\\/09\\\/accident.png\",\"datePublished\":\"2023-04-09T21:08:00+00:00\",\"breadcrumb\":{\"@id\":\"https:\\\/\\\/lasentinelle.dz\\\/index.php\\\/2023\\\/04\\\/09\\\/104-morts-sur-les-routes-depuis-le-debut-du-ramadhan-lhecatombe\\\/#breadcrumb\"},\"inLanguage\":\"fr-FR\",\"potentialAction\":[{\"@type\":\"ReadAction\",\"target\":[\"https:\\\/\\\/lasentinelle.dz\\\/index.php\\\/2023\\\/04\\\/09\\\/104-morts-sur-les-routes-depuis-le-debut-du-ramadhan-lhecatombe\\\/\"]}]},{\"@type\":\"ImageObject\",\"inLanguage\":\"fr-FR\",\"@id\":\"https:\\\/\\\/lasentinelle.dz\\\/index.php\\\/2023\\\/04\\\/09\\\/104-morts-sur-les-routes-depuis-le-debut-du-ramadhan-lhecatombe\\\/#primaryimage\",\"url\":\"https:\\\/\\\/lasentinelle.dz\\\/wp-content\\\/uploads\\\/2022\\\/09\\\/accident.png\",\"contentUrl\":\"https:\\\/\\\/lasentinelle.dz\\\/wp-content\\\/uploads\\\/2022\\\/09\\\/accident.png\",\"width\":1575,\"height\":900},{\"@type\":\"BreadcrumbList\",\"@id\":\"https:\\\/\\\/lasentinelle.dz\\\/index.php\\\/2023\\\/04\\\/09\\\/104-morts-sur-les-routes-depuis-le-debut-du-ramadhan-lhecatombe\\\/#breadcrumb\",\"itemListElement\":[{\"@type\":\"ListItem\",\"position\":1,\"name\":\"Accueil\",\"item\":\"https:\\\/\\\/lasentinelle.dz\\\/\"},{\"@type\":\"ListItem\",\"position\":2,\"name\":\"104 morts sur les routes depuis le d\u00e9but du Ramadhan\u00a0: L\u2019h\u00e9catombe\u00a0!\"}]},{\"@type\":\"WebSite\",\"@id\":\"https:\\\/\\\/lasentinelle.dz\\\/#website\",\"url\":\"https:\\\/\\\/lasentinelle.dz\\\/\",\"name\":\"La Sentinelle\",\"description\":\"Quotidien national d&#039;information\",\"publisher\":{\"@id\":\"https:\\\/\\\/lasentinelle.dz\\\/#organization\"},\"potentialAction\":[{\"@type\":\"SearchAction\",\"target\":{\"@type\":\"EntryPoint\",\"urlTemplate\":\"https:\\\/\\\/lasentinelle.dz\\\/?s={search_term_string}\"},\"query-input\":{\"@type\":\"PropertyValueSpecification\",\"valueRequired\":true,\"valueName\":\"search_term_string\"}}],\"inLanguage\":\"fr-FR\"},{\"@type\":\"Organization\",\"@id\":\"https:\\\/\\\/lasentinelle.dz\\\/#organization\",\"name\":\"Quotidien La Sentinelle\",\"url\":\"https:\\\/\\\/lasentinelle.dz\\\/\",\"logo\":{\"@type\":\"ImageObject\",\"inLanguage\":\"fr-FR\",\"@id\":\"https:\\\/\\\/lasentinelle.dz\\\/#\\\/schema\\\/logo\\\/image\\\/\",\"url\":\"https:\\\/\\\/lasentinelle.dz\\\/wp-content\\\/uploads\\\/2021\\\/09\\\/logo-sentinelleSLOGAN-1.png\",\"contentUrl\":\"https:\\\/\\\/lasentinelle.dz\\\/wp-content\\\/uploads\\\/2021\\\/09\\\/logo-sentinelleSLOGAN-1.png\",\"width\":615,\"height\":142,\"caption\":\"Quotidien La Sentinelle\"},\"image\":{\"@id\":\"https:\\\/\\\/lasentinelle.dz\\\/#\\\/schema\\\/logo\\\/image\\\/\"},\"sameAs\":[\"https:\\\/\\\/www.facebook.com\\\/La-Sentinelle-104059864394773\"]},{\"@type\":\"Person\",\"@id\":\"https:\\\/\\\/lasentinelle.dz\\\/#\\\/schema\\\/person\\\/d865044e22e70a75174ce8bcad3acfb3\",\"name\":\"La Sentinelle\",\"image\":{\"@type\":\"ImageObject\",\"inLanguage\":\"fr-FR\",\"@id\":\"https:\\\/\\\/secure.gravatar.com\\\/avatar\\\/57de8e5d4b15d43fb361a71fbb36338450fe67865b528a43dd10ef7c51a20392?s=96&d=mm&r=g\",\"url\":\"https:\\\/\\\/secure.gravatar.com\\\/avatar\\\/57de8e5d4b15d43fb361a71fbb36338450fe67865b528a43dd10ef7c51a20392?s=96&d=mm&r=g\",\"contentUrl\":\"https:\\\/\\\/secure.gravatar.com\\\/avatar\\\/57de8e5d4b15d43fb361a71fbb36338450fe67865b528a43dd10ef7c51a20392?s=96&d=mm&r=g\",\"caption\":\"La Sentinelle\"},\"sameAs\":[\"http:\\\/\\\/www.lasentinelle.dz\"],\"url\":\"https:\\\/\\\/lasentinelle.dz\\\/author\\\/redaction\\\/\"}]}<\/script>\n<!-- \/ Yoast SEO plugin. -->","yoast_head_json":{"title":"104 morts sur les routes depuis le d\u00e9but du Ramadhan\u00a0: L\u2019h\u00e9catombe\u00a0! - La Sentinelle","robots":{"index":"index","follow":"follow","max-snippet":"max-snippet:-1","max-image-preview":"max-image-preview:large","max-video-preview":"max-video-preview:-1"},"canonical":"https:\/\/lasentinelle.dz\/index.php\/2023\/04\/09\/104-morts-sur-les-routes-depuis-le-debut-du-ramadhan-lhecatombe\/","og_locale":"fr_FR","og_type":"article","og_title":"104 morts sur les routes depuis le d\u00e9but du Ramadhan\u00a0: L\u2019h\u00e9catombe\u00a0! - La Sentinelle","og_description":"Les bilans quotidiens des services de s\u00e9curit\u00e9 et ceux de la Protection civile montrent une hausse sensible du nombre de","og_url":"https:\/\/lasentinelle.dz\/index.php\/2023\/04\/09\/104-morts-sur-les-routes-depuis-le-debut-du-ramadhan-lhecatombe\/","og_site_name":"La Sentinelle","article_publisher":"https:\/\/www.facebook.com\/La-Sentinelle-104059864394773","article_published_time":"2023-04-09T21:08:00+00:00","og_image":[{"width":1575,"height":900,"url":"https:\/\/lasentinelle.dz\/wp-content\/uploads\/2022\/09\/accident.png","type":"image\/png"}],"author":"La Sentinelle","twitter_card":"summary_large_image","twitter_misc":{"\u00c9crit par":"La Sentinelle","Dur\u00e9e de lecture estim\u00e9e":"3 minutes"},"schema":{"@context":"https:\/\/schema.org","@graph":[{"@type":"Article","@id":"https:\/\/lasentinelle.dz\/index.php\/2023\/04\/09\/104-morts-sur-les-routes-depuis-le-debut-du-ramadhan-lhecatombe\/#article","isPartOf":{"@id":"https:\/\/lasentinelle.dz\/index.php\/2023\/04\/09\/104-morts-sur-les-routes-depuis-le-debut-du-ramadhan-lhecatombe\/"},"author":{"name":"La Sentinelle","@id":"https:\/\/lasentinelle.dz\/#\/schema\/person\/d865044e22e70a75174ce8bcad3acfb3"},"headline":"104 morts sur les routes depuis le d\u00e9but du Ramadhan\u00a0: L\u2019h\u00e9catombe\u00a0!","datePublished":"2023-04-09T21:08:00+00:00","mainEntityOfPage":{"@id":"https:\/\/lasentinelle.dz\/index.php\/2023\/04\/09\/104-morts-sur-les-routes-depuis-le-debut-du-ramadhan-lhecatombe\/"},"wordCount":457,"commentCount":0,"publisher":{"@id":"https:\/\/lasentinelle.dz\/#organization"},"image":{"@id":"https:\/\/lasentinelle.dz\/index.php\/2023\/04\/09\/104-morts-sur-les-routes-depuis-le-debut-du-ramadhan-lhecatombe\/#primaryimage"},"thumbnailUrl":"https:\/\/lasentinelle.dz\/wp-content\/uploads\/2022\/09\/accident.png","articleSection":["\u00c0 la Une","Actualit\u00e9"],"inLanguage":"fr-FR","potentialAction":[{"@type":"CommentAction","name":"Comment","target":["https:\/\/lasentinelle.dz\/index.php\/2023\/04\/09\/104-morts-sur-les-routes-depuis-le-debut-du-ramadhan-lhecatombe\/#respond"]}]},{"@type":"WebPage","@id":"https:\/\/lasentinelle.dz\/index.php\/2023\/04\/09\/104-morts-sur-les-routes-depuis-le-debut-du-ramadhan-lhecatombe\/","url":"https:\/\/lasentinelle.dz\/index.php\/2023\/04\/09\/104-morts-sur-les-routes-depuis-le-debut-du-ramadhan-lhecatombe\/","name":"104 morts sur les routes depuis le d\u00e9but du Ramadhan\u00a0: L\u2019h\u00e9catombe\u00a0! - La Sentinelle","isPartOf":{"@id":"https:\/\/lasentinelle.dz\/#website"},"primaryImageOfPage":{"@id":"https:\/\/lasentinelle.dz\/index.php\/2023\/04\/09\/104-morts-sur-les-routes-depuis-le-debut-du-ramadhan-lhecatombe\/#primaryimage"},"image":{"@id":"https:\/\/lasentinelle.dz\/index.php\/2023\/04\/09\/104-morts-sur-les-routes-depuis-le-debut-du-ramadhan-lhecatombe\/#primaryimage"},"thumbnailUrl":"https:\/\/lasentinelle.dz\/wp-content\/uploads\/2022\/09\/accident.png","datePublished":"2023-04-09T21:08:00+00:00","breadcrumb":{"@id":"https:\/\/lasentinelle.dz\/index.php\/2023\/04\/09\/104-morts-sur-les-routes-depuis-le-debut-du-ramadhan-lhecatombe\/#breadcrumb"},"inLanguage":"fr-FR","potentialAction":[{"@type":"ReadAction","target":["https:\/\/lasentinelle.dz\/index.php\/2023\/04\/09\/104-morts-sur-les-routes-depuis-le-debut-du-ramadhan-lhecatombe\/"]}]},{"@type":"ImageObject","inLanguage":"fr-FR","@id":"https:\/\/lasentinelle.dz\/index.php\/2023\/04\/09\/104-morts-sur-les-routes-depuis-le-debut-du-ramadhan-lhecatombe\/#primaryimage","url":"https:\/\/lasentinelle.dz\/wp-content\/uploads\/2022\/09\/accident.png","contentUrl":"https:\/\/lasentinelle.dz\/wp-content\/uploads\/2022\/09\/accident.png","width":1575,"height":900},{"@type":"BreadcrumbList","@id":"https:\/\/lasentinelle.dz\/index.php\/2023\/04\/09\/104-morts-sur-les-routes-depuis-le-debut-du-ramadhan-lhecatombe\/#breadcrumb","itemListElement":[{"@type":"ListItem","position":1,"name":"Accueil","item":"https:\/\/lasentinelle.dz\/"},{"@type":"ListItem","position":2,"name":"104 morts sur les routes depuis le d\u00e9but du Ramadhan\u00a0: L\u2019h\u00e9catombe\u00a0!"}]},{"@type":"WebSite","@id":"https:\/\/lasentinelle.dz\/#website","url":"https:\/\/lasentinelle.dz\/","name":"La Sentinelle","description":"Quotidien national d&#039;information","publisher":{"@id":"https:\/\/lasentinelle.dz\/#organization"},"potentialAction":[{"@type":"SearchAction","target":{"@type":"EntryPoint","urlTemplate":"https:\/\/lasentinelle.dz\/?s={search_term_string}"},"query-input":{"@type":"PropertyValueSpecification","valueRequired":true,"valueName":"search_term_string"}}],"inLanguage":"fr-FR"},{"@type":"Organization","@id":"https:\/\/lasentinelle.dz\/#organization","name":"Quotidien La Sentinelle","url":"https:\/\/lasentinelle.dz\/","logo":{"@type":"ImageObject","inLanguage":"fr-FR","@id":"https:\/\/lasentinelle.dz\/#\/schema\/logo\/image\/","url":"https:\/\/lasentinelle.dz\/wp-content\/uploads\/2021\/09\/logo-sentinelleSLOGAN-1.png","contentUrl":"https:\/\/lasentinelle.dz\/wp-content\/uploads\/2021\/09\/logo-sentinelleSLOGAN-1.png","width":615,"height":142,"caption":"Quotidien La Sentinelle"},"image":{"@id":"https:\/\/lasentinelle.dz\/#\/schema\/logo\/image\/"},"sameAs":["https:\/\/www.facebook.com\/La-Sentinelle-104059864394773"]},{"@type":"Person","@id":"https:\/\/lasentinelle.dz\/#\/schema\/person\/d865044e22e70a75174ce8bcad3acfb3","name":"La Sentinelle","image":{"@type":"ImageObject","inLanguage":"fr-FR","@id":"https:\/\/secure.gravatar.com\/avatar\/57de8e5d4b15d43fb361a71fbb36338450fe67865b528a43dd10ef7c51a20392?s=96&d=mm&r=g","url":"https:\/\/secure.gravatar.com\/avatar\/57de8e5d4b15d43fb361a71fbb36338450fe67865b528a43dd10ef7c51a20392?s=96&d=mm&r=g","contentUrl":"https:\/\/secure.gravatar.com\/avatar\/57de8e5d4b15d43fb361a71fbb36338450fe67865b528a43dd10ef7c51a20392?s=96&d=mm&r=g","caption":"La Sentinelle"},"sameAs":["http:\/\/www.lasentinelle.dz"],"url":"https:\/\/lasentinelle.dz\/author\/redaction\/"}]}},"_links":{"self":[{"href":"https:\/\/lasentinelle.dz\/index.php\/wp-json\/wp\/v2\/posts\/39191","targetHints":{"allow":["GET"]}}],"collection":[{"href":"https:\/\/lasentinelle.dz\/index.php\/wp-json\/wp\/v2\/posts"}],"about":[{"href":"https:\/\/lasentinelle.dz\/index.php\/wp-json\/wp\/v2\/types\/post"}],"author":[{"embeddable":true,"href":"https:\/\/lasentinelle.dz\/index.php\/wp-json\/wp\/v2\/users\/3"}],"replies":[{"embeddable":true,"href":"https:\/\/lasentinelle.dz\/index.php\/wp-json\/wp\/v2\/comments?post=39191"}],"version-history":[{"count":2,"href":"https:\/\/lasentinelle.dz\/index.php\/wp-json\/wp\/v2\/posts\/39191\/revisions"}],"predecessor-version":[{"id":39237,"href":"https:\/\/lasentinelle.dz\/index.php\/wp-json\/wp\/v2\/posts\/39191\/revisions\/39237"}],"wp:featuredmedia":[{"embeddable":true,"href":"https:\/\/lasentinelle.dz\/index.php\/wp-json\/wp\/v2\/media\/27532"}],"wp:attachment":[{"href":"https:\/\/lasentinelle.dz\/index.php\/wp-json\/wp\/v2\/media?parent=39191"}],"wp:term":[{"taxonomy":"category","embeddable":true,"href":"https:\/\/lasentinelle.dz\/index.php\/wp-json\/wp\/v2\/categories?post=39191"},{"taxonomy":"post_tag","embeddable":true,"href":"https:\/\/lasentinelle.dz\/index.php\/wp-json\/wp\/v2\/tags?post=39191"}],"curies":[{"name":"wp","href":"https:\/\/api.w.org\/{rel}","templated":true}]}}