{"id":39197,"date":"2023-04-09T22:08:00","date_gmt":"2023-04-09T21:08:00","guid":{"rendered":"https:\/\/lasentinelle.dz\/?p=39197"},"modified":"2023-04-09T21:38:47","modified_gmt":"2023-04-09T20:38:47","slug":"situation-en-palestine-occupee-lalgerie-met-sa-diplomatie-en-branle","status":"publish","type":"post","link":"https:\/\/lasentinelle.dz\/index.php\/2023\/04\/09\/situation-en-palestine-occupee-lalgerie-met-sa-diplomatie-en-branle\/","title":{"rendered":"Situation en Palestine occup\u00e9e\u00a0: L\u2019Alg\u00e9rie met sa diplomatie en Branle"},"content":{"rendered":"\n<p>L\u2019Alg\u00e9rie a une nouvelle fois affich\u00e9 son soutien constant et in\u00e9branlable \u00e0 la cause palestinienne et a actionn\u00e9 sa machine diplomatique et multipli\u00e9 les contacts afin d\u2019engager un travail de coordination dans l\u2019objectif de se pencher la situation pr\u00e9occupante en Palestine occup\u00e9e et particuli\u00e8rement \u00e0 Al-Aqsa. C\u2019est dans ce sens qu\u2019elle a appel\u00e9 \u00e0 une r\u00e9union extraordinaire de l\u2019OCI, y compris la tro\u00efka et la commission Palestine.<\/p>\n\n\n\n<p>En effet, le pr\u00e9sident de l&rsquo;Assembl\u00e9e populaire nationale (APN), Brahim Boughali a appel\u00e9, en sa qualit\u00e9 de pr\u00e9sident de l\u2019Union des Assembl\u00e9es des Etats membres de l\u2019Organisation de la coop\u00e9ration islamique (OCI), \u00e0 une r\u00e9union extraordinaire en visioconf\u00e9rence entre la tro\u00efka et la commission de Palestine. Selon un communiqu\u00e9 de la chambre basse du Parlement, Boughali a appel\u00e9 \u00e0 cette r\u00e9union extraordinaire au vu de \u00ab\u00a0la situation d&rsquo;urgence que connait la Palestine, notamment les derni\u00e8res attaques de l&rsquo;entit\u00e9 sioniste sur la Mosqu\u00e9e Al Aqsa\u00a0\u00bb, a pr\u00e9cis\u00e9 la m\u00eame source. \u00ab\u00a0M. Boughali a eu des entretiens t\u00e9l\u00e9phoniques avec quelques pr\u00e9sidents d&rsquo;assembl\u00e9es membres \u00e0 l&rsquo;OCI y compris les membres de la tro\u00efka\u00a0\u00bb, a ajout\u00e9 le communiqu\u00e9.<\/p>\n\n\n\n<p>Le Pr\u00e9sident de la Chambre basse du Parlement a \u00ab\u00a0mis l&rsquo;accent sur la n\u00e9cessit\u00e9 d&rsquo;examiner ces violations dangereuses et leur impact sur la sacralit\u00e9 des lieux saints ainsi que le droit des musulmans \u00e0 accomplir leurs devoirs religieux en ce mois sacr\u00e9. Cette situation n\u00e9cessite l&rsquo;organisation d&rsquo;une r\u00e9union extraordinaire pour la prise des d\u00e9cisions et des recommandations ad\u00e9quates\u00a0\u00bb, ajoute-on,&nbsp; soulignant que la r\u00e9union se tiendra ce matin \u00e0 10h00.<\/p>\n\n\n\n<p>Notons que le secr\u00e9taire g\u00e9n\u00e9ral de l\u2019Organisation de la coop\u00e9ration islamique (OCI), Hussein Ibrahim Taha, a averti que les crimes sionistes \u00ab alimenteront la violence et les tensions et d\u00e9stabiliseront la r\u00e9gion \u00bb. Le responsable de l\u2019OCI a soulign\u00e9 que l\u2019escalade des agressions contre Al-Aqsa et les fid\u00e8les \u00ab constitue une violation flagrante du caract\u00e8re sacr\u00e9 des lieux saints et de la libert\u00e9 de culte \u00bb Hussein Ibrahim Taha a mis en garde contre \u00ab toute tentative visant \u00e0 modifier le statut historique et juridique des lieux saints islamiques et chr\u00e9tiens \u00e0 Al-Qods Al-Sharif, en particulier la mosqu\u00e9e Al-Aqsa \u00bb. Il a not\u00e9 en outre que \u00ab toutes les d\u00e9cisions et politiques visant \u00e0 modifier le statut de la ville et \u00e0 porter atteinte au statut historique et juridique des lieux saints qui s\u2019y trouvent sont consid\u00e9r\u00e9es comme nulles et non avenues en vertu du droit international et des r\u00e9solutions pertinentes des Nations unies \u00bb.<\/p>\n\n\n\n<p><strong>Chokri Hafed<\/strong><\/p>\n","protected":false},"excerpt":{"rendered":"<p>L\u2019Alg\u00e9rie a une nouvelle fois affich\u00e9 son soutien constant et in\u00e9branlable \u00e0 la cause palestinienne et a actionn\u00e9 sa machine<\/p>\n","protected":false},"author":3,"featured_media":39204,"comment_status":"open","ping_status":"closed","sticky":false,"template":"","format":"standard","meta":{"colormag_page_container_layout":"default_layout","colormag_page_sidebar_layout":"default_layout","om_disable_all_campaigns":false,"_monsterinsights_skip_tracking":false,"_monsterinsights_sitenote_active":false,"_monsterinsights_sitenote_note":"","_monsterinsights_sitenote_category":0,"footnotes":"","_wpscppro_dont_share_socialmedia":false,"_wpscppro_custom_social_share_image":0,"_facebook_share_type":"","_twitter_share_type":"","_linkedin_share_type":"","_pinterest_share_type":"","_linkedin_share_type_page":"","_instagram_share_type":"","_medium_share_type":"","_threads_share_type":"","_google_business_share_type":"","_selected_social_profile":[],"_wpsp_enable_custom_social_template":false,"_wpsp_social_scheduling":{"enabled":false,"datetime":null,"platforms":[],"status":"template_only","dateOption":"today","timeOption":"now","customDays":"","customHours":"","customDate":"","customTime":"","schedulingType":"absolute"},"_wpsp_active_default_template":true},"categories":[52,27],"tags":[],"class_list":["post-39197","post","type-post","status-publish","format-standard","has-post-thumbnail","hentry","category-a-la-une","category-actualite"],"aioseo_notices":[],"yoast_head":"<!-- This site is optimized with the Yoast SEO plugin v27.5 - https:\/\/yoast.com\/product\/yoast-seo-wordpress\/ -->\n<title>Situation en Palestine occup\u00e9e\u00a0: L\u2019Alg\u00e9rie met sa diplomatie en Branle - La Sentinelle<\/title>\n<meta name=\"robots\" content=\"index, follow, max-snippet:-1, max-image-preview:large, max-video-preview:-1\" \/>\n<link rel=\"canonical\" href=\"https:\/\/lasentinelle.dz\/index.php\/2023\/04\/09\/situation-en-palestine-occupee-lalgerie-met-sa-diplomatie-en-branle\/\" \/>\n<meta property=\"og:locale\" content=\"fr_FR\" \/>\n<meta property=\"og:type\" content=\"article\" \/>\n<meta property=\"og:title\" content=\"Situation en Palestine occup\u00e9e\u00a0: L\u2019Alg\u00e9rie met sa diplomatie en Branle - La Sentinelle\" \/>\n<meta property=\"og:description\" content=\"L\u2019Alg\u00e9rie a une nouvelle fois affich\u00e9 son soutien constant et in\u00e9branlable \u00e0 la cause palestinienne et a actionn\u00e9 sa machine\" \/>\n<meta property=\"og:url\" content=\"https:\/\/lasentinelle.dz\/index.php\/2023\/04\/09\/situation-en-palestine-occupee-lalgerie-met-sa-diplomatie-en-branle\/\" \/>\n<meta property=\"og:site_name\" content=\"La Sentinelle\" \/>\n<meta property=\"article:publisher\" content=\"https:\/\/www.facebook.com\/La-Sentinelle-104059864394773\" \/>\n<meta property=\"article:published_time\" content=\"2023-04-09T21:08:00+00:00\" \/>\n<meta property=\"og:image\" content=\"https:\/\/lasentinelle.dz\/wp-content\/uploads\/2023\/04\/palstif.png\" \/>\n\t<meta property=\"og:image:width\" content=\"1351\" \/>\n\t<meta property=\"og:image:height\" content=\"900\" \/>\n\t<meta property=\"og:image:type\" content=\"image\/png\" \/>\n<meta name=\"author\" content=\"La Sentinelle\" \/>\n<meta name=\"twitter:card\" content=\"summary_large_image\" \/>\n<meta name=\"twitter:label1\" content=\"\u00c9crit par\" \/>\n\t<meta name=\"twitter:data1\" content=\"La Sentinelle\" \/>\n\t<meta name=\"twitter:label2\" content=\"Dur\u00e9e de lecture estim\u00e9e\" \/>\n\t<meta name=\"twitter:data2\" content=\"3 minutes\" \/>\n<script type=\"application\/ld+json\" class=\"yoast-schema-graph\">{\"@context\":\"https:\\\/\\\/schema.org\",\"@graph\":[{\"@type\":\"Article\",\"@id\":\"https:\\\/\\\/lasentinelle.dz\\\/index.php\\\/2023\\\/04\\\/09\\\/situation-en-palestine-occupee-lalgerie-met-sa-diplomatie-en-branle\\\/#article\",\"isPartOf\":{\"@id\":\"https:\\\/\\\/lasentinelle.dz\\\/index.php\\\/2023\\\/04\\\/09\\\/situation-en-palestine-occupee-lalgerie-met-sa-diplomatie-en-branle\\\/\"},\"author\":{\"name\":\"La Sentinelle\",\"@id\":\"https:\\\/\\\/lasentinelle.dz\\\/#\\\/schema\\\/person\\\/d865044e22e70a75174ce8bcad3acfb3\"},\"headline\":\"Situation en Palestine occup\u00e9e\u00a0: L\u2019Alg\u00e9rie met sa diplomatie en Branle\",\"datePublished\":\"2023-04-09T21:08:00+00:00\",\"mainEntityOfPage\":{\"@id\":\"https:\\\/\\\/lasentinelle.dz\\\/index.php\\\/2023\\\/04\\\/09\\\/situation-en-palestine-occupee-lalgerie-met-sa-diplomatie-en-branle\\\/\"},\"wordCount\":468,\"commentCount\":0,\"publisher\":{\"@id\":\"https:\\\/\\\/lasentinelle.dz\\\/#organization\"},\"image\":{\"@id\":\"https:\\\/\\\/lasentinelle.dz\\\/index.php\\\/2023\\\/04\\\/09\\\/situation-en-palestine-occupee-lalgerie-met-sa-diplomatie-en-branle\\\/#primaryimage\"},\"thumbnailUrl\":\"https:\\\/\\\/lasentinelle.dz\\\/wp-content\\\/uploads\\\/2023\\\/04\\\/palstif.png\",\"articleSection\":[\"\u00c0 la Une\",\"Actualit\u00e9\"],\"inLanguage\":\"fr-FR\",\"potentialAction\":[{\"@type\":\"CommentAction\",\"name\":\"Comment\",\"target\":[\"https:\\\/\\\/lasentinelle.dz\\\/index.php\\\/2023\\\/04\\\/09\\\/situation-en-palestine-occupee-lalgerie-met-sa-diplomatie-en-branle\\\/#respond\"]}]},{\"@type\":\"WebPage\",\"@id\":\"https:\\\/\\\/lasentinelle.dz\\\/index.php\\\/2023\\\/04\\\/09\\\/situation-en-palestine-occupee-lalgerie-met-sa-diplomatie-en-branle\\\/\",\"url\":\"https:\\\/\\\/lasentinelle.dz\\\/index.php\\\/2023\\\/04\\\/09\\\/situation-en-palestine-occupee-lalgerie-met-sa-diplomatie-en-branle\\\/\",\"name\":\"Situation en Palestine occup\u00e9e\u00a0: L\u2019Alg\u00e9rie met sa diplomatie en Branle - La Sentinelle\",\"isPartOf\":{\"@id\":\"https:\\\/\\\/lasentinelle.dz\\\/#website\"},\"primaryImageOfPage\":{\"@id\":\"https:\\\/\\\/lasentinelle.dz\\\/index.php\\\/2023\\\/04\\\/09\\\/situation-en-palestine-occupee-lalgerie-met-sa-diplomatie-en-branle\\\/#primaryimage\"},\"image\":{\"@id\":\"https:\\\/\\\/lasentinelle.dz\\\/index.php\\\/2023\\\/04\\\/09\\\/situation-en-palestine-occupee-lalgerie-met-sa-diplomatie-en-branle\\\/#primaryimage\"},\"thumbnailUrl\":\"https:\\\/\\\/lasentinelle.dz\\\/wp-content\\\/uploads\\\/2023\\\/04\\\/palstif.png\",\"datePublished\":\"2023-04-09T21:08:00+00:00\",\"breadcrumb\":{\"@id\":\"https:\\\/\\\/lasentinelle.dz\\\/index.php\\\/2023\\\/04\\\/09\\\/situation-en-palestine-occupee-lalgerie-met-sa-diplomatie-en-branle\\\/#breadcrumb\"},\"inLanguage\":\"fr-FR\",\"potentialAction\":[{\"@type\":\"ReadAction\",\"target\":[\"https:\\\/\\\/lasentinelle.dz\\\/index.php\\\/2023\\\/04\\\/09\\\/situation-en-palestine-occupee-lalgerie-met-sa-diplomatie-en-branle\\\/\"]}]},{\"@type\":\"ImageObject\",\"inLanguage\":\"fr-FR\",\"@id\":\"https:\\\/\\\/lasentinelle.dz\\\/index.php\\\/2023\\\/04\\\/09\\\/situation-en-palestine-occupee-lalgerie-met-sa-diplomatie-en-branle\\\/#primaryimage\",\"url\":\"https:\\\/\\\/lasentinelle.dz\\\/wp-content\\\/uploads\\\/2023\\\/04\\\/palstif.png\",\"contentUrl\":\"https:\\\/\\\/lasentinelle.dz\\\/wp-content\\\/uploads\\\/2023\\\/04\\\/palstif.png\",\"width\":1351,\"height\":900},{\"@type\":\"BreadcrumbList\",\"@id\":\"https:\\\/\\\/lasentinelle.dz\\\/index.php\\\/2023\\\/04\\\/09\\\/situation-en-palestine-occupee-lalgerie-met-sa-diplomatie-en-branle\\\/#breadcrumb\",\"itemListElement\":[{\"@type\":\"ListItem\",\"position\":1,\"name\":\"Accueil\",\"item\":\"https:\\\/\\\/lasentinelle.dz\\\/\"},{\"@type\":\"ListItem\",\"position\":2,\"name\":\"Situation en Palestine occup\u00e9e\u00a0: L\u2019Alg\u00e9rie met sa diplomatie en Branle\"}]},{\"@type\":\"WebSite\",\"@id\":\"https:\\\/\\\/lasentinelle.dz\\\/#website\",\"url\":\"https:\\\/\\\/lasentinelle.dz\\\/\",\"name\":\"La Sentinelle\",\"description\":\"Quotidien national d&#039;information\",\"publisher\":{\"@id\":\"https:\\\/\\\/lasentinelle.dz\\\/#organization\"},\"potentialAction\":[{\"@type\":\"SearchAction\",\"target\":{\"@type\":\"EntryPoint\",\"urlTemplate\":\"https:\\\/\\\/lasentinelle.dz\\\/?s={search_term_string}\"},\"query-input\":{\"@type\":\"PropertyValueSpecification\",\"valueRequired\":true,\"valueName\":\"search_term_string\"}}],\"inLanguage\":\"fr-FR\"},{\"@type\":\"Organization\",\"@id\":\"https:\\\/\\\/lasentinelle.dz\\\/#organization\",\"name\":\"Quotidien La Sentinelle\",\"url\":\"https:\\\/\\\/lasentinelle.dz\\\/\",\"logo\":{\"@type\":\"ImageObject\",\"inLanguage\":\"fr-FR\",\"@id\":\"https:\\\/\\\/lasentinelle.dz\\\/#\\\/schema\\\/logo\\\/image\\\/\",\"url\":\"https:\\\/\\\/lasentinelle.dz\\\/wp-content\\\/uploads\\\/2021\\\/09\\\/logo-sentinelleSLOGAN-1.png\",\"contentUrl\":\"https:\\\/\\\/lasentinelle.dz\\\/wp-content\\\/uploads\\\/2021\\\/09\\\/logo-sentinelleSLOGAN-1.png\",\"width\":615,\"height\":142,\"caption\":\"Quotidien La Sentinelle\"},\"image\":{\"@id\":\"https:\\\/\\\/lasentinelle.dz\\\/#\\\/schema\\\/logo\\\/image\\\/\"},\"sameAs\":[\"https:\\\/\\\/www.facebook.com\\\/La-Sentinelle-104059864394773\"]},{\"@type\":\"Person\",\"@id\":\"https:\\\/\\\/lasentinelle.dz\\\/#\\\/schema\\\/person\\\/d865044e22e70a75174ce8bcad3acfb3\",\"name\":\"La Sentinelle\",\"image\":{\"@type\":\"ImageObject\",\"inLanguage\":\"fr-FR\",\"@id\":\"https:\\\/\\\/secure.gravatar.com\\\/avatar\\\/57de8e5d4b15d43fb361a71fbb36338450fe67865b528a43dd10ef7c51a20392?s=96&d=mm&r=g\",\"url\":\"https:\\\/\\\/secure.gravatar.com\\\/avatar\\\/57de8e5d4b15d43fb361a71fbb36338450fe67865b528a43dd10ef7c51a20392?s=96&d=mm&r=g\",\"contentUrl\":\"https:\\\/\\\/secure.gravatar.com\\\/avatar\\\/57de8e5d4b15d43fb361a71fbb36338450fe67865b528a43dd10ef7c51a20392?s=96&d=mm&r=g\",\"caption\":\"La Sentinelle\"},\"sameAs\":[\"http:\\\/\\\/www.lasentinelle.dz\"],\"url\":\"https:\\\/\\\/lasentinelle.dz\\\/author\\\/redaction\\\/\"}]}<\/script>\n<!-- \/ Yoast SEO plugin. -->","yoast_head_json":{"title":"Situation en Palestine occup\u00e9e\u00a0: L\u2019Alg\u00e9rie met sa diplomatie en Branle - La Sentinelle","robots":{"index":"index","follow":"follow","max-snippet":"max-snippet:-1","max-image-preview":"max-image-preview:large","max-video-preview":"max-video-preview:-1"},"canonical":"https:\/\/lasentinelle.dz\/index.php\/2023\/04\/09\/situation-en-palestine-occupee-lalgerie-met-sa-diplomatie-en-branle\/","og_locale":"fr_FR","og_type":"article","og_title":"Situation en Palestine occup\u00e9e\u00a0: L\u2019Alg\u00e9rie met sa diplomatie en Branle - La Sentinelle","og_description":"L\u2019Alg\u00e9rie a une nouvelle fois affich\u00e9 son soutien constant et in\u00e9branlable \u00e0 la cause palestinienne et a actionn\u00e9 sa machine","og_url":"https:\/\/lasentinelle.dz\/index.php\/2023\/04\/09\/situation-en-palestine-occupee-lalgerie-met-sa-diplomatie-en-branle\/","og_site_name":"La Sentinelle","article_publisher":"https:\/\/www.facebook.com\/La-Sentinelle-104059864394773","article_published_time":"2023-04-09T21:08:00+00:00","og_image":[{"width":1351,"height":900,"url":"https:\/\/lasentinelle.dz\/wp-content\/uploads\/2023\/04\/palstif.png","type":"image\/png"}],"author":"La Sentinelle","twitter_card":"summary_large_image","twitter_misc":{"\u00c9crit par":"La Sentinelle","Dur\u00e9e de lecture estim\u00e9e":"3 minutes"},"schema":{"@context":"https:\/\/schema.org","@graph":[{"@type":"Article","@id":"https:\/\/lasentinelle.dz\/index.php\/2023\/04\/09\/situation-en-palestine-occupee-lalgerie-met-sa-diplomatie-en-branle\/#article","isPartOf":{"@id":"https:\/\/lasentinelle.dz\/index.php\/2023\/04\/09\/situation-en-palestine-occupee-lalgerie-met-sa-diplomatie-en-branle\/"},"author":{"name":"La Sentinelle","@id":"https:\/\/lasentinelle.dz\/#\/schema\/person\/d865044e22e70a75174ce8bcad3acfb3"},"headline":"Situation en Palestine occup\u00e9e\u00a0: L\u2019Alg\u00e9rie met sa diplomatie en Branle","datePublished":"2023-04-09T21:08:00+00:00","mainEntityOfPage":{"@id":"https:\/\/lasentinelle.dz\/index.php\/2023\/04\/09\/situation-en-palestine-occupee-lalgerie-met-sa-diplomatie-en-branle\/"},"wordCount":468,"commentCount":0,"publisher":{"@id":"https:\/\/lasentinelle.dz\/#organization"},"image":{"@id":"https:\/\/lasentinelle.dz\/index.php\/2023\/04\/09\/situation-en-palestine-occupee-lalgerie-met-sa-diplomatie-en-branle\/#primaryimage"},"thumbnailUrl":"https:\/\/lasentinelle.dz\/wp-content\/uploads\/2023\/04\/palstif.png","articleSection":["\u00c0 la Une","Actualit\u00e9"],"inLanguage":"fr-FR","potentialAction":[{"@type":"CommentAction","name":"Comment","target":["https:\/\/lasentinelle.dz\/index.php\/2023\/04\/09\/situation-en-palestine-occupee-lalgerie-met-sa-diplomatie-en-branle\/#respond"]}]},{"@type":"WebPage","@id":"https:\/\/lasentinelle.dz\/index.php\/2023\/04\/09\/situation-en-palestine-occupee-lalgerie-met-sa-diplomatie-en-branle\/","url":"https:\/\/lasentinelle.dz\/index.php\/2023\/04\/09\/situation-en-palestine-occupee-lalgerie-met-sa-diplomatie-en-branle\/","name":"Situation en Palestine occup\u00e9e\u00a0: L\u2019Alg\u00e9rie met sa diplomatie en Branle - La Sentinelle","isPartOf":{"@id":"https:\/\/lasentinelle.dz\/#website"},"primaryImageOfPage":{"@id":"https:\/\/lasentinelle.dz\/index.php\/2023\/04\/09\/situation-en-palestine-occupee-lalgerie-met-sa-diplomatie-en-branle\/#primaryimage"},"image":{"@id":"https:\/\/lasentinelle.dz\/index.php\/2023\/04\/09\/situation-en-palestine-occupee-lalgerie-met-sa-diplomatie-en-branle\/#primaryimage"},"thumbnailUrl":"https:\/\/lasentinelle.dz\/wp-content\/uploads\/2023\/04\/palstif.png","datePublished":"2023-04-09T21:08:00+00:00","breadcrumb":{"@id":"https:\/\/lasentinelle.dz\/index.php\/2023\/04\/09\/situation-en-palestine-occupee-lalgerie-met-sa-diplomatie-en-branle\/#breadcrumb"},"inLanguage":"fr-FR","potentialAction":[{"@type":"ReadAction","target":["https:\/\/lasentinelle.dz\/index.php\/2023\/04\/09\/situation-en-palestine-occupee-lalgerie-met-sa-diplomatie-en-branle\/"]}]},{"@type":"ImageObject","inLanguage":"fr-FR","@id":"https:\/\/lasentinelle.dz\/index.php\/2023\/04\/09\/situation-en-palestine-occupee-lalgerie-met-sa-diplomatie-en-branle\/#primaryimage","url":"https:\/\/lasentinelle.dz\/wp-content\/uploads\/2023\/04\/palstif.png","contentUrl":"https:\/\/lasentinelle.dz\/wp-content\/uploads\/2023\/04\/palstif.png","width":1351,"height":900},{"@type":"BreadcrumbList","@id":"https:\/\/lasentinelle.dz\/index.php\/2023\/04\/09\/situation-en-palestine-occupee-lalgerie-met-sa-diplomatie-en-branle\/#breadcrumb","itemListElement":[{"@type":"ListItem","position":1,"name":"Accueil","item":"https:\/\/lasentinelle.dz\/"},{"@type":"ListItem","position":2,"name":"Situation en Palestine occup\u00e9e\u00a0: L\u2019Alg\u00e9rie met sa diplomatie en Branle"}]},{"@type":"WebSite","@id":"https:\/\/lasentinelle.dz\/#website","url":"https:\/\/lasentinelle.dz\/","name":"La Sentinelle","description":"Quotidien national d&#039;information","publisher":{"@id":"https:\/\/lasentinelle.dz\/#organization"},"potentialAction":[{"@type":"SearchAction","target":{"@type":"EntryPoint","urlTemplate":"https:\/\/lasentinelle.dz\/?s={search_term_string}"},"query-input":{"@type":"PropertyValueSpecification","valueRequired":true,"valueName":"search_term_string"}}],"inLanguage":"fr-FR"},{"@type":"Organization","@id":"https:\/\/lasentinelle.dz\/#organization","name":"Quotidien La Sentinelle","url":"https:\/\/lasentinelle.dz\/","logo":{"@type":"ImageObject","inLanguage":"fr-FR","@id":"https:\/\/lasentinelle.dz\/#\/schema\/logo\/image\/","url":"https:\/\/lasentinelle.dz\/wp-content\/uploads\/2021\/09\/logo-sentinelleSLOGAN-1.png","contentUrl":"https:\/\/lasentinelle.dz\/wp-content\/uploads\/2021\/09\/logo-sentinelleSLOGAN-1.png","width":615,"height":142,"caption":"Quotidien La Sentinelle"},"image":{"@id":"https:\/\/lasentinelle.dz\/#\/schema\/logo\/image\/"},"sameAs":["https:\/\/www.facebook.com\/La-Sentinelle-104059864394773"]},{"@type":"Person","@id":"https:\/\/lasentinelle.dz\/#\/schema\/person\/d865044e22e70a75174ce8bcad3acfb3","name":"La Sentinelle","image":{"@type":"ImageObject","inLanguage":"fr-FR","@id":"https:\/\/secure.gravatar.com\/avatar\/57de8e5d4b15d43fb361a71fbb36338450fe67865b528a43dd10ef7c51a20392?s=96&d=mm&r=g","url":"https:\/\/secure.gravatar.com\/avatar\/57de8e5d4b15d43fb361a71fbb36338450fe67865b528a43dd10ef7c51a20392?s=96&d=mm&r=g","contentUrl":"https:\/\/secure.gravatar.com\/avatar\/57de8e5d4b15d43fb361a71fbb36338450fe67865b528a43dd10ef7c51a20392?s=96&d=mm&r=g","caption":"La Sentinelle"},"sameAs":["http:\/\/www.lasentinelle.dz"],"url":"https:\/\/lasentinelle.dz\/author\/redaction\/"}]}},"_links":{"self":[{"href":"https:\/\/lasentinelle.dz\/index.php\/wp-json\/wp\/v2\/posts\/39197","targetHints":{"allow":["GET"]}}],"collection":[{"href":"https:\/\/lasentinelle.dz\/index.php\/wp-json\/wp\/v2\/posts"}],"about":[{"href":"https:\/\/lasentinelle.dz\/index.php\/wp-json\/wp\/v2\/types\/post"}],"author":[{"embeddable":true,"href":"https:\/\/lasentinelle.dz\/index.php\/wp-json\/wp\/v2\/users\/3"}],"replies":[{"embeddable":true,"href":"https:\/\/lasentinelle.dz\/index.php\/wp-json\/wp\/v2\/comments?post=39197"}],"version-history":[{"count":2,"href":"https:\/\/lasentinelle.dz\/index.php\/wp-json\/wp\/v2\/posts\/39197\/revisions"}],"predecessor-version":[{"id":39238,"href":"https:\/\/lasentinelle.dz\/index.php\/wp-json\/wp\/v2\/posts\/39197\/revisions\/39238"}],"wp:featuredmedia":[{"embeddable":true,"href":"https:\/\/lasentinelle.dz\/index.php\/wp-json\/wp\/v2\/media\/39204"}],"wp:attachment":[{"href":"https:\/\/lasentinelle.dz\/index.php\/wp-json\/wp\/v2\/media?parent=39197"}],"wp:term":[{"taxonomy":"category","embeddable":true,"href":"https:\/\/lasentinelle.dz\/index.php\/wp-json\/wp\/v2\/categories?post=39197"},{"taxonomy":"post_tag","embeddable":true,"href":"https:\/\/lasentinelle.dz\/index.php\/wp-json\/wp\/v2\/tags?post=39197"}],"curies":[{"name":"wp","href":"https:\/\/api.w.org\/{rel}","templated":true}]}}