{"id":39203,"date":"2023-04-09T22:05:00","date_gmt":"2023-04-09T21:05:00","guid":{"rendered":"https:\/\/lasentinelle.dz\/?p=39203"},"modified":"2023-04-09T18:49:20","modified_gmt":"2023-04-09T17:49:20","slug":"proche-orient-les-chefs-du-hezbollah-et-du-hamas-se-tiennent-prets-face-a-lentite-sioniste","status":"publish","type":"post","link":"https:\/\/lasentinelle.dz\/index.php\/2023\/04\/09\/proche-orient-les-chefs-du-hezbollah-et-du-hamas-se-tiennent-prets-face-a-lentite-sioniste\/","title":{"rendered":"Proche-Orient\u00a0: Les chefs du Hezbollah et du Hamas se tiennent pr\u00eats face \u00e0 l\u2019entit\u00e9 sioniste"},"content":{"rendered":"\n<p>Les chefs du Hezbollah libanais, Hassan Nasrallah, et du Hamas palestinien, Isma\u00efl Haniyeh, se sont r\u00e9unis au Liban et ont \u00e9voqu\u00e9 la \u00ab\u00a0coop\u00e9ration\u00a0\u00bb face \u00e0 l\u2019entit\u00e9 sioniste, a annonc\u00e9 le Hezbollah hier. Isma\u00efl Haniyeh se trouve depuis mercredi \u00e0 Beyrouth . Lors de leur entretien, les chefs des deux mouvements ont soulign\u00e9 que \u00ab l&rsquo;axe de la R\u00e9sistance se tient pr\u00eat \u00bb face aux d\u00e9veloppements et que \u00ab ses composantes coop\u00e8rent \u00bb dans la r\u00e9gion, selon un communiqu\u00e9 du Hezbollah. Les deux hommes ont \u00e9galement \u00e9voqu\u00e9 \u00ab\u00a0l&rsquo;intensification de la r\u00e9sistance en Cisjordanie et \u00e0 Ghaza\u00a0\u00bb et \u00ab\u00a0les \u00e9v\u00e9nements \u00e0 la Mosqu\u00e9e Al-Aqsa\u00a0\u00bb, selon le communiqu\u00e9. La violente interruption en d\u00e9but de semaine des forces d\u2019occupation sionistes&nbsp; \u00e0 la mosqu\u00e9e Al-Aqsa \u00e0 El Qods, troisi\u00e8me lieu saint de l&rsquo;islam, pour en d\u00e9loger des fid\u00e8les, a mis le feu aux poudres. Apr\u00e8s les tirs de roquettes depuis Ghaza et le Liban, l\u2019entit\u00e9 sioniste a annonc\u00e9 dans la nuit de samedi \u00e0 dimanche avoir frapp\u00e9 la Syrie en riposte \u00e0 des tirs de roquettes qui l&rsquo;ont vis\u00e9 depuis le territoire syrien cette fois-ci.&nbsp;&nbsp;<\/p>\n\n\n\n<p>Les provocations sionistes ont continu\u00e9 puisque des centaines de colons sionistes ont envahi, hier, l&rsquo;Esplanade de la mosqu\u00e9e d&rsquo;Al-Aqsa, sous haute surveillance de la police de l&rsquo;occupation. Le Waqf islamique, l&rsquo;autorit\u00e9 jordanienne charg\u00e9e des affaires de la mosqu\u00e9e, a d\u00e9clar\u00e9 que des groupes de colons sionistes ont p\u00e9n\u00e9tr\u00e9 dans l&rsquo;enceinte de la mosqu\u00e9e sous pr\u00e9texte de c\u00e9l\u00e9brer la f\u00eate juive de P\u00e2que. Les tensions sont mont\u00e9es en Palestine occup\u00e9e au cours des deux derni\u00e8res semaines sur fond d\u2019incursions sionistes massives \u00e0 l&rsquo;int\u00e9rieur du lieu saint pour assurer l&rsquo;entr\u00e9e de colons extr\u00e9mistes, \u00e0 l&rsquo;occasion de P\u00e2que, qui co\u00efncide avec le mois sacr\u00e9 du Ramadan.<\/p>\n\n\n\n<p>Selon la m\u00eame source, les forces d&rsquo;occupation sioniste ont mis en place, d\u00e8s la matin\u00e9e d\u2019hier de nombreux points de contr\u00f4le autour de la vieille ville d&rsquo;Al Qods pour assurer l&rsquo;acc\u00e8s des colons sionistes \u00e0 l&rsquo;entr\u00e9e et \u00e0 la sortie de la mosqu\u00e9e, et de nombreux fid\u00e8les musulmans palestiniens ont \u00e9t\u00e9 agress\u00e9s et harcel\u00e9s par la police sioniste qui leur a refus\u00e9 l&rsquo;entr\u00e9e dans le lieu saint. De nombreux fid\u00e8les qui \u00e9taient rest\u00e9s \u00e0 l&rsquo;int\u00e9rieur de la mosqu\u00e9e pour prier pendant les heures tardives de la nuit ont \u00e9galement \u00e9t\u00e9 expuls\u00e9s de force du lieu saint par la police sioniste.<\/p>\n\n\n\n<p>La mosqu\u00e9e Al-Ibrahimi \u00e0 El-Khalil a \u00e9t\u00e9 par ailleurs ferm\u00e9e aux Palestiniens par les forces d&rsquo;occupation sionistes et ouverte aux colons. Le directeur de la mosqu\u00e9e, Ghassan Al-Rajabi , cit\u00e9 par des m\u00e9dias, a d\u00e9clar\u00e9 : \u00ab\u00a0Les forces d&rsquo;occupation ont ferm\u00e9 la mosqu\u00e9e Ibrahimi et ont emp\u00each\u00e9 l&rsquo;entr\u00e9e des fid\u00e8les, et en retour l&rsquo;ont ouverte aux colons\u00a0\u00bb. Al-Rajabi a ajout\u00e9 que la d\u00e9cision de fermeture \u00ab\u00a0s&rsquo;\u00e9tend du samedi soir au lundi soir\u00a0\u00bb. Il a d\u00e9clar\u00e9 que la fermeture et l&rsquo;interdiction d&rsquo;entr\u00e9e concernent tous les employ\u00e9s et la direction de la mosqu\u00e9e, et s&rsquo;accompagnent d&rsquo;\u00e9normes&nbsp;&nbsp; foules de colons \u00e0 l&rsquo;int\u00e9rieur et autour de la mosqu\u00e9e. Pour sa part, l&rsquo;activiste palestinien Aref Jaber \u00e0 indiqu\u00e9 que l&rsquo;arm\u00e9e sioniste a commenc\u00e9, dimanche matin (hier, Ndlr), \u00e0 d\u00e9ployer des points de contr\u00f4le militaires \u00e0 proximit\u00e9 de la mosqu\u00e9e et \u00e0 renforcer ses mesures contre les&nbsp;&nbsp; r\u00e9sidents palestiniens.<\/p>\n\n\n\n<p><strong>Khider Larbi<\/strong><\/p>\n","protected":false},"excerpt":{"rendered":"<p>Les chefs du Hezbollah libanais, Hassan Nasrallah, et du Hamas palestinien, Isma\u00efl Haniyeh, se sont r\u00e9unis au Liban et ont<\/p>\n","protected":false},"author":3,"featured_media":39208,"comment_status":"open","ping_status":"closed","sticky":false,"template":"","format":"standard","meta":{"colormag_page_container_layout":"default_layout","colormag_page_sidebar_layout":"default_layout","om_disable_all_campaigns":false,"_monsterinsights_skip_tracking":false,"_monsterinsights_sitenote_active":false,"_monsterinsights_sitenote_note":"","_monsterinsights_sitenote_category":0,"footnotes":"","_wpscppro_dont_share_socialmedia":false,"_wpscppro_custom_social_share_image":0,"_facebook_share_type":"","_twitter_share_type":"","_linkedin_share_type":"","_pinterest_share_type":"","_linkedin_share_type_page":"","_instagram_share_type":"","_medium_share_type":"","_threads_share_type":"","_google_business_share_type":"","_selected_social_profile":[],"_wpsp_enable_custom_social_template":false,"_wpsp_social_scheduling":{"enabled":false,"datetime":null,"platforms":[],"status":"template_only","dateOption":"today","timeOption":"now","customDays":"","customHours":"","customDate":"","customTime":"","schedulingType":"absolute"},"_wpsp_active_default_template":true},"categories":[27],"tags":[],"class_list":["post-39203","post","type-post","status-publish","format-standard","has-post-thumbnail","hentry","category-actualite"],"aioseo_notices":[],"yoast_head":"<!-- This site is optimized with the Yoast SEO plugin v27.5 - https:\/\/yoast.com\/product\/yoast-seo-wordpress\/ -->\n<title>Proche-Orient\u00a0: Les chefs du Hezbollah et du Hamas se tiennent pr\u00eats face \u00e0 l\u2019entit\u00e9 sioniste - La Sentinelle<\/title>\n<meta name=\"robots\" content=\"index, follow, max-snippet:-1, max-image-preview:large, max-video-preview:-1\" \/>\n<link rel=\"canonical\" href=\"https:\/\/lasentinelle.dz\/index.php\/2023\/04\/09\/proche-orient-les-chefs-du-hezbollah-et-du-hamas-se-tiennent-prets-face-a-lentite-sioniste\/\" \/>\n<meta property=\"og:locale\" content=\"fr_FR\" \/>\n<meta property=\"og:type\" content=\"article\" \/>\n<meta property=\"og:title\" content=\"Proche-Orient\u00a0: Les chefs du Hezbollah et du Hamas se tiennent pr\u00eats face \u00e0 l\u2019entit\u00e9 sioniste - La Sentinelle\" \/>\n<meta property=\"og:description\" content=\"Les chefs du Hezbollah libanais, Hassan Nasrallah, et du Hamas palestinien, Isma\u00efl Haniyeh, se sont r\u00e9unis au Liban et ont\" \/>\n<meta property=\"og:url\" content=\"https:\/\/lasentinelle.dz\/index.php\/2023\/04\/09\/proche-orient-les-chefs-du-hezbollah-et-du-hamas-se-tiennent-prets-face-a-lentite-sioniste\/\" \/>\n<meta property=\"og:site_name\" content=\"La Sentinelle\" \/>\n<meta property=\"article:publisher\" content=\"https:\/\/www.facebook.com\/La-Sentinelle-104059864394773\" \/>\n<meta property=\"article:published_time\" content=\"2023-04-09T21:05:00+00:00\" \/>\n<meta property=\"og:image\" content=\"https:\/\/lasentinelle.dz\/wp-content\/uploads\/2023\/04\/ghfg.png\" \/>\n\t<meta property=\"og:image:width\" content=\"2075\" \/>\n\t<meta property=\"og:image:height\" content=\"900\" \/>\n\t<meta property=\"og:image:type\" content=\"image\/png\" \/>\n<meta name=\"author\" content=\"La Sentinelle\" \/>\n<meta name=\"twitter:card\" content=\"summary_large_image\" \/>\n<meta name=\"twitter:label1\" content=\"\u00c9crit par\" \/>\n\t<meta name=\"twitter:data1\" content=\"La Sentinelle\" \/>\n\t<meta name=\"twitter:label2\" content=\"Dur\u00e9e de lecture estim\u00e9e\" \/>\n\t<meta name=\"twitter:data2\" content=\"3 minutes\" \/>\n<script type=\"application\/ld+json\" class=\"yoast-schema-graph\">{\"@context\":\"https:\\\/\\\/schema.org\",\"@graph\":[{\"@type\":\"Article\",\"@id\":\"https:\\\/\\\/lasentinelle.dz\\\/index.php\\\/2023\\\/04\\\/09\\\/proche-orient-les-chefs-du-hezbollah-et-du-hamas-se-tiennent-prets-face-a-lentite-sioniste\\\/#article\",\"isPartOf\":{\"@id\":\"https:\\\/\\\/lasentinelle.dz\\\/index.php\\\/2023\\\/04\\\/09\\\/proche-orient-les-chefs-du-hezbollah-et-du-hamas-se-tiennent-prets-face-a-lentite-sioniste\\\/\"},\"author\":{\"name\":\"La Sentinelle\",\"@id\":\"https:\\\/\\\/lasentinelle.dz\\\/#\\\/schema\\\/person\\\/d865044e22e70a75174ce8bcad3acfb3\"},\"headline\":\"Proche-Orient\u00a0: Les chefs du Hezbollah et du Hamas se tiennent pr\u00eats face \u00e0 l\u2019entit\u00e9 sioniste\",\"datePublished\":\"2023-04-09T21:05:00+00:00\",\"mainEntityOfPage\":{\"@id\":\"https:\\\/\\\/lasentinelle.dz\\\/index.php\\\/2023\\\/04\\\/09\\\/proche-orient-les-chefs-du-hezbollah-et-du-hamas-se-tiennent-prets-face-a-lentite-sioniste\\\/\"},\"wordCount\":635,\"commentCount\":0,\"publisher\":{\"@id\":\"https:\\\/\\\/lasentinelle.dz\\\/#organization\"},\"image\":{\"@id\":\"https:\\\/\\\/lasentinelle.dz\\\/index.php\\\/2023\\\/04\\\/09\\\/proche-orient-les-chefs-du-hezbollah-et-du-hamas-se-tiennent-prets-face-a-lentite-sioniste\\\/#primaryimage\"},\"thumbnailUrl\":\"https:\\\/\\\/lasentinelle.dz\\\/wp-content\\\/uploads\\\/2023\\\/04\\\/ghfg.png\",\"articleSection\":[\"Actualit\u00e9\"],\"inLanguage\":\"fr-FR\",\"potentialAction\":[{\"@type\":\"CommentAction\",\"name\":\"Comment\",\"target\":[\"https:\\\/\\\/lasentinelle.dz\\\/index.php\\\/2023\\\/04\\\/09\\\/proche-orient-les-chefs-du-hezbollah-et-du-hamas-se-tiennent-prets-face-a-lentite-sioniste\\\/#respond\"]}]},{\"@type\":\"WebPage\",\"@id\":\"https:\\\/\\\/lasentinelle.dz\\\/index.php\\\/2023\\\/04\\\/09\\\/proche-orient-les-chefs-du-hezbollah-et-du-hamas-se-tiennent-prets-face-a-lentite-sioniste\\\/\",\"url\":\"https:\\\/\\\/lasentinelle.dz\\\/index.php\\\/2023\\\/04\\\/09\\\/proche-orient-les-chefs-du-hezbollah-et-du-hamas-se-tiennent-prets-face-a-lentite-sioniste\\\/\",\"name\":\"Proche-Orient\u00a0: Les chefs du Hezbollah et du Hamas se tiennent pr\u00eats face \u00e0 l\u2019entit\u00e9 sioniste - La Sentinelle\",\"isPartOf\":{\"@id\":\"https:\\\/\\\/lasentinelle.dz\\\/#website\"},\"primaryImageOfPage\":{\"@id\":\"https:\\\/\\\/lasentinelle.dz\\\/index.php\\\/2023\\\/04\\\/09\\\/proche-orient-les-chefs-du-hezbollah-et-du-hamas-se-tiennent-prets-face-a-lentite-sioniste\\\/#primaryimage\"},\"image\":{\"@id\":\"https:\\\/\\\/lasentinelle.dz\\\/index.php\\\/2023\\\/04\\\/09\\\/proche-orient-les-chefs-du-hezbollah-et-du-hamas-se-tiennent-prets-face-a-lentite-sioniste\\\/#primaryimage\"},\"thumbnailUrl\":\"https:\\\/\\\/lasentinelle.dz\\\/wp-content\\\/uploads\\\/2023\\\/04\\\/ghfg.png\",\"datePublished\":\"2023-04-09T21:05:00+00:00\",\"breadcrumb\":{\"@id\":\"https:\\\/\\\/lasentinelle.dz\\\/index.php\\\/2023\\\/04\\\/09\\\/proche-orient-les-chefs-du-hezbollah-et-du-hamas-se-tiennent-prets-face-a-lentite-sioniste\\\/#breadcrumb\"},\"inLanguage\":\"fr-FR\",\"potentialAction\":[{\"@type\":\"ReadAction\",\"target\":[\"https:\\\/\\\/lasentinelle.dz\\\/index.php\\\/2023\\\/04\\\/09\\\/proche-orient-les-chefs-du-hezbollah-et-du-hamas-se-tiennent-prets-face-a-lentite-sioniste\\\/\"]}]},{\"@type\":\"ImageObject\",\"inLanguage\":\"fr-FR\",\"@id\":\"https:\\\/\\\/lasentinelle.dz\\\/index.php\\\/2023\\\/04\\\/09\\\/proche-orient-les-chefs-du-hezbollah-et-du-hamas-se-tiennent-prets-face-a-lentite-sioniste\\\/#primaryimage\",\"url\":\"https:\\\/\\\/lasentinelle.dz\\\/wp-content\\\/uploads\\\/2023\\\/04\\\/ghfg.png\",\"contentUrl\":\"https:\\\/\\\/lasentinelle.dz\\\/wp-content\\\/uploads\\\/2023\\\/04\\\/ghfg.png\",\"width\":2075,\"height\":900},{\"@type\":\"BreadcrumbList\",\"@id\":\"https:\\\/\\\/lasentinelle.dz\\\/index.php\\\/2023\\\/04\\\/09\\\/proche-orient-les-chefs-du-hezbollah-et-du-hamas-se-tiennent-prets-face-a-lentite-sioniste\\\/#breadcrumb\",\"itemListElement\":[{\"@type\":\"ListItem\",\"position\":1,\"name\":\"Accueil\",\"item\":\"https:\\\/\\\/lasentinelle.dz\\\/\"},{\"@type\":\"ListItem\",\"position\":2,\"name\":\"Proche-Orient\u00a0: Les chefs du Hezbollah et du Hamas se tiennent pr\u00eats face \u00e0 l\u2019entit\u00e9 sioniste\"}]},{\"@type\":\"WebSite\",\"@id\":\"https:\\\/\\\/lasentinelle.dz\\\/#website\",\"url\":\"https:\\\/\\\/lasentinelle.dz\\\/\",\"name\":\"La Sentinelle\",\"description\":\"Quotidien national d&#039;information\",\"publisher\":{\"@id\":\"https:\\\/\\\/lasentinelle.dz\\\/#organization\"},\"potentialAction\":[{\"@type\":\"SearchAction\",\"target\":{\"@type\":\"EntryPoint\",\"urlTemplate\":\"https:\\\/\\\/lasentinelle.dz\\\/?s={search_term_string}\"},\"query-input\":{\"@type\":\"PropertyValueSpecification\",\"valueRequired\":true,\"valueName\":\"search_term_string\"}}],\"inLanguage\":\"fr-FR\"},{\"@type\":\"Organization\",\"@id\":\"https:\\\/\\\/lasentinelle.dz\\\/#organization\",\"name\":\"Quotidien La Sentinelle\",\"url\":\"https:\\\/\\\/lasentinelle.dz\\\/\",\"logo\":{\"@type\":\"ImageObject\",\"inLanguage\":\"fr-FR\",\"@id\":\"https:\\\/\\\/lasentinelle.dz\\\/#\\\/schema\\\/logo\\\/image\\\/\",\"url\":\"https:\\\/\\\/lasentinelle.dz\\\/wp-content\\\/uploads\\\/2021\\\/09\\\/logo-sentinelleSLOGAN-1.png\",\"contentUrl\":\"https:\\\/\\\/lasentinelle.dz\\\/wp-content\\\/uploads\\\/2021\\\/09\\\/logo-sentinelleSLOGAN-1.png\",\"width\":615,\"height\":142,\"caption\":\"Quotidien La Sentinelle\"},\"image\":{\"@id\":\"https:\\\/\\\/lasentinelle.dz\\\/#\\\/schema\\\/logo\\\/image\\\/\"},\"sameAs\":[\"https:\\\/\\\/www.facebook.com\\\/La-Sentinelle-104059864394773\"]},{\"@type\":\"Person\",\"@id\":\"https:\\\/\\\/lasentinelle.dz\\\/#\\\/schema\\\/person\\\/d865044e22e70a75174ce8bcad3acfb3\",\"name\":\"La Sentinelle\",\"image\":{\"@type\":\"ImageObject\",\"inLanguage\":\"fr-FR\",\"@id\":\"https:\\\/\\\/secure.gravatar.com\\\/avatar\\\/57de8e5d4b15d43fb361a71fbb36338450fe67865b528a43dd10ef7c51a20392?s=96&d=mm&r=g\",\"url\":\"https:\\\/\\\/secure.gravatar.com\\\/avatar\\\/57de8e5d4b15d43fb361a71fbb36338450fe67865b528a43dd10ef7c51a20392?s=96&d=mm&r=g\",\"contentUrl\":\"https:\\\/\\\/secure.gravatar.com\\\/avatar\\\/57de8e5d4b15d43fb361a71fbb36338450fe67865b528a43dd10ef7c51a20392?s=96&d=mm&r=g\",\"caption\":\"La Sentinelle\"},\"sameAs\":[\"http:\\\/\\\/www.lasentinelle.dz\"],\"url\":\"https:\\\/\\\/lasentinelle.dz\\\/author\\\/redaction\\\/\"}]}<\/script>\n<!-- \/ Yoast SEO plugin. -->","yoast_head_json":{"title":"Proche-Orient\u00a0: Les chefs du Hezbollah et du Hamas se tiennent pr\u00eats face \u00e0 l\u2019entit\u00e9 sioniste - La Sentinelle","robots":{"index":"index","follow":"follow","max-snippet":"max-snippet:-1","max-image-preview":"max-image-preview:large","max-video-preview":"max-video-preview:-1"},"canonical":"https:\/\/lasentinelle.dz\/index.php\/2023\/04\/09\/proche-orient-les-chefs-du-hezbollah-et-du-hamas-se-tiennent-prets-face-a-lentite-sioniste\/","og_locale":"fr_FR","og_type":"article","og_title":"Proche-Orient\u00a0: Les chefs du Hezbollah et du Hamas se tiennent pr\u00eats face \u00e0 l\u2019entit\u00e9 sioniste - La Sentinelle","og_description":"Les chefs du Hezbollah libanais, Hassan Nasrallah, et du Hamas palestinien, Isma\u00efl Haniyeh, se sont r\u00e9unis au Liban et ont","og_url":"https:\/\/lasentinelle.dz\/index.php\/2023\/04\/09\/proche-orient-les-chefs-du-hezbollah-et-du-hamas-se-tiennent-prets-face-a-lentite-sioniste\/","og_site_name":"La Sentinelle","article_publisher":"https:\/\/www.facebook.com\/La-Sentinelle-104059864394773","article_published_time":"2023-04-09T21:05:00+00:00","og_image":[{"width":2075,"height":900,"url":"https:\/\/lasentinelle.dz\/wp-content\/uploads\/2023\/04\/ghfg.png","type":"image\/png"}],"author":"La Sentinelle","twitter_card":"summary_large_image","twitter_misc":{"\u00c9crit par":"La Sentinelle","Dur\u00e9e de lecture estim\u00e9e":"3 minutes"},"schema":{"@context":"https:\/\/schema.org","@graph":[{"@type":"Article","@id":"https:\/\/lasentinelle.dz\/index.php\/2023\/04\/09\/proche-orient-les-chefs-du-hezbollah-et-du-hamas-se-tiennent-prets-face-a-lentite-sioniste\/#article","isPartOf":{"@id":"https:\/\/lasentinelle.dz\/index.php\/2023\/04\/09\/proche-orient-les-chefs-du-hezbollah-et-du-hamas-se-tiennent-prets-face-a-lentite-sioniste\/"},"author":{"name":"La Sentinelle","@id":"https:\/\/lasentinelle.dz\/#\/schema\/person\/d865044e22e70a75174ce8bcad3acfb3"},"headline":"Proche-Orient\u00a0: Les chefs du Hezbollah et du Hamas se tiennent pr\u00eats face \u00e0 l\u2019entit\u00e9 sioniste","datePublished":"2023-04-09T21:05:00+00:00","mainEntityOfPage":{"@id":"https:\/\/lasentinelle.dz\/index.php\/2023\/04\/09\/proche-orient-les-chefs-du-hezbollah-et-du-hamas-se-tiennent-prets-face-a-lentite-sioniste\/"},"wordCount":635,"commentCount":0,"publisher":{"@id":"https:\/\/lasentinelle.dz\/#organization"},"image":{"@id":"https:\/\/lasentinelle.dz\/index.php\/2023\/04\/09\/proche-orient-les-chefs-du-hezbollah-et-du-hamas-se-tiennent-prets-face-a-lentite-sioniste\/#primaryimage"},"thumbnailUrl":"https:\/\/lasentinelle.dz\/wp-content\/uploads\/2023\/04\/ghfg.png","articleSection":["Actualit\u00e9"],"inLanguage":"fr-FR","potentialAction":[{"@type":"CommentAction","name":"Comment","target":["https:\/\/lasentinelle.dz\/index.php\/2023\/04\/09\/proche-orient-les-chefs-du-hezbollah-et-du-hamas-se-tiennent-prets-face-a-lentite-sioniste\/#respond"]}]},{"@type":"WebPage","@id":"https:\/\/lasentinelle.dz\/index.php\/2023\/04\/09\/proche-orient-les-chefs-du-hezbollah-et-du-hamas-se-tiennent-prets-face-a-lentite-sioniste\/","url":"https:\/\/lasentinelle.dz\/index.php\/2023\/04\/09\/proche-orient-les-chefs-du-hezbollah-et-du-hamas-se-tiennent-prets-face-a-lentite-sioniste\/","name":"Proche-Orient\u00a0: Les chefs du Hezbollah et du Hamas se tiennent pr\u00eats face \u00e0 l\u2019entit\u00e9 sioniste - La Sentinelle","isPartOf":{"@id":"https:\/\/lasentinelle.dz\/#website"},"primaryImageOfPage":{"@id":"https:\/\/lasentinelle.dz\/index.php\/2023\/04\/09\/proche-orient-les-chefs-du-hezbollah-et-du-hamas-se-tiennent-prets-face-a-lentite-sioniste\/#primaryimage"},"image":{"@id":"https:\/\/lasentinelle.dz\/index.php\/2023\/04\/09\/proche-orient-les-chefs-du-hezbollah-et-du-hamas-se-tiennent-prets-face-a-lentite-sioniste\/#primaryimage"},"thumbnailUrl":"https:\/\/lasentinelle.dz\/wp-content\/uploads\/2023\/04\/ghfg.png","datePublished":"2023-04-09T21:05:00+00:00","breadcrumb":{"@id":"https:\/\/lasentinelle.dz\/index.php\/2023\/04\/09\/proche-orient-les-chefs-du-hezbollah-et-du-hamas-se-tiennent-prets-face-a-lentite-sioniste\/#breadcrumb"},"inLanguage":"fr-FR","potentialAction":[{"@type":"ReadAction","target":["https:\/\/lasentinelle.dz\/index.php\/2023\/04\/09\/proche-orient-les-chefs-du-hezbollah-et-du-hamas-se-tiennent-prets-face-a-lentite-sioniste\/"]}]},{"@type":"ImageObject","inLanguage":"fr-FR","@id":"https:\/\/lasentinelle.dz\/index.php\/2023\/04\/09\/proche-orient-les-chefs-du-hezbollah-et-du-hamas-se-tiennent-prets-face-a-lentite-sioniste\/#primaryimage","url":"https:\/\/lasentinelle.dz\/wp-content\/uploads\/2023\/04\/ghfg.png","contentUrl":"https:\/\/lasentinelle.dz\/wp-content\/uploads\/2023\/04\/ghfg.png","width":2075,"height":900},{"@type":"BreadcrumbList","@id":"https:\/\/lasentinelle.dz\/index.php\/2023\/04\/09\/proche-orient-les-chefs-du-hezbollah-et-du-hamas-se-tiennent-prets-face-a-lentite-sioniste\/#breadcrumb","itemListElement":[{"@type":"ListItem","position":1,"name":"Accueil","item":"https:\/\/lasentinelle.dz\/"},{"@type":"ListItem","position":2,"name":"Proche-Orient\u00a0: Les chefs du Hezbollah et du Hamas se tiennent pr\u00eats face \u00e0 l\u2019entit\u00e9 sioniste"}]},{"@type":"WebSite","@id":"https:\/\/lasentinelle.dz\/#website","url":"https:\/\/lasentinelle.dz\/","name":"La Sentinelle","description":"Quotidien national d&#039;information","publisher":{"@id":"https:\/\/lasentinelle.dz\/#organization"},"potentialAction":[{"@type":"SearchAction","target":{"@type":"EntryPoint","urlTemplate":"https:\/\/lasentinelle.dz\/?s={search_term_string}"},"query-input":{"@type":"PropertyValueSpecification","valueRequired":true,"valueName":"search_term_string"}}],"inLanguage":"fr-FR"},{"@type":"Organization","@id":"https:\/\/lasentinelle.dz\/#organization","name":"Quotidien La Sentinelle","url":"https:\/\/lasentinelle.dz\/","logo":{"@type":"ImageObject","inLanguage":"fr-FR","@id":"https:\/\/lasentinelle.dz\/#\/schema\/logo\/image\/","url":"https:\/\/lasentinelle.dz\/wp-content\/uploads\/2021\/09\/logo-sentinelleSLOGAN-1.png","contentUrl":"https:\/\/lasentinelle.dz\/wp-content\/uploads\/2021\/09\/logo-sentinelleSLOGAN-1.png","width":615,"height":142,"caption":"Quotidien La Sentinelle"},"image":{"@id":"https:\/\/lasentinelle.dz\/#\/schema\/logo\/image\/"},"sameAs":["https:\/\/www.facebook.com\/La-Sentinelle-104059864394773"]},{"@type":"Person","@id":"https:\/\/lasentinelle.dz\/#\/schema\/person\/d865044e22e70a75174ce8bcad3acfb3","name":"La Sentinelle","image":{"@type":"ImageObject","inLanguage":"fr-FR","@id":"https:\/\/secure.gravatar.com\/avatar\/57de8e5d4b15d43fb361a71fbb36338450fe67865b528a43dd10ef7c51a20392?s=96&d=mm&r=g","url":"https:\/\/secure.gravatar.com\/avatar\/57de8e5d4b15d43fb361a71fbb36338450fe67865b528a43dd10ef7c51a20392?s=96&d=mm&r=g","contentUrl":"https:\/\/secure.gravatar.com\/avatar\/57de8e5d4b15d43fb361a71fbb36338450fe67865b528a43dd10ef7c51a20392?s=96&d=mm&r=g","caption":"La Sentinelle"},"sameAs":["http:\/\/www.lasentinelle.dz"],"url":"https:\/\/lasentinelle.dz\/author\/redaction\/"}]}},"_links":{"self":[{"href":"https:\/\/lasentinelle.dz\/index.php\/wp-json\/wp\/v2\/posts\/39203","targetHints":{"allow":["GET"]}}],"collection":[{"href":"https:\/\/lasentinelle.dz\/index.php\/wp-json\/wp\/v2\/posts"}],"about":[{"href":"https:\/\/lasentinelle.dz\/index.php\/wp-json\/wp\/v2\/types\/post"}],"author":[{"embeddable":true,"href":"https:\/\/lasentinelle.dz\/index.php\/wp-json\/wp\/v2\/users\/3"}],"replies":[{"embeddable":true,"href":"https:\/\/lasentinelle.dz\/index.php\/wp-json\/wp\/v2\/comments?post=39203"}],"version-history":[{"count":1,"href":"https:\/\/lasentinelle.dz\/index.php\/wp-json\/wp\/v2\/posts\/39203\/revisions"}],"predecessor-version":[{"id":39211,"href":"https:\/\/lasentinelle.dz\/index.php\/wp-json\/wp\/v2\/posts\/39203\/revisions\/39211"}],"wp:featuredmedia":[{"embeddable":true,"href":"https:\/\/lasentinelle.dz\/index.php\/wp-json\/wp\/v2\/media\/39208"}],"wp:attachment":[{"href":"https:\/\/lasentinelle.dz\/index.php\/wp-json\/wp\/v2\/media?parent=39203"}],"wp:term":[{"taxonomy":"category","embeddable":true,"href":"https:\/\/lasentinelle.dz\/index.php\/wp-json\/wp\/v2\/categories?post=39203"},{"taxonomy":"post_tag","embeddable":true,"href":"https:\/\/lasentinelle.dz\/index.php\/wp-json\/wp\/v2\/tags?post=39203"}],"curies":[{"name":"wp","href":"https:\/\/api.w.org\/{rel}","templated":true}]}}