{"id":39225,"date":"2023-04-09T22:17:00","date_gmt":"2023-04-09T21:17:00","guid":{"rendered":"https:\/\/lasentinelle.dz\/?p=39225"},"modified":"2023-04-09T21:32:44","modified_gmt":"2023-04-09T20:32:44","slug":"lexecutif-fait-face-a-une-flambee-des-prix-des-produits-alimentaires-quelles-solutions","status":"publish","type":"post","link":"https:\/\/lasentinelle.dz\/index.php\/2023\/04\/09\/lexecutif-fait-face-a-une-flambee-des-prix-des-produits-alimentaires-quelles-solutions\/","title":{"rendered":"L\u2019Ex\u00e9cutif fait face \u00e0 une flamb\u00e9e des prix des produits alimentaires\u00a0: Quelles solutions\u00a0?"},"content":{"rendered":"\n<p>La hausse continue des prix des produits agricoles frais alimente l\u2019inflation. Pour y faire face et tenter de contenir le processus inflationniste le Gouvernement pr\u00e9voit une nouvelle salve de mesures pour limiter la hausse des prix des intrants \u00e0 la production, am\u00e9liorer l\u2019approvisionnement du march\u00e9 pour contrer les tensions et les p\u00e9nuries, et lutter contre les pratiques sp\u00e9culatives<\/p>\n\n\n\n<p>Les prix des produits agricoles frais ont atteint des niveaux in\u00e9dits ces derniers mois. Le dernier rapport de l\u2019OMS est plus qu\u2019\u00e9difiant. Les prix des produits agricoles ont augment\u00e9 de plus de 25% en une ann\u00e9e, ceux des viandes et des fruits ont bondi de plus de 45%. Pour faire face \u00e0 ce ph\u00e9nom\u00e8ne inflationniste in\u00e9dit, l\u2019Ex\u00e9cutif a annonc\u00e9 un plan anti-inflation destin\u00e9 \u00e0 contenir la hausse des prix et limiter l\u2019effet de la sp\u00e9culation, notamment durant le Ramadhan. C\u2019est ainsi que des mesures ont \u00e9t\u00e9 prises pour am\u00e9liorer l\u2019approvisionnement du march\u00e9 en produits de base \u00e0 l\u2019image de l\u2019huile de la semoule, et du lait et que des groupes publics \u00e0 l\u2019image de l\u2019Office national de l\u2019aliment de b\u00e9tail et de l\u2019Alg\u00e9rienne des viandes sont intervenus pour tenter de faire pression sur le march\u00e9 des viandes blanches et rouges et pousser les prix vers le bas.<\/p>\n\n\n\n<p>Des mesures qui n\u2019ont pas permis la r\u00e9surgence d\u2019autres crises d\u2019approvisionnement du march\u00e9 et une flamb\u00e9e des prix sur d\u2019autres segments, notamment en ce qui concerne les fruits et les l\u00e9gumes frais. Et si la banane se n\u00e9gocie actuellement \u00e0 plus de 700 DA le kilo, c\u2019est le l\u2019oignon dont le prix a d\u00e9pass\u00e9 les 300 DA qui est le plus anecdotique et qui devient le symbole de probl\u00e8mes structurels dans la gestion du march\u00e9.<\/p>\n\n\n\n<p><strong>3000 tonnes d\u2019oignons d\u00e9stock\u00e9es cette semaine<\/strong><\/p>\n\n\n\n<p>Plusieurs explications ont \u00e9t\u00e9 avanc\u00e9es pour justifier cette flamb\u00e9e, \u00e0 l\u2019image de l\u2019insuffisance de la production et du stockage, la r\u00e9ticence des agriculteurs \u00e0 planter le bulbe en raison des pertes essuy\u00e9es lors de la saison pr\u00e9c\u00e9dente, ou tout simplement la sp\u00e9culation. En tout d\u2019\u00e9tat de cause cette flamb\u00e9e risque d\u2019\u00eatre conjoncturelle. C\u2019est du moins de qu\u2019assure l\u2019Ex\u00e9cutif qui compte sur l\u2019arriv\u00e9e prochaine sur le march\u00e9 de la nouvelle production d\u2019oignon vert, en plus du d\u00e9stockage d\u2019importantes quantit\u00e9s d\u2019oignon&nbsp;!<\/p>\n\n\n\n<p>Dans ce sens, le directeur g\u00e9n\u00e9ral du contr\u00f4le \u00e9conomique et de la r\u00e9pression des fraudes au minist\u00e8re du Commerce et de la Promotion des exportations, Ahmed Mokrani a indiqu\u00e9 hier sur les ondes de la Cha\u00eene I de la Radio alg\u00e9rienne que 3.000 tonnes d\u2019oignons seront d\u00e9stock\u00e9es cette semaine, lequel pr\u00e9cise que l\u2019op\u00e9ration de d\u00e9stockage co\u00efncidera avec l\u2019entr\u00e9e sur le march\u00e9 de la r\u00e9colte de l\u2019oignon vert. Et d\u2019ajouter que tous les entrep\u00f4ts et chambres froides g\u00e9r\u00e9s par le minist\u00e8re du Commerce ont \u00e9t\u00e9 vid\u00e9s des diff\u00e9rents produits stock\u00e9s. \u00ab Au niveau central, nous disposons d\u2019une carte nationale de tous les produits d\u00e9stock\u00e9s p\u00e9riodiquement par ces entrep\u00f4ts, qui sont sous le contr\u00f4le du minist\u00e8re du Commerce \u00bb, a-t-il expliqu\u00e9, en ajoutant que \u00ab nous connaissons \u00e9galement les quantit\u00e9s en stock \u00bb. \u00c0 titre d\u2019exemple il cite le cas de l\u2019oignon ont \u00ab il reste 3000 tonnes au niveau des entrep\u00f4ts qui seront d\u00e9stock\u00e9es cette semaine \u00bb. \u00ab Nous pr\u00e9voyons baisse sensible des prix de ces produits \u00bb, a-t-il dit. Il rejettera cependant, la responsabilit\u00e9 sur le d\u00e9partement de l\u2019Agriculture en ce qui concerne la r\u00e9gulation des produits agricole duquel d\u00e9pend la gestion du syst\u00e8me de r\u00e9gulation des produits agricoles de large consommation (Syrpalac). Un syst\u00e8me qui devra \u00eatre revu, estime-t-il.<\/p>\n\n\n\n<p><strong>Desserrer la vis sur les importations<\/strong><\/p>\n\n\n\n<p>Au-del\u00e0 le minist\u00e8re du Commerce semble se pencher sur une s\u00e9rie de mesures destin\u00e9es \u00e0 am\u00e9liorer l\u2019approvisionnement du march\u00e9 en produits import\u00e9s afin de combler les d\u00e9ficits en production dans certains segments, sans pour autant ouvrir grandes les portes aux importations anarchiques. C\u2019est ainsi que le minist\u00e8re du Commerce a annonc\u00e9 vendredi la mise en place d\u2019un nouveau cahier des charges pour l\u2019importation de la banane afin de mettre fin \u00e0 l\u2019anarchie et couper l\u2019herbe sous les pieds des sp\u00e9culateurs. Le minist\u00e8re du Commerce a \u00e9galement lanc\u00e9 une op\u00e9ration pour traiter la question des marchandises en souffrances au niveau des ports et a\u00e9roports nationaux. Au-del\u00e0, il s\u2019agit de lever certaines contraintes et la situation de blocage qui vit le secteur du commerce ext\u00e9rieur. L\u2019on \u00e9voque ainsi la facilitation d\u00e8s aujourd\u2019hui de l\u2019octroi des documents relatifs des domiciliations bancaires pour les importations afin de faciliter les flux de marchandises, notamment pour ce qui est des intrants, bien rien d\u2019officiel n\u2019ait \u00e9t\u00e9 annonc\u00e9 \u00e0 ce propos.<\/p>\n\n\n\n<p>De son c\u00f4t\u00e9, le d\u00e9partement de l\u2019Agriculture qui travaille depuis quelques mois sur l\u2019assainissement de la fili\u00e8re viande, annonce des r\u00e9ductions sur les prix des intrants destin\u00e9s aux fili\u00e8res d\u2019\u00e9levage, notamment l\u2019aliment de b\u00e9tail. Ainsi donc le PDG d&rsquo;Onab Nutrition, Abdellah El Hadj Abdellah a indiqu\u00e9 hier dans une d\u00e9claration \u00e0 l\u2019APS que \u00ab&nbsp;a baisse des prix des aliments pour b\u00e9tails qui a concern\u00e9 toutes les fili\u00e8res (avicole, ovine et bovine) aura in\u00e9luctablement un impact sur le prix des viandes du fait que l&rsquo;aliment repr\u00e9sente en moyenne 70 % des charges de production animale&nbsp;\u00bb. Soulignant l&rsquo;importance de ces produits \u00ab\u00a0strat\u00e9giques\u00a0\u00bb, le m\u00eame responsable a affirm\u00e9 que la priorit\u00e9 majeure des pouvoirs publics \u00e9tait d&rsquo;assurer la disponibilit\u00e9 \u00ab\u00a0permanente\u00a0\u00bb de ces mati\u00e8res premi\u00e8res afin de couvrir r\u00e9guli\u00e8rement les besoins du march\u00e9 national en aliment de b\u00e9tail estim\u00e9 \u00e0 6 millions de tonnes. El hadj Abdellah a rappel\u00e9, dans ce sillage, la forte volatilit\u00e9 des cours des mati\u00e8res premi\u00e8res agricoles sur le march\u00e9 mondial apr\u00e8s la crise sanitaire du coronavirus. \u00ab\u00a0Les prix sont pass\u00e9s du simple au double \u00e0 partir de 2021, notamment le prix du soja qui a grimp\u00e9 \u00e0 670 dollars la tonne alors qu&rsquo;il n&rsquo;exc\u00e9dait pas les 345 dollars\/tonne avant la crise sanitaire\u00a0\u00bb, a-t-il fait constater. Quant aux perturbations observ\u00e9es parfois dans l&rsquo;approvisionnement en ces produits, il les a attribu\u00e9es aux \u00ab\u00a0importations irr\u00e9guli\u00e8res qui ne tiennent pas compte des besoins r\u00e9els du march\u00e9, d&rsquo;o\u00f9 l&rsquo;int\u00e9r\u00eat de renforcer le r\u00f4le de l&rsquo;Onab, en tant que r\u00e9gulateur de l&rsquo;Etat\u00a0\u00bb.<\/p>\n\n\n\n<p>\u00ab\u00a0Outre sa mission d&rsquo;importer de la mati\u00e8re premi\u00e8re en couvrant 50 % des besoins du march\u00e9 local, l&rsquo;Onab dispose de 21 usines de production de l&rsquo;aliment de b\u00e9tail r\u00e9parties \u00e0 travers le territoire national\u00a0\u00bb, a-t-il fait savoir.<\/p>\n\n\n\n<p><strong>Hocine Fadheli<\/strong><\/p>\n","protected":false},"excerpt":{"rendered":"<p>La hausse continue des prix des produits agricoles frais alimente l\u2019inflation. Pour y faire face et tenter de contenir le<\/p>\n","protected":false},"author":3,"featured_media":39228,"comment_status":"open","ping_status":"closed","sticky":false,"template":"","format":"standard","meta":{"colormag_page_container_layout":"default_layout","colormag_page_sidebar_layout":"default_layout","om_disable_all_campaigns":false,"_monsterinsights_skip_tracking":false,"_monsterinsights_sitenote_active":false,"_monsterinsights_sitenote_note":"","_monsterinsights_sitenote_category":0,"footnotes":"","_wpscppro_dont_share_socialmedia":false,"_wpscppro_custom_social_share_image":0,"_facebook_share_type":"","_twitter_share_type":"","_linkedin_share_type":"","_pinterest_share_type":"","_linkedin_share_type_page":"","_instagram_share_type":"","_medium_share_type":"","_threads_share_type":"","_google_business_share_type":"","_selected_social_profile":[],"_wpsp_enable_custom_social_template":false,"_wpsp_social_scheduling":{"enabled":false,"datetime":null,"platforms":[],"status":"template_only","dateOption":"today","timeOption":"now","customDays":"","customHours":"","customDate":"","customTime":"","schedulingType":"absolute"},"_wpsp_active_default_template":true},"categories":[52,27],"tags":[],"class_list":["post-39225","post","type-post","status-publish","format-standard","has-post-thumbnail","hentry","category-a-la-une","category-actualite"],"aioseo_notices":[],"yoast_head":"<!-- This site is optimized with the Yoast SEO plugin v27.5 - https:\/\/yoast.com\/product\/yoast-seo-wordpress\/ -->\n<title>L\u2019Ex\u00e9cutif fait face \u00e0 une flamb\u00e9e des prix des produits alimentaires\u00a0: Quelles solutions\u00a0? - La Sentinelle<\/title>\n<meta name=\"robots\" content=\"index, follow, max-snippet:-1, max-image-preview:large, max-video-preview:-1\" \/>\n<link rel=\"canonical\" href=\"https:\/\/lasentinelle.dz\/index.php\/2023\/04\/09\/lexecutif-fait-face-a-une-flambee-des-prix-des-produits-alimentaires-quelles-solutions\/\" \/>\n<meta property=\"og:locale\" content=\"fr_FR\" \/>\n<meta property=\"og:type\" content=\"article\" \/>\n<meta property=\"og:title\" content=\"L\u2019Ex\u00e9cutif fait face \u00e0 une flamb\u00e9e des prix des produits alimentaires\u00a0: Quelles solutions\u00a0? - La Sentinelle\" \/>\n<meta property=\"og:description\" content=\"La hausse continue des prix des produits agricoles frais alimente l\u2019inflation. Pour y faire face et tenter de contenir le\" \/>\n<meta property=\"og:url\" content=\"https:\/\/lasentinelle.dz\/index.php\/2023\/04\/09\/lexecutif-fait-face-a-une-flambee-des-prix-des-produits-alimentaires-quelles-solutions\/\" \/>\n<meta property=\"og:site_name\" content=\"La Sentinelle\" \/>\n<meta property=\"article:publisher\" content=\"https:\/\/www.facebook.com\/La-Sentinelle-104059864394773\" \/>\n<meta property=\"article:published_time\" content=\"2023-04-09T21:17:00+00:00\" \/>\n<meta property=\"og:image\" content=\"https:\/\/lasentinelle.dz\/wp-content\/uploads\/2023\/04\/mas-1024x681.png\" \/>\n\t<meta property=\"og:image:width\" content=\"1024\" \/>\n\t<meta property=\"og:image:height\" content=\"681\" \/>\n\t<meta property=\"og:image:type\" content=\"image\/png\" \/>\n<meta name=\"author\" content=\"La Sentinelle\" \/>\n<meta name=\"twitter:card\" content=\"summary_large_image\" \/>\n<meta name=\"twitter:label1\" content=\"\u00c9crit par\" \/>\n\t<meta name=\"twitter:data1\" content=\"La Sentinelle\" \/>\n\t<meta name=\"twitter:label2\" content=\"Dur\u00e9e de lecture estim\u00e9e\" \/>\n\t<meta name=\"twitter:data2\" content=\"6 minutes\" \/>\n<script type=\"application\/ld+json\" class=\"yoast-schema-graph\">{\"@context\":\"https:\\\/\\\/schema.org\",\"@graph\":[{\"@type\":\"Article\",\"@id\":\"https:\\\/\\\/lasentinelle.dz\\\/index.php\\\/2023\\\/04\\\/09\\\/lexecutif-fait-face-a-une-flambee-des-prix-des-produits-alimentaires-quelles-solutions\\\/#article\",\"isPartOf\":{\"@id\":\"https:\\\/\\\/lasentinelle.dz\\\/index.php\\\/2023\\\/04\\\/09\\\/lexecutif-fait-face-a-une-flambee-des-prix-des-produits-alimentaires-quelles-solutions\\\/\"},\"author\":{\"name\":\"La Sentinelle\",\"@id\":\"https:\\\/\\\/lasentinelle.dz\\\/#\\\/schema\\\/person\\\/d865044e22e70a75174ce8bcad3acfb3\"},\"headline\":\"L\u2019Ex\u00e9cutif fait face \u00e0 une flamb\u00e9e des prix des produits alimentaires\u00a0: Quelles solutions\u00a0?\",\"datePublished\":\"2023-04-09T21:17:00+00:00\",\"mainEntityOfPage\":{\"@id\":\"https:\\\/\\\/lasentinelle.dz\\\/index.php\\\/2023\\\/04\\\/09\\\/lexecutif-fait-face-a-une-flambee-des-prix-des-produits-alimentaires-quelles-solutions\\\/\"},\"wordCount\":1204,\"commentCount\":0,\"publisher\":{\"@id\":\"https:\\\/\\\/lasentinelle.dz\\\/#organization\"},\"image\":{\"@id\":\"https:\\\/\\\/lasentinelle.dz\\\/index.php\\\/2023\\\/04\\\/09\\\/lexecutif-fait-face-a-une-flambee-des-prix-des-produits-alimentaires-quelles-solutions\\\/#primaryimage\"},\"thumbnailUrl\":\"https:\\\/\\\/lasentinelle.dz\\\/wp-content\\\/uploads\\\/2023\\\/04\\\/mas.png\",\"articleSection\":[\"\u00c0 la Une\",\"Actualit\u00e9\"],\"inLanguage\":\"fr-FR\",\"potentialAction\":[{\"@type\":\"CommentAction\",\"name\":\"Comment\",\"target\":[\"https:\\\/\\\/lasentinelle.dz\\\/index.php\\\/2023\\\/04\\\/09\\\/lexecutif-fait-face-a-une-flambee-des-prix-des-produits-alimentaires-quelles-solutions\\\/#respond\"]}]},{\"@type\":\"WebPage\",\"@id\":\"https:\\\/\\\/lasentinelle.dz\\\/index.php\\\/2023\\\/04\\\/09\\\/lexecutif-fait-face-a-une-flambee-des-prix-des-produits-alimentaires-quelles-solutions\\\/\",\"url\":\"https:\\\/\\\/lasentinelle.dz\\\/index.php\\\/2023\\\/04\\\/09\\\/lexecutif-fait-face-a-une-flambee-des-prix-des-produits-alimentaires-quelles-solutions\\\/\",\"name\":\"L\u2019Ex\u00e9cutif fait face \u00e0 une flamb\u00e9e des prix des produits alimentaires\u00a0: Quelles solutions\u00a0? - La Sentinelle\",\"isPartOf\":{\"@id\":\"https:\\\/\\\/lasentinelle.dz\\\/#website\"},\"primaryImageOfPage\":{\"@id\":\"https:\\\/\\\/lasentinelle.dz\\\/index.php\\\/2023\\\/04\\\/09\\\/lexecutif-fait-face-a-une-flambee-des-prix-des-produits-alimentaires-quelles-solutions\\\/#primaryimage\"},\"image\":{\"@id\":\"https:\\\/\\\/lasentinelle.dz\\\/index.php\\\/2023\\\/04\\\/09\\\/lexecutif-fait-face-a-une-flambee-des-prix-des-produits-alimentaires-quelles-solutions\\\/#primaryimage\"},\"thumbnailUrl\":\"https:\\\/\\\/lasentinelle.dz\\\/wp-content\\\/uploads\\\/2023\\\/04\\\/mas.png\",\"datePublished\":\"2023-04-09T21:17:00+00:00\",\"breadcrumb\":{\"@id\":\"https:\\\/\\\/lasentinelle.dz\\\/index.php\\\/2023\\\/04\\\/09\\\/lexecutif-fait-face-a-une-flambee-des-prix-des-produits-alimentaires-quelles-solutions\\\/#breadcrumb\"},\"inLanguage\":\"fr-FR\",\"potentialAction\":[{\"@type\":\"ReadAction\",\"target\":[\"https:\\\/\\\/lasentinelle.dz\\\/index.php\\\/2023\\\/04\\\/09\\\/lexecutif-fait-face-a-une-flambee-des-prix-des-produits-alimentaires-quelles-solutions\\\/\"]}]},{\"@type\":\"ImageObject\",\"inLanguage\":\"fr-FR\",\"@id\":\"https:\\\/\\\/lasentinelle.dz\\\/index.php\\\/2023\\\/04\\\/09\\\/lexecutif-fait-face-a-une-flambee-des-prix-des-produits-alimentaires-quelles-solutions\\\/#primaryimage\",\"url\":\"https:\\\/\\\/lasentinelle.dz\\\/wp-content\\\/uploads\\\/2023\\\/04\\\/mas.png\",\"contentUrl\":\"https:\\\/\\\/lasentinelle.dz\\\/wp-content\\\/uploads\\\/2023\\\/04\\\/mas.png\",\"width\":1354,\"height\":900},{\"@type\":\"BreadcrumbList\",\"@id\":\"https:\\\/\\\/lasentinelle.dz\\\/index.php\\\/2023\\\/04\\\/09\\\/lexecutif-fait-face-a-une-flambee-des-prix-des-produits-alimentaires-quelles-solutions\\\/#breadcrumb\",\"itemListElement\":[{\"@type\":\"ListItem\",\"position\":1,\"name\":\"Accueil\",\"item\":\"https:\\\/\\\/lasentinelle.dz\\\/\"},{\"@type\":\"ListItem\",\"position\":2,\"name\":\"L\u2019Ex\u00e9cutif fait face \u00e0 une flamb\u00e9e des prix des produits alimentaires\u00a0: Quelles solutions\u00a0?\"}]},{\"@type\":\"WebSite\",\"@id\":\"https:\\\/\\\/lasentinelle.dz\\\/#website\",\"url\":\"https:\\\/\\\/lasentinelle.dz\\\/\",\"name\":\"La Sentinelle\",\"description\":\"Quotidien national d&#039;information\",\"publisher\":{\"@id\":\"https:\\\/\\\/lasentinelle.dz\\\/#organization\"},\"potentialAction\":[{\"@type\":\"SearchAction\",\"target\":{\"@type\":\"EntryPoint\",\"urlTemplate\":\"https:\\\/\\\/lasentinelle.dz\\\/?s={search_term_string}\"},\"query-input\":{\"@type\":\"PropertyValueSpecification\",\"valueRequired\":true,\"valueName\":\"search_term_string\"}}],\"inLanguage\":\"fr-FR\"},{\"@type\":\"Organization\",\"@id\":\"https:\\\/\\\/lasentinelle.dz\\\/#organization\",\"name\":\"Quotidien La Sentinelle\",\"url\":\"https:\\\/\\\/lasentinelle.dz\\\/\",\"logo\":{\"@type\":\"ImageObject\",\"inLanguage\":\"fr-FR\",\"@id\":\"https:\\\/\\\/lasentinelle.dz\\\/#\\\/schema\\\/logo\\\/image\\\/\",\"url\":\"https:\\\/\\\/lasentinelle.dz\\\/wp-content\\\/uploads\\\/2021\\\/09\\\/logo-sentinelleSLOGAN-1.png\",\"contentUrl\":\"https:\\\/\\\/lasentinelle.dz\\\/wp-content\\\/uploads\\\/2021\\\/09\\\/logo-sentinelleSLOGAN-1.png\",\"width\":615,\"height\":142,\"caption\":\"Quotidien La Sentinelle\"},\"image\":{\"@id\":\"https:\\\/\\\/lasentinelle.dz\\\/#\\\/schema\\\/logo\\\/image\\\/\"},\"sameAs\":[\"https:\\\/\\\/www.facebook.com\\\/La-Sentinelle-104059864394773\"]},{\"@type\":\"Person\",\"@id\":\"https:\\\/\\\/lasentinelle.dz\\\/#\\\/schema\\\/person\\\/d865044e22e70a75174ce8bcad3acfb3\",\"name\":\"La Sentinelle\",\"image\":{\"@type\":\"ImageObject\",\"inLanguage\":\"fr-FR\",\"@id\":\"https:\\\/\\\/secure.gravatar.com\\\/avatar\\\/57de8e5d4b15d43fb361a71fbb36338450fe67865b528a43dd10ef7c51a20392?s=96&d=mm&r=g\",\"url\":\"https:\\\/\\\/secure.gravatar.com\\\/avatar\\\/57de8e5d4b15d43fb361a71fbb36338450fe67865b528a43dd10ef7c51a20392?s=96&d=mm&r=g\",\"contentUrl\":\"https:\\\/\\\/secure.gravatar.com\\\/avatar\\\/57de8e5d4b15d43fb361a71fbb36338450fe67865b528a43dd10ef7c51a20392?s=96&d=mm&r=g\",\"caption\":\"La Sentinelle\"},\"sameAs\":[\"http:\\\/\\\/www.lasentinelle.dz\"],\"url\":\"https:\\\/\\\/lasentinelle.dz\\\/author\\\/redaction\\\/\"}]}<\/script>\n<!-- \/ Yoast SEO plugin. -->","yoast_head_json":{"title":"L\u2019Ex\u00e9cutif fait face \u00e0 une flamb\u00e9e des prix des produits alimentaires\u00a0: Quelles solutions\u00a0? - La Sentinelle","robots":{"index":"index","follow":"follow","max-snippet":"max-snippet:-1","max-image-preview":"max-image-preview:large","max-video-preview":"max-video-preview:-1"},"canonical":"https:\/\/lasentinelle.dz\/index.php\/2023\/04\/09\/lexecutif-fait-face-a-une-flambee-des-prix-des-produits-alimentaires-quelles-solutions\/","og_locale":"fr_FR","og_type":"article","og_title":"L\u2019Ex\u00e9cutif fait face \u00e0 une flamb\u00e9e des prix des produits alimentaires\u00a0: Quelles solutions\u00a0? - La Sentinelle","og_description":"La hausse continue des prix des produits agricoles frais alimente l\u2019inflation. Pour y faire face et tenter de contenir le","og_url":"https:\/\/lasentinelle.dz\/index.php\/2023\/04\/09\/lexecutif-fait-face-a-une-flambee-des-prix-des-produits-alimentaires-quelles-solutions\/","og_site_name":"La Sentinelle","article_publisher":"https:\/\/www.facebook.com\/La-Sentinelle-104059864394773","article_published_time":"2023-04-09T21:17:00+00:00","og_image":[{"width":1024,"height":681,"url":"https:\/\/lasentinelle.dz\/wp-content\/uploads\/2023\/04\/mas-1024x681.png","type":"image\/png"}],"author":"La Sentinelle","twitter_card":"summary_large_image","twitter_misc":{"\u00c9crit par":"La Sentinelle","Dur\u00e9e de lecture estim\u00e9e":"6 minutes"},"schema":{"@context":"https:\/\/schema.org","@graph":[{"@type":"Article","@id":"https:\/\/lasentinelle.dz\/index.php\/2023\/04\/09\/lexecutif-fait-face-a-une-flambee-des-prix-des-produits-alimentaires-quelles-solutions\/#article","isPartOf":{"@id":"https:\/\/lasentinelle.dz\/index.php\/2023\/04\/09\/lexecutif-fait-face-a-une-flambee-des-prix-des-produits-alimentaires-quelles-solutions\/"},"author":{"name":"La Sentinelle","@id":"https:\/\/lasentinelle.dz\/#\/schema\/person\/d865044e22e70a75174ce8bcad3acfb3"},"headline":"L\u2019Ex\u00e9cutif fait face \u00e0 une flamb\u00e9e des prix des produits alimentaires\u00a0: Quelles solutions\u00a0?","datePublished":"2023-04-09T21:17:00+00:00","mainEntityOfPage":{"@id":"https:\/\/lasentinelle.dz\/index.php\/2023\/04\/09\/lexecutif-fait-face-a-une-flambee-des-prix-des-produits-alimentaires-quelles-solutions\/"},"wordCount":1204,"commentCount":0,"publisher":{"@id":"https:\/\/lasentinelle.dz\/#organization"},"image":{"@id":"https:\/\/lasentinelle.dz\/index.php\/2023\/04\/09\/lexecutif-fait-face-a-une-flambee-des-prix-des-produits-alimentaires-quelles-solutions\/#primaryimage"},"thumbnailUrl":"https:\/\/lasentinelle.dz\/wp-content\/uploads\/2023\/04\/mas.png","articleSection":["\u00c0 la Une","Actualit\u00e9"],"inLanguage":"fr-FR","potentialAction":[{"@type":"CommentAction","name":"Comment","target":["https:\/\/lasentinelle.dz\/index.php\/2023\/04\/09\/lexecutif-fait-face-a-une-flambee-des-prix-des-produits-alimentaires-quelles-solutions\/#respond"]}]},{"@type":"WebPage","@id":"https:\/\/lasentinelle.dz\/index.php\/2023\/04\/09\/lexecutif-fait-face-a-une-flambee-des-prix-des-produits-alimentaires-quelles-solutions\/","url":"https:\/\/lasentinelle.dz\/index.php\/2023\/04\/09\/lexecutif-fait-face-a-une-flambee-des-prix-des-produits-alimentaires-quelles-solutions\/","name":"L\u2019Ex\u00e9cutif fait face \u00e0 une flamb\u00e9e des prix des produits alimentaires\u00a0: Quelles solutions\u00a0? - La Sentinelle","isPartOf":{"@id":"https:\/\/lasentinelle.dz\/#website"},"primaryImageOfPage":{"@id":"https:\/\/lasentinelle.dz\/index.php\/2023\/04\/09\/lexecutif-fait-face-a-une-flambee-des-prix-des-produits-alimentaires-quelles-solutions\/#primaryimage"},"image":{"@id":"https:\/\/lasentinelle.dz\/index.php\/2023\/04\/09\/lexecutif-fait-face-a-une-flambee-des-prix-des-produits-alimentaires-quelles-solutions\/#primaryimage"},"thumbnailUrl":"https:\/\/lasentinelle.dz\/wp-content\/uploads\/2023\/04\/mas.png","datePublished":"2023-04-09T21:17:00+00:00","breadcrumb":{"@id":"https:\/\/lasentinelle.dz\/index.php\/2023\/04\/09\/lexecutif-fait-face-a-une-flambee-des-prix-des-produits-alimentaires-quelles-solutions\/#breadcrumb"},"inLanguage":"fr-FR","potentialAction":[{"@type":"ReadAction","target":["https:\/\/lasentinelle.dz\/index.php\/2023\/04\/09\/lexecutif-fait-face-a-une-flambee-des-prix-des-produits-alimentaires-quelles-solutions\/"]}]},{"@type":"ImageObject","inLanguage":"fr-FR","@id":"https:\/\/lasentinelle.dz\/index.php\/2023\/04\/09\/lexecutif-fait-face-a-une-flambee-des-prix-des-produits-alimentaires-quelles-solutions\/#primaryimage","url":"https:\/\/lasentinelle.dz\/wp-content\/uploads\/2023\/04\/mas.png","contentUrl":"https:\/\/lasentinelle.dz\/wp-content\/uploads\/2023\/04\/mas.png","width":1354,"height":900},{"@type":"BreadcrumbList","@id":"https:\/\/lasentinelle.dz\/index.php\/2023\/04\/09\/lexecutif-fait-face-a-une-flambee-des-prix-des-produits-alimentaires-quelles-solutions\/#breadcrumb","itemListElement":[{"@type":"ListItem","position":1,"name":"Accueil","item":"https:\/\/lasentinelle.dz\/"},{"@type":"ListItem","position":2,"name":"L\u2019Ex\u00e9cutif fait face \u00e0 une flamb\u00e9e des prix des produits alimentaires\u00a0: Quelles solutions\u00a0?"}]},{"@type":"WebSite","@id":"https:\/\/lasentinelle.dz\/#website","url":"https:\/\/lasentinelle.dz\/","name":"La Sentinelle","description":"Quotidien national d&#039;information","publisher":{"@id":"https:\/\/lasentinelle.dz\/#organization"},"potentialAction":[{"@type":"SearchAction","target":{"@type":"EntryPoint","urlTemplate":"https:\/\/lasentinelle.dz\/?s={search_term_string}"},"query-input":{"@type":"PropertyValueSpecification","valueRequired":true,"valueName":"search_term_string"}}],"inLanguage":"fr-FR"},{"@type":"Organization","@id":"https:\/\/lasentinelle.dz\/#organization","name":"Quotidien La Sentinelle","url":"https:\/\/lasentinelle.dz\/","logo":{"@type":"ImageObject","inLanguage":"fr-FR","@id":"https:\/\/lasentinelle.dz\/#\/schema\/logo\/image\/","url":"https:\/\/lasentinelle.dz\/wp-content\/uploads\/2021\/09\/logo-sentinelleSLOGAN-1.png","contentUrl":"https:\/\/lasentinelle.dz\/wp-content\/uploads\/2021\/09\/logo-sentinelleSLOGAN-1.png","width":615,"height":142,"caption":"Quotidien La Sentinelle"},"image":{"@id":"https:\/\/lasentinelle.dz\/#\/schema\/logo\/image\/"},"sameAs":["https:\/\/www.facebook.com\/La-Sentinelle-104059864394773"]},{"@type":"Person","@id":"https:\/\/lasentinelle.dz\/#\/schema\/person\/d865044e22e70a75174ce8bcad3acfb3","name":"La Sentinelle","image":{"@type":"ImageObject","inLanguage":"fr-FR","@id":"https:\/\/secure.gravatar.com\/avatar\/57de8e5d4b15d43fb361a71fbb36338450fe67865b528a43dd10ef7c51a20392?s=96&d=mm&r=g","url":"https:\/\/secure.gravatar.com\/avatar\/57de8e5d4b15d43fb361a71fbb36338450fe67865b528a43dd10ef7c51a20392?s=96&d=mm&r=g","contentUrl":"https:\/\/secure.gravatar.com\/avatar\/57de8e5d4b15d43fb361a71fbb36338450fe67865b528a43dd10ef7c51a20392?s=96&d=mm&r=g","caption":"La Sentinelle"},"sameAs":["http:\/\/www.lasentinelle.dz"],"url":"https:\/\/lasentinelle.dz\/author\/redaction\/"}]}},"_links":{"self":[{"href":"https:\/\/lasentinelle.dz\/index.php\/wp-json\/wp\/v2\/posts\/39225","targetHints":{"allow":["GET"]}}],"collection":[{"href":"https:\/\/lasentinelle.dz\/index.php\/wp-json\/wp\/v2\/posts"}],"about":[{"href":"https:\/\/lasentinelle.dz\/index.php\/wp-json\/wp\/v2\/types\/post"}],"author":[{"embeddable":true,"href":"https:\/\/lasentinelle.dz\/index.php\/wp-json\/wp\/v2\/users\/3"}],"replies":[{"embeddable":true,"href":"https:\/\/lasentinelle.dz\/index.php\/wp-json\/wp\/v2\/comments?post=39225"}],"version-history":[{"count":1,"href":"https:\/\/lasentinelle.dz\/index.php\/wp-json\/wp\/v2\/posts\/39225\/revisions"}],"predecessor-version":[{"id":39229,"href":"https:\/\/lasentinelle.dz\/index.php\/wp-json\/wp\/v2\/posts\/39225\/revisions\/39229"}],"wp:featuredmedia":[{"embeddable":true,"href":"https:\/\/lasentinelle.dz\/index.php\/wp-json\/wp\/v2\/media\/39228"}],"wp:attachment":[{"href":"https:\/\/lasentinelle.dz\/index.php\/wp-json\/wp\/v2\/media?parent=39225"}],"wp:term":[{"taxonomy":"category","embeddable":true,"href":"https:\/\/lasentinelle.dz\/index.php\/wp-json\/wp\/v2\/categories?post=39225"},{"taxonomy":"post_tag","embeddable":true,"href":"https:\/\/lasentinelle.dz\/index.php\/wp-json\/wp\/v2\/tags?post=39225"}],"curies":[{"name":"wp","href":"https:\/\/api.w.org\/{rel}","templated":true}]}}