{"id":39281,"date":"2023-04-10T22:05:00","date_gmt":"2023-04-10T21:05:00","guid":{"rendered":"https:\/\/lasentinelle.dz\/?p=39281"},"modified":"2023-04-10T21:51:20","modified_gmt":"2023-04-10T20:51:20","slug":"cerealiculture-lirrigation-pour-contrer-les-effets-de-la-secheresse","status":"publish","type":"post","link":"https:\/\/lasentinelle.dz\/index.php\/2023\/04\/10\/cerealiculture-lirrigation-pour-contrer-les-effets-de-la-secheresse\/","title":{"rendered":"C\u00e9r\u00e9aliculture\u00a0: L\u2019irrigation pour contrer les effets de la s\u00e9cheresse"},"content":{"rendered":"\n<p>Le d\u00e9veloppement de la C\u00e9r\u00e9aliculture est l\u2019un des axes prioritaires de la feuille de route du d\u00e9partement de l\u2019agriculture. Bien que la fili\u00e8re ait enregistr\u00e9 une \u00e9volution notable de la production lors de la saison 2021-2022, la s\u00e9cheresse qui affecte actuellement le pays risque de porter un coup \u00e0 la dynamique qui emprunt le secteur. C\u2019est dans ce contexte que le d\u00e9partement de Mohamed Abdelhafid Henni compte sur le d\u00e9ploiement de l\u2019irrigation pour faire face au stress hydrique et ses cons\u00e9quences sur les rendements dans la c\u00e9r\u00e9aliculture. C\u2019est dans ce sens que le minist\u00e8re de l&rsquo;Agriculture et du D\u00e9veloppement rural a annonc\u00e9 hier le lancement d\u00e8s dimanche, l&rsquo;op\u00e9ration de contr\u00f4le du programme national d&rsquo;irrigation compl\u00e9mentaire des c\u00e9r\u00e9ales \u00e0 travers les wilayas concern\u00e9es. \u00ab\u00a0Dans le cadre du suivi du programme d&rsquo;irrigation compl\u00e9mentaire des c\u00e9r\u00e9ales saison 2022\/2023, le minist\u00e8re de l&rsquo;Agriculture et du D\u00e9veloppement rural proc\u00e8dera, \u00e0 partir de dimanche, au lancement de l&rsquo;op\u00e9ration de contr\u00f4le de ce programme \u00e0 travers les wilayas concern\u00e9es, sous la supervision de l&rsquo;inspection g\u00e9n\u00e9rale du minist\u00e8re\u00a0\u00bb, a pr\u00e9cis\u00e9 le communiqu\u00e9. \u00ab\u00a0A cet effet, des \u00e9quipes seront d\u00e9p\u00each\u00e9es pour le constat et la localisation des zones ainsi que pour l&rsquo;\u00e9valuation pr\u00e9liminaire de la production, compte tenu de l&rsquo;importance de cette op\u00e9ration en termes de production de c\u00e9r\u00e9ales pour les r\u00e9gions du nord du pays\u00a0\u00bb, a ajout\u00e9 la m\u00eame source. Cette op\u00e9ration a \u00e9t\u00e9 examin\u00e9e lors d&rsquo;une r\u00e9union de coordination tenue, dimanche au si\u00e8ge du minist\u00e8re, sous la pr\u00e9sidence du ministre de l&rsquo;Agriculture et du D\u00e9veloppement rural, Mohamed Abdelhafid Henni, en pr\u00e9sence de responsables et chefs d&rsquo;entreprises ainsi que des pr\u00e9sidents d&rsquo;offices relevant du secteur, rappelle-t-on. La r\u00e9union de coordination a permis d'\u00a0\u00bbexaminer les principaux dossiers du secteur notamment le bilan pr\u00e9liminaire des mesures relatives au mois sacr\u00e9 de Ramadhan\u00a0\u00bb, a conclu le communiqu\u00e9.<\/p>\n\n\n\n<p>La production de c\u00e9r\u00e9ales a d\u00e9pass\u00e9 les 41 millions de quintaux en 2022 contre 27,6 millions de quintaux en 2021. Le Gouvernement rel\u00e8ve que les pr\u00e9visions de productions pour 2025 sont de l\u2019ordre de 55 millions quintaux et une superficie de 3,75 millions ha, est-il pr\u00e9cis\u00e9. Actuellement, la superficie globale r\u00e9serv\u00e9e \u00e0 la culture c\u00e9r\u00e9ali\u00e8re est estim\u00e9e \u00e0 2,9 millions.<\/p>\n\n\n\n<p><strong>Hocine Fadheli<\/strong><\/p>\n","protected":false},"excerpt":{"rendered":"<p>Le d\u00e9veloppement de la C\u00e9r\u00e9aliculture est l\u2019un des axes prioritaires de la feuille de route du d\u00e9partement de l\u2019agriculture. Bien<\/p>\n","protected":false},"author":3,"featured_media":3697,"comment_status":"open","ping_status":"closed","sticky":false,"template":"","format":"standard","meta":{"colormag_page_container_layout":"default_layout","colormag_page_sidebar_layout":"default_layout","om_disable_all_campaigns":false,"_monsterinsights_skip_tracking":false,"_monsterinsights_sitenote_active":false,"_monsterinsights_sitenote_note":"","_monsterinsights_sitenote_category":0,"footnotes":"","_wpscppro_dont_share_socialmedia":false,"_wpscppro_custom_social_share_image":0,"_facebook_share_type":"","_twitter_share_type":"","_linkedin_share_type":"","_pinterest_share_type":"","_linkedin_share_type_page":"","_instagram_share_type":"","_medium_share_type":"","_threads_share_type":"","_google_business_share_type":"","_selected_social_profile":[],"_wpsp_enable_custom_social_template":false,"_wpsp_social_scheduling":{"enabled":false,"datetime":null,"platforms":[],"status":"template_only","dateOption":"today","timeOption":"now","customDays":"","customHours":"","customDate":"","customTime":"","schedulingType":"absolute"},"_wpsp_active_default_template":true},"categories":[29],"tags":[],"class_list":["post-39281","post","type-post","status-publish","format-standard","has-post-thumbnail","hentry","category-economie"],"aioseo_notices":[],"yoast_head":"<!-- This site is optimized with the Yoast SEO plugin v27.5 - https:\/\/yoast.com\/product\/yoast-seo-wordpress\/ -->\n<title>C\u00e9r\u00e9aliculture\u00a0: L\u2019irrigation pour contrer les effets de la s\u00e9cheresse - La Sentinelle<\/title>\n<meta name=\"robots\" content=\"index, follow, max-snippet:-1, max-image-preview:large, max-video-preview:-1\" \/>\n<link rel=\"canonical\" href=\"https:\/\/lasentinelle.dz\/index.php\/2023\/04\/10\/cerealiculture-lirrigation-pour-contrer-les-effets-de-la-secheresse\/\" \/>\n<meta property=\"og:locale\" content=\"fr_FR\" \/>\n<meta property=\"og:type\" content=\"article\" \/>\n<meta property=\"og:title\" content=\"C\u00e9r\u00e9aliculture\u00a0: L\u2019irrigation pour contrer les effets de la s\u00e9cheresse - La Sentinelle\" \/>\n<meta property=\"og:description\" content=\"Le d\u00e9veloppement de la C\u00e9r\u00e9aliculture est l\u2019un des axes prioritaires de la feuille de route du d\u00e9partement de l\u2019agriculture. Bien\" \/>\n<meta property=\"og:url\" content=\"https:\/\/lasentinelle.dz\/index.php\/2023\/04\/10\/cerealiculture-lirrigation-pour-contrer-les-effets-de-la-secheresse\/\" \/>\n<meta property=\"og:site_name\" content=\"La Sentinelle\" \/>\n<meta property=\"article:publisher\" content=\"https:\/\/www.facebook.com\/La-Sentinelle-104059864394773\" \/>\n<meta property=\"article:published_time\" content=\"2023-04-10T21:05:00+00:00\" \/>\n<meta property=\"og:image\" content=\"https:\/\/lasentinelle.dz\/wp-content\/uploads\/2021\/08\/cerealiculture-1024x680.png\" \/>\n\t<meta property=\"og:image:width\" content=\"1024\" \/>\n\t<meta property=\"og:image:height\" content=\"680\" \/>\n\t<meta property=\"og:image:type\" content=\"image\/png\" \/>\n<meta name=\"author\" content=\"La Sentinelle\" \/>\n<meta name=\"twitter:card\" content=\"summary_large_image\" \/>\n<meta name=\"twitter:label1\" content=\"\u00c9crit par\" \/>\n\t<meta name=\"twitter:data1\" content=\"La Sentinelle\" \/>\n\t<meta name=\"twitter:label2\" content=\"Dur\u00e9e de lecture estim\u00e9e\" \/>\n\t<meta name=\"twitter:data2\" content=\"2 minutes\" \/>\n<script type=\"application\/ld+json\" class=\"yoast-schema-graph\">{\"@context\":\"https:\\\/\\\/schema.org\",\"@graph\":[{\"@type\":\"Article\",\"@id\":\"https:\\\/\\\/lasentinelle.dz\\\/index.php\\\/2023\\\/04\\\/10\\\/cerealiculture-lirrigation-pour-contrer-les-effets-de-la-secheresse\\\/#article\",\"isPartOf\":{\"@id\":\"https:\\\/\\\/lasentinelle.dz\\\/index.php\\\/2023\\\/04\\\/10\\\/cerealiculture-lirrigation-pour-contrer-les-effets-de-la-secheresse\\\/\"},\"author\":{\"name\":\"La Sentinelle\",\"@id\":\"https:\\\/\\\/lasentinelle.dz\\\/#\\\/schema\\\/person\\\/d865044e22e70a75174ce8bcad3acfb3\"},\"headline\":\"C\u00e9r\u00e9aliculture\u00a0: L\u2019irrigation pour contrer les effets de la s\u00e9cheresse\",\"datePublished\":\"2023-04-10T21:05:00+00:00\",\"mainEntityOfPage\":{\"@id\":\"https:\\\/\\\/lasentinelle.dz\\\/index.php\\\/2023\\\/04\\\/10\\\/cerealiculture-lirrigation-pour-contrer-les-effets-de-la-secheresse\\\/\"},\"wordCount\":441,\"commentCount\":0,\"publisher\":{\"@id\":\"https:\\\/\\\/lasentinelle.dz\\\/#organization\"},\"image\":{\"@id\":\"https:\\\/\\\/lasentinelle.dz\\\/index.php\\\/2023\\\/04\\\/10\\\/cerealiculture-lirrigation-pour-contrer-les-effets-de-la-secheresse\\\/#primaryimage\"},\"thumbnailUrl\":\"https:\\\/\\\/lasentinelle.dz\\\/wp-content\\\/uploads\\\/2021\\\/08\\\/cerealiculture.png\",\"articleSection\":[\"\u00c9conomie\"],\"inLanguage\":\"fr-FR\",\"potentialAction\":[{\"@type\":\"CommentAction\",\"name\":\"Comment\",\"target\":[\"https:\\\/\\\/lasentinelle.dz\\\/index.php\\\/2023\\\/04\\\/10\\\/cerealiculture-lirrigation-pour-contrer-les-effets-de-la-secheresse\\\/#respond\"]}]},{\"@type\":\"WebPage\",\"@id\":\"https:\\\/\\\/lasentinelle.dz\\\/index.php\\\/2023\\\/04\\\/10\\\/cerealiculture-lirrigation-pour-contrer-les-effets-de-la-secheresse\\\/\",\"url\":\"https:\\\/\\\/lasentinelle.dz\\\/index.php\\\/2023\\\/04\\\/10\\\/cerealiculture-lirrigation-pour-contrer-les-effets-de-la-secheresse\\\/\",\"name\":\"C\u00e9r\u00e9aliculture\u00a0: L\u2019irrigation pour contrer les effets de la s\u00e9cheresse - La Sentinelle\",\"isPartOf\":{\"@id\":\"https:\\\/\\\/lasentinelle.dz\\\/#website\"},\"primaryImageOfPage\":{\"@id\":\"https:\\\/\\\/lasentinelle.dz\\\/index.php\\\/2023\\\/04\\\/10\\\/cerealiculture-lirrigation-pour-contrer-les-effets-de-la-secheresse\\\/#primaryimage\"},\"image\":{\"@id\":\"https:\\\/\\\/lasentinelle.dz\\\/index.php\\\/2023\\\/04\\\/10\\\/cerealiculture-lirrigation-pour-contrer-les-effets-de-la-secheresse\\\/#primaryimage\"},\"thumbnailUrl\":\"https:\\\/\\\/lasentinelle.dz\\\/wp-content\\\/uploads\\\/2021\\\/08\\\/cerealiculture.png\",\"datePublished\":\"2023-04-10T21:05:00+00:00\",\"breadcrumb\":{\"@id\":\"https:\\\/\\\/lasentinelle.dz\\\/index.php\\\/2023\\\/04\\\/10\\\/cerealiculture-lirrigation-pour-contrer-les-effets-de-la-secheresse\\\/#breadcrumb\"},\"inLanguage\":\"fr-FR\",\"potentialAction\":[{\"@type\":\"ReadAction\",\"target\":[\"https:\\\/\\\/lasentinelle.dz\\\/index.php\\\/2023\\\/04\\\/10\\\/cerealiculture-lirrigation-pour-contrer-les-effets-de-la-secheresse\\\/\"]}]},{\"@type\":\"ImageObject\",\"inLanguage\":\"fr-FR\",\"@id\":\"https:\\\/\\\/lasentinelle.dz\\\/index.php\\\/2023\\\/04\\\/10\\\/cerealiculture-lirrigation-pour-contrer-les-effets-de-la-secheresse\\\/#primaryimage\",\"url\":\"https:\\\/\\\/lasentinelle.dz\\\/wp-content\\\/uploads\\\/2021\\\/08\\\/cerealiculture.png\",\"contentUrl\":\"https:\\\/\\\/lasentinelle.dz\\\/wp-content\\\/uploads\\\/2021\\\/08\\\/cerealiculture.png\",\"width\":1355,\"height\":900},{\"@type\":\"BreadcrumbList\",\"@id\":\"https:\\\/\\\/lasentinelle.dz\\\/index.php\\\/2023\\\/04\\\/10\\\/cerealiculture-lirrigation-pour-contrer-les-effets-de-la-secheresse\\\/#breadcrumb\",\"itemListElement\":[{\"@type\":\"ListItem\",\"position\":1,\"name\":\"Accueil\",\"item\":\"https:\\\/\\\/lasentinelle.dz\\\/\"},{\"@type\":\"ListItem\",\"position\":2,\"name\":\"C\u00e9r\u00e9aliculture\u00a0: L\u2019irrigation pour contrer les effets de la s\u00e9cheresse\"}]},{\"@type\":\"WebSite\",\"@id\":\"https:\\\/\\\/lasentinelle.dz\\\/#website\",\"url\":\"https:\\\/\\\/lasentinelle.dz\\\/\",\"name\":\"La Sentinelle\",\"description\":\"Quotidien national d&#039;information\",\"publisher\":{\"@id\":\"https:\\\/\\\/lasentinelle.dz\\\/#organization\"},\"potentialAction\":[{\"@type\":\"SearchAction\",\"target\":{\"@type\":\"EntryPoint\",\"urlTemplate\":\"https:\\\/\\\/lasentinelle.dz\\\/?s={search_term_string}\"},\"query-input\":{\"@type\":\"PropertyValueSpecification\",\"valueRequired\":true,\"valueName\":\"search_term_string\"}}],\"inLanguage\":\"fr-FR\"},{\"@type\":\"Organization\",\"@id\":\"https:\\\/\\\/lasentinelle.dz\\\/#organization\",\"name\":\"Quotidien La Sentinelle\",\"url\":\"https:\\\/\\\/lasentinelle.dz\\\/\",\"logo\":{\"@type\":\"ImageObject\",\"inLanguage\":\"fr-FR\",\"@id\":\"https:\\\/\\\/lasentinelle.dz\\\/#\\\/schema\\\/logo\\\/image\\\/\",\"url\":\"https:\\\/\\\/lasentinelle.dz\\\/wp-content\\\/uploads\\\/2021\\\/09\\\/logo-sentinelleSLOGAN-1.png\",\"contentUrl\":\"https:\\\/\\\/lasentinelle.dz\\\/wp-content\\\/uploads\\\/2021\\\/09\\\/logo-sentinelleSLOGAN-1.png\",\"width\":615,\"height\":142,\"caption\":\"Quotidien La Sentinelle\"},\"image\":{\"@id\":\"https:\\\/\\\/lasentinelle.dz\\\/#\\\/schema\\\/logo\\\/image\\\/\"},\"sameAs\":[\"https:\\\/\\\/www.facebook.com\\\/La-Sentinelle-104059864394773\"]},{\"@type\":\"Person\",\"@id\":\"https:\\\/\\\/lasentinelle.dz\\\/#\\\/schema\\\/person\\\/d865044e22e70a75174ce8bcad3acfb3\",\"name\":\"La Sentinelle\",\"image\":{\"@type\":\"ImageObject\",\"inLanguage\":\"fr-FR\",\"@id\":\"https:\\\/\\\/secure.gravatar.com\\\/avatar\\\/57de8e5d4b15d43fb361a71fbb36338450fe67865b528a43dd10ef7c51a20392?s=96&d=mm&r=g\",\"url\":\"https:\\\/\\\/secure.gravatar.com\\\/avatar\\\/57de8e5d4b15d43fb361a71fbb36338450fe67865b528a43dd10ef7c51a20392?s=96&d=mm&r=g\",\"contentUrl\":\"https:\\\/\\\/secure.gravatar.com\\\/avatar\\\/57de8e5d4b15d43fb361a71fbb36338450fe67865b528a43dd10ef7c51a20392?s=96&d=mm&r=g\",\"caption\":\"La Sentinelle\"},\"sameAs\":[\"http:\\\/\\\/www.lasentinelle.dz\"],\"url\":\"https:\\\/\\\/lasentinelle.dz\\\/author\\\/redaction\\\/\"}]}<\/script>\n<!-- \/ Yoast SEO plugin. -->","yoast_head_json":{"title":"C\u00e9r\u00e9aliculture\u00a0: L\u2019irrigation pour contrer les effets de la s\u00e9cheresse - La Sentinelle","robots":{"index":"index","follow":"follow","max-snippet":"max-snippet:-1","max-image-preview":"max-image-preview:large","max-video-preview":"max-video-preview:-1"},"canonical":"https:\/\/lasentinelle.dz\/index.php\/2023\/04\/10\/cerealiculture-lirrigation-pour-contrer-les-effets-de-la-secheresse\/","og_locale":"fr_FR","og_type":"article","og_title":"C\u00e9r\u00e9aliculture\u00a0: L\u2019irrigation pour contrer les effets de la s\u00e9cheresse - La Sentinelle","og_description":"Le d\u00e9veloppement de la C\u00e9r\u00e9aliculture est l\u2019un des axes prioritaires de la feuille de route du d\u00e9partement de l\u2019agriculture. Bien","og_url":"https:\/\/lasentinelle.dz\/index.php\/2023\/04\/10\/cerealiculture-lirrigation-pour-contrer-les-effets-de-la-secheresse\/","og_site_name":"La Sentinelle","article_publisher":"https:\/\/www.facebook.com\/La-Sentinelle-104059864394773","article_published_time":"2023-04-10T21:05:00+00:00","og_image":[{"width":1024,"height":680,"url":"https:\/\/lasentinelle.dz\/wp-content\/uploads\/2021\/08\/cerealiculture-1024x680.png","type":"image\/png"}],"author":"La Sentinelle","twitter_card":"summary_large_image","twitter_misc":{"\u00c9crit par":"La Sentinelle","Dur\u00e9e de lecture estim\u00e9e":"2 minutes"},"schema":{"@context":"https:\/\/schema.org","@graph":[{"@type":"Article","@id":"https:\/\/lasentinelle.dz\/index.php\/2023\/04\/10\/cerealiculture-lirrigation-pour-contrer-les-effets-de-la-secheresse\/#article","isPartOf":{"@id":"https:\/\/lasentinelle.dz\/index.php\/2023\/04\/10\/cerealiculture-lirrigation-pour-contrer-les-effets-de-la-secheresse\/"},"author":{"name":"La Sentinelle","@id":"https:\/\/lasentinelle.dz\/#\/schema\/person\/d865044e22e70a75174ce8bcad3acfb3"},"headline":"C\u00e9r\u00e9aliculture\u00a0: L\u2019irrigation pour contrer les effets de la s\u00e9cheresse","datePublished":"2023-04-10T21:05:00+00:00","mainEntityOfPage":{"@id":"https:\/\/lasentinelle.dz\/index.php\/2023\/04\/10\/cerealiculture-lirrigation-pour-contrer-les-effets-de-la-secheresse\/"},"wordCount":441,"commentCount":0,"publisher":{"@id":"https:\/\/lasentinelle.dz\/#organization"},"image":{"@id":"https:\/\/lasentinelle.dz\/index.php\/2023\/04\/10\/cerealiculture-lirrigation-pour-contrer-les-effets-de-la-secheresse\/#primaryimage"},"thumbnailUrl":"https:\/\/lasentinelle.dz\/wp-content\/uploads\/2021\/08\/cerealiculture.png","articleSection":["\u00c9conomie"],"inLanguage":"fr-FR","potentialAction":[{"@type":"CommentAction","name":"Comment","target":["https:\/\/lasentinelle.dz\/index.php\/2023\/04\/10\/cerealiculture-lirrigation-pour-contrer-les-effets-de-la-secheresse\/#respond"]}]},{"@type":"WebPage","@id":"https:\/\/lasentinelle.dz\/index.php\/2023\/04\/10\/cerealiculture-lirrigation-pour-contrer-les-effets-de-la-secheresse\/","url":"https:\/\/lasentinelle.dz\/index.php\/2023\/04\/10\/cerealiculture-lirrigation-pour-contrer-les-effets-de-la-secheresse\/","name":"C\u00e9r\u00e9aliculture\u00a0: L\u2019irrigation pour contrer les effets de la s\u00e9cheresse - La Sentinelle","isPartOf":{"@id":"https:\/\/lasentinelle.dz\/#website"},"primaryImageOfPage":{"@id":"https:\/\/lasentinelle.dz\/index.php\/2023\/04\/10\/cerealiculture-lirrigation-pour-contrer-les-effets-de-la-secheresse\/#primaryimage"},"image":{"@id":"https:\/\/lasentinelle.dz\/index.php\/2023\/04\/10\/cerealiculture-lirrigation-pour-contrer-les-effets-de-la-secheresse\/#primaryimage"},"thumbnailUrl":"https:\/\/lasentinelle.dz\/wp-content\/uploads\/2021\/08\/cerealiculture.png","datePublished":"2023-04-10T21:05:00+00:00","breadcrumb":{"@id":"https:\/\/lasentinelle.dz\/index.php\/2023\/04\/10\/cerealiculture-lirrigation-pour-contrer-les-effets-de-la-secheresse\/#breadcrumb"},"inLanguage":"fr-FR","potentialAction":[{"@type":"ReadAction","target":["https:\/\/lasentinelle.dz\/index.php\/2023\/04\/10\/cerealiculture-lirrigation-pour-contrer-les-effets-de-la-secheresse\/"]}]},{"@type":"ImageObject","inLanguage":"fr-FR","@id":"https:\/\/lasentinelle.dz\/index.php\/2023\/04\/10\/cerealiculture-lirrigation-pour-contrer-les-effets-de-la-secheresse\/#primaryimage","url":"https:\/\/lasentinelle.dz\/wp-content\/uploads\/2021\/08\/cerealiculture.png","contentUrl":"https:\/\/lasentinelle.dz\/wp-content\/uploads\/2021\/08\/cerealiculture.png","width":1355,"height":900},{"@type":"BreadcrumbList","@id":"https:\/\/lasentinelle.dz\/index.php\/2023\/04\/10\/cerealiculture-lirrigation-pour-contrer-les-effets-de-la-secheresse\/#breadcrumb","itemListElement":[{"@type":"ListItem","position":1,"name":"Accueil","item":"https:\/\/lasentinelle.dz\/"},{"@type":"ListItem","position":2,"name":"C\u00e9r\u00e9aliculture\u00a0: L\u2019irrigation pour contrer les effets de la s\u00e9cheresse"}]},{"@type":"WebSite","@id":"https:\/\/lasentinelle.dz\/#website","url":"https:\/\/lasentinelle.dz\/","name":"La Sentinelle","description":"Quotidien national d&#039;information","publisher":{"@id":"https:\/\/lasentinelle.dz\/#organization"},"potentialAction":[{"@type":"SearchAction","target":{"@type":"EntryPoint","urlTemplate":"https:\/\/lasentinelle.dz\/?s={search_term_string}"},"query-input":{"@type":"PropertyValueSpecification","valueRequired":true,"valueName":"search_term_string"}}],"inLanguage":"fr-FR"},{"@type":"Organization","@id":"https:\/\/lasentinelle.dz\/#organization","name":"Quotidien La Sentinelle","url":"https:\/\/lasentinelle.dz\/","logo":{"@type":"ImageObject","inLanguage":"fr-FR","@id":"https:\/\/lasentinelle.dz\/#\/schema\/logo\/image\/","url":"https:\/\/lasentinelle.dz\/wp-content\/uploads\/2021\/09\/logo-sentinelleSLOGAN-1.png","contentUrl":"https:\/\/lasentinelle.dz\/wp-content\/uploads\/2021\/09\/logo-sentinelleSLOGAN-1.png","width":615,"height":142,"caption":"Quotidien La Sentinelle"},"image":{"@id":"https:\/\/lasentinelle.dz\/#\/schema\/logo\/image\/"},"sameAs":["https:\/\/www.facebook.com\/La-Sentinelle-104059864394773"]},{"@type":"Person","@id":"https:\/\/lasentinelle.dz\/#\/schema\/person\/d865044e22e70a75174ce8bcad3acfb3","name":"La Sentinelle","image":{"@type":"ImageObject","inLanguage":"fr-FR","@id":"https:\/\/secure.gravatar.com\/avatar\/57de8e5d4b15d43fb361a71fbb36338450fe67865b528a43dd10ef7c51a20392?s=96&d=mm&r=g","url":"https:\/\/secure.gravatar.com\/avatar\/57de8e5d4b15d43fb361a71fbb36338450fe67865b528a43dd10ef7c51a20392?s=96&d=mm&r=g","contentUrl":"https:\/\/secure.gravatar.com\/avatar\/57de8e5d4b15d43fb361a71fbb36338450fe67865b528a43dd10ef7c51a20392?s=96&d=mm&r=g","caption":"La Sentinelle"},"sameAs":["http:\/\/www.lasentinelle.dz"],"url":"https:\/\/lasentinelle.dz\/author\/redaction\/"}]}},"_links":{"self":[{"href":"https:\/\/lasentinelle.dz\/index.php\/wp-json\/wp\/v2\/posts\/39281","targetHints":{"allow":["GET"]}}],"collection":[{"href":"https:\/\/lasentinelle.dz\/index.php\/wp-json\/wp\/v2\/posts"}],"about":[{"href":"https:\/\/lasentinelle.dz\/index.php\/wp-json\/wp\/v2\/types\/post"}],"author":[{"embeddable":true,"href":"https:\/\/lasentinelle.dz\/index.php\/wp-json\/wp\/v2\/users\/3"}],"replies":[{"embeddable":true,"href":"https:\/\/lasentinelle.dz\/index.php\/wp-json\/wp\/v2\/comments?post=39281"}],"version-history":[{"count":1,"href":"https:\/\/lasentinelle.dz\/index.php\/wp-json\/wp\/v2\/posts\/39281\/revisions"}],"predecessor-version":[{"id":39307,"href":"https:\/\/lasentinelle.dz\/index.php\/wp-json\/wp\/v2\/posts\/39281\/revisions\/39307"}],"wp:featuredmedia":[{"embeddable":true,"href":"https:\/\/lasentinelle.dz\/index.php\/wp-json\/wp\/v2\/media\/3697"}],"wp:attachment":[{"href":"https:\/\/lasentinelle.dz\/index.php\/wp-json\/wp\/v2\/media?parent=39281"}],"wp:term":[{"taxonomy":"category","embeddable":true,"href":"https:\/\/lasentinelle.dz\/index.php\/wp-json\/wp\/v2\/categories?post=39281"},{"taxonomy":"post_tag","embeddable":true,"href":"https:\/\/lasentinelle.dz\/index.php\/wp-json\/wp\/v2\/tags?post=39281"}],"curies":[{"name":"wp","href":"https:\/\/api.w.org\/{rel}","templated":true}]}}