{"id":39310,"date":"2023-04-10T22:17:00","date_gmt":"2023-04-10T21:17:00","guid":{"rendered":"https:\/\/lasentinelle.dz\/?p=39310"},"modified":"2023-04-10T22:36:04","modified_gmt":"2023-04-10T21:36:04","slug":"regulation-des-importations-et-gestion-des-autorisations-algex-lexecutif-revoit-sa-copie","status":"publish","type":"post","link":"https:\/\/lasentinelle.dz\/index.php\/2023\/04\/10\/regulation-des-importations-et-gestion-des-autorisations-algex-lexecutif-revoit-sa-copie\/","title":{"rendered":"R\u00e9gulation des importations et gestion des autorisations Algex\u00a0: L\u2019Ex\u00e9cutif revoit sa copie"},"content":{"rendered":"\n<p>La politique de restriction des importations a f\u00e2cheusement affect\u00e9 l\u2019approvisionnement du march\u00e9. Pour y rem\u00e9dier, le nouveau ministre du Commerce, Tayeb Zitouni, entend revoir le dispositif de r\u00e9gulation du commerce ext\u00e9rieur. En plus du traitement du dossier des marchandises en souffrance au niveau des ports commerciaux, le ministre annonce une refonte du dispositif de gestion des licences d\u2019importation par Algex afin de garantie un approvisionnement suffisant du march\u00e9 en biens et marchandises, sans pour autant renoncer au principe d\u2019assainissement du secteur des pratiques d\u00e9lictuelles.<\/p>\n\n\n\n<p>C\u2019est en marge du Salon national des produits textiles, de l&rsquo;habillement et des chaussures s\u2019est ouvert hier au Palais des expositions de la Safex \u00e0 Alger que le ministre a tenu faire une mise au point quant \u00e0 la question de la r\u00e9gulation des importations. Avec un discours une d\u00e9marche et un discours qui tranche avec celle de son pr\u00e9d\u00e9cesseur le ministre met en avant la r\u00e9gulation des importations et non plus la restriction des importations. C\u2019est dans ce contexte que Tayeb Zitouni a annonc\u00e9 hier une r\u00e9vision compl\u00e8te du dispositif Algex pour les autorisations de domiciliation des importations. Si l\u2019on annonce depuis quelques jours de nouvelles facilitations au profit des importateurs, le ministre affirme pour sa part que cette r\u00e9vision s\u2019appuie surtout sur la refonte de la plateforme Algex et la num\u00e9risation de ce processus de bout en bout, afin d\u2019\u00e9viter au maximum l\u2019intervention des agents de l\u2019administrations et les lourdeurs bureaucratiques facilitant ainsi les op\u00e9rations. Pour le ministre, il s\u2019agit de lever les goulots d\u2019\u00e9tranglement garantir la disponibilit\u00e9 d\u2019une offre suffisante r\u00e9pondant aux besoins des citoyens, sans pour autant renoncer la d\u00e9marche tendant \u00e0 assainir le commerce ext\u00e9rieur des fraudeurs et des pratiques d\u00e9lictuelles et \u00e0 prot\u00e9ger la production nationale. Il a dans ce sens insist\u00e9 sur le fait que la priorit\u00e9 demeure de mettre fin \u00e0 l\u2019anarchie et de veiller \u00e0 encadrer les importations pour n\u2019acheter que ce qui est n\u00e9cessaire \u00e0 l\u2019approvisionnement du march\u00e9 et \u00e0 la couverture des besoins des Alg\u00e9riens. Il a dans ce sens expliqu\u00e9 que le gouvernement s\u2019att\u00e8le \u00e0 mettre en place une cartographie pr\u00e9cise des capacit\u00e9s de production nationale afin de cerner les besoins du march\u00e9, les capacit\u00e9s de production en place et les besoins en mati\u00e8re d\u2019importation, la finalit\u00e9 \u00e9tant de r\u00e9guler sans pour autant provoquer des tensions.<\/p>\n\n\n\n<p><strong>Banane, l\u2019offre est insuffisante<\/strong><\/p>\n\n\n\n<p>Dans ce contexte, Tayeb Zitouni a \u00e9voqu\u00e9 le cas particulier de la banane dont les prix ont flamb\u00e9 ces derniers jours. \u00ab Il y a un manque (de l\u2019offre) sur le march\u00e9 qui a conduit \u00e0 l\u2019augmentation des prix de la banane \u00bb, a-t-il expliqu\u00e9. Et d\u2019ajouter : \u00ab Cette \u00e9quation est simple, et sa solution r\u00e9side dans l\u2019augmentation des quotas d\u2019importation de ce fruit \u00bb. Le ministre a soulign\u00e9 que la banane est un r\u00e9gulateur des prix des autres fruits. \u00ab Cette ann\u00e9e, malheureusement, les prix de certains fruits sont rest\u00e9s \u00e0 des niveaux tr\u00e8s hauts parce que le prix de la banane est \u00e9galement rest\u00e9 \u00e0 un niveau tr\u00e8s haut \u00bb, a-t-il dit.<\/p>\n\n\n\n<p>En ce qui concerne le Salon&nbsp;; Zitouni a soulign\u00e9 que l\u2019objectif de cette manifestation, organis\u00e9e durant les derniers jours du mois de Ramadhan, est de mettre la lumi\u00e8re sur les capacit\u00e9s de production nationales et leur diversit\u00e9 dans ce domaine, en ce sens qu\u2019elle regroupe plusieurs entreprises alg\u00e9riennes activant dans diverses industries textiles, le cuir, les chaussures et le pr\u00eat-\u00e0-porter pour leur permettre d\u2019exposer et de vendre leurs produits. En plus d\u2019offrir aux consommateurs l\u2019opportunit\u00e9 d\u2019acheter les v\u00eatements de l\u2019A\u00efd, le Salon permet \u00e9galement aux distributeurs et aux commer\u00e7ants de se rapprocher des producteurs locaux et de prendre connaissance de leurs produits, ajoute le ministre. M. Zitouni a soulign\u00e9 que son secteur \u0153uvre \u00e0 mettre en place une feuille de route d\u00e9taill\u00e9e pour d\u00e9velopper la fili\u00e8re textile et cuir en vue d\u2019\u00e9valuer les capacit\u00e9s productives r\u00e9elles de chaque produit, l\u2019objectif \u00e9tant de mesurer le taux de la demande insatisfaite. Cette strat\u00e9gie sera susceptible de r\u00e9aliser l\u2019\u00e9quilibre sur le march\u00e9 national entre les produits fabriqu\u00e9s localement et ceux import\u00e9s, a-t-il ajout\u00e9, arguant que cette d\u00e9marche permettra aussi de cerner de pr\u00e8s les probl\u00e8mes entravant le d\u00e9veloppement de cette fili\u00e8re, en sus de cr\u00e9er des m\u00e9canismes et de trouver des solutions \u00e0 m\u00eame de la d\u00e9velopper pour augmenter son volume de production. Selon les chiffres pr\u00e9sent\u00e9s par le ministre, la valeur des exportations alg\u00e9riennes dans les domaines du textile, des cuirs et des chaussures a atteint 31,86 millions USD en 2022, dont 24 millions USD des exportations du textile. Les exportations des produits en cuir se sont \u00e9lev\u00e9es en 2022 \u00e0 7,79 millions USD contre 5,34 millions USD en 2021, soit une augmentation de 46%. Les exportations de chaussures \u00e9taient en 2022 de 102.000 USD, d&rsquo;autant que les produits alg\u00e9riens ont \u00e9t\u00e9 commercialis\u00e9s dans cinq (5) pays, \u00e0 savoir le Nigeria (64,5% du total d&rsquo;exportations), la Tunisie (20%), le Niger, la Mauritanie et le S\u00e9n\u00e9gal. Concernant le textile, les fibres synth\u00e9tiques et les fils figurent parmi les produits les plus export\u00e9s en la mati\u00e8re, atteignant une valeur de 12,64 millions USD, soit 52,7 %, en sus des tissus ont atteint une valeur de 6,74 millions USD, soit 28 % des exportations totales de textiles.<\/p>\n\n\n\n<p><strong>Hocine Fadheli<\/strong><\/p>\n","protected":false},"excerpt":{"rendered":"<p>La politique de restriction des importations a f\u00e2cheusement affect\u00e9 l\u2019approvisionnement du march\u00e9. Pour y rem\u00e9dier, le nouveau ministre du Commerce,<\/p>\n","protected":false},"author":3,"featured_media":29165,"comment_status":"open","ping_status":"closed","sticky":false,"template":"","format":"standard","meta":{"colormag_page_container_layout":"default_layout","colormag_page_sidebar_layout":"default_layout","om_disable_all_campaigns":false,"_monsterinsights_skip_tracking":false,"_monsterinsights_sitenote_active":false,"_monsterinsights_sitenote_note":"","_monsterinsights_sitenote_category":0,"footnotes":"","_wpscppro_dont_share_socialmedia":false,"_wpscppro_custom_social_share_image":0,"_facebook_share_type":"","_twitter_share_type":"","_linkedin_share_type":"","_pinterest_share_type":"","_linkedin_share_type_page":"","_instagram_share_type":"","_medium_share_type":"","_threads_share_type":"","_google_business_share_type":"","_selected_social_profile":[],"_wpsp_enable_custom_social_template":false,"_wpsp_social_scheduling":{"enabled":false,"datetime":null,"platforms":[],"status":"template_only","dateOption":"today","timeOption":"now","customDays":"","customHours":"","customDate":"","customTime":"","schedulingType":"absolute"},"_wpsp_active_default_template":true},"categories":[52,29],"tags":[],"class_list":["post-39310","post","type-post","status-publish","format-standard","has-post-thumbnail","hentry","category-a-la-une","category-economie"],"aioseo_notices":[],"yoast_head":"<!-- This site is optimized with the Yoast SEO plugin v27.5 - https:\/\/yoast.com\/product\/yoast-seo-wordpress\/ -->\n<title>R\u00e9gulation des importations et gestion des autorisations Algex\u00a0: L\u2019Ex\u00e9cutif revoit sa copie - La Sentinelle<\/title>\n<meta name=\"robots\" content=\"index, follow, max-snippet:-1, max-image-preview:large, max-video-preview:-1\" \/>\n<link rel=\"canonical\" href=\"https:\/\/lasentinelle.dz\/index.php\/2023\/04\/10\/regulation-des-importations-et-gestion-des-autorisations-algex-lexecutif-revoit-sa-copie\/\" \/>\n<meta property=\"og:locale\" content=\"fr_FR\" \/>\n<meta property=\"og:type\" content=\"article\" \/>\n<meta property=\"og:title\" content=\"R\u00e9gulation des importations et gestion des autorisations Algex\u00a0: L\u2019Ex\u00e9cutif revoit sa copie - La Sentinelle\" \/>\n<meta property=\"og:description\" content=\"La politique de restriction des importations a f\u00e2cheusement affect\u00e9 l\u2019approvisionnement du march\u00e9. Pour y rem\u00e9dier, le nouveau ministre du Commerce,\" \/>\n<meta property=\"og:url\" content=\"https:\/\/lasentinelle.dz\/index.php\/2023\/04\/10\/regulation-des-importations-et-gestion-des-autorisations-algex-lexecutif-revoit-sa-copie\/\" \/>\n<meta property=\"og:site_name\" content=\"La Sentinelle\" \/>\n<meta property=\"article:publisher\" content=\"https:\/\/www.facebook.com\/La-Sentinelle-104059864394773\" \/>\n<meta property=\"article:published_time\" content=\"2023-04-10T21:17:00+00:00\" \/>\n<meta property=\"article:modified_time\" content=\"2023-04-10T21:36:04+00:00\" \/>\n<meta property=\"og:image\" content=\"https:\/\/lasentinelle.dz\/wp-content\/uploads\/2022\/10\/Port-1024x680.png\" \/>\n\t<meta property=\"og:image:width\" content=\"1024\" \/>\n\t<meta property=\"og:image:height\" content=\"680\" \/>\n\t<meta property=\"og:image:type\" content=\"image\/png\" \/>\n<meta name=\"author\" content=\"La Sentinelle\" \/>\n<meta name=\"twitter:card\" content=\"summary_large_image\" \/>\n<meta name=\"twitter:label1\" content=\"\u00c9crit par\" \/>\n\t<meta name=\"twitter:data1\" content=\"La Sentinelle\" \/>\n\t<meta name=\"twitter:label2\" content=\"Dur\u00e9e de lecture estim\u00e9e\" \/>\n\t<meta name=\"twitter:data2\" content=\"5 minutes\" \/>\n<script type=\"application\/ld+json\" class=\"yoast-schema-graph\">{\"@context\":\"https:\\\/\\\/schema.org\",\"@graph\":[{\"@type\":\"Article\",\"@id\":\"https:\\\/\\\/lasentinelle.dz\\\/index.php\\\/2023\\\/04\\\/10\\\/regulation-des-importations-et-gestion-des-autorisations-algex-lexecutif-revoit-sa-copie\\\/#article\",\"isPartOf\":{\"@id\":\"https:\\\/\\\/lasentinelle.dz\\\/index.php\\\/2023\\\/04\\\/10\\\/regulation-des-importations-et-gestion-des-autorisations-algex-lexecutif-revoit-sa-copie\\\/\"},\"author\":{\"name\":\"La Sentinelle\",\"@id\":\"https:\\\/\\\/lasentinelle.dz\\\/#\\\/schema\\\/person\\\/d865044e22e70a75174ce8bcad3acfb3\"},\"headline\":\"R\u00e9gulation des importations et gestion des autorisations Algex\u00a0: L\u2019Ex\u00e9cutif revoit sa copie\",\"datePublished\":\"2023-04-10T21:17:00+00:00\",\"dateModified\":\"2023-04-10T21:36:04+00:00\",\"mainEntityOfPage\":{\"@id\":\"https:\\\/\\\/lasentinelle.dz\\\/index.php\\\/2023\\\/04\\\/10\\\/regulation-des-importations-et-gestion-des-autorisations-algex-lexecutif-revoit-sa-copie\\\/\"},\"wordCount\":950,\"commentCount\":0,\"publisher\":{\"@id\":\"https:\\\/\\\/lasentinelle.dz\\\/#organization\"},\"image\":{\"@id\":\"https:\\\/\\\/lasentinelle.dz\\\/index.php\\\/2023\\\/04\\\/10\\\/regulation-des-importations-et-gestion-des-autorisations-algex-lexecutif-revoit-sa-copie\\\/#primaryimage\"},\"thumbnailUrl\":\"https:\\\/\\\/lasentinelle.dz\\\/wp-content\\\/uploads\\\/2022\\\/10\\\/Port.png\",\"articleSection\":[\"\u00c0 la Une\",\"\u00c9conomie\"],\"inLanguage\":\"fr-FR\",\"potentialAction\":[{\"@type\":\"CommentAction\",\"name\":\"Comment\",\"target\":[\"https:\\\/\\\/lasentinelle.dz\\\/index.php\\\/2023\\\/04\\\/10\\\/regulation-des-importations-et-gestion-des-autorisations-algex-lexecutif-revoit-sa-copie\\\/#respond\"]}]},{\"@type\":\"WebPage\",\"@id\":\"https:\\\/\\\/lasentinelle.dz\\\/index.php\\\/2023\\\/04\\\/10\\\/regulation-des-importations-et-gestion-des-autorisations-algex-lexecutif-revoit-sa-copie\\\/\",\"url\":\"https:\\\/\\\/lasentinelle.dz\\\/index.php\\\/2023\\\/04\\\/10\\\/regulation-des-importations-et-gestion-des-autorisations-algex-lexecutif-revoit-sa-copie\\\/\",\"name\":\"R\u00e9gulation des importations et gestion des autorisations Algex\u00a0: L\u2019Ex\u00e9cutif revoit sa copie - La Sentinelle\",\"isPartOf\":{\"@id\":\"https:\\\/\\\/lasentinelle.dz\\\/#website\"},\"primaryImageOfPage\":{\"@id\":\"https:\\\/\\\/lasentinelle.dz\\\/index.php\\\/2023\\\/04\\\/10\\\/regulation-des-importations-et-gestion-des-autorisations-algex-lexecutif-revoit-sa-copie\\\/#primaryimage\"},\"image\":{\"@id\":\"https:\\\/\\\/lasentinelle.dz\\\/index.php\\\/2023\\\/04\\\/10\\\/regulation-des-importations-et-gestion-des-autorisations-algex-lexecutif-revoit-sa-copie\\\/#primaryimage\"},\"thumbnailUrl\":\"https:\\\/\\\/lasentinelle.dz\\\/wp-content\\\/uploads\\\/2022\\\/10\\\/Port.png\",\"datePublished\":\"2023-04-10T21:17:00+00:00\",\"dateModified\":\"2023-04-10T21:36:04+00:00\",\"breadcrumb\":{\"@id\":\"https:\\\/\\\/lasentinelle.dz\\\/index.php\\\/2023\\\/04\\\/10\\\/regulation-des-importations-et-gestion-des-autorisations-algex-lexecutif-revoit-sa-copie\\\/#breadcrumb\"},\"inLanguage\":\"fr-FR\",\"potentialAction\":[{\"@type\":\"ReadAction\",\"target\":[\"https:\\\/\\\/lasentinelle.dz\\\/index.php\\\/2023\\\/04\\\/10\\\/regulation-des-importations-et-gestion-des-autorisations-algex-lexecutif-revoit-sa-copie\\\/\"]}]},{\"@type\":\"ImageObject\",\"inLanguage\":\"fr-FR\",\"@id\":\"https:\\\/\\\/lasentinelle.dz\\\/index.php\\\/2023\\\/04\\\/10\\\/regulation-des-importations-et-gestion-des-autorisations-algex-lexecutif-revoit-sa-copie\\\/#primaryimage\",\"url\":\"https:\\\/\\\/lasentinelle.dz\\\/wp-content\\\/uploads\\\/2022\\\/10\\\/Port.png\",\"contentUrl\":\"https:\\\/\\\/lasentinelle.dz\\\/wp-content\\\/uploads\\\/2022\\\/10\\\/Port.png\",\"width\":1355,\"height\":900},{\"@type\":\"BreadcrumbList\",\"@id\":\"https:\\\/\\\/lasentinelle.dz\\\/index.php\\\/2023\\\/04\\\/10\\\/regulation-des-importations-et-gestion-des-autorisations-algex-lexecutif-revoit-sa-copie\\\/#breadcrumb\",\"itemListElement\":[{\"@type\":\"ListItem\",\"position\":1,\"name\":\"Accueil\",\"item\":\"https:\\\/\\\/lasentinelle.dz\\\/\"},{\"@type\":\"ListItem\",\"position\":2,\"name\":\"R\u00e9gulation des importations et gestion des autorisations Algex\u00a0: L\u2019Ex\u00e9cutif revoit sa copie\"}]},{\"@type\":\"WebSite\",\"@id\":\"https:\\\/\\\/lasentinelle.dz\\\/#website\",\"url\":\"https:\\\/\\\/lasentinelle.dz\\\/\",\"name\":\"La Sentinelle\",\"description\":\"Quotidien national d&#039;information\",\"publisher\":{\"@id\":\"https:\\\/\\\/lasentinelle.dz\\\/#organization\"},\"potentialAction\":[{\"@type\":\"SearchAction\",\"target\":{\"@type\":\"EntryPoint\",\"urlTemplate\":\"https:\\\/\\\/lasentinelle.dz\\\/?s={search_term_string}\"},\"query-input\":{\"@type\":\"PropertyValueSpecification\",\"valueRequired\":true,\"valueName\":\"search_term_string\"}}],\"inLanguage\":\"fr-FR\"},{\"@type\":\"Organization\",\"@id\":\"https:\\\/\\\/lasentinelle.dz\\\/#organization\",\"name\":\"Quotidien La Sentinelle\",\"url\":\"https:\\\/\\\/lasentinelle.dz\\\/\",\"logo\":{\"@type\":\"ImageObject\",\"inLanguage\":\"fr-FR\",\"@id\":\"https:\\\/\\\/lasentinelle.dz\\\/#\\\/schema\\\/logo\\\/image\\\/\",\"url\":\"https:\\\/\\\/lasentinelle.dz\\\/wp-content\\\/uploads\\\/2021\\\/09\\\/logo-sentinelleSLOGAN-1.png\",\"contentUrl\":\"https:\\\/\\\/lasentinelle.dz\\\/wp-content\\\/uploads\\\/2021\\\/09\\\/logo-sentinelleSLOGAN-1.png\",\"width\":615,\"height\":142,\"caption\":\"Quotidien La Sentinelle\"},\"image\":{\"@id\":\"https:\\\/\\\/lasentinelle.dz\\\/#\\\/schema\\\/logo\\\/image\\\/\"},\"sameAs\":[\"https:\\\/\\\/www.facebook.com\\\/La-Sentinelle-104059864394773\"]},{\"@type\":\"Person\",\"@id\":\"https:\\\/\\\/lasentinelle.dz\\\/#\\\/schema\\\/person\\\/d865044e22e70a75174ce8bcad3acfb3\",\"name\":\"La Sentinelle\",\"image\":{\"@type\":\"ImageObject\",\"inLanguage\":\"fr-FR\",\"@id\":\"https:\\\/\\\/secure.gravatar.com\\\/avatar\\\/57de8e5d4b15d43fb361a71fbb36338450fe67865b528a43dd10ef7c51a20392?s=96&d=mm&r=g\",\"url\":\"https:\\\/\\\/secure.gravatar.com\\\/avatar\\\/57de8e5d4b15d43fb361a71fbb36338450fe67865b528a43dd10ef7c51a20392?s=96&d=mm&r=g\",\"contentUrl\":\"https:\\\/\\\/secure.gravatar.com\\\/avatar\\\/57de8e5d4b15d43fb361a71fbb36338450fe67865b528a43dd10ef7c51a20392?s=96&d=mm&r=g\",\"caption\":\"La Sentinelle\"},\"sameAs\":[\"http:\\\/\\\/www.lasentinelle.dz\"],\"url\":\"https:\\\/\\\/lasentinelle.dz\\\/author\\\/redaction\\\/\"}]}<\/script>\n<!-- \/ Yoast SEO plugin. -->","yoast_head_json":{"title":"R\u00e9gulation des importations et gestion des autorisations Algex\u00a0: L\u2019Ex\u00e9cutif revoit sa copie - La Sentinelle","robots":{"index":"index","follow":"follow","max-snippet":"max-snippet:-1","max-image-preview":"max-image-preview:large","max-video-preview":"max-video-preview:-1"},"canonical":"https:\/\/lasentinelle.dz\/index.php\/2023\/04\/10\/regulation-des-importations-et-gestion-des-autorisations-algex-lexecutif-revoit-sa-copie\/","og_locale":"fr_FR","og_type":"article","og_title":"R\u00e9gulation des importations et gestion des autorisations Algex\u00a0: L\u2019Ex\u00e9cutif revoit sa copie - La Sentinelle","og_description":"La politique de restriction des importations a f\u00e2cheusement affect\u00e9 l\u2019approvisionnement du march\u00e9. Pour y rem\u00e9dier, le nouveau ministre du Commerce,","og_url":"https:\/\/lasentinelle.dz\/index.php\/2023\/04\/10\/regulation-des-importations-et-gestion-des-autorisations-algex-lexecutif-revoit-sa-copie\/","og_site_name":"La Sentinelle","article_publisher":"https:\/\/www.facebook.com\/La-Sentinelle-104059864394773","article_published_time":"2023-04-10T21:17:00+00:00","article_modified_time":"2023-04-10T21:36:04+00:00","og_image":[{"width":1024,"height":680,"url":"https:\/\/lasentinelle.dz\/wp-content\/uploads\/2022\/10\/Port-1024x680.png","type":"image\/png"}],"author":"La Sentinelle","twitter_card":"summary_large_image","twitter_misc":{"\u00c9crit par":"La Sentinelle","Dur\u00e9e de lecture estim\u00e9e":"5 minutes"},"schema":{"@context":"https:\/\/schema.org","@graph":[{"@type":"Article","@id":"https:\/\/lasentinelle.dz\/index.php\/2023\/04\/10\/regulation-des-importations-et-gestion-des-autorisations-algex-lexecutif-revoit-sa-copie\/#article","isPartOf":{"@id":"https:\/\/lasentinelle.dz\/index.php\/2023\/04\/10\/regulation-des-importations-et-gestion-des-autorisations-algex-lexecutif-revoit-sa-copie\/"},"author":{"name":"La Sentinelle","@id":"https:\/\/lasentinelle.dz\/#\/schema\/person\/d865044e22e70a75174ce8bcad3acfb3"},"headline":"R\u00e9gulation des importations et gestion des autorisations Algex\u00a0: L\u2019Ex\u00e9cutif revoit sa copie","datePublished":"2023-04-10T21:17:00+00:00","dateModified":"2023-04-10T21:36:04+00:00","mainEntityOfPage":{"@id":"https:\/\/lasentinelle.dz\/index.php\/2023\/04\/10\/regulation-des-importations-et-gestion-des-autorisations-algex-lexecutif-revoit-sa-copie\/"},"wordCount":950,"commentCount":0,"publisher":{"@id":"https:\/\/lasentinelle.dz\/#organization"},"image":{"@id":"https:\/\/lasentinelle.dz\/index.php\/2023\/04\/10\/regulation-des-importations-et-gestion-des-autorisations-algex-lexecutif-revoit-sa-copie\/#primaryimage"},"thumbnailUrl":"https:\/\/lasentinelle.dz\/wp-content\/uploads\/2022\/10\/Port.png","articleSection":["\u00c0 la Une","\u00c9conomie"],"inLanguage":"fr-FR","potentialAction":[{"@type":"CommentAction","name":"Comment","target":["https:\/\/lasentinelle.dz\/index.php\/2023\/04\/10\/regulation-des-importations-et-gestion-des-autorisations-algex-lexecutif-revoit-sa-copie\/#respond"]}]},{"@type":"WebPage","@id":"https:\/\/lasentinelle.dz\/index.php\/2023\/04\/10\/regulation-des-importations-et-gestion-des-autorisations-algex-lexecutif-revoit-sa-copie\/","url":"https:\/\/lasentinelle.dz\/index.php\/2023\/04\/10\/regulation-des-importations-et-gestion-des-autorisations-algex-lexecutif-revoit-sa-copie\/","name":"R\u00e9gulation des importations et gestion des autorisations Algex\u00a0: L\u2019Ex\u00e9cutif revoit sa copie - La Sentinelle","isPartOf":{"@id":"https:\/\/lasentinelle.dz\/#website"},"primaryImageOfPage":{"@id":"https:\/\/lasentinelle.dz\/index.php\/2023\/04\/10\/regulation-des-importations-et-gestion-des-autorisations-algex-lexecutif-revoit-sa-copie\/#primaryimage"},"image":{"@id":"https:\/\/lasentinelle.dz\/index.php\/2023\/04\/10\/regulation-des-importations-et-gestion-des-autorisations-algex-lexecutif-revoit-sa-copie\/#primaryimage"},"thumbnailUrl":"https:\/\/lasentinelle.dz\/wp-content\/uploads\/2022\/10\/Port.png","datePublished":"2023-04-10T21:17:00+00:00","dateModified":"2023-04-10T21:36:04+00:00","breadcrumb":{"@id":"https:\/\/lasentinelle.dz\/index.php\/2023\/04\/10\/regulation-des-importations-et-gestion-des-autorisations-algex-lexecutif-revoit-sa-copie\/#breadcrumb"},"inLanguage":"fr-FR","potentialAction":[{"@type":"ReadAction","target":["https:\/\/lasentinelle.dz\/index.php\/2023\/04\/10\/regulation-des-importations-et-gestion-des-autorisations-algex-lexecutif-revoit-sa-copie\/"]}]},{"@type":"ImageObject","inLanguage":"fr-FR","@id":"https:\/\/lasentinelle.dz\/index.php\/2023\/04\/10\/regulation-des-importations-et-gestion-des-autorisations-algex-lexecutif-revoit-sa-copie\/#primaryimage","url":"https:\/\/lasentinelle.dz\/wp-content\/uploads\/2022\/10\/Port.png","contentUrl":"https:\/\/lasentinelle.dz\/wp-content\/uploads\/2022\/10\/Port.png","width":1355,"height":900},{"@type":"BreadcrumbList","@id":"https:\/\/lasentinelle.dz\/index.php\/2023\/04\/10\/regulation-des-importations-et-gestion-des-autorisations-algex-lexecutif-revoit-sa-copie\/#breadcrumb","itemListElement":[{"@type":"ListItem","position":1,"name":"Accueil","item":"https:\/\/lasentinelle.dz\/"},{"@type":"ListItem","position":2,"name":"R\u00e9gulation des importations et gestion des autorisations Algex\u00a0: L\u2019Ex\u00e9cutif revoit sa copie"}]},{"@type":"WebSite","@id":"https:\/\/lasentinelle.dz\/#website","url":"https:\/\/lasentinelle.dz\/","name":"La Sentinelle","description":"Quotidien national d&#039;information","publisher":{"@id":"https:\/\/lasentinelle.dz\/#organization"},"potentialAction":[{"@type":"SearchAction","target":{"@type":"EntryPoint","urlTemplate":"https:\/\/lasentinelle.dz\/?s={search_term_string}"},"query-input":{"@type":"PropertyValueSpecification","valueRequired":true,"valueName":"search_term_string"}}],"inLanguage":"fr-FR"},{"@type":"Organization","@id":"https:\/\/lasentinelle.dz\/#organization","name":"Quotidien La Sentinelle","url":"https:\/\/lasentinelle.dz\/","logo":{"@type":"ImageObject","inLanguage":"fr-FR","@id":"https:\/\/lasentinelle.dz\/#\/schema\/logo\/image\/","url":"https:\/\/lasentinelle.dz\/wp-content\/uploads\/2021\/09\/logo-sentinelleSLOGAN-1.png","contentUrl":"https:\/\/lasentinelle.dz\/wp-content\/uploads\/2021\/09\/logo-sentinelleSLOGAN-1.png","width":615,"height":142,"caption":"Quotidien La Sentinelle"},"image":{"@id":"https:\/\/lasentinelle.dz\/#\/schema\/logo\/image\/"},"sameAs":["https:\/\/www.facebook.com\/La-Sentinelle-104059864394773"]},{"@type":"Person","@id":"https:\/\/lasentinelle.dz\/#\/schema\/person\/d865044e22e70a75174ce8bcad3acfb3","name":"La Sentinelle","image":{"@type":"ImageObject","inLanguage":"fr-FR","@id":"https:\/\/secure.gravatar.com\/avatar\/57de8e5d4b15d43fb361a71fbb36338450fe67865b528a43dd10ef7c51a20392?s=96&d=mm&r=g","url":"https:\/\/secure.gravatar.com\/avatar\/57de8e5d4b15d43fb361a71fbb36338450fe67865b528a43dd10ef7c51a20392?s=96&d=mm&r=g","contentUrl":"https:\/\/secure.gravatar.com\/avatar\/57de8e5d4b15d43fb361a71fbb36338450fe67865b528a43dd10ef7c51a20392?s=96&d=mm&r=g","caption":"La Sentinelle"},"sameAs":["http:\/\/www.lasentinelle.dz"],"url":"https:\/\/lasentinelle.dz\/author\/redaction\/"}]}},"_links":{"self":[{"href":"https:\/\/lasentinelle.dz\/index.php\/wp-json\/wp\/v2\/posts\/39310","targetHints":{"allow":["GET"]}}],"collection":[{"href":"https:\/\/lasentinelle.dz\/index.php\/wp-json\/wp\/v2\/posts"}],"about":[{"href":"https:\/\/lasentinelle.dz\/index.php\/wp-json\/wp\/v2\/types\/post"}],"author":[{"embeddable":true,"href":"https:\/\/lasentinelle.dz\/index.php\/wp-json\/wp\/v2\/users\/3"}],"replies":[{"embeddable":true,"href":"https:\/\/lasentinelle.dz\/index.php\/wp-json\/wp\/v2\/comments?post=39310"}],"version-history":[{"count":2,"href":"https:\/\/lasentinelle.dz\/index.php\/wp-json\/wp\/v2\/posts\/39310\/revisions"}],"predecessor-version":[{"id":39316,"href":"https:\/\/lasentinelle.dz\/index.php\/wp-json\/wp\/v2\/posts\/39310\/revisions\/39316"}],"wp:featuredmedia":[{"embeddable":true,"href":"https:\/\/lasentinelle.dz\/index.php\/wp-json\/wp\/v2\/media\/29165"}],"wp:attachment":[{"href":"https:\/\/lasentinelle.dz\/index.php\/wp-json\/wp\/v2\/media?parent=39310"}],"wp:term":[{"taxonomy":"category","embeddable":true,"href":"https:\/\/lasentinelle.dz\/index.php\/wp-json\/wp\/v2\/categories?post=39310"},{"taxonomy":"post_tag","embeddable":true,"href":"https:\/\/lasentinelle.dz\/index.php\/wp-json\/wp\/v2\/tags?post=39310"}],"curies":[{"name":"wp","href":"https:\/\/api.w.org\/{rel}","templated":true}]}}