{"id":39336,"date":"2023-04-11T22:08:00","date_gmt":"2023-04-11T21:08:00","guid":{"rendered":"https:\/\/lasentinelle.dz\/?p=39336"},"modified":"2023-04-11T17:33:56","modified_gmt":"2023-04-11T16:33:56","slug":"can-2023-u17-les-preparatifs-lances","status":"publish","type":"post","link":"https:\/\/lasentinelle.dz\/index.php\/2023\/04\/11\/can-2023-u17-les-preparatifs-lances\/","title":{"rendered":"CAN 2023 (U17)\u00a0: Les pr\u00e9paratifs lanc\u00e9s"},"content":{"rendered":"\n<p>L\u2019Alg\u00e9rie organise \u00e0 la fin de ce mois d\u2019Avril la Coupe d\u2019Afrique des Nations dans la cat\u00e9gorie des U17. &nbsp;Trois villes, Alger, Annaba et Constantine, ont \u00e9t\u00e9 retenues pour abriter la comp\u00e9tition dont les pr\u00e9paratifs ont \u00e9t\u00e9 lanc\u00e9s au niveau local.<\/p>\n\n\n\n<p>En effet, le comit\u00e9 local de pr\u00e9paration de la CAN U17, qui se tiendra en Alg\u00e9rie du 29 avril au 19 mai a \u00e9t\u00e9 install\u00e9 mardi \u00e0 Annaba. L\u2019instance dirig\u00e9e par le wali d\u2019Annaba, Djamel Eddine Berrimi, compte des responsables de diff\u00e9rents secteurs et est charg\u00e9e de pr\u00e9parer et d\u2019assurer les conditions mat\u00e9rielles et organisationnelles n\u00e9cessaires pour accueillir les d\u00e9l\u00e9gations qui participeront \u00e0 cet \u00e9v\u00e9nement, y compris les \u00e9quipes nationales, les \u00e9quipes techniques, les accompagnateurs et de les prendre en charge dans les meilleures conditions. En outre, elle est charg\u00e9e de pr\u00e9parer les installations sportives qui abriteront les matchs de football qui se tiendront dans la ville d&rsquo;Annaba.<\/p>\n\n\n\n<p>Les membres de du comit\u00e9 ont \u00e9t\u00e9 charg\u00e9s, chacun dans son domaine de comp\u00e9tence, de superviser le d\u00e9roulement de la Coupe d&rsquo;Afrique des Nations de football pour les moins de 17 ans \u00e0 Annaba, en donnant une impulsion qui refl\u00e8te la dimension historique, culturelle et civilisationnelle de la r\u00e9gion d&rsquo;Annaba.<\/p>\n\n\n\n<p>Il convient de rappeler que le stade du 19 mai 1956 \u00e0 Annaba sera le th\u00e9\u00e2tre d&rsquo;une partie des matchs de la Coupe d&rsquo;Afrique des Nations de football pour les moins de 17 ans,. Une enceinte qui a d\u00e9j\u00e0 accueilli des matchs du Championnat d&rsquo;Afrique des Nations (CHAN) qui s\u2019est d\u00e9roul\u00e9 en Alg\u00e9rie en janvier et f\u00e9vrier derniers.<\/p>\n\n\n\n<p>Pour rappel, la Coupe d\u2019Afrique des Nations TotalEnergies U17 Alg\u00e9rie 2023 qui se d\u00e9roulera du 29 avril au 19 mai prochains. La s\u00e9lection nationale U17 entame la comp\u00e9tition le samedi 29 avril en affrontant la Somalie en match d\u2019ouverture au Stade Nelson Mandela de Baraki \u00e0 20h00, heure locale.<\/p>\n\n\n\n<p>L\u2019affiche de ce groupe A qui mettra aux prises les cadets des Fennecs \u00e0 leurs homologues s\u00e9n\u00e9galais se jouera le mardi 2 mai \u00e0 17h00 toujours dans la m\u00eame enceinte de Baraki, alors que la 3e et derni\u00e8re journ\u00e9e du groupe est programm\u00e9e pour le vendredi 5 mai 2023 \u00e0 la m\u00eame heure, 20h00, \u00e0 Alger pour Alg\u00e9rie \u2013 Congo et Constantine pour Somalie- S\u00e9n\u00e9gal.Aux quarts de finale, le premier de ce Groupe A affrontera le 3e du groupe B ou C&nbsp; \u00e0 Nelson Mandela alors que le second jouera le 1er du Groupe B (Nigeria, Zambie, Maroc, Afrique du Sud). Les demi-finales auront lieu au stade du 19 mai d\u2019Annaba et du Chahid Hamlaoui de Constantine le 14 mai 2023. La finale de la CAN se jouera le vendredi 19 mai 2023 \u00e0 Alger, Annaba accueillera pour sa part la petite finale la veille soit le jeudi 18 mai 2023-02-03. Pour rappel trois stades seront utilis\u00e9s pour le tournoi : Nelson Mandela \u00e0 Alger, Chahid Hamlaoui \u00e0 Constantine et 19-Mai-1956 \u00e0 Annaba. Pour la premi\u00e8re fois, le tournoi destin\u00e9 aux joueurs de moins de 17 ans mettra aux prises 12 nations. La d\u00e9cision d\u2019augmenter le nombre de participants est conforme \u00e0 l\u2019objectif de la CAF d\u2019encourager la participation et d\u2019offrir plus d\u2019opportunit\u00e9s de jeu aux plus jeunes.<\/p>\n\n\n\n<p><strong>R.S.<\/strong><\/p>\n","protected":false},"excerpt":{"rendered":"<p>L\u2019Alg\u00e9rie organise \u00e0 la fin de ce mois d\u2019Avril la Coupe d\u2019Afrique des Nations dans la cat\u00e9gorie des U17. &nbsp;Trois<\/p>\n","protected":false},"author":3,"featured_media":39337,"comment_status":"open","ping_status":"closed","sticky":false,"template":"","format":"standard","meta":{"colormag_page_container_layout":"default_layout","colormag_page_sidebar_layout":"default_layout","om_disable_all_campaigns":false,"_monsterinsights_skip_tracking":false,"_monsterinsights_sitenote_active":false,"_monsterinsights_sitenote_note":"","_monsterinsights_sitenote_category":0,"footnotes":"","_wpscppro_dont_share_socialmedia":false,"_wpscppro_custom_social_share_image":0,"_facebook_share_type":"","_twitter_share_type":"","_linkedin_share_type":"","_pinterest_share_type":"","_linkedin_share_type_page":"","_instagram_share_type":"","_medium_share_type":"","_threads_share_type":"","_google_business_share_type":"","_selected_social_profile":[],"_wpsp_enable_custom_social_template":false,"_wpsp_social_scheduling":{"enabled":false,"datetime":null,"platforms":[],"status":"template_only","dateOption":"today","timeOption":"now","customDays":"","customHours":"","customDate":"","customTime":"","schedulingType":"absolute"},"_wpsp_active_default_template":true},"categories":[52,33],"tags":[],"class_list":["post-39336","post","type-post","status-publish","format-standard","has-post-thumbnail","hentry","category-a-la-une","category-sports"],"aioseo_notices":[],"yoast_head":"<!-- This site is optimized with the Yoast SEO plugin v27.5 - https:\/\/yoast.com\/product\/yoast-seo-wordpress\/ -->\n<title>CAN 2023 (U17)\u00a0: Les pr\u00e9paratifs lanc\u00e9s - La Sentinelle<\/title>\n<meta name=\"robots\" content=\"index, follow, max-snippet:-1, max-image-preview:large, max-video-preview:-1\" \/>\n<link rel=\"canonical\" href=\"https:\/\/lasentinelle.dz\/index.php\/2023\/04\/11\/can-2023-u17-les-preparatifs-lances\/\" \/>\n<meta property=\"og:locale\" content=\"fr_FR\" \/>\n<meta property=\"og:type\" content=\"article\" \/>\n<meta property=\"og:title\" content=\"CAN 2023 (U17)\u00a0: Les pr\u00e9paratifs lanc\u00e9s - La Sentinelle\" \/>\n<meta property=\"og:description\" content=\"L\u2019Alg\u00e9rie organise \u00e0 la fin de ce mois d\u2019Avril la Coupe d\u2019Afrique des Nations dans la cat\u00e9gorie des U17. &nbsp;Trois\" \/>\n<meta property=\"og:url\" content=\"https:\/\/lasentinelle.dz\/index.php\/2023\/04\/11\/can-2023-u17-les-preparatifs-lances\/\" \/>\n<meta property=\"og:site_name\" content=\"La Sentinelle\" \/>\n<meta property=\"article:publisher\" content=\"https:\/\/www.facebook.com\/La-Sentinelle-104059864394773\" \/>\n<meta property=\"article:published_time\" content=\"2023-04-11T21:08:00+00:00\" \/>\n<meta property=\"og:image\" content=\"https:\/\/lasentinelle.dz\/wp-content\/uploads\/2023\/04\/com1.png\" \/>\n\t<meta property=\"og:image:width\" content=\"1200\" \/>\n\t<meta property=\"og:image:height\" content=\"900\" \/>\n\t<meta property=\"og:image:type\" content=\"image\/png\" \/>\n<meta name=\"author\" content=\"La Sentinelle\" \/>\n<meta name=\"twitter:card\" content=\"summary_large_image\" \/>\n<meta name=\"twitter:label1\" content=\"\u00c9crit par\" \/>\n\t<meta name=\"twitter:data1\" content=\"La Sentinelle\" \/>\n\t<meta name=\"twitter:label2\" content=\"Dur\u00e9e de lecture estim\u00e9e\" \/>\n\t<meta name=\"twitter:data2\" content=\"3 minutes\" \/>\n<script type=\"application\/ld+json\" class=\"yoast-schema-graph\">{\"@context\":\"https:\\\/\\\/schema.org\",\"@graph\":[{\"@type\":\"Article\",\"@id\":\"https:\\\/\\\/lasentinelle.dz\\\/index.php\\\/2023\\\/04\\\/11\\\/can-2023-u17-les-preparatifs-lances\\\/#article\",\"isPartOf\":{\"@id\":\"https:\\\/\\\/lasentinelle.dz\\\/index.php\\\/2023\\\/04\\\/11\\\/can-2023-u17-les-preparatifs-lances\\\/\"},\"author\":{\"name\":\"La Sentinelle\",\"@id\":\"https:\\\/\\\/lasentinelle.dz\\\/#\\\/schema\\\/person\\\/d865044e22e70a75174ce8bcad3acfb3\"},\"headline\":\"CAN 2023 (U17)\u00a0: Les pr\u00e9paratifs lanc\u00e9s\",\"datePublished\":\"2023-04-11T21:08:00+00:00\",\"mainEntityOfPage\":{\"@id\":\"https:\\\/\\\/lasentinelle.dz\\\/index.php\\\/2023\\\/04\\\/11\\\/can-2023-u17-les-preparatifs-lances\\\/\"},\"wordCount\":566,\"commentCount\":0,\"publisher\":{\"@id\":\"https:\\\/\\\/lasentinelle.dz\\\/#organization\"},\"image\":{\"@id\":\"https:\\\/\\\/lasentinelle.dz\\\/index.php\\\/2023\\\/04\\\/11\\\/can-2023-u17-les-preparatifs-lances\\\/#primaryimage\"},\"thumbnailUrl\":\"https:\\\/\\\/lasentinelle.dz\\\/wp-content\\\/uploads\\\/2023\\\/04\\\/com1.png\",\"articleSection\":[\"\u00c0 la Une\",\"Sports\"],\"inLanguage\":\"fr-FR\",\"potentialAction\":[{\"@type\":\"CommentAction\",\"name\":\"Comment\",\"target\":[\"https:\\\/\\\/lasentinelle.dz\\\/index.php\\\/2023\\\/04\\\/11\\\/can-2023-u17-les-preparatifs-lances\\\/#respond\"]}]},{\"@type\":\"WebPage\",\"@id\":\"https:\\\/\\\/lasentinelle.dz\\\/index.php\\\/2023\\\/04\\\/11\\\/can-2023-u17-les-preparatifs-lances\\\/\",\"url\":\"https:\\\/\\\/lasentinelle.dz\\\/index.php\\\/2023\\\/04\\\/11\\\/can-2023-u17-les-preparatifs-lances\\\/\",\"name\":\"CAN 2023 (U17)\u00a0: Les pr\u00e9paratifs lanc\u00e9s - La Sentinelle\",\"isPartOf\":{\"@id\":\"https:\\\/\\\/lasentinelle.dz\\\/#website\"},\"primaryImageOfPage\":{\"@id\":\"https:\\\/\\\/lasentinelle.dz\\\/index.php\\\/2023\\\/04\\\/11\\\/can-2023-u17-les-preparatifs-lances\\\/#primaryimage\"},\"image\":{\"@id\":\"https:\\\/\\\/lasentinelle.dz\\\/index.php\\\/2023\\\/04\\\/11\\\/can-2023-u17-les-preparatifs-lances\\\/#primaryimage\"},\"thumbnailUrl\":\"https:\\\/\\\/lasentinelle.dz\\\/wp-content\\\/uploads\\\/2023\\\/04\\\/com1.png\",\"datePublished\":\"2023-04-11T21:08:00+00:00\",\"breadcrumb\":{\"@id\":\"https:\\\/\\\/lasentinelle.dz\\\/index.php\\\/2023\\\/04\\\/11\\\/can-2023-u17-les-preparatifs-lances\\\/#breadcrumb\"},\"inLanguage\":\"fr-FR\",\"potentialAction\":[{\"@type\":\"ReadAction\",\"target\":[\"https:\\\/\\\/lasentinelle.dz\\\/index.php\\\/2023\\\/04\\\/11\\\/can-2023-u17-les-preparatifs-lances\\\/\"]}]},{\"@type\":\"ImageObject\",\"inLanguage\":\"fr-FR\",\"@id\":\"https:\\\/\\\/lasentinelle.dz\\\/index.php\\\/2023\\\/04\\\/11\\\/can-2023-u17-les-preparatifs-lances\\\/#primaryimage\",\"url\":\"https:\\\/\\\/lasentinelle.dz\\\/wp-content\\\/uploads\\\/2023\\\/04\\\/com1.png\",\"contentUrl\":\"https:\\\/\\\/lasentinelle.dz\\\/wp-content\\\/uploads\\\/2023\\\/04\\\/com1.png\",\"width\":1200,\"height\":900},{\"@type\":\"BreadcrumbList\",\"@id\":\"https:\\\/\\\/lasentinelle.dz\\\/index.php\\\/2023\\\/04\\\/11\\\/can-2023-u17-les-preparatifs-lances\\\/#breadcrumb\",\"itemListElement\":[{\"@type\":\"ListItem\",\"position\":1,\"name\":\"Accueil\",\"item\":\"https:\\\/\\\/lasentinelle.dz\\\/\"},{\"@type\":\"ListItem\",\"position\":2,\"name\":\"CAN 2023 (U17)\u00a0: Les pr\u00e9paratifs lanc\u00e9s\"}]},{\"@type\":\"WebSite\",\"@id\":\"https:\\\/\\\/lasentinelle.dz\\\/#website\",\"url\":\"https:\\\/\\\/lasentinelle.dz\\\/\",\"name\":\"La Sentinelle\",\"description\":\"Quotidien national d&#039;information\",\"publisher\":{\"@id\":\"https:\\\/\\\/lasentinelle.dz\\\/#organization\"},\"potentialAction\":[{\"@type\":\"SearchAction\",\"target\":{\"@type\":\"EntryPoint\",\"urlTemplate\":\"https:\\\/\\\/lasentinelle.dz\\\/?s={search_term_string}\"},\"query-input\":{\"@type\":\"PropertyValueSpecification\",\"valueRequired\":true,\"valueName\":\"search_term_string\"}}],\"inLanguage\":\"fr-FR\"},{\"@type\":\"Organization\",\"@id\":\"https:\\\/\\\/lasentinelle.dz\\\/#organization\",\"name\":\"Quotidien La Sentinelle\",\"url\":\"https:\\\/\\\/lasentinelle.dz\\\/\",\"logo\":{\"@type\":\"ImageObject\",\"inLanguage\":\"fr-FR\",\"@id\":\"https:\\\/\\\/lasentinelle.dz\\\/#\\\/schema\\\/logo\\\/image\\\/\",\"url\":\"https:\\\/\\\/lasentinelle.dz\\\/wp-content\\\/uploads\\\/2021\\\/09\\\/logo-sentinelleSLOGAN-1.png\",\"contentUrl\":\"https:\\\/\\\/lasentinelle.dz\\\/wp-content\\\/uploads\\\/2021\\\/09\\\/logo-sentinelleSLOGAN-1.png\",\"width\":615,\"height\":142,\"caption\":\"Quotidien La Sentinelle\"},\"image\":{\"@id\":\"https:\\\/\\\/lasentinelle.dz\\\/#\\\/schema\\\/logo\\\/image\\\/\"},\"sameAs\":[\"https:\\\/\\\/www.facebook.com\\\/La-Sentinelle-104059864394773\"]},{\"@type\":\"Person\",\"@id\":\"https:\\\/\\\/lasentinelle.dz\\\/#\\\/schema\\\/person\\\/d865044e22e70a75174ce8bcad3acfb3\",\"name\":\"La Sentinelle\",\"image\":{\"@type\":\"ImageObject\",\"inLanguage\":\"fr-FR\",\"@id\":\"https:\\\/\\\/secure.gravatar.com\\\/avatar\\\/57de8e5d4b15d43fb361a71fbb36338450fe67865b528a43dd10ef7c51a20392?s=96&d=mm&r=g\",\"url\":\"https:\\\/\\\/secure.gravatar.com\\\/avatar\\\/57de8e5d4b15d43fb361a71fbb36338450fe67865b528a43dd10ef7c51a20392?s=96&d=mm&r=g\",\"contentUrl\":\"https:\\\/\\\/secure.gravatar.com\\\/avatar\\\/57de8e5d4b15d43fb361a71fbb36338450fe67865b528a43dd10ef7c51a20392?s=96&d=mm&r=g\",\"caption\":\"La Sentinelle\"},\"sameAs\":[\"http:\\\/\\\/www.lasentinelle.dz\"],\"url\":\"https:\\\/\\\/lasentinelle.dz\\\/author\\\/redaction\\\/\"}]}<\/script>\n<!-- \/ Yoast SEO plugin. -->","yoast_head_json":{"title":"CAN 2023 (U17)\u00a0: Les pr\u00e9paratifs lanc\u00e9s - La Sentinelle","robots":{"index":"index","follow":"follow","max-snippet":"max-snippet:-1","max-image-preview":"max-image-preview:large","max-video-preview":"max-video-preview:-1"},"canonical":"https:\/\/lasentinelle.dz\/index.php\/2023\/04\/11\/can-2023-u17-les-preparatifs-lances\/","og_locale":"fr_FR","og_type":"article","og_title":"CAN 2023 (U17)\u00a0: Les pr\u00e9paratifs lanc\u00e9s - La Sentinelle","og_description":"L\u2019Alg\u00e9rie organise \u00e0 la fin de ce mois d\u2019Avril la Coupe d\u2019Afrique des Nations dans la cat\u00e9gorie des U17. &nbsp;Trois","og_url":"https:\/\/lasentinelle.dz\/index.php\/2023\/04\/11\/can-2023-u17-les-preparatifs-lances\/","og_site_name":"La Sentinelle","article_publisher":"https:\/\/www.facebook.com\/La-Sentinelle-104059864394773","article_published_time":"2023-04-11T21:08:00+00:00","og_image":[{"width":1200,"height":900,"url":"https:\/\/lasentinelle.dz\/wp-content\/uploads\/2023\/04\/com1.png","type":"image\/png"}],"author":"La Sentinelle","twitter_card":"summary_large_image","twitter_misc":{"\u00c9crit par":"La Sentinelle","Dur\u00e9e de lecture estim\u00e9e":"3 minutes"},"schema":{"@context":"https:\/\/schema.org","@graph":[{"@type":"Article","@id":"https:\/\/lasentinelle.dz\/index.php\/2023\/04\/11\/can-2023-u17-les-preparatifs-lances\/#article","isPartOf":{"@id":"https:\/\/lasentinelle.dz\/index.php\/2023\/04\/11\/can-2023-u17-les-preparatifs-lances\/"},"author":{"name":"La Sentinelle","@id":"https:\/\/lasentinelle.dz\/#\/schema\/person\/d865044e22e70a75174ce8bcad3acfb3"},"headline":"CAN 2023 (U17)\u00a0: Les pr\u00e9paratifs lanc\u00e9s","datePublished":"2023-04-11T21:08:00+00:00","mainEntityOfPage":{"@id":"https:\/\/lasentinelle.dz\/index.php\/2023\/04\/11\/can-2023-u17-les-preparatifs-lances\/"},"wordCount":566,"commentCount":0,"publisher":{"@id":"https:\/\/lasentinelle.dz\/#organization"},"image":{"@id":"https:\/\/lasentinelle.dz\/index.php\/2023\/04\/11\/can-2023-u17-les-preparatifs-lances\/#primaryimage"},"thumbnailUrl":"https:\/\/lasentinelle.dz\/wp-content\/uploads\/2023\/04\/com1.png","articleSection":["\u00c0 la Une","Sports"],"inLanguage":"fr-FR","potentialAction":[{"@type":"CommentAction","name":"Comment","target":["https:\/\/lasentinelle.dz\/index.php\/2023\/04\/11\/can-2023-u17-les-preparatifs-lances\/#respond"]}]},{"@type":"WebPage","@id":"https:\/\/lasentinelle.dz\/index.php\/2023\/04\/11\/can-2023-u17-les-preparatifs-lances\/","url":"https:\/\/lasentinelle.dz\/index.php\/2023\/04\/11\/can-2023-u17-les-preparatifs-lances\/","name":"CAN 2023 (U17)\u00a0: Les pr\u00e9paratifs lanc\u00e9s - La Sentinelle","isPartOf":{"@id":"https:\/\/lasentinelle.dz\/#website"},"primaryImageOfPage":{"@id":"https:\/\/lasentinelle.dz\/index.php\/2023\/04\/11\/can-2023-u17-les-preparatifs-lances\/#primaryimage"},"image":{"@id":"https:\/\/lasentinelle.dz\/index.php\/2023\/04\/11\/can-2023-u17-les-preparatifs-lances\/#primaryimage"},"thumbnailUrl":"https:\/\/lasentinelle.dz\/wp-content\/uploads\/2023\/04\/com1.png","datePublished":"2023-04-11T21:08:00+00:00","breadcrumb":{"@id":"https:\/\/lasentinelle.dz\/index.php\/2023\/04\/11\/can-2023-u17-les-preparatifs-lances\/#breadcrumb"},"inLanguage":"fr-FR","potentialAction":[{"@type":"ReadAction","target":["https:\/\/lasentinelle.dz\/index.php\/2023\/04\/11\/can-2023-u17-les-preparatifs-lances\/"]}]},{"@type":"ImageObject","inLanguage":"fr-FR","@id":"https:\/\/lasentinelle.dz\/index.php\/2023\/04\/11\/can-2023-u17-les-preparatifs-lances\/#primaryimage","url":"https:\/\/lasentinelle.dz\/wp-content\/uploads\/2023\/04\/com1.png","contentUrl":"https:\/\/lasentinelle.dz\/wp-content\/uploads\/2023\/04\/com1.png","width":1200,"height":900},{"@type":"BreadcrumbList","@id":"https:\/\/lasentinelle.dz\/index.php\/2023\/04\/11\/can-2023-u17-les-preparatifs-lances\/#breadcrumb","itemListElement":[{"@type":"ListItem","position":1,"name":"Accueil","item":"https:\/\/lasentinelle.dz\/"},{"@type":"ListItem","position":2,"name":"CAN 2023 (U17)\u00a0: Les pr\u00e9paratifs lanc\u00e9s"}]},{"@type":"WebSite","@id":"https:\/\/lasentinelle.dz\/#website","url":"https:\/\/lasentinelle.dz\/","name":"La Sentinelle","description":"Quotidien national d&#039;information","publisher":{"@id":"https:\/\/lasentinelle.dz\/#organization"},"potentialAction":[{"@type":"SearchAction","target":{"@type":"EntryPoint","urlTemplate":"https:\/\/lasentinelle.dz\/?s={search_term_string}"},"query-input":{"@type":"PropertyValueSpecification","valueRequired":true,"valueName":"search_term_string"}}],"inLanguage":"fr-FR"},{"@type":"Organization","@id":"https:\/\/lasentinelle.dz\/#organization","name":"Quotidien La Sentinelle","url":"https:\/\/lasentinelle.dz\/","logo":{"@type":"ImageObject","inLanguage":"fr-FR","@id":"https:\/\/lasentinelle.dz\/#\/schema\/logo\/image\/","url":"https:\/\/lasentinelle.dz\/wp-content\/uploads\/2021\/09\/logo-sentinelleSLOGAN-1.png","contentUrl":"https:\/\/lasentinelle.dz\/wp-content\/uploads\/2021\/09\/logo-sentinelleSLOGAN-1.png","width":615,"height":142,"caption":"Quotidien La Sentinelle"},"image":{"@id":"https:\/\/lasentinelle.dz\/#\/schema\/logo\/image\/"},"sameAs":["https:\/\/www.facebook.com\/La-Sentinelle-104059864394773"]},{"@type":"Person","@id":"https:\/\/lasentinelle.dz\/#\/schema\/person\/d865044e22e70a75174ce8bcad3acfb3","name":"La Sentinelle","image":{"@type":"ImageObject","inLanguage":"fr-FR","@id":"https:\/\/secure.gravatar.com\/avatar\/57de8e5d4b15d43fb361a71fbb36338450fe67865b528a43dd10ef7c51a20392?s=96&d=mm&r=g","url":"https:\/\/secure.gravatar.com\/avatar\/57de8e5d4b15d43fb361a71fbb36338450fe67865b528a43dd10ef7c51a20392?s=96&d=mm&r=g","contentUrl":"https:\/\/secure.gravatar.com\/avatar\/57de8e5d4b15d43fb361a71fbb36338450fe67865b528a43dd10ef7c51a20392?s=96&d=mm&r=g","caption":"La Sentinelle"},"sameAs":["http:\/\/www.lasentinelle.dz"],"url":"https:\/\/lasentinelle.dz\/author\/redaction\/"}]}},"_links":{"self":[{"href":"https:\/\/lasentinelle.dz\/index.php\/wp-json\/wp\/v2\/posts\/39336","targetHints":{"allow":["GET"]}}],"collection":[{"href":"https:\/\/lasentinelle.dz\/index.php\/wp-json\/wp\/v2\/posts"}],"about":[{"href":"https:\/\/lasentinelle.dz\/index.php\/wp-json\/wp\/v2\/types\/post"}],"author":[{"embeddable":true,"href":"https:\/\/lasentinelle.dz\/index.php\/wp-json\/wp\/v2\/users\/3"}],"replies":[{"embeddable":true,"href":"https:\/\/lasentinelle.dz\/index.php\/wp-json\/wp\/v2\/comments?post=39336"}],"version-history":[{"count":1,"href":"https:\/\/lasentinelle.dz\/index.php\/wp-json\/wp\/v2\/posts\/39336\/revisions"}],"predecessor-version":[{"id":39339,"href":"https:\/\/lasentinelle.dz\/index.php\/wp-json\/wp\/v2\/posts\/39336\/revisions\/39339"}],"wp:featuredmedia":[{"embeddable":true,"href":"https:\/\/lasentinelle.dz\/index.php\/wp-json\/wp\/v2\/media\/39337"}],"wp:attachment":[{"href":"https:\/\/lasentinelle.dz\/index.php\/wp-json\/wp\/v2\/media?parent=39336"}],"wp:term":[{"taxonomy":"category","embeddable":true,"href":"https:\/\/lasentinelle.dz\/index.php\/wp-json\/wp\/v2\/categories?post=39336"},{"taxonomy":"post_tag","embeddable":true,"href":"https:\/\/lasentinelle.dz\/index.php\/wp-json\/wp\/v2\/tags?post=39336"}],"curies":[{"name":"wp","href":"https:\/\/api.w.org\/{rel}","templated":true}]}}