{"id":39345,"date":"2023-04-11T22:05:00","date_gmt":"2023-04-11T21:05:00","guid":{"rendered":"https:\/\/lasentinelle.dz\/?p=39345"},"modified":"2023-04-11T17:35:54","modified_gmt":"2023-04-11T16:35:54","slug":"el-tarf-lapw-demande-le-depart-du-dsp","status":"publish","type":"post","link":"https:\/\/lasentinelle.dz\/index.php\/2023\/04\/11\/el-tarf-lapw-demande-le-depart-du-dsp\/","title":{"rendered":"El Tarf\u00a0: L\u2019APW demande le d\u00e9part du DSP"},"content":{"rendered":"\n<p>Le pr\u00e9sident de l\u2019Assembl\u00e9e populaire de wilaya (APW) d\u2019El Tarf&nbsp; a vivement critiqu\u00e9 le Directeur de la sant\u00e9 et de la population et a demand\u00e9 son limogeage.<\/p>\n\n\n\n<p>En effet, lors de la deuxi\u00e8me journ\u00e9e de la premi\u00e8re session de l\u2019APW, le pr\u00e9sident de l\u2019Assembl\u00e9e populaire de&nbsp; wilaya s\u2019en est ouvertement pris au DSP. Devant tous les pr\u00e9sents, dont le wali, les membres de l\u2019APW, les directeurs de l\u2019ex\u00e9cutif local , les chefs de da\u00efra et les 24 P\/APC, le pr\u00e9sident de l\u2019APW&nbsp; a lanc\u00e9 au DSP : \u00ab&nbsp;Vous \u00eates incomp\u00e9tent et le secteur en p\u00e2tit. Vous maltraitez les agents, dont les infirmiers et les femmes de m\u00e9nage, en usant de propos inappropri\u00e9s&nbsp;\u00bb, a-t-il dit. Il a \u00e9t\u00e9 jusqu\u2019\u00e0 demander au&nbsp; premier responsable de la wilaya de le limoger. Selon la source qui a nous a confi\u00e9 l\u2019information, le DSP en question avait fait l\u2019objet d\u2019une forte contestation dans la wilaya d\u2019Oum El Bouaghi o\u00f9 il exer\u00e7ait les m\u00eames fonctions. Des sit-in avaient \u00e9t\u00e9, nous dit-on,&nbsp; organis\u00e9s pour revendiquer son d\u00e9part avant sa nomination dans la wilaya d\u2019El Tarf. Selon la m\u00eame source, lors de la derni\u00e8re session de l\u2019ann\u00e9e \u00e9coul\u00e9e, un \u00e9lu de l\u2019APW avait \u00e9voqu\u00e9 la panne du scanner de l\u2019Etablissement Public Hospitalier (EPH) de 240 lits p\u00e9diatrique. Le DSP, qui semblait assoupi, a donn\u00e9 des explications sur cette panne qui dure depuis des mois, sans pour autant convaincre le wali qui le lui avait fait savoir. De l\u2019avis des habitants de la wilaya d\u2019El Tarf et des professionnels de la sant\u00e9, le secteur est au plus mal depuis l\u2019arriv\u00e9e de ce responsable. Le bloc op\u00e9ratoire de l\u2019EPH d\u2019El Tarf est hors service depuis plus de deux ans suite \u00e0 un incendie. L\u2019hygi\u00e8ne laisse \u00e0 d\u00e9sirer dans certains \u00e9tablissements hospitaliers comme l\u2019EPH p\u00e9diatrique. En plus du&nbsp; manque criard de moyens et d\u2019\u00e9quipements,&nbsp; qui complique, nous ajoute-t-on,&nbsp; le travail des&nbsp; professionnels de la sant\u00e9. Pour ne citer que ces quelques \u00e9chantillons \u00e0 l\u2019origine des d\u00e9sagr\u00e9ments occasionn\u00e9s tant aux personnels m\u00e9dicaux qu\u2019aux patients, nous pr\u00e9cise-t-on.&nbsp; Lors de sa s\u00e9ance de lynchage, le P \/APW, n\u2019a pas manqu\u00e9 de mettre en avant le comportement&nbsp; du DSP, d\u00e9nonc\u00e9&nbsp; par des m\u00e9decins venus aider les personnes souffrant de br\u00fblures apr\u00e8s les incendies de l\u2019\u00e9t\u00e9 2022. Voulant simplement effectuer une visite de courtoisie, ils auraient \u00e9t\u00e9 mal re\u00e7us par ce directeur de la sant\u00e9. Deux m\u00e9decins sp\u00e9cialistes ont m\u00eame d\u00e9missionn\u00e9 en raison de ce genre de comportement. Selon la m\u00eame source, l\u2019ensemble de l\u2019ex\u00e9cutif&nbsp; local n\u2019ont pas manqu\u00e9 de subir leur lots de critiques. Puisque selon la m\u00eame source, le pr\u00e9sident de l\u2019assembl\u00e9e populaire de wilaya ne s\u2019est pas limit\u00e9 \u00e0 ce&nbsp; stade. Il&nbsp; a \u00e9galement lanc\u00e9 des pics envers les directeurs de l\u2019ex\u00e9cutif qui, selon lui, pataugent&nbsp; dans leurs missions et entravent \u00e0 leur mani\u00e8re le d\u00e9veloppement de la r\u00e9gion, impactant de ce fait le quotidien des habitants de la wilaya d\u2019El Tarf, malgr\u00e9 les atouts dont elle dispose.<\/p>\n\n\n\n<p><strong>Sofia Chahine<\/strong><\/p>\n","protected":false},"excerpt":{"rendered":"<p>Le pr\u00e9sident de l\u2019Assembl\u00e9e populaire de wilaya (APW) d\u2019El Tarf&nbsp; a vivement critiqu\u00e9 le Directeur de la sant\u00e9 et de<\/p>\n","protected":false},"author":3,"featured_media":39346,"comment_status":"open","ping_status":"closed","sticky":false,"template":"","format":"standard","meta":{"colormag_page_container_layout":"default_layout","colormag_page_sidebar_layout":"default_layout","om_disable_all_campaigns":false,"_monsterinsights_skip_tracking":false,"_monsterinsights_sitenote_active":false,"_monsterinsights_sitenote_note":"","_monsterinsights_sitenote_category":0,"footnotes":"","_wpscppro_dont_share_socialmedia":false,"_wpscppro_custom_social_share_image":0,"_facebook_share_type":"","_twitter_share_type":"","_linkedin_share_type":"","_pinterest_share_type":"","_linkedin_share_type_page":"","_instagram_share_type":"","_medium_share_type":"","_threads_share_type":"","_google_business_share_type":"","_selected_social_profile":[],"_wpsp_enable_custom_social_template":false,"_wpsp_social_scheduling":{"enabled":false,"datetime":null,"platforms":[],"status":"template_only","dateOption":"today","timeOption":"now","customDays":"","customHours":"","customDate":"","customTime":"","schedulingType":"absolute"},"_wpsp_active_default_template":true},"categories":[31],"tags":[],"class_list":["post-39345","post","type-post","status-publish","format-standard","has-post-thumbnail","hentry","category-regions"],"aioseo_notices":[],"yoast_head":"<!-- This site is optimized with the Yoast SEO plugin v27.5 - https:\/\/yoast.com\/product\/yoast-seo-wordpress\/ -->\n<title>El Tarf\u00a0: L\u2019APW demande le d\u00e9part du DSP - La Sentinelle<\/title>\n<meta name=\"robots\" content=\"index, follow, max-snippet:-1, max-image-preview:large, max-video-preview:-1\" \/>\n<link rel=\"canonical\" href=\"https:\/\/lasentinelle.dz\/index.php\/2023\/04\/11\/el-tarf-lapw-demande-le-depart-du-dsp\/\" \/>\n<meta property=\"og:locale\" content=\"fr_FR\" \/>\n<meta property=\"og:type\" content=\"article\" \/>\n<meta property=\"og:title\" content=\"El Tarf\u00a0: L\u2019APW demande le d\u00e9part du DSP - La Sentinelle\" \/>\n<meta property=\"og:description\" content=\"Le pr\u00e9sident de l\u2019Assembl\u00e9e populaire de wilaya (APW) d\u2019El Tarf&nbsp; a vivement critiqu\u00e9 le Directeur de la sant\u00e9 et de\" \/>\n<meta property=\"og:url\" content=\"https:\/\/lasentinelle.dz\/index.php\/2023\/04\/11\/el-tarf-lapw-demande-le-depart-du-dsp\/\" \/>\n<meta property=\"og:site_name\" content=\"La Sentinelle\" \/>\n<meta property=\"article:publisher\" content=\"https:\/\/www.facebook.com\/La-Sentinelle-104059864394773\" \/>\n<meta property=\"article:published_time\" content=\"2023-04-11T21:05:00+00:00\" \/>\n<meta property=\"og:image\" content=\"https:\/\/lasentinelle.dz\/wp-content\/uploads\/2023\/04\/APW-del-tarf.png\" \/>\n\t<meta property=\"og:image:width\" content=\"1724\" \/>\n\t<meta property=\"og:image:height\" content=\"900\" \/>\n\t<meta property=\"og:image:type\" content=\"image\/png\" \/>\n<meta name=\"author\" content=\"La Sentinelle\" \/>\n<meta name=\"twitter:card\" content=\"summary_large_image\" \/>\n<meta name=\"twitter:label1\" content=\"\u00c9crit par\" \/>\n\t<meta name=\"twitter:data1\" content=\"La Sentinelle\" \/>\n\t<meta name=\"twitter:label2\" content=\"Dur\u00e9e de lecture estim\u00e9e\" \/>\n\t<meta name=\"twitter:data2\" content=\"3 minutes\" \/>\n<script type=\"application\/ld+json\" class=\"yoast-schema-graph\">{\"@context\":\"https:\\\/\\\/schema.org\",\"@graph\":[{\"@type\":\"Article\",\"@id\":\"https:\\\/\\\/lasentinelle.dz\\\/index.php\\\/2023\\\/04\\\/11\\\/el-tarf-lapw-demande-le-depart-du-dsp\\\/#article\",\"isPartOf\":{\"@id\":\"https:\\\/\\\/lasentinelle.dz\\\/index.php\\\/2023\\\/04\\\/11\\\/el-tarf-lapw-demande-le-depart-du-dsp\\\/\"},\"author\":{\"name\":\"La Sentinelle\",\"@id\":\"https:\\\/\\\/lasentinelle.dz\\\/#\\\/schema\\\/person\\\/d865044e22e70a75174ce8bcad3acfb3\"},\"headline\":\"El Tarf\u00a0: L\u2019APW demande le d\u00e9part du DSP\",\"datePublished\":\"2023-04-11T21:05:00+00:00\",\"mainEntityOfPage\":{\"@id\":\"https:\\\/\\\/lasentinelle.dz\\\/index.php\\\/2023\\\/04\\\/11\\\/el-tarf-lapw-demande-le-depart-du-dsp\\\/\"},\"wordCount\":594,\"commentCount\":0,\"publisher\":{\"@id\":\"https:\\\/\\\/lasentinelle.dz\\\/#organization\"},\"image\":{\"@id\":\"https:\\\/\\\/lasentinelle.dz\\\/index.php\\\/2023\\\/04\\\/11\\\/el-tarf-lapw-demande-le-depart-du-dsp\\\/#primaryimage\"},\"thumbnailUrl\":\"https:\\\/\\\/lasentinelle.dz\\\/wp-content\\\/uploads\\\/2023\\\/04\\\/APW-del-tarf.png\",\"articleSection\":[\"R\u00e9gions\"],\"inLanguage\":\"fr-FR\",\"potentialAction\":[{\"@type\":\"CommentAction\",\"name\":\"Comment\",\"target\":[\"https:\\\/\\\/lasentinelle.dz\\\/index.php\\\/2023\\\/04\\\/11\\\/el-tarf-lapw-demande-le-depart-du-dsp\\\/#respond\"]}]},{\"@type\":\"WebPage\",\"@id\":\"https:\\\/\\\/lasentinelle.dz\\\/index.php\\\/2023\\\/04\\\/11\\\/el-tarf-lapw-demande-le-depart-du-dsp\\\/\",\"url\":\"https:\\\/\\\/lasentinelle.dz\\\/index.php\\\/2023\\\/04\\\/11\\\/el-tarf-lapw-demande-le-depart-du-dsp\\\/\",\"name\":\"El Tarf\u00a0: L\u2019APW demande le d\u00e9part du DSP - La Sentinelle\",\"isPartOf\":{\"@id\":\"https:\\\/\\\/lasentinelle.dz\\\/#website\"},\"primaryImageOfPage\":{\"@id\":\"https:\\\/\\\/lasentinelle.dz\\\/index.php\\\/2023\\\/04\\\/11\\\/el-tarf-lapw-demande-le-depart-du-dsp\\\/#primaryimage\"},\"image\":{\"@id\":\"https:\\\/\\\/lasentinelle.dz\\\/index.php\\\/2023\\\/04\\\/11\\\/el-tarf-lapw-demande-le-depart-du-dsp\\\/#primaryimage\"},\"thumbnailUrl\":\"https:\\\/\\\/lasentinelle.dz\\\/wp-content\\\/uploads\\\/2023\\\/04\\\/APW-del-tarf.png\",\"datePublished\":\"2023-04-11T21:05:00+00:00\",\"breadcrumb\":{\"@id\":\"https:\\\/\\\/lasentinelle.dz\\\/index.php\\\/2023\\\/04\\\/11\\\/el-tarf-lapw-demande-le-depart-du-dsp\\\/#breadcrumb\"},\"inLanguage\":\"fr-FR\",\"potentialAction\":[{\"@type\":\"ReadAction\",\"target\":[\"https:\\\/\\\/lasentinelle.dz\\\/index.php\\\/2023\\\/04\\\/11\\\/el-tarf-lapw-demande-le-depart-du-dsp\\\/\"]}]},{\"@type\":\"ImageObject\",\"inLanguage\":\"fr-FR\",\"@id\":\"https:\\\/\\\/lasentinelle.dz\\\/index.php\\\/2023\\\/04\\\/11\\\/el-tarf-lapw-demande-le-depart-du-dsp\\\/#primaryimage\",\"url\":\"https:\\\/\\\/lasentinelle.dz\\\/wp-content\\\/uploads\\\/2023\\\/04\\\/APW-del-tarf.png\",\"contentUrl\":\"https:\\\/\\\/lasentinelle.dz\\\/wp-content\\\/uploads\\\/2023\\\/04\\\/APW-del-tarf.png\",\"width\":1724,\"height\":900},{\"@type\":\"BreadcrumbList\",\"@id\":\"https:\\\/\\\/lasentinelle.dz\\\/index.php\\\/2023\\\/04\\\/11\\\/el-tarf-lapw-demande-le-depart-du-dsp\\\/#breadcrumb\",\"itemListElement\":[{\"@type\":\"ListItem\",\"position\":1,\"name\":\"Accueil\",\"item\":\"https:\\\/\\\/lasentinelle.dz\\\/\"},{\"@type\":\"ListItem\",\"position\":2,\"name\":\"El Tarf\u00a0: L\u2019APW demande le d\u00e9part du DSP\"}]},{\"@type\":\"WebSite\",\"@id\":\"https:\\\/\\\/lasentinelle.dz\\\/#website\",\"url\":\"https:\\\/\\\/lasentinelle.dz\\\/\",\"name\":\"La Sentinelle\",\"description\":\"Quotidien national d&#039;information\",\"publisher\":{\"@id\":\"https:\\\/\\\/lasentinelle.dz\\\/#organization\"},\"potentialAction\":[{\"@type\":\"SearchAction\",\"target\":{\"@type\":\"EntryPoint\",\"urlTemplate\":\"https:\\\/\\\/lasentinelle.dz\\\/?s={search_term_string}\"},\"query-input\":{\"@type\":\"PropertyValueSpecification\",\"valueRequired\":true,\"valueName\":\"search_term_string\"}}],\"inLanguage\":\"fr-FR\"},{\"@type\":\"Organization\",\"@id\":\"https:\\\/\\\/lasentinelle.dz\\\/#organization\",\"name\":\"Quotidien La Sentinelle\",\"url\":\"https:\\\/\\\/lasentinelle.dz\\\/\",\"logo\":{\"@type\":\"ImageObject\",\"inLanguage\":\"fr-FR\",\"@id\":\"https:\\\/\\\/lasentinelle.dz\\\/#\\\/schema\\\/logo\\\/image\\\/\",\"url\":\"https:\\\/\\\/lasentinelle.dz\\\/wp-content\\\/uploads\\\/2021\\\/09\\\/logo-sentinelleSLOGAN-1.png\",\"contentUrl\":\"https:\\\/\\\/lasentinelle.dz\\\/wp-content\\\/uploads\\\/2021\\\/09\\\/logo-sentinelleSLOGAN-1.png\",\"width\":615,\"height\":142,\"caption\":\"Quotidien La Sentinelle\"},\"image\":{\"@id\":\"https:\\\/\\\/lasentinelle.dz\\\/#\\\/schema\\\/logo\\\/image\\\/\"},\"sameAs\":[\"https:\\\/\\\/www.facebook.com\\\/La-Sentinelle-104059864394773\"]},{\"@type\":\"Person\",\"@id\":\"https:\\\/\\\/lasentinelle.dz\\\/#\\\/schema\\\/person\\\/d865044e22e70a75174ce8bcad3acfb3\",\"name\":\"La Sentinelle\",\"image\":{\"@type\":\"ImageObject\",\"inLanguage\":\"fr-FR\",\"@id\":\"https:\\\/\\\/secure.gravatar.com\\\/avatar\\\/57de8e5d4b15d43fb361a71fbb36338450fe67865b528a43dd10ef7c51a20392?s=96&d=mm&r=g\",\"url\":\"https:\\\/\\\/secure.gravatar.com\\\/avatar\\\/57de8e5d4b15d43fb361a71fbb36338450fe67865b528a43dd10ef7c51a20392?s=96&d=mm&r=g\",\"contentUrl\":\"https:\\\/\\\/secure.gravatar.com\\\/avatar\\\/57de8e5d4b15d43fb361a71fbb36338450fe67865b528a43dd10ef7c51a20392?s=96&d=mm&r=g\",\"caption\":\"La Sentinelle\"},\"sameAs\":[\"http:\\\/\\\/www.lasentinelle.dz\"],\"url\":\"https:\\\/\\\/lasentinelle.dz\\\/author\\\/redaction\\\/\"}]}<\/script>\n<!-- \/ Yoast SEO plugin. -->","yoast_head_json":{"title":"El Tarf\u00a0: L\u2019APW demande le d\u00e9part du DSP - La Sentinelle","robots":{"index":"index","follow":"follow","max-snippet":"max-snippet:-1","max-image-preview":"max-image-preview:large","max-video-preview":"max-video-preview:-1"},"canonical":"https:\/\/lasentinelle.dz\/index.php\/2023\/04\/11\/el-tarf-lapw-demande-le-depart-du-dsp\/","og_locale":"fr_FR","og_type":"article","og_title":"El Tarf\u00a0: L\u2019APW demande le d\u00e9part du DSP - La Sentinelle","og_description":"Le pr\u00e9sident de l\u2019Assembl\u00e9e populaire de wilaya (APW) d\u2019El Tarf&nbsp; a vivement critiqu\u00e9 le Directeur de la sant\u00e9 et de","og_url":"https:\/\/lasentinelle.dz\/index.php\/2023\/04\/11\/el-tarf-lapw-demande-le-depart-du-dsp\/","og_site_name":"La Sentinelle","article_publisher":"https:\/\/www.facebook.com\/La-Sentinelle-104059864394773","article_published_time":"2023-04-11T21:05:00+00:00","og_image":[{"width":1724,"height":900,"url":"https:\/\/lasentinelle.dz\/wp-content\/uploads\/2023\/04\/APW-del-tarf.png","type":"image\/png"}],"author":"La Sentinelle","twitter_card":"summary_large_image","twitter_misc":{"\u00c9crit par":"La Sentinelle","Dur\u00e9e de lecture estim\u00e9e":"3 minutes"},"schema":{"@context":"https:\/\/schema.org","@graph":[{"@type":"Article","@id":"https:\/\/lasentinelle.dz\/index.php\/2023\/04\/11\/el-tarf-lapw-demande-le-depart-du-dsp\/#article","isPartOf":{"@id":"https:\/\/lasentinelle.dz\/index.php\/2023\/04\/11\/el-tarf-lapw-demande-le-depart-du-dsp\/"},"author":{"name":"La Sentinelle","@id":"https:\/\/lasentinelle.dz\/#\/schema\/person\/d865044e22e70a75174ce8bcad3acfb3"},"headline":"El Tarf\u00a0: L\u2019APW demande le d\u00e9part du DSP","datePublished":"2023-04-11T21:05:00+00:00","mainEntityOfPage":{"@id":"https:\/\/lasentinelle.dz\/index.php\/2023\/04\/11\/el-tarf-lapw-demande-le-depart-du-dsp\/"},"wordCount":594,"commentCount":0,"publisher":{"@id":"https:\/\/lasentinelle.dz\/#organization"},"image":{"@id":"https:\/\/lasentinelle.dz\/index.php\/2023\/04\/11\/el-tarf-lapw-demande-le-depart-du-dsp\/#primaryimage"},"thumbnailUrl":"https:\/\/lasentinelle.dz\/wp-content\/uploads\/2023\/04\/APW-del-tarf.png","articleSection":["R\u00e9gions"],"inLanguage":"fr-FR","potentialAction":[{"@type":"CommentAction","name":"Comment","target":["https:\/\/lasentinelle.dz\/index.php\/2023\/04\/11\/el-tarf-lapw-demande-le-depart-du-dsp\/#respond"]}]},{"@type":"WebPage","@id":"https:\/\/lasentinelle.dz\/index.php\/2023\/04\/11\/el-tarf-lapw-demande-le-depart-du-dsp\/","url":"https:\/\/lasentinelle.dz\/index.php\/2023\/04\/11\/el-tarf-lapw-demande-le-depart-du-dsp\/","name":"El Tarf\u00a0: L\u2019APW demande le d\u00e9part du DSP - La Sentinelle","isPartOf":{"@id":"https:\/\/lasentinelle.dz\/#website"},"primaryImageOfPage":{"@id":"https:\/\/lasentinelle.dz\/index.php\/2023\/04\/11\/el-tarf-lapw-demande-le-depart-du-dsp\/#primaryimage"},"image":{"@id":"https:\/\/lasentinelle.dz\/index.php\/2023\/04\/11\/el-tarf-lapw-demande-le-depart-du-dsp\/#primaryimage"},"thumbnailUrl":"https:\/\/lasentinelle.dz\/wp-content\/uploads\/2023\/04\/APW-del-tarf.png","datePublished":"2023-04-11T21:05:00+00:00","breadcrumb":{"@id":"https:\/\/lasentinelle.dz\/index.php\/2023\/04\/11\/el-tarf-lapw-demande-le-depart-du-dsp\/#breadcrumb"},"inLanguage":"fr-FR","potentialAction":[{"@type":"ReadAction","target":["https:\/\/lasentinelle.dz\/index.php\/2023\/04\/11\/el-tarf-lapw-demande-le-depart-du-dsp\/"]}]},{"@type":"ImageObject","inLanguage":"fr-FR","@id":"https:\/\/lasentinelle.dz\/index.php\/2023\/04\/11\/el-tarf-lapw-demande-le-depart-du-dsp\/#primaryimage","url":"https:\/\/lasentinelle.dz\/wp-content\/uploads\/2023\/04\/APW-del-tarf.png","contentUrl":"https:\/\/lasentinelle.dz\/wp-content\/uploads\/2023\/04\/APW-del-tarf.png","width":1724,"height":900},{"@type":"BreadcrumbList","@id":"https:\/\/lasentinelle.dz\/index.php\/2023\/04\/11\/el-tarf-lapw-demande-le-depart-du-dsp\/#breadcrumb","itemListElement":[{"@type":"ListItem","position":1,"name":"Accueil","item":"https:\/\/lasentinelle.dz\/"},{"@type":"ListItem","position":2,"name":"El Tarf\u00a0: L\u2019APW demande le d\u00e9part du DSP"}]},{"@type":"WebSite","@id":"https:\/\/lasentinelle.dz\/#website","url":"https:\/\/lasentinelle.dz\/","name":"La Sentinelle","description":"Quotidien national d&#039;information","publisher":{"@id":"https:\/\/lasentinelle.dz\/#organization"},"potentialAction":[{"@type":"SearchAction","target":{"@type":"EntryPoint","urlTemplate":"https:\/\/lasentinelle.dz\/?s={search_term_string}"},"query-input":{"@type":"PropertyValueSpecification","valueRequired":true,"valueName":"search_term_string"}}],"inLanguage":"fr-FR"},{"@type":"Organization","@id":"https:\/\/lasentinelle.dz\/#organization","name":"Quotidien La Sentinelle","url":"https:\/\/lasentinelle.dz\/","logo":{"@type":"ImageObject","inLanguage":"fr-FR","@id":"https:\/\/lasentinelle.dz\/#\/schema\/logo\/image\/","url":"https:\/\/lasentinelle.dz\/wp-content\/uploads\/2021\/09\/logo-sentinelleSLOGAN-1.png","contentUrl":"https:\/\/lasentinelle.dz\/wp-content\/uploads\/2021\/09\/logo-sentinelleSLOGAN-1.png","width":615,"height":142,"caption":"Quotidien La Sentinelle"},"image":{"@id":"https:\/\/lasentinelle.dz\/#\/schema\/logo\/image\/"},"sameAs":["https:\/\/www.facebook.com\/La-Sentinelle-104059864394773"]},{"@type":"Person","@id":"https:\/\/lasentinelle.dz\/#\/schema\/person\/d865044e22e70a75174ce8bcad3acfb3","name":"La Sentinelle","image":{"@type":"ImageObject","inLanguage":"fr-FR","@id":"https:\/\/secure.gravatar.com\/avatar\/57de8e5d4b15d43fb361a71fbb36338450fe67865b528a43dd10ef7c51a20392?s=96&d=mm&r=g","url":"https:\/\/secure.gravatar.com\/avatar\/57de8e5d4b15d43fb361a71fbb36338450fe67865b528a43dd10ef7c51a20392?s=96&d=mm&r=g","contentUrl":"https:\/\/secure.gravatar.com\/avatar\/57de8e5d4b15d43fb361a71fbb36338450fe67865b528a43dd10ef7c51a20392?s=96&d=mm&r=g","caption":"La Sentinelle"},"sameAs":["http:\/\/www.lasentinelle.dz"],"url":"https:\/\/lasentinelle.dz\/author\/redaction\/"}]}},"_links":{"self":[{"href":"https:\/\/lasentinelle.dz\/index.php\/wp-json\/wp\/v2\/posts\/39345","targetHints":{"allow":["GET"]}}],"collection":[{"href":"https:\/\/lasentinelle.dz\/index.php\/wp-json\/wp\/v2\/posts"}],"about":[{"href":"https:\/\/lasentinelle.dz\/index.php\/wp-json\/wp\/v2\/types\/post"}],"author":[{"embeddable":true,"href":"https:\/\/lasentinelle.dz\/index.php\/wp-json\/wp\/v2\/users\/3"}],"replies":[{"embeddable":true,"href":"https:\/\/lasentinelle.dz\/index.php\/wp-json\/wp\/v2\/comments?post=39345"}],"version-history":[{"count":1,"href":"https:\/\/lasentinelle.dz\/index.php\/wp-json\/wp\/v2\/posts\/39345\/revisions"}],"predecessor-version":[{"id":39347,"href":"https:\/\/lasentinelle.dz\/index.php\/wp-json\/wp\/v2\/posts\/39345\/revisions\/39347"}],"wp:featuredmedia":[{"embeddable":true,"href":"https:\/\/lasentinelle.dz\/index.php\/wp-json\/wp\/v2\/media\/39346"}],"wp:attachment":[{"href":"https:\/\/lasentinelle.dz\/index.php\/wp-json\/wp\/v2\/media?parent=39345"}],"wp:term":[{"taxonomy":"category","embeddable":true,"href":"https:\/\/lasentinelle.dz\/index.php\/wp-json\/wp\/v2\/categories?post=39345"},{"taxonomy":"post_tag","embeddable":true,"href":"https:\/\/lasentinelle.dz\/index.php\/wp-json\/wp\/v2\/tags?post=39345"}],"curies":[{"name":"wp","href":"https:\/\/api.w.org\/{rel}","templated":true}]}}