{"id":39374,"date":"2023-04-11T22:08:00","date_gmt":"2023-04-11T21:08:00","guid":{"rendered":"https:\/\/lasentinelle.dz\/?p=39374"},"modified":"2023-04-11T21:55:53","modified_gmt":"2023-04-11T20:55:53","slug":"leurs-exportations-ont-baisse-de-93-entre-juin-et-decembre-2022-les-espagnols-craignent-de-perdre-le-marche-algerien","status":"publish","type":"post","link":"https:\/\/lasentinelle.dz\/index.php\/2023\/04\/11\/leurs-exportations-ont-baisse-de-93-entre-juin-et-decembre-2022-les-espagnols-craignent-de-perdre-le-marche-algerien\/","title":{"rendered":"Leurs exportations ont baiss\u00e9 de 93% entre juin et d\u00e9cembre 2022\u00a0: Les Espagnols craignent de perdre le march\u00e9 alg\u00e9rien"},"content":{"rendered":"\n<p>La crise diplomatique entre l\u2019Alg\u00e9rie et l\u2019Espagne provoqu\u00e9e par le Gouvernement de Pedro Sanchez a eu des cons\u00e9quences n\u00e9fastes pour le commerce entre les deux pays et particuli\u00e8rement pour les entreprises espagnoles. Ainsi, les exportations espagnoles vers l\u2019Alg\u00e9rie ont chut\u00e9 au cours du second semestre 2022. Des exportations qui ont baiss\u00e9 de pas moins de 93%, selon les donn\u00e9es du secr\u00e9tariat d\u2019\u00c9tat espagnol au commerce. Ainsi, en d\u00e9cembre les exportations espagnoles n\u2019ont atteint que 10,8 millions d&rsquo;euros contre une moyenne mensuelle de 169 millions entre janvier et mai 2022. &nbsp;Aussi, selon les donn\u00e9es d&rsquo;ICEX Spain Export and Investment, un total de 129 475 entreprises espagnoles ont cess\u00e9 d&rsquo;avoir des accords commerciaux avec l&rsquo;Alg\u00e9rie alors que 8 934 exportateurs espagnols r\u00e9guliers ont \u00e9galement interrompu leur activit\u00e9 en Alg\u00e9rie. \u00ab\u00a0<\/p>\n\n\n\n<p>L&rsquo;ICEX les secteurs les plus touch\u00e9s sont ceux des services int\u00e9gr\u00e9s d&rsquo;ing\u00e9nierie \u00e9nerg\u00e9tique ; fabrication d&rsquo;avions; services li\u00e9s au tourisme; l&rsquo;installation, l&rsquo;entretien et la distribution de p\u00e9trole et de gaz et de produits en acier alli\u00e9. Il s\u2019agit \u00e9galement des secteurs des services de construction pour le b\u00e2timent et les travaux publics, la finance, les t\u00e9l\u00e9communications, le conseil juridique, les machines et \u00e9quipements pour l&rsquo;industrie p\u00e9troli\u00e8re, les infrastructures hydrauliques, les trains, la c\u00e9ramique, la parfumerie, les boissons non alcoolis\u00e9es ou le d\u00e9veloppement immobilier, entre autres. Les Espagnols ne cachent d\u2019ailleurs pas leurs craintes quant aux cons\u00e9quences \u00e0 long terme de la politique du gouvernement Sanchez sur les relations commerciales entre les deux pays. Selon le m\u00e9dia espagnol ABC, Haizam Amirah Fern\u00e1ndez, chercheur principal pour la M\u00e9diterran\u00e9e et le monde arabe \u00e0 l&rsquo;Institut royal Elcano dit craindre que le l\u2019Espagne \u00ab&nbsp;ne de perde sa part de march\u00e9 en Alg\u00e9rie, au profit d&rsquo;autres pays&nbsp;\u00bb. Il \u00e9voque notamment \u00ab&nbsp;l&rsquo;Italie qui se positionne pour occuper cet espace&nbsp;\u00bb.<\/p>\n\n\n\n<p>Pour rappel, la crise diplomatique entre l\u2019Alg\u00e9rie et l\u2019Espagne dure depuis une ann\u00e9e. Elle a \u00e9t\u00e9 provoqu\u00e9e par le gouvernement espagnol, dirig\u00e9 par Pedro Sanchez, qui a annonc\u00e9 le 18 mars 2022 un changement de sa position concernant la question du Sahara occidental, en soutenant le plan du Maroc pour ce territoire occup\u00e9.<\/p>\n\n\n\n<p>En r\u00e9action, l\u2019Alg\u00e9rie avait prix plusieurs mesures \u00e0 l\u2019\u00e9gard de l\u2019Espagne, en rappelant le 19 mars de l\u2019ann\u00e9e derni\u00e8re son&nbsp;ambassadeur \u00e0 Madrid. Cette d\u00e9cision a \u00e9t\u00e9 suivie le 8 juin dernier par la&nbsp;suspension du Trait\u00e9 d\u2019amiti\u00e9, de coop\u00e9ration et de bon voisinage reliant l\u2019Alg\u00e9rie et l\u2019Espagne sign\u00e9 en 2002.<\/p>\n\n\n\n<p>Ensuite, le 9 juin 2022, l\u2019Alg\u00e9rie avait \u00e9galement d\u00e9cid\u00e9 de geler les domiciliations bancaires des op\u00e9rations de commerce ext\u00e9rieur de produits et services, de et vers l\u2019Espagne.<\/p>\n\n\n\n<p><strong>Chokri Hafed<\/strong><\/p>\n","protected":false},"excerpt":{"rendered":"<p>La crise diplomatique entre l\u2019Alg\u00e9rie et l\u2019Espagne provoqu\u00e9e par le Gouvernement de Pedro Sanchez a eu des cons\u00e9quences n\u00e9fastes pour<\/p>\n","protected":false},"author":3,"featured_media":22629,"comment_status":"open","ping_status":"closed","sticky":false,"template":"","format":"standard","meta":{"colormag_page_container_layout":"default_layout","colormag_page_sidebar_layout":"default_layout","om_disable_all_campaigns":false,"_monsterinsights_skip_tracking":false,"_monsterinsights_sitenote_active":false,"_monsterinsights_sitenote_note":"","_monsterinsights_sitenote_category":0,"footnotes":"","_wpscppro_dont_share_socialmedia":false,"_wpscppro_custom_social_share_image":0,"_facebook_share_type":"","_twitter_share_type":"","_linkedin_share_type":"","_pinterest_share_type":"","_linkedin_share_type_page":"","_instagram_share_type":"","_medium_share_type":"","_threads_share_type":"","_google_business_share_type":"","_selected_social_profile":[],"_wpsp_enable_custom_social_template":false,"_wpsp_social_scheduling":{"enabled":false,"datetime":null,"platforms":[],"status":"template_only","dateOption":"today","timeOption":"now","customDays":"","customHours":"","customDate":"","customTime":"","schedulingType":"absolute"},"_wpsp_active_default_template":true},"categories":[52,29],"tags":[],"class_list":["post-39374","post","type-post","status-publish","format-standard","has-post-thumbnail","hentry","category-a-la-une","category-economie"],"aioseo_notices":[],"yoast_head":"<!-- This site is optimized with the Yoast SEO plugin v27.5 - https:\/\/yoast.com\/product\/yoast-seo-wordpress\/ -->\n<title>Leurs exportations ont baiss\u00e9 de 93% entre juin et d\u00e9cembre 2022\u00a0: Les Espagnols craignent de perdre le march\u00e9 alg\u00e9rien - La Sentinelle<\/title>\n<meta name=\"robots\" content=\"index, follow, max-snippet:-1, max-image-preview:large, max-video-preview:-1\" \/>\n<link rel=\"canonical\" href=\"https:\/\/lasentinelle.dz\/index.php\/2023\/04\/11\/leurs-exportations-ont-baisse-de-93-entre-juin-et-decembre-2022-les-espagnols-craignent-de-perdre-le-marche-algerien\/\" \/>\n<meta property=\"og:locale\" content=\"fr_FR\" \/>\n<meta property=\"og:type\" content=\"article\" \/>\n<meta property=\"og:title\" content=\"Leurs exportations ont baiss\u00e9 de 93% entre juin et d\u00e9cembre 2022\u00a0: Les Espagnols craignent de perdre le march\u00e9 alg\u00e9rien - La Sentinelle\" \/>\n<meta property=\"og:description\" content=\"La crise diplomatique entre l\u2019Alg\u00e9rie et l\u2019Espagne provoqu\u00e9e par le Gouvernement de Pedro Sanchez a eu des cons\u00e9quences n\u00e9fastes pour\" \/>\n<meta property=\"og:url\" content=\"https:\/\/lasentinelle.dz\/index.php\/2023\/04\/11\/leurs-exportations-ont-baisse-de-93-entre-juin-et-decembre-2022-les-espagnols-craignent-de-perdre-le-marche-algerien\/\" \/>\n<meta property=\"og:site_name\" content=\"La Sentinelle\" \/>\n<meta property=\"article:publisher\" content=\"https:\/\/www.facebook.com\/La-Sentinelle-104059864394773\" \/>\n<meta property=\"article:published_time\" content=\"2023-04-11T21:08:00+00:00\" \/>\n<meta property=\"og:image\" content=\"https:\/\/lasentinelle.dz\/wp-content\/uploads\/2022\/06\/espange1.png\" \/>\n\t<meta property=\"og:image:width\" content=\"1774\" \/>\n\t<meta property=\"og:image:height\" content=\"900\" \/>\n\t<meta property=\"og:image:type\" content=\"image\/png\" \/>\n<meta name=\"author\" content=\"La Sentinelle\" \/>\n<meta name=\"twitter:card\" content=\"summary_large_image\" \/>\n<meta name=\"twitter:label1\" content=\"\u00c9crit par\" \/>\n\t<meta name=\"twitter:data1\" content=\"La Sentinelle\" \/>\n\t<meta name=\"twitter:label2\" content=\"Dur\u00e9e de lecture estim\u00e9e\" \/>\n\t<meta name=\"twitter:data2\" content=\"3 minutes\" \/>\n<script type=\"application\/ld+json\" class=\"yoast-schema-graph\">{\"@context\":\"https:\\\/\\\/schema.org\",\"@graph\":[{\"@type\":\"Article\",\"@id\":\"https:\\\/\\\/lasentinelle.dz\\\/index.php\\\/2023\\\/04\\\/11\\\/leurs-exportations-ont-baisse-de-93-entre-juin-et-decembre-2022-les-espagnols-craignent-de-perdre-le-marche-algerien\\\/#article\",\"isPartOf\":{\"@id\":\"https:\\\/\\\/lasentinelle.dz\\\/index.php\\\/2023\\\/04\\\/11\\\/leurs-exportations-ont-baisse-de-93-entre-juin-et-decembre-2022-les-espagnols-craignent-de-perdre-le-marche-algerien\\\/\"},\"author\":{\"name\":\"La Sentinelle\",\"@id\":\"https:\\\/\\\/lasentinelle.dz\\\/#\\\/schema\\\/person\\\/d865044e22e70a75174ce8bcad3acfb3\"},\"headline\":\"Leurs exportations ont baiss\u00e9 de 93% entre juin et d\u00e9cembre 2022\u00a0: Les Espagnols craignent de perdre le march\u00e9 alg\u00e9rien\",\"datePublished\":\"2023-04-11T21:08:00+00:00\",\"mainEntityOfPage\":{\"@id\":\"https:\\\/\\\/lasentinelle.dz\\\/index.php\\\/2023\\\/04\\\/11\\\/leurs-exportations-ont-baisse-de-93-entre-juin-et-decembre-2022-les-espagnols-craignent-de-perdre-le-marche-algerien\\\/\"},\"wordCount\":508,\"commentCount\":0,\"publisher\":{\"@id\":\"https:\\\/\\\/lasentinelle.dz\\\/#organization\"},\"image\":{\"@id\":\"https:\\\/\\\/lasentinelle.dz\\\/index.php\\\/2023\\\/04\\\/11\\\/leurs-exportations-ont-baisse-de-93-entre-juin-et-decembre-2022-les-espagnols-craignent-de-perdre-le-marche-algerien\\\/#primaryimage\"},\"thumbnailUrl\":\"https:\\\/\\\/lasentinelle.dz\\\/wp-content\\\/uploads\\\/2022\\\/06\\\/espange1.png\",\"articleSection\":[\"\u00c0 la Une\",\"\u00c9conomie\"],\"inLanguage\":\"fr-FR\",\"potentialAction\":[{\"@type\":\"CommentAction\",\"name\":\"Comment\",\"target\":[\"https:\\\/\\\/lasentinelle.dz\\\/index.php\\\/2023\\\/04\\\/11\\\/leurs-exportations-ont-baisse-de-93-entre-juin-et-decembre-2022-les-espagnols-craignent-de-perdre-le-marche-algerien\\\/#respond\"]}]},{\"@type\":\"WebPage\",\"@id\":\"https:\\\/\\\/lasentinelle.dz\\\/index.php\\\/2023\\\/04\\\/11\\\/leurs-exportations-ont-baisse-de-93-entre-juin-et-decembre-2022-les-espagnols-craignent-de-perdre-le-marche-algerien\\\/\",\"url\":\"https:\\\/\\\/lasentinelle.dz\\\/index.php\\\/2023\\\/04\\\/11\\\/leurs-exportations-ont-baisse-de-93-entre-juin-et-decembre-2022-les-espagnols-craignent-de-perdre-le-marche-algerien\\\/\",\"name\":\"Leurs exportations ont baiss\u00e9 de 93% entre juin et d\u00e9cembre 2022\u00a0: Les Espagnols craignent de perdre le march\u00e9 alg\u00e9rien - La Sentinelle\",\"isPartOf\":{\"@id\":\"https:\\\/\\\/lasentinelle.dz\\\/#website\"},\"primaryImageOfPage\":{\"@id\":\"https:\\\/\\\/lasentinelle.dz\\\/index.php\\\/2023\\\/04\\\/11\\\/leurs-exportations-ont-baisse-de-93-entre-juin-et-decembre-2022-les-espagnols-craignent-de-perdre-le-marche-algerien\\\/#primaryimage\"},\"image\":{\"@id\":\"https:\\\/\\\/lasentinelle.dz\\\/index.php\\\/2023\\\/04\\\/11\\\/leurs-exportations-ont-baisse-de-93-entre-juin-et-decembre-2022-les-espagnols-craignent-de-perdre-le-marche-algerien\\\/#primaryimage\"},\"thumbnailUrl\":\"https:\\\/\\\/lasentinelle.dz\\\/wp-content\\\/uploads\\\/2022\\\/06\\\/espange1.png\",\"datePublished\":\"2023-04-11T21:08:00+00:00\",\"breadcrumb\":{\"@id\":\"https:\\\/\\\/lasentinelle.dz\\\/index.php\\\/2023\\\/04\\\/11\\\/leurs-exportations-ont-baisse-de-93-entre-juin-et-decembre-2022-les-espagnols-craignent-de-perdre-le-marche-algerien\\\/#breadcrumb\"},\"inLanguage\":\"fr-FR\",\"potentialAction\":[{\"@type\":\"ReadAction\",\"target\":[\"https:\\\/\\\/lasentinelle.dz\\\/index.php\\\/2023\\\/04\\\/11\\\/leurs-exportations-ont-baisse-de-93-entre-juin-et-decembre-2022-les-espagnols-craignent-de-perdre-le-marche-algerien\\\/\"]}]},{\"@type\":\"ImageObject\",\"inLanguage\":\"fr-FR\",\"@id\":\"https:\\\/\\\/lasentinelle.dz\\\/index.php\\\/2023\\\/04\\\/11\\\/leurs-exportations-ont-baisse-de-93-entre-juin-et-decembre-2022-les-espagnols-craignent-de-perdre-le-marche-algerien\\\/#primaryimage\",\"url\":\"https:\\\/\\\/lasentinelle.dz\\\/wp-content\\\/uploads\\\/2022\\\/06\\\/espange1.png\",\"contentUrl\":\"https:\\\/\\\/lasentinelle.dz\\\/wp-content\\\/uploads\\\/2022\\\/06\\\/espange1.png\",\"width\":1774,\"height\":900},{\"@type\":\"BreadcrumbList\",\"@id\":\"https:\\\/\\\/lasentinelle.dz\\\/index.php\\\/2023\\\/04\\\/11\\\/leurs-exportations-ont-baisse-de-93-entre-juin-et-decembre-2022-les-espagnols-craignent-de-perdre-le-marche-algerien\\\/#breadcrumb\",\"itemListElement\":[{\"@type\":\"ListItem\",\"position\":1,\"name\":\"Accueil\",\"item\":\"https:\\\/\\\/lasentinelle.dz\\\/\"},{\"@type\":\"ListItem\",\"position\":2,\"name\":\"Leurs exportations ont baiss\u00e9 de 93% entre juin et d\u00e9cembre 2022\u00a0: Les Espagnols craignent de perdre le march\u00e9 alg\u00e9rien\"}]},{\"@type\":\"WebSite\",\"@id\":\"https:\\\/\\\/lasentinelle.dz\\\/#website\",\"url\":\"https:\\\/\\\/lasentinelle.dz\\\/\",\"name\":\"La Sentinelle\",\"description\":\"Quotidien national d&#039;information\",\"publisher\":{\"@id\":\"https:\\\/\\\/lasentinelle.dz\\\/#organization\"},\"potentialAction\":[{\"@type\":\"SearchAction\",\"target\":{\"@type\":\"EntryPoint\",\"urlTemplate\":\"https:\\\/\\\/lasentinelle.dz\\\/?s={search_term_string}\"},\"query-input\":{\"@type\":\"PropertyValueSpecification\",\"valueRequired\":true,\"valueName\":\"search_term_string\"}}],\"inLanguage\":\"fr-FR\"},{\"@type\":\"Organization\",\"@id\":\"https:\\\/\\\/lasentinelle.dz\\\/#organization\",\"name\":\"Quotidien La Sentinelle\",\"url\":\"https:\\\/\\\/lasentinelle.dz\\\/\",\"logo\":{\"@type\":\"ImageObject\",\"inLanguage\":\"fr-FR\",\"@id\":\"https:\\\/\\\/lasentinelle.dz\\\/#\\\/schema\\\/logo\\\/image\\\/\",\"url\":\"https:\\\/\\\/lasentinelle.dz\\\/wp-content\\\/uploads\\\/2021\\\/09\\\/logo-sentinelleSLOGAN-1.png\",\"contentUrl\":\"https:\\\/\\\/lasentinelle.dz\\\/wp-content\\\/uploads\\\/2021\\\/09\\\/logo-sentinelleSLOGAN-1.png\",\"width\":615,\"height\":142,\"caption\":\"Quotidien La Sentinelle\"},\"image\":{\"@id\":\"https:\\\/\\\/lasentinelle.dz\\\/#\\\/schema\\\/logo\\\/image\\\/\"},\"sameAs\":[\"https:\\\/\\\/www.facebook.com\\\/La-Sentinelle-104059864394773\"]},{\"@type\":\"Person\",\"@id\":\"https:\\\/\\\/lasentinelle.dz\\\/#\\\/schema\\\/person\\\/d865044e22e70a75174ce8bcad3acfb3\",\"name\":\"La Sentinelle\",\"image\":{\"@type\":\"ImageObject\",\"inLanguage\":\"fr-FR\",\"@id\":\"https:\\\/\\\/secure.gravatar.com\\\/avatar\\\/57de8e5d4b15d43fb361a71fbb36338450fe67865b528a43dd10ef7c51a20392?s=96&d=mm&r=g\",\"url\":\"https:\\\/\\\/secure.gravatar.com\\\/avatar\\\/57de8e5d4b15d43fb361a71fbb36338450fe67865b528a43dd10ef7c51a20392?s=96&d=mm&r=g\",\"contentUrl\":\"https:\\\/\\\/secure.gravatar.com\\\/avatar\\\/57de8e5d4b15d43fb361a71fbb36338450fe67865b528a43dd10ef7c51a20392?s=96&d=mm&r=g\",\"caption\":\"La Sentinelle\"},\"sameAs\":[\"http:\\\/\\\/www.lasentinelle.dz\"],\"url\":\"https:\\\/\\\/lasentinelle.dz\\\/author\\\/redaction\\\/\"}]}<\/script>\n<!-- \/ Yoast SEO plugin. -->","yoast_head_json":{"title":"Leurs exportations ont baiss\u00e9 de 93% entre juin et d\u00e9cembre 2022\u00a0: Les Espagnols craignent de perdre le march\u00e9 alg\u00e9rien - La Sentinelle","robots":{"index":"index","follow":"follow","max-snippet":"max-snippet:-1","max-image-preview":"max-image-preview:large","max-video-preview":"max-video-preview:-1"},"canonical":"https:\/\/lasentinelle.dz\/index.php\/2023\/04\/11\/leurs-exportations-ont-baisse-de-93-entre-juin-et-decembre-2022-les-espagnols-craignent-de-perdre-le-marche-algerien\/","og_locale":"fr_FR","og_type":"article","og_title":"Leurs exportations ont baiss\u00e9 de 93% entre juin et d\u00e9cembre 2022\u00a0: Les Espagnols craignent de perdre le march\u00e9 alg\u00e9rien - La Sentinelle","og_description":"La crise diplomatique entre l\u2019Alg\u00e9rie et l\u2019Espagne provoqu\u00e9e par le Gouvernement de Pedro Sanchez a eu des cons\u00e9quences n\u00e9fastes pour","og_url":"https:\/\/lasentinelle.dz\/index.php\/2023\/04\/11\/leurs-exportations-ont-baisse-de-93-entre-juin-et-decembre-2022-les-espagnols-craignent-de-perdre-le-marche-algerien\/","og_site_name":"La Sentinelle","article_publisher":"https:\/\/www.facebook.com\/La-Sentinelle-104059864394773","article_published_time":"2023-04-11T21:08:00+00:00","og_image":[{"width":1774,"height":900,"url":"https:\/\/lasentinelle.dz\/wp-content\/uploads\/2022\/06\/espange1.png","type":"image\/png"}],"author":"La Sentinelle","twitter_card":"summary_large_image","twitter_misc":{"\u00c9crit par":"La Sentinelle","Dur\u00e9e de lecture estim\u00e9e":"3 minutes"},"schema":{"@context":"https:\/\/schema.org","@graph":[{"@type":"Article","@id":"https:\/\/lasentinelle.dz\/index.php\/2023\/04\/11\/leurs-exportations-ont-baisse-de-93-entre-juin-et-decembre-2022-les-espagnols-craignent-de-perdre-le-marche-algerien\/#article","isPartOf":{"@id":"https:\/\/lasentinelle.dz\/index.php\/2023\/04\/11\/leurs-exportations-ont-baisse-de-93-entre-juin-et-decembre-2022-les-espagnols-craignent-de-perdre-le-marche-algerien\/"},"author":{"name":"La Sentinelle","@id":"https:\/\/lasentinelle.dz\/#\/schema\/person\/d865044e22e70a75174ce8bcad3acfb3"},"headline":"Leurs exportations ont baiss\u00e9 de 93% entre juin et d\u00e9cembre 2022\u00a0: Les Espagnols craignent de perdre le march\u00e9 alg\u00e9rien","datePublished":"2023-04-11T21:08:00+00:00","mainEntityOfPage":{"@id":"https:\/\/lasentinelle.dz\/index.php\/2023\/04\/11\/leurs-exportations-ont-baisse-de-93-entre-juin-et-decembre-2022-les-espagnols-craignent-de-perdre-le-marche-algerien\/"},"wordCount":508,"commentCount":0,"publisher":{"@id":"https:\/\/lasentinelle.dz\/#organization"},"image":{"@id":"https:\/\/lasentinelle.dz\/index.php\/2023\/04\/11\/leurs-exportations-ont-baisse-de-93-entre-juin-et-decembre-2022-les-espagnols-craignent-de-perdre-le-marche-algerien\/#primaryimage"},"thumbnailUrl":"https:\/\/lasentinelle.dz\/wp-content\/uploads\/2022\/06\/espange1.png","articleSection":["\u00c0 la Une","\u00c9conomie"],"inLanguage":"fr-FR","potentialAction":[{"@type":"CommentAction","name":"Comment","target":["https:\/\/lasentinelle.dz\/index.php\/2023\/04\/11\/leurs-exportations-ont-baisse-de-93-entre-juin-et-decembre-2022-les-espagnols-craignent-de-perdre-le-marche-algerien\/#respond"]}]},{"@type":"WebPage","@id":"https:\/\/lasentinelle.dz\/index.php\/2023\/04\/11\/leurs-exportations-ont-baisse-de-93-entre-juin-et-decembre-2022-les-espagnols-craignent-de-perdre-le-marche-algerien\/","url":"https:\/\/lasentinelle.dz\/index.php\/2023\/04\/11\/leurs-exportations-ont-baisse-de-93-entre-juin-et-decembre-2022-les-espagnols-craignent-de-perdre-le-marche-algerien\/","name":"Leurs exportations ont baiss\u00e9 de 93% entre juin et d\u00e9cembre 2022\u00a0: Les Espagnols craignent de perdre le march\u00e9 alg\u00e9rien - La Sentinelle","isPartOf":{"@id":"https:\/\/lasentinelle.dz\/#website"},"primaryImageOfPage":{"@id":"https:\/\/lasentinelle.dz\/index.php\/2023\/04\/11\/leurs-exportations-ont-baisse-de-93-entre-juin-et-decembre-2022-les-espagnols-craignent-de-perdre-le-marche-algerien\/#primaryimage"},"image":{"@id":"https:\/\/lasentinelle.dz\/index.php\/2023\/04\/11\/leurs-exportations-ont-baisse-de-93-entre-juin-et-decembre-2022-les-espagnols-craignent-de-perdre-le-marche-algerien\/#primaryimage"},"thumbnailUrl":"https:\/\/lasentinelle.dz\/wp-content\/uploads\/2022\/06\/espange1.png","datePublished":"2023-04-11T21:08:00+00:00","breadcrumb":{"@id":"https:\/\/lasentinelle.dz\/index.php\/2023\/04\/11\/leurs-exportations-ont-baisse-de-93-entre-juin-et-decembre-2022-les-espagnols-craignent-de-perdre-le-marche-algerien\/#breadcrumb"},"inLanguage":"fr-FR","potentialAction":[{"@type":"ReadAction","target":["https:\/\/lasentinelle.dz\/index.php\/2023\/04\/11\/leurs-exportations-ont-baisse-de-93-entre-juin-et-decembre-2022-les-espagnols-craignent-de-perdre-le-marche-algerien\/"]}]},{"@type":"ImageObject","inLanguage":"fr-FR","@id":"https:\/\/lasentinelle.dz\/index.php\/2023\/04\/11\/leurs-exportations-ont-baisse-de-93-entre-juin-et-decembre-2022-les-espagnols-craignent-de-perdre-le-marche-algerien\/#primaryimage","url":"https:\/\/lasentinelle.dz\/wp-content\/uploads\/2022\/06\/espange1.png","contentUrl":"https:\/\/lasentinelle.dz\/wp-content\/uploads\/2022\/06\/espange1.png","width":1774,"height":900},{"@type":"BreadcrumbList","@id":"https:\/\/lasentinelle.dz\/index.php\/2023\/04\/11\/leurs-exportations-ont-baisse-de-93-entre-juin-et-decembre-2022-les-espagnols-craignent-de-perdre-le-marche-algerien\/#breadcrumb","itemListElement":[{"@type":"ListItem","position":1,"name":"Accueil","item":"https:\/\/lasentinelle.dz\/"},{"@type":"ListItem","position":2,"name":"Leurs exportations ont baiss\u00e9 de 93% entre juin et d\u00e9cembre 2022\u00a0: Les Espagnols craignent de perdre le march\u00e9 alg\u00e9rien"}]},{"@type":"WebSite","@id":"https:\/\/lasentinelle.dz\/#website","url":"https:\/\/lasentinelle.dz\/","name":"La Sentinelle","description":"Quotidien national d&#039;information","publisher":{"@id":"https:\/\/lasentinelle.dz\/#organization"},"potentialAction":[{"@type":"SearchAction","target":{"@type":"EntryPoint","urlTemplate":"https:\/\/lasentinelle.dz\/?s={search_term_string}"},"query-input":{"@type":"PropertyValueSpecification","valueRequired":true,"valueName":"search_term_string"}}],"inLanguage":"fr-FR"},{"@type":"Organization","@id":"https:\/\/lasentinelle.dz\/#organization","name":"Quotidien La Sentinelle","url":"https:\/\/lasentinelle.dz\/","logo":{"@type":"ImageObject","inLanguage":"fr-FR","@id":"https:\/\/lasentinelle.dz\/#\/schema\/logo\/image\/","url":"https:\/\/lasentinelle.dz\/wp-content\/uploads\/2021\/09\/logo-sentinelleSLOGAN-1.png","contentUrl":"https:\/\/lasentinelle.dz\/wp-content\/uploads\/2021\/09\/logo-sentinelleSLOGAN-1.png","width":615,"height":142,"caption":"Quotidien La Sentinelle"},"image":{"@id":"https:\/\/lasentinelle.dz\/#\/schema\/logo\/image\/"},"sameAs":["https:\/\/www.facebook.com\/La-Sentinelle-104059864394773"]},{"@type":"Person","@id":"https:\/\/lasentinelle.dz\/#\/schema\/person\/d865044e22e70a75174ce8bcad3acfb3","name":"La Sentinelle","image":{"@type":"ImageObject","inLanguage":"fr-FR","@id":"https:\/\/secure.gravatar.com\/avatar\/57de8e5d4b15d43fb361a71fbb36338450fe67865b528a43dd10ef7c51a20392?s=96&d=mm&r=g","url":"https:\/\/secure.gravatar.com\/avatar\/57de8e5d4b15d43fb361a71fbb36338450fe67865b528a43dd10ef7c51a20392?s=96&d=mm&r=g","contentUrl":"https:\/\/secure.gravatar.com\/avatar\/57de8e5d4b15d43fb361a71fbb36338450fe67865b528a43dd10ef7c51a20392?s=96&d=mm&r=g","caption":"La Sentinelle"},"sameAs":["http:\/\/www.lasentinelle.dz"],"url":"https:\/\/lasentinelle.dz\/author\/redaction\/"}]}},"_links":{"self":[{"href":"https:\/\/lasentinelle.dz\/index.php\/wp-json\/wp\/v2\/posts\/39374","targetHints":{"allow":["GET"]}}],"collection":[{"href":"https:\/\/lasentinelle.dz\/index.php\/wp-json\/wp\/v2\/posts"}],"about":[{"href":"https:\/\/lasentinelle.dz\/index.php\/wp-json\/wp\/v2\/types\/post"}],"author":[{"embeddable":true,"href":"https:\/\/lasentinelle.dz\/index.php\/wp-json\/wp\/v2\/users\/3"}],"replies":[{"embeddable":true,"href":"https:\/\/lasentinelle.dz\/index.php\/wp-json\/wp\/v2\/comments?post=39374"}],"version-history":[{"count":2,"href":"https:\/\/lasentinelle.dz\/index.php\/wp-json\/wp\/v2\/posts\/39374\/revisions"}],"predecessor-version":[{"id":39391,"href":"https:\/\/lasentinelle.dz\/index.php\/wp-json\/wp\/v2\/posts\/39374\/revisions\/39391"}],"wp:featuredmedia":[{"embeddable":true,"href":"https:\/\/lasentinelle.dz\/index.php\/wp-json\/wp\/v2\/media\/22629"}],"wp:attachment":[{"href":"https:\/\/lasentinelle.dz\/index.php\/wp-json\/wp\/v2\/media?parent=39374"}],"wp:term":[{"taxonomy":"category","embeddable":true,"href":"https:\/\/lasentinelle.dz\/index.php\/wp-json\/wp\/v2\/categories?post=39374"},{"taxonomy":"post_tag","embeddable":true,"href":"https:\/\/lasentinelle.dz\/index.php\/wp-json\/wp\/v2\/tags?post=39374"}],"curies":[{"name":"wp","href":"https:\/\/api.w.org\/{rel}","templated":true}]}}