{"id":39402,"date":"2023-04-12T22:05:00","date_gmt":"2023-04-12T21:05:00","guid":{"rendered":"https:\/\/lasentinelle.dz\/?p=39402"},"modified":"2023-04-12T18:16:36","modified_gmt":"2023-04-12T17:16:36","slug":"monde-arabe-la-syrie-et-la-tunisie-vont-retablir-leurs-relations-diplomatiques","status":"publish","type":"post","link":"https:\/\/lasentinelle.dz\/index.php\/2023\/04\/12\/monde-arabe-la-syrie-et-la-tunisie-vont-retablir-leurs-relations-diplomatiques\/","title":{"rendered":"Monde arabe\u00a0: La Syrie et la Tunisie vont r\u00e9tablir leurs relations diplomatiques"},"content":{"rendered":"\n<p>La Syrie et la Tunisie vont r\u00e9tablir totalement leurs relations diplomatiques, ont annonc\u00e9 hier les deux pays dans un communiqu\u00e9 conjoint, un pas de plus vers la r\u00e9int\u00e9gration de la Syrie dans le giron arabe. Selon le communiqu\u00e9, la Syrie va rouvrir son ambassade en Tunisie et y nommer un ambassadeur, \u00e0 la suite d&rsquo;une annonce similaire de Tunis le 3 avril. Les deux pays avaient rompu leurs relations diplomatiques en 2012 apr\u00e8s le d\u00e9but de la guerre en Syrie. Cette annonce intervient alors que plusieurs pays arabes semblent en faveur d&rsquo;une r\u00e9int\u00e9gration de la Syrie au sein de la Ligue arabe, dont elle avait \u00e9t\u00e9 exclue fin 2011. Neuf pays arabes ont \u00e9t\u00e9 invit\u00e9s en Arabie saoudite pour discuter vendredi d&rsquo;un \u00e9ventuel retour de la Syrie dans cette organisation qui tient son prochain sommet le 19 mai dans le royaume, selon le Qatar. Le pr\u00e9sident tunisien Kais Saied avait demand\u00e9 le 3 avril \u00e0 son ministre des Affaires \u00e9trang\u00e8res d&rsquo;entamer les proc\u00e9dures pour nommer un ambassadeur \u00e0 Damas. \u00ab\u00a0En r\u00e9ponse \u00e0 l&rsquo;initiative du pr\u00e9sident de la R\u00e9publique tunisienne (&#8230;) le gouvernement syrien a d\u00e9cid\u00e9 de rouvrir l&rsquo;ambassade de Syrie en Tunisie et d&rsquo;y nommer prochainement un ambassadeur\u00a0\u00bb, a annonc\u00e9 le communiqu\u00e9 conjoint publi\u00e9 par l&rsquo;agence officielle syrienne Sana. Tunis avait expuls\u00e9 en 2012 l&rsquo;ambassadeur de Syrie pour protester contre la r\u00e9pression sanglante men\u00e9e par le pouvoir syrien contre ses opposants au d\u00e9but de la guerre. La rupture des relations avait \u00e9t\u00e9 vivement critiqu\u00e9e \u00e0 l&rsquo;\u00e9poque par l&rsquo;opposition tunisienne. En 2015, la Tunisie avait fait un pas vers le r\u00e9tablissement des relations diplomatiques en d\u00e9signant un repr\u00e9sentant consulaire aupr\u00e8s de Damas pour \u00ab suivre \u00bb la situation des Tunisiens en Syrie. La Syrie avait fait de m\u00eame. Apr\u00e8s des ann\u00e9es de boycott, des pays arabes ont r\u00e9cemment affich\u00e9 leur volont\u00e9 de se rapprocher de Damas, notamment apr\u00e8s le s\u00e9isme d\u00e9but f\u00e9vrier en Syrie, des pays de la r\u00e9gion, comme les Emirats arabes unis, ayant intensifi\u00e9 leurs contacts et envoy\u00e9 de l&rsquo;aide.<\/p>\n\n\n\n<p>Agences<\/p>\n","protected":false},"excerpt":{"rendered":"<p>La Syrie et la Tunisie vont r\u00e9tablir totalement leurs relations diplomatiques, ont annonc\u00e9 hier les deux pays dans un communiqu\u00e9<\/p>\n","protected":false},"author":3,"featured_media":39419,"comment_status":"open","ping_status":"closed","sticky":false,"template":"","format":"standard","meta":{"colormag_page_container_layout":"default_layout","colormag_page_sidebar_layout":"default_layout","om_disable_all_campaigns":false,"_monsterinsights_skip_tracking":false,"_monsterinsights_sitenote_active":false,"_monsterinsights_sitenote_note":"","_monsterinsights_sitenote_category":0,"footnotes":"","_wpscppro_dont_share_socialmedia":false,"_wpscppro_custom_social_share_image":0,"_facebook_share_type":"","_twitter_share_type":"","_linkedin_share_type":"","_pinterest_share_type":"","_linkedin_share_type_page":"","_instagram_share_type":"","_medium_share_type":"","_threads_share_type":"","_google_business_share_type":"","_selected_social_profile":[],"_wpsp_enable_custom_social_template":false,"_wpsp_social_scheduling":{"enabled":false,"datetime":null,"platforms":[],"status":"template_only","dateOption":"today","timeOption":"now","customDays":"","customHours":"","customDate":"","customTime":"","schedulingType":"absolute"},"_wpsp_active_default_template":true},"categories":[37],"tags":[],"class_list":["post-39402","post","type-post","status-publish","format-standard","has-post-thumbnail","hentry","category-monde"],"aioseo_notices":[],"yoast_head":"<!-- This site is optimized with the Yoast SEO plugin v27.5 - https:\/\/yoast.com\/product\/yoast-seo-wordpress\/ -->\n<title>Monde arabe\u00a0: La Syrie et la Tunisie vont r\u00e9tablir leurs relations diplomatiques - La Sentinelle<\/title>\n<meta name=\"robots\" content=\"index, follow, max-snippet:-1, max-image-preview:large, max-video-preview:-1\" \/>\n<link rel=\"canonical\" href=\"https:\/\/lasentinelle.dz\/index.php\/2023\/04\/12\/monde-arabe-la-syrie-et-la-tunisie-vont-retablir-leurs-relations-diplomatiques\/\" \/>\n<meta property=\"og:locale\" content=\"fr_FR\" \/>\n<meta property=\"og:type\" content=\"article\" \/>\n<meta property=\"og:title\" content=\"Monde arabe\u00a0: La Syrie et la Tunisie vont r\u00e9tablir leurs relations diplomatiques - La Sentinelle\" \/>\n<meta property=\"og:description\" content=\"La Syrie et la Tunisie vont r\u00e9tablir totalement leurs relations diplomatiques, ont annonc\u00e9 hier les deux pays dans un communiqu\u00e9\" \/>\n<meta property=\"og:url\" content=\"https:\/\/lasentinelle.dz\/index.php\/2023\/04\/12\/monde-arabe-la-syrie-et-la-tunisie-vont-retablir-leurs-relations-diplomatiques\/\" \/>\n<meta property=\"og:site_name\" content=\"La Sentinelle\" \/>\n<meta property=\"article:publisher\" content=\"https:\/\/www.facebook.com\/La-Sentinelle-104059864394773\" \/>\n<meta property=\"article:published_time\" content=\"2023-04-12T21:05:00+00:00\" \/>\n<meta property=\"og:image\" content=\"https:\/\/lasentinelle.dz\/wp-content\/uploads\/2023\/04\/image_2023-04-12_164703904.png\" \/>\n\t<meta property=\"og:image:width\" content=\"675\" \/>\n\t<meta property=\"og:image:height\" content=\"425\" \/>\n\t<meta property=\"og:image:type\" content=\"image\/png\" \/>\n<meta name=\"author\" content=\"La Sentinelle\" \/>\n<meta name=\"twitter:card\" content=\"summary_large_image\" \/>\n<meta name=\"twitter:label1\" content=\"\u00c9crit par\" \/>\n\t<meta name=\"twitter:data1\" content=\"La Sentinelle\" \/>\n\t<meta name=\"twitter:label2\" content=\"Dur\u00e9e de lecture estim\u00e9e\" \/>\n\t<meta name=\"twitter:data2\" content=\"2 minutes\" \/>\n<script type=\"application\/ld+json\" class=\"yoast-schema-graph\">{\"@context\":\"https:\\\/\\\/schema.org\",\"@graph\":[{\"@type\":\"Article\",\"@id\":\"https:\\\/\\\/lasentinelle.dz\\\/index.php\\\/2023\\\/04\\\/12\\\/monde-arabe-la-syrie-et-la-tunisie-vont-retablir-leurs-relations-diplomatiques\\\/#article\",\"isPartOf\":{\"@id\":\"https:\\\/\\\/lasentinelle.dz\\\/index.php\\\/2023\\\/04\\\/12\\\/monde-arabe-la-syrie-et-la-tunisie-vont-retablir-leurs-relations-diplomatiques\\\/\"},\"author\":{\"name\":\"La Sentinelle\",\"@id\":\"https:\\\/\\\/lasentinelle.dz\\\/#\\\/schema\\\/person\\\/d865044e22e70a75174ce8bcad3acfb3\"},\"headline\":\"Monde arabe\u00a0: La Syrie et la Tunisie vont r\u00e9tablir leurs relations diplomatiques\",\"datePublished\":\"2023-04-12T21:05:00+00:00\",\"mainEntityOfPage\":{\"@id\":\"https:\\\/\\\/lasentinelle.dz\\\/index.php\\\/2023\\\/04\\\/12\\\/monde-arabe-la-syrie-et-la-tunisie-vont-retablir-leurs-relations-diplomatiques\\\/\"},\"wordCount\":374,\"commentCount\":0,\"publisher\":{\"@id\":\"https:\\\/\\\/lasentinelle.dz\\\/#organization\"},\"image\":{\"@id\":\"https:\\\/\\\/lasentinelle.dz\\\/index.php\\\/2023\\\/04\\\/12\\\/monde-arabe-la-syrie-et-la-tunisie-vont-retablir-leurs-relations-diplomatiques\\\/#primaryimage\"},\"thumbnailUrl\":\"https:\\\/\\\/lasentinelle.dz\\\/wp-content\\\/uploads\\\/2023\\\/04\\\/image_2023-04-12_164703904.png\",\"articleSection\":[\"Monde\"],\"inLanguage\":\"fr-FR\",\"potentialAction\":[{\"@type\":\"CommentAction\",\"name\":\"Comment\",\"target\":[\"https:\\\/\\\/lasentinelle.dz\\\/index.php\\\/2023\\\/04\\\/12\\\/monde-arabe-la-syrie-et-la-tunisie-vont-retablir-leurs-relations-diplomatiques\\\/#respond\"]}]},{\"@type\":\"WebPage\",\"@id\":\"https:\\\/\\\/lasentinelle.dz\\\/index.php\\\/2023\\\/04\\\/12\\\/monde-arabe-la-syrie-et-la-tunisie-vont-retablir-leurs-relations-diplomatiques\\\/\",\"url\":\"https:\\\/\\\/lasentinelle.dz\\\/index.php\\\/2023\\\/04\\\/12\\\/monde-arabe-la-syrie-et-la-tunisie-vont-retablir-leurs-relations-diplomatiques\\\/\",\"name\":\"Monde arabe\u00a0: La Syrie et la Tunisie vont r\u00e9tablir leurs relations diplomatiques - La Sentinelle\",\"isPartOf\":{\"@id\":\"https:\\\/\\\/lasentinelle.dz\\\/#website\"},\"primaryImageOfPage\":{\"@id\":\"https:\\\/\\\/lasentinelle.dz\\\/index.php\\\/2023\\\/04\\\/12\\\/monde-arabe-la-syrie-et-la-tunisie-vont-retablir-leurs-relations-diplomatiques\\\/#primaryimage\"},\"image\":{\"@id\":\"https:\\\/\\\/lasentinelle.dz\\\/index.php\\\/2023\\\/04\\\/12\\\/monde-arabe-la-syrie-et-la-tunisie-vont-retablir-leurs-relations-diplomatiques\\\/#primaryimage\"},\"thumbnailUrl\":\"https:\\\/\\\/lasentinelle.dz\\\/wp-content\\\/uploads\\\/2023\\\/04\\\/image_2023-04-12_164703904.png\",\"datePublished\":\"2023-04-12T21:05:00+00:00\",\"breadcrumb\":{\"@id\":\"https:\\\/\\\/lasentinelle.dz\\\/index.php\\\/2023\\\/04\\\/12\\\/monde-arabe-la-syrie-et-la-tunisie-vont-retablir-leurs-relations-diplomatiques\\\/#breadcrumb\"},\"inLanguage\":\"fr-FR\",\"potentialAction\":[{\"@type\":\"ReadAction\",\"target\":[\"https:\\\/\\\/lasentinelle.dz\\\/index.php\\\/2023\\\/04\\\/12\\\/monde-arabe-la-syrie-et-la-tunisie-vont-retablir-leurs-relations-diplomatiques\\\/\"]}]},{\"@type\":\"ImageObject\",\"inLanguage\":\"fr-FR\",\"@id\":\"https:\\\/\\\/lasentinelle.dz\\\/index.php\\\/2023\\\/04\\\/12\\\/monde-arabe-la-syrie-et-la-tunisie-vont-retablir-leurs-relations-diplomatiques\\\/#primaryimage\",\"url\":\"https:\\\/\\\/lasentinelle.dz\\\/wp-content\\\/uploads\\\/2023\\\/04\\\/image_2023-04-12_164703904.png\",\"contentUrl\":\"https:\\\/\\\/lasentinelle.dz\\\/wp-content\\\/uploads\\\/2023\\\/04\\\/image_2023-04-12_164703904.png\",\"width\":675,\"height\":425},{\"@type\":\"BreadcrumbList\",\"@id\":\"https:\\\/\\\/lasentinelle.dz\\\/index.php\\\/2023\\\/04\\\/12\\\/monde-arabe-la-syrie-et-la-tunisie-vont-retablir-leurs-relations-diplomatiques\\\/#breadcrumb\",\"itemListElement\":[{\"@type\":\"ListItem\",\"position\":1,\"name\":\"Accueil\",\"item\":\"https:\\\/\\\/lasentinelle.dz\\\/\"},{\"@type\":\"ListItem\",\"position\":2,\"name\":\"Monde arabe\u00a0: La Syrie et la Tunisie vont r\u00e9tablir leurs relations diplomatiques\"}]},{\"@type\":\"WebSite\",\"@id\":\"https:\\\/\\\/lasentinelle.dz\\\/#website\",\"url\":\"https:\\\/\\\/lasentinelle.dz\\\/\",\"name\":\"La Sentinelle\",\"description\":\"Quotidien national d&#039;information\",\"publisher\":{\"@id\":\"https:\\\/\\\/lasentinelle.dz\\\/#organization\"},\"potentialAction\":[{\"@type\":\"SearchAction\",\"target\":{\"@type\":\"EntryPoint\",\"urlTemplate\":\"https:\\\/\\\/lasentinelle.dz\\\/?s={search_term_string}\"},\"query-input\":{\"@type\":\"PropertyValueSpecification\",\"valueRequired\":true,\"valueName\":\"search_term_string\"}}],\"inLanguage\":\"fr-FR\"},{\"@type\":\"Organization\",\"@id\":\"https:\\\/\\\/lasentinelle.dz\\\/#organization\",\"name\":\"Quotidien La Sentinelle\",\"url\":\"https:\\\/\\\/lasentinelle.dz\\\/\",\"logo\":{\"@type\":\"ImageObject\",\"inLanguage\":\"fr-FR\",\"@id\":\"https:\\\/\\\/lasentinelle.dz\\\/#\\\/schema\\\/logo\\\/image\\\/\",\"url\":\"https:\\\/\\\/lasentinelle.dz\\\/wp-content\\\/uploads\\\/2021\\\/09\\\/logo-sentinelleSLOGAN-1.png\",\"contentUrl\":\"https:\\\/\\\/lasentinelle.dz\\\/wp-content\\\/uploads\\\/2021\\\/09\\\/logo-sentinelleSLOGAN-1.png\",\"width\":615,\"height\":142,\"caption\":\"Quotidien La Sentinelle\"},\"image\":{\"@id\":\"https:\\\/\\\/lasentinelle.dz\\\/#\\\/schema\\\/logo\\\/image\\\/\"},\"sameAs\":[\"https:\\\/\\\/www.facebook.com\\\/La-Sentinelle-104059864394773\"]},{\"@type\":\"Person\",\"@id\":\"https:\\\/\\\/lasentinelle.dz\\\/#\\\/schema\\\/person\\\/d865044e22e70a75174ce8bcad3acfb3\",\"name\":\"La Sentinelle\",\"image\":{\"@type\":\"ImageObject\",\"inLanguage\":\"fr-FR\",\"@id\":\"https:\\\/\\\/secure.gravatar.com\\\/avatar\\\/57de8e5d4b15d43fb361a71fbb36338450fe67865b528a43dd10ef7c51a20392?s=96&d=mm&r=g\",\"url\":\"https:\\\/\\\/secure.gravatar.com\\\/avatar\\\/57de8e5d4b15d43fb361a71fbb36338450fe67865b528a43dd10ef7c51a20392?s=96&d=mm&r=g\",\"contentUrl\":\"https:\\\/\\\/secure.gravatar.com\\\/avatar\\\/57de8e5d4b15d43fb361a71fbb36338450fe67865b528a43dd10ef7c51a20392?s=96&d=mm&r=g\",\"caption\":\"La Sentinelle\"},\"sameAs\":[\"http:\\\/\\\/www.lasentinelle.dz\"],\"url\":\"https:\\\/\\\/lasentinelle.dz\\\/author\\\/redaction\\\/\"}]}<\/script>\n<!-- \/ Yoast SEO plugin. -->","yoast_head_json":{"title":"Monde arabe\u00a0: La Syrie et la Tunisie vont r\u00e9tablir leurs relations diplomatiques - La Sentinelle","robots":{"index":"index","follow":"follow","max-snippet":"max-snippet:-1","max-image-preview":"max-image-preview:large","max-video-preview":"max-video-preview:-1"},"canonical":"https:\/\/lasentinelle.dz\/index.php\/2023\/04\/12\/monde-arabe-la-syrie-et-la-tunisie-vont-retablir-leurs-relations-diplomatiques\/","og_locale":"fr_FR","og_type":"article","og_title":"Monde arabe\u00a0: La Syrie et la Tunisie vont r\u00e9tablir leurs relations diplomatiques - La Sentinelle","og_description":"La Syrie et la Tunisie vont r\u00e9tablir totalement leurs relations diplomatiques, ont annonc\u00e9 hier les deux pays dans un communiqu\u00e9","og_url":"https:\/\/lasentinelle.dz\/index.php\/2023\/04\/12\/monde-arabe-la-syrie-et-la-tunisie-vont-retablir-leurs-relations-diplomatiques\/","og_site_name":"La Sentinelle","article_publisher":"https:\/\/www.facebook.com\/La-Sentinelle-104059864394773","article_published_time":"2023-04-12T21:05:00+00:00","og_image":[{"width":675,"height":425,"url":"https:\/\/lasentinelle.dz\/wp-content\/uploads\/2023\/04\/image_2023-04-12_164703904.png","type":"image\/png"}],"author":"La Sentinelle","twitter_card":"summary_large_image","twitter_misc":{"\u00c9crit par":"La Sentinelle","Dur\u00e9e de lecture estim\u00e9e":"2 minutes"},"schema":{"@context":"https:\/\/schema.org","@graph":[{"@type":"Article","@id":"https:\/\/lasentinelle.dz\/index.php\/2023\/04\/12\/monde-arabe-la-syrie-et-la-tunisie-vont-retablir-leurs-relations-diplomatiques\/#article","isPartOf":{"@id":"https:\/\/lasentinelle.dz\/index.php\/2023\/04\/12\/monde-arabe-la-syrie-et-la-tunisie-vont-retablir-leurs-relations-diplomatiques\/"},"author":{"name":"La Sentinelle","@id":"https:\/\/lasentinelle.dz\/#\/schema\/person\/d865044e22e70a75174ce8bcad3acfb3"},"headline":"Monde arabe\u00a0: La Syrie et la Tunisie vont r\u00e9tablir leurs relations diplomatiques","datePublished":"2023-04-12T21:05:00+00:00","mainEntityOfPage":{"@id":"https:\/\/lasentinelle.dz\/index.php\/2023\/04\/12\/monde-arabe-la-syrie-et-la-tunisie-vont-retablir-leurs-relations-diplomatiques\/"},"wordCount":374,"commentCount":0,"publisher":{"@id":"https:\/\/lasentinelle.dz\/#organization"},"image":{"@id":"https:\/\/lasentinelle.dz\/index.php\/2023\/04\/12\/monde-arabe-la-syrie-et-la-tunisie-vont-retablir-leurs-relations-diplomatiques\/#primaryimage"},"thumbnailUrl":"https:\/\/lasentinelle.dz\/wp-content\/uploads\/2023\/04\/image_2023-04-12_164703904.png","articleSection":["Monde"],"inLanguage":"fr-FR","potentialAction":[{"@type":"CommentAction","name":"Comment","target":["https:\/\/lasentinelle.dz\/index.php\/2023\/04\/12\/monde-arabe-la-syrie-et-la-tunisie-vont-retablir-leurs-relations-diplomatiques\/#respond"]}]},{"@type":"WebPage","@id":"https:\/\/lasentinelle.dz\/index.php\/2023\/04\/12\/monde-arabe-la-syrie-et-la-tunisie-vont-retablir-leurs-relations-diplomatiques\/","url":"https:\/\/lasentinelle.dz\/index.php\/2023\/04\/12\/monde-arabe-la-syrie-et-la-tunisie-vont-retablir-leurs-relations-diplomatiques\/","name":"Monde arabe\u00a0: La Syrie et la Tunisie vont r\u00e9tablir leurs relations diplomatiques - La Sentinelle","isPartOf":{"@id":"https:\/\/lasentinelle.dz\/#website"},"primaryImageOfPage":{"@id":"https:\/\/lasentinelle.dz\/index.php\/2023\/04\/12\/monde-arabe-la-syrie-et-la-tunisie-vont-retablir-leurs-relations-diplomatiques\/#primaryimage"},"image":{"@id":"https:\/\/lasentinelle.dz\/index.php\/2023\/04\/12\/monde-arabe-la-syrie-et-la-tunisie-vont-retablir-leurs-relations-diplomatiques\/#primaryimage"},"thumbnailUrl":"https:\/\/lasentinelle.dz\/wp-content\/uploads\/2023\/04\/image_2023-04-12_164703904.png","datePublished":"2023-04-12T21:05:00+00:00","breadcrumb":{"@id":"https:\/\/lasentinelle.dz\/index.php\/2023\/04\/12\/monde-arabe-la-syrie-et-la-tunisie-vont-retablir-leurs-relations-diplomatiques\/#breadcrumb"},"inLanguage":"fr-FR","potentialAction":[{"@type":"ReadAction","target":["https:\/\/lasentinelle.dz\/index.php\/2023\/04\/12\/monde-arabe-la-syrie-et-la-tunisie-vont-retablir-leurs-relations-diplomatiques\/"]}]},{"@type":"ImageObject","inLanguage":"fr-FR","@id":"https:\/\/lasentinelle.dz\/index.php\/2023\/04\/12\/monde-arabe-la-syrie-et-la-tunisie-vont-retablir-leurs-relations-diplomatiques\/#primaryimage","url":"https:\/\/lasentinelle.dz\/wp-content\/uploads\/2023\/04\/image_2023-04-12_164703904.png","contentUrl":"https:\/\/lasentinelle.dz\/wp-content\/uploads\/2023\/04\/image_2023-04-12_164703904.png","width":675,"height":425},{"@type":"BreadcrumbList","@id":"https:\/\/lasentinelle.dz\/index.php\/2023\/04\/12\/monde-arabe-la-syrie-et-la-tunisie-vont-retablir-leurs-relations-diplomatiques\/#breadcrumb","itemListElement":[{"@type":"ListItem","position":1,"name":"Accueil","item":"https:\/\/lasentinelle.dz\/"},{"@type":"ListItem","position":2,"name":"Monde arabe\u00a0: La Syrie et la Tunisie vont r\u00e9tablir leurs relations diplomatiques"}]},{"@type":"WebSite","@id":"https:\/\/lasentinelle.dz\/#website","url":"https:\/\/lasentinelle.dz\/","name":"La Sentinelle","description":"Quotidien national d&#039;information","publisher":{"@id":"https:\/\/lasentinelle.dz\/#organization"},"potentialAction":[{"@type":"SearchAction","target":{"@type":"EntryPoint","urlTemplate":"https:\/\/lasentinelle.dz\/?s={search_term_string}"},"query-input":{"@type":"PropertyValueSpecification","valueRequired":true,"valueName":"search_term_string"}}],"inLanguage":"fr-FR"},{"@type":"Organization","@id":"https:\/\/lasentinelle.dz\/#organization","name":"Quotidien La Sentinelle","url":"https:\/\/lasentinelle.dz\/","logo":{"@type":"ImageObject","inLanguage":"fr-FR","@id":"https:\/\/lasentinelle.dz\/#\/schema\/logo\/image\/","url":"https:\/\/lasentinelle.dz\/wp-content\/uploads\/2021\/09\/logo-sentinelleSLOGAN-1.png","contentUrl":"https:\/\/lasentinelle.dz\/wp-content\/uploads\/2021\/09\/logo-sentinelleSLOGAN-1.png","width":615,"height":142,"caption":"Quotidien La Sentinelle"},"image":{"@id":"https:\/\/lasentinelle.dz\/#\/schema\/logo\/image\/"},"sameAs":["https:\/\/www.facebook.com\/La-Sentinelle-104059864394773"]},{"@type":"Person","@id":"https:\/\/lasentinelle.dz\/#\/schema\/person\/d865044e22e70a75174ce8bcad3acfb3","name":"La Sentinelle","image":{"@type":"ImageObject","inLanguage":"fr-FR","@id":"https:\/\/secure.gravatar.com\/avatar\/57de8e5d4b15d43fb361a71fbb36338450fe67865b528a43dd10ef7c51a20392?s=96&d=mm&r=g","url":"https:\/\/secure.gravatar.com\/avatar\/57de8e5d4b15d43fb361a71fbb36338450fe67865b528a43dd10ef7c51a20392?s=96&d=mm&r=g","contentUrl":"https:\/\/secure.gravatar.com\/avatar\/57de8e5d4b15d43fb361a71fbb36338450fe67865b528a43dd10ef7c51a20392?s=96&d=mm&r=g","caption":"La Sentinelle"},"sameAs":["http:\/\/www.lasentinelle.dz"],"url":"https:\/\/lasentinelle.dz\/author\/redaction\/"}]}},"_links":{"self":[{"href":"https:\/\/lasentinelle.dz\/index.php\/wp-json\/wp\/v2\/posts\/39402","targetHints":{"allow":["GET"]}}],"collection":[{"href":"https:\/\/lasentinelle.dz\/index.php\/wp-json\/wp\/v2\/posts"}],"about":[{"href":"https:\/\/lasentinelle.dz\/index.php\/wp-json\/wp\/v2\/types\/post"}],"author":[{"embeddable":true,"href":"https:\/\/lasentinelle.dz\/index.php\/wp-json\/wp\/v2\/users\/3"}],"replies":[{"embeddable":true,"href":"https:\/\/lasentinelle.dz\/index.php\/wp-json\/wp\/v2\/comments?post=39402"}],"version-history":[{"count":1,"href":"https:\/\/lasentinelle.dz\/index.php\/wp-json\/wp\/v2\/posts\/39402\/revisions"}],"predecessor-version":[{"id":39425,"href":"https:\/\/lasentinelle.dz\/index.php\/wp-json\/wp\/v2\/posts\/39402\/revisions\/39425"}],"wp:featuredmedia":[{"embeddable":true,"href":"https:\/\/lasentinelle.dz\/index.php\/wp-json\/wp\/v2\/media\/39419"}],"wp:attachment":[{"href":"https:\/\/lasentinelle.dz\/index.php\/wp-json\/wp\/v2\/media?parent=39402"}],"wp:term":[{"taxonomy":"category","embeddable":true,"href":"https:\/\/lasentinelle.dz\/index.php\/wp-json\/wp\/v2\/categories?post=39402"},{"taxonomy":"post_tag","embeddable":true,"href":"https:\/\/lasentinelle.dz\/index.php\/wp-json\/wp\/v2\/tags?post=39402"}],"curies":[{"name":"wp","href":"https:\/\/api.w.org\/{rel}","templated":true}]}}