{"id":39406,"date":"2023-04-12T22:05:00","date_gmt":"2023-04-12T21:05:00","guid":{"rendered":"https:\/\/lasentinelle.dz\/?p=39406"},"modified":"2023-04-12T16:41:09","modified_gmt":"2023-04-12T15:41:09","slug":"annaba-les-commercants-de-la-piece-detachee-baissent-le-rideau","status":"publish","type":"post","link":"https:\/\/lasentinelle.dz\/index.php\/2023\/04\/12\/annaba-les-commercants-de-la-piece-detachee-baissent-le-rideau\/","title":{"rendered":"Annaba\u00a0: Les commer\u00e7ants de la pi\u00e8ce d\u00e9tach\u00e9e baissent le rideau"},"content":{"rendered":"\n<p>La rue Bouguettaya dans la commune d\u2019El Hadjar (wilaya d\u2019Annaba), centre de la vente de la pi\u00e8ce d\u00e9tach\u00e9e \u00e0&nbsp; Annaba, a enregistr\u00e9 pour la premi\u00e8re fois un arr\u00eat g\u00e9n\u00e9ral d\u2019activit\u00e9.<\/p>\n\n\n\n<p>&nbsp;Les rideaux des magasins de vente de pi\u00e8ces d\u00e9tach\u00e9es sont rest\u00e9s baiss\u00e9s toute la journ\u00e9e mardi, avons-nous constat\u00e9 sur place. En effet, les commer\u00e7ants, sp\u00e9cialis\u00e9s dans la vente de pi\u00e8ces d\u00e9tach\u00e9es&nbsp; sis dans la commune d\u2019El Hadjar ont organis\u00e9 un mouvement&nbsp; de contestation, premier du genre depuis&nbsp; que les magasins situ\u00e9s dans la rue Bouguettaya se sont sp\u00e9cialis\u00e9s dans la vente de la pi\u00e8ce d\u00e9tach\u00e9es en tous genres et marques. Les commer\u00e7ants exer\u00e7ant&nbsp; dans cette activit\u00e9 commerciale ont protest\u00e9 contre la descente inopin\u00e9e des services des douanes, effectu\u00e9e pour inspecter leurs stocks, nous dit-on. Une intervention qui n\u2019a pas \u00e9t\u00e9 sans cons\u00e9quences, puisque des saisies ont \u00e9t\u00e9 op\u00e9r\u00e9es dans plusieurs commerces. Suite \u00e0 quoi, les protestataires ont interpell\u00e9 le premier responsable de la wilaya pour une \u00e9ventuelle&nbsp; intervention aupr\u00e8s des services des Douanes afin qu\u2019ils puissent leur permettre de reprendre leur activit\u00e9 et de r\u00e9cup\u00e9rer leurs stocks saisis,&nbsp; avons- nous appris aupr\u00e8s de certains commer\u00e7ants. Selon certaines informations r\u00e9colt\u00e9es aupr\u00e8s d\u2019une source douani\u00e8re, cette op\u00e9ration de contr\u00f4le&nbsp; concerne les pi\u00e8ces import\u00e9es en premier lieu et les facturations des marchandises se trouvant dans les stocks. Selon la m\u00eame source,&nbsp; la majorit\u00e9&nbsp; des commer\u00e7ants de la pi\u00e8ce d\u00e9tach\u00e9e dans cette rue Bouguettaya,&nbsp; exercent leur activit\u00e9 sans tenir compte des textes de&nbsp; lois en vigueur, notamment les lois relatives&nbsp; \u00e0 la vente des pi\u00e8ces d\u00e9tach\u00e9es import\u00e9es et surtout&nbsp; la facturation. \u00c9voquant un autre volet et pas des moindres, \u00e0 savoir&nbsp; la contrefa\u00e7on dans le secteur des pi\u00e8ces de rechange, la m\u00eame source a fait savoir que cette derni\u00e8re est \u00e9galement au centre des op\u00e9rations&nbsp; d&rsquo;inspection des services de Douanes. S\u2019agissant par ailleurs de l\u2019action de protestation des commer\u00e7ants contre le contr\u00f4le des Douanes, la m\u00eame source a soulign\u00e9 qu\u2019il s\u2019agit d\u2019une mission qui rel\u00e8ve des pr\u00e9rogatives des services&nbsp; de Douanes. Quant \u00e0&nbsp; leur demande, c&rsquo;est-\u00e0-dire les commer\u00e7ants,&nbsp; pour une intervention du wali pour qu\u2019ils puissent r\u00e9cup\u00e9rer les stocks saisis, cela reviendrait \u00e0 empi\u00e9ter sur la loi en vigueur dans le secteur de la pi\u00e8ce de rechange. En conclusion, le wali ne peut aller contre&nbsp; la mesure de saisie.<\/p>\n\n\n\n<p><strong>Sofia Chahine<\/strong><\/p>\n","protected":false},"excerpt":{"rendered":"<p>La rue Bouguettaya dans la commune d\u2019El Hadjar (wilaya d\u2019Annaba), centre de la vente de la pi\u00e8ce d\u00e9tach\u00e9e \u00e0&nbsp; Annaba,<\/p>\n","protected":false},"author":3,"featured_media":39407,"comment_status":"open","ping_status":"closed","sticky":false,"template":"","format":"standard","meta":{"colormag_page_container_layout":"default_layout","colormag_page_sidebar_layout":"default_layout","om_disable_all_campaigns":false,"_monsterinsights_skip_tracking":false,"_monsterinsights_sitenote_active":false,"_monsterinsights_sitenote_note":"","_monsterinsights_sitenote_category":0,"footnotes":"","_wpscppro_dont_share_socialmedia":false,"_wpscppro_custom_social_share_image":0,"_facebook_share_type":"","_twitter_share_type":"","_linkedin_share_type":"","_pinterest_share_type":"","_linkedin_share_type_page":"","_instagram_share_type":"","_medium_share_type":"","_threads_share_type":"","_google_business_share_type":"","_selected_social_profile":[],"_wpsp_enable_custom_social_template":false,"_wpsp_social_scheduling":{"enabled":false,"datetime":null,"platforms":[],"status":"template_only","dateOption":"today","timeOption":"now","customDays":"","customHours":"","customDate":"","customTime":"","schedulingType":"absolute"},"_wpsp_active_default_template":true},"categories":[31],"tags":[],"class_list":["post-39406","post","type-post","status-publish","format-standard","has-post-thumbnail","hentry","category-regions"],"aioseo_notices":[],"yoast_head":"<!-- This site is optimized with the Yoast SEO plugin v27.5 - https:\/\/yoast.com\/product\/yoast-seo-wordpress\/ -->\n<title>Annaba\u00a0: Les commer\u00e7ants de la pi\u00e8ce d\u00e9tach\u00e9e baissent le rideau - La Sentinelle<\/title>\n<meta name=\"robots\" content=\"index, follow, max-snippet:-1, max-image-preview:large, max-video-preview:-1\" \/>\n<link rel=\"canonical\" href=\"https:\/\/lasentinelle.dz\/index.php\/2023\/04\/12\/annaba-les-commercants-de-la-piece-detachee-baissent-le-rideau\/\" \/>\n<meta property=\"og:locale\" content=\"fr_FR\" \/>\n<meta property=\"og:type\" content=\"article\" \/>\n<meta property=\"og:title\" content=\"Annaba\u00a0: Les commer\u00e7ants de la pi\u00e8ce d\u00e9tach\u00e9e baissent le rideau - La Sentinelle\" \/>\n<meta property=\"og:description\" content=\"La rue Bouguettaya dans la commune d\u2019El Hadjar (wilaya d\u2019Annaba), centre de la vente de la pi\u00e8ce d\u00e9tach\u00e9e \u00e0&nbsp; Annaba,\" \/>\n<meta property=\"og:url\" content=\"https:\/\/lasentinelle.dz\/index.php\/2023\/04\/12\/annaba-les-commercants-de-la-piece-detachee-baissent-le-rideau\/\" \/>\n<meta property=\"og:site_name\" content=\"La Sentinelle\" \/>\n<meta property=\"article:publisher\" content=\"https:\/\/www.facebook.com\/La-Sentinelle-104059864394773\" \/>\n<meta property=\"article:published_time\" content=\"2023-04-12T21:05:00+00:00\" \/>\n<meta property=\"og:image\" content=\"https:\/\/lasentinelle.dz\/wp-content\/uploads\/2023\/04\/Sans-titre-1-1.png\" \/>\n\t<meta property=\"og:image:width\" content=\"1235\" \/>\n\t<meta property=\"og:image:height\" content=\"900\" \/>\n\t<meta property=\"og:image:type\" content=\"image\/png\" \/>\n<meta name=\"author\" content=\"La Sentinelle\" \/>\n<meta name=\"twitter:card\" content=\"summary_large_image\" \/>\n<meta name=\"twitter:label1\" content=\"\u00c9crit par\" \/>\n\t<meta name=\"twitter:data1\" content=\"La Sentinelle\" \/>\n\t<meta name=\"twitter:label2\" content=\"Dur\u00e9e de lecture estim\u00e9e\" \/>\n\t<meta name=\"twitter:data2\" content=\"2 minutes\" \/>\n<script type=\"application\/ld+json\" class=\"yoast-schema-graph\">{\"@context\":\"https:\\\/\\\/schema.org\",\"@graph\":[{\"@type\":\"Article\",\"@id\":\"https:\\\/\\\/lasentinelle.dz\\\/index.php\\\/2023\\\/04\\\/12\\\/annaba-les-commercants-de-la-piece-detachee-baissent-le-rideau\\\/#article\",\"isPartOf\":{\"@id\":\"https:\\\/\\\/lasentinelle.dz\\\/index.php\\\/2023\\\/04\\\/12\\\/annaba-les-commercants-de-la-piece-detachee-baissent-le-rideau\\\/\"},\"author\":{\"name\":\"La Sentinelle\",\"@id\":\"https:\\\/\\\/lasentinelle.dz\\\/#\\\/schema\\\/person\\\/d865044e22e70a75174ce8bcad3acfb3\"},\"headline\":\"Annaba\u00a0: Les commer\u00e7ants de la pi\u00e8ce d\u00e9tach\u00e9e baissent le rideau\",\"datePublished\":\"2023-04-12T21:05:00+00:00\",\"mainEntityOfPage\":{\"@id\":\"https:\\\/\\\/lasentinelle.dz\\\/index.php\\\/2023\\\/04\\\/12\\\/annaba-les-commercants-de-la-piece-detachee-baissent-le-rideau\\\/\"},\"wordCount\":491,\"commentCount\":0,\"publisher\":{\"@id\":\"https:\\\/\\\/lasentinelle.dz\\\/#organization\"},\"image\":{\"@id\":\"https:\\\/\\\/lasentinelle.dz\\\/index.php\\\/2023\\\/04\\\/12\\\/annaba-les-commercants-de-la-piece-detachee-baissent-le-rideau\\\/#primaryimage\"},\"thumbnailUrl\":\"https:\\\/\\\/lasentinelle.dz\\\/wp-content\\\/uploads\\\/2023\\\/04\\\/Sans-titre-1-1.png\",\"articleSection\":[\"R\u00e9gions\"],\"inLanguage\":\"fr-FR\",\"potentialAction\":[{\"@type\":\"CommentAction\",\"name\":\"Comment\",\"target\":[\"https:\\\/\\\/lasentinelle.dz\\\/index.php\\\/2023\\\/04\\\/12\\\/annaba-les-commercants-de-la-piece-detachee-baissent-le-rideau\\\/#respond\"]}]},{\"@type\":\"WebPage\",\"@id\":\"https:\\\/\\\/lasentinelle.dz\\\/index.php\\\/2023\\\/04\\\/12\\\/annaba-les-commercants-de-la-piece-detachee-baissent-le-rideau\\\/\",\"url\":\"https:\\\/\\\/lasentinelle.dz\\\/index.php\\\/2023\\\/04\\\/12\\\/annaba-les-commercants-de-la-piece-detachee-baissent-le-rideau\\\/\",\"name\":\"Annaba\u00a0: Les commer\u00e7ants de la pi\u00e8ce d\u00e9tach\u00e9e baissent le rideau - La Sentinelle\",\"isPartOf\":{\"@id\":\"https:\\\/\\\/lasentinelle.dz\\\/#website\"},\"primaryImageOfPage\":{\"@id\":\"https:\\\/\\\/lasentinelle.dz\\\/index.php\\\/2023\\\/04\\\/12\\\/annaba-les-commercants-de-la-piece-detachee-baissent-le-rideau\\\/#primaryimage\"},\"image\":{\"@id\":\"https:\\\/\\\/lasentinelle.dz\\\/index.php\\\/2023\\\/04\\\/12\\\/annaba-les-commercants-de-la-piece-detachee-baissent-le-rideau\\\/#primaryimage\"},\"thumbnailUrl\":\"https:\\\/\\\/lasentinelle.dz\\\/wp-content\\\/uploads\\\/2023\\\/04\\\/Sans-titre-1-1.png\",\"datePublished\":\"2023-04-12T21:05:00+00:00\",\"breadcrumb\":{\"@id\":\"https:\\\/\\\/lasentinelle.dz\\\/index.php\\\/2023\\\/04\\\/12\\\/annaba-les-commercants-de-la-piece-detachee-baissent-le-rideau\\\/#breadcrumb\"},\"inLanguage\":\"fr-FR\",\"potentialAction\":[{\"@type\":\"ReadAction\",\"target\":[\"https:\\\/\\\/lasentinelle.dz\\\/index.php\\\/2023\\\/04\\\/12\\\/annaba-les-commercants-de-la-piece-detachee-baissent-le-rideau\\\/\"]}]},{\"@type\":\"ImageObject\",\"inLanguage\":\"fr-FR\",\"@id\":\"https:\\\/\\\/lasentinelle.dz\\\/index.php\\\/2023\\\/04\\\/12\\\/annaba-les-commercants-de-la-piece-detachee-baissent-le-rideau\\\/#primaryimage\",\"url\":\"https:\\\/\\\/lasentinelle.dz\\\/wp-content\\\/uploads\\\/2023\\\/04\\\/Sans-titre-1-1.png\",\"contentUrl\":\"https:\\\/\\\/lasentinelle.dz\\\/wp-content\\\/uploads\\\/2023\\\/04\\\/Sans-titre-1-1.png\",\"width\":1235,\"height\":900},{\"@type\":\"BreadcrumbList\",\"@id\":\"https:\\\/\\\/lasentinelle.dz\\\/index.php\\\/2023\\\/04\\\/12\\\/annaba-les-commercants-de-la-piece-detachee-baissent-le-rideau\\\/#breadcrumb\",\"itemListElement\":[{\"@type\":\"ListItem\",\"position\":1,\"name\":\"Accueil\",\"item\":\"https:\\\/\\\/lasentinelle.dz\\\/\"},{\"@type\":\"ListItem\",\"position\":2,\"name\":\"Annaba\u00a0: Les commer\u00e7ants de la pi\u00e8ce d\u00e9tach\u00e9e baissent le rideau\"}]},{\"@type\":\"WebSite\",\"@id\":\"https:\\\/\\\/lasentinelle.dz\\\/#website\",\"url\":\"https:\\\/\\\/lasentinelle.dz\\\/\",\"name\":\"La Sentinelle\",\"description\":\"Quotidien national d&#039;information\",\"publisher\":{\"@id\":\"https:\\\/\\\/lasentinelle.dz\\\/#organization\"},\"potentialAction\":[{\"@type\":\"SearchAction\",\"target\":{\"@type\":\"EntryPoint\",\"urlTemplate\":\"https:\\\/\\\/lasentinelle.dz\\\/?s={search_term_string}\"},\"query-input\":{\"@type\":\"PropertyValueSpecification\",\"valueRequired\":true,\"valueName\":\"search_term_string\"}}],\"inLanguage\":\"fr-FR\"},{\"@type\":\"Organization\",\"@id\":\"https:\\\/\\\/lasentinelle.dz\\\/#organization\",\"name\":\"Quotidien La Sentinelle\",\"url\":\"https:\\\/\\\/lasentinelle.dz\\\/\",\"logo\":{\"@type\":\"ImageObject\",\"inLanguage\":\"fr-FR\",\"@id\":\"https:\\\/\\\/lasentinelle.dz\\\/#\\\/schema\\\/logo\\\/image\\\/\",\"url\":\"https:\\\/\\\/lasentinelle.dz\\\/wp-content\\\/uploads\\\/2021\\\/09\\\/logo-sentinelleSLOGAN-1.png\",\"contentUrl\":\"https:\\\/\\\/lasentinelle.dz\\\/wp-content\\\/uploads\\\/2021\\\/09\\\/logo-sentinelleSLOGAN-1.png\",\"width\":615,\"height\":142,\"caption\":\"Quotidien La Sentinelle\"},\"image\":{\"@id\":\"https:\\\/\\\/lasentinelle.dz\\\/#\\\/schema\\\/logo\\\/image\\\/\"},\"sameAs\":[\"https:\\\/\\\/www.facebook.com\\\/La-Sentinelle-104059864394773\"]},{\"@type\":\"Person\",\"@id\":\"https:\\\/\\\/lasentinelle.dz\\\/#\\\/schema\\\/person\\\/d865044e22e70a75174ce8bcad3acfb3\",\"name\":\"La Sentinelle\",\"image\":{\"@type\":\"ImageObject\",\"inLanguage\":\"fr-FR\",\"@id\":\"https:\\\/\\\/secure.gravatar.com\\\/avatar\\\/57de8e5d4b15d43fb361a71fbb36338450fe67865b528a43dd10ef7c51a20392?s=96&d=mm&r=g\",\"url\":\"https:\\\/\\\/secure.gravatar.com\\\/avatar\\\/57de8e5d4b15d43fb361a71fbb36338450fe67865b528a43dd10ef7c51a20392?s=96&d=mm&r=g\",\"contentUrl\":\"https:\\\/\\\/secure.gravatar.com\\\/avatar\\\/57de8e5d4b15d43fb361a71fbb36338450fe67865b528a43dd10ef7c51a20392?s=96&d=mm&r=g\",\"caption\":\"La Sentinelle\"},\"sameAs\":[\"http:\\\/\\\/www.lasentinelle.dz\"],\"url\":\"https:\\\/\\\/lasentinelle.dz\\\/author\\\/redaction\\\/\"}]}<\/script>\n<!-- \/ Yoast SEO plugin. -->","yoast_head_json":{"title":"Annaba\u00a0: Les commer\u00e7ants de la pi\u00e8ce d\u00e9tach\u00e9e baissent le rideau - La Sentinelle","robots":{"index":"index","follow":"follow","max-snippet":"max-snippet:-1","max-image-preview":"max-image-preview:large","max-video-preview":"max-video-preview:-1"},"canonical":"https:\/\/lasentinelle.dz\/index.php\/2023\/04\/12\/annaba-les-commercants-de-la-piece-detachee-baissent-le-rideau\/","og_locale":"fr_FR","og_type":"article","og_title":"Annaba\u00a0: Les commer\u00e7ants de la pi\u00e8ce d\u00e9tach\u00e9e baissent le rideau - La Sentinelle","og_description":"La rue Bouguettaya dans la commune d\u2019El Hadjar (wilaya d\u2019Annaba), centre de la vente de la pi\u00e8ce d\u00e9tach\u00e9e \u00e0&nbsp; Annaba,","og_url":"https:\/\/lasentinelle.dz\/index.php\/2023\/04\/12\/annaba-les-commercants-de-la-piece-detachee-baissent-le-rideau\/","og_site_name":"La Sentinelle","article_publisher":"https:\/\/www.facebook.com\/La-Sentinelle-104059864394773","article_published_time":"2023-04-12T21:05:00+00:00","og_image":[{"width":1235,"height":900,"url":"https:\/\/lasentinelle.dz\/wp-content\/uploads\/2023\/04\/Sans-titre-1-1.png","type":"image\/png"}],"author":"La Sentinelle","twitter_card":"summary_large_image","twitter_misc":{"\u00c9crit par":"La Sentinelle","Dur\u00e9e de lecture estim\u00e9e":"2 minutes"},"schema":{"@context":"https:\/\/schema.org","@graph":[{"@type":"Article","@id":"https:\/\/lasentinelle.dz\/index.php\/2023\/04\/12\/annaba-les-commercants-de-la-piece-detachee-baissent-le-rideau\/#article","isPartOf":{"@id":"https:\/\/lasentinelle.dz\/index.php\/2023\/04\/12\/annaba-les-commercants-de-la-piece-detachee-baissent-le-rideau\/"},"author":{"name":"La Sentinelle","@id":"https:\/\/lasentinelle.dz\/#\/schema\/person\/d865044e22e70a75174ce8bcad3acfb3"},"headline":"Annaba\u00a0: Les commer\u00e7ants de la pi\u00e8ce d\u00e9tach\u00e9e baissent le rideau","datePublished":"2023-04-12T21:05:00+00:00","mainEntityOfPage":{"@id":"https:\/\/lasentinelle.dz\/index.php\/2023\/04\/12\/annaba-les-commercants-de-la-piece-detachee-baissent-le-rideau\/"},"wordCount":491,"commentCount":0,"publisher":{"@id":"https:\/\/lasentinelle.dz\/#organization"},"image":{"@id":"https:\/\/lasentinelle.dz\/index.php\/2023\/04\/12\/annaba-les-commercants-de-la-piece-detachee-baissent-le-rideau\/#primaryimage"},"thumbnailUrl":"https:\/\/lasentinelle.dz\/wp-content\/uploads\/2023\/04\/Sans-titre-1-1.png","articleSection":["R\u00e9gions"],"inLanguage":"fr-FR","potentialAction":[{"@type":"CommentAction","name":"Comment","target":["https:\/\/lasentinelle.dz\/index.php\/2023\/04\/12\/annaba-les-commercants-de-la-piece-detachee-baissent-le-rideau\/#respond"]}]},{"@type":"WebPage","@id":"https:\/\/lasentinelle.dz\/index.php\/2023\/04\/12\/annaba-les-commercants-de-la-piece-detachee-baissent-le-rideau\/","url":"https:\/\/lasentinelle.dz\/index.php\/2023\/04\/12\/annaba-les-commercants-de-la-piece-detachee-baissent-le-rideau\/","name":"Annaba\u00a0: Les commer\u00e7ants de la pi\u00e8ce d\u00e9tach\u00e9e baissent le rideau - La Sentinelle","isPartOf":{"@id":"https:\/\/lasentinelle.dz\/#website"},"primaryImageOfPage":{"@id":"https:\/\/lasentinelle.dz\/index.php\/2023\/04\/12\/annaba-les-commercants-de-la-piece-detachee-baissent-le-rideau\/#primaryimage"},"image":{"@id":"https:\/\/lasentinelle.dz\/index.php\/2023\/04\/12\/annaba-les-commercants-de-la-piece-detachee-baissent-le-rideau\/#primaryimage"},"thumbnailUrl":"https:\/\/lasentinelle.dz\/wp-content\/uploads\/2023\/04\/Sans-titre-1-1.png","datePublished":"2023-04-12T21:05:00+00:00","breadcrumb":{"@id":"https:\/\/lasentinelle.dz\/index.php\/2023\/04\/12\/annaba-les-commercants-de-la-piece-detachee-baissent-le-rideau\/#breadcrumb"},"inLanguage":"fr-FR","potentialAction":[{"@type":"ReadAction","target":["https:\/\/lasentinelle.dz\/index.php\/2023\/04\/12\/annaba-les-commercants-de-la-piece-detachee-baissent-le-rideau\/"]}]},{"@type":"ImageObject","inLanguage":"fr-FR","@id":"https:\/\/lasentinelle.dz\/index.php\/2023\/04\/12\/annaba-les-commercants-de-la-piece-detachee-baissent-le-rideau\/#primaryimage","url":"https:\/\/lasentinelle.dz\/wp-content\/uploads\/2023\/04\/Sans-titre-1-1.png","contentUrl":"https:\/\/lasentinelle.dz\/wp-content\/uploads\/2023\/04\/Sans-titre-1-1.png","width":1235,"height":900},{"@type":"BreadcrumbList","@id":"https:\/\/lasentinelle.dz\/index.php\/2023\/04\/12\/annaba-les-commercants-de-la-piece-detachee-baissent-le-rideau\/#breadcrumb","itemListElement":[{"@type":"ListItem","position":1,"name":"Accueil","item":"https:\/\/lasentinelle.dz\/"},{"@type":"ListItem","position":2,"name":"Annaba\u00a0: Les commer\u00e7ants de la pi\u00e8ce d\u00e9tach\u00e9e baissent le rideau"}]},{"@type":"WebSite","@id":"https:\/\/lasentinelle.dz\/#website","url":"https:\/\/lasentinelle.dz\/","name":"La Sentinelle","description":"Quotidien national d&#039;information","publisher":{"@id":"https:\/\/lasentinelle.dz\/#organization"},"potentialAction":[{"@type":"SearchAction","target":{"@type":"EntryPoint","urlTemplate":"https:\/\/lasentinelle.dz\/?s={search_term_string}"},"query-input":{"@type":"PropertyValueSpecification","valueRequired":true,"valueName":"search_term_string"}}],"inLanguage":"fr-FR"},{"@type":"Organization","@id":"https:\/\/lasentinelle.dz\/#organization","name":"Quotidien La Sentinelle","url":"https:\/\/lasentinelle.dz\/","logo":{"@type":"ImageObject","inLanguage":"fr-FR","@id":"https:\/\/lasentinelle.dz\/#\/schema\/logo\/image\/","url":"https:\/\/lasentinelle.dz\/wp-content\/uploads\/2021\/09\/logo-sentinelleSLOGAN-1.png","contentUrl":"https:\/\/lasentinelle.dz\/wp-content\/uploads\/2021\/09\/logo-sentinelleSLOGAN-1.png","width":615,"height":142,"caption":"Quotidien La Sentinelle"},"image":{"@id":"https:\/\/lasentinelle.dz\/#\/schema\/logo\/image\/"},"sameAs":["https:\/\/www.facebook.com\/La-Sentinelle-104059864394773"]},{"@type":"Person","@id":"https:\/\/lasentinelle.dz\/#\/schema\/person\/d865044e22e70a75174ce8bcad3acfb3","name":"La Sentinelle","image":{"@type":"ImageObject","inLanguage":"fr-FR","@id":"https:\/\/secure.gravatar.com\/avatar\/57de8e5d4b15d43fb361a71fbb36338450fe67865b528a43dd10ef7c51a20392?s=96&d=mm&r=g","url":"https:\/\/secure.gravatar.com\/avatar\/57de8e5d4b15d43fb361a71fbb36338450fe67865b528a43dd10ef7c51a20392?s=96&d=mm&r=g","contentUrl":"https:\/\/secure.gravatar.com\/avatar\/57de8e5d4b15d43fb361a71fbb36338450fe67865b528a43dd10ef7c51a20392?s=96&d=mm&r=g","caption":"La Sentinelle"},"sameAs":["http:\/\/www.lasentinelle.dz"],"url":"https:\/\/lasentinelle.dz\/author\/redaction\/"}]}},"_links":{"self":[{"href":"https:\/\/lasentinelle.dz\/index.php\/wp-json\/wp\/v2\/posts\/39406","targetHints":{"allow":["GET"]}}],"collection":[{"href":"https:\/\/lasentinelle.dz\/index.php\/wp-json\/wp\/v2\/posts"}],"about":[{"href":"https:\/\/lasentinelle.dz\/index.php\/wp-json\/wp\/v2\/types\/post"}],"author":[{"embeddable":true,"href":"https:\/\/lasentinelle.dz\/index.php\/wp-json\/wp\/v2\/users\/3"}],"replies":[{"embeddable":true,"href":"https:\/\/lasentinelle.dz\/index.php\/wp-json\/wp\/v2\/comments?post=39406"}],"version-history":[{"count":1,"href":"https:\/\/lasentinelle.dz\/index.php\/wp-json\/wp\/v2\/posts\/39406\/revisions"}],"predecessor-version":[{"id":39408,"href":"https:\/\/lasentinelle.dz\/index.php\/wp-json\/wp\/v2\/posts\/39406\/revisions\/39408"}],"wp:featuredmedia":[{"embeddable":true,"href":"https:\/\/lasentinelle.dz\/index.php\/wp-json\/wp\/v2\/media\/39407"}],"wp:attachment":[{"href":"https:\/\/lasentinelle.dz\/index.php\/wp-json\/wp\/v2\/media?parent=39406"}],"wp:term":[{"taxonomy":"category","embeddable":true,"href":"https:\/\/lasentinelle.dz\/index.php\/wp-json\/wp\/v2\/categories?post=39406"},{"taxonomy":"post_tag","embeddable":true,"href":"https:\/\/lasentinelle.dz\/index.php\/wp-json\/wp\/v2\/tags?post=39406"}],"curies":[{"name":"wp","href":"https:\/\/api.w.org\/{rel}","templated":true}]}}