{"id":39416,"date":"2023-04-12T22:05:00","date_gmt":"2023-04-12T21:05:00","guid":{"rendered":"https:\/\/lasentinelle.dz\/?p=39416"},"modified":"2023-04-12T22:13:48","modified_gmt":"2023-04-12T21:13:48","slug":"can-2023-u17-les-vert-en-stage-precompetitif","status":"publish","type":"post","link":"https:\/\/lasentinelle.dz\/index.php\/2023\/04\/12\/can-2023-u17-les-vert-en-stage-precompetitif\/","title":{"rendered":"CAN-2023 (U17)\u00a0: Les Vert en stage pr\u00e9comp\u00e9titif"},"content":{"rendered":"\n<p>Le s\u00e9lectionneur de l&rsquo;\u00e9quipe nationale de football des moins de 17 ans (U17), Arezki Remmane a fait appel \u00e0 25 joueurs pour un stage pr\u00e9vu du 12 au 19 avril au Centre technique national (CTN) de Sidi Moussa, en vue de la Coupe d&rsquo;Afrique des nations CAN-2023 pr\u00e9vue en Alg\u00e9rie du 29 avril au 19 mai, a indiqu\u00e9 la F\u00e9d\u00e9ration alg\u00e9rienne (FAF) mercredi sur son site officiel.<\/p>\n\n\n\n<p>Ce troisi\u00e8me regroupement de la s\u00e9lection des U17 devra \u00eatre ponctu\u00e9 par deux rencontres amicales internationales face \u00e0 des s\u00e9lections africaines une fois leur accord obtenu officiellement, pr\u00e9cise la m\u00eame source. Lors du pr\u00e9c\u00e9dent regroupement, les Verts ont disput\u00e9 trois matches dans le cadre d&rsquo;un tournoi international \u00ab\u00a0test-event\u00a0\u00bb qui a vu la pr\u00e9sence des s\u00e9lections du Japon, du Mali et des Comores. Lors de la CAN-2023, les Alg\u00e9riens \u00e9volueront dans le groupe A, domicili\u00e9 au stade Nelson-Mandela de Baraki, en compagnie de la Somalie, du S\u00e9n\u00e9gal, et du Congo. Les Alg\u00e9riens entameront le tournoi face aux Somaliens, en match d\u2019ouverture du tournoi pr\u00e9vu le samedi 29 avril (20h00).<\/p>\n\n\n\n<p>Le groupe B, domicili\u00e9 au stade Chahid-Hamlaoui de Constantine, est compos\u00e9 du Nigeria, du Maroc, de l\u2019Afrique du Sud, et de la Zambie, alors que la poule C, dont les matchs se joueront au stade du 19-mai 1956 d\u2019Annaba, comprend le Cameroun (tenant du titre), le Mali, le Burkina Faso, et le Sud-Soudan. Les quatre premiers du tournoi repr\u00e9senteront l&rsquo;Afrique au Mondial U17 au P\u00e9rou (10 novembre-2 d\u00e9cembre).<\/p>\n\n\n\n<p><\/p>\n\n\n\n<p><strong>Liste des 25 joueurs convoqu\u00e9s :<\/strong><\/p>\n\n\n\n<p>Laraba Hammou (USMA), Merzouk Samy (Lille\/ France), Bouteldja Mehdi (Acad\u00e9mie FAF), Ya\u00e2koubi Nadir (ACA\/ FAF), Nemer Ziad (ACA\/ FAF), Amem Faiz (ACA\/ FAF), Bouaouiche Rami (ACA\/ FAF), Benidder Abdelhak (PAC), Abed Anes (PAC), Galou Amine (PAC), Souileh Okba (ACA\/ FAF), Belkaid Youcef (PAC), Yazid Issam (CRB), Kessassi Fethi (ACA\/ FAF), Limane Allaeddine (ACA\/FAF), Anatouf Moslem (ACA\/FAF), Bahlouli Djibril (O Lyon\/France), Banabdelkader Fadi (ACA\/FAF)Chetioui Shain (Havre AC\/France), Abdelmoudjib Mohamed (Hercules De Alicante \/Espagne), Gassi Yakoub (ACA\/FAF), Yazid Issam (CR Belouizdad), Mohamed Ali Saleh Ziad (Zamalek\/Egypte), Badani Younes (Paradou AC).<\/p>\n","protected":false},"excerpt":{"rendered":"<p>Le s\u00e9lectionneur de l&rsquo;\u00e9quipe nationale de football des moins de 17 ans (U17), Arezki Remmane a fait appel \u00e0 25<\/p>\n","protected":false},"author":3,"featured_media":39421,"comment_status":"open","ping_status":"closed","sticky":false,"template":"","format":"standard","meta":{"colormag_page_container_layout":"default_layout","colormag_page_sidebar_layout":"default_layout","om_disable_all_campaigns":false,"_monsterinsights_skip_tracking":false,"_monsterinsights_sitenote_active":false,"_monsterinsights_sitenote_note":"","_monsterinsights_sitenote_category":0,"footnotes":"","_wpscppro_dont_share_socialmedia":false,"_wpscppro_custom_social_share_image":0,"_facebook_share_type":"","_twitter_share_type":"","_linkedin_share_type":"","_pinterest_share_type":"","_linkedin_share_type_page":"","_instagram_share_type":"","_medium_share_type":"","_threads_share_type":"","_google_business_share_type":"","_selected_social_profile":[],"_wpsp_enable_custom_social_template":false,"_wpsp_social_scheduling":{"enabled":false,"datetime":null,"platforms":[],"status":"template_only","dateOption":"today","timeOption":"now","customDays":"","customHours":"","customDate":"","customTime":"","schedulingType":"absolute"},"_wpsp_active_default_template":true},"categories":[33],"tags":[],"class_list":["post-39416","post","type-post","status-publish","format-standard","has-post-thumbnail","hentry","category-sports"],"aioseo_notices":[],"yoast_head":"<!-- This site is optimized with the Yoast SEO plugin v27.5 - https:\/\/yoast.com\/product\/yoast-seo-wordpress\/ -->\n<title>CAN-2023 (U17)\u00a0: Les Vert en stage pr\u00e9comp\u00e9titif - La Sentinelle<\/title>\n<meta name=\"robots\" content=\"index, follow, max-snippet:-1, max-image-preview:large, max-video-preview:-1\" \/>\n<link rel=\"canonical\" href=\"https:\/\/lasentinelle.dz\/index.php\/2023\/04\/12\/can-2023-u17-les-vert-en-stage-precompetitif\/\" \/>\n<meta property=\"og:locale\" content=\"fr_FR\" \/>\n<meta property=\"og:type\" content=\"article\" \/>\n<meta property=\"og:title\" content=\"CAN-2023 (U17)\u00a0: Les Vert en stage pr\u00e9comp\u00e9titif - La Sentinelle\" \/>\n<meta property=\"og:description\" content=\"Le s\u00e9lectionneur de l&rsquo;\u00e9quipe nationale de football des moins de 17 ans (U17), Arezki Remmane a fait appel \u00e0 25\" \/>\n<meta property=\"og:url\" content=\"https:\/\/lasentinelle.dz\/index.php\/2023\/04\/12\/can-2023-u17-les-vert-en-stage-precompetitif\/\" \/>\n<meta property=\"og:site_name\" content=\"La Sentinelle\" \/>\n<meta property=\"article:publisher\" content=\"https:\/\/www.facebook.com\/La-Sentinelle-104059864394773\" \/>\n<meta property=\"article:published_time\" content=\"2023-04-12T21:05:00+00:00\" \/>\n<meta property=\"article:modified_time\" content=\"2023-04-12T21:13:48+00:00\" \/>\n<meta property=\"og:image\" content=\"https:\/\/lasentinelle.dz\/wp-content\/uploads\/2023\/04\/u17.png\" \/>\n\t<meta property=\"og:image:width\" content=\"1200\" \/>\n\t<meta property=\"og:image:height\" content=\"900\" \/>\n\t<meta property=\"og:image:type\" content=\"image\/png\" \/>\n<meta name=\"author\" content=\"La Sentinelle\" \/>\n<meta name=\"twitter:card\" content=\"summary_large_image\" \/>\n<meta name=\"twitter:label1\" content=\"\u00c9crit par\" \/>\n\t<meta name=\"twitter:data1\" content=\"La Sentinelle\" \/>\n\t<meta name=\"twitter:label2\" content=\"Dur\u00e9e de lecture estim\u00e9e\" \/>\n\t<meta name=\"twitter:data2\" content=\"2 minutes\" \/>\n<script type=\"application\/ld+json\" class=\"yoast-schema-graph\">{\"@context\":\"https:\\\/\\\/schema.org\",\"@graph\":[{\"@type\":\"Article\",\"@id\":\"https:\\\/\\\/lasentinelle.dz\\\/index.php\\\/2023\\\/04\\\/12\\\/can-2023-u17-les-vert-en-stage-precompetitif\\\/#article\",\"isPartOf\":{\"@id\":\"https:\\\/\\\/lasentinelle.dz\\\/index.php\\\/2023\\\/04\\\/12\\\/can-2023-u17-les-vert-en-stage-precompetitif\\\/\"},\"author\":{\"name\":\"La Sentinelle\",\"@id\":\"https:\\\/\\\/lasentinelle.dz\\\/#\\\/schema\\\/person\\\/d865044e22e70a75174ce8bcad3acfb3\"},\"headline\":\"CAN-2023 (U17)\u00a0: Les Vert en stage pr\u00e9comp\u00e9titif\",\"datePublished\":\"2023-04-12T21:05:00+00:00\",\"dateModified\":\"2023-04-12T21:13:48+00:00\",\"mainEntityOfPage\":{\"@id\":\"https:\\\/\\\/lasentinelle.dz\\\/index.php\\\/2023\\\/04\\\/12\\\/can-2023-u17-les-vert-en-stage-precompetitif\\\/\"},\"wordCount\":375,\"commentCount\":0,\"publisher\":{\"@id\":\"https:\\\/\\\/lasentinelle.dz\\\/#organization\"},\"image\":{\"@id\":\"https:\\\/\\\/lasentinelle.dz\\\/index.php\\\/2023\\\/04\\\/12\\\/can-2023-u17-les-vert-en-stage-precompetitif\\\/#primaryimage\"},\"thumbnailUrl\":\"https:\\\/\\\/lasentinelle.dz\\\/wp-content\\\/uploads\\\/2023\\\/04\\\/u17.png\",\"articleSection\":[\"Sports\"],\"inLanguage\":\"fr-FR\",\"potentialAction\":[{\"@type\":\"CommentAction\",\"name\":\"Comment\",\"target\":[\"https:\\\/\\\/lasentinelle.dz\\\/index.php\\\/2023\\\/04\\\/12\\\/can-2023-u17-les-vert-en-stage-precompetitif\\\/#respond\"]}]},{\"@type\":\"WebPage\",\"@id\":\"https:\\\/\\\/lasentinelle.dz\\\/index.php\\\/2023\\\/04\\\/12\\\/can-2023-u17-les-vert-en-stage-precompetitif\\\/\",\"url\":\"https:\\\/\\\/lasentinelle.dz\\\/index.php\\\/2023\\\/04\\\/12\\\/can-2023-u17-les-vert-en-stage-precompetitif\\\/\",\"name\":\"CAN-2023 (U17)\u00a0: Les Vert en stage pr\u00e9comp\u00e9titif - La Sentinelle\",\"isPartOf\":{\"@id\":\"https:\\\/\\\/lasentinelle.dz\\\/#website\"},\"primaryImageOfPage\":{\"@id\":\"https:\\\/\\\/lasentinelle.dz\\\/index.php\\\/2023\\\/04\\\/12\\\/can-2023-u17-les-vert-en-stage-precompetitif\\\/#primaryimage\"},\"image\":{\"@id\":\"https:\\\/\\\/lasentinelle.dz\\\/index.php\\\/2023\\\/04\\\/12\\\/can-2023-u17-les-vert-en-stage-precompetitif\\\/#primaryimage\"},\"thumbnailUrl\":\"https:\\\/\\\/lasentinelle.dz\\\/wp-content\\\/uploads\\\/2023\\\/04\\\/u17.png\",\"datePublished\":\"2023-04-12T21:05:00+00:00\",\"dateModified\":\"2023-04-12T21:13:48+00:00\",\"breadcrumb\":{\"@id\":\"https:\\\/\\\/lasentinelle.dz\\\/index.php\\\/2023\\\/04\\\/12\\\/can-2023-u17-les-vert-en-stage-precompetitif\\\/#breadcrumb\"},\"inLanguage\":\"fr-FR\",\"potentialAction\":[{\"@type\":\"ReadAction\",\"target\":[\"https:\\\/\\\/lasentinelle.dz\\\/index.php\\\/2023\\\/04\\\/12\\\/can-2023-u17-les-vert-en-stage-precompetitif\\\/\"]}]},{\"@type\":\"ImageObject\",\"inLanguage\":\"fr-FR\",\"@id\":\"https:\\\/\\\/lasentinelle.dz\\\/index.php\\\/2023\\\/04\\\/12\\\/can-2023-u17-les-vert-en-stage-precompetitif\\\/#primaryimage\",\"url\":\"https:\\\/\\\/lasentinelle.dz\\\/wp-content\\\/uploads\\\/2023\\\/04\\\/u17.png\",\"contentUrl\":\"https:\\\/\\\/lasentinelle.dz\\\/wp-content\\\/uploads\\\/2023\\\/04\\\/u17.png\",\"width\":1200,\"height\":900},{\"@type\":\"BreadcrumbList\",\"@id\":\"https:\\\/\\\/lasentinelle.dz\\\/index.php\\\/2023\\\/04\\\/12\\\/can-2023-u17-les-vert-en-stage-precompetitif\\\/#breadcrumb\",\"itemListElement\":[{\"@type\":\"ListItem\",\"position\":1,\"name\":\"Accueil\",\"item\":\"https:\\\/\\\/lasentinelle.dz\\\/\"},{\"@type\":\"ListItem\",\"position\":2,\"name\":\"CAN-2023 (U17)\u00a0: Les Vert en stage pr\u00e9comp\u00e9titif\"}]},{\"@type\":\"WebSite\",\"@id\":\"https:\\\/\\\/lasentinelle.dz\\\/#website\",\"url\":\"https:\\\/\\\/lasentinelle.dz\\\/\",\"name\":\"La Sentinelle\",\"description\":\"Quotidien national d&#039;information\",\"publisher\":{\"@id\":\"https:\\\/\\\/lasentinelle.dz\\\/#organization\"},\"potentialAction\":[{\"@type\":\"SearchAction\",\"target\":{\"@type\":\"EntryPoint\",\"urlTemplate\":\"https:\\\/\\\/lasentinelle.dz\\\/?s={search_term_string}\"},\"query-input\":{\"@type\":\"PropertyValueSpecification\",\"valueRequired\":true,\"valueName\":\"search_term_string\"}}],\"inLanguage\":\"fr-FR\"},{\"@type\":\"Organization\",\"@id\":\"https:\\\/\\\/lasentinelle.dz\\\/#organization\",\"name\":\"Quotidien La Sentinelle\",\"url\":\"https:\\\/\\\/lasentinelle.dz\\\/\",\"logo\":{\"@type\":\"ImageObject\",\"inLanguage\":\"fr-FR\",\"@id\":\"https:\\\/\\\/lasentinelle.dz\\\/#\\\/schema\\\/logo\\\/image\\\/\",\"url\":\"https:\\\/\\\/lasentinelle.dz\\\/wp-content\\\/uploads\\\/2021\\\/09\\\/logo-sentinelleSLOGAN-1.png\",\"contentUrl\":\"https:\\\/\\\/lasentinelle.dz\\\/wp-content\\\/uploads\\\/2021\\\/09\\\/logo-sentinelleSLOGAN-1.png\",\"width\":615,\"height\":142,\"caption\":\"Quotidien La Sentinelle\"},\"image\":{\"@id\":\"https:\\\/\\\/lasentinelle.dz\\\/#\\\/schema\\\/logo\\\/image\\\/\"},\"sameAs\":[\"https:\\\/\\\/www.facebook.com\\\/La-Sentinelle-104059864394773\"]},{\"@type\":\"Person\",\"@id\":\"https:\\\/\\\/lasentinelle.dz\\\/#\\\/schema\\\/person\\\/d865044e22e70a75174ce8bcad3acfb3\",\"name\":\"La Sentinelle\",\"image\":{\"@type\":\"ImageObject\",\"inLanguage\":\"fr-FR\",\"@id\":\"https:\\\/\\\/secure.gravatar.com\\\/avatar\\\/57de8e5d4b15d43fb361a71fbb36338450fe67865b528a43dd10ef7c51a20392?s=96&d=mm&r=g\",\"url\":\"https:\\\/\\\/secure.gravatar.com\\\/avatar\\\/57de8e5d4b15d43fb361a71fbb36338450fe67865b528a43dd10ef7c51a20392?s=96&d=mm&r=g\",\"contentUrl\":\"https:\\\/\\\/secure.gravatar.com\\\/avatar\\\/57de8e5d4b15d43fb361a71fbb36338450fe67865b528a43dd10ef7c51a20392?s=96&d=mm&r=g\",\"caption\":\"La Sentinelle\"},\"sameAs\":[\"http:\\\/\\\/www.lasentinelle.dz\"],\"url\":\"https:\\\/\\\/lasentinelle.dz\\\/author\\\/redaction\\\/\"}]}<\/script>\n<!-- \/ Yoast SEO plugin. -->","yoast_head_json":{"title":"CAN-2023 (U17)\u00a0: Les Vert en stage pr\u00e9comp\u00e9titif - La Sentinelle","robots":{"index":"index","follow":"follow","max-snippet":"max-snippet:-1","max-image-preview":"max-image-preview:large","max-video-preview":"max-video-preview:-1"},"canonical":"https:\/\/lasentinelle.dz\/index.php\/2023\/04\/12\/can-2023-u17-les-vert-en-stage-precompetitif\/","og_locale":"fr_FR","og_type":"article","og_title":"CAN-2023 (U17)\u00a0: Les Vert en stage pr\u00e9comp\u00e9titif - La Sentinelle","og_description":"Le s\u00e9lectionneur de l&rsquo;\u00e9quipe nationale de football des moins de 17 ans (U17), Arezki Remmane a fait appel \u00e0 25","og_url":"https:\/\/lasentinelle.dz\/index.php\/2023\/04\/12\/can-2023-u17-les-vert-en-stage-precompetitif\/","og_site_name":"La Sentinelle","article_publisher":"https:\/\/www.facebook.com\/La-Sentinelle-104059864394773","article_published_time":"2023-04-12T21:05:00+00:00","article_modified_time":"2023-04-12T21:13:48+00:00","og_image":[{"width":1200,"height":900,"url":"https:\/\/lasentinelle.dz\/wp-content\/uploads\/2023\/04\/u17.png","type":"image\/png"}],"author":"La Sentinelle","twitter_card":"summary_large_image","twitter_misc":{"\u00c9crit par":"La Sentinelle","Dur\u00e9e de lecture estim\u00e9e":"2 minutes"},"schema":{"@context":"https:\/\/schema.org","@graph":[{"@type":"Article","@id":"https:\/\/lasentinelle.dz\/index.php\/2023\/04\/12\/can-2023-u17-les-vert-en-stage-precompetitif\/#article","isPartOf":{"@id":"https:\/\/lasentinelle.dz\/index.php\/2023\/04\/12\/can-2023-u17-les-vert-en-stage-precompetitif\/"},"author":{"name":"La Sentinelle","@id":"https:\/\/lasentinelle.dz\/#\/schema\/person\/d865044e22e70a75174ce8bcad3acfb3"},"headline":"CAN-2023 (U17)\u00a0: Les Vert en stage pr\u00e9comp\u00e9titif","datePublished":"2023-04-12T21:05:00+00:00","dateModified":"2023-04-12T21:13:48+00:00","mainEntityOfPage":{"@id":"https:\/\/lasentinelle.dz\/index.php\/2023\/04\/12\/can-2023-u17-les-vert-en-stage-precompetitif\/"},"wordCount":375,"commentCount":0,"publisher":{"@id":"https:\/\/lasentinelle.dz\/#organization"},"image":{"@id":"https:\/\/lasentinelle.dz\/index.php\/2023\/04\/12\/can-2023-u17-les-vert-en-stage-precompetitif\/#primaryimage"},"thumbnailUrl":"https:\/\/lasentinelle.dz\/wp-content\/uploads\/2023\/04\/u17.png","articleSection":["Sports"],"inLanguage":"fr-FR","potentialAction":[{"@type":"CommentAction","name":"Comment","target":["https:\/\/lasentinelle.dz\/index.php\/2023\/04\/12\/can-2023-u17-les-vert-en-stage-precompetitif\/#respond"]}]},{"@type":"WebPage","@id":"https:\/\/lasentinelle.dz\/index.php\/2023\/04\/12\/can-2023-u17-les-vert-en-stage-precompetitif\/","url":"https:\/\/lasentinelle.dz\/index.php\/2023\/04\/12\/can-2023-u17-les-vert-en-stage-precompetitif\/","name":"CAN-2023 (U17)\u00a0: Les Vert en stage pr\u00e9comp\u00e9titif - La Sentinelle","isPartOf":{"@id":"https:\/\/lasentinelle.dz\/#website"},"primaryImageOfPage":{"@id":"https:\/\/lasentinelle.dz\/index.php\/2023\/04\/12\/can-2023-u17-les-vert-en-stage-precompetitif\/#primaryimage"},"image":{"@id":"https:\/\/lasentinelle.dz\/index.php\/2023\/04\/12\/can-2023-u17-les-vert-en-stage-precompetitif\/#primaryimage"},"thumbnailUrl":"https:\/\/lasentinelle.dz\/wp-content\/uploads\/2023\/04\/u17.png","datePublished":"2023-04-12T21:05:00+00:00","dateModified":"2023-04-12T21:13:48+00:00","breadcrumb":{"@id":"https:\/\/lasentinelle.dz\/index.php\/2023\/04\/12\/can-2023-u17-les-vert-en-stage-precompetitif\/#breadcrumb"},"inLanguage":"fr-FR","potentialAction":[{"@type":"ReadAction","target":["https:\/\/lasentinelle.dz\/index.php\/2023\/04\/12\/can-2023-u17-les-vert-en-stage-precompetitif\/"]}]},{"@type":"ImageObject","inLanguage":"fr-FR","@id":"https:\/\/lasentinelle.dz\/index.php\/2023\/04\/12\/can-2023-u17-les-vert-en-stage-precompetitif\/#primaryimage","url":"https:\/\/lasentinelle.dz\/wp-content\/uploads\/2023\/04\/u17.png","contentUrl":"https:\/\/lasentinelle.dz\/wp-content\/uploads\/2023\/04\/u17.png","width":1200,"height":900},{"@type":"BreadcrumbList","@id":"https:\/\/lasentinelle.dz\/index.php\/2023\/04\/12\/can-2023-u17-les-vert-en-stage-precompetitif\/#breadcrumb","itemListElement":[{"@type":"ListItem","position":1,"name":"Accueil","item":"https:\/\/lasentinelle.dz\/"},{"@type":"ListItem","position":2,"name":"CAN-2023 (U17)\u00a0: Les Vert en stage pr\u00e9comp\u00e9titif"}]},{"@type":"WebSite","@id":"https:\/\/lasentinelle.dz\/#website","url":"https:\/\/lasentinelle.dz\/","name":"La Sentinelle","description":"Quotidien national d&#039;information","publisher":{"@id":"https:\/\/lasentinelle.dz\/#organization"},"potentialAction":[{"@type":"SearchAction","target":{"@type":"EntryPoint","urlTemplate":"https:\/\/lasentinelle.dz\/?s={search_term_string}"},"query-input":{"@type":"PropertyValueSpecification","valueRequired":true,"valueName":"search_term_string"}}],"inLanguage":"fr-FR"},{"@type":"Organization","@id":"https:\/\/lasentinelle.dz\/#organization","name":"Quotidien La Sentinelle","url":"https:\/\/lasentinelle.dz\/","logo":{"@type":"ImageObject","inLanguage":"fr-FR","@id":"https:\/\/lasentinelle.dz\/#\/schema\/logo\/image\/","url":"https:\/\/lasentinelle.dz\/wp-content\/uploads\/2021\/09\/logo-sentinelleSLOGAN-1.png","contentUrl":"https:\/\/lasentinelle.dz\/wp-content\/uploads\/2021\/09\/logo-sentinelleSLOGAN-1.png","width":615,"height":142,"caption":"Quotidien La Sentinelle"},"image":{"@id":"https:\/\/lasentinelle.dz\/#\/schema\/logo\/image\/"},"sameAs":["https:\/\/www.facebook.com\/La-Sentinelle-104059864394773"]},{"@type":"Person","@id":"https:\/\/lasentinelle.dz\/#\/schema\/person\/d865044e22e70a75174ce8bcad3acfb3","name":"La Sentinelle","image":{"@type":"ImageObject","inLanguage":"fr-FR","@id":"https:\/\/secure.gravatar.com\/avatar\/57de8e5d4b15d43fb361a71fbb36338450fe67865b528a43dd10ef7c51a20392?s=96&d=mm&r=g","url":"https:\/\/secure.gravatar.com\/avatar\/57de8e5d4b15d43fb361a71fbb36338450fe67865b528a43dd10ef7c51a20392?s=96&d=mm&r=g","contentUrl":"https:\/\/secure.gravatar.com\/avatar\/57de8e5d4b15d43fb361a71fbb36338450fe67865b528a43dd10ef7c51a20392?s=96&d=mm&r=g","caption":"La Sentinelle"},"sameAs":["http:\/\/www.lasentinelle.dz"],"url":"https:\/\/lasentinelle.dz\/author\/redaction\/"}]}},"_links":{"self":[{"href":"https:\/\/lasentinelle.dz\/index.php\/wp-json\/wp\/v2\/posts\/39416","targetHints":{"allow":["GET"]}}],"collection":[{"href":"https:\/\/lasentinelle.dz\/index.php\/wp-json\/wp\/v2\/posts"}],"about":[{"href":"https:\/\/lasentinelle.dz\/index.php\/wp-json\/wp\/v2\/types\/post"}],"author":[{"embeddable":true,"href":"https:\/\/lasentinelle.dz\/index.php\/wp-json\/wp\/v2\/users\/3"}],"replies":[{"embeddable":true,"href":"https:\/\/lasentinelle.dz\/index.php\/wp-json\/wp\/v2\/comments?post=39416"}],"version-history":[{"count":2,"href":"https:\/\/lasentinelle.dz\/index.php\/wp-json\/wp\/v2\/posts\/39416\/revisions"}],"predecessor-version":[{"id":39476,"href":"https:\/\/lasentinelle.dz\/index.php\/wp-json\/wp\/v2\/posts\/39416\/revisions\/39476"}],"wp:featuredmedia":[{"embeddable":true,"href":"https:\/\/lasentinelle.dz\/index.php\/wp-json\/wp\/v2\/media\/39421"}],"wp:attachment":[{"href":"https:\/\/lasentinelle.dz\/index.php\/wp-json\/wp\/v2\/media?parent=39416"}],"wp:term":[{"taxonomy":"category","embeddable":true,"href":"https:\/\/lasentinelle.dz\/index.php\/wp-json\/wp\/v2\/categories?post=39416"},{"taxonomy":"post_tag","embeddable":true,"href":"https:\/\/lasentinelle.dz\/index.php\/wp-json\/wp\/v2\/tags?post=39416"}],"curies":[{"name":"wp","href":"https:\/\/api.w.org\/{rel}","templated":true}]}}