{"id":39442,"date":"2023-04-12T22:05:00","date_gmt":"2023-04-12T21:05:00","guid":{"rendered":"https:\/\/lasentinelle.dz\/?p=39442"},"modified":"2023-04-12T20:42:09","modified_gmt":"2023-04-12T19:42:09","slug":"projet-de-loi-relatif-a-la-prevention-et-reglement-des-conflits-collectifs-de-travail-le-texte-amende-adopte-a-lapn","status":"publish","type":"post","link":"https:\/\/lasentinelle.dz\/index.php\/2023\/04\/12\/projet-de-loi-relatif-a-la-prevention-et-reglement-des-conflits-collectifs-de-travail-le-texte-amende-adopte-a-lapn\/","title":{"rendered":"Projet de loi relatif \u00e0 la pr\u00e9vention et r\u00e8glement des conflits collectifs de travail\u00a0: Le texte, amend\u00e9, adopt\u00e9 \u00e0 l\u2019APN"},"content":{"rendered":"\n<p>Le projet de loi relatif \u00e0 la pr\u00e9vention et au r\u00e8glement des conflits collectifs du travail et \u00e0 l&rsquo;exercice du droit de gr\u00e8ve a adopt\u00e9 mardi par la majorit\u00e9 des d\u00e9put\u00e9s, lesquels ont tout de m\u00eame, introduit 19 amendements qui r\u00e9pondent en partie aux revendications des organisations syndicales.<\/p>\n\n\n\n<p>C\u2019est le texte qui a suscit\u00e9 le d\u00e9bat au cours des derni\u00e8res semaines. D\u00e9cri\u00e9 par les organisations syndicales aussi bien affili\u00e9e \u00e0 l\u2019UGTA qu\u2019\u00e0 la Conf\u00e9d\u00e9ration des syndicats autonomes qui ont demand\u00e9 son retrait, le projet de loi relatif \u00e0 la pr\u00e9vention et au r\u00e8glement des conflits collectifs du travail et \u00e0 l&rsquo;exercice du droit de gr\u00e8ve a finalement \u00e9t\u00e9 adopt\u00e9 \u00e0 la majorit\u00e9 \u00e0 l\u2019APN, non sans que certains amendements ne soient apport\u00e9s par les d\u00e9put\u00e9s. Ainsi, lors de la s\u00e9ance de vote, les d\u00e9put\u00e9s ont approuv\u00e9 19 amendements sur 57 propos\u00e9s. Certains changements ont port\u00e9 sur la forme tandis que d\u2019autres ont \u00e9t\u00e9 de fond et ont tent\u00e9 de r\u00e9pondre \u00e0 certaines pr\u00e9occupations des organisations syndicales. Le plus notable demeure celui relatif au retrait du texte pr\u00e9sent\u00e9 par le gouvernement des dispositions relatives aux gr\u00e8ves motiv\u00e9es par des raisons extraprofessionnelles ou extra-sociales- une question qui avait suscit\u00e9 le d\u00e9bat-, l\u2019annulation des mesures et sanctions privatives de libert\u00e9, le retrait des mesures relatives \u00e0 l\u2019exclusion des adh\u00e9rents des organisation syndicales, ou encore l\u2019introduction de nouvelles dispositions relatives de commissions paritaires au sein des organismes employeurs pour prendre en charge les proc\u00e9dures de m\u00e9diations et de conciliation en cas de conflits collectif au travail, ainsi que des clarifications des dispositions relatives \u00e0 la dissolution des organisations syndicales en cas de gr\u00e8ve ill\u00e9gale, et les dispositif de r\u00e9mun\u00e9ration et de compensation en temps de gr\u00e8ve. Les d\u00e9put\u00e9s ont \u00e9galement introduit un amendement pour contraindre l\u2019Ex\u00e9cutif \u00e0 publier les textes d\u2019application dans un d\u00e9lai de douze mois suivant la promulgation du texte.<\/p>\n\n\n\n<p>A l&rsquo;issue du vote, le ministre du Travail, de l&rsquo;Emploi et de la S\u00e9curit\u00e9 sociale, Fay\u00e7al Bentaleb a affirm\u00e9 que cette loi \u00ab\u00a0encourage le dialogue fructueux fond\u00e9 sur le principe de respect des droits fondamentaux des travailleurs et des employeurs \u00e0 travers ses dispositions favorisant le r\u00e8glement \u00e0 l&rsquo;amiable des conflits collectifs par le renforcement des m\u00e9canismes de conciliation, de m\u00e9diation et d\u2019arbitrage\u00a0\u00bb. Ce texte de loi pr\u00e9voit \u00e9galement \u00ab\u00a0des m\u00e9canismes plus flexibles pour le dialogue social et plus efficaces pour le r\u00e8glement des conflits collectifs du travail en vue d\u2019assurer un climat favorable et pr\u00e9server la paix et la stabilit\u00e9 sociales\u00a0\u00bb, a-t-il soulign\u00e9.<\/p>\n\n\n\n<p>Adapter l&rsquo;arsenal juridique \u00e0 la Constitution<\/p>\n\n\n\n<p>Pour rappel, deux autres textes ont \u00e9t\u00e9 adopt\u00e9s mardi \u00e0 l\u2019APN, \u00e0 savoir le projet de Loi mon\u00e9taire et bancaire et le projet de Loi sur la comptabilit\u00e9 publique.&nbsp; \u00c0 l\u2019issue de la s\u00e9ance, le pr\u00e9sident de l&rsquo;Assembl\u00e9e populaire nationale (APN), M. Brahim Boughali, a mis en avant l&rsquo;importance de poursuivre l&rsquo;actualisation de l&rsquo;arsenal juridique pour son adaptation \u00e0 la Constitution.<\/p>\n\n\n\n<p>Le pr\u00e9sident de la chambre basse du Parlement a en outre salu\u00e9 \u00ab\u00a0l&rsquo;esprit de coop\u00e9ration et de coordination entre les deux pouvoirs l\u00e9gislatif et ex\u00e9cutif, au moment o\u00f9 le pr\u00e9sident de la R\u00e9publique, M. Abdelmadjid Tebboune, \u0153uvre au renforcement de la protection sociale et \u00e0 l&rsquo;accompagnement des cat\u00e9gories vuln\u00e9rables, \u00e0 travers plusieurs mesures qui sont en leur faveur\u00a0\u00bb. M. Boughali a \u00e9voqu\u00e9 une autre \u00e9tape \u00ab\u00a0qui t\u00e9moigne du sentiment de fiert\u00e9 de notre identit\u00e9 et notre appartenance\u00a0\u00bb, en l&rsquo;occurrence la journ\u00e9e du savoir, affirmant \u00e0 ce propos: \u00ab\u00a0Nous sommes au mois d&rsquo;avril, mois qui c\u00e9l\u00e8bre le savoir et rend hommage au pionnier de la renaissance contemporaine, Cheikh Abdelhamid Ben Badis, lequel a ancr\u00e9 cette appartenance et l&rsquo;a immortalis\u00e9 dans son c\u00e9l\u00e8bre ver \u00ab\u00a0le peuple d&rsquo;Alg\u00e9rie est musulman et \u00e0 l&rsquo;Arabit\u00e9 il appartient\u00a0\u00bb, car convaincu que le salut de la Nation r\u00e9side dans le savoir. Par ailleurs, le pr\u00e9sident de l&rsquo;APN a \u00e9voqu\u00e9 \u00ab\u00a0la situation dans les territoires palestiniens marqu\u00e9e par les assassinats et les arrestations de nos fr\u00e8res palestiniens et la profanation des lieux saints au su et au vu du monde entier\u00a0\u00bb, appelant \u00ab\u00a0les hommes libres dans le monde \u00e0 faire face \u00e0 la barbarie et aux crimes perp\u00e9tr\u00e9s par l&rsquo;entit\u00e9 sioniste et \u00e0 soutenir la juste cause de nos fr\u00e8res en Palestine occup\u00e9e\u00a0\u00bb.<\/p>\n\n\n\n<p><strong>Chokri Hafed<\/strong><\/p>\n","protected":false},"excerpt":{"rendered":"<p>Le projet de loi relatif \u00e0 la pr\u00e9vention et au r\u00e8glement des conflits collectifs du travail et \u00e0 l&rsquo;exercice du<\/p>\n","protected":false},"author":3,"featured_media":39452,"comment_status":"open","ping_status":"closed","sticky":false,"template":"","format":"standard","meta":{"colormag_page_container_layout":"default_layout","colormag_page_sidebar_layout":"default_layout","om_disable_all_campaigns":false,"_monsterinsights_skip_tracking":false,"_monsterinsights_sitenote_active":false,"_monsterinsights_sitenote_note":"","_monsterinsights_sitenote_category":0,"footnotes":"","_wpscppro_dont_share_socialmedia":false,"_wpscppro_custom_social_share_image":0,"_facebook_share_type":"","_twitter_share_type":"","_linkedin_share_type":"","_pinterest_share_type":"","_linkedin_share_type_page":"","_instagram_share_type":"","_medium_share_type":"","_threads_share_type":"","_google_business_share_type":"","_selected_social_profile":[],"_wpsp_enable_custom_social_template":false,"_wpsp_social_scheduling":{"enabled":false,"datetime":null,"platforms":[],"status":"template_only","dateOption":"today","timeOption":"now","customDays":"","customHours":"","customDate":"","customTime":"","schedulingType":"absolute"},"_wpsp_active_default_template":true},"categories":[27],"tags":[],"class_list":["post-39442","post","type-post","status-publish","format-standard","has-post-thumbnail","hentry","category-actualite"],"aioseo_notices":[],"yoast_head":"<!-- This site is optimized with the Yoast SEO plugin v27.5 - https:\/\/yoast.com\/product\/yoast-seo-wordpress\/ -->\n<title>Projet de loi relatif \u00e0 la pr\u00e9vention et r\u00e8glement des conflits collectifs de travail\u00a0: Le texte, amend\u00e9, adopt\u00e9 \u00e0 l\u2019APN - La Sentinelle<\/title>\n<meta name=\"robots\" content=\"index, follow, max-snippet:-1, max-image-preview:large, max-video-preview:-1\" \/>\n<link rel=\"canonical\" href=\"https:\/\/lasentinelle.dz\/index.php\/2023\/04\/12\/projet-de-loi-relatif-a-la-prevention-et-reglement-des-conflits-collectifs-de-travail-le-texte-amende-adopte-a-lapn\/\" \/>\n<meta property=\"og:locale\" content=\"fr_FR\" \/>\n<meta property=\"og:type\" content=\"article\" \/>\n<meta property=\"og:title\" content=\"Projet de loi relatif \u00e0 la pr\u00e9vention et r\u00e8glement des conflits collectifs de travail\u00a0: Le texte, amend\u00e9, adopt\u00e9 \u00e0 l\u2019APN - La Sentinelle\" \/>\n<meta property=\"og:description\" content=\"Le projet de loi relatif \u00e0 la pr\u00e9vention et au r\u00e8glement des conflits collectifs du travail et \u00e0 l&rsquo;exercice du\" \/>\n<meta property=\"og:url\" content=\"https:\/\/lasentinelle.dz\/index.php\/2023\/04\/12\/projet-de-loi-relatif-a-la-prevention-et-reglement-des-conflits-collectifs-de-travail-le-texte-amende-adopte-a-lapn\/\" \/>\n<meta property=\"og:site_name\" content=\"La Sentinelle\" \/>\n<meta property=\"article:publisher\" content=\"https:\/\/www.facebook.com\/La-Sentinelle-104059864394773\" \/>\n<meta property=\"article:published_time\" content=\"2023-04-12T21:05:00+00:00\" \/>\n<meta property=\"og:image\" content=\"https:\/\/lasentinelle.dz\/wp-content\/uploads\/2023\/04\/APN-1.png\" \/>\n\t<meta property=\"og:image:width\" content=\"1348\" \/>\n\t<meta property=\"og:image:height\" content=\"900\" \/>\n\t<meta property=\"og:image:type\" content=\"image\/png\" \/>\n<meta name=\"author\" content=\"La Sentinelle\" \/>\n<meta name=\"twitter:card\" content=\"summary_large_image\" \/>\n<meta name=\"twitter:label1\" content=\"\u00c9crit par\" \/>\n\t<meta name=\"twitter:data1\" content=\"La Sentinelle\" \/>\n\t<meta name=\"twitter:label2\" content=\"Dur\u00e9e de lecture estim\u00e9e\" \/>\n\t<meta name=\"twitter:data2\" content=\"4 minutes\" \/>\n<script type=\"application\/ld+json\" class=\"yoast-schema-graph\">{\"@context\":\"https:\\\/\\\/schema.org\",\"@graph\":[{\"@type\":\"Article\",\"@id\":\"https:\\\/\\\/lasentinelle.dz\\\/index.php\\\/2023\\\/04\\\/12\\\/projet-de-loi-relatif-a-la-prevention-et-reglement-des-conflits-collectifs-de-travail-le-texte-amende-adopte-a-lapn\\\/#article\",\"isPartOf\":{\"@id\":\"https:\\\/\\\/lasentinelle.dz\\\/index.php\\\/2023\\\/04\\\/12\\\/projet-de-loi-relatif-a-la-prevention-et-reglement-des-conflits-collectifs-de-travail-le-texte-amende-adopte-a-lapn\\\/\"},\"author\":{\"name\":\"La Sentinelle\",\"@id\":\"https:\\\/\\\/lasentinelle.dz\\\/#\\\/schema\\\/person\\\/d865044e22e70a75174ce8bcad3acfb3\"},\"headline\":\"Projet de loi relatif \u00e0 la pr\u00e9vention et r\u00e8glement des conflits collectifs de travail\u00a0: Le texte, amend\u00e9, adopt\u00e9 \u00e0 l\u2019APN\",\"datePublished\":\"2023-04-12T21:05:00+00:00\",\"mainEntityOfPage\":{\"@id\":\"https:\\\/\\\/lasentinelle.dz\\\/index.php\\\/2023\\\/04\\\/12\\\/projet-de-loi-relatif-a-la-prevention-et-reglement-des-conflits-collectifs-de-travail-le-texte-amende-adopte-a-lapn\\\/\"},\"wordCount\":800,\"commentCount\":0,\"publisher\":{\"@id\":\"https:\\\/\\\/lasentinelle.dz\\\/#organization\"},\"image\":{\"@id\":\"https:\\\/\\\/lasentinelle.dz\\\/index.php\\\/2023\\\/04\\\/12\\\/projet-de-loi-relatif-a-la-prevention-et-reglement-des-conflits-collectifs-de-travail-le-texte-amende-adopte-a-lapn\\\/#primaryimage\"},\"thumbnailUrl\":\"https:\\\/\\\/lasentinelle.dz\\\/wp-content\\\/uploads\\\/2023\\\/04\\\/APN-1.png\",\"articleSection\":[\"Actualit\u00e9\"],\"inLanguage\":\"fr-FR\",\"potentialAction\":[{\"@type\":\"CommentAction\",\"name\":\"Comment\",\"target\":[\"https:\\\/\\\/lasentinelle.dz\\\/index.php\\\/2023\\\/04\\\/12\\\/projet-de-loi-relatif-a-la-prevention-et-reglement-des-conflits-collectifs-de-travail-le-texte-amende-adopte-a-lapn\\\/#respond\"]}]},{\"@type\":\"WebPage\",\"@id\":\"https:\\\/\\\/lasentinelle.dz\\\/index.php\\\/2023\\\/04\\\/12\\\/projet-de-loi-relatif-a-la-prevention-et-reglement-des-conflits-collectifs-de-travail-le-texte-amende-adopte-a-lapn\\\/\",\"url\":\"https:\\\/\\\/lasentinelle.dz\\\/index.php\\\/2023\\\/04\\\/12\\\/projet-de-loi-relatif-a-la-prevention-et-reglement-des-conflits-collectifs-de-travail-le-texte-amende-adopte-a-lapn\\\/\",\"name\":\"Projet de loi relatif \u00e0 la pr\u00e9vention et r\u00e8glement des conflits collectifs de travail\u00a0: Le texte, amend\u00e9, adopt\u00e9 \u00e0 l\u2019APN - La Sentinelle\",\"isPartOf\":{\"@id\":\"https:\\\/\\\/lasentinelle.dz\\\/#website\"},\"primaryImageOfPage\":{\"@id\":\"https:\\\/\\\/lasentinelle.dz\\\/index.php\\\/2023\\\/04\\\/12\\\/projet-de-loi-relatif-a-la-prevention-et-reglement-des-conflits-collectifs-de-travail-le-texte-amende-adopte-a-lapn\\\/#primaryimage\"},\"image\":{\"@id\":\"https:\\\/\\\/lasentinelle.dz\\\/index.php\\\/2023\\\/04\\\/12\\\/projet-de-loi-relatif-a-la-prevention-et-reglement-des-conflits-collectifs-de-travail-le-texte-amende-adopte-a-lapn\\\/#primaryimage\"},\"thumbnailUrl\":\"https:\\\/\\\/lasentinelle.dz\\\/wp-content\\\/uploads\\\/2023\\\/04\\\/APN-1.png\",\"datePublished\":\"2023-04-12T21:05:00+00:00\",\"breadcrumb\":{\"@id\":\"https:\\\/\\\/lasentinelle.dz\\\/index.php\\\/2023\\\/04\\\/12\\\/projet-de-loi-relatif-a-la-prevention-et-reglement-des-conflits-collectifs-de-travail-le-texte-amende-adopte-a-lapn\\\/#breadcrumb\"},\"inLanguage\":\"fr-FR\",\"potentialAction\":[{\"@type\":\"ReadAction\",\"target\":[\"https:\\\/\\\/lasentinelle.dz\\\/index.php\\\/2023\\\/04\\\/12\\\/projet-de-loi-relatif-a-la-prevention-et-reglement-des-conflits-collectifs-de-travail-le-texte-amende-adopte-a-lapn\\\/\"]}]},{\"@type\":\"ImageObject\",\"inLanguage\":\"fr-FR\",\"@id\":\"https:\\\/\\\/lasentinelle.dz\\\/index.php\\\/2023\\\/04\\\/12\\\/projet-de-loi-relatif-a-la-prevention-et-reglement-des-conflits-collectifs-de-travail-le-texte-amende-adopte-a-lapn\\\/#primaryimage\",\"url\":\"https:\\\/\\\/lasentinelle.dz\\\/wp-content\\\/uploads\\\/2023\\\/04\\\/APN-1.png\",\"contentUrl\":\"https:\\\/\\\/lasentinelle.dz\\\/wp-content\\\/uploads\\\/2023\\\/04\\\/APN-1.png\",\"width\":1348,\"height\":900},{\"@type\":\"BreadcrumbList\",\"@id\":\"https:\\\/\\\/lasentinelle.dz\\\/index.php\\\/2023\\\/04\\\/12\\\/projet-de-loi-relatif-a-la-prevention-et-reglement-des-conflits-collectifs-de-travail-le-texte-amende-adopte-a-lapn\\\/#breadcrumb\",\"itemListElement\":[{\"@type\":\"ListItem\",\"position\":1,\"name\":\"Accueil\",\"item\":\"https:\\\/\\\/lasentinelle.dz\\\/\"},{\"@type\":\"ListItem\",\"position\":2,\"name\":\"Projet de loi relatif \u00e0 la pr\u00e9vention et r\u00e8glement des conflits collectifs de travail\u00a0: Le texte, amend\u00e9, adopt\u00e9 \u00e0 l\u2019APN\"}]},{\"@type\":\"WebSite\",\"@id\":\"https:\\\/\\\/lasentinelle.dz\\\/#website\",\"url\":\"https:\\\/\\\/lasentinelle.dz\\\/\",\"name\":\"La Sentinelle\",\"description\":\"Quotidien national d&#039;information\",\"publisher\":{\"@id\":\"https:\\\/\\\/lasentinelle.dz\\\/#organization\"},\"potentialAction\":[{\"@type\":\"SearchAction\",\"target\":{\"@type\":\"EntryPoint\",\"urlTemplate\":\"https:\\\/\\\/lasentinelle.dz\\\/?s={search_term_string}\"},\"query-input\":{\"@type\":\"PropertyValueSpecification\",\"valueRequired\":true,\"valueName\":\"search_term_string\"}}],\"inLanguage\":\"fr-FR\"},{\"@type\":\"Organization\",\"@id\":\"https:\\\/\\\/lasentinelle.dz\\\/#organization\",\"name\":\"Quotidien La Sentinelle\",\"url\":\"https:\\\/\\\/lasentinelle.dz\\\/\",\"logo\":{\"@type\":\"ImageObject\",\"inLanguage\":\"fr-FR\",\"@id\":\"https:\\\/\\\/lasentinelle.dz\\\/#\\\/schema\\\/logo\\\/image\\\/\",\"url\":\"https:\\\/\\\/lasentinelle.dz\\\/wp-content\\\/uploads\\\/2021\\\/09\\\/logo-sentinelleSLOGAN-1.png\",\"contentUrl\":\"https:\\\/\\\/lasentinelle.dz\\\/wp-content\\\/uploads\\\/2021\\\/09\\\/logo-sentinelleSLOGAN-1.png\",\"width\":615,\"height\":142,\"caption\":\"Quotidien La Sentinelle\"},\"image\":{\"@id\":\"https:\\\/\\\/lasentinelle.dz\\\/#\\\/schema\\\/logo\\\/image\\\/\"},\"sameAs\":[\"https:\\\/\\\/www.facebook.com\\\/La-Sentinelle-104059864394773\"]},{\"@type\":\"Person\",\"@id\":\"https:\\\/\\\/lasentinelle.dz\\\/#\\\/schema\\\/person\\\/d865044e22e70a75174ce8bcad3acfb3\",\"name\":\"La Sentinelle\",\"image\":{\"@type\":\"ImageObject\",\"inLanguage\":\"fr-FR\",\"@id\":\"https:\\\/\\\/secure.gravatar.com\\\/avatar\\\/57de8e5d4b15d43fb361a71fbb36338450fe67865b528a43dd10ef7c51a20392?s=96&d=mm&r=g\",\"url\":\"https:\\\/\\\/secure.gravatar.com\\\/avatar\\\/57de8e5d4b15d43fb361a71fbb36338450fe67865b528a43dd10ef7c51a20392?s=96&d=mm&r=g\",\"contentUrl\":\"https:\\\/\\\/secure.gravatar.com\\\/avatar\\\/57de8e5d4b15d43fb361a71fbb36338450fe67865b528a43dd10ef7c51a20392?s=96&d=mm&r=g\",\"caption\":\"La Sentinelle\"},\"sameAs\":[\"http:\\\/\\\/www.lasentinelle.dz\"],\"url\":\"https:\\\/\\\/lasentinelle.dz\\\/author\\\/redaction\\\/\"}]}<\/script>\n<!-- \/ Yoast SEO plugin. -->","yoast_head_json":{"title":"Projet de loi relatif \u00e0 la pr\u00e9vention et r\u00e8glement des conflits collectifs de travail\u00a0: Le texte, amend\u00e9, adopt\u00e9 \u00e0 l\u2019APN - La Sentinelle","robots":{"index":"index","follow":"follow","max-snippet":"max-snippet:-1","max-image-preview":"max-image-preview:large","max-video-preview":"max-video-preview:-1"},"canonical":"https:\/\/lasentinelle.dz\/index.php\/2023\/04\/12\/projet-de-loi-relatif-a-la-prevention-et-reglement-des-conflits-collectifs-de-travail-le-texte-amende-adopte-a-lapn\/","og_locale":"fr_FR","og_type":"article","og_title":"Projet de loi relatif \u00e0 la pr\u00e9vention et r\u00e8glement des conflits collectifs de travail\u00a0: Le texte, amend\u00e9, adopt\u00e9 \u00e0 l\u2019APN - La Sentinelle","og_description":"Le projet de loi relatif \u00e0 la pr\u00e9vention et au r\u00e8glement des conflits collectifs du travail et \u00e0 l&rsquo;exercice du","og_url":"https:\/\/lasentinelle.dz\/index.php\/2023\/04\/12\/projet-de-loi-relatif-a-la-prevention-et-reglement-des-conflits-collectifs-de-travail-le-texte-amende-adopte-a-lapn\/","og_site_name":"La Sentinelle","article_publisher":"https:\/\/www.facebook.com\/La-Sentinelle-104059864394773","article_published_time":"2023-04-12T21:05:00+00:00","og_image":[{"width":1348,"height":900,"url":"https:\/\/lasentinelle.dz\/wp-content\/uploads\/2023\/04\/APN-1.png","type":"image\/png"}],"author":"La Sentinelle","twitter_card":"summary_large_image","twitter_misc":{"\u00c9crit par":"La Sentinelle","Dur\u00e9e de lecture estim\u00e9e":"4 minutes"},"schema":{"@context":"https:\/\/schema.org","@graph":[{"@type":"Article","@id":"https:\/\/lasentinelle.dz\/index.php\/2023\/04\/12\/projet-de-loi-relatif-a-la-prevention-et-reglement-des-conflits-collectifs-de-travail-le-texte-amende-adopte-a-lapn\/#article","isPartOf":{"@id":"https:\/\/lasentinelle.dz\/index.php\/2023\/04\/12\/projet-de-loi-relatif-a-la-prevention-et-reglement-des-conflits-collectifs-de-travail-le-texte-amende-adopte-a-lapn\/"},"author":{"name":"La Sentinelle","@id":"https:\/\/lasentinelle.dz\/#\/schema\/person\/d865044e22e70a75174ce8bcad3acfb3"},"headline":"Projet de loi relatif \u00e0 la pr\u00e9vention et r\u00e8glement des conflits collectifs de travail\u00a0: Le texte, amend\u00e9, adopt\u00e9 \u00e0 l\u2019APN","datePublished":"2023-04-12T21:05:00+00:00","mainEntityOfPage":{"@id":"https:\/\/lasentinelle.dz\/index.php\/2023\/04\/12\/projet-de-loi-relatif-a-la-prevention-et-reglement-des-conflits-collectifs-de-travail-le-texte-amende-adopte-a-lapn\/"},"wordCount":800,"commentCount":0,"publisher":{"@id":"https:\/\/lasentinelle.dz\/#organization"},"image":{"@id":"https:\/\/lasentinelle.dz\/index.php\/2023\/04\/12\/projet-de-loi-relatif-a-la-prevention-et-reglement-des-conflits-collectifs-de-travail-le-texte-amende-adopte-a-lapn\/#primaryimage"},"thumbnailUrl":"https:\/\/lasentinelle.dz\/wp-content\/uploads\/2023\/04\/APN-1.png","articleSection":["Actualit\u00e9"],"inLanguage":"fr-FR","potentialAction":[{"@type":"CommentAction","name":"Comment","target":["https:\/\/lasentinelle.dz\/index.php\/2023\/04\/12\/projet-de-loi-relatif-a-la-prevention-et-reglement-des-conflits-collectifs-de-travail-le-texte-amende-adopte-a-lapn\/#respond"]}]},{"@type":"WebPage","@id":"https:\/\/lasentinelle.dz\/index.php\/2023\/04\/12\/projet-de-loi-relatif-a-la-prevention-et-reglement-des-conflits-collectifs-de-travail-le-texte-amende-adopte-a-lapn\/","url":"https:\/\/lasentinelle.dz\/index.php\/2023\/04\/12\/projet-de-loi-relatif-a-la-prevention-et-reglement-des-conflits-collectifs-de-travail-le-texte-amende-adopte-a-lapn\/","name":"Projet de loi relatif \u00e0 la pr\u00e9vention et r\u00e8glement des conflits collectifs de travail\u00a0: Le texte, amend\u00e9, adopt\u00e9 \u00e0 l\u2019APN - La Sentinelle","isPartOf":{"@id":"https:\/\/lasentinelle.dz\/#website"},"primaryImageOfPage":{"@id":"https:\/\/lasentinelle.dz\/index.php\/2023\/04\/12\/projet-de-loi-relatif-a-la-prevention-et-reglement-des-conflits-collectifs-de-travail-le-texte-amende-adopte-a-lapn\/#primaryimage"},"image":{"@id":"https:\/\/lasentinelle.dz\/index.php\/2023\/04\/12\/projet-de-loi-relatif-a-la-prevention-et-reglement-des-conflits-collectifs-de-travail-le-texte-amende-adopte-a-lapn\/#primaryimage"},"thumbnailUrl":"https:\/\/lasentinelle.dz\/wp-content\/uploads\/2023\/04\/APN-1.png","datePublished":"2023-04-12T21:05:00+00:00","breadcrumb":{"@id":"https:\/\/lasentinelle.dz\/index.php\/2023\/04\/12\/projet-de-loi-relatif-a-la-prevention-et-reglement-des-conflits-collectifs-de-travail-le-texte-amende-adopte-a-lapn\/#breadcrumb"},"inLanguage":"fr-FR","potentialAction":[{"@type":"ReadAction","target":["https:\/\/lasentinelle.dz\/index.php\/2023\/04\/12\/projet-de-loi-relatif-a-la-prevention-et-reglement-des-conflits-collectifs-de-travail-le-texte-amende-adopte-a-lapn\/"]}]},{"@type":"ImageObject","inLanguage":"fr-FR","@id":"https:\/\/lasentinelle.dz\/index.php\/2023\/04\/12\/projet-de-loi-relatif-a-la-prevention-et-reglement-des-conflits-collectifs-de-travail-le-texte-amende-adopte-a-lapn\/#primaryimage","url":"https:\/\/lasentinelle.dz\/wp-content\/uploads\/2023\/04\/APN-1.png","contentUrl":"https:\/\/lasentinelle.dz\/wp-content\/uploads\/2023\/04\/APN-1.png","width":1348,"height":900},{"@type":"BreadcrumbList","@id":"https:\/\/lasentinelle.dz\/index.php\/2023\/04\/12\/projet-de-loi-relatif-a-la-prevention-et-reglement-des-conflits-collectifs-de-travail-le-texte-amende-adopte-a-lapn\/#breadcrumb","itemListElement":[{"@type":"ListItem","position":1,"name":"Accueil","item":"https:\/\/lasentinelle.dz\/"},{"@type":"ListItem","position":2,"name":"Projet de loi relatif \u00e0 la pr\u00e9vention et r\u00e8glement des conflits collectifs de travail\u00a0: Le texte, amend\u00e9, adopt\u00e9 \u00e0 l\u2019APN"}]},{"@type":"WebSite","@id":"https:\/\/lasentinelle.dz\/#website","url":"https:\/\/lasentinelle.dz\/","name":"La Sentinelle","description":"Quotidien national d&#039;information","publisher":{"@id":"https:\/\/lasentinelle.dz\/#organization"},"potentialAction":[{"@type":"SearchAction","target":{"@type":"EntryPoint","urlTemplate":"https:\/\/lasentinelle.dz\/?s={search_term_string}"},"query-input":{"@type":"PropertyValueSpecification","valueRequired":true,"valueName":"search_term_string"}}],"inLanguage":"fr-FR"},{"@type":"Organization","@id":"https:\/\/lasentinelle.dz\/#organization","name":"Quotidien La Sentinelle","url":"https:\/\/lasentinelle.dz\/","logo":{"@type":"ImageObject","inLanguage":"fr-FR","@id":"https:\/\/lasentinelle.dz\/#\/schema\/logo\/image\/","url":"https:\/\/lasentinelle.dz\/wp-content\/uploads\/2021\/09\/logo-sentinelleSLOGAN-1.png","contentUrl":"https:\/\/lasentinelle.dz\/wp-content\/uploads\/2021\/09\/logo-sentinelleSLOGAN-1.png","width":615,"height":142,"caption":"Quotidien La Sentinelle"},"image":{"@id":"https:\/\/lasentinelle.dz\/#\/schema\/logo\/image\/"},"sameAs":["https:\/\/www.facebook.com\/La-Sentinelle-104059864394773"]},{"@type":"Person","@id":"https:\/\/lasentinelle.dz\/#\/schema\/person\/d865044e22e70a75174ce8bcad3acfb3","name":"La Sentinelle","image":{"@type":"ImageObject","inLanguage":"fr-FR","@id":"https:\/\/secure.gravatar.com\/avatar\/57de8e5d4b15d43fb361a71fbb36338450fe67865b528a43dd10ef7c51a20392?s=96&d=mm&r=g","url":"https:\/\/secure.gravatar.com\/avatar\/57de8e5d4b15d43fb361a71fbb36338450fe67865b528a43dd10ef7c51a20392?s=96&d=mm&r=g","contentUrl":"https:\/\/secure.gravatar.com\/avatar\/57de8e5d4b15d43fb361a71fbb36338450fe67865b528a43dd10ef7c51a20392?s=96&d=mm&r=g","caption":"La Sentinelle"},"sameAs":["http:\/\/www.lasentinelle.dz"],"url":"https:\/\/lasentinelle.dz\/author\/redaction\/"}]}},"_links":{"self":[{"href":"https:\/\/lasentinelle.dz\/index.php\/wp-json\/wp\/v2\/posts\/39442","targetHints":{"allow":["GET"]}}],"collection":[{"href":"https:\/\/lasentinelle.dz\/index.php\/wp-json\/wp\/v2\/posts"}],"about":[{"href":"https:\/\/lasentinelle.dz\/index.php\/wp-json\/wp\/v2\/types\/post"}],"author":[{"embeddable":true,"href":"https:\/\/lasentinelle.dz\/index.php\/wp-json\/wp\/v2\/users\/3"}],"replies":[{"embeddable":true,"href":"https:\/\/lasentinelle.dz\/index.php\/wp-json\/wp\/v2\/comments?post=39442"}],"version-history":[{"count":1,"href":"https:\/\/lasentinelle.dz\/index.php\/wp-json\/wp\/v2\/posts\/39442\/revisions"}],"predecessor-version":[{"id":39454,"href":"https:\/\/lasentinelle.dz\/index.php\/wp-json\/wp\/v2\/posts\/39442\/revisions\/39454"}],"wp:featuredmedia":[{"embeddable":true,"href":"https:\/\/lasentinelle.dz\/index.php\/wp-json\/wp\/v2\/media\/39452"}],"wp:attachment":[{"href":"https:\/\/lasentinelle.dz\/index.php\/wp-json\/wp\/v2\/media?parent=39442"}],"wp:term":[{"taxonomy":"category","embeddable":true,"href":"https:\/\/lasentinelle.dz\/index.php\/wp-json\/wp\/v2\/categories?post=39442"},{"taxonomy":"post_tag","embeddable":true,"href":"https:\/\/lasentinelle.dz\/index.php\/wp-json\/wp\/v2\/tags?post=39442"}],"curies":[{"name":"wp","href":"https:\/\/api.w.org\/{rel}","templated":true}]}}