{"id":39451,"date":"2023-04-12T22:05:00","date_gmt":"2023-04-12T21:05:00","guid":{"rendered":"https:\/\/lasentinelle.dz\/?p=39451"},"modified":"2023-04-12T20:42:04","modified_gmt":"2023-04-12T19:42:04","slug":"vote-de-la-loi-sur-linformation-et-des-textes-sur-la-lutte-contre-le-trafic-de-drogue-et-la-traite-detres-humains-vers-ladoption-des-textes-au-conseil-de-la-nation","status":"publish","type":"post","link":"https:\/\/lasentinelle.dz\/index.php\/2023\/04\/12\/vote-de-la-loi-sur-linformation-et-des-textes-sur-la-lutte-contre-le-trafic-de-drogue-et-la-traite-detres-humains-vers-ladoption-des-textes-au-conseil-de-la-nation\/","title":{"rendered":"Vote de la Loi sur l\u2019information et des textes sur la lutte contre le trafic de drogue et la traite d\u2019\u00eatres humains\u00a0: Vers l\u2019adoption des textes au Conseil de la Nation"},"content":{"rendered":"\n<p>Le projet de Loi organique sur l\u2019information devrait \u00eatre prochainement promulgu\u00e9e apr\u00e8s son passage par les deux chambres du Parlement. Un texte qui n\u2019aura pas connu de changements majeurs par rapport \u00e0 la mouture pr\u00e9sent\u00e9e par l\u2019Ex\u00e9cutif, malgr\u00e9 le d\u00e9bat qu\u2019il avait suscit\u00e9 notamment lors de sa pr\u00e9sentation devant la chambre basse du Parlement. Le texte pr\u00e9sent\u00e9 lundi le ministre de la Communication, Mohamed Bouslimani, devant le Conseil de la Nation devrait \u00eatre adopt\u00e9 aujourd\u2019hui lors d\u2019une s\u00e9ance pl\u00e9ni\u00e8re de la chambre haute du Parlement consacr\u00e9e au vote de trois textes de loi.<\/p>\n\n\n\n<p>Pour rappel, le ministre de la Communication, a indiqu\u00e9 \u00e0 l\u2019issue des d\u00e9bats que le projet de loi sur l\u2019information veillait \u00e0 garantir le libre exercice de l&rsquo;activit\u00e9 journalistique dans le respect des r\u00e8gles juridiques en accord avec la Constitution et les trait\u00e9s internationaux ratifi\u00e9s par l&rsquo;Alg\u00e9rie. M. Bouslimani a, dans ce contexte, soulign\u00e9 la n\u00e9cessit\u00e9 de faire la distinction entre les m\u00e9dias, qui sont \u00ab\u00a0soumis \u00e0 des r\u00e8gles juridiques, professionnelles et d\u00e9ontologiques bien d\u00e9finies\u00a0\u00bb, et les r\u00e9seaux sociaux, \u00e0 travers lesquels des citoyens tentent de \u00ab\u00a0promouvoir une id\u00e9e\u00a0\u00bb, et qui \u00ab\u00a0n\u2019ont donc rien \u00e0 voir avec l&rsquo;activit\u00e9 journalistique\u00a0\u00bb. Concernant le statut professionnel du journaliste, le ministre a fait savoir que \u00ab\u00a0le journaliste, en sa qualit\u00e9 de travailleur, est soumis au code du travail, et il sera prot\u00e9g\u00e9 par la nouvelle loi sur l\u2019information, \u00e0 travers l\u2019obligation faite aux m\u00e9dias de conclure un contrat de travail \u00e9crit visant \u00e0 renforcer son droit \u00e0 la protection sociale pr\u00e9vue par la l\u00e9gislation\u00a0\u00bb.<\/p>\n\n\n\n<p>\u00ab\u00a0La question des salaires, de classification professionnelle, des indemnit\u00e9s et des conditions de travail est soumise aux conventions collectives \u00e0 travers des n\u00e9gociations entre l&rsquo;organisme employeur et le repr\u00e9sentant des travailleurs\u00a0\u00bb, a-t-il dit.<\/p>\n\n\n\n<p>Les membres du Conseil de la nation ont pour leur part salu\u00e9 les dispositions contenues dans le texte de loi sur l&rsquo;information qui vise, selon eux, \u00e0 \u00ab\u00a0renforcer les garanties de la libert\u00e9 d&rsquo;expression, r\u00e9pondre aux attentes du citoyen dans ce domaine et satisfaire aux besoins du secteur pour organiser la profession en prenant en compte le service public et l&rsquo;int\u00e9r\u00eat public\u00a0\u00bb.<\/p>\n\n\n\n<p>La s\u00e9ance d\u2019aujourd\u2019hui sera \u00e9galement consacr\u00e9e au vote du texte de loi relatif \u00e0 la pr\u00e9vention et \u00e0 la lutte contre la traite des \u00eatres humains, ainsi que du texte de loi modifiant et compl\u00e9tant la Loi n 04-18 du 13 Dhou El Kaada 1425 correspondant au 25 d\u00e9cembre 2004 relative \u00e0 la pr\u00e9vention et \u00e0 la r\u00e9pression de l&rsquo;usage et du trafic illicites de stup\u00e9fiants ou de substances psychotropes. Le ministre de la Justice, garde des Sceaux, Abderrachid Tabi a pr\u00e9sent\u00e9, ces textes mardi. Il a estim\u00e9 que&nbsp; \u00ab\u00a0l&rsquo;\u00e9laboration de ce projet de loi a pour objectif la lutte contre ce ph\u00e9nom\u00e8ne \u00e9tranger \u00e0 notre soci\u00e9t\u00e9, au vu de ses r\u00e9percussions n\u00e9fastes notamment sur les femmes et les enfants\u00a0\u00bb, pr\u00e9cisant que ce \u00ab\u00a0crime transfrontalier en appelle \u00e0 la mise en place d&rsquo;une l\u00e9gislation sp\u00e9cifique\u00a0\u00bb, d&rsquo;o\u00f9 l&rsquo;importance de ce texte de loi qui tend \u00e0 \u00ab\u00a0permettre \u00e0 notre pays de s&rsquo;adapter aux engagements internationaux et \u00e0 recueillir toutes les formes de ce crime dans un seul texte de loi ainsi qu&rsquo;au renforcement des m\u00e9canismes d&rsquo;aide et de protection des victimes\u00a0\u00bb. Le texte de loi souligne que l&rsquo;Etat est tenu d&rsquo;assurer la protection des victimes de la traite des \u00eatre humains et de renforcer la coop\u00e9ration institutionnelle et internationale en mati\u00e8re de pr\u00e9vention contre ce crime, outre l&rsquo;implication des Collectivit\u00e9s locales et des institutions publiques dans la pr\u00e9vention contre ce ph\u00e9nom\u00e8ne \u00e0 travers l&rsquo;\u00e9laboration d&rsquo;une strat\u00e9gie nationale en y associant la soci\u00e9t\u00e9 civile. Ledit texte de loi instaure \u00ab\u00a0la proc\u00e9dure de fuite \u00e9lectronique comme proc\u00e9dure d&rsquo;investigation et d&rsquo;enqu\u00eate, \u00e0 travers laquelle, les officiers de la police judiciaire peuvent, sur d\u00e9cision judiciaire, acc\u00e9der aux syst\u00e8mes informatiques ou tout autre syst\u00e8me \u00e9lectronique visant \u00e0 contr\u00f4ler les suspects\u00a0\u00bb. Il pr\u00e9voit pour ce ph\u00e9nom\u00e8ne des sanctions allant jusqu&rsquo;\u00e0 la perp\u00e9tuit\u00e9 si la victime subit des actes de torture, une violence sexuelle ou une invalidit\u00e9. La peine est \u00e9galement durcie en cas de crime commis dans le cadre d&rsquo;un groupe organis\u00e9 ou lorsqu&rsquo;il s&rsquo;agit d&rsquo;un crime transfrontalier. Le Garde des sceaux a, durant la m\u00eame pl\u00e9ni\u00e8re, pr\u00e9sent\u00e9 le texte de loi relatif \u00e0 la pr\u00e9vention et \u00e0 la r\u00e9pression de l&rsquo;usage et du trafic de stup\u00e9fiants et de substances psychotropes. Il a expliqu\u00e9 que la loi relative \u00e0 la pr\u00e9vention des drogues, en vigueur depuis 2004, a fait ressortir \u00ab\u00a0plusieurs lacunes que le nouveau projet de loi veille \u00e0 rem\u00e9dier et prendre en charge\u00a0\u00bb, ajoutant que ce texte de loi vise \u00e0 \u00ab\u00a0\u00e9laborer une strat\u00e9gie de pr\u00e9vention de ces crimes en charge de son \u00e9laboration l&rsquo;Office national de lutte contre la drogue et la toxicomanie (ONLDT)\u00a0\u00bb. &nbsp;Par ailleurs, le texte de loi oblige le pharmacien \u00ab\u00a0\u00e0 signaler toute ordonnance m\u00e9dicale ne r\u00e9pondant pas aux crit\u00e8res d\u00e9finis par la r\u00e9glementation en vigueur aux services de sant\u00e9, et \u00e0 cr\u00e9er un r\u00e9pertoire national \u00e9lectronique des ordonnances m\u00e9dicales relatives aux drogues et aux substances psychotropes, \u00e0 mettre \u00e0 la disposition des juridictions et des services de contr\u00f4le du minist\u00e8re de la Sant\u00e9\u00a0\u00bb, a ajout\u00e9 le ministre. Ledit texte pr\u00e9voit \u00ab\u00a0une protection particuli\u00e8re (des pharmaciens) \u00e0 travers l&rsquo;introduction de peines contre toute personne qui tente d&rsquo;obtenir les psychotropes \u00e0 travers la menace ou l&rsquo;agression de ces derniers\u00a0\u00bb.<\/p>\n\n\n\n<p>Pour renforcer les m\u00e9canismes d\u2019investigation, le texte de loi conf\u00e8re au procureur de la R\u00e9publique ou au juge d\u2019instruction \u00ab\u00a0les pr\u00e9rogatives d\u2019autoriser la police judiciaire de localiser les mis en cause, les accus\u00e9s, l&rsquo;outil du crime, la marchandise ou tout autre chose li\u00e9e au crime \u00e0 travers l\u2019utilisation des TIC ou la mise en place de dispositifs techniques destin\u00e9s \u00e0 cet effet\u00a0\u00bb.<\/p>\n\n\n\n<p><strong>Hocine Fadheli<\/strong><\/p>\n","protected":false},"excerpt":{"rendered":"<p>Le projet de Loi organique sur l\u2019information devrait \u00eatre prochainement promulgu\u00e9e apr\u00e8s son passage par les deux chambres du Parlement.<\/p>\n","protected":false},"author":3,"featured_media":2283,"comment_status":"open","ping_status":"closed","sticky":false,"template":"","format":"standard","meta":{"colormag_page_container_layout":"default_layout","colormag_page_sidebar_layout":"default_layout","om_disable_all_campaigns":false,"_monsterinsights_skip_tracking":false,"_monsterinsights_sitenote_active":false,"_monsterinsights_sitenote_note":"","_monsterinsights_sitenote_category":0,"footnotes":"","_wpscppro_dont_share_socialmedia":false,"_wpscppro_custom_social_share_image":0,"_facebook_share_type":"","_twitter_share_type":"","_linkedin_share_type":"","_pinterest_share_type":"","_linkedin_share_type_page":"","_instagram_share_type":"","_medium_share_type":"","_threads_share_type":"","_google_business_share_type":"","_selected_social_profile":[],"_wpsp_enable_custom_social_template":false,"_wpsp_social_scheduling":{"enabled":false,"datetime":null,"platforms":[],"status":"template_only","dateOption":"today","timeOption":"now","customDays":"","customHours":"","customDate":"","customTime":"","schedulingType":"absolute"},"_wpsp_active_default_template":true},"categories":[27],"tags":[],"class_list":["post-39451","post","type-post","status-publish","format-standard","has-post-thumbnail","hentry","category-actualite"],"aioseo_notices":[],"yoast_head":"<!-- This site is optimized with the Yoast SEO plugin v27.5 - https:\/\/yoast.com\/product\/yoast-seo-wordpress\/ -->\n<title>Vote de la Loi sur l\u2019information et des textes sur la lutte contre le trafic de drogue et la traite d\u2019\u00eatres humains\u00a0: Vers l\u2019adoption des textes au Conseil de la Nation - La Sentinelle<\/title>\n<meta name=\"robots\" content=\"index, follow, max-snippet:-1, max-image-preview:large, max-video-preview:-1\" \/>\n<link rel=\"canonical\" href=\"https:\/\/lasentinelle.dz\/index.php\/2023\/04\/12\/vote-de-la-loi-sur-linformation-et-des-textes-sur-la-lutte-contre-le-trafic-de-drogue-et-la-traite-detres-humains-vers-ladoption-des-textes-au-conseil-de-la-nation\/\" \/>\n<meta property=\"og:locale\" content=\"fr_FR\" \/>\n<meta property=\"og:type\" content=\"article\" \/>\n<meta property=\"og:title\" content=\"Vote de la Loi sur l\u2019information et des textes sur la lutte contre le trafic de drogue et la traite d\u2019\u00eatres humains\u00a0: Vers l\u2019adoption des textes au Conseil de la Nation - La Sentinelle\" \/>\n<meta property=\"og:description\" content=\"Le projet de Loi organique sur l\u2019information devrait \u00eatre prochainement promulgu\u00e9e apr\u00e8s son passage par les deux chambres du Parlement.\" \/>\n<meta property=\"og:url\" content=\"https:\/\/lasentinelle.dz\/index.php\/2023\/04\/12\/vote-de-la-loi-sur-linformation-et-des-textes-sur-la-lutte-contre-le-trafic-de-drogue-et-la-traite-detres-humains-vers-ladoption-des-textes-au-conseil-de-la-nation\/\" \/>\n<meta property=\"og:site_name\" content=\"La Sentinelle\" \/>\n<meta property=\"article:publisher\" content=\"https:\/\/www.facebook.com\/La-Sentinelle-104059864394773\" \/>\n<meta property=\"article:published_time\" content=\"2023-04-12T21:05:00+00:00\" \/>\n<meta property=\"og:image\" content=\"https:\/\/lasentinelle.dz\/wp-content\/uploads\/2021\/07\/apn-siege.png\" \/>\n\t<meta property=\"og:image:width\" content=\"1200\" \/>\n\t<meta property=\"og:image:height\" content=\"900\" \/>\n\t<meta property=\"og:image:type\" content=\"image\/png\" \/>\n<meta name=\"author\" content=\"La Sentinelle\" \/>\n<meta name=\"twitter:card\" content=\"summary_large_image\" \/>\n<meta name=\"twitter:label1\" content=\"\u00c9crit par\" \/>\n\t<meta name=\"twitter:data1\" content=\"La Sentinelle\" \/>\n\t<meta name=\"twitter:label2\" content=\"Dur\u00e9e de lecture estim\u00e9e\" \/>\n\t<meta name=\"twitter:data2\" content=\"5 minutes\" \/>\n<script type=\"application\/ld+json\" class=\"yoast-schema-graph\">{\"@context\":\"https:\\\/\\\/schema.org\",\"@graph\":[{\"@type\":\"Article\",\"@id\":\"https:\\\/\\\/lasentinelle.dz\\\/index.php\\\/2023\\\/04\\\/12\\\/vote-de-la-loi-sur-linformation-et-des-textes-sur-la-lutte-contre-le-trafic-de-drogue-et-la-traite-detres-humains-vers-ladoption-des-textes-au-conseil-de-la-nation\\\/#article\",\"isPartOf\":{\"@id\":\"https:\\\/\\\/lasentinelle.dz\\\/index.php\\\/2023\\\/04\\\/12\\\/vote-de-la-loi-sur-linformation-et-des-textes-sur-la-lutte-contre-le-trafic-de-drogue-et-la-traite-detres-humains-vers-ladoption-des-textes-au-conseil-de-la-nation\\\/\"},\"author\":{\"name\":\"La Sentinelle\",\"@id\":\"https:\\\/\\\/lasentinelle.dz\\\/#\\\/schema\\\/person\\\/d865044e22e70a75174ce8bcad3acfb3\"},\"headline\":\"Vote de la Loi sur l\u2019information et des textes sur la lutte contre le trafic de drogue et la traite d\u2019\u00eatres humains\u00a0: Vers l\u2019adoption des textes au Conseil de la Nation\",\"datePublished\":\"2023-04-12T21:05:00+00:00\",\"mainEntityOfPage\":{\"@id\":\"https:\\\/\\\/lasentinelle.dz\\\/index.php\\\/2023\\\/04\\\/12\\\/vote-de-la-loi-sur-linformation-et-des-textes-sur-la-lutte-contre-le-trafic-de-drogue-et-la-traite-detres-humains-vers-ladoption-des-textes-au-conseil-de-la-nation\\\/\"},\"wordCount\":1086,\"commentCount\":0,\"publisher\":{\"@id\":\"https:\\\/\\\/lasentinelle.dz\\\/#organization\"},\"image\":{\"@id\":\"https:\\\/\\\/lasentinelle.dz\\\/index.php\\\/2023\\\/04\\\/12\\\/vote-de-la-loi-sur-linformation-et-des-textes-sur-la-lutte-contre-le-trafic-de-drogue-et-la-traite-detres-humains-vers-ladoption-des-textes-au-conseil-de-la-nation\\\/#primaryimage\"},\"thumbnailUrl\":\"https:\\\/\\\/lasentinelle.dz\\\/wp-content\\\/uploads\\\/2021\\\/07\\\/apn-siege.png\",\"articleSection\":[\"Actualit\u00e9\"],\"inLanguage\":\"fr-FR\",\"potentialAction\":[{\"@type\":\"CommentAction\",\"name\":\"Comment\",\"target\":[\"https:\\\/\\\/lasentinelle.dz\\\/index.php\\\/2023\\\/04\\\/12\\\/vote-de-la-loi-sur-linformation-et-des-textes-sur-la-lutte-contre-le-trafic-de-drogue-et-la-traite-detres-humains-vers-ladoption-des-textes-au-conseil-de-la-nation\\\/#respond\"]}]},{\"@type\":\"WebPage\",\"@id\":\"https:\\\/\\\/lasentinelle.dz\\\/index.php\\\/2023\\\/04\\\/12\\\/vote-de-la-loi-sur-linformation-et-des-textes-sur-la-lutte-contre-le-trafic-de-drogue-et-la-traite-detres-humains-vers-ladoption-des-textes-au-conseil-de-la-nation\\\/\",\"url\":\"https:\\\/\\\/lasentinelle.dz\\\/index.php\\\/2023\\\/04\\\/12\\\/vote-de-la-loi-sur-linformation-et-des-textes-sur-la-lutte-contre-le-trafic-de-drogue-et-la-traite-detres-humains-vers-ladoption-des-textes-au-conseil-de-la-nation\\\/\",\"name\":\"Vote de la Loi sur l\u2019information et des textes sur la lutte contre le trafic de drogue et la traite d\u2019\u00eatres humains\u00a0: Vers l\u2019adoption des textes au Conseil de la Nation - La Sentinelle\",\"isPartOf\":{\"@id\":\"https:\\\/\\\/lasentinelle.dz\\\/#website\"},\"primaryImageOfPage\":{\"@id\":\"https:\\\/\\\/lasentinelle.dz\\\/index.php\\\/2023\\\/04\\\/12\\\/vote-de-la-loi-sur-linformation-et-des-textes-sur-la-lutte-contre-le-trafic-de-drogue-et-la-traite-detres-humains-vers-ladoption-des-textes-au-conseil-de-la-nation\\\/#primaryimage\"},\"image\":{\"@id\":\"https:\\\/\\\/lasentinelle.dz\\\/index.php\\\/2023\\\/04\\\/12\\\/vote-de-la-loi-sur-linformation-et-des-textes-sur-la-lutte-contre-le-trafic-de-drogue-et-la-traite-detres-humains-vers-ladoption-des-textes-au-conseil-de-la-nation\\\/#primaryimage\"},\"thumbnailUrl\":\"https:\\\/\\\/lasentinelle.dz\\\/wp-content\\\/uploads\\\/2021\\\/07\\\/apn-siege.png\",\"datePublished\":\"2023-04-12T21:05:00+00:00\",\"breadcrumb\":{\"@id\":\"https:\\\/\\\/lasentinelle.dz\\\/index.php\\\/2023\\\/04\\\/12\\\/vote-de-la-loi-sur-linformation-et-des-textes-sur-la-lutte-contre-le-trafic-de-drogue-et-la-traite-detres-humains-vers-ladoption-des-textes-au-conseil-de-la-nation\\\/#breadcrumb\"},\"inLanguage\":\"fr-FR\",\"potentialAction\":[{\"@type\":\"ReadAction\",\"target\":[\"https:\\\/\\\/lasentinelle.dz\\\/index.php\\\/2023\\\/04\\\/12\\\/vote-de-la-loi-sur-linformation-et-des-textes-sur-la-lutte-contre-le-trafic-de-drogue-et-la-traite-detres-humains-vers-ladoption-des-textes-au-conseil-de-la-nation\\\/\"]}]},{\"@type\":\"ImageObject\",\"inLanguage\":\"fr-FR\",\"@id\":\"https:\\\/\\\/lasentinelle.dz\\\/index.php\\\/2023\\\/04\\\/12\\\/vote-de-la-loi-sur-linformation-et-des-textes-sur-la-lutte-contre-le-trafic-de-drogue-et-la-traite-detres-humains-vers-ladoption-des-textes-au-conseil-de-la-nation\\\/#primaryimage\",\"url\":\"https:\\\/\\\/lasentinelle.dz\\\/wp-content\\\/uploads\\\/2021\\\/07\\\/apn-siege.png\",\"contentUrl\":\"https:\\\/\\\/lasentinelle.dz\\\/wp-content\\\/uploads\\\/2021\\\/07\\\/apn-siege.png\",\"width\":1200,\"height\":900},{\"@type\":\"BreadcrumbList\",\"@id\":\"https:\\\/\\\/lasentinelle.dz\\\/index.php\\\/2023\\\/04\\\/12\\\/vote-de-la-loi-sur-linformation-et-des-textes-sur-la-lutte-contre-le-trafic-de-drogue-et-la-traite-detres-humains-vers-ladoption-des-textes-au-conseil-de-la-nation\\\/#breadcrumb\",\"itemListElement\":[{\"@type\":\"ListItem\",\"position\":1,\"name\":\"Accueil\",\"item\":\"https:\\\/\\\/lasentinelle.dz\\\/\"},{\"@type\":\"ListItem\",\"position\":2,\"name\":\"Vote de la Loi sur l\u2019information et des textes sur la lutte contre le trafic de drogue et la traite d\u2019\u00eatres humains\u00a0: Vers l\u2019adoption des textes au Conseil de la Nation\"}]},{\"@type\":\"WebSite\",\"@id\":\"https:\\\/\\\/lasentinelle.dz\\\/#website\",\"url\":\"https:\\\/\\\/lasentinelle.dz\\\/\",\"name\":\"La Sentinelle\",\"description\":\"Quotidien national d&#039;information\",\"publisher\":{\"@id\":\"https:\\\/\\\/lasentinelle.dz\\\/#organization\"},\"potentialAction\":[{\"@type\":\"SearchAction\",\"target\":{\"@type\":\"EntryPoint\",\"urlTemplate\":\"https:\\\/\\\/lasentinelle.dz\\\/?s={search_term_string}\"},\"query-input\":{\"@type\":\"PropertyValueSpecification\",\"valueRequired\":true,\"valueName\":\"search_term_string\"}}],\"inLanguage\":\"fr-FR\"},{\"@type\":\"Organization\",\"@id\":\"https:\\\/\\\/lasentinelle.dz\\\/#organization\",\"name\":\"Quotidien La Sentinelle\",\"url\":\"https:\\\/\\\/lasentinelle.dz\\\/\",\"logo\":{\"@type\":\"ImageObject\",\"inLanguage\":\"fr-FR\",\"@id\":\"https:\\\/\\\/lasentinelle.dz\\\/#\\\/schema\\\/logo\\\/image\\\/\",\"url\":\"https:\\\/\\\/lasentinelle.dz\\\/wp-content\\\/uploads\\\/2021\\\/09\\\/logo-sentinelleSLOGAN-1.png\",\"contentUrl\":\"https:\\\/\\\/lasentinelle.dz\\\/wp-content\\\/uploads\\\/2021\\\/09\\\/logo-sentinelleSLOGAN-1.png\",\"width\":615,\"height\":142,\"caption\":\"Quotidien La Sentinelle\"},\"image\":{\"@id\":\"https:\\\/\\\/lasentinelle.dz\\\/#\\\/schema\\\/logo\\\/image\\\/\"},\"sameAs\":[\"https:\\\/\\\/www.facebook.com\\\/La-Sentinelle-104059864394773\"]},{\"@type\":\"Person\",\"@id\":\"https:\\\/\\\/lasentinelle.dz\\\/#\\\/schema\\\/person\\\/d865044e22e70a75174ce8bcad3acfb3\",\"name\":\"La Sentinelle\",\"image\":{\"@type\":\"ImageObject\",\"inLanguage\":\"fr-FR\",\"@id\":\"https:\\\/\\\/secure.gravatar.com\\\/avatar\\\/57de8e5d4b15d43fb361a71fbb36338450fe67865b528a43dd10ef7c51a20392?s=96&d=mm&r=g\",\"url\":\"https:\\\/\\\/secure.gravatar.com\\\/avatar\\\/57de8e5d4b15d43fb361a71fbb36338450fe67865b528a43dd10ef7c51a20392?s=96&d=mm&r=g\",\"contentUrl\":\"https:\\\/\\\/secure.gravatar.com\\\/avatar\\\/57de8e5d4b15d43fb361a71fbb36338450fe67865b528a43dd10ef7c51a20392?s=96&d=mm&r=g\",\"caption\":\"La Sentinelle\"},\"sameAs\":[\"http:\\\/\\\/www.lasentinelle.dz\"],\"url\":\"https:\\\/\\\/lasentinelle.dz\\\/author\\\/redaction\\\/\"}]}<\/script>\n<!-- \/ Yoast SEO plugin. -->","yoast_head_json":{"title":"Vote de la Loi sur l\u2019information et des textes sur la lutte contre le trafic de drogue et la traite d\u2019\u00eatres humains\u00a0: Vers l\u2019adoption des textes au Conseil de la Nation - La Sentinelle","robots":{"index":"index","follow":"follow","max-snippet":"max-snippet:-1","max-image-preview":"max-image-preview:large","max-video-preview":"max-video-preview:-1"},"canonical":"https:\/\/lasentinelle.dz\/index.php\/2023\/04\/12\/vote-de-la-loi-sur-linformation-et-des-textes-sur-la-lutte-contre-le-trafic-de-drogue-et-la-traite-detres-humains-vers-ladoption-des-textes-au-conseil-de-la-nation\/","og_locale":"fr_FR","og_type":"article","og_title":"Vote de la Loi sur l\u2019information et des textes sur la lutte contre le trafic de drogue et la traite d\u2019\u00eatres humains\u00a0: Vers l\u2019adoption des textes au Conseil de la Nation - La Sentinelle","og_description":"Le projet de Loi organique sur l\u2019information devrait \u00eatre prochainement promulgu\u00e9e apr\u00e8s son passage par les deux chambres du Parlement.","og_url":"https:\/\/lasentinelle.dz\/index.php\/2023\/04\/12\/vote-de-la-loi-sur-linformation-et-des-textes-sur-la-lutte-contre-le-trafic-de-drogue-et-la-traite-detres-humains-vers-ladoption-des-textes-au-conseil-de-la-nation\/","og_site_name":"La Sentinelle","article_publisher":"https:\/\/www.facebook.com\/La-Sentinelle-104059864394773","article_published_time":"2023-04-12T21:05:00+00:00","og_image":[{"width":1200,"height":900,"url":"https:\/\/lasentinelle.dz\/wp-content\/uploads\/2021\/07\/apn-siege.png","type":"image\/png"}],"author":"La Sentinelle","twitter_card":"summary_large_image","twitter_misc":{"\u00c9crit par":"La Sentinelle","Dur\u00e9e de lecture estim\u00e9e":"5 minutes"},"schema":{"@context":"https:\/\/schema.org","@graph":[{"@type":"Article","@id":"https:\/\/lasentinelle.dz\/index.php\/2023\/04\/12\/vote-de-la-loi-sur-linformation-et-des-textes-sur-la-lutte-contre-le-trafic-de-drogue-et-la-traite-detres-humains-vers-ladoption-des-textes-au-conseil-de-la-nation\/#article","isPartOf":{"@id":"https:\/\/lasentinelle.dz\/index.php\/2023\/04\/12\/vote-de-la-loi-sur-linformation-et-des-textes-sur-la-lutte-contre-le-trafic-de-drogue-et-la-traite-detres-humains-vers-ladoption-des-textes-au-conseil-de-la-nation\/"},"author":{"name":"La Sentinelle","@id":"https:\/\/lasentinelle.dz\/#\/schema\/person\/d865044e22e70a75174ce8bcad3acfb3"},"headline":"Vote de la Loi sur l\u2019information et des textes sur la lutte contre le trafic de drogue et la traite d\u2019\u00eatres humains\u00a0: Vers l\u2019adoption des textes au Conseil de la Nation","datePublished":"2023-04-12T21:05:00+00:00","mainEntityOfPage":{"@id":"https:\/\/lasentinelle.dz\/index.php\/2023\/04\/12\/vote-de-la-loi-sur-linformation-et-des-textes-sur-la-lutte-contre-le-trafic-de-drogue-et-la-traite-detres-humains-vers-ladoption-des-textes-au-conseil-de-la-nation\/"},"wordCount":1086,"commentCount":0,"publisher":{"@id":"https:\/\/lasentinelle.dz\/#organization"},"image":{"@id":"https:\/\/lasentinelle.dz\/index.php\/2023\/04\/12\/vote-de-la-loi-sur-linformation-et-des-textes-sur-la-lutte-contre-le-trafic-de-drogue-et-la-traite-detres-humains-vers-ladoption-des-textes-au-conseil-de-la-nation\/#primaryimage"},"thumbnailUrl":"https:\/\/lasentinelle.dz\/wp-content\/uploads\/2021\/07\/apn-siege.png","articleSection":["Actualit\u00e9"],"inLanguage":"fr-FR","potentialAction":[{"@type":"CommentAction","name":"Comment","target":["https:\/\/lasentinelle.dz\/index.php\/2023\/04\/12\/vote-de-la-loi-sur-linformation-et-des-textes-sur-la-lutte-contre-le-trafic-de-drogue-et-la-traite-detres-humains-vers-ladoption-des-textes-au-conseil-de-la-nation\/#respond"]}]},{"@type":"WebPage","@id":"https:\/\/lasentinelle.dz\/index.php\/2023\/04\/12\/vote-de-la-loi-sur-linformation-et-des-textes-sur-la-lutte-contre-le-trafic-de-drogue-et-la-traite-detres-humains-vers-ladoption-des-textes-au-conseil-de-la-nation\/","url":"https:\/\/lasentinelle.dz\/index.php\/2023\/04\/12\/vote-de-la-loi-sur-linformation-et-des-textes-sur-la-lutte-contre-le-trafic-de-drogue-et-la-traite-detres-humains-vers-ladoption-des-textes-au-conseil-de-la-nation\/","name":"Vote de la Loi sur l\u2019information et des textes sur la lutte contre le trafic de drogue et la traite d\u2019\u00eatres humains\u00a0: Vers l\u2019adoption des textes au Conseil de la Nation - La Sentinelle","isPartOf":{"@id":"https:\/\/lasentinelle.dz\/#website"},"primaryImageOfPage":{"@id":"https:\/\/lasentinelle.dz\/index.php\/2023\/04\/12\/vote-de-la-loi-sur-linformation-et-des-textes-sur-la-lutte-contre-le-trafic-de-drogue-et-la-traite-detres-humains-vers-ladoption-des-textes-au-conseil-de-la-nation\/#primaryimage"},"image":{"@id":"https:\/\/lasentinelle.dz\/index.php\/2023\/04\/12\/vote-de-la-loi-sur-linformation-et-des-textes-sur-la-lutte-contre-le-trafic-de-drogue-et-la-traite-detres-humains-vers-ladoption-des-textes-au-conseil-de-la-nation\/#primaryimage"},"thumbnailUrl":"https:\/\/lasentinelle.dz\/wp-content\/uploads\/2021\/07\/apn-siege.png","datePublished":"2023-04-12T21:05:00+00:00","breadcrumb":{"@id":"https:\/\/lasentinelle.dz\/index.php\/2023\/04\/12\/vote-de-la-loi-sur-linformation-et-des-textes-sur-la-lutte-contre-le-trafic-de-drogue-et-la-traite-detres-humains-vers-ladoption-des-textes-au-conseil-de-la-nation\/#breadcrumb"},"inLanguage":"fr-FR","potentialAction":[{"@type":"ReadAction","target":["https:\/\/lasentinelle.dz\/index.php\/2023\/04\/12\/vote-de-la-loi-sur-linformation-et-des-textes-sur-la-lutte-contre-le-trafic-de-drogue-et-la-traite-detres-humains-vers-ladoption-des-textes-au-conseil-de-la-nation\/"]}]},{"@type":"ImageObject","inLanguage":"fr-FR","@id":"https:\/\/lasentinelle.dz\/index.php\/2023\/04\/12\/vote-de-la-loi-sur-linformation-et-des-textes-sur-la-lutte-contre-le-trafic-de-drogue-et-la-traite-detres-humains-vers-ladoption-des-textes-au-conseil-de-la-nation\/#primaryimage","url":"https:\/\/lasentinelle.dz\/wp-content\/uploads\/2021\/07\/apn-siege.png","contentUrl":"https:\/\/lasentinelle.dz\/wp-content\/uploads\/2021\/07\/apn-siege.png","width":1200,"height":900},{"@type":"BreadcrumbList","@id":"https:\/\/lasentinelle.dz\/index.php\/2023\/04\/12\/vote-de-la-loi-sur-linformation-et-des-textes-sur-la-lutte-contre-le-trafic-de-drogue-et-la-traite-detres-humains-vers-ladoption-des-textes-au-conseil-de-la-nation\/#breadcrumb","itemListElement":[{"@type":"ListItem","position":1,"name":"Accueil","item":"https:\/\/lasentinelle.dz\/"},{"@type":"ListItem","position":2,"name":"Vote de la Loi sur l\u2019information et des textes sur la lutte contre le trafic de drogue et la traite d\u2019\u00eatres humains\u00a0: Vers l\u2019adoption des textes au Conseil de la Nation"}]},{"@type":"WebSite","@id":"https:\/\/lasentinelle.dz\/#website","url":"https:\/\/lasentinelle.dz\/","name":"La Sentinelle","description":"Quotidien national d&#039;information","publisher":{"@id":"https:\/\/lasentinelle.dz\/#organization"},"potentialAction":[{"@type":"SearchAction","target":{"@type":"EntryPoint","urlTemplate":"https:\/\/lasentinelle.dz\/?s={search_term_string}"},"query-input":{"@type":"PropertyValueSpecification","valueRequired":true,"valueName":"search_term_string"}}],"inLanguage":"fr-FR"},{"@type":"Organization","@id":"https:\/\/lasentinelle.dz\/#organization","name":"Quotidien La Sentinelle","url":"https:\/\/lasentinelle.dz\/","logo":{"@type":"ImageObject","inLanguage":"fr-FR","@id":"https:\/\/lasentinelle.dz\/#\/schema\/logo\/image\/","url":"https:\/\/lasentinelle.dz\/wp-content\/uploads\/2021\/09\/logo-sentinelleSLOGAN-1.png","contentUrl":"https:\/\/lasentinelle.dz\/wp-content\/uploads\/2021\/09\/logo-sentinelleSLOGAN-1.png","width":615,"height":142,"caption":"Quotidien La Sentinelle"},"image":{"@id":"https:\/\/lasentinelle.dz\/#\/schema\/logo\/image\/"},"sameAs":["https:\/\/www.facebook.com\/La-Sentinelle-104059864394773"]},{"@type":"Person","@id":"https:\/\/lasentinelle.dz\/#\/schema\/person\/d865044e22e70a75174ce8bcad3acfb3","name":"La Sentinelle","image":{"@type":"ImageObject","inLanguage":"fr-FR","@id":"https:\/\/secure.gravatar.com\/avatar\/57de8e5d4b15d43fb361a71fbb36338450fe67865b528a43dd10ef7c51a20392?s=96&d=mm&r=g","url":"https:\/\/secure.gravatar.com\/avatar\/57de8e5d4b15d43fb361a71fbb36338450fe67865b528a43dd10ef7c51a20392?s=96&d=mm&r=g","contentUrl":"https:\/\/secure.gravatar.com\/avatar\/57de8e5d4b15d43fb361a71fbb36338450fe67865b528a43dd10ef7c51a20392?s=96&d=mm&r=g","caption":"La Sentinelle"},"sameAs":["http:\/\/www.lasentinelle.dz"],"url":"https:\/\/lasentinelle.dz\/author\/redaction\/"}]}},"_links":{"self":[{"href":"https:\/\/lasentinelle.dz\/index.php\/wp-json\/wp\/v2\/posts\/39451","targetHints":{"allow":["GET"]}}],"collection":[{"href":"https:\/\/lasentinelle.dz\/index.php\/wp-json\/wp\/v2\/posts"}],"about":[{"href":"https:\/\/lasentinelle.dz\/index.php\/wp-json\/wp\/v2\/types\/post"}],"author":[{"embeddable":true,"href":"https:\/\/lasentinelle.dz\/index.php\/wp-json\/wp\/v2\/users\/3"}],"replies":[{"embeddable":true,"href":"https:\/\/lasentinelle.dz\/index.php\/wp-json\/wp\/v2\/comments?post=39451"}],"version-history":[{"count":1,"href":"https:\/\/lasentinelle.dz\/index.php\/wp-json\/wp\/v2\/posts\/39451\/revisions"}],"predecessor-version":[{"id":39453,"href":"https:\/\/lasentinelle.dz\/index.php\/wp-json\/wp\/v2\/posts\/39451\/revisions\/39453"}],"wp:featuredmedia":[{"embeddable":true,"href":"https:\/\/lasentinelle.dz\/index.php\/wp-json\/wp\/v2\/media\/2283"}],"wp:attachment":[{"href":"https:\/\/lasentinelle.dz\/index.php\/wp-json\/wp\/v2\/media?parent=39451"}],"wp:term":[{"taxonomy":"category","embeddable":true,"href":"https:\/\/lasentinelle.dz\/index.php\/wp-json\/wp\/v2\/categories?post=39451"},{"taxonomy":"post_tag","embeddable":true,"href":"https:\/\/lasentinelle.dz\/index.php\/wp-json\/wp\/v2\/tags?post=39451"}],"curies":[{"name":"wp","href":"https:\/\/api.w.org\/{rel}","templated":true}]}}