{"id":39481,"date":"2023-04-15T22:08:00","date_gmt":"2023-04-15T21:08:00","guid":{"rendered":"https:\/\/lasentinelle.dz\/?p=39481"},"modified":"2023-04-15T17:32:11","modified_gmt":"2023-04-15T16:32:11","slug":"can-u17-algerie-2023-le-compte-a-rebours-a-commence","status":"publish","type":"post","link":"https:\/\/lasentinelle.dz\/index.php\/2023\/04\/15\/can-u17-algerie-2023-le-compte-a-rebours-a-commence\/","title":{"rendered":"CAN U17 Alg\u00e9rie-2023\u00a0: Le compte \u00e0 rebours a commenc\u00e9"},"content":{"rendered":"\n<p>A J-13 du d\u00e9but de la Coupe d\u2019Afrique des Nations des U17, les pr\u00e9paratifs s\u2019acc\u00e9l\u00e8rent.<\/p>\n\n\n\n<p>L\u2019Alg\u00e9rie abrite l\u2019\u00e9dition 2023 de la Coupe d\u2019Afrique des Nations des U17. Le tournoi auquel participeront, pour la premi\u00e8re fois, 12 \u00e9quipes africaines, au lieu de huit, se tiendra du 29 avril en cours au 19 mai prochain dans trois villes et trois stades, \u00e0 savoir le stade Nelson Mandela \u00e0 Alger, le Stade du 19 mai 1956 \u00e0 Annaba et le stade du Chahid Hamlaoui \u00e0 Constantine. Et \u00e0 mesure que les \u00e9ch\u00e9ances approchent, les pr\u00e9paratifs s\u2019acc\u00e9l\u00e8rent. Au-del\u00e0 de l\u2019installation des comit\u00e9s locaux d\u2019organisation qui s\u2019affairent depuis quelques jours \u00e0 pr\u00e9parer le terrain \u00e0 accueillir les d\u00e9l\u00e9gations, ce sont les cadets de l\u2019EN qui acc\u00e9l\u00e8rent les pr\u00e9paratifs dans le cadre d\u2019un stage pr\u00e9comp\u00e9titif entam\u00e9 lundi avec un match d\u2019application organis\u00e9 hier soir avec leurs homologues burkinab\u00e9s. Ceci d\u2019autant que les enjeux sont importants pour les 25 joueurs convoqu\u00e9s par le coach national Arezki Remmane au regard de la s\u00e9duisante possibilit\u00e9 de r\u00e9\u00e9diter l\u2019exploit des championnats arabes au cours desquels les jeunes Fennecs sont repartis avec le titre \u00e0 Oran. &nbsp;Il s&rsquo;agit&nbsp; du dernier stage avant l\u2019entame de la comp\u00e9tition et le regroupement du 24 avril en pr\u00e9vision du rendez-vous continental.<\/p>\n\n\n\n<p><strong>L\u2019avertissement de la CAF<\/strong><\/p>\n\n\n\n<p>Pour sa part, le Burkina Faso devient qui est \u00e0 pied d\u2019\u0153uvre \u00e0 Alger depuis jeudi &nbsp;la premi\u00e8re s\u00e9lection \u00e0 rejoindre l&rsquo;Alg\u00e9rie, parmi les 11 autres attendus dans les prochains jours dans les trois villes h\u00f4tes du tournoi. Les pr\u00e9paratifs du tournoi sont \u00e9galement lanc\u00e9s au niveau de la Conf\u00e9d\u00e9ration africaine de football qui s\u2019attache \u00e0 clarifier l\u2019ensemble des mesures et cadres r\u00e9glementaires entourant la comp\u00e9tition. Au-del\u00e0 de la publication d\u2019une note sur la r\u00e8gle des 5 joueurs suppl\u00e9mentaires auxquels peuvent faire appel les \u00e9quipes participantes, l\u2019instance continentale, visiblement exasp\u00e9r\u00e9e par les tentatives de politisation de ses \u00e9v\u00e8nements par le charg\u00e9 de mission du Makhzen et pr\u00e9sident de la f\u00e9d\u00e9ration marocaine de football a exig\u00e9 l\u2019arriv\u00e9e des joueurs sur place 5 jours avant le d\u00e9but du tournoi. \u201cToutes les \u00e9quipes participantes doivent arriver cinq (5) jours avant le d\u00e9but de la comp\u00e9tition. L\u2019association h\u00f4te prend en charge les co\u00fbts y aff\u00e9rents (\u2026) Cette modification entre en vigueur \u00e0 partir de la date de notification de cette d\u00e9cision et sera applicable dans le tournoi final de la Coupe d\u2019Afrique des Nations U17, Alg\u00e9rie 2023\u201d, indique un communiqu\u00e9 de la CAF publi\u00e9e sur son site avertissant ainsi contre une r\u00e9\u00e9dition du sc\u00e9nario&nbsp; du Championnat d\u2019Afrique des Nations qui s\u2019est tenu aux mois de janvier et f\u00e9vrier derniers en Alg\u00e9rie.<\/p>\n\n\n\n<p>Pour rappel, les \u00e9quipes participantes ont \u00e9t\u00e9 vers\u00e9es sur trois poules.<\/p>\n\n\n\n<p>Le groupe A, dont les rencontres se joueront au stade Nelson-Mandela de Baraki, est compos\u00e9 de l&rsquo;Alg\u00e9rie (pays h\u00f4te), de la Somalie, du S\u00e9n\u00e9gal, et du Congo. Les \u00ab\u00a0Verts\u00a0\u00bb entameront le tournoi face aux Somaliens, en match d\u2019ouverture du tournoi pr\u00e9vu le samedi 29 avril (20h00). Le Burkina Faso est log\u00e9 dans le groupe C, domicili\u00e9 au stade du 19-mai 1956 d&rsquo;Annaba, en compagnie du Cameroun (tenant du titre), du Mali, et du Sud-Soudan. Le groupe B, domicili\u00e9 au stade Chahid-Hamlaoui de Constantine, est compos\u00e9 du Nigeria, du Maroc, de l\u2019Afrique du Sud, et de la Zambie.<\/p>\n\n\n\n<p><strong>Chokri Hafed<\/strong><\/p>\n","protected":false},"excerpt":{"rendered":"<p>A J-13 du d\u00e9but de la Coupe d\u2019Afrique des Nations des U17, les pr\u00e9paratifs s\u2019acc\u00e9l\u00e8rent. L\u2019Alg\u00e9rie abrite l\u2019\u00e9dition 2023 de<\/p>\n","protected":false},"author":3,"featured_media":39495,"comment_status":"open","ping_status":"closed","sticky":false,"template":"","format":"standard","meta":{"colormag_page_container_layout":"default_layout","colormag_page_sidebar_layout":"default_layout","om_disable_all_campaigns":false,"_monsterinsights_skip_tracking":false,"_monsterinsights_sitenote_active":false,"_monsterinsights_sitenote_note":"","_monsterinsights_sitenote_category":0,"footnotes":"","_wpscppro_dont_share_socialmedia":false,"_wpscppro_custom_social_share_image":0,"_facebook_share_type":"","_twitter_share_type":"","_linkedin_share_type":"","_pinterest_share_type":"","_linkedin_share_type_page":"","_instagram_share_type":"","_medium_share_type":"","_threads_share_type":"","_google_business_share_type":"","_selected_social_profile":[],"_wpsp_enable_custom_social_template":false,"_wpsp_social_scheduling":{"enabled":false,"datetime":null,"platforms":[],"status":"template_only","dateOption":"today","timeOption":"now","customDays":"","customHours":"","customDate":"","customTime":"","schedulingType":"absolute"},"_wpsp_active_default_template":true},"categories":[52,33],"tags":[],"class_list":["post-39481","post","type-post","status-publish","format-standard","has-post-thumbnail","hentry","category-a-la-une","category-sports"],"aioseo_notices":[],"yoast_head":"<!-- This site is optimized with the Yoast SEO plugin v27.5 - https:\/\/yoast.com\/product\/yoast-seo-wordpress\/ -->\n<title>CAN U17 Alg\u00e9rie-2023\u00a0: Le compte \u00e0 rebours a commenc\u00e9 - La Sentinelle<\/title>\n<meta name=\"robots\" content=\"index, follow, max-snippet:-1, max-image-preview:large, max-video-preview:-1\" \/>\n<link rel=\"canonical\" href=\"https:\/\/lasentinelle.dz\/index.php\/2023\/04\/15\/can-u17-algerie-2023-le-compte-a-rebours-a-commence\/\" \/>\n<meta property=\"og:locale\" content=\"fr_FR\" \/>\n<meta property=\"og:type\" content=\"article\" \/>\n<meta property=\"og:title\" content=\"CAN U17 Alg\u00e9rie-2023\u00a0: Le compte \u00e0 rebours a commenc\u00e9 - La Sentinelle\" \/>\n<meta property=\"og:description\" content=\"A J-13 du d\u00e9but de la Coupe d\u2019Afrique des Nations des U17, les pr\u00e9paratifs s\u2019acc\u00e9l\u00e8rent. L\u2019Alg\u00e9rie abrite l\u2019\u00e9dition 2023 de\" \/>\n<meta property=\"og:url\" content=\"https:\/\/lasentinelle.dz\/index.php\/2023\/04\/15\/can-u17-algerie-2023-le-compte-a-rebours-a-commence\/\" \/>\n<meta property=\"og:site_name\" content=\"La Sentinelle\" \/>\n<meta property=\"article:publisher\" content=\"https:\/\/www.facebook.com\/La-Sentinelle-104059864394773\" \/>\n<meta property=\"article:published_time\" content=\"2023-04-15T21:08:00+00:00\" \/>\n<meta property=\"og:image\" content=\"https:\/\/lasentinelle.dz\/wp-content\/uploads\/2023\/04\/U17-1.png\" \/>\n\t<meta property=\"og:image:width\" content=\"1570\" \/>\n\t<meta property=\"og:image:height\" content=\"900\" \/>\n\t<meta property=\"og:image:type\" content=\"image\/png\" \/>\n<meta name=\"author\" content=\"La Sentinelle\" \/>\n<meta name=\"twitter:card\" content=\"summary_large_image\" \/>\n<meta name=\"twitter:label1\" content=\"\u00c9crit par\" \/>\n\t<meta name=\"twitter:data1\" content=\"La Sentinelle\" \/>\n\t<meta name=\"twitter:label2\" content=\"Dur\u00e9e de lecture estim\u00e9e\" \/>\n\t<meta name=\"twitter:data2\" content=\"3 minutes\" \/>\n<script type=\"application\/ld+json\" class=\"yoast-schema-graph\">{\"@context\":\"https:\\\/\\\/schema.org\",\"@graph\":[{\"@type\":\"Article\",\"@id\":\"https:\\\/\\\/lasentinelle.dz\\\/index.php\\\/2023\\\/04\\\/15\\\/can-u17-algerie-2023-le-compte-a-rebours-a-commence\\\/#article\",\"isPartOf\":{\"@id\":\"https:\\\/\\\/lasentinelle.dz\\\/index.php\\\/2023\\\/04\\\/15\\\/can-u17-algerie-2023-le-compte-a-rebours-a-commence\\\/\"},\"author\":{\"name\":\"La Sentinelle\",\"@id\":\"https:\\\/\\\/lasentinelle.dz\\\/#\\\/schema\\\/person\\\/d865044e22e70a75174ce8bcad3acfb3\"},\"headline\":\"CAN U17 Alg\u00e9rie-2023\u00a0: Le compte \u00e0 rebours a commenc\u00e9\",\"datePublished\":\"2023-04-15T21:08:00+00:00\",\"mainEntityOfPage\":{\"@id\":\"https:\\\/\\\/lasentinelle.dz\\\/index.php\\\/2023\\\/04\\\/15\\\/can-u17-algerie-2023-le-compte-a-rebours-a-commence\\\/\"},\"wordCount\":616,\"commentCount\":0,\"publisher\":{\"@id\":\"https:\\\/\\\/lasentinelle.dz\\\/#organization\"},\"image\":{\"@id\":\"https:\\\/\\\/lasentinelle.dz\\\/index.php\\\/2023\\\/04\\\/15\\\/can-u17-algerie-2023-le-compte-a-rebours-a-commence\\\/#primaryimage\"},\"thumbnailUrl\":\"https:\\\/\\\/lasentinelle.dz\\\/wp-content\\\/uploads\\\/2023\\\/04\\\/U17-1.png\",\"articleSection\":[\"\u00c0 la Une\",\"Sports\"],\"inLanguage\":\"fr-FR\",\"potentialAction\":[{\"@type\":\"CommentAction\",\"name\":\"Comment\",\"target\":[\"https:\\\/\\\/lasentinelle.dz\\\/index.php\\\/2023\\\/04\\\/15\\\/can-u17-algerie-2023-le-compte-a-rebours-a-commence\\\/#respond\"]}]},{\"@type\":\"WebPage\",\"@id\":\"https:\\\/\\\/lasentinelle.dz\\\/index.php\\\/2023\\\/04\\\/15\\\/can-u17-algerie-2023-le-compte-a-rebours-a-commence\\\/\",\"url\":\"https:\\\/\\\/lasentinelle.dz\\\/index.php\\\/2023\\\/04\\\/15\\\/can-u17-algerie-2023-le-compte-a-rebours-a-commence\\\/\",\"name\":\"CAN U17 Alg\u00e9rie-2023\u00a0: Le compte \u00e0 rebours a commenc\u00e9 - La Sentinelle\",\"isPartOf\":{\"@id\":\"https:\\\/\\\/lasentinelle.dz\\\/#website\"},\"primaryImageOfPage\":{\"@id\":\"https:\\\/\\\/lasentinelle.dz\\\/index.php\\\/2023\\\/04\\\/15\\\/can-u17-algerie-2023-le-compte-a-rebours-a-commence\\\/#primaryimage\"},\"image\":{\"@id\":\"https:\\\/\\\/lasentinelle.dz\\\/index.php\\\/2023\\\/04\\\/15\\\/can-u17-algerie-2023-le-compte-a-rebours-a-commence\\\/#primaryimage\"},\"thumbnailUrl\":\"https:\\\/\\\/lasentinelle.dz\\\/wp-content\\\/uploads\\\/2023\\\/04\\\/U17-1.png\",\"datePublished\":\"2023-04-15T21:08:00+00:00\",\"breadcrumb\":{\"@id\":\"https:\\\/\\\/lasentinelle.dz\\\/index.php\\\/2023\\\/04\\\/15\\\/can-u17-algerie-2023-le-compte-a-rebours-a-commence\\\/#breadcrumb\"},\"inLanguage\":\"fr-FR\",\"potentialAction\":[{\"@type\":\"ReadAction\",\"target\":[\"https:\\\/\\\/lasentinelle.dz\\\/index.php\\\/2023\\\/04\\\/15\\\/can-u17-algerie-2023-le-compte-a-rebours-a-commence\\\/\"]}]},{\"@type\":\"ImageObject\",\"inLanguage\":\"fr-FR\",\"@id\":\"https:\\\/\\\/lasentinelle.dz\\\/index.php\\\/2023\\\/04\\\/15\\\/can-u17-algerie-2023-le-compte-a-rebours-a-commence\\\/#primaryimage\",\"url\":\"https:\\\/\\\/lasentinelle.dz\\\/wp-content\\\/uploads\\\/2023\\\/04\\\/U17-1.png\",\"contentUrl\":\"https:\\\/\\\/lasentinelle.dz\\\/wp-content\\\/uploads\\\/2023\\\/04\\\/U17-1.png\",\"width\":1570,\"height\":900},{\"@type\":\"BreadcrumbList\",\"@id\":\"https:\\\/\\\/lasentinelle.dz\\\/index.php\\\/2023\\\/04\\\/15\\\/can-u17-algerie-2023-le-compte-a-rebours-a-commence\\\/#breadcrumb\",\"itemListElement\":[{\"@type\":\"ListItem\",\"position\":1,\"name\":\"Accueil\",\"item\":\"https:\\\/\\\/lasentinelle.dz\\\/\"},{\"@type\":\"ListItem\",\"position\":2,\"name\":\"CAN U17 Alg\u00e9rie-2023\u00a0: Le compte \u00e0 rebours a commenc\u00e9\"}]},{\"@type\":\"WebSite\",\"@id\":\"https:\\\/\\\/lasentinelle.dz\\\/#website\",\"url\":\"https:\\\/\\\/lasentinelle.dz\\\/\",\"name\":\"La Sentinelle\",\"description\":\"Quotidien national d&#039;information\",\"publisher\":{\"@id\":\"https:\\\/\\\/lasentinelle.dz\\\/#organization\"},\"potentialAction\":[{\"@type\":\"SearchAction\",\"target\":{\"@type\":\"EntryPoint\",\"urlTemplate\":\"https:\\\/\\\/lasentinelle.dz\\\/?s={search_term_string}\"},\"query-input\":{\"@type\":\"PropertyValueSpecification\",\"valueRequired\":true,\"valueName\":\"search_term_string\"}}],\"inLanguage\":\"fr-FR\"},{\"@type\":\"Organization\",\"@id\":\"https:\\\/\\\/lasentinelle.dz\\\/#organization\",\"name\":\"Quotidien La Sentinelle\",\"url\":\"https:\\\/\\\/lasentinelle.dz\\\/\",\"logo\":{\"@type\":\"ImageObject\",\"inLanguage\":\"fr-FR\",\"@id\":\"https:\\\/\\\/lasentinelle.dz\\\/#\\\/schema\\\/logo\\\/image\\\/\",\"url\":\"https:\\\/\\\/lasentinelle.dz\\\/wp-content\\\/uploads\\\/2021\\\/09\\\/logo-sentinelleSLOGAN-1.png\",\"contentUrl\":\"https:\\\/\\\/lasentinelle.dz\\\/wp-content\\\/uploads\\\/2021\\\/09\\\/logo-sentinelleSLOGAN-1.png\",\"width\":615,\"height\":142,\"caption\":\"Quotidien La Sentinelle\"},\"image\":{\"@id\":\"https:\\\/\\\/lasentinelle.dz\\\/#\\\/schema\\\/logo\\\/image\\\/\"},\"sameAs\":[\"https:\\\/\\\/www.facebook.com\\\/La-Sentinelle-104059864394773\"]},{\"@type\":\"Person\",\"@id\":\"https:\\\/\\\/lasentinelle.dz\\\/#\\\/schema\\\/person\\\/d865044e22e70a75174ce8bcad3acfb3\",\"name\":\"La Sentinelle\",\"image\":{\"@type\":\"ImageObject\",\"inLanguage\":\"fr-FR\",\"@id\":\"https:\\\/\\\/secure.gravatar.com\\\/avatar\\\/57de8e5d4b15d43fb361a71fbb36338450fe67865b528a43dd10ef7c51a20392?s=96&d=mm&r=g\",\"url\":\"https:\\\/\\\/secure.gravatar.com\\\/avatar\\\/57de8e5d4b15d43fb361a71fbb36338450fe67865b528a43dd10ef7c51a20392?s=96&d=mm&r=g\",\"contentUrl\":\"https:\\\/\\\/secure.gravatar.com\\\/avatar\\\/57de8e5d4b15d43fb361a71fbb36338450fe67865b528a43dd10ef7c51a20392?s=96&d=mm&r=g\",\"caption\":\"La Sentinelle\"},\"sameAs\":[\"http:\\\/\\\/www.lasentinelle.dz\"],\"url\":\"https:\\\/\\\/lasentinelle.dz\\\/author\\\/redaction\\\/\"}]}<\/script>\n<!-- \/ Yoast SEO plugin. -->","yoast_head_json":{"title":"CAN U17 Alg\u00e9rie-2023\u00a0: Le compte \u00e0 rebours a commenc\u00e9 - La Sentinelle","robots":{"index":"index","follow":"follow","max-snippet":"max-snippet:-1","max-image-preview":"max-image-preview:large","max-video-preview":"max-video-preview:-1"},"canonical":"https:\/\/lasentinelle.dz\/index.php\/2023\/04\/15\/can-u17-algerie-2023-le-compte-a-rebours-a-commence\/","og_locale":"fr_FR","og_type":"article","og_title":"CAN U17 Alg\u00e9rie-2023\u00a0: Le compte \u00e0 rebours a commenc\u00e9 - La Sentinelle","og_description":"A J-13 du d\u00e9but de la Coupe d\u2019Afrique des Nations des U17, les pr\u00e9paratifs s\u2019acc\u00e9l\u00e8rent. L\u2019Alg\u00e9rie abrite l\u2019\u00e9dition 2023 de","og_url":"https:\/\/lasentinelle.dz\/index.php\/2023\/04\/15\/can-u17-algerie-2023-le-compte-a-rebours-a-commence\/","og_site_name":"La Sentinelle","article_publisher":"https:\/\/www.facebook.com\/La-Sentinelle-104059864394773","article_published_time":"2023-04-15T21:08:00+00:00","og_image":[{"width":1570,"height":900,"url":"https:\/\/lasentinelle.dz\/wp-content\/uploads\/2023\/04\/U17-1.png","type":"image\/png"}],"author":"La Sentinelle","twitter_card":"summary_large_image","twitter_misc":{"\u00c9crit par":"La Sentinelle","Dur\u00e9e de lecture estim\u00e9e":"3 minutes"},"schema":{"@context":"https:\/\/schema.org","@graph":[{"@type":"Article","@id":"https:\/\/lasentinelle.dz\/index.php\/2023\/04\/15\/can-u17-algerie-2023-le-compte-a-rebours-a-commence\/#article","isPartOf":{"@id":"https:\/\/lasentinelle.dz\/index.php\/2023\/04\/15\/can-u17-algerie-2023-le-compte-a-rebours-a-commence\/"},"author":{"name":"La Sentinelle","@id":"https:\/\/lasentinelle.dz\/#\/schema\/person\/d865044e22e70a75174ce8bcad3acfb3"},"headline":"CAN U17 Alg\u00e9rie-2023\u00a0: Le compte \u00e0 rebours a commenc\u00e9","datePublished":"2023-04-15T21:08:00+00:00","mainEntityOfPage":{"@id":"https:\/\/lasentinelle.dz\/index.php\/2023\/04\/15\/can-u17-algerie-2023-le-compte-a-rebours-a-commence\/"},"wordCount":616,"commentCount":0,"publisher":{"@id":"https:\/\/lasentinelle.dz\/#organization"},"image":{"@id":"https:\/\/lasentinelle.dz\/index.php\/2023\/04\/15\/can-u17-algerie-2023-le-compte-a-rebours-a-commence\/#primaryimage"},"thumbnailUrl":"https:\/\/lasentinelle.dz\/wp-content\/uploads\/2023\/04\/U17-1.png","articleSection":["\u00c0 la Une","Sports"],"inLanguage":"fr-FR","potentialAction":[{"@type":"CommentAction","name":"Comment","target":["https:\/\/lasentinelle.dz\/index.php\/2023\/04\/15\/can-u17-algerie-2023-le-compte-a-rebours-a-commence\/#respond"]}]},{"@type":"WebPage","@id":"https:\/\/lasentinelle.dz\/index.php\/2023\/04\/15\/can-u17-algerie-2023-le-compte-a-rebours-a-commence\/","url":"https:\/\/lasentinelle.dz\/index.php\/2023\/04\/15\/can-u17-algerie-2023-le-compte-a-rebours-a-commence\/","name":"CAN U17 Alg\u00e9rie-2023\u00a0: Le compte \u00e0 rebours a commenc\u00e9 - La Sentinelle","isPartOf":{"@id":"https:\/\/lasentinelle.dz\/#website"},"primaryImageOfPage":{"@id":"https:\/\/lasentinelle.dz\/index.php\/2023\/04\/15\/can-u17-algerie-2023-le-compte-a-rebours-a-commence\/#primaryimage"},"image":{"@id":"https:\/\/lasentinelle.dz\/index.php\/2023\/04\/15\/can-u17-algerie-2023-le-compte-a-rebours-a-commence\/#primaryimage"},"thumbnailUrl":"https:\/\/lasentinelle.dz\/wp-content\/uploads\/2023\/04\/U17-1.png","datePublished":"2023-04-15T21:08:00+00:00","breadcrumb":{"@id":"https:\/\/lasentinelle.dz\/index.php\/2023\/04\/15\/can-u17-algerie-2023-le-compte-a-rebours-a-commence\/#breadcrumb"},"inLanguage":"fr-FR","potentialAction":[{"@type":"ReadAction","target":["https:\/\/lasentinelle.dz\/index.php\/2023\/04\/15\/can-u17-algerie-2023-le-compte-a-rebours-a-commence\/"]}]},{"@type":"ImageObject","inLanguage":"fr-FR","@id":"https:\/\/lasentinelle.dz\/index.php\/2023\/04\/15\/can-u17-algerie-2023-le-compte-a-rebours-a-commence\/#primaryimage","url":"https:\/\/lasentinelle.dz\/wp-content\/uploads\/2023\/04\/U17-1.png","contentUrl":"https:\/\/lasentinelle.dz\/wp-content\/uploads\/2023\/04\/U17-1.png","width":1570,"height":900},{"@type":"BreadcrumbList","@id":"https:\/\/lasentinelle.dz\/index.php\/2023\/04\/15\/can-u17-algerie-2023-le-compte-a-rebours-a-commence\/#breadcrumb","itemListElement":[{"@type":"ListItem","position":1,"name":"Accueil","item":"https:\/\/lasentinelle.dz\/"},{"@type":"ListItem","position":2,"name":"CAN U17 Alg\u00e9rie-2023\u00a0: Le compte \u00e0 rebours a commenc\u00e9"}]},{"@type":"WebSite","@id":"https:\/\/lasentinelle.dz\/#website","url":"https:\/\/lasentinelle.dz\/","name":"La Sentinelle","description":"Quotidien national d&#039;information","publisher":{"@id":"https:\/\/lasentinelle.dz\/#organization"},"potentialAction":[{"@type":"SearchAction","target":{"@type":"EntryPoint","urlTemplate":"https:\/\/lasentinelle.dz\/?s={search_term_string}"},"query-input":{"@type":"PropertyValueSpecification","valueRequired":true,"valueName":"search_term_string"}}],"inLanguage":"fr-FR"},{"@type":"Organization","@id":"https:\/\/lasentinelle.dz\/#organization","name":"Quotidien La Sentinelle","url":"https:\/\/lasentinelle.dz\/","logo":{"@type":"ImageObject","inLanguage":"fr-FR","@id":"https:\/\/lasentinelle.dz\/#\/schema\/logo\/image\/","url":"https:\/\/lasentinelle.dz\/wp-content\/uploads\/2021\/09\/logo-sentinelleSLOGAN-1.png","contentUrl":"https:\/\/lasentinelle.dz\/wp-content\/uploads\/2021\/09\/logo-sentinelleSLOGAN-1.png","width":615,"height":142,"caption":"Quotidien La Sentinelle"},"image":{"@id":"https:\/\/lasentinelle.dz\/#\/schema\/logo\/image\/"},"sameAs":["https:\/\/www.facebook.com\/La-Sentinelle-104059864394773"]},{"@type":"Person","@id":"https:\/\/lasentinelle.dz\/#\/schema\/person\/d865044e22e70a75174ce8bcad3acfb3","name":"La Sentinelle","image":{"@type":"ImageObject","inLanguage":"fr-FR","@id":"https:\/\/secure.gravatar.com\/avatar\/57de8e5d4b15d43fb361a71fbb36338450fe67865b528a43dd10ef7c51a20392?s=96&d=mm&r=g","url":"https:\/\/secure.gravatar.com\/avatar\/57de8e5d4b15d43fb361a71fbb36338450fe67865b528a43dd10ef7c51a20392?s=96&d=mm&r=g","contentUrl":"https:\/\/secure.gravatar.com\/avatar\/57de8e5d4b15d43fb361a71fbb36338450fe67865b528a43dd10ef7c51a20392?s=96&d=mm&r=g","caption":"La Sentinelle"},"sameAs":["http:\/\/www.lasentinelle.dz"],"url":"https:\/\/lasentinelle.dz\/author\/redaction\/"}]}},"_links":{"self":[{"href":"https:\/\/lasentinelle.dz\/index.php\/wp-json\/wp\/v2\/posts\/39481","targetHints":{"allow":["GET"]}}],"collection":[{"href":"https:\/\/lasentinelle.dz\/index.php\/wp-json\/wp\/v2\/posts"}],"about":[{"href":"https:\/\/lasentinelle.dz\/index.php\/wp-json\/wp\/v2\/types\/post"}],"author":[{"embeddable":true,"href":"https:\/\/lasentinelle.dz\/index.php\/wp-json\/wp\/v2\/users\/3"}],"replies":[{"embeddable":true,"href":"https:\/\/lasentinelle.dz\/index.php\/wp-json\/wp\/v2\/comments?post=39481"}],"version-history":[{"count":1,"href":"https:\/\/lasentinelle.dz\/index.php\/wp-json\/wp\/v2\/posts\/39481\/revisions"}],"predecessor-version":[{"id":39496,"href":"https:\/\/lasentinelle.dz\/index.php\/wp-json\/wp\/v2\/posts\/39481\/revisions\/39496"}],"wp:featuredmedia":[{"embeddable":true,"href":"https:\/\/lasentinelle.dz\/index.php\/wp-json\/wp\/v2\/media\/39495"}],"wp:attachment":[{"href":"https:\/\/lasentinelle.dz\/index.php\/wp-json\/wp\/v2\/media?parent=39481"}],"wp:term":[{"taxonomy":"category","embeddable":true,"href":"https:\/\/lasentinelle.dz\/index.php\/wp-json\/wp\/v2\/categories?post=39481"},{"taxonomy":"post_tag","embeddable":true,"href":"https:\/\/lasentinelle.dz\/index.php\/wp-json\/wp\/v2\/tags?post=39481"}],"curies":[{"name":"wp","href":"https:\/\/api.w.org\/{rel}","templated":true}]}}