{"id":39493,"date":"2023-04-15T22:00:00","date_gmt":"2023-04-15T21:00:00","guid":{"rendered":"https:\/\/lasentinelle.dz\/?p=39493"},"modified":"2023-04-15T17:33:54","modified_gmt":"2023-04-15T16:33:54","slug":"mise-a-jour-du-calendrier-de-la-ligue-1-le-match-jsk-usma-reporte","status":"publish","type":"post","link":"https:\/\/lasentinelle.dz\/index.php\/2023\/04\/15\/mise-a-jour-du-calendrier-de-la-ligue-1-le-match-jsk-usma-reporte\/","title":{"rendered":"Mise \u00e0 jour du calendrier de la Ligue 1\u00a0: Le match JSK-USMA report\u00e9"},"content":{"rendered":"\n<p>La Ligue de football professionnel (LFP) a annonc\u00e9 hier le report du match qui devrait opposer aujourd\u2019hui la JS Kabylie \u00e0 l\u2019USM Alger pour le compte de la mise \u00e0 jour&nbsp; de la 18e journ\u00e9e de la Ligue 1 \u00e0 la demande du wali de Tizi-Ouzou.<\/p>\n\n\n\n<p>\u00ab&nbsp;La rencontre de mise \u00e0 jour de la 18e journ\u00e9e du Championnat Professionnel Mobilis, qui devait opposer la JS Kabylie \u00e0 l\u2019USM Alger pr\u00e9vue initialement le Dimanche 16 Avril 2023 au stade 1er Novembre 1954 \u00e0 Tizi Ouzou a \u00e9t\u00e9 report\u00e9e \u00e0 une date ult\u00e9rieure et ce, suite \u00e0 la correspondance r\u00e9f\u00e9renci\u00e9e N\u00b0 1666\/2023 \u00e9manant de Monsieur le Wali de Tizi Ouzou relative au report de ladite rencontre&nbsp;\u00bb, a indiqu\u00e9 la LFP dans un communiqu\u00e9.<\/p>\n\n\n\n<p>Cette rencontre avait \u00e9t\u00e9 programm\u00e9e dans le cadre de la deuxi\u00e8me phase de la mise \u00e0 jour du calendrier de la Ligue 1 qui devait compter d\u00e8s aujourd\u2019hui quatre matchs. Des matchs que la LFP avait refus\u00e9 de reporter en raison du calendrier charg\u00e9. En tout \u00e9tat de cause, cette d\u00e9cision de la LFP fait les affaires de la direction des Canaris qui avait demand\u00e9 auparavant le report du match en question en pr\u00e9vision du match des quarts de finale aller de la ligue des champions d&rsquo;Afrique que devra livrer vendredi contre les Tunisiens de l&rsquo;EST au stade du 5-Juillet.<\/p>\n\n\n\n<p>Notons que trois rencontres de mise \u00e0 jour du calendrier de la Ligue Une ont \u00e9t\u00e9 tenus la semaine derni\u00e8re. Des rencontres qui ont permis au MC Alger de revenir sur le podium et d\u2019occuper la troisi\u00e8me place ex-aequo avec l\u2019ESS ave 35 points&nbsp; apr\u00e8s sa victoire mardi sur le NC Magra par un score d\u2019un but \u00e0 z\u00e9ro.<\/p>\n\n\n\n<p>Pour sa part, le leader du championnat, le CR Belouizdad a \u00e9t\u00e9 tenu en \u00e9chec par le Paradou AC apr\u00e8s le &nbsp;match nul 1-1 tenu jeudi soir \u00e0 huis clos au stade du 5 juillet, pour le compte de la mise \u00e0 jour de la 17e journ\u00e9e du championnat de Ligue 1 Mobilis de football.<\/p>\n\n\n\n<p>Enfin, l&rsquo;USM Alger a battu l&rsquo;USM Khenchela sur le score de 2-0, mi-temps&nbsp; (2-0),&nbsp; mercredi soir \u00e0 huis clos au stade du 5juillet, pour le compte de la mise \u00e0 jour de la 17e journ\u00e9e du championnat de Ligue 1 Mobilis de football.<\/p>\n\n\n\n<p><strong>Chokri Hafed<\/strong><\/p>\n","protected":false},"excerpt":{"rendered":"<p>La Ligue de football professionnel (LFP) a annonc\u00e9 hier le report du match qui devrait opposer aujourd\u2019hui la JS Kabylie<\/p>\n","protected":false},"author":3,"featured_media":39499,"comment_status":"open","ping_status":"closed","sticky":false,"template":"","format":"standard","meta":{"colormag_page_container_layout":"default_layout","colormag_page_sidebar_layout":"default_layout","om_disable_all_campaigns":false,"_monsterinsights_skip_tracking":false,"_monsterinsights_sitenote_active":false,"_monsterinsights_sitenote_note":"","_monsterinsights_sitenote_category":0,"footnotes":"","_wpscppro_dont_share_socialmedia":false,"_wpscppro_custom_social_share_image":0,"_facebook_share_type":"","_twitter_share_type":"","_linkedin_share_type":"","_pinterest_share_type":"","_linkedin_share_type_page":"","_instagram_share_type":"","_medium_share_type":"","_threads_share_type":"","_google_business_share_type":"","_selected_social_profile":[],"_wpsp_enable_custom_social_template":false,"_wpsp_social_scheduling":{"enabled":false,"datetime":null,"platforms":[],"status":"template_only","dateOption":"today","timeOption":"now","customDays":"","customHours":"","customDate":"","customTime":"","schedulingType":"absolute"},"_wpsp_active_default_template":true},"categories":[33],"tags":[],"class_list":["post-39493","post","type-post","status-publish","format-standard","has-post-thumbnail","hentry","category-sports"],"aioseo_notices":[],"yoast_head":"<!-- This site is optimized with the Yoast SEO plugin v27.5 - https:\/\/yoast.com\/product\/yoast-seo-wordpress\/ -->\n<title>Mise \u00e0 jour du calendrier de la Ligue 1\u00a0: Le match JSK-USMA report\u00e9 - La Sentinelle<\/title>\n<meta name=\"robots\" content=\"index, follow, max-snippet:-1, max-image-preview:large, max-video-preview:-1\" \/>\n<link rel=\"canonical\" href=\"https:\/\/lasentinelle.dz\/index.php\/2023\/04\/15\/mise-a-jour-du-calendrier-de-la-ligue-1-le-match-jsk-usma-reporte\/\" \/>\n<meta property=\"og:locale\" content=\"fr_FR\" \/>\n<meta property=\"og:type\" content=\"article\" \/>\n<meta property=\"og:title\" content=\"Mise \u00e0 jour du calendrier de la Ligue 1\u00a0: Le match JSK-USMA report\u00e9 - La Sentinelle\" \/>\n<meta property=\"og:description\" content=\"La Ligue de football professionnel (LFP) a annonc\u00e9 hier le report du match qui devrait opposer aujourd\u2019hui la JS Kabylie\" \/>\n<meta property=\"og:url\" content=\"https:\/\/lasentinelle.dz\/index.php\/2023\/04\/15\/mise-a-jour-du-calendrier-de-la-ligue-1-le-match-jsk-usma-reporte\/\" \/>\n<meta property=\"og:site_name\" content=\"La Sentinelle\" \/>\n<meta property=\"article:publisher\" content=\"https:\/\/www.facebook.com\/La-Sentinelle-104059864394773\" \/>\n<meta property=\"article:published_time\" content=\"2023-04-15T21:00:00+00:00\" \/>\n<meta property=\"og:image\" content=\"https:\/\/lasentinelle.dz\/wp-content\/uploads\/2023\/04\/Ligue-1-1.jpeg\" \/>\n\t<meta property=\"og:image:width\" content=\"580\" \/>\n\t<meta property=\"og:image:height\" content=\"350\" \/>\n\t<meta property=\"og:image:type\" content=\"image\/jpeg\" \/>\n<meta name=\"author\" content=\"La Sentinelle\" \/>\n<meta name=\"twitter:card\" content=\"summary_large_image\" \/>\n<meta name=\"twitter:label1\" content=\"\u00c9crit par\" \/>\n\t<meta name=\"twitter:data1\" content=\"La Sentinelle\" \/>\n\t<meta name=\"twitter:label2\" content=\"Dur\u00e9e de lecture estim\u00e9e\" \/>\n\t<meta name=\"twitter:data2\" content=\"2 minutes\" \/>\n<script type=\"application\/ld+json\" class=\"yoast-schema-graph\">{\"@context\":\"https:\\\/\\\/schema.org\",\"@graph\":[{\"@type\":\"Article\",\"@id\":\"https:\\\/\\\/lasentinelle.dz\\\/index.php\\\/2023\\\/04\\\/15\\\/mise-a-jour-du-calendrier-de-la-ligue-1-le-match-jsk-usma-reporte\\\/#article\",\"isPartOf\":{\"@id\":\"https:\\\/\\\/lasentinelle.dz\\\/index.php\\\/2023\\\/04\\\/15\\\/mise-a-jour-du-calendrier-de-la-ligue-1-le-match-jsk-usma-reporte\\\/\"},\"author\":{\"name\":\"La Sentinelle\",\"@id\":\"https:\\\/\\\/lasentinelle.dz\\\/#\\\/schema\\\/person\\\/d865044e22e70a75174ce8bcad3acfb3\"},\"headline\":\"Mise \u00e0 jour du calendrier de la Ligue 1\u00a0: Le match JSK-USMA report\u00e9\",\"datePublished\":\"2023-04-15T21:00:00+00:00\",\"mainEntityOfPage\":{\"@id\":\"https:\\\/\\\/lasentinelle.dz\\\/index.php\\\/2023\\\/04\\\/15\\\/mise-a-jour-du-calendrier-de-la-ligue-1-le-match-jsk-usma-reporte\\\/\"},\"wordCount\":404,\"commentCount\":0,\"publisher\":{\"@id\":\"https:\\\/\\\/lasentinelle.dz\\\/#organization\"},\"image\":{\"@id\":\"https:\\\/\\\/lasentinelle.dz\\\/index.php\\\/2023\\\/04\\\/15\\\/mise-a-jour-du-calendrier-de-la-ligue-1-le-match-jsk-usma-reporte\\\/#primaryimage\"},\"thumbnailUrl\":\"https:\\\/\\\/lasentinelle.dz\\\/wp-content\\\/uploads\\\/2023\\\/04\\\/Ligue-1-1.jpeg\",\"articleSection\":[\"Sports\"],\"inLanguage\":\"fr-FR\",\"potentialAction\":[{\"@type\":\"CommentAction\",\"name\":\"Comment\",\"target\":[\"https:\\\/\\\/lasentinelle.dz\\\/index.php\\\/2023\\\/04\\\/15\\\/mise-a-jour-du-calendrier-de-la-ligue-1-le-match-jsk-usma-reporte\\\/#respond\"]}]},{\"@type\":\"WebPage\",\"@id\":\"https:\\\/\\\/lasentinelle.dz\\\/index.php\\\/2023\\\/04\\\/15\\\/mise-a-jour-du-calendrier-de-la-ligue-1-le-match-jsk-usma-reporte\\\/\",\"url\":\"https:\\\/\\\/lasentinelle.dz\\\/index.php\\\/2023\\\/04\\\/15\\\/mise-a-jour-du-calendrier-de-la-ligue-1-le-match-jsk-usma-reporte\\\/\",\"name\":\"Mise \u00e0 jour du calendrier de la Ligue 1\u00a0: Le match JSK-USMA report\u00e9 - La Sentinelle\",\"isPartOf\":{\"@id\":\"https:\\\/\\\/lasentinelle.dz\\\/#website\"},\"primaryImageOfPage\":{\"@id\":\"https:\\\/\\\/lasentinelle.dz\\\/index.php\\\/2023\\\/04\\\/15\\\/mise-a-jour-du-calendrier-de-la-ligue-1-le-match-jsk-usma-reporte\\\/#primaryimage\"},\"image\":{\"@id\":\"https:\\\/\\\/lasentinelle.dz\\\/index.php\\\/2023\\\/04\\\/15\\\/mise-a-jour-du-calendrier-de-la-ligue-1-le-match-jsk-usma-reporte\\\/#primaryimage\"},\"thumbnailUrl\":\"https:\\\/\\\/lasentinelle.dz\\\/wp-content\\\/uploads\\\/2023\\\/04\\\/Ligue-1-1.jpeg\",\"datePublished\":\"2023-04-15T21:00:00+00:00\",\"breadcrumb\":{\"@id\":\"https:\\\/\\\/lasentinelle.dz\\\/index.php\\\/2023\\\/04\\\/15\\\/mise-a-jour-du-calendrier-de-la-ligue-1-le-match-jsk-usma-reporte\\\/#breadcrumb\"},\"inLanguage\":\"fr-FR\",\"potentialAction\":[{\"@type\":\"ReadAction\",\"target\":[\"https:\\\/\\\/lasentinelle.dz\\\/index.php\\\/2023\\\/04\\\/15\\\/mise-a-jour-du-calendrier-de-la-ligue-1-le-match-jsk-usma-reporte\\\/\"]}]},{\"@type\":\"ImageObject\",\"inLanguage\":\"fr-FR\",\"@id\":\"https:\\\/\\\/lasentinelle.dz\\\/index.php\\\/2023\\\/04\\\/15\\\/mise-a-jour-du-calendrier-de-la-ligue-1-le-match-jsk-usma-reporte\\\/#primaryimage\",\"url\":\"https:\\\/\\\/lasentinelle.dz\\\/wp-content\\\/uploads\\\/2023\\\/04\\\/Ligue-1-1.jpeg\",\"contentUrl\":\"https:\\\/\\\/lasentinelle.dz\\\/wp-content\\\/uploads\\\/2023\\\/04\\\/Ligue-1-1.jpeg\",\"width\":580,\"height\":350},{\"@type\":\"BreadcrumbList\",\"@id\":\"https:\\\/\\\/lasentinelle.dz\\\/index.php\\\/2023\\\/04\\\/15\\\/mise-a-jour-du-calendrier-de-la-ligue-1-le-match-jsk-usma-reporte\\\/#breadcrumb\",\"itemListElement\":[{\"@type\":\"ListItem\",\"position\":1,\"name\":\"Accueil\",\"item\":\"https:\\\/\\\/lasentinelle.dz\\\/\"},{\"@type\":\"ListItem\",\"position\":2,\"name\":\"Mise \u00e0 jour du calendrier de la Ligue 1\u00a0: Le match JSK-USMA report\u00e9\"}]},{\"@type\":\"WebSite\",\"@id\":\"https:\\\/\\\/lasentinelle.dz\\\/#website\",\"url\":\"https:\\\/\\\/lasentinelle.dz\\\/\",\"name\":\"La Sentinelle\",\"description\":\"Quotidien national d&#039;information\",\"publisher\":{\"@id\":\"https:\\\/\\\/lasentinelle.dz\\\/#organization\"},\"potentialAction\":[{\"@type\":\"SearchAction\",\"target\":{\"@type\":\"EntryPoint\",\"urlTemplate\":\"https:\\\/\\\/lasentinelle.dz\\\/?s={search_term_string}\"},\"query-input\":{\"@type\":\"PropertyValueSpecification\",\"valueRequired\":true,\"valueName\":\"search_term_string\"}}],\"inLanguage\":\"fr-FR\"},{\"@type\":\"Organization\",\"@id\":\"https:\\\/\\\/lasentinelle.dz\\\/#organization\",\"name\":\"Quotidien La Sentinelle\",\"url\":\"https:\\\/\\\/lasentinelle.dz\\\/\",\"logo\":{\"@type\":\"ImageObject\",\"inLanguage\":\"fr-FR\",\"@id\":\"https:\\\/\\\/lasentinelle.dz\\\/#\\\/schema\\\/logo\\\/image\\\/\",\"url\":\"https:\\\/\\\/lasentinelle.dz\\\/wp-content\\\/uploads\\\/2021\\\/09\\\/logo-sentinelleSLOGAN-1.png\",\"contentUrl\":\"https:\\\/\\\/lasentinelle.dz\\\/wp-content\\\/uploads\\\/2021\\\/09\\\/logo-sentinelleSLOGAN-1.png\",\"width\":615,\"height\":142,\"caption\":\"Quotidien La Sentinelle\"},\"image\":{\"@id\":\"https:\\\/\\\/lasentinelle.dz\\\/#\\\/schema\\\/logo\\\/image\\\/\"},\"sameAs\":[\"https:\\\/\\\/www.facebook.com\\\/La-Sentinelle-104059864394773\"]},{\"@type\":\"Person\",\"@id\":\"https:\\\/\\\/lasentinelle.dz\\\/#\\\/schema\\\/person\\\/d865044e22e70a75174ce8bcad3acfb3\",\"name\":\"La Sentinelle\",\"image\":{\"@type\":\"ImageObject\",\"inLanguage\":\"fr-FR\",\"@id\":\"https:\\\/\\\/secure.gravatar.com\\\/avatar\\\/57de8e5d4b15d43fb361a71fbb36338450fe67865b528a43dd10ef7c51a20392?s=96&d=mm&r=g\",\"url\":\"https:\\\/\\\/secure.gravatar.com\\\/avatar\\\/57de8e5d4b15d43fb361a71fbb36338450fe67865b528a43dd10ef7c51a20392?s=96&d=mm&r=g\",\"contentUrl\":\"https:\\\/\\\/secure.gravatar.com\\\/avatar\\\/57de8e5d4b15d43fb361a71fbb36338450fe67865b528a43dd10ef7c51a20392?s=96&d=mm&r=g\",\"caption\":\"La Sentinelle\"},\"sameAs\":[\"http:\\\/\\\/www.lasentinelle.dz\"],\"url\":\"https:\\\/\\\/lasentinelle.dz\\\/author\\\/redaction\\\/\"}]}<\/script>\n<!-- \/ Yoast SEO plugin. -->","yoast_head_json":{"title":"Mise \u00e0 jour du calendrier de la Ligue 1\u00a0: Le match JSK-USMA report\u00e9 - La Sentinelle","robots":{"index":"index","follow":"follow","max-snippet":"max-snippet:-1","max-image-preview":"max-image-preview:large","max-video-preview":"max-video-preview:-1"},"canonical":"https:\/\/lasentinelle.dz\/index.php\/2023\/04\/15\/mise-a-jour-du-calendrier-de-la-ligue-1-le-match-jsk-usma-reporte\/","og_locale":"fr_FR","og_type":"article","og_title":"Mise \u00e0 jour du calendrier de la Ligue 1\u00a0: Le match JSK-USMA report\u00e9 - La Sentinelle","og_description":"La Ligue de football professionnel (LFP) a annonc\u00e9 hier le report du match qui devrait opposer aujourd\u2019hui la JS Kabylie","og_url":"https:\/\/lasentinelle.dz\/index.php\/2023\/04\/15\/mise-a-jour-du-calendrier-de-la-ligue-1-le-match-jsk-usma-reporte\/","og_site_name":"La Sentinelle","article_publisher":"https:\/\/www.facebook.com\/La-Sentinelle-104059864394773","article_published_time":"2023-04-15T21:00:00+00:00","og_image":[{"width":580,"height":350,"url":"https:\/\/lasentinelle.dz\/wp-content\/uploads\/2023\/04\/Ligue-1-1.jpeg","type":"image\/jpeg"}],"author":"La Sentinelle","twitter_card":"summary_large_image","twitter_misc":{"\u00c9crit par":"La Sentinelle","Dur\u00e9e de lecture estim\u00e9e":"2 minutes"},"schema":{"@context":"https:\/\/schema.org","@graph":[{"@type":"Article","@id":"https:\/\/lasentinelle.dz\/index.php\/2023\/04\/15\/mise-a-jour-du-calendrier-de-la-ligue-1-le-match-jsk-usma-reporte\/#article","isPartOf":{"@id":"https:\/\/lasentinelle.dz\/index.php\/2023\/04\/15\/mise-a-jour-du-calendrier-de-la-ligue-1-le-match-jsk-usma-reporte\/"},"author":{"name":"La Sentinelle","@id":"https:\/\/lasentinelle.dz\/#\/schema\/person\/d865044e22e70a75174ce8bcad3acfb3"},"headline":"Mise \u00e0 jour du calendrier de la Ligue 1\u00a0: Le match JSK-USMA report\u00e9","datePublished":"2023-04-15T21:00:00+00:00","mainEntityOfPage":{"@id":"https:\/\/lasentinelle.dz\/index.php\/2023\/04\/15\/mise-a-jour-du-calendrier-de-la-ligue-1-le-match-jsk-usma-reporte\/"},"wordCount":404,"commentCount":0,"publisher":{"@id":"https:\/\/lasentinelle.dz\/#organization"},"image":{"@id":"https:\/\/lasentinelle.dz\/index.php\/2023\/04\/15\/mise-a-jour-du-calendrier-de-la-ligue-1-le-match-jsk-usma-reporte\/#primaryimage"},"thumbnailUrl":"https:\/\/lasentinelle.dz\/wp-content\/uploads\/2023\/04\/Ligue-1-1.jpeg","articleSection":["Sports"],"inLanguage":"fr-FR","potentialAction":[{"@type":"CommentAction","name":"Comment","target":["https:\/\/lasentinelle.dz\/index.php\/2023\/04\/15\/mise-a-jour-du-calendrier-de-la-ligue-1-le-match-jsk-usma-reporte\/#respond"]}]},{"@type":"WebPage","@id":"https:\/\/lasentinelle.dz\/index.php\/2023\/04\/15\/mise-a-jour-du-calendrier-de-la-ligue-1-le-match-jsk-usma-reporte\/","url":"https:\/\/lasentinelle.dz\/index.php\/2023\/04\/15\/mise-a-jour-du-calendrier-de-la-ligue-1-le-match-jsk-usma-reporte\/","name":"Mise \u00e0 jour du calendrier de la Ligue 1\u00a0: Le match JSK-USMA report\u00e9 - La Sentinelle","isPartOf":{"@id":"https:\/\/lasentinelle.dz\/#website"},"primaryImageOfPage":{"@id":"https:\/\/lasentinelle.dz\/index.php\/2023\/04\/15\/mise-a-jour-du-calendrier-de-la-ligue-1-le-match-jsk-usma-reporte\/#primaryimage"},"image":{"@id":"https:\/\/lasentinelle.dz\/index.php\/2023\/04\/15\/mise-a-jour-du-calendrier-de-la-ligue-1-le-match-jsk-usma-reporte\/#primaryimage"},"thumbnailUrl":"https:\/\/lasentinelle.dz\/wp-content\/uploads\/2023\/04\/Ligue-1-1.jpeg","datePublished":"2023-04-15T21:00:00+00:00","breadcrumb":{"@id":"https:\/\/lasentinelle.dz\/index.php\/2023\/04\/15\/mise-a-jour-du-calendrier-de-la-ligue-1-le-match-jsk-usma-reporte\/#breadcrumb"},"inLanguage":"fr-FR","potentialAction":[{"@type":"ReadAction","target":["https:\/\/lasentinelle.dz\/index.php\/2023\/04\/15\/mise-a-jour-du-calendrier-de-la-ligue-1-le-match-jsk-usma-reporte\/"]}]},{"@type":"ImageObject","inLanguage":"fr-FR","@id":"https:\/\/lasentinelle.dz\/index.php\/2023\/04\/15\/mise-a-jour-du-calendrier-de-la-ligue-1-le-match-jsk-usma-reporte\/#primaryimage","url":"https:\/\/lasentinelle.dz\/wp-content\/uploads\/2023\/04\/Ligue-1-1.jpeg","contentUrl":"https:\/\/lasentinelle.dz\/wp-content\/uploads\/2023\/04\/Ligue-1-1.jpeg","width":580,"height":350},{"@type":"BreadcrumbList","@id":"https:\/\/lasentinelle.dz\/index.php\/2023\/04\/15\/mise-a-jour-du-calendrier-de-la-ligue-1-le-match-jsk-usma-reporte\/#breadcrumb","itemListElement":[{"@type":"ListItem","position":1,"name":"Accueil","item":"https:\/\/lasentinelle.dz\/"},{"@type":"ListItem","position":2,"name":"Mise \u00e0 jour du calendrier de la Ligue 1\u00a0: Le match JSK-USMA report\u00e9"}]},{"@type":"WebSite","@id":"https:\/\/lasentinelle.dz\/#website","url":"https:\/\/lasentinelle.dz\/","name":"La Sentinelle","description":"Quotidien national d&#039;information","publisher":{"@id":"https:\/\/lasentinelle.dz\/#organization"},"potentialAction":[{"@type":"SearchAction","target":{"@type":"EntryPoint","urlTemplate":"https:\/\/lasentinelle.dz\/?s={search_term_string}"},"query-input":{"@type":"PropertyValueSpecification","valueRequired":true,"valueName":"search_term_string"}}],"inLanguage":"fr-FR"},{"@type":"Organization","@id":"https:\/\/lasentinelle.dz\/#organization","name":"Quotidien La Sentinelle","url":"https:\/\/lasentinelle.dz\/","logo":{"@type":"ImageObject","inLanguage":"fr-FR","@id":"https:\/\/lasentinelle.dz\/#\/schema\/logo\/image\/","url":"https:\/\/lasentinelle.dz\/wp-content\/uploads\/2021\/09\/logo-sentinelleSLOGAN-1.png","contentUrl":"https:\/\/lasentinelle.dz\/wp-content\/uploads\/2021\/09\/logo-sentinelleSLOGAN-1.png","width":615,"height":142,"caption":"Quotidien La Sentinelle"},"image":{"@id":"https:\/\/lasentinelle.dz\/#\/schema\/logo\/image\/"},"sameAs":["https:\/\/www.facebook.com\/La-Sentinelle-104059864394773"]},{"@type":"Person","@id":"https:\/\/lasentinelle.dz\/#\/schema\/person\/d865044e22e70a75174ce8bcad3acfb3","name":"La Sentinelle","image":{"@type":"ImageObject","inLanguage":"fr-FR","@id":"https:\/\/secure.gravatar.com\/avatar\/57de8e5d4b15d43fb361a71fbb36338450fe67865b528a43dd10ef7c51a20392?s=96&d=mm&r=g","url":"https:\/\/secure.gravatar.com\/avatar\/57de8e5d4b15d43fb361a71fbb36338450fe67865b528a43dd10ef7c51a20392?s=96&d=mm&r=g","contentUrl":"https:\/\/secure.gravatar.com\/avatar\/57de8e5d4b15d43fb361a71fbb36338450fe67865b528a43dd10ef7c51a20392?s=96&d=mm&r=g","caption":"La Sentinelle"},"sameAs":["http:\/\/www.lasentinelle.dz"],"url":"https:\/\/lasentinelle.dz\/author\/redaction\/"}]}},"_links":{"self":[{"href":"https:\/\/lasentinelle.dz\/index.php\/wp-json\/wp\/v2\/posts\/39493","targetHints":{"allow":["GET"]}}],"collection":[{"href":"https:\/\/lasentinelle.dz\/index.php\/wp-json\/wp\/v2\/posts"}],"about":[{"href":"https:\/\/lasentinelle.dz\/index.php\/wp-json\/wp\/v2\/types\/post"}],"author":[{"embeddable":true,"href":"https:\/\/lasentinelle.dz\/index.php\/wp-json\/wp\/v2\/users\/3"}],"replies":[{"embeddable":true,"href":"https:\/\/lasentinelle.dz\/index.php\/wp-json\/wp\/v2\/comments?post=39493"}],"version-history":[{"count":1,"href":"https:\/\/lasentinelle.dz\/index.php\/wp-json\/wp\/v2\/posts\/39493\/revisions"}],"predecessor-version":[{"id":39500,"href":"https:\/\/lasentinelle.dz\/index.php\/wp-json\/wp\/v2\/posts\/39493\/revisions\/39500"}],"wp:featuredmedia":[{"embeddable":true,"href":"https:\/\/lasentinelle.dz\/index.php\/wp-json\/wp\/v2\/media\/39499"}],"wp:attachment":[{"href":"https:\/\/lasentinelle.dz\/index.php\/wp-json\/wp\/v2\/media?parent=39493"}],"wp:term":[{"taxonomy":"category","embeddable":true,"href":"https:\/\/lasentinelle.dz\/index.php\/wp-json\/wp\/v2\/categories?post=39493"},{"taxonomy":"post_tag","embeddable":true,"href":"https:\/\/lasentinelle.dz\/index.php\/wp-json\/wp\/v2\/tags?post=39493"}],"curies":[{"name":"wp","href":"https:\/\/api.w.org\/{rel}","templated":true}]}}