{"id":39502,"date":"2023-04-15T22:08:00","date_gmt":"2023-04-15T21:08:00","guid":{"rendered":"https:\/\/lasentinelle.dz\/?p=39502"},"modified":"2023-04-15T21:31:38","modified_gmt":"2023-04-15T20:31:38","slug":"combats-a-khartoum-sur-fond-de-rivalite-entre-generaux-le-soudan-senfonce-dans-la-crise","status":"publish","type":"post","link":"https:\/\/lasentinelle.dz\/index.php\/2023\/04\/15\/combats-a-khartoum-sur-fond-de-rivalite-entre-generaux-le-soudan-senfonce-dans-la-crise\/","title":{"rendered":"Combats \u00e0 Khartoum sur fond de rivalit\u00e9 entre g\u00e9n\u00e9raux\u00a0: Le Soudan s\u2019enfonce dans la crise"},"content":{"rendered":"\n<p>Les paramilitaires au Soudan assurent avoir pris le contr\u00f4le hier de l&rsquo;a\u00e9roport international et du palais pr\u00e9sidentiel \u00e0 Khartoum, secou\u00e9e depuis le matin par des tirs et explosions, dans l&rsquo;\u00e9pisode le plus violent de la rivalit\u00e9 entre les deux g\u00e9n\u00e9raux aux commandes depuis le putsch.<\/p>\n\n\n\n<p>Les Forces de soutien rapide (FSR) du g\u00e9n\u00e9ral Mohamed Hamdane Daglo, dit \u00ab Hemedti \u00bb, appellent d\u00e9sormais l&rsquo;ensemble de la population, comme les soldats eux-m\u00eames, \u00e0 la s\u00e9dition contre l&rsquo;arm\u00e9e. En face, l&rsquo;arm\u00e9e, dirig\u00e9e par le g\u00e9n\u00e9ral Abdel Fattah al-Burhane, dirigeant de facto du Soudan depuis le coup d&rsquo;Etat du 25 octobre 2021, d\u00e9nonce des \u00ab mensonges \u00bb et la \u00ab trahison \u00bb d&rsquo;une force qui a r\u00e9cemment d\u00e9ploy\u00e9 blind\u00e9s et hommes \u00e0 travers le pays sans la consulter. Lors du putsch, Hemedti et Burhane avaient fait front commun pour \u00e9vincer les civils du pouvoir. Mais au fil du temps, Hemedti n&rsquo;a cess\u00e9 de d\u00e9noncer le coup d&rsquo;Etat, de se ranger du c\u00f4t\u00e9 des civils -donc contre l&rsquo;arm\u00e9e dans les n\u00e9gociations politiques &#8211; et c&rsquo;est d\u00e9sormais son diff\u00e9rend avec le g\u00e9n\u00e9ral Burhane qui emp\u00eache toute solution de sortie de crise au Soudan. Depuis des jours, la rue bruissait de rumeurs sur une gu\u00e9rilla imminente entre les deux camps. Hier matin, Khartoum s&rsquo;est r\u00e9veill\u00e9e au son des tirs \u00e0 l&rsquo;arme lourde et l\u00e9g\u00e8re et des explosions quasi-ininterrompues. En quelques heures, les FSR ont annonc\u00e9 avoir pris l&rsquo;a\u00e9roport international de Khartoum, en plein c\u0153ur de la capitale, puis le palais pr\u00e9sidentiel o\u00f9 si\u00e8ge habituellement le g\u00e9n\u00e9ral Burhane, ainsi que le palais r\u00e9serv\u00e9 aux h\u00f4tes de l&rsquo;Etat, un a\u00e9roport du nord du pays et \u00ab\u00a0d&rsquo;autres bases dans diff\u00e9rentes provinces\u00a0\u00bb. Et dans un communiqu\u00e9, elles appellent la population \u00e0 \u00ab\u00a0se rallier \u00e0 elles\u00a0\u00bb et affirment aux militaires qu&rsquo;elles ne \u00ab les visent pas eux, mais leur \u00e9tat-major qui les utilise pour rester sur son tr\u00f4ne, quitte \u00e0 mettre la stabilit\u00e9 du pays en p\u00e9ril \u00bb. Les habitants, eux, sont clo\u00eetr\u00e9s chez eux. \u00ab Comme tous les Soudanais, je reste \u00e0 l&rsquo;abri \u00bb, a tweet\u00e9 l&rsquo;ambassadeur am\u00e9ricain John Godfrey. \u00ab L&rsquo;escalade des tensions entre militaires jusqu&rsquo;\u00e0 l&rsquo;affrontement direct est extr\u00eamement dangereuse. J&rsquo;appelle les hauts commandants militaires \u00e0 cesser imm\u00e9diatement de se battre \u00bb, a-t-il encore \u00e9crit. L&rsquo;arm\u00e9e, en face, d\u00e9nonce des \u00ab mensonges \u00bb et accuse les FSR d&rsquo;avoir d\u00e9clench\u00e9 les hostilit\u00e9s: \u00ab les combats \u00bb ont commenc\u00e9 quand les FSR ont attaqu\u00e9 des bases de l&rsquo;arm\u00e9e \u00ab \u00e0 Khartoum et ailleurs au Soudan \u00bb, a affirm\u00e9 \u00e0 l&rsquo;AFP le porte-parole de l&rsquo;arm\u00e9e, le g\u00e9n\u00e9ral Nabil Abdallah. L&rsquo;arm\u00e9e, elle, \u00ab accomplit son devoir pour prot\u00e9ger la patrie \u00bb, a-t-il ajout\u00e9. C\u00f4t\u00e9 FSR, on raconte l&rsquo;inverse: elles disent avoir \u00e9t\u00e9 \u00ab\u00a0surprises au matin par l&rsquo;arriv\u00e9e d&rsquo;un important contingent de l&rsquo;arm\u00e9e qui a assi\u00e9g\u00e9 leur camp de Soba \u00bb, dans le sud de Khartoum, et les a \u00ab attaqu\u00e9es avec toutes sortes d&rsquo;armes lourdes et l\u00e9g\u00e8res \u00bb.<\/p>\n\n\n\n<p>Jeudi, l&rsquo;arm\u00e9e d\u00e9non\u00e7ait d\u00e9j\u00e0 un d\u00e9ploiement \u00ab dangereux \u00bb des paramilitaires \u00e0 Khartoum et dans d&rsquo;autres villes du Soudan \u00ab sans l&rsquo;approbation ni la moindre coordination avec le commandement des forces arm\u00e9es \u00bb. Elle tirait alors \u00ab la sonnette d&rsquo;alarme \u00bb face \u00e0 un d\u00e9veloppement \u00ab dangereux \u00bb. Car depuis des jours, alors que les civils et la communaut\u00e9 internationale devaient accepter un nouveau report de la signature d&rsquo;un accord politique cens\u00e9 sortir le pays de l&rsquo;impasse &#8211; \u00e0 cause des divergences entre les deux g\u00e9n\u00e9raux -, des vid\u00e9os ne cessaient de montrer l&rsquo;arriv\u00e9e de tr\u00e8s nombreux blind\u00e9s et d&rsquo;hommes dans diff\u00e9rentes villes, dont Khartoum. Les divergences portent essentiellement sur l&rsquo;avenir des paramilitaires: le retour \u00e0 la transition d\u00e9mocratique est suspendu \u00e0 leur int\u00e9gration au sein des troupes r\u00e9guli\u00e8res. Si l&rsquo;arm\u00e9e ne la refuse pas, elle veut malgr\u00e9 tout imposer ses conditions d&rsquo;admission et limiter dans le temps leur incorporation. Le g\u00e9n\u00e9ral Daglo, lui, r\u00e9clame une inclusion large et, surtout, sa place au sein de l&rsquo;\u00e9tat-major. C&rsquo;est ce diff\u00e9rend qui bloque toujours le retour \u00e0 la transition exig\u00e9e par la communaut\u00e9 internationale pour reprendre son aide au Soudan, l&rsquo;un des pays les plus pauvres au monde.<\/p>\n\n\n\n<p><strong>R.I. et agences<\/strong><\/p>\n","protected":false},"excerpt":{"rendered":"<p>Les paramilitaires au Soudan assurent avoir pris le contr\u00f4le hier de l&rsquo;a\u00e9roport international et du palais pr\u00e9sidentiel \u00e0 Khartoum, secou\u00e9e<\/p>\n","protected":false},"author":3,"featured_media":39506,"comment_status":"open","ping_status":"closed","sticky":false,"template":"","format":"standard","meta":{"colormag_page_container_layout":"default_layout","colormag_page_sidebar_layout":"default_layout","om_disable_all_campaigns":false,"_monsterinsights_skip_tracking":false,"_monsterinsights_sitenote_active":false,"_monsterinsights_sitenote_note":"","_monsterinsights_sitenote_category":0,"footnotes":"","_wpscppro_dont_share_socialmedia":false,"_wpscppro_custom_social_share_image":0,"_facebook_share_type":"","_twitter_share_type":"","_linkedin_share_type":"","_pinterest_share_type":"","_linkedin_share_type_page":"","_instagram_share_type":"","_medium_share_type":"","_threads_share_type":"","_google_business_share_type":"","_selected_social_profile":[],"_wpsp_enable_custom_social_template":false,"_wpsp_social_scheduling":{"enabled":false,"datetime":null,"platforms":[],"status":"template_only","dateOption":"today","timeOption":"now","customDays":"","customHours":"","customDate":"","customTime":"","schedulingType":"absolute"},"_wpsp_active_default_template":true},"categories":[52,37],"tags":[],"class_list":["post-39502","post","type-post","status-publish","format-standard","has-post-thumbnail","hentry","category-a-la-une","category-monde"],"aioseo_notices":[],"yoast_head":"<!-- This site is optimized with the Yoast SEO plugin v27.5 - https:\/\/yoast.com\/product\/yoast-seo-wordpress\/ -->\n<title>Combats \u00e0 Khartoum sur fond de rivalit\u00e9 entre g\u00e9n\u00e9raux\u00a0: Le Soudan s\u2019enfonce dans la crise - La Sentinelle<\/title>\n<meta name=\"robots\" content=\"index, follow, max-snippet:-1, max-image-preview:large, max-video-preview:-1\" \/>\n<link rel=\"canonical\" href=\"https:\/\/lasentinelle.dz\/index.php\/2023\/04\/15\/combats-a-khartoum-sur-fond-de-rivalite-entre-generaux-le-soudan-senfonce-dans-la-crise\/\" \/>\n<meta property=\"og:locale\" content=\"fr_FR\" \/>\n<meta property=\"og:type\" content=\"article\" \/>\n<meta property=\"og:title\" content=\"Combats \u00e0 Khartoum sur fond de rivalit\u00e9 entre g\u00e9n\u00e9raux\u00a0: Le Soudan s\u2019enfonce dans la crise - La Sentinelle\" \/>\n<meta property=\"og:description\" content=\"Les paramilitaires au Soudan assurent avoir pris le contr\u00f4le hier de l&rsquo;a\u00e9roport international et du palais pr\u00e9sidentiel \u00e0 Khartoum, secou\u00e9e\" \/>\n<meta property=\"og:url\" content=\"https:\/\/lasentinelle.dz\/index.php\/2023\/04\/15\/combats-a-khartoum-sur-fond-de-rivalite-entre-generaux-le-soudan-senfonce-dans-la-crise\/\" \/>\n<meta property=\"og:site_name\" content=\"La Sentinelle\" \/>\n<meta property=\"article:publisher\" content=\"https:\/\/www.facebook.com\/La-Sentinelle-104059864394773\" \/>\n<meta property=\"article:published_time\" content=\"2023-04-15T21:08:00+00:00\" \/>\n<meta property=\"og:image\" content=\"https:\/\/lasentinelle.dz\/wp-content\/uploads\/2023\/04\/soudan.png\" \/>\n\t<meta property=\"og:image:width\" content=\"1598\" \/>\n\t<meta property=\"og:image:height\" content=\"900\" \/>\n\t<meta property=\"og:image:type\" content=\"image\/png\" \/>\n<meta name=\"author\" content=\"La Sentinelle\" \/>\n<meta name=\"twitter:card\" content=\"summary_large_image\" \/>\n<meta name=\"twitter:label1\" content=\"\u00c9crit par\" \/>\n\t<meta name=\"twitter:data1\" content=\"La Sentinelle\" \/>\n\t<meta name=\"twitter:label2\" content=\"Dur\u00e9e de lecture estim\u00e9e\" \/>\n\t<meta name=\"twitter:data2\" content=\"4 minutes\" \/>\n<script type=\"application\/ld+json\" class=\"yoast-schema-graph\">{\"@context\":\"https:\\\/\\\/schema.org\",\"@graph\":[{\"@type\":\"Article\",\"@id\":\"https:\\\/\\\/lasentinelle.dz\\\/index.php\\\/2023\\\/04\\\/15\\\/combats-a-khartoum-sur-fond-de-rivalite-entre-generaux-le-soudan-senfonce-dans-la-crise\\\/#article\",\"isPartOf\":{\"@id\":\"https:\\\/\\\/lasentinelle.dz\\\/index.php\\\/2023\\\/04\\\/15\\\/combats-a-khartoum-sur-fond-de-rivalite-entre-generaux-le-soudan-senfonce-dans-la-crise\\\/\"},\"author\":{\"name\":\"La Sentinelle\",\"@id\":\"https:\\\/\\\/lasentinelle.dz\\\/#\\\/schema\\\/person\\\/d865044e22e70a75174ce8bcad3acfb3\"},\"headline\":\"Combats \u00e0 Khartoum sur fond de rivalit\u00e9 entre g\u00e9n\u00e9raux\u00a0: Le Soudan s\u2019enfonce dans la crise\",\"datePublished\":\"2023-04-15T21:08:00+00:00\",\"mainEntityOfPage\":{\"@id\":\"https:\\\/\\\/lasentinelle.dz\\\/index.php\\\/2023\\\/04\\\/15\\\/combats-a-khartoum-sur-fond-de-rivalite-entre-generaux-le-soudan-senfonce-dans-la-crise\\\/\"},\"wordCount\":781,\"commentCount\":0,\"publisher\":{\"@id\":\"https:\\\/\\\/lasentinelle.dz\\\/#organization\"},\"image\":{\"@id\":\"https:\\\/\\\/lasentinelle.dz\\\/index.php\\\/2023\\\/04\\\/15\\\/combats-a-khartoum-sur-fond-de-rivalite-entre-generaux-le-soudan-senfonce-dans-la-crise\\\/#primaryimage\"},\"thumbnailUrl\":\"https:\\\/\\\/lasentinelle.dz\\\/wp-content\\\/uploads\\\/2023\\\/04\\\/soudan.png\",\"articleSection\":[\"\u00c0 la Une\",\"Monde\"],\"inLanguage\":\"fr-FR\",\"potentialAction\":[{\"@type\":\"CommentAction\",\"name\":\"Comment\",\"target\":[\"https:\\\/\\\/lasentinelle.dz\\\/index.php\\\/2023\\\/04\\\/15\\\/combats-a-khartoum-sur-fond-de-rivalite-entre-generaux-le-soudan-senfonce-dans-la-crise\\\/#respond\"]}]},{\"@type\":\"WebPage\",\"@id\":\"https:\\\/\\\/lasentinelle.dz\\\/index.php\\\/2023\\\/04\\\/15\\\/combats-a-khartoum-sur-fond-de-rivalite-entre-generaux-le-soudan-senfonce-dans-la-crise\\\/\",\"url\":\"https:\\\/\\\/lasentinelle.dz\\\/index.php\\\/2023\\\/04\\\/15\\\/combats-a-khartoum-sur-fond-de-rivalite-entre-generaux-le-soudan-senfonce-dans-la-crise\\\/\",\"name\":\"Combats \u00e0 Khartoum sur fond de rivalit\u00e9 entre g\u00e9n\u00e9raux\u00a0: Le Soudan s\u2019enfonce dans la crise - La Sentinelle\",\"isPartOf\":{\"@id\":\"https:\\\/\\\/lasentinelle.dz\\\/#website\"},\"primaryImageOfPage\":{\"@id\":\"https:\\\/\\\/lasentinelle.dz\\\/index.php\\\/2023\\\/04\\\/15\\\/combats-a-khartoum-sur-fond-de-rivalite-entre-generaux-le-soudan-senfonce-dans-la-crise\\\/#primaryimage\"},\"image\":{\"@id\":\"https:\\\/\\\/lasentinelle.dz\\\/index.php\\\/2023\\\/04\\\/15\\\/combats-a-khartoum-sur-fond-de-rivalite-entre-generaux-le-soudan-senfonce-dans-la-crise\\\/#primaryimage\"},\"thumbnailUrl\":\"https:\\\/\\\/lasentinelle.dz\\\/wp-content\\\/uploads\\\/2023\\\/04\\\/soudan.png\",\"datePublished\":\"2023-04-15T21:08:00+00:00\",\"breadcrumb\":{\"@id\":\"https:\\\/\\\/lasentinelle.dz\\\/index.php\\\/2023\\\/04\\\/15\\\/combats-a-khartoum-sur-fond-de-rivalite-entre-generaux-le-soudan-senfonce-dans-la-crise\\\/#breadcrumb\"},\"inLanguage\":\"fr-FR\",\"potentialAction\":[{\"@type\":\"ReadAction\",\"target\":[\"https:\\\/\\\/lasentinelle.dz\\\/index.php\\\/2023\\\/04\\\/15\\\/combats-a-khartoum-sur-fond-de-rivalite-entre-generaux-le-soudan-senfonce-dans-la-crise\\\/\"]}]},{\"@type\":\"ImageObject\",\"inLanguage\":\"fr-FR\",\"@id\":\"https:\\\/\\\/lasentinelle.dz\\\/index.php\\\/2023\\\/04\\\/15\\\/combats-a-khartoum-sur-fond-de-rivalite-entre-generaux-le-soudan-senfonce-dans-la-crise\\\/#primaryimage\",\"url\":\"https:\\\/\\\/lasentinelle.dz\\\/wp-content\\\/uploads\\\/2023\\\/04\\\/soudan.png\",\"contentUrl\":\"https:\\\/\\\/lasentinelle.dz\\\/wp-content\\\/uploads\\\/2023\\\/04\\\/soudan.png\",\"width\":1598,\"height\":900},{\"@type\":\"BreadcrumbList\",\"@id\":\"https:\\\/\\\/lasentinelle.dz\\\/index.php\\\/2023\\\/04\\\/15\\\/combats-a-khartoum-sur-fond-de-rivalite-entre-generaux-le-soudan-senfonce-dans-la-crise\\\/#breadcrumb\",\"itemListElement\":[{\"@type\":\"ListItem\",\"position\":1,\"name\":\"Accueil\",\"item\":\"https:\\\/\\\/lasentinelle.dz\\\/\"},{\"@type\":\"ListItem\",\"position\":2,\"name\":\"Combats \u00e0 Khartoum sur fond de rivalit\u00e9 entre g\u00e9n\u00e9raux\u00a0: Le Soudan s\u2019enfonce dans la crise\"}]},{\"@type\":\"WebSite\",\"@id\":\"https:\\\/\\\/lasentinelle.dz\\\/#website\",\"url\":\"https:\\\/\\\/lasentinelle.dz\\\/\",\"name\":\"La Sentinelle\",\"description\":\"Quotidien national d&#039;information\",\"publisher\":{\"@id\":\"https:\\\/\\\/lasentinelle.dz\\\/#organization\"},\"potentialAction\":[{\"@type\":\"SearchAction\",\"target\":{\"@type\":\"EntryPoint\",\"urlTemplate\":\"https:\\\/\\\/lasentinelle.dz\\\/?s={search_term_string}\"},\"query-input\":{\"@type\":\"PropertyValueSpecification\",\"valueRequired\":true,\"valueName\":\"search_term_string\"}}],\"inLanguage\":\"fr-FR\"},{\"@type\":\"Organization\",\"@id\":\"https:\\\/\\\/lasentinelle.dz\\\/#organization\",\"name\":\"Quotidien La Sentinelle\",\"url\":\"https:\\\/\\\/lasentinelle.dz\\\/\",\"logo\":{\"@type\":\"ImageObject\",\"inLanguage\":\"fr-FR\",\"@id\":\"https:\\\/\\\/lasentinelle.dz\\\/#\\\/schema\\\/logo\\\/image\\\/\",\"url\":\"https:\\\/\\\/lasentinelle.dz\\\/wp-content\\\/uploads\\\/2021\\\/09\\\/logo-sentinelleSLOGAN-1.png\",\"contentUrl\":\"https:\\\/\\\/lasentinelle.dz\\\/wp-content\\\/uploads\\\/2021\\\/09\\\/logo-sentinelleSLOGAN-1.png\",\"width\":615,\"height\":142,\"caption\":\"Quotidien La Sentinelle\"},\"image\":{\"@id\":\"https:\\\/\\\/lasentinelle.dz\\\/#\\\/schema\\\/logo\\\/image\\\/\"},\"sameAs\":[\"https:\\\/\\\/www.facebook.com\\\/La-Sentinelle-104059864394773\"]},{\"@type\":\"Person\",\"@id\":\"https:\\\/\\\/lasentinelle.dz\\\/#\\\/schema\\\/person\\\/d865044e22e70a75174ce8bcad3acfb3\",\"name\":\"La Sentinelle\",\"image\":{\"@type\":\"ImageObject\",\"inLanguage\":\"fr-FR\",\"@id\":\"https:\\\/\\\/secure.gravatar.com\\\/avatar\\\/57de8e5d4b15d43fb361a71fbb36338450fe67865b528a43dd10ef7c51a20392?s=96&d=mm&r=g\",\"url\":\"https:\\\/\\\/secure.gravatar.com\\\/avatar\\\/57de8e5d4b15d43fb361a71fbb36338450fe67865b528a43dd10ef7c51a20392?s=96&d=mm&r=g\",\"contentUrl\":\"https:\\\/\\\/secure.gravatar.com\\\/avatar\\\/57de8e5d4b15d43fb361a71fbb36338450fe67865b528a43dd10ef7c51a20392?s=96&d=mm&r=g\",\"caption\":\"La Sentinelle\"},\"sameAs\":[\"http:\\\/\\\/www.lasentinelle.dz\"],\"url\":\"https:\\\/\\\/lasentinelle.dz\\\/author\\\/redaction\\\/\"}]}<\/script>\n<!-- \/ Yoast SEO plugin. -->","yoast_head_json":{"title":"Combats \u00e0 Khartoum sur fond de rivalit\u00e9 entre g\u00e9n\u00e9raux\u00a0: Le Soudan s\u2019enfonce dans la crise - La Sentinelle","robots":{"index":"index","follow":"follow","max-snippet":"max-snippet:-1","max-image-preview":"max-image-preview:large","max-video-preview":"max-video-preview:-1"},"canonical":"https:\/\/lasentinelle.dz\/index.php\/2023\/04\/15\/combats-a-khartoum-sur-fond-de-rivalite-entre-generaux-le-soudan-senfonce-dans-la-crise\/","og_locale":"fr_FR","og_type":"article","og_title":"Combats \u00e0 Khartoum sur fond de rivalit\u00e9 entre g\u00e9n\u00e9raux\u00a0: Le Soudan s\u2019enfonce dans la crise - La Sentinelle","og_description":"Les paramilitaires au Soudan assurent avoir pris le contr\u00f4le hier de l&rsquo;a\u00e9roport international et du palais pr\u00e9sidentiel \u00e0 Khartoum, secou\u00e9e","og_url":"https:\/\/lasentinelle.dz\/index.php\/2023\/04\/15\/combats-a-khartoum-sur-fond-de-rivalite-entre-generaux-le-soudan-senfonce-dans-la-crise\/","og_site_name":"La Sentinelle","article_publisher":"https:\/\/www.facebook.com\/La-Sentinelle-104059864394773","article_published_time":"2023-04-15T21:08:00+00:00","og_image":[{"width":1598,"height":900,"url":"https:\/\/lasentinelle.dz\/wp-content\/uploads\/2023\/04\/soudan.png","type":"image\/png"}],"author":"La Sentinelle","twitter_card":"summary_large_image","twitter_misc":{"\u00c9crit par":"La Sentinelle","Dur\u00e9e de lecture estim\u00e9e":"4 minutes"},"schema":{"@context":"https:\/\/schema.org","@graph":[{"@type":"Article","@id":"https:\/\/lasentinelle.dz\/index.php\/2023\/04\/15\/combats-a-khartoum-sur-fond-de-rivalite-entre-generaux-le-soudan-senfonce-dans-la-crise\/#article","isPartOf":{"@id":"https:\/\/lasentinelle.dz\/index.php\/2023\/04\/15\/combats-a-khartoum-sur-fond-de-rivalite-entre-generaux-le-soudan-senfonce-dans-la-crise\/"},"author":{"name":"La Sentinelle","@id":"https:\/\/lasentinelle.dz\/#\/schema\/person\/d865044e22e70a75174ce8bcad3acfb3"},"headline":"Combats \u00e0 Khartoum sur fond de rivalit\u00e9 entre g\u00e9n\u00e9raux\u00a0: Le Soudan s\u2019enfonce dans la crise","datePublished":"2023-04-15T21:08:00+00:00","mainEntityOfPage":{"@id":"https:\/\/lasentinelle.dz\/index.php\/2023\/04\/15\/combats-a-khartoum-sur-fond-de-rivalite-entre-generaux-le-soudan-senfonce-dans-la-crise\/"},"wordCount":781,"commentCount":0,"publisher":{"@id":"https:\/\/lasentinelle.dz\/#organization"},"image":{"@id":"https:\/\/lasentinelle.dz\/index.php\/2023\/04\/15\/combats-a-khartoum-sur-fond-de-rivalite-entre-generaux-le-soudan-senfonce-dans-la-crise\/#primaryimage"},"thumbnailUrl":"https:\/\/lasentinelle.dz\/wp-content\/uploads\/2023\/04\/soudan.png","articleSection":["\u00c0 la Une","Monde"],"inLanguage":"fr-FR","potentialAction":[{"@type":"CommentAction","name":"Comment","target":["https:\/\/lasentinelle.dz\/index.php\/2023\/04\/15\/combats-a-khartoum-sur-fond-de-rivalite-entre-generaux-le-soudan-senfonce-dans-la-crise\/#respond"]}]},{"@type":"WebPage","@id":"https:\/\/lasentinelle.dz\/index.php\/2023\/04\/15\/combats-a-khartoum-sur-fond-de-rivalite-entre-generaux-le-soudan-senfonce-dans-la-crise\/","url":"https:\/\/lasentinelle.dz\/index.php\/2023\/04\/15\/combats-a-khartoum-sur-fond-de-rivalite-entre-generaux-le-soudan-senfonce-dans-la-crise\/","name":"Combats \u00e0 Khartoum sur fond de rivalit\u00e9 entre g\u00e9n\u00e9raux\u00a0: Le Soudan s\u2019enfonce dans la crise - La Sentinelle","isPartOf":{"@id":"https:\/\/lasentinelle.dz\/#website"},"primaryImageOfPage":{"@id":"https:\/\/lasentinelle.dz\/index.php\/2023\/04\/15\/combats-a-khartoum-sur-fond-de-rivalite-entre-generaux-le-soudan-senfonce-dans-la-crise\/#primaryimage"},"image":{"@id":"https:\/\/lasentinelle.dz\/index.php\/2023\/04\/15\/combats-a-khartoum-sur-fond-de-rivalite-entre-generaux-le-soudan-senfonce-dans-la-crise\/#primaryimage"},"thumbnailUrl":"https:\/\/lasentinelle.dz\/wp-content\/uploads\/2023\/04\/soudan.png","datePublished":"2023-04-15T21:08:00+00:00","breadcrumb":{"@id":"https:\/\/lasentinelle.dz\/index.php\/2023\/04\/15\/combats-a-khartoum-sur-fond-de-rivalite-entre-generaux-le-soudan-senfonce-dans-la-crise\/#breadcrumb"},"inLanguage":"fr-FR","potentialAction":[{"@type":"ReadAction","target":["https:\/\/lasentinelle.dz\/index.php\/2023\/04\/15\/combats-a-khartoum-sur-fond-de-rivalite-entre-generaux-le-soudan-senfonce-dans-la-crise\/"]}]},{"@type":"ImageObject","inLanguage":"fr-FR","@id":"https:\/\/lasentinelle.dz\/index.php\/2023\/04\/15\/combats-a-khartoum-sur-fond-de-rivalite-entre-generaux-le-soudan-senfonce-dans-la-crise\/#primaryimage","url":"https:\/\/lasentinelle.dz\/wp-content\/uploads\/2023\/04\/soudan.png","contentUrl":"https:\/\/lasentinelle.dz\/wp-content\/uploads\/2023\/04\/soudan.png","width":1598,"height":900},{"@type":"BreadcrumbList","@id":"https:\/\/lasentinelle.dz\/index.php\/2023\/04\/15\/combats-a-khartoum-sur-fond-de-rivalite-entre-generaux-le-soudan-senfonce-dans-la-crise\/#breadcrumb","itemListElement":[{"@type":"ListItem","position":1,"name":"Accueil","item":"https:\/\/lasentinelle.dz\/"},{"@type":"ListItem","position":2,"name":"Combats \u00e0 Khartoum sur fond de rivalit\u00e9 entre g\u00e9n\u00e9raux\u00a0: Le Soudan s\u2019enfonce dans la crise"}]},{"@type":"WebSite","@id":"https:\/\/lasentinelle.dz\/#website","url":"https:\/\/lasentinelle.dz\/","name":"La Sentinelle","description":"Quotidien national d&#039;information","publisher":{"@id":"https:\/\/lasentinelle.dz\/#organization"},"potentialAction":[{"@type":"SearchAction","target":{"@type":"EntryPoint","urlTemplate":"https:\/\/lasentinelle.dz\/?s={search_term_string}"},"query-input":{"@type":"PropertyValueSpecification","valueRequired":true,"valueName":"search_term_string"}}],"inLanguage":"fr-FR"},{"@type":"Organization","@id":"https:\/\/lasentinelle.dz\/#organization","name":"Quotidien La Sentinelle","url":"https:\/\/lasentinelle.dz\/","logo":{"@type":"ImageObject","inLanguage":"fr-FR","@id":"https:\/\/lasentinelle.dz\/#\/schema\/logo\/image\/","url":"https:\/\/lasentinelle.dz\/wp-content\/uploads\/2021\/09\/logo-sentinelleSLOGAN-1.png","contentUrl":"https:\/\/lasentinelle.dz\/wp-content\/uploads\/2021\/09\/logo-sentinelleSLOGAN-1.png","width":615,"height":142,"caption":"Quotidien La Sentinelle"},"image":{"@id":"https:\/\/lasentinelle.dz\/#\/schema\/logo\/image\/"},"sameAs":["https:\/\/www.facebook.com\/La-Sentinelle-104059864394773"]},{"@type":"Person","@id":"https:\/\/lasentinelle.dz\/#\/schema\/person\/d865044e22e70a75174ce8bcad3acfb3","name":"La Sentinelle","image":{"@type":"ImageObject","inLanguage":"fr-FR","@id":"https:\/\/secure.gravatar.com\/avatar\/57de8e5d4b15d43fb361a71fbb36338450fe67865b528a43dd10ef7c51a20392?s=96&d=mm&r=g","url":"https:\/\/secure.gravatar.com\/avatar\/57de8e5d4b15d43fb361a71fbb36338450fe67865b528a43dd10ef7c51a20392?s=96&d=mm&r=g","contentUrl":"https:\/\/secure.gravatar.com\/avatar\/57de8e5d4b15d43fb361a71fbb36338450fe67865b528a43dd10ef7c51a20392?s=96&d=mm&r=g","caption":"La Sentinelle"},"sameAs":["http:\/\/www.lasentinelle.dz"],"url":"https:\/\/lasentinelle.dz\/author\/redaction\/"}]}},"_links":{"self":[{"href":"https:\/\/lasentinelle.dz\/index.php\/wp-json\/wp\/v2\/posts\/39502","targetHints":{"allow":["GET"]}}],"collection":[{"href":"https:\/\/lasentinelle.dz\/index.php\/wp-json\/wp\/v2\/posts"}],"about":[{"href":"https:\/\/lasentinelle.dz\/index.php\/wp-json\/wp\/v2\/types\/post"}],"author":[{"embeddable":true,"href":"https:\/\/lasentinelle.dz\/index.php\/wp-json\/wp\/v2\/users\/3"}],"replies":[{"embeddable":true,"href":"https:\/\/lasentinelle.dz\/index.php\/wp-json\/wp\/v2\/comments?post=39502"}],"version-history":[{"count":2,"href":"https:\/\/lasentinelle.dz\/index.php\/wp-json\/wp\/v2\/posts\/39502\/revisions"}],"predecessor-version":[{"id":39545,"href":"https:\/\/lasentinelle.dz\/index.php\/wp-json\/wp\/v2\/posts\/39502\/revisions\/39545"}],"wp:featuredmedia":[{"embeddable":true,"href":"https:\/\/lasentinelle.dz\/index.php\/wp-json\/wp\/v2\/media\/39506"}],"wp:attachment":[{"href":"https:\/\/lasentinelle.dz\/index.php\/wp-json\/wp\/v2\/media?parent=39502"}],"wp:term":[{"taxonomy":"category","embeddable":true,"href":"https:\/\/lasentinelle.dz\/index.php\/wp-json\/wp\/v2\/categories?post=39502"},{"taxonomy":"post_tag","embeddable":true,"href":"https:\/\/lasentinelle.dz\/index.php\/wp-json\/wp\/v2\/tags?post=39502"}],"curies":[{"name":"wp","href":"https:\/\/api.w.org\/{rel}","templated":true}]}}