{"id":39534,"date":"2023-04-15T22:15:00","date_gmt":"2023-04-15T21:15:00","guid":{"rendered":"https:\/\/lasentinelle.dz\/?p=39534"},"modified":"2023-04-15T21:05:21","modified_gmt":"2023-04-15T20:05:21","slug":"message-du-president-tebboune-a-loccasion-de-la-journee-du-savoir-rester-a-lecoute-des-enseignants","status":"publish","type":"post","link":"https:\/\/lasentinelle.dz\/index.php\/2023\/04\/15\/message-du-president-tebboune-a-loccasion-de-la-journee-du-savoir-rester-a-lecoute-des-enseignants\/","title":{"rendered":"Message du Pr\u00e9sident Tebboune \u00e0 l\u2019occasion de la Journ\u00e9e du Savoir\u00a0: Rester \u00e0 l\u2019\u00e9coute des enseignants"},"content":{"rendered":"\n<p>Le pr\u00e9sident de la R\u00e9publique, Abdelmadjid Tebboune, a soulign\u00e9 hier dans un message adress\u00e9 \u00e0 l\u2019occasion de la c\u00e9l\u00e9bration de la Journ\u00e9e du savoir, les efforts consentis par l\u2019\u00c9tat et les acquis en mati\u00e8re de formation et d\u2019enseignement. Ila \u00e9galement en avant les d\u00e9fis qui restent \u00e0 relever dans le monde d\u2019aujourd\u2019hui, soulignant la n\u00e9cessit\u00e9 de rester \u00e0 l\u2019\u00e9coute des enseignants et des \u00e9ducateurs.<\/p>\n\n\n\n<p>Le pr\u00e9sident Tebboune &nbsp;a r\u00e9it\u00e9r\u00e9 dans ce sillage, \u00ab\u00a0l&rsquo;attachement \u00e0 r\u00e9unir toutes les conditions de r\u00e9ussite aux millions d&rsquo;\u00e9l\u00e8ves des trois cycles de l&rsquo;enseignement (plus de 11 millions), aux \u00e9tudiantes et \u00e9tudiants (1.700.000 \u00e9tudiants) et aux apprenants des centres de l&rsquo;enseignement et de la formation professionnels (plus de 500.000)\u00a0\u00bb, et ce afin de r\u00e9ussir \u00e0 relever \u00ab\u00a0le d\u00e9fi avec ce nombre croissant de nos enfants pour op\u00e9rer le changement avec cette g\u00e9n\u00e9ration prometteuse ouverte sur le monde, vers l&rsquo;avenir esp\u00e9r\u00e9\u00a0\u00bb. \u00ab\u00a0Nous nous sommes attel\u00e9s, en ce sens, \u00e0 appuyer la scolarisation, par les bourses, la restauration, le transport et la sant\u00e9 scolaire\u00a0\u00bb, a-t-il ajout\u00e9. Des efforts et des avanc\u00e9es aussi palpables dans le secteur de l&rsquo;enseignement sup\u00e9rieur et la recherche scientifique. Dans ce sens, le pr\u00e9sident de la R\u00e9publique a rappel\u00e9 l&rsquo;augmentation \u00ab\u00a0des affectations financi\u00e8res allou\u00e9es\u00a0\u00bb \u00e0 ce secteur, insistant sur l&rsquo;imp\u00e9ratif d&rsquo;\u00e9laborer un cadre l\u00e9gislatif ambitieux et stimulant pour la recherche scientifique, l&rsquo;innovation et la cr\u00e9ation de startup, outre la cr\u00e9ation d&rsquo;universit\u00e9s, d&rsquo;\u00e9coles sup\u00e9rieures et de p\u00f4les d&rsquo;excellence des sciences exactes et de technologie\u00a0\u00bb.<\/p>\n\n\n\n<p>Le pr\u00e9sident de la R\u00e9publique qui a tenu \u00e0 l\u2019occasion a salu\u00e9 le r\u00f4le jou\u00e9 par les enseignants, a soulign\u00e9 la n\u00e9cessit\u00e9 d\u2019\u00eatre \u00e0 leur \u00e9coute. \u00ab&nbsp;Je ne cesse de r\u00e9exprimer mon estime au message des enseignants et \u00e9ducateurs et je recommande d&rsquo;\u00eatre \u00e0 leur \u00e9coute car ils ont pour devoir d&rsquo;inculquer \u00e0 la jeunesse l&rsquo;esprit de citoyennet\u00e9 et de patriotisme&nbsp;\u00bb, souligne le message. Le Pr\u00e9sident Tebboune a enfin r\u00e9it\u00e9r\u00e9 son appr\u00e9ciation des efforts des enseignants, des professeurs et des \u00e9ducateurs, tout en adressant, par l\u00e0 m\u00eame, ses salutations et l&rsquo;expression de sa haute consid\u00e9ration \u00ab\u00a0aux Cheikhs et Imams des zaou\u00efas \u00e0 travers l&rsquo;ensemble du territoire national qui suivent la voie de leurs valeureux pr\u00e9d\u00e9cesseurs, en pr\u00f4nant notre r\u00e9f\u00e9rent national religieux mod\u00e9r\u00e9\u00a0\u00bb.<\/p>\n\n\n\n<p><strong>Chokri Hafed<\/strong><\/p>\n","protected":false},"excerpt":{"rendered":"<p>Le pr\u00e9sident de la R\u00e9publique, Abdelmadjid Tebboune, a soulign\u00e9 hier dans un message adress\u00e9 \u00e0 l\u2019occasion de la c\u00e9l\u00e9bration de<\/p>\n","protected":false},"author":3,"featured_media":39535,"comment_status":"open","ping_status":"closed","sticky":false,"template":"","format":"standard","meta":{"colormag_page_container_layout":"default_layout","colormag_page_sidebar_layout":"default_layout","om_disable_all_campaigns":false,"_monsterinsights_skip_tracking":false,"_monsterinsights_sitenote_active":false,"_monsterinsights_sitenote_note":"","_monsterinsights_sitenote_category":0,"footnotes":"","_wpscppro_dont_share_socialmedia":false,"_wpscppro_custom_social_share_image":0,"_facebook_share_type":"","_twitter_share_type":"","_linkedin_share_type":"","_pinterest_share_type":"","_linkedin_share_type_page":"","_instagram_share_type":"","_medium_share_type":"","_threads_share_type":"","_google_business_share_type":"","_selected_social_profile":[],"_wpsp_enable_custom_social_template":false,"_wpsp_social_scheduling":{"enabled":false,"datetime":null,"platforms":[],"status":"template_only","dateOption":"today","timeOption":"now","customDays":"","customHours":"","customDate":"","customTime":"","schedulingType":"absolute"},"_wpsp_active_default_template":true},"categories":[52,27],"tags":[],"class_list":["post-39534","post","type-post","status-publish","format-standard","has-post-thumbnail","hentry","category-a-la-une","category-actualite"],"aioseo_notices":[],"yoast_head":"<!-- This site is optimized with the Yoast SEO plugin v27.4 - https:\/\/yoast.com\/product\/yoast-seo-wordpress\/ -->\n<title>Message du Pr\u00e9sident Tebboune \u00e0 l\u2019occasion de la Journ\u00e9e du Savoir\u00a0: Rester \u00e0 l\u2019\u00e9coute des enseignants - La Sentinelle<\/title>\n<meta name=\"robots\" content=\"index, follow, max-snippet:-1, max-image-preview:large, max-video-preview:-1\" \/>\n<link rel=\"canonical\" href=\"https:\/\/lasentinelle.dz\/index.php\/2023\/04\/15\/message-du-president-tebboune-a-loccasion-de-la-journee-du-savoir-rester-a-lecoute-des-enseignants\/\" \/>\n<meta property=\"og:locale\" content=\"fr_FR\" \/>\n<meta property=\"og:type\" content=\"article\" \/>\n<meta property=\"og:title\" content=\"Message du Pr\u00e9sident Tebboune \u00e0 l\u2019occasion de la Journ\u00e9e du Savoir\u00a0: Rester \u00e0 l\u2019\u00e9coute des enseignants - La Sentinelle\" \/>\n<meta property=\"og:description\" content=\"Le pr\u00e9sident de la R\u00e9publique, Abdelmadjid Tebboune, a soulign\u00e9 hier dans un message adress\u00e9 \u00e0 l\u2019occasion de la c\u00e9l\u00e9bration de\" \/>\n<meta property=\"og:url\" content=\"https:\/\/lasentinelle.dz\/index.php\/2023\/04\/15\/message-du-president-tebboune-a-loccasion-de-la-journee-du-savoir-rester-a-lecoute-des-enseignants\/\" \/>\n<meta property=\"og:site_name\" content=\"La Sentinelle\" \/>\n<meta property=\"article:publisher\" content=\"https:\/\/www.facebook.com\/La-Sentinelle-104059864394773\" \/>\n<meta property=\"article:published_time\" content=\"2023-04-15T21:15:00+00:00\" \/>\n<meta property=\"og:image\" content=\"https:\/\/lasentinelle.dz\/wp-content\/uploads\/2023\/04\/tebboune.png\" \/>\n\t<meta property=\"og:image:width\" content=\"1600\" \/>\n\t<meta property=\"og:image:height\" content=\"900\" \/>\n\t<meta property=\"og:image:type\" content=\"image\/png\" \/>\n<meta name=\"author\" content=\"La Sentinelle\" \/>\n<meta name=\"twitter:card\" content=\"summary_large_image\" \/>\n<meta name=\"twitter:label1\" content=\"\u00c9crit par\" \/>\n\t<meta name=\"twitter:data1\" content=\"La Sentinelle\" \/>\n\t<meta name=\"twitter:label2\" content=\"Dur\u00e9e de lecture estim\u00e9e\" \/>\n\t<meta name=\"twitter:data2\" content=\"2 minutes\" \/>\n<script type=\"application\/ld+json\" class=\"yoast-schema-graph\">{\"@context\":\"https:\\\/\\\/schema.org\",\"@graph\":[{\"@type\":\"Article\",\"@id\":\"https:\\\/\\\/lasentinelle.dz\\\/index.php\\\/2023\\\/04\\\/15\\\/message-du-president-tebboune-a-loccasion-de-la-journee-du-savoir-rester-a-lecoute-des-enseignants\\\/#article\",\"isPartOf\":{\"@id\":\"https:\\\/\\\/lasentinelle.dz\\\/index.php\\\/2023\\\/04\\\/15\\\/message-du-president-tebboune-a-loccasion-de-la-journee-du-savoir-rester-a-lecoute-des-enseignants\\\/\"},\"author\":{\"name\":\"La Sentinelle\",\"@id\":\"https:\\\/\\\/lasentinelle.dz\\\/#\\\/schema\\\/person\\\/d865044e22e70a75174ce8bcad3acfb3\"},\"headline\":\"Message du Pr\u00e9sident Tebboune \u00e0 l\u2019occasion de la Journ\u00e9e du Savoir\u00a0: Rester \u00e0 l\u2019\u00e9coute des enseignants\",\"datePublished\":\"2023-04-15T21:15:00+00:00\",\"mainEntityOfPage\":{\"@id\":\"https:\\\/\\\/lasentinelle.dz\\\/index.php\\\/2023\\\/04\\\/15\\\/message-du-president-tebboune-a-loccasion-de-la-journee-du-savoir-rester-a-lecoute-des-enseignants\\\/\"},\"wordCount\":447,\"commentCount\":0,\"publisher\":{\"@id\":\"https:\\\/\\\/lasentinelle.dz\\\/#organization\"},\"image\":{\"@id\":\"https:\\\/\\\/lasentinelle.dz\\\/index.php\\\/2023\\\/04\\\/15\\\/message-du-president-tebboune-a-loccasion-de-la-journee-du-savoir-rester-a-lecoute-des-enseignants\\\/#primaryimage\"},\"thumbnailUrl\":\"https:\\\/\\\/lasentinelle.dz\\\/wp-content\\\/uploads\\\/2023\\\/04\\\/tebboune.png\",\"articleSection\":[\"\u00c0 la Une\",\"Actualit\u00e9\"],\"inLanguage\":\"fr-FR\",\"potentialAction\":[{\"@type\":\"CommentAction\",\"name\":\"Comment\",\"target\":[\"https:\\\/\\\/lasentinelle.dz\\\/index.php\\\/2023\\\/04\\\/15\\\/message-du-president-tebboune-a-loccasion-de-la-journee-du-savoir-rester-a-lecoute-des-enseignants\\\/#respond\"]}]},{\"@type\":\"WebPage\",\"@id\":\"https:\\\/\\\/lasentinelle.dz\\\/index.php\\\/2023\\\/04\\\/15\\\/message-du-president-tebboune-a-loccasion-de-la-journee-du-savoir-rester-a-lecoute-des-enseignants\\\/\",\"url\":\"https:\\\/\\\/lasentinelle.dz\\\/index.php\\\/2023\\\/04\\\/15\\\/message-du-president-tebboune-a-loccasion-de-la-journee-du-savoir-rester-a-lecoute-des-enseignants\\\/\",\"name\":\"Message du Pr\u00e9sident Tebboune \u00e0 l\u2019occasion de la Journ\u00e9e du Savoir\u00a0: Rester \u00e0 l\u2019\u00e9coute des enseignants - La Sentinelle\",\"isPartOf\":{\"@id\":\"https:\\\/\\\/lasentinelle.dz\\\/#website\"},\"primaryImageOfPage\":{\"@id\":\"https:\\\/\\\/lasentinelle.dz\\\/index.php\\\/2023\\\/04\\\/15\\\/message-du-president-tebboune-a-loccasion-de-la-journee-du-savoir-rester-a-lecoute-des-enseignants\\\/#primaryimage\"},\"image\":{\"@id\":\"https:\\\/\\\/lasentinelle.dz\\\/index.php\\\/2023\\\/04\\\/15\\\/message-du-president-tebboune-a-loccasion-de-la-journee-du-savoir-rester-a-lecoute-des-enseignants\\\/#primaryimage\"},\"thumbnailUrl\":\"https:\\\/\\\/lasentinelle.dz\\\/wp-content\\\/uploads\\\/2023\\\/04\\\/tebboune.png\",\"datePublished\":\"2023-04-15T21:15:00+00:00\",\"breadcrumb\":{\"@id\":\"https:\\\/\\\/lasentinelle.dz\\\/index.php\\\/2023\\\/04\\\/15\\\/message-du-president-tebboune-a-loccasion-de-la-journee-du-savoir-rester-a-lecoute-des-enseignants\\\/#breadcrumb\"},\"inLanguage\":\"fr-FR\",\"potentialAction\":[{\"@type\":\"ReadAction\",\"target\":[\"https:\\\/\\\/lasentinelle.dz\\\/index.php\\\/2023\\\/04\\\/15\\\/message-du-president-tebboune-a-loccasion-de-la-journee-du-savoir-rester-a-lecoute-des-enseignants\\\/\"]}]},{\"@type\":\"ImageObject\",\"inLanguage\":\"fr-FR\",\"@id\":\"https:\\\/\\\/lasentinelle.dz\\\/index.php\\\/2023\\\/04\\\/15\\\/message-du-president-tebboune-a-loccasion-de-la-journee-du-savoir-rester-a-lecoute-des-enseignants\\\/#primaryimage\",\"url\":\"https:\\\/\\\/lasentinelle.dz\\\/wp-content\\\/uploads\\\/2023\\\/04\\\/tebboune.png\",\"contentUrl\":\"https:\\\/\\\/lasentinelle.dz\\\/wp-content\\\/uploads\\\/2023\\\/04\\\/tebboune.png\",\"width\":1600,\"height\":900},{\"@type\":\"BreadcrumbList\",\"@id\":\"https:\\\/\\\/lasentinelle.dz\\\/index.php\\\/2023\\\/04\\\/15\\\/message-du-president-tebboune-a-loccasion-de-la-journee-du-savoir-rester-a-lecoute-des-enseignants\\\/#breadcrumb\",\"itemListElement\":[{\"@type\":\"ListItem\",\"position\":1,\"name\":\"Accueil\",\"item\":\"https:\\\/\\\/lasentinelle.dz\\\/\"},{\"@type\":\"ListItem\",\"position\":2,\"name\":\"Message du Pr\u00e9sident Tebboune \u00e0 l\u2019occasion de la Journ\u00e9e du Savoir\u00a0: Rester \u00e0 l\u2019\u00e9coute des enseignants\"}]},{\"@type\":\"WebSite\",\"@id\":\"https:\\\/\\\/lasentinelle.dz\\\/#website\",\"url\":\"https:\\\/\\\/lasentinelle.dz\\\/\",\"name\":\"La Sentinelle\",\"description\":\"Quotidien national d&#039;information\",\"publisher\":{\"@id\":\"https:\\\/\\\/lasentinelle.dz\\\/#organization\"},\"potentialAction\":[{\"@type\":\"SearchAction\",\"target\":{\"@type\":\"EntryPoint\",\"urlTemplate\":\"https:\\\/\\\/lasentinelle.dz\\\/?s={search_term_string}\"},\"query-input\":{\"@type\":\"PropertyValueSpecification\",\"valueRequired\":true,\"valueName\":\"search_term_string\"}}],\"inLanguage\":\"fr-FR\"},{\"@type\":\"Organization\",\"@id\":\"https:\\\/\\\/lasentinelle.dz\\\/#organization\",\"name\":\"Quotidien La Sentinelle\",\"url\":\"https:\\\/\\\/lasentinelle.dz\\\/\",\"logo\":{\"@type\":\"ImageObject\",\"inLanguage\":\"fr-FR\",\"@id\":\"https:\\\/\\\/lasentinelle.dz\\\/#\\\/schema\\\/logo\\\/image\\\/\",\"url\":\"https:\\\/\\\/lasentinelle.dz\\\/wp-content\\\/uploads\\\/2021\\\/09\\\/logo-sentinelleSLOGAN-1.png\",\"contentUrl\":\"https:\\\/\\\/lasentinelle.dz\\\/wp-content\\\/uploads\\\/2021\\\/09\\\/logo-sentinelleSLOGAN-1.png\",\"width\":615,\"height\":142,\"caption\":\"Quotidien La Sentinelle\"},\"image\":{\"@id\":\"https:\\\/\\\/lasentinelle.dz\\\/#\\\/schema\\\/logo\\\/image\\\/\"},\"sameAs\":[\"https:\\\/\\\/www.facebook.com\\\/La-Sentinelle-104059864394773\"]},{\"@type\":\"Person\",\"@id\":\"https:\\\/\\\/lasentinelle.dz\\\/#\\\/schema\\\/person\\\/d865044e22e70a75174ce8bcad3acfb3\",\"name\":\"La Sentinelle\",\"image\":{\"@type\":\"ImageObject\",\"inLanguage\":\"fr-FR\",\"@id\":\"https:\\\/\\\/secure.gravatar.com\\\/avatar\\\/57de8e5d4b15d43fb361a71fbb36338450fe67865b528a43dd10ef7c51a20392?s=96&d=mm&r=g\",\"url\":\"https:\\\/\\\/secure.gravatar.com\\\/avatar\\\/57de8e5d4b15d43fb361a71fbb36338450fe67865b528a43dd10ef7c51a20392?s=96&d=mm&r=g\",\"contentUrl\":\"https:\\\/\\\/secure.gravatar.com\\\/avatar\\\/57de8e5d4b15d43fb361a71fbb36338450fe67865b528a43dd10ef7c51a20392?s=96&d=mm&r=g\",\"caption\":\"La Sentinelle\"},\"sameAs\":[\"http:\\\/\\\/www.lasentinelle.dz\"],\"url\":\"https:\\\/\\\/lasentinelle.dz\\\/author\\\/redaction\\\/\"}]}<\/script>\n<!-- \/ Yoast SEO plugin. -->","yoast_head_json":{"title":"Message du Pr\u00e9sident Tebboune \u00e0 l\u2019occasion de la Journ\u00e9e du Savoir\u00a0: Rester \u00e0 l\u2019\u00e9coute des enseignants - La Sentinelle","robots":{"index":"index","follow":"follow","max-snippet":"max-snippet:-1","max-image-preview":"max-image-preview:large","max-video-preview":"max-video-preview:-1"},"canonical":"https:\/\/lasentinelle.dz\/index.php\/2023\/04\/15\/message-du-president-tebboune-a-loccasion-de-la-journee-du-savoir-rester-a-lecoute-des-enseignants\/","og_locale":"fr_FR","og_type":"article","og_title":"Message du Pr\u00e9sident Tebboune \u00e0 l\u2019occasion de la Journ\u00e9e du Savoir\u00a0: Rester \u00e0 l\u2019\u00e9coute des enseignants - La Sentinelle","og_description":"Le pr\u00e9sident de la R\u00e9publique, Abdelmadjid Tebboune, a soulign\u00e9 hier dans un message adress\u00e9 \u00e0 l\u2019occasion de la c\u00e9l\u00e9bration de","og_url":"https:\/\/lasentinelle.dz\/index.php\/2023\/04\/15\/message-du-president-tebboune-a-loccasion-de-la-journee-du-savoir-rester-a-lecoute-des-enseignants\/","og_site_name":"La Sentinelle","article_publisher":"https:\/\/www.facebook.com\/La-Sentinelle-104059864394773","article_published_time":"2023-04-15T21:15:00+00:00","og_image":[{"width":1600,"height":900,"url":"https:\/\/lasentinelle.dz\/wp-content\/uploads\/2023\/04\/tebboune.png","type":"image\/png"}],"author":"La Sentinelle","twitter_card":"summary_large_image","twitter_misc":{"\u00c9crit par":"La Sentinelle","Dur\u00e9e de lecture estim\u00e9e":"2 minutes"},"schema":{"@context":"https:\/\/schema.org","@graph":[{"@type":"Article","@id":"https:\/\/lasentinelle.dz\/index.php\/2023\/04\/15\/message-du-president-tebboune-a-loccasion-de-la-journee-du-savoir-rester-a-lecoute-des-enseignants\/#article","isPartOf":{"@id":"https:\/\/lasentinelle.dz\/index.php\/2023\/04\/15\/message-du-president-tebboune-a-loccasion-de-la-journee-du-savoir-rester-a-lecoute-des-enseignants\/"},"author":{"name":"La Sentinelle","@id":"https:\/\/lasentinelle.dz\/#\/schema\/person\/d865044e22e70a75174ce8bcad3acfb3"},"headline":"Message du Pr\u00e9sident Tebboune \u00e0 l\u2019occasion de la Journ\u00e9e du Savoir\u00a0: Rester \u00e0 l\u2019\u00e9coute des enseignants","datePublished":"2023-04-15T21:15:00+00:00","mainEntityOfPage":{"@id":"https:\/\/lasentinelle.dz\/index.php\/2023\/04\/15\/message-du-president-tebboune-a-loccasion-de-la-journee-du-savoir-rester-a-lecoute-des-enseignants\/"},"wordCount":447,"commentCount":0,"publisher":{"@id":"https:\/\/lasentinelle.dz\/#organization"},"image":{"@id":"https:\/\/lasentinelle.dz\/index.php\/2023\/04\/15\/message-du-president-tebboune-a-loccasion-de-la-journee-du-savoir-rester-a-lecoute-des-enseignants\/#primaryimage"},"thumbnailUrl":"https:\/\/lasentinelle.dz\/wp-content\/uploads\/2023\/04\/tebboune.png","articleSection":["\u00c0 la Une","Actualit\u00e9"],"inLanguage":"fr-FR","potentialAction":[{"@type":"CommentAction","name":"Comment","target":["https:\/\/lasentinelle.dz\/index.php\/2023\/04\/15\/message-du-president-tebboune-a-loccasion-de-la-journee-du-savoir-rester-a-lecoute-des-enseignants\/#respond"]}]},{"@type":"WebPage","@id":"https:\/\/lasentinelle.dz\/index.php\/2023\/04\/15\/message-du-president-tebboune-a-loccasion-de-la-journee-du-savoir-rester-a-lecoute-des-enseignants\/","url":"https:\/\/lasentinelle.dz\/index.php\/2023\/04\/15\/message-du-president-tebboune-a-loccasion-de-la-journee-du-savoir-rester-a-lecoute-des-enseignants\/","name":"Message du Pr\u00e9sident Tebboune \u00e0 l\u2019occasion de la Journ\u00e9e du Savoir\u00a0: Rester \u00e0 l\u2019\u00e9coute des enseignants - La Sentinelle","isPartOf":{"@id":"https:\/\/lasentinelle.dz\/#website"},"primaryImageOfPage":{"@id":"https:\/\/lasentinelle.dz\/index.php\/2023\/04\/15\/message-du-president-tebboune-a-loccasion-de-la-journee-du-savoir-rester-a-lecoute-des-enseignants\/#primaryimage"},"image":{"@id":"https:\/\/lasentinelle.dz\/index.php\/2023\/04\/15\/message-du-president-tebboune-a-loccasion-de-la-journee-du-savoir-rester-a-lecoute-des-enseignants\/#primaryimage"},"thumbnailUrl":"https:\/\/lasentinelle.dz\/wp-content\/uploads\/2023\/04\/tebboune.png","datePublished":"2023-04-15T21:15:00+00:00","breadcrumb":{"@id":"https:\/\/lasentinelle.dz\/index.php\/2023\/04\/15\/message-du-president-tebboune-a-loccasion-de-la-journee-du-savoir-rester-a-lecoute-des-enseignants\/#breadcrumb"},"inLanguage":"fr-FR","potentialAction":[{"@type":"ReadAction","target":["https:\/\/lasentinelle.dz\/index.php\/2023\/04\/15\/message-du-president-tebboune-a-loccasion-de-la-journee-du-savoir-rester-a-lecoute-des-enseignants\/"]}]},{"@type":"ImageObject","inLanguage":"fr-FR","@id":"https:\/\/lasentinelle.dz\/index.php\/2023\/04\/15\/message-du-president-tebboune-a-loccasion-de-la-journee-du-savoir-rester-a-lecoute-des-enseignants\/#primaryimage","url":"https:\/\/lasentinelle.dz\/wp-content\/uploads\/2023\/04\/tebboune.png","contentUrl":"https:\/\/lasentinelle.dz\/wp-content\/uploads\/2023\/04\/tebboune.png","width":1600,"height":900},{"@type":"BreadcrumbList","@id":"https:\/\/lasentinelle.dz\/index.php\/2023\/04\/15\/message-du-president-tebboune-a-loccasion-de-la-journee-du-savoir-rester-a-lecoute-des-enseignants\/#breadcrumb","itemListElement":[{"@type":"ListItem","position":1,"name":"Accueil","item":"https:\/\/lasentinelle.dz\/"},{"@type":"ListItem","position":2,"name":"Message du Pr\u00e9sident Tebboune \u00e0 l\u2019occasion de la Journ\u00e9e du Savoir\u00a0: Rester \u00e0 l\u2019\u00e9coute des enseignants"}]},{"@type":"WebSite","@id":"https:\/\/lasentinelle.dz\/#website","url":"https:\/\/lasentinelle.dz\/","name":"La Sentinelle","description":"Quotidien national d&#039;information","publisher":{"@id":"https:\/\/lasentinelle.dz\/#organization"},"potentialAction":[{"@type":"SearchAction","target":{"@type":"EntryPoint","urlTemplate":"https:\/\/lasentinelle.dz\/?s={search_term_string}"},"query-input":{"@type":"PropertyValueSpecification","valueRequired":true,"valueName":"search_term_string"}}],"inLanguage":"fr-FR"},{"@type":"Organization","@id":"https:\/\/lasentinelle.dz\/#organization","name":"Quotidien La Sentinelle","url":"https:\/\/lasentinelle.dz\/","logo":{"@type":"ImageObject","inLanguage":"fr-FR","@id":"https:\/\/lasentinelle.dz\/#\/schema\/logo\/image\/","url":"https:\/\/lasentinelle.dz\/wp-content\/uploads\/2021\/09\/logo-sentinelleSLOGAN-1.png","contentUrl":"https:\/\/lasentinelle.dz\/wp-content\/uploads\/2021\/09\/logo-sentinelleSLOGAN-1.png","width":615,"height":142,"caption":"Quotidien La Sentinelle"},"image":{"@id":"https:\/\/lasentinelle.dz\/#\/schema\/logo\/image\/"},"sameAs":["https:\/\/www.facebook.com\/La-Sentinelle-104059864394773"]},{"@type":"Person","@id":"https:\/\/lasentinelle.dz\/#\/schema\/person\/d865044e22e70a75174ce8bcad3acfb3","name":"La Sentinelle","image":{"@type":"ImageObject","inLanguage":"fr-FR","@id":"https:\/\/secure.gravatar.com\/avatar\/57de8e5d4b15d43fb361a71fbb36338450fe67865b528a43dd10ef7c51a20392?s=96&d=mm&r=g","url":"https:\/\/secure.gravatar.com\/avatar\/57de8e5d4b15d43fb361a71fbb36338450fe67865b528a43dd10ef7c51a20392?s=96&d=mm&r=g","contentUrl":"https:\/\/secure.gravatar.com\/avatar\/57de8e5d4b15d43fb361a71fbb36338450fe67865b528a43dd10ef7c51a20392?s=96&d=mm&r=g","caption":"La Sentinelle"},"sameAs":["http:\/\/www.lasentinelle.dz"],"url":"https:\/\/lasentinelle.dz\/author\/redaction\/"}]}},"_links":{"self":[{"href":"https:\/\/lasentinelle.dz\/index.php\/wp-json\/wp\/v2\/posts\/39534","targetHints":{"allow":["GET"]}}],"collection":[{"href":"https:\/\/lasentinelle.dz\/index.php\/wp-json\/wp\/v2\/posts"}],"about":[{"href":"https:\/\/lasentinelle.dz\/index.php\/wp-json\/wp\/v2\/types\/post"}],"author":[{"embeddable":true,"href":"https:\/\/lasentinelle.dz\/index.php\/wp-json\/wp\/v2\/users\/3"}],"replies":[{"embeddable":true,"href":"https:\/\/lasentinelle.dz\/index.php\/wp-json\/wp\/v2\/comments?post=39534"}],"version-history":[{"count":1,"href":"https:\/\/lasentinelle.dz\/index.php\/wp-json\/wp\/v2\/posts\/39534\/revisions"}],"predecessor-version":[{"id":39537,"href":"https:\/\/lasentinelle.dz\/index.php\/wp-json\/wp\/v2\/posts\/39534\/revisions\/39537"}],"wp:featuredmedia":[{"embeddable":true,"href":"https:\/\/lasentinelle.dz\/index.php\/wp-json\/wp\/v2\/media\/39535"}],"wp:attachment":[{"href":"https:\/\/lasentinelle.dz\/index.php\/wp-json\/wp\/v2\/media?parent=39534"}],"wp:term":[{"taxonomy":"category","embeddable":true,"href":"https:\/\/lasentinelle.dz\/index.php\/wp-json\/wp\/v2\/categories?post=39534"},{"taxonomy":"post_tag","embeddable":true,"href":"https:\/\/lasentinelle.dz\/index.php\/wp-json\/wp\/v2\/tags?post=39534"}],"curies":[{"name":"wp","href":"https:\/\/api.w.org\/{rel}","templated":true}]}}