{"id":39561,"date":"2023-04-16T22:05:00","date_gmt":"2023-04-16T21:05:00","guid":{"rendered":"https:\/\/lasentinelle.dz\/?p=39561"},"modified":"2023-04-16T17:25:14","modified_gmt":"2023-04-16T16:25:14","slug":"marocgate-les-lobbyistes-marocains-interdits-dacces-a-lenceinte-du-parlement-europeen","status":"publish","type":"post","link":"https:\/\/lasentinelle.dz\/index.php\/2023\/04\/16\/marocgate-les-lobbyistes-marocains-interdits-dacces-a-lenceinte-du-parlement-europeen\/","title":{"rendered":"\u00ab\u00a0Marocgate\u00a0\u00bb : Les lobbyistes marocains interdits d&rsquo;acc\u00e8s \u00e0 l&rsquo;enceinte du Parlement europ\u00e9en"},"content":{"rendered":"\n<p>Les eurod\u00e9put\u00e9s ont adopt\u00e9 lors d&rsquo;une r\u00e9union \u00e0 huis clos au Parlement europ\u00e9en, un nouvel ensemble de lignes directrices visant \u00e0 interdire l&rsquo;acc\u00e8s des lobbyistes marocains \u00e0 l&rsquo;enceinte de l&rsquo;institution continentale, secou\u00e9e depuis plusieurs mois par un vaste scandale de corruption dans lequel le Maroc est notamment embourb\u00e9, ont rapport\u00e9 dimanche des m\u00e9dias. Selon le m\u00e9dia am\u00e9ricain Politico, le document de quatre pages, marqu\u00e9 du sceau \u00ab\u00a0Pour usage interne uniquement\u00a0\u00bb, indique que les lobbyistes marocains qui se sont enregistr\u00e9s dans le registre de transparence sont interdits de l&rsquo;enceinte du Parlement \u00ab\u00a0par mesure de pr\u00e9caution \u00e0 la lumi\u00e8re des proc\u00e9dures en cours\u00a0\u00bb. Il souligne \u00e9galement que les d\u00e9put\u00e9s europ\u00e9ens ne seront pas autoris\u00e9s \u00e0 effectuer des voyages officiels au Maroc tant que l&rsquo;enqu\u00eate criminelle se poursuivra. Par ailleurs, les eurod\u00e9put\u00e9s et membres du personnel sont pri\u00e9s de demander l&rsquo;autorisation du Parlement europ\u00e9en pour inviter les diplomates des pays dans les locaux, et les l\u00e9gislateurs doivent \u00e9galement informer la pr\u00e9sidente du Parlement, Roberta Metsola, chaque fois qu&rsquo;ils les rencontrent. Les lignes directrices sont principalement con\u00e7ues pour clarifier la situation des d\u00e9put\u00e9s europ\u00e9ens et donner \u00e0 Metsola et aux hauts fonctionnaires un meilleur contr\u00f4le sur qui rencontre qui, dans le cadre d&rsquo;une enqu\u00eate p\u00e9nale en cours en Belgique concernant les pots-de-vin du Maroc aux eurod\u00e9put\u00e9s. Leur adoption fait suite \u00e0 des appels lanc\u00e9s en d\u00e9cembre 2022 et f\u00e9vrier 2023 par une majorit\u00e9 d&rsquo;eurod\u00e9put\u00e9s visant \u00e0 exclure les lobbyistes marocains du Parlement europ\u00e9en. \u00ab\u00a0Cela conduira tr\u00e8s probablement \u00e0 une situation o\u00f9 ces r\u00e8gles seront officialis\u00e9es \u00e0 l&rsquo;avenir\u00a0\u00bb, a d\u00e9clar\u00e9 un responsable du Parlement europ\u00e9en s&rsquo;exprimant sous le couvert de l&rsquo;anonymat. \u00ab\u00a0Nous devons savoir qui ils rencontrent et pourquoi ils se rencontrent. Je pense que tout le monde comprend que cela ne peut pas \u00eatre comme avant\u00a0\u00bb, a-t-il ajout\u00e9. Pour rappel, dans le cadre de l&rsquo;affaire de corruption ayant \u00e9clabouss\u00e9 le Parlement europ\u00e9en, les enqu\u00eateurs belges ont mis la main sur 1,5 million d&rsquo;euros en liquide, saisis aux domiciles de Pier Antonio Panzeri, ancien eurod\u00e9put\u00e9 socialiste devenu dirigeant d&rsquo;ONG et qui fait figure de personnage central dans cette histoire, et de l&rsquo;eurod\u00e9put\u00e9e socialiste grecque Eva Kaili, ainsi que dans une valise transport\u00e9e par le p\u00e8re de celle-ci. Comme M. Panzeri, Mme Kaili a d\u00e9j\u00e0 \u00e9t\u00e9 \u00e9crou\u00e9e, de m\u00eame que son compagnon, l&rsquo;Italien Francesco Giorgi, assistant parlementaire, un autre Italien, Niccolo Figa-Talamanca, responsable d&rsquo;ONG et le Belge Marc Tarabella. Ils sont inculp\u00e9s d'\u00a0\u00bbappartenance \u00e0 une organisation criminelle\u00a0\u00bb, \u00ab\u00a0blanchiment d&rsquo;argent\u00a0\u00bb et \u00ab\u00a0corruption\u00a0\u00bb. Francesco Giorgi aurait notamment expliqu\u00e9 aux juges que l&rsquo;eurod\u00e9put\u00e9 Andrea Cozzolino \u00e9tait impliqu\u00e9 dans cette affaire et a eu des contacts avec l&rsquo;ambassadeur du Maroc \u00e0 Varsovie, Abderrahim Atmoun, gr\u00e2ce \u00e0 Panzeri, qui \u00e9tait le pr\u00e9sident de la commission Maghreb et qui avait ensuite pass\u00e9 le relais \u00e0 Cozzolino. Accul\u00e9, Andrea Cozzolino a fini par d\u00e9missionner de la commission parlementaire sp\u00e9ciale sur le programme Pegasus (logiciel espion utilis\u00e9 notamment par le Maroc) et de la commission parlementaire mixte Maroc-Union europ\u00e9enne. Dans la foul\u00e9e des \u00e9v\u00e8nements, l&rsquo;eurod\u00e9put\u00e9 italien a demand\u00e9 \u00e0 la commission du d\u00e9veloppement r\u00e9gional du Parlement europ\u00e9en de retirer une s\u00e9rie de ses amendements, dont deux concernaient le Maroc. Cozzolino a \u00e9t\u00e9 suspendu le 16 d\u00e9cembre du registre des membres et \u00e9lecteurs du Parti d\u00e9mocrate ainsi que de tous les postes au sein du parti apr\u00e8s que son nom ait figur\u00e9 dans l&rsquo;enqu\u00eate de la justice belge.<\/p>\n\n\n\n<p>APS<\/p>\n","protected":false},"excerpt":{"rendered":"<p>Les eurod\u00e9put\u00e9s ont adopt\u00e9 lors d&rsquo;une r\u00e9union \u00e0 huis clos au Parlement europ\u00e9en, un nouvel ensemble de lignes directrices visant<\/p>\n","protected":false},"author":3,"featured_media":39589,"comment_status":"open","ping_status":"closed","sticky":false,"template":"","format":"standard","meta":{"colormag_page_container_layout":"default_layout","colormag_page_sidebar_layout":"default_layout","om_disable_all_campaigns":false,"_monsterinsights_skip_tracking":false,"_monsterinsights_sitenote_active":false,"_monsterinsights_sitenote_note":"","_monsterinsights_sitenote_category":0,"footnotes":"","_wpscppro_dont_share_socialmedia":false,"_wpscppro_custom_social_share_image":0,"_facebook_share_type":"","_twitter_share_type":"","_linkedin_share_type":"","_pinterest_share_type":"","_linkedin_share_type_page":"","_instagram_share_type":"","_medium_share_type":"","_threads_share_type":"","_google_business_share_type":"","_selected_social_profile":[],"_wpsp_enable_custom_social_template":false,"_wpsp_social_scheduling":{"enabled":false,"datetime":null,"platforms":[],"status":"template_only","dateOption":"today","timeOption":"now","customDays":"","customHours":"","customDate":"","customTime":"","schedulingType":"absolute"},"_wpsp_active_default_template":true},"categories":[27],"tags":[],"class_list":["post-39561","post","type-post","status-publish","format-standard","has-post-thumbnail","hentry","category-actualite"],"aioseo_notices":[],"yoast_head":"<!-- This site is optimized with the Yoast SEO plugin v27.5 - https:\/\/yoast.com\/product\/yoast-seo-wordpress\/ -->\n<title>\u00ab\u00a0Marocgate\u00a0\u00bb : Les lobbyistes marocains interdits d&rsquo;acc\u00e8s \u00e0 l&rsquo;enceinte du Parlement europ\u00e9en - La Sentinelle<\/title>\n<meta name=\"robots\" content=\"index, follow, max-snippet:-1, max-image-preview:large, max-video-preview:-1\" \/>\n<link rel=\"canonical\" href=\"https:\/\/lasentinelle.dz\/index.php\/2023\/04\/16\/marocgate-les-lobbyistes-marocains-interdits-dacces-a-lenceinte-du-parlement-europeen\/\" \/>\n<meta property=\"og:locale\" content=\"fr_FR\" \/>\n<meta property=\"og:type\" content=\"article\" \/>\n<meta property=\"og:title\" content=\"\u00ab\u00a0Marocgate\u00a0\u00bb : Les lobbyistes marocains interdits d&rsquo;acc\u00e8s \u00e0 l&rsquo;enceinte du Parlement europ\u00e9en - La Sentinelle\" \/>\n<meta property=\"og:description\" content=\"Les eurod\u00e9put\u00e9s ont adopt\u00e9 lors d&rsquo;une r\u00e9union \u00e0 huis clos au Parlement europ\u00e9en, un nouvel ensemble de lignes directrices visant\" \/>\n<meta property=\"og:url\" content=\"https:\/\/lasentinelle.dz\/index.php\/2023\/04\/16\/marocgate-les-lobbyistes-marocains-interdits-dacces-a-lenceinte-du-parlement-europeen\/\" \/>\n<meta property=\"og:site_name\" content=\"La Sentinelle\" \/>\n<meta property=\"article:publisher\" content=\"https:\/\/www.facebook.com\/La-Sentinelle-104059864394773\" \/>\n<meta property=\"article:published_time\" content=\"2023-04-16T21:05:00+00:00\" \/>\n<meta property=\"og:image\" content=\"https:\/\/lasentinelle.dz\/wp-content\/uploads\/2023\/04\/dd.png\" \/>\n\t<meta property=\"og:image:width\" content=\"1349\" \/>\n\t<meta property=\"og:image:height\" content=\"900\" \/>\n\t<meta property=\"og:image:type\" content=\"image\/png\" \/>\n<meta name=\"author\" content=\"La Sentinelle\" \/>\n<meta name=\"twitter:card\" content=\"summary_large_image\" \/>\n<meta name=\"twitter:label1\" content=\"\u00c9crit par\" \/>\n\t<meta name=\"twitter:data1\" content=\"La Sentinelle\" \/>\n\t<meta name=\"twitter:label2\" content=\"Dur\u00e9e de lecture estim\u00e9e\" \/>\n\t<meta name=\"twitter:data2\" content=\"3 minutes\" \/>\n<script type=\"application\/ld+json\" class=\"yoast-schema-graph\">{\"@context\":\"https:\\\/\\\/schema.org\",\"@graph\":[{\"@type\":\"Article\",\"@id\":\"https:\\\/\\\/lasentinelle.dz\\\/index.php\\\/2023\\\/04\\\/16\\\/marocgate-les-lobbyistes-marocains-interdits-dacces-a-lenceinte-du-parlement-europeen\\\/#article\",\"isPartOf\":{\"@id\":\"https:\\\/\\\/lasentinelle.dz\\\/index.php\\\/2023\\\/04\\\/16\\\/marocgate-les-lobbyistes-marocains-interdits-dacces-a-lenceinte-du-parlement-europeen\\\/\"},\"author\":{\"name\":\"La Sentinelle\",\"@id\":\"https:\\\/\\\/lasentinelle.dz\\\/#\\\/schema\\\/person\\\/d865044e22e70a75174ce8bcad3acfb3\"},\"headline\":\"\u00ab\u00a0Marocgate\u00a0\u00bb : Les lobbyistes marocains interdits d&rsquo;acc\u00e8s \u00e0 l&rsquo;enceinte du Parlement europ\u00e9en\",\"datePublished\":\"2023-04-16T21:05:00+00:00\",\"mainEntityOfPage\":{\"@id\":\"https:\\\/\\\/lasentinelle.dz\\\/index.php\\\/2023\\\/04\\\/16\\\/marocgate-les-lobbyistes-marocains-interdits-dacces-a-lenceinte-du-parlement-europeen\\\/\"},\"wordCount\":648,\"commentCount\":0,\"publisher\":{\"@id\":\"https:\\\/\\\/lasentinelle.dz\\\/#organization\"},\"image\":{\"@id\":\"https:\\\/\\\/lasentinelle.dz\\\/index.php\\\/2023\\\/04\\\/16\\\/marocgate-les-lobbyistes-marocains-interdits-dacces-a-lenceinte-du-parlement-europeen\\\/#primaryimage\"},\"thumbnailUrl\":\"https:\\\/\\\/lasentinelle.dz\\\/wp-content\\\/uploads\\\/2023\\\/04\\\/dd.png\",\"articleSection\":[\"Actualit\u00e9\"],\"inLanguage\":\"fr-FR\",\"potentialAction\":[{\"@type\":\"CommentAction\",\"name\":\"Comment\",\"target\":[\"https:\\\/\\\/lasentinelle.dz\\\/index.php\\\/2023\\\/04\\\/16\\\/marocgate-les-lobbyistes-marocains-interdits-dacces-a-lenceinte-du-parlement-europeen\\\/#respond\"]}]},{\"@type\":\"WebPage\",\"@id\":\"https:\\\/\\\/lasentinelle.dz\\\/index.php\\\/2023\\\/04\\\/16\\\/marocgate-les-lobbyistes-marocains-interdits-dacces-a-lenceinte-du-parlement-europeen\\\/\",\"url\":\"https:\\\/\\\/lasentinelle.dz\\\/index.php\\\/2023\\\/04\\\/16\\\/marocgate-les-lobbyistes-marocains-interdits-dacces-a-lenceinte-du-parlement-europeen\\\/\",\"name\":\"\u00ab\u00a0Marocgate\u00a0\u00bb : Les lobbyistes marocains interdits d&rsquo;acc\u00e8s \u00e0 l&rsquo;enceinte du Parlement europ\u00e9en - La Sentinelle\",\"isPartOf\":{\"@id\":\"https:\\\/\\\/lasentinelle.dz\\\/#website\"},\"primaryImageOfPage\":{\"@id\":\"https:\\\/\\\/lasentinelle.dz\\\/index.php\\\/2023\\\/04\\\/16\\\/marocgate-les-lobbyistes-marocains-interdits-dacces-a-lenceinte-du-parlement-europeen\\\/#primaryimage\"},\"image\":{\"@id\":\"https:\\\/\\\/lasentinelle.dz\\\/index.php\\\/2023\\\/04\\\/16\\\/marocgate-les-lobbyistes-marocains-interdits-dacces-a-lenceinte-du-parlement-europeen\\\/#primaryimage\"},\"thumbnailUrl\":\"https:\\\/\\\/lasentinelle.dz\\\/wp-content\\\/uploads\\\/2023\\\/04\\\/dd.png\",\"datePublished\":\"2023-04-16T21:05:00+00:00\",\"breadcrumb\":{\"@id\":\"https:\\\/\\\/lasentinelle.dz\\\/index.php\\\/2023\\\/04\\\/16\\\/marocgate-les-lobbyistes-marocains-interdits-dacces-a-lenceinte-du-parlement-europeen\\\/#breadcrumb\"},\"inLanguage\":\"fr-FR\",\"potentialAction\":[{\"@type\":\"ReadAction\",\"target\":[\"https:\\\/\\\/lasentinelle.dz\\\/index.php\\\/2023\\\/04\\\/16\\\/marocgate-les-lobbyistes-marocains-interdits-dacces-a-lenceinte-du-parlement-europeen\\\/\"]}]},{\"@type\":\"ImageObject\",\"inLanguage\":\"fr-FR\",\"@id\":\"https:\\\/\\\/lasentinelle.dz\\\/index.php\\\/2023\\\/04\\\/16\\\/marocgate-les-lobbyistes-marocains-interdits-dacces-a-lenceinte-du-parlement-europeen\\\/#primaryimage\",\"url\":\"https:\\\/\\\/lasentinelle.dz\\\/wp-content\\\/uploads\\\/2023\\\/04\\\/dd.png\",\"contentUrl\":\"https:\\\/\\\/lasentinelle.dz\\\/wp-content\\\/uploads\\\/2023\\\/04\\\/dd.png\",\"width\":1349,\"height\":900},{\"@type\":\"BreadcrumbList\",\"@id\":\"https:\\\/\\\/lasentinelle.dz\\\/index.php\\\/2023\\\/04\\\/16\\\/marocgate-les-lobbyistes-marocains-interdits-dacces-a-lenceinte-du-parlement-europeen\\\/#breadcrumb\",\"itemListElement\":[{\"@type\":\"ListItem\",\"position\":1,\"name\":\"Accueil\",\"item\":\"https:\\\/\\\/lasentinelle.dz\\\/\"},{\"@type\":\"ListItem\",\"position\":2,\"name\":\"\u00ab\u00a0Marocgate\u00a0\u00bb : Les lobbyistes marocains interdits d&rsquo;acc\u00e8s \u00e0 l&rsquo;enceinte du Parlement europ\u00e9en\"}]},{\"@type\":\"WebSite\",\"@id\":\"https:\\\/\\\/lasentinelle.dz\\\/#website\",\"url\":\"https:\\\/\\\/lasentinelle.dz\\\/\",\"name\":\"La Sentinelle\",\"description\":\"Quotidien national d&#039;information\",\"publisher\":{\"@id\":\"https:\\\/\\\/lasentinelle.dz\\\/#organization\"},\"potentialAction\":[{\"@type\":\"SearchAction\",\"target\":{\"@type\":\"EntryPoint\",\"urlTemplate\":\"https:\\\/\\\/lasentinelle.dz\\\/?s={search_term_string}\"},\"query-input\":{\"@type\":\"PropertyValueSpecification\",\"valueRequired\":true,\"valueName\":\"search_term_string\"}}],\"inLanguage\":\"fr-FR\"},{\"@type\":\"Organization\",\"@id\":\"https:\\\/\\\/lasentinelle.dz\\\/#organization\",\"name\":\"Quotidien La Sentinelle\",\"url\":\"https:\\\/\\\/lasentinelle.dz\\\/\",\"logo\":{\"@type\":\"ImageObject\",\"inLanguage\":\"fr-FR\",\"@id\":\"https:\\\/\\\/lasentinelle.dz\\\/#\\\/schema\\\/logo\\\/image\\\/\",\"url\":\"https:\\\/\\\/lasentinelle.dz\\\/wp-content\\\/uploads\\\/2021\\\/09\\\/logo-sentinelleSLOGAN-1.png\",\"contentUrl\":\"https:\\\/\\\/lasentinelle.dz\\\/wp-content\\\/uploads\\\/2021\\\/09\\\/logo-sentinelleSLOGAN-1.png\",\"width\":615,\"height\":142,\"caption\":\"Quotidien La Sentinelle\"},\"image\":{\"@id\":\"https:\\\/\\\/lasentinelle.dz\\\/#\\\/schema\\\/logo\\\/image\\\/\"},\"sameAs\":[\"https:\\\/\\\/www.facebook.com\\\/La-Sentinelle-104059864394773\"]},{\"@type\":\"Person\",\"@id\":\"https:\\\/\\\/lasentinelle.dz\\\/#\\\/schema\\\/person\\\/d865044e22e70a75174ce8bcad3acfb3\",\"name\":\"La Sentinelle\",\"image\":{\"@type\":\"ImageObject\",\"inLanguage\":\"fr-FR\",\"@id\":\"https:\\\/\\\/secure.gravatar.com\\\/avatar\\\/57de8e5d4b15d43fb361a71fbb36338450fe67865b528a43dd10ef7c51a20392?s=96&d=mm&r=g\",\"url\":\"https:\\\/\\\/secure.gravatar.com\\\/avatar\\\/57de8e5d4b15d43fb361a71fbb36338450fe67865b528a43dd10ef7c51a20392?s=96&d=mm&r=g\",\"contentUrl\":\"https:\\\/\\\/secure.gravatar.com\\\/avatar\\\/57de8e5d4b15d43fb361a71fbb36338450fe67865b528a43dd10ef7c51a20392?s=96&d=mm&r=g\",\"caption\":\"La Sentinelle\"},\"sameAs\":[\"http:\\\/\\\/www.lasentinelle.dz\"],\"url\":\"https:\\\/\\\/lasentinelle.dz\\\/author\\\/redaction\\\/\"}]}<\/script>\n<!-- \/ Yoast SEO plugin. -->","yoast_head_json":{"title":"\u00ab\u00a0Marocgate\u00a0\u00bb : Les lobbyistes marocains interdits d&rsquo;acc\u00e8s \u00e0 l&rsquo;enceinte du Parlement europ\u00e9en - La Sentinelle","robots":{"index":"index","follow":"follow","max-snippet":"max-snippet:-1","max-image-preview":"max-image-preview:large","max-video-preview":"max-video-preview:-1"},"canonical":"https:\/\/lasentinelle.dz\/index.php\/2023\/04\/16\/marocgate-les-lobbyistes-marocains-interdits-dacces-a-lenceinte-du-parlement-europeen\/","og_locale":"fr_FR","og_type":"article","og_title":"\u00ab\u00a0Marocgate\u00a0\u00bb : Les lobbyistes marocains interdits d&rsquo;acc\u00e8s \u00e0 l&rsquo;enceinte du Parlement europ\u00e9en - La Sentinelle","og_description":"Les eurod\u00e9put\u00e9s ont adopt\u00e9 lors d&rsquo;une r\u00e9union \u00e0 huis clos au Parlement europ\u00e9en, un nouvel ensemble de lignes directrices visant","og_url":"https:\/\/lasentinelle.dz\/index.php\/2023\/04\/16\/marocgate-les-lobbyistes-marocains-interdits-dacces-a-lenceinte-du-parlement-europeen\/","og_site_name":"La Sentinelle","article_publisher":"https:\/\/www.facebook.com\/La-Sentinelle-104059864394773","article_published_time":"2023-04-16T21:05:00+00:00","og_image":[{"width":1349,"height":900,"url":"https:\/\/lasentinelle.dz\/wp-content\/uploads\/2023\/04\/dd.png","type":"image\/png"}],"author":"La Sentinelle","twitter_card":"summary_large_image","twitter_misc":{"\u00c9crit par":"La Sentinelle","Dur\u00e9e de lecture estim\u00e9e":"3 minutes"},"schema":{"@context":"https:\/\/schema.org","@graph":[{"@type":"Article","@id":"https:\/\/lasentinelle.dz\/index.php\/2023\/04\/16\/marocgate-les-lobbyistes-marocains-interdits-dacces-a-lenceinte-du-parlement-europeen\/#article","isPartOf":{"@id":"https:\/\/lasentinelle.dz\/index.php\/2023\/04\/16\/marocgate-les-lobbyistes-marocains-interdits-dacces-a-lenceinte-du-parlement-europeen\/"},"author":{"name":"La Sentinelle","@id":"https:\/\/lasentinelle.dz\/#\/schema\/person\/d865044e22e70a75174ce8bcad3acfb3"},"headline":"\u00ab\u00a0Marocgate\u00a0\u00bb : Les lobbyistes marocains interdits d&rsquo;acc\u00e8s \u00e0 l&rsquo;enceinte du Parlement europ\u00e9en","datePublished":"2023-04-16T21:05:00+00:00","mainEntityOfPage":{"@id":"https:\/\/lasentinelle.dz\/index.php\/2023\/04\/16\/marocgate-les-lobbyistes-marocains-interdits-dacces-a-lenceinte-du-parlement-europeen\/"},"wordCount":648,"commentCount":0,"publisher":{"@id":"https:\/\/lasentinelle.dz\/#organization"},"image":{"@id":"https:\/\/lasentinelle.dz\/index.php\/2023\/04\/16\/marocgate-les-lobbyistes-marocains-interdits-dacces-a-lenceinte-du-parlement-europeen\/#primaryimage"},"thumbnailUrl":"https:\/\/lasentinelle.dz\/wp-content\/uploads\/2023\/04\/dd.png","articleSection":["Actualit\u00e9"],"inLanguage":"fr-FR","potentialAction":[{"@type":"CommentAction","name":"Comment","target":["https:\/\/lasentinelle.dz\/index.php\/2023\/04\/16\/marocgate-les-lobbyistes-marocains-interdits-dacces-a-lenceinte-du-parlement-europeen\/#respond"]}]},{"@type":"WebPage","@id":"https:\/\/lasentinelle.dz\/index.php\/2023\/04\/16\/marocgate-les-lobbyistes-marocains-interdits-dacces-a-lenceinte-du-parlement-europeen\/","url":"https:\/\/lasentinelle.dz\/index.php\/2023\/04\/16\/marocgate-les-lobbyistes-marocains-interdits-dacces-a-lenceinte-du-parlement-europeen\/","name":"\u00ab\u00a0Marocgate\u00a0\u00bb : Les lobbyistes marocains interdits d&rsquo;acc\u00e8s \u00e0 l&rsquo;enceinte du Parlement europ\u00e9en - La Sentinelle","isPartOf":{"@id":"https:\/\/lasentinelle.dz\/#website"},"primaryImageOfPage":{"@id":"https:\/\/lasentinelle.dz\/index.php\/2023\/04\/16\/marocgate-les-lobbyistes-marocains-interdits-dacces-a-lenceinte-du-parlement-europeen\/#primaryimage"},"image":{"@id":"https:\/\/lasentinelle.dz\/index.php\/2023\/04\/16\/marocgate-les-lobbyistes-marocains-interdits-dacces-a-lenceinte-du-parlement-europeen\/#primaryimage"},"thumbnailUrl":"https:\/\/lasentinelle.dz\/wp-content\/uploads\/2023\/04\/dd.png","datePublished":"2023-04-16T21:05:00+00:00","breadcrumb":{"@id":"https:\/\/lasentinelle.dz\/index.php\/2023\/04\/16\/marocgate-les-lobbyistes-marocains-interdits-dacces-a-lenceinte-du-parlement-europeen\/#breadcrumb"},"inLanguage":"fr-FR","potentialAction":[{"@type":"ReadAction","target":["https:\/\/lasentinelle.dz\/index.php\/2023\/04\/16\/marocgate-les-lobbyistes-marocains-interdits-dacces-a-lenceinte-du-parlement-europeen\/"]}]},{"@type":"ImageObject","inLanguage":"fr-FR","@id":"https:\/\/lasentinelle.dz\/index.php\/2023\/04\/16\/marocgate-les-lobbyistes-marocains-interdits-dacces-a-lenceinte-du-parlement-europeen\/#primaryimage","url":"https:\/\/lasentinelle.dz\/wp-content\/uploads\/2023\/04\/dd.png","contentUrl":"https:\/\/lasentinelle.dz\/wp-content\/uploads\/2023\/04\/dd.png","width":1349,"height":900},{"@type":"BreadcrumbList","@id":"https:\/\/lasentinelle.dz\/index.php\/2023\/04\/16\/marocgate-les-lobbyistes-marocains-interdits-dacces-a-lenceinte-du-parlement-europeen\/#breadcrumb","itemListElement":[{"@type":"ListItem","position":1,"name":"Accueil","item":"https:\/\/lasentinelle.dz\/"},{"@type":"ListItem","position":2,"name":"\u00ab\u00a0Marocgate\u00a0\u00bb : Les lobbyistes marocains interdits d&rsquo;acc\u00e8s \u00e0 l&rsquo;enceinte du Parlement europ\u00e9en"}]},{"@type":"WebSite","@id":"https:\/\/lasentinelle.dz\/#website","url":"https:\/\/lasentinelle.dz\/","name":"La Sentinelle","description":"Quotidien national d&#039;information","publisher":{"@id":"https:\/\/lasentinelle.dz\/#organization"},"potentialAction":[{"@type":"SearchAction","target":{"@type":"EntryPoint","urlTemplate":"https:\/\/lasentinelle.dz\/?s={search_term_string}"},"query-input":{"@type":"PropertyValueSpecification","valueRequired":true,"valueName":"search_term_string"}}],"inLanguage":"fr-FR"},{"@type":"Organization","@id":"https:\/\/lasentinelle.dz\/#organization","name":"Quotidien La Sentinelle","url":"https:\/\/lasentinelle.dz\/","logo":{"@type":"ImageObject","inLanguage":"fr-FR","@id":"https:\/\/lasentinelle.dz\/#\/schema\/logo\/image\/","url":"https:\/\/lasentinelle.dz\/wp-content\/uploads\/2021\/09\/logo-sentinelleSLOGAN-1.png","contentUrl":"https:\/\/lasentinelle.dz\/wp-content\/uploads\/2021\/09\/logo-sentinelleSLOGAN-1.png","width":615,"height":142,"caption":"Quotidien La Sentinelle"},"image":{"@id":"https:\/\/lasentinelle.dz\/#\/schema\/logo\/image\/"},"sameAs":["https:\/\/www.facebook.com\/La-Sentinelle-104059864394773"]},{"@type":"Person","@id":"https:\/\/lasentinelle.dz\/#\/schema\/person\/d865044e22e70a75174ce8bcad3acfb3","name":"La Sentinelle","image":{"@type":"ImageObject","inLanguage":"fr-FR","@id":"https:\/\/secure.gravatar.com\/avatar\/57de8e5d4b15d43fb361a71fbb36338450fe67865b528a43dd10ef7c51a20392?s=96&d=mm&r=g","url":"https:\/\/secure.gravatar.com\/avatar\/57de8e5d4b15d43fb361a71fbb36338450fe67865b528a43dd10ef7c51a20392?s=96&d=mm&r=g","contentUrl":"https:\/\/secure.gravatar.com\/avatar\/57de8e5d4b15d43fb361a71fbb36338450fe67865b528a43dd10ef7c51a20392?s=96&d=mm&r=g","caption":"La Sentinelle"},"sameAs":["http:\/\/www.lasentinelle.dz"],"url":"https:\/\/lasentinelle.dz\/author\/redaction\/"}]}},"_links":{"self":[{"href":"https:\/\/lasentinelle.dz\/index.php\/wp-json\/wp\/v2\/posts\/39561","targetHints":{"allow":["GET"]}}],"collection":[{"href":"https:\/\/lasentinelle.dz\/index.php\/wp-json\/wp\/v2\/posts"}],"about":[{"href":"https:\/\/lasentinelle.dz\/index.php\/wp-json\/wp\/v2\/types\/post"}],"author":[{"embeddable":true,"href":"https:\/\/lasentinelle.dz\/index.php\/wp-json\/wp\/v2\/users\/3"}],"replies":[{"embeddable":true,"href":"https:\/\/lasentinelle.dz\/index.php\/wp-json\/wp\/v2\/comments?post=39561"}],"version-history":[{"count":1,"href":"https:\/\/lasentinelle.dz\/index.php\/wp-json\/wp\/v2\/posts\/39561\/revisions"}],"predecessor-version":[{"id":39591,"href":"https:\/\/lasentinelle.dz\/index.php\/wp-json\/wp\/v2\/posts\/39561\/revisions\/39591"}],"wp:featuredmedia":[{"embeddable":true,"href":"https:\/\/lasentinelle.dz\/index.php\/wp-json\/wp\/v2\/media\/39589"}],"wp:attachment":[{"href":"https:\/\/lasentinelle.dz\/index.php\/wp-json\/wp\/v2\/media?parent=39561"}],"wp:term":[{"taxonomy":"category","embeddable":true,"href":"https:\/\/lasentinelle.dz\/index.php\/wp-json\/wp\/v2\/categories?post=39561"},{"taxonomy":"post_tag","embeddable":true,"href":"https:\/\/lasentinelle.dz\/index.php\/wp-json\/wp\/v2\/tags?post=39561"}],"curies":[{"name":"wp","href":"https:\/\/api.w.org\/{rel}","templated":true}]}}