{"id":39575,"date":"2023-04-16T22:00:00","date_gmt":"2023-04-16T21:00:00","guid":{"rendered":"https:\/\/lasentinelle.dz\/?p=39575"},"modified":"2023-04-16T17:08:33","modified_gmt":"2023-04-16T16:08:33","slug":"el-qods-occupee-les-forces-sionistes-arretent-12-palestiniens","status":"publish","type":"post","link":"https:\/\/lasentinelle.dz\/index.php\/2023\/04\/16\/el-qods-occupee-les-forces-sionistes-arretent-12-palestiniens\/","title":{"rendered":"El-Qods occup\u00e9e\u00a0: Les forces sionistes arr\u00eatent 12 Palestiniens"},"content":{"rendered":"\n<p class=\"wp-block-paragraph\">Les forces de l\u2019occupation sioniste ont arr\u00eat\u00e9 dans la nuit de samedi \u00e0 dimanche 12 Palestiniens dans la ville sainte d&rsquo;El-Qods occup\u00e9e, ont indiqu\u00e9 des sources locales palestiniennes. Selon ces sources cit\u00e9es par l&rsquo;agence de presse WAFA, les forces d\u2019occupation ont arr\u00eat\u00e9 trois enfants fr\u00e8res, apr\u00e8s la perquisition de leur maison familiale, dans le village de Silwan, au sud de la mosqu\u00e9e Al-Aqsa. Trois autres Palestiniens ont \u00e9t\u00e9 arr\u00eat\u00e9s, par la police de l&rsquo;occupation sioniste, dans le village d&rsquo;Al-Tour. Les forces d\u2019occupation ont \u00e9galement arr\u00eat\u00e9 six Palestiniens, dans la vieille ville d&rsquo;El-Qods occup\u00e9e, d&rsquo;apr\u00e8s la m\u00eame source. Il est \u00e0 rappeler par ailleurs que les forces de l\u2019occupation sioniste ont, de nouveau, pris d\u2019assaut samedi la mosqu\u00e9e Al-Aqsa dans la ville sainte d&rsquo;El-Qods occup\u00e9e, ont indiqu\u00e9 des sources locales palestiniennes, cit\u00e9es par l&rsquo;agence de presse WAFA. D&rsquo;apr\u00e8s ces sources, les forces sionistes ont profan\u00e9 la mosqu\u00e9e sainte et enlev\u00e9 les drapeaux de Palestine, install\u00e9s sur l\u2019une des portes de D\u00f4me de Rocher (ElQods-Est). Pendant ce mois sacr\u00e9 de ramadan, les autorit\u00e9s d&rsquo;occupation ont intensifi\u00e9 leurs agressions et violations contre les civils palestiniens et les fid\u00e8les en Cisjordanie et \u00e0 El-Qods occup\u00e9e. Vendredi, le minist\u00e8re palestinien des Affaires \u00e9trang\u00e8res a appel\u00e9 la communaut\u00e9 internationale \u00e0 fournir de toute urgence une protection aux fid\u00e8les des lieux saints \u00e0 El-Qods occup\u00e9e. Le minist\u00e8re a indiqu\u00e9 que l&rsquo;agression et les attaques continues de l&rsquo;entit\u00e9 sioniste contre les fid\u00e8les et le caract\u00e8re sacr\u00e9 des lieux saints d&rsquo;El Qods, constituent \u00ab\u00a0une grave violation du droit international et le statu quo juridique et historique\u00a0\u00bb.<\/p>\n\n\n\n<p class=\"wp-block-paragraph\"><strong>K<\/strong><strong>hider L.<\/strong><\/p>\n","protected":false},"excerpt":{"rendered":"<p>Les forces de l\u2019occupation sioniste ont arr\u00eat\u00e9 dans la nuit de samedi \u00e0 dimanche 12 Palestiniens dans la ville sainte<\/p>\n","protected":false},"author":3,"featured_media":39584,"comment_status":"open","ping_status":"closed","sticky":false,"template":"","format":"standard","meta":{"colormag_page_container_layout":"default_layout","colormag_page_sidebar_layout":"default_layout","om_disable_all_campaigns":false,"_monsterinsights_skip_tracking":false,"footnotes":"","_wpscppro_dont_share_socialmedia":false,"_wpscppro_custom_social_share_image":0,"_facebook_share_type":"","_twitter_share_type":"","_linkedin_share_type":"","_pinterest_share_type":"","_linkedin_share_type_page":"","_instagram_share_type":"","_medium_share_type":"","_threads_share_type":"","_google_business_share_type":"","_bluesky_share_type":"","_mastodon_share_type":"","_selected_social_profile":[],"_wpsp_enable_custom_social_template":false,"_wpsp_social_scheduling":{"enabled":false,"datetime":null,"platforms":[],"status":"template_only","dateOption":"today","timeOption":"now","customDays":"","customHours":"","customDate":"","customTime":"","schedulingType":"absolute"},"_wpsp_active_default_template":true},"categories":[37],"tags":[],"class_list":["post-39575","post","type-post","status-publish","format-standard","has-post-thumbnail","hentry","category-monde"],"aioseo_notices":[],"aioseo_head":"\n\t\t<!-- All in One SEO 5.0.0.1 - aioseo.com -->\n\t<meta name=\"description\" content=\"Les forces de l\u2019occupation sioniste ont arr\u00eat\u00e9 dans la nuit de samedi \u00e0 dimanche 12 Palestiniens dans la ville sainte d&#039;El-Qods occup\u00e9e, ont indiqu\u00e9 des sources locales palestiniennes. Selon ces sources cit\u00e9es par l&#039;agence de presse WAFA, les forces d\u2019occupation ont arr\u00eat\u00e9 trois enfants fr\u00e8res, apr\u00e8s la perquisition de leur maison familiale, dans le village\" \/>\n\t<meta name=\"robots\" content=\"max-image-preview:large\" \/>\n\t<meta name=\"author\" content=\"La Sentinelle\"\/>\n\t<link rel=\"canonical\" href=\"https:\/\/lasentinelle.dz\/index.php\/2023\/04\/16\/el-qods-occupee-les-forces-sionistes-arretent-12-palestiniens\/\" \/>\n\t<meta name=\"generator\" content=\"All in One SEO (AIOSEO) 5.0.0.1\" \/>\n\t\t<meta property=\"og:locale\" content=\"fr_FR\" \/>\n\t\t<meta property=\"og:site_name\" content=\"La Sentinelle - Quotidien national d&#039;information\" \/>\n\t\t<meta property=\"og:type\" content=\"article\" \/>\n\t\t<meta property=\"og:title\" content=\"El-Qods occup\u00e9e : Les forces sionistes arr\u00eatent 12 Palestiniens - La Sentinelle\" \/>\n\t\t<meta property=\"og:description\" content=\"Les forces de l\u2019occupation sioniste ont arr\u00eat\u00e9 dans la nuit de samedi \u00e0 dimanche 12 Palestiniens dans la ville sainte d&#039;El-Qods occup\u00e9e, ont indiqu\u00e9 des sources locales palestiniennes. Selon ces sources cit\u00e9es par l&#039;agence de presse WAFA, les forces d\u2019occupation ont arr\u00eat\u00e9 trois enfants fr\u00e8res, apr\u00e8s la perquisition de leur maison familiale, dans le village\" \/>\n\t\t<meta property=\"og:url\" content=\"https:\/\/lasentinelle.dz\/index.php\/2023\/04\/16\/el-qods-occupee-les-forces-sionistes-arretent-12-palestiniens\/\" \/>\n\t\t<meta property=\"og:image\" content=\"https:\/\/lasentinelle.dz\/wp-content\/uploads\/2021\/09\/cropped-la-sentinelle-earth-golden-anima-5.gif\" \/>\n\t\t<meta property=\"og:image:secure_url\" content=\"https:\/\/lasentinelle.dz\/wp-content\/uploads\/2021\/09\/cropped-la-sentinelle-earth-golden-anima-5.gif\" \/>\n\t\t<meta property=\"og:image:width\" content=\"450\" \/>\n\t\t<meta property=\"og:image:height\" content=\"213\" \/>\n\t\t<meta property=\"article:published_time\" content=\"2023-04-16T21:00:00+00:00\" \/>\n\t\t<meta property=\"article:modified_time\" content=\"2023-04-16T16:08:33+00:00\" \/>\n\t\t<meta property=\"article:publisher\" content=\"https:\/\/www.facebook.com\/azzedine.lasentinelle.1\" \/>\n\t\t<meta name=\"twitter:card\" content=\"summary_large_image\" \/>\n\t\t<meta name=\"twitter:title\" content=\"El-Qods occup\u00e9e : Les forces sionistes arr\u00eatent 12 Palestiniens - La Sentinelle\" \/>\n\t\t<meta name=\"twitter:description\" content=\"Les forces de l\u2019occupation sioniste ont arr\u00eat\u00e9 dans la nuit de samedi \u00e0 dimanche 12 Palestiniens dans la ville sainte d&#039;El-Qods occup\u00e9e, ont indiqu\u00e9 des sources locales palestiniennes. Selon ces sources cit\u00e9es par l&#039;agence de presse WAFA, les forces d\u2019occupation ont arr\u00eat\u00e9 trois enfants fr\u00e8res, apr\u00e8s la perquisition de leur maison familiale, dans le village\" \/>\n\t\t<meta name=\"twitter:image\" content=\"https:\/\/lasentinelle.dz\/wp-content\/uploads\/2021\/09\/cropped-la-sentinelle-earth-golden-anima-5.gif\" \/>\n\t\t<script type=\"application\/ld+json\" class=\"aioseo-schema\">\n\t\t\t{\"@context\":\"https:\\\/\\\/schema.org\",\"@graph\":[{\"@type\":\"BlogPosting\",\"@id\":\"https:\\\/\\\/lasentinelle.dz\\\/index.php\\\/2023\\\/04\\\/16\\\/el-qods-occupee-les-forces-sionistes-arretent-12-palestiniens\\\/#blogposting\",\"name\":\"El-Qods occup\\u00e9e : Les forces sionistes arr\\u00eatent 12 Palestiniens - La Sentinelle\",\"headline\":\"El-Qods occup\\u00e9e\\u00a0: Les forces sionistes arr\\u00eatent 12 Palestiniens\",\"author\":{\"@id\":\"https:\\\/\\\/lasentinelle.dz\\\/author\\\/redaction\\\/#author\"},\"publisher\":{\"@id\":\"https:\\\/\\\/lasentinelle.dz\\\/#organization\"},\"image\":{\"@type\":\"ImageObject\",\"url\":\"https:\\\/\\\/lasentinelle.dz\\\/wp-content\\\/uploads\\\/2023\\\/04\\\/image_2023-04-16_170755052.png\",\"width\":1646,\"height\":1234},\"datePublished\":\"2023-04-16T22:00:00+01:00\",\"dateModified\":\"2023-04-16T17:08:33+01:00\",\"inLanguage\":\"fr-FR\",\"mainEntityOfPage\":{\"@id\":\"https:\\\/\\\/lasentinelle.dz\\\/index.php\\\/2023\\\/04\\\/16\\\/el-qods-occupee-les-forces-sionistes-arretent-12-palestiniens\\\/#webpage\"},\"isPartOf\":{\"@id\":\"https:\\\/\\\/lasentinelle.dz\\\/index.php\\\/2023\\\/04\\\/16\\\/el-qods-occupee-les-forces-sionistes-arretent-12-palestiniens\\\/#webpage\"},\"articleSection\":\"Monde\"},{\"@type\":\"BreadcrumbList\",\"@id\":\"https:\\\/\\\/lasentinelle.dz\\\/index.php\\\/2023\\\/04\\\/16\\\/el-qods-occupee-les-forces-sionistes-arretent-12-palestiniens\\\/#breadcrumblist\",\"itemListElement\":[{\"@type\":\"ListItem\",\"@id\":\"https:\\\/\\\/lasentinelle.dz#listItem\",\"position\":1,\"name\":\"Home\",\"item\":\"https:\\\/\\\/lasentinelle.dz\",\"nextItem\":{\"@type\":\"ListItem\",\"@id\":\"https:\\\/\\\/lasentinelle.dz\\\/index.php\\\/category\\\/monde\\\/#listItem\",\"name\":\"Monde\"}},{\"@type\":\"ListItem\",\"@id\":\"https:\\\/\\\/lasentinelle.dz\\\/index.php\\\/category\\\/monde\\\/#listItem\",\"position\":2,\"name\":\"Monde\",\"item\":\"https:\\\/\\\/lasentinelle.dz\\\/index.php\\\/category\\\/monde\\\/\",\"nextItem\":{\"@type\":\"ListItem\",\"@id\":\"https:\\\/\\\/lasentinelle.dz\\\/index.php\\\/2023\\\/04\\\/16\\\/el-qods-occupee-les-forces-sionistes-arretent-12-palestiniens\\\/#listItem\",\"name\":\"El-Qods occup\\u00e9e\\u00a0: Les forces sionistes arr\\u00eatent 12 Palestiniens\"},\"previousItem\":{\"@type\":\"ListItem\",\"@id\":\"https:\\\/\\\/lasentinelle.dz#listItem\",\"name\":\"Home\"}},{\"@type\":\"ListItem\",\"@id\":\"https:\\\/\\\/lasentinelle.dz\\\/index.php\\\/2023\\\/04\\\/16\\\/el-qods-occupee-les-forces-sionistes-arretent-12-palestiniens\\\/#listItem\",\"position\":3,\"name\":\"El-Qods occup\\u00e9e\\u00a0: Les forces sionistes arr\\u00eatent 12 Palestiniens\",\"previousItem\":{\"@type\":\"ListItem\",\"@id\":\"https:\\\/\\\/lasentinelle.dz\\\/index.php\\\/category\\\/monde\\\/#listItem\",\"name\":\"Monde\"}}]},{\"@type\":\"Organization\",\"@id\":\"https:\\\/\\\/lasentinelle.dz\\\/#organization\",\"name\":\"La Sentinelle La Sentinelle\",\"description\":\"Quotidien national d'information\",\"url\":\"https:\\\/\\\/lasentinelle.dz\\\/\",\"logo\":{\"@type\":\"ImageObject\",\"url\":\"https:\\\/\\\/lasentinelle.dz\\\/wp-content\\\/uploads\\\/2021\\\/09\\\/cropped-la-sentinelle-earth-golden-anima-5.gif\",\"@id\":\"https:\\\/\\\/lasentinelle.dz\\\/index.php\\\/2023\\\/04\\\/16\\\/el-qods-occupee-les-forces-sionistes-arretent-12-palestiniens\\\/#organizationLogo\",\"width\":450,\"height\":213},\"image\":{\"@id\":\"https:\\\/\\\/lasentinelle.dz\\\/index.php\\\/2023\\\/04\\\/16\\\/el-qods-occupee-les-forces-sionistes-arretent-12-palestiniens\\\/#organizationLogo\"},\"sameAs\":[\"https:\\\/\\\/www.facebook.com\\\/azzedine.lasentinelle.1\"]},{\"@type\":\"Person\",\"@id\":\"https:\\\/\\\/lasentinelle.dz\\\/author\\\/redaction\\\/#author\",\"url\":\"https:\\\/\\\/lasentinelle.dz\\\/author\\\/redaction\\\/\",\"name\":\"La Sentinelle\",\"image\":{\"@type\":\"ImageObject\",\"@id\":\"https:\\\/\\\/lasentinelle.dz\\\/index.php\\\/2023\\\/04\\\/16\\\/el-qods-occupee-les-forces-sionistes-arretent-12-palestiniens\\\/#authorImage\",\"url\":\"https:\\\/\\\/secure.gravatar.com\\\/avatar\\\/57de8e5d4b15d43fb361a71fbb36338450fe67865b528a43dd10ef7c51a20392?s=96&d=mm&r=g\",\"width\":96,\"height\":96,\"caption\":\"La Sentinelle\"}},{\"@type\":\"WebPage\",\"@id\":\"https:\\\/\\\/lasentinelle.dz\\\/index.php\\\/2023\\\/04\\\/16\\\/el-qods-occupee-les-forces-sionistes-arretent-12-palestiniens\\\/#webpage\",\"url\":\"https:\\\/\\\/lasentinelle.dz\\\/index.php\\\/2023\\\/04\\\/16\\\/el-qods-occupee-les-forces-sionistes-arretent-12-palestiniens\\\/\",\"name\":\"El-Qods occup\\u00e9e : Les forces sionistes arr\\u00eatent 12 Palestiniens - La Sentinelle\",\"description\":\"Les forces de l\\u2019occupation sioniste ont arr\\u00eat\\u00e9 dans la nuit de samedi \\u00e0 dimanche 12 Palestiniens dans la ville sainte d'El-Qods occup\\u00e9e, ont indiqu\\u00e9 des sources locales palestiniennes. Selon ces sources cit\\u00e9es par l'agence de presse WAFA, les forces d\\u2019occupation ont arr\\u00eat\\u00e9 trois enfants fr\\u00e8res, apr\\u00e8s la perquisition de leur maison familiale, dans le village\",\"inLanguage\":\"fr-FR\",\"isPartOf\":{\"@id\":\"https:\\\/\\\/lasentinelle.dz\\\/#website\"},\"breadcrumb\":{\"@id\":\"https:\\\/\\\/lasentinelle.dz\\\/index.php\\\/2023\\\/04\\\/16\\\/el-qods-occupee-les-forces-sionistes-arretent-12-palestiniens\\\/#breadcrumblist\"},\"author\":{\"@id\":\"https:\\\/\\\/lasentinelle.dz\\\/author\\\/redaction\\\/#author\"},\"creator\":{\"@id\":\"https:\\\/\\\/lasentinelle.dz\\\/author\\\/redaction\\\/#author\"},\"image\":{\"@type\":\"ImageObject\",\"url\":\"https:\\\/\\\/lasentinelle.dz\\\/wp-content\\\/uploads\\\/2023\\\/04\\\/image_2023-04-16_170755052.png\",\"@id\":\"https:\\\/\\\/lasentinelle.dz\\\/index.php\\\/2023\\\/04\\\/16\\\/el-qods-occupee-les-forces-sionistes-arretent-12-palestiniens\\\/#mainImage\",\"width\":1646,\"height\":1234},\"primaryImageOfPage\":{\"@id\":\"https:\\\/\\\/lasentinelle.dz\\\/index.php\\\/2023\\\/04\\\/16\\\/el-qods-occupee-les-forces-sionistes-arretent-12-palestiniens\\\/#mainImage\"},\"datePublished\":\"2023-04-16T22:00:00+01:00\",\"dateModified\":\"2023-04-16T17:08:33+01:00\"},{\"@type\":\"WebSite\",\"@id\":\"https:\\\/\\\/lasentinelle.dz\\\/#website\",\"url\":\"https:\\\/\\\/lasentinelle.dz\\\/\",\"name\":\"La Sentinelle\",\"description\":\"Quotidien national d'information\",\"inLanguage\":\"fr-FR\",\"publisher\":{\"@id\":\"https:\\\/\\\/lasentinelle.dz\\\/#organization\"}}]}\n\t\t<\/script>\n\t\t<!-- All in One SEO -->\n\n","aioseo_head_json":{"title":"El-Qods occup\u00e9e : Les forces sionistes arr\u00eatent 12 Palestiniens - La Sentinelle","description":"Les forces de l\u2019occupation sioniste ont arr\u00eat\u00e9 dans la nuit de samedi \u00e0 dimanche 12 Palestiniens dans la ville sainte d'El-Qods occup\u00e9e, ont indiqu\u00e9 des sources locales palestiniennes. Selon ces sources cit\u00e9es par l'agence de presse WAFA, les forces d\u2019occupation ont arr\u00eat\u00e9 trois enfants fr\u00e8res, apr\u00e8s la perquisition de leur maison familiale, dans le village","canonical_url":"https:\/\/lasentinelle.dz\/index.php\/2023\/04\/16\/el-qods-occupee-les-forces-sionistes-arretent-12-palestiniens\/","robots":"max-image-preview:large","keywords":"","webmasterTools":{"miscellaneous":""},"schema":{"@context":"https:\/\/schema.org","@graph":[{"@type":"BlogPosting","@id":"https:\/\/lasentinelle.dz\/index.php\/2023\/04\/16\/el-qods-occupee-les-forces-sionistes-arretent-12-palestiniens\/#blogposting","name":"El-Qods occup\u00e9e : Les forces sionistes arr\u00eatent 12 Palestiniens - La Sentinelle","headline":"El-Qods occup\u00e9e\u00a0: Les forces sionistes arr\u00eatent 12 Palestiniens","author":{"@id":"https:\/\/lasentinelle.dz\/author\/redaction\/#author"},"publisher":{"@id":"https:\/\/lasentinelle.dz\/#organization"},"image":{"@type":"ImageObject","url":"https:\/\/lasentinelle.dz\/wp-content\/uploads\/2023\/04\/image_2023-04-16_170755052.png","width":1646,"height":1234},"datePublished":"2023-04-16T22:00:00+01:00","dateModified":"2023-04-16T17:08:33+01:00","inLanguage":"fr-FR","mainEntityOfPage":{"@id":"https:\/\/lasentinelle.dz\/index.php\/2023\/04\/16\/el-qods-occupee-les-forces-sionistes-arretent-12-palestiniens\/#webpage"},"isPartOf":{"@id":"https:\/\/lasentinelle.dz\/index.php\/2023\/04\/16\/el-qods-occupee-les-forces-sionistes-arretent-12-palestiniens\/#webpage"},"articleSection":"Monde"},{"@type":"BreadcrumbList","@id":"https:\/\/lasentinelle.dz\/index.php\/2023\/04\/16\/el-qods-occupee-les-forces-sionistes-arretent-12-palestiniens\/#breadcrumblist","itemListElement":[{"@type":"ListItem","@id":"https:\/\/lasentinelle.dz#listItem","position":1,"name":"Home","item":"https:\/\/lasentinelle.dz","nextItem":{"@type":"ListItem","@id":"https:\/\/lasentinelle.dz\/index.php\/category\/monde\/#listItem","name":"Monde"}},{"@type":"ListItem","@id":"https:\/\/lasentinelle.dz\/index.php\/category\/monde\/#listItem","position":2,"name":"Monde","item":"https:\/\/lasentinelle.dz\/index.php\/category\/monde\/","nextItem":{"@type":"ListItem","@id":"https:\/\/lasentinelle.dz\/index.php\/2023\/04\/16\/el-qods-occupee-les-forces-sionistes-arretent-12-palestiniens\/#listItem","name":"El-Qods occup\u00e9e\u00a0: Les forces sionistes arr\u00eatent 12 Palestiniens"},"previousItem":{"@type":"ListItem","@id":"https:\/\/lasentinelle.dz#listItem","name":"Home"}},{"@type":"ListItem","@id":"https:\/\/lasentinelle.dz\/index.php\/2023\/04\/16\/el-qods-occupee-les-forces-sionistes-arretent-12-palestiniens\/#listItem","position":3,"name":"El-Qods occup\u00e9e\u00a0: Les forces sionistes arr\u00eatent 12 Palestiniens","previousItem":{"@type":"ListItem","@id":"https:\/\/lasentinelle.dz\/index.php\/category\/monde\/#listItem","name":"Monde"}}]},{"@type":"Organization","@id":"https:\/\/lasentinelle.dz\/#organization","name":"La Sentinelle La Sentinelle","description":"Quotidien national d'information","url":"https:\/\/lasentinelle.dz\/","logo":{"@type":"ImageObject","url":"https:\/\/lasentinelle.dz\/wp-content\/uploads\/2021\/09\/cropped-la-sentinelle-earth-golden-anima-5.gif","@id":"https:\/\/lasentinelle.dz\/index.php\/2023\/04\/16\/el-qods-occupee-les-forces-sionistes-arretent-12-palestiniens\/#organizationLogo","width":450,"height":213},"image":{"@id":"https:\/\/lasentinelle.dz\/index.php\/2023\/04\/16\/el-qods-occupee-les-forces-sionistes-arretent-12-palestiniens\/#organizationLogo"},"sameAs":["https:\/\/www.facebook.com\/azzedine.lasentinelle.1"]},{"@type":"Person","@id":"https:\/\/lasentinelle.dz\/author\/redaction\/#author","url":"https:\/\/lasentinelle.dz\/author\/redaction\/","name":"La Sentinelle","image":{"@type":"ImageObject","@id":"https:\/\/lasentinelle.dz\/index.php\/2023\/04\/16\/el-qods-occupee-les-forces-sionistes-arretent-12-palestiniens\/#authorImage","url":"https:\/\/secure.gravatar.com\/avatar\/57de8e5d4b15d43fb361a71fbb36338450fe67865b528a43dd10ef7c51a20392?s=96&d=mm&r=g","width":96,"height":96,"caption":"La Sentinelle"}},{"@type":"WebPage","@id":"https:\/\/lasentinelle.dz\/index.php\/2023\/04\/16\/el-qods-occupee-les-forces-sionistes-arretent-12-palestiniens\/#webpage","url":"https:\/\/lasentinelle.dz\/index.php\/2023\/04\/16\/el-qods-occupee-les-forces-sionistes-arretent-12-palestiniens\/","name":"El-Qods occup\u00e9e : Les forces sionistes arr\u00eatent 12 Palestiniens - La Sentinelle","description":"Les forces de l\u2019occupation sioniste ont arr\u00eat\u00e9 dans la nuit de samedi \u00e0 dimanche 12 Palestiniens dans la ville sainte d'El-Qods occup\u00e9e, ont indiqu\u00e9 des sources locales palestiniennes. Selon ces sources cit\u00e9es par l'agence de presse WAFA, les forces d\u2019occupation ont arr\u00eat\u00e9 trois enfants fr\u00e8res, apr\u00e8s la perquisition de leur maison familiale, dans le village","inLanguage":"fr-FR","isPartOf":{"@id":"https:\/\/lasentinelle.dz\/#website"},"breadcrumb":{"@id":"https:\/\/lasentinelle.dz\/index.php\/2023\/04\/16\/el-qods-occupee-les-forces-sionistes-arretent-12-palestiniens\/#breadcrumblist"},"author":{"@id":"https:\/\/lasentinelle.dz\/author\/redaction\/#author"},"creator":{"@id":"https:\/\/lasentinelle.dz\/author\/redaction\/#author"},"image":{"@type":"ImageObject","url":"https:\/\/lasentinelle.dz\/wp-content\/uploads\/2023\/04\/image_2023-04-16_170755052.png","@id":"https:\/\/lasentinelle.dz\/index.php\/2023\/04\/16\/el-qods-occupee-les-forces-sionistes-arretent-12-palestiniens\/#mainImage","width":1646,"height":1234},"primaryImageOfPage":{"@id":"https:\/\/lasentinelle.dz\/index.php\/2023\/04\/16\/el-qods-occupee-les-forces-sionistes-arretent-12-palestiniens\/#mainImage"},"datePublished":"2023-04-16T22:00:00+01:00","dateModified":"2023-04-16T17:08:33+01:00"},{"@type":"WebSite","@id":"https:\/\/lasentinelle.dz\/#website","url":"https:\/\/lasentinelle.dz\/","name":"La Sentinelle","description":"Quotidien national d'information","inLanguage":"fr-FR","publisher":{"@id":"https:\/\/lasentinelle.dz\/#organization"}}]},"og:locale":"fr_FR","og:site_name":"La Sentinelle - Quotidien national d'information","og:type":"article","og:title":"El-Qods occup\u00e9e : Les forces sionistes arr\u00eatent 12 Palestiniens - La Sentinelle","og:description":"Les forces de l\u2019occupation sioniste ont arr\u00eat\u00e9 dans la nuit de samedi \u00e0 dimanche 12 Palestiniens dans la ville sainte d'El-Qods occup\u00e9e, ont indiqu\u00e9 des sources locales palestiniennes. Selon ces sources cit\u00e9es par l'agence de presse WAFA, les forces d\u2019occupation ont arr\u00eat\u00e9 trois enfants fr\u00e8res, apr\u00e8s la perquisition de leur maison familiale, dans le village","og:url":"https:\/\/lasentinelle.dz\/index.php\/2023\/04\/16\/el-qods-occupee-les-forces-sionistes-arretent-12-palestiniens\/","og:image":"https:\/\/lasentinelle.dz\/wp-content\/uploads\/2021\/09\/cropped-la-sentinelle-earth-golden-anima-5.gif","og:image:secure_url":"https:\/\/lasentinelle.dz\/wp-content\/uploads\/2021\/09\/cropped-la-sentinelle-earth-golden-anima-5.gif","og:image:width":450,"og:image:height":213,"article:published_time":"2023-04-16T21:00:00+00:00","article:modified_time":"2023-04-16T16:08:33+00:00","article:publisher":"https:\/\/www.facebook.com\/azzedine.lasentinelle.1","twitter:card":"summary_large_image","twitter:title":"El-Qods occup\u00e9e : Les forces sionistes arr\u00eatent 12 Palestiniens - La Sentinelle","twitter:description":"Les forces de l\u2019occupation sioniste ont arr\u00eat\u00e9 dans la nuit de samedi \u00e0 dimanche 12 Palestiniens dans la ville sainte d'El-Qods occup\u00e9e, ont indiqu\u00e9 des sources locales palestiniennes. Selon ces sources cit\u00e9es par l'agence de presse WAFA, les forces d\u2019occupation ont arr\u00eat\u00e9 trois enfants fr\u00e8res, apr\u00e8s la perquisition de leur maison familiale, dans le village","twitter:image":"https:\/\/lasentinelle.dz\/wp-content\/uploads\/2021\/09\/cropped-la-sentinelle-earth-golden-anima-5.gif"},"aioseo_meta_data":{"post_id":"39575","title":null,"description":null,"keywords":null,"keyphrases":null,"primary_term":null,"canonical_url":null,"og_title":null,"og_description":null,"og_object_type":"default","og_image_type":"default","og_image_url":null,"og_image_width":null,"og_image_height":null,"og_image_custom_url":null,"og_image_custom_fields":null,"og_video":null,"og_custom_url":null,"og_article_section":null,"og_article_tags":null,"twitter_use_og":false,"twitter_card":"default","twitter_image_type":"default","twitter_image_url":null,"twitter_image_custom_url":null,"twitter_image_custom_fields":null,"twitter_title":null,"twitter_description":null,"schema":{"blockGraphs":[],"customGraphs":[],"default":{"data":{"Article":[],"Course":[],"Dataset":[],"FAQPage":[],"Movie":[],"Person":[],"Product":[],"ProductReview":[],"Car":[],"Recipe":[],"Service":[],"SoftwareApplication":[],"WebPage":[]},"graphName":"","isEnabled":true},"graphs":[]},"schema_type":"default","schema_type_options":null,"pillar_content":false,"robots_default":true,"robots_noindex":false,"robots_noarchive":false,"robots_nosnippet":false,"robots_nofollow":false,"robots_noimageindex":false,"robots_noodp":false,"robots_notranslate":false,"robots_max_snippet":null,"robots_max_videopreview":null,"robots_max_imagepreview":"large","priority":null,"frequency":null,"local_seo":null,"breadcrumb_settings":null,"limit_modified_date":false,"ai":null,"created":"2026-05-01 17:41:50","updated":"2026-05-01 17:41:50","focus_keyword":null,"additional_keywords":null,"truseo_locale":null,"seo_analyzer_scan_date":null},"aioseo_breadcrumb":"<div class=\"aioseo-breadcrumbs\"><span class=\"aioseo-breadcrumb\">\n\t\t\t<a href=\"https:\/\/lasentinelle.dz\" title=\"Home\">Home<\/a>\n\t\t<\/span><span class=\"aioseo-breadcrumb-separator\">&raquo;<\/span><span class=\"aioseo-breadcrumb\">\n\t\t\t<a href=\"https:\/\/lasentinelle.dz\/index.php\/category\/monde\/\" title=\"Monde\">Monde<\/a>\n\t\t<\/span><span class=\"aioseo-breadcrumb-separator\">&raquo;<\/span><span class=\"aioseo-breadcrumb\">\n\t\t\tEl-Qods occup\u00e9e : Les forces sionistes arr\u00eatent 12 Palestiniens\n\t\t<\/span><\/div>","aioseo_breadcrumb_json":[{"label":"Home","link":"https:\/\/lasentinelle.dz"},{"label":"Monde","link":"https:\/\/lasentinelle.dz\/index.php\/category\/monde\/"},{"label":"El-Qods occup\u00e9e\u00a0: Les forces sionistes arr\u00eatent 12 Palestiniens","link":"https:\/\/lasentinelle.dz\/index.php\/2023\/04\/16\/el-qods-occupee-les-forces-sionistes-arretent-12-palestiniens\/"}],"yoast_head":"<!-- This site is optimized with the Yoast SEO plugin v28.4 - https:\/\/yoast.com\/product\/yoast-seo-wordpress\/ -->\n<title>El-Qods occup\u00e9e\u00a0: Les forces sionistes arr\u00eatent 12 Palestiniens - La Sentinelle<\/title>\n<meta name=\"robots\" content=\"index, follow, max-snippet:-1, max-image-preview:large, max-video-preview:-1\" \/>\n<link rel=\"canonical\" href=\"https:\/\/lasentinelle.dz\/index.php\/2023\/04\/16\/el-qods-occupee-les-forces-sionistes-arretent-12-palestiniens\/\" \/>\n<meta property=\"og:locale\" content=\"fr_FR\" \/>\n<meta property=\"og:type\" content=\"article\" \/>\n<meta property=\"og:title\" content=\"El-Qods occup\u00e9e\u00a0: Les forces sionistes arr\u00eatent 12 Palestiniens - La Sentinelle\" \/>\n<meta property=\"og:description\" content=\"Les forces de l\u2019occupation sioniste ont arr\u00eat\u00e9 dans la nuit de samedi \u00e0 dimanche 12 Palestiniens dans la ville sainte\" \/>\n<meta property=\"og:url\" content=\"https:\/\/lasentinelle.dz\/index.php\/2023\/04\/16\/el-qods-occupee-les-forces-sionistes-arretent-12-palestiniens\/\" \/>\n<meta property=\"og:site_name\" content=\"La Sentinelle\" \/>\n<meta property=\"article:publisher\" content=\"https:\/\/www.facebook.com\/La-Sentinelle-104059864394773\" \/>\n<meta property=\"article:published_time\" content=\"2023-04-16T21:00:00+00:00\" \/>\n<meta property=\"og:image\" content=\"https:\/\/lasentinelle.dz\/wp-content\/uploads\/2023\/04\/image_2023-04-16_170755052-1024x768.png\" \/>\n\t<meta property=\"og:image:width\" content=\"1024\" \/>\n\t<meta property=\"og:image:height\" content=\"768\" \/>\n\t<meta property=\"og:image:type\" content=\"image\/png\" \/>\n<meta name=\"author\" content=\"La Sentinelle\" \/>\n<meta name=\"twitter:card\" content=\"summary_large_image\" \/>\n<meta name=\"twitter:label1\" content=\"\u00c9crit par\" \/>\n\t<meta name=\"twitter:data1\" content=\"La Sentinelle\" \/>\n\t<meta name=\"twitter:label2\" content=\"Dur\u00e9e de lecture estim\u00e9e\" \/>\n\t<meta name=\"twitter:data2\" content=\"2 minutes\" \/>\n<script type=\"application\/ld+json\" class=\"yoast-schema-graph\">{\"@context\":\"https:\\\/\\\/schema.org\",\"@graph\":[{\"@type\":\"Article\",\"@id\":\"https:\\\/\\\/lasentinelle.dz\\\/index.php\\\/2023\\\/04\\\/16\\\/el-qods-occupee-les-forces-sionistes-arretent-12-palestiniens\\\/#article\",\"isPartOf\":{\"@id\":\"https:\\\/\\\/lasentinelle.dz\\\/index.php\\\/2023\\\/04\\\/16\\\/el-qods-occupee-les-forces-sionistes-arretent-12-palestiniens\\\/\"},\"author\":{\"name\":\"La Sentinelle\",\"@id\":\"https:\\\/\\\/lasentinelle.dz\\\/#\\\/schema\\\/person\\\/d865044e22e70a75174ce8bcad3acfb3\"},\"headline\":\"El-Qods occup\u00e9e\u00a0: Les forces sionistes arr\u00eatent 12 Palestiniens\",\"datePublished\":\"2023-04-16T21:00:00+00:00\",\"mainEntityOfPage\":{\"@id\":\"https:\\\/\\\/lasentinelle.dz\\\/index.php\\\/2023\\\/04\\\/16\\\/el-qods-occupee-les-forces-sionistes-arretent-12-palestiniens\\\/\"},\"wordCount\":312,\"commentCount\":0,\"publisher\":{\"@id\":\"https:\\\/\\\/lasentinelle.dz\\\/#organization\"},\"image\":{\"@id\":\"https:\\\/\\\/lasentinelle.dz\\\/index.php\\\/2023\\\/04\\\/16\\\/el-qods-occupee-les-forces-sionistes-arretent-12-palestiniens\\\/#primaryimage\"},\"thumbnailUrl\":\"https:\\\/\\\/lasentinelle.dz\\\/wp-content\\\/uploads\\\/2023\\\/04\\\/image_2023-04-16_170755052.png\",\"articleSection\":[\"Monde\"],\"inLanguage\":\"fr-FR\",\"potentialAction\":[{\"@type\":\"CommentAction\",\"name\":\"Comment\",\"target\":[\"https:\\\/\\\/lasentinelle.dz\\\/index.php\\\/2023\\\/04\\\/16\\\/el-qods-occupee-les-forces-sionistes-arretent-12-palestiniens\\\/#respond\"]}]},{\"@type\":\"WebPage\",\"@id\":\"https:\\\/\\\/lasentinelle.dz\\\/index.php\\\/2023\\\/04\\\/16\\\/el-qods-occupee-les-forces-sionistes-arretent-12-palestiniens\\\/\",\"url\":\"https:\\\/\\\/lasentinelle.dz\\\/index.php\\\/2023\\\/04\\\/16\\\/el-qods-occupee-les-forces-sionistes-arretent-12-palestiniens\\\/\",\"name\":\"El-Qods occup\u00e9e\u00a0: Les forces sionistes arr\u00eatent 12 Palestiniens - La Sentinelle\",\"isPartOf\":{\"@id\":\"https:\\\/\\\/lasentinelle.dz\\\/#website\"},\"primaryImageOfPage\":{\"@id\":\"https:\\\/\\\/lasentinelle.dz\\\/index.php\\\/2023\\\/04\\\/16\\\/el-qods-occupee-les-forces-sionistes-arretent-12-palestiniens\\\/#primaryimage\"},\"image\":{\"@id\":\"https:\\\/\\\/lasentinelle.dz\\\/index.php\\\/2023\\\/04\\\/16\\\/el-qods-occupee-les-forces-sionistes-arretent-12-palestiniens\\\/#primaryimage\"},\"thumbnailUrl\":\"https:\\\/\\\/lasentinelle.dz\\\/wp-content\\\/uploads\\\/2023\\\/04\\\/image_2023-04-16_170755052.png\",\"datePublished\":\"2023-04-16T21:00:00+00:00\",\"breadcrumb\":{\"@id\":\"https:\\\/\\\/lasentinelle.dz\\\/index.php\\\/2023\\\/04\\\/16\\\/el-qods-occupee-les-forces-sionistes-arretent-12-palestiniens\\\/#breadcrumb\"},\"inLanguage\":\"fr-FR\",\"potentialAction\":[{\"@type\":\"ReadAction\",\"target\":[\"https:\\\/\\\/lasentinelle.dz\\\/index.php\\\/2023\\\/04\\\/16\\\/el-qods-occupee-les-forces-sionistes-arretent-12-palestiniens\\\/\"]}]},{\"@type\":\"ImageObject\",\"inLanguage\":\"fr-FR\",\"@id\":\"https:\\\/\\\/lasentinelle.dz\\\/index.php\\\/2023\\\/04\\\/16\\\/el-qods-occupee-les-forces-sionistes-arretent-12-palestiniens\\\/#primaryimage\",\"url\":\"https:\\\/\\\/lasentinelle.dz\\\/wp-content\\\/uploads\\\/2023\\\/04\\\/image_2023-04-16_170755052.png\",\"contentUrl\":\"https:\\\/\\\/lasentinelle.dz\\\/wp-content\\\/uploads\\\/2023\\\/04\\\/image_2023-04-16_170755052.png\",\"width\":1646,\"height\":1234},{\"@type\":\"BreadcrumbList\",\"@id\":\"https:\\\/\\\/lasentinelle.dz\\\/index.php\\\/2023\\\/04\\\/16\\\/el-qods-occupee-les-forces-sionistes-arretent-12-palestiniens\\\/#breadcrumb\",\"itemListElement\":[{\"@type\":\"ListItem\",\"position\":1,\"name\":\"Accueil\",\"item\":\"https:\\\/\\\/lasentinelle.dz\\\/\"},{\"@type\":\"ListItem\",\"position\":2,\"name\":\"El-Qods occup\u00e9e\u00a0: Les forces sionistes arr\u00eatent 12 Palestiniens\"}]},{\"@type\":\"WebSite\",\"@id\":\"https:\\\/\\\/lasentinelle.dz\\\/#website\",\"url\":\"https:\\\/\\\/lasentinelle.dz\\\/\",\"name\":\"La Sentinelle\",\"description\":\"Quotidien national d&#039;information\",\"publisher\":{\"@id\":\"https:\\\/\\\/lasentinelle.dz\\\/#organization\"},\"potentialAction\":[{\"@type\":\"SearchAction\",\"target\":{\"@type\":\"EntryPoint\",\"urlTemplate\":\"https:\\\/\\\/lasentinelle.dz\\\/?s={search_term_string}\"},\"query-input\":{\"@type\":\"PropertyValueSpecification\",\"valueRequired\":true,\"valueName\":\"search_term_string\"}}],\"inLanguage\":\"fr-FR\"},{\"@type\":\"Organization\",\"@id\":\"https:\\\/\\\/lasentinelle.dz\\\/#organization\",\"name\":\"Quotidien La Sentinelle\",\"url\":\"https:\\\/\\\/lasentinelle.dz\\\/\",\"logo\":{\"@type\":\"ImageObject\",\"inLanguage\":\"fr-FR\",\"@id\":\"https:\\\/\\\/lasentinelle.dz\\\/#\\\/schema\\\/logo\\\/image\\\/\",\"url\":\"https:\\\/\\\/lasentinelle.dz\\\/wp-content\\\/uploads\\\/2021\\\/09\\\/logo-sentinelleSLOGAN-1.png\",\"contentUrl\":\"https:\\\/\\\/lasentinelle.dz\\\/wp-content\\\/uploads\\\/2021\\\/09\\\/logo-sentinelleSLOGAN-1.png\",\"width\":615,\"height\":142,\"caption\":\"Quotidien La Sentinelle\"},\"image\":{\"@id\":\"https:\\\/\\\/lasentinelle.dz\\\/#\\\/schema\\\/logo\\\/image\\\/\"},\"sameAs\":[\"https:\\\/\\\/www.facebook.com\\\/La-Sentinelle-104059864394773\"]},{\"@type\":\"Person\",\"@id\":\"https:\\\/\\\/lasentinelle.dz\\\/#\\\/schema\\\/person\\\/d865044e22e70a75174ce8bcad3acfb3\",\"name\":\"La Sentinelle\",\"image\":{\"@type\":\"ImageObject\",\"inLanguage\":\"fr-FR\",\"@id\":\"https:\\\/\\\/secure.gravatar.com\\\/avatar\\\/57de8e5d4b15d43fb361a71fbb36338450fe67865b528a43dd10ef7c51a20392?s=96&d=mm&r=g\",\"url\":\"https:\\\/\\\/secure.gravatar.com\\\/avatar\\\/57de8e5d4b15d43fb361a71fbb36338450fe67865b528a43dd10ef7c51a20392?s=96&d=mm&r=g\",\"contentUrl\":\"https:\\\/\\\/secure.gravatar.com\\\/avatar\\\/57de8e5d4b15d43fb361a71fbb36338450fe67865b528a43dd10ef7c51a20392?s=96&d=mm&r=g\",\"caption\":\"La Sentinelle\"},\"sameAs\":[\"http:\\\/\\\/www.lasentinelle.dz\"],\"url\":\"https:\\\/\\\/lasentinelle.dz\\\/author\\\/redaction\\\/\"}]}<\/script>\n<!-- \/ Yoast SEO plugin. -->","yoast_head_json":{"title":"El-Qods occup\u00e9e\u00a0: Les forces sionistes arr\u00eatent 12 Palestiniens - La Sentinelle","robots":{"index":"index","follow":"follow","max-snippet":"max-snippet:-1","max-image-preview":"max-image-preview:large","max-video-preview":"max-video-preview:-1"},"canonical":"https:\/\/lasentinelle.dz\/index.php\/2023\/04\/16\/el-qods-occupee-les-forces-sionistes-arretent-12-palestiniens\/","og_locale":"fr_FR","og_type":"article","og_title":"El-Qods occup\u00e9e\u00a0: Les forces sionistes arr\u00eatent 12 Palestiniens - La Sentinelle","og_description":"Les forces de l\u2019occupation sioniste ont arr\u00eat\u00e9 dans la nuit de samedi \u00e0 dimanche 12 Palestiniens dans la ville sainte","og_url":"https:\/\/lasentinelle.dz\/index.php\/2023\/04\/16\/el-qods-occupee-les-forces-sionistes-arretent-12-palestiniens\/","og_site_name":"La Sentinelle","article_publisher":"https:\/\/www.facebook.com\/La-Sentinelle-104059864394773","article_published_time":"2023-04-16T21:00:00+00:00","og_image":[{"width":1024,"height":768,"url":"https:\/\/lasentinelle.dz\/wp-content\/uploads\/2023\/04\/image_2023-04-16_170755052-1024x768.png","type":"image\/png"}],"author":"La Sentinelle","twitter_card":"summary_large_image","twitter_misc":{"\u00c9crit par":"La Sentinelle","Dur\u00e9e de lecture estim\u00e9e":"2 minutes"},"schema":{"@context":"https:\/\/schema.org","@graph":[{"@type":"Article","@id":"https:\/\/lasentinelle.dz\/index.php\/2023\/04\/16\/el-qods-occupee-les-forces-sionistes-arretent-12-palestiniens\/#article","isPartOf":{"@id":"https:\/\/lasentinelle.dz\/index.php\/2023\/04\/16\/el-qods-occupee-les-forces-sionistes-arretent-12-palestiniens\/"},"author":{"name":"La Sentinelle","@id":"https:\/\/lasentinelle.dz\/#\/schema\/person\/d865044e22e70a75174ce8bcad3acfb3"},"headline":"El-Qods occup\u00e9e\u00a0: Les forces sionistes arr\u00eatent 12 Palestiniens","datePublished":"2023-04-16T21:00:00+00:00","mainEntityOfPage":{"@id":"https:\/\/lasentinelle.dz\/index.php\/2023\/04\/16\/el-qods-occupee-les-forces-sionistes-arretent-12-palestiniens\/"},"wordCount":312,"commentCount":0,"publisher":{"@id":"https:\/\/lasentinelle.dz\/#organization"},"image":{"@id":"https:\/\/lasentinelle.dz\/index.php\/2023\/04\/16\/el-qods-occupee-les-forces-sionistes-arretent-12-palestiniens\/#primaryimage"},"thumbnailUrl":"https:\/\/lasentinelle.dz\/wp-content\/uploads\/2023\/04\/image_2023-04-16_170755052.png","articleSection":["Monde"],"inLanguage":"fr-FR","potentialAction":[{"@type":"CommentAction","name":"Comment","target":["https:\/\/lasentinelle.dz\/index.php\/2023\/04\/16\/el-qods-occupee-les-forces-sionistes-arretent-12-palestiniens\/#respond"]}]},{"@type":"WebPage","@id":"https:\/\/lasentinelle.dz\/index.php\/2023\/04\/16\/el-qods-occupee-les-forces-sionistes-arretent-12-palestiniens\/","url":"https:\/\/lasentinelle.dz\/index.php\/2023\/04\/16\/el-qods-occupee-les-forces-sionistes-arretent-12-palestiniens\/","name":"El-Qods occup\u00e9e\u00a0: Les forces sionistes arr\u00eatent 12 Palestiniens - La Sentinelle","isPartOf":{"@id":"https:\/\/lasentinelle.dz\/#website"},"primaryImageOfPage":{"@id":"https:\/\/lasentinelle.dz\/index.php\/2023\/04\/16\/el-qods-occupee-les-forces-sionistes-arretent-12-palestiniens\/#primaryimage"},"image":{"@id":"https:\/\/lasentinelle.dz\/index.php\/2023\/04\/16\/el-qods-occupee-les-forces-sionistes-arretent-12-palestiniens\/#primaryimage"},"thumbnailUrl":"https:\/\/lasentinelle.dz\/wp-content\/uploads\/2023\/04\/image_2023-04-16_170755052.png","datePublished":"2023-04-16T21:00:00+00:00","breadcrumb":{"@id":"https:\/\/lasentinelle.dz\/index.php\/2023\/04\/16\/el-qods-occupee-les-forces-sionistes-arretent-12-palestiniens\/#breadcrumb"},"inLanguage":"fr-FR","potentialAction":[{"@type":"ReadAction","target":["https:\/\/lasentinelle.dz\/index.php\/2023\/04\/16\/el-qods-occupee-les-forces-sionistes-arretent-12-palestiniens\/"]}]},{"@type":"ImageObject","inLanguage":"fr-FR","@id":"https:\/\/lasentinelle.dz\/index.php\/2023\/04\/16\/el-qods-occupee-les-forces-sionistes-arretent-12-palestiniens\/#primaryimage","url":"https:\/\/lasentinelle.dz\/wp-content\/uploads\/2023\/04\/image_2023-04-16_170755052.png","contentUrl":"https:\/\/lasentinelle.dz\/wp-content\/uploads\/2023\/04\/image_2023-04-16_170755052.png","width":1646,"height":1234},{"@type":"BreadcrumbList","@id":"https:\/\/lasentinelle.dz\/index.php\/2023\/04\/16\/el-qods-occupee-les-forces-sionistes-arretent-12-palestiniens\/#breadcrumb","itemListElement":[{"@type":"ListItem","position":1,"name":"Accueil","item":"https:\/\/lasentinelle.dz\/"},{"@type":"ListItem","position":2,"name":"El-Qods occup\u00e9e\u00a0: Les forces sionistes arr\u00eatent 12 Palestiniens"}]},{"@type":"WebSite","@id":"https:\/\/lasentinelle.dz\/#website","url":"https:\/\/lasentinelle.dz\/","name":"La Sentinelle","description":"Quotidien national d&#039;information","publisher":{"@id":"https:\/\/lasentinelle.dz\/#organization"},"potentialAction":[{"@type":"SearchAction","target":{"@type":"EntryPoint","urlTemplate":"https:\/\/lasentinelle.dz\/?s={search_term_string}"},"query-input":{"@type":"PropertyValueSpecification","valueRequired":true,"valueName":"search_term_string"}}],"inLanguage":"fr-FR"},{"@type":"Organization","@id":"https:\/\/lasentinelle.dz\/#organization","name":"Quotidien La Sentinelle","url":"https:\/\/lasentinelle.dz\/","logo":{"@type":"ImageObject","inLanguage":"fr-FR","@id":"https:\/\/lasentinelle.dz\/#\/schema\/logo\/image\/","url":"https:\/\/lasentinelle.dz\/wp-content\/uploads\/2021\/09\/logo-sentinelleSLOGAN-1.png","contentUrl":"https:\/\/lasentinelle.dz\/wp-content\/uploads\/2021\/09\/logo-sentinelleSLOGAN-1.png","width":615,"height":142,"caption":"Quotidien La Sentinelle"},"image":{"@id":"https:\/\/lasentinelle.dz\/#\/schema\/logo\/image\/"},"sameAs":["https:\/\/www.facebook.com\/La-Sentinelle-104059864394773"]},{"@type":"Person","@id":"https:\/\/lasentinelle.dz\/#\/schema\/person\/d865044e22e70a75174ce8bcad3acfb3","name":"La Sentinelle","image":{"@type":"ImageObject","inLanguage":"fr-FR","@id":"https:\/\/secure.gravatar.com\/avatar\/57de8e5d4b15d43fb361a71fbb36338450fe67865b528a43dd10ef7c51a20392?s=96&d=mm&r=g","url":"https:\/\/secure.gravatar.com\/avatar\/57de8e5d4b15d43fb361a71fbb36338450fe67865b528a43dd10ef7c51a20392?s=96&d=mm&r=g","contentUrl":"https:\/\/secure.gravatar.com\/avatar\/57de8e5d4b15d43fb361a71fbb36338450fe67865b528a43dd10ef7c51a20392?s=96&d=mm&r=g","caption":"La Sentinelle"},"sameAs":["http:\/\/www.lasentinelle.dz"],"url":"https:\/\/lasentinelle.dz\/author\/redaction\/"}]}},"_links":{"self":[{"href":"https:\/\/lasentinelle.dz\/index.php\/wp-json\/wp\/v2\/posts\/39575","targetHints":{"allow":["GET"]}}],"collection":[{"href":"https:\/\/lasentinelle.dz\/index.php\/wp-json\/wp\/v2\/posts"}],"about":[{"href":"https:\/\/lasentinelle.dz\/index.php\/wp-json\/wp\/v2\/types\/post"}],"author":[{"embeddable":true,"href":"https:\/\/lasentinelle.dz\/index.php\/wp-json\/wp\/v2\/users\/3"}],"replies":[{"embeddable":true,"href":"https:\/\/lasentinelle.dz\/index.php\/wp-json\/wp\/v2\/comments?post=39575"}],"version-history":[{"count":1,"href":"https:\/\/lasentinelle.dz\/index.php\/wp-json\/wp\/v2\/posts\/39575\/revisions"}],"predecessor-version":[{"id":39585,"href":"https:\/\/lasentinelle.dz\/index.php\/wp-json\/wp\/v2\/posts\/39575\/revisions\/39585"}],"wp:featuredmedia":[{"embeddable":true,"href":"https:\/\/lasentinelle.dz\/index.php\/wp-json\/wp\/v2\/media\/39584"}],"wp:attachment":[{"href":"https:\/\/lasentinelle.dz\/index.php\/wp-json\/wp\/v2\/media?parent=39575"}],"wp:term":[{"taxonomy":"category","embeddable":true,"href":"https:\/\/lasentinelle.dz\/index.php\/wp-json\/wp\/v2\/categories?post=39575"},{"taxonomy":"post_tag","embeddable":true,"href":"https:\/\/lasentinelle.dz\/index.php\/wp-json\/wp\/v2\/tags?post=39575"}],"curies":[{"name":"wp","href":"https:\/\/api.w.org\/{rel}","templated":true}]}}