{"id":39649,"date":"2023-04-17T22:00:00","date_gmt":"2023-04-17T21:00:00","guid":{"rendered":"https:\/\/lasentinelle.dz\/?p=39649"},"modified":"2023-04-17T18:32:29","modified_gmt":"2023-04-17T17:32:29","slug":"guelma-filiere-de-tomate-industrielle-lancement-de-la-campagne-de-transplantation","status":"publish","type":"post","link":"https:\/\/lasentinelle.dz\/index.php\/2023\/04\/17\/guelma-filiere-de-tomate-industrielle-lancement-de-la-campagne-de-transplantation\/","title":{"rendered":"Guelma : fili\u00e8re de tomate industrielle \/ Lancement de la campagne de transplantation"},"content":{"rendered":"\n<p>En d\u00e9pit du stress hydrique qui a affect\u00e9 cette ann\u00e9e la wilaya de Guelma, en raison de la baisse drastique du niveau barrage de Bouhamdane qui n\u2019est plus en mesure d\u2019alimenter le p\u00e9rim\u00e8tre d\u2019irrigation Guelma-Bouchegouf, la direction des services agricoles a tout de m\u00eame lanca la campagne de repiquage de la tomate industrielle.<\/p>\n\n\n\n<p>Or, si la s\u00e9cheresse persiste, les 4.500 hectares r\u00e9serv\u00e9s \u00e0 cette fili\u00e8re strat\u00e9gique risquent d\u2019\u00eatre r\u00e9duit \u00e0 1.500 hectares, selon des membres du CWIP, Conseil wilaya interprofessionnel. N\u00e9anmoins, il a \u00e9t\u00e9 d\u00e9cid\u00e9 de d\u00e9marrer l\u2019exploitation de 600 hectares situ\u00e9s dans les zones o\u00f9 le syst\u00e8me d\u2019irrigation au goutte \u00e0 goutte est possible. Certains agriculteurs de la tomate industrielle ont manifest\u00e9 une certaine assurance, au vu de la d\u00e9termination des responsables de la wilaya de Guelma \u00e0 surmonter cette situation en accordant des mesures incitatives aux fellahs qui seront accompagn\u00e9s pour assurer le d\u00e9veloppement de cette culture strat\u00e9gique. Il est imp\u00e9ratif que la wilaya de Guelma pr\u00e9serve son statut de p\u00f4le r\u00e9gional dans ce domaine, sachant que la tomate industrielle occupe une place pr\u00e9pond\u00e9rante dans l\u2019agroalimentaire. L\u2019objectif recherch\u00e9 vise la labellisation de ce produit, l\u2019autosuffisance alimentaire et, \u00e0 long terme, un exc\u00e9dent de la production \u00e0 l\u2019exportation. Il a soulign\u00e9 que la faible pluviom\u00e9trie a, non seulement affect\u00e9 la fili\u00e8re de la tomate industrielle dans la wilaya de Guelma, mais dans plusieurs wilayas de la r\u00e9gion est du pays, El Tarf, Annaba et Skikda. M\u00eame constat enregistr\u00e9 dans d\u2019autres wilayas du pays. Sauf que ce d\u00e9sagr\u00e9ment naturel n\u2019a pas impact\u00e9 le taux de production. Au contraire, l\u2019ann\u00e9e 2022 a \u00e9t\u00e9 caract\u00e9ris\u00e9e par une production abondante. Il a \u00e9t\u00e9 enregistr\u00e9 rappelons-le, une production record de tomate industrielle, fr\u00f4lant les 20 millions de quintaux, dont 12 millions de quintaux de tomates transform\u00e9es. Quant \u00e0 l\u2019ann\u00e9e 2021, la production de la tomate industrielle \u00e9tait de plus de 23 millions de quintaux, enregistrant une croissance de plus de 17% par rapport \u00e0 2020, ce qui a permis \u00e0 l\u2019Alg\u00e9rie d\u2019assurer son autosuffisance en double concentr\u00e9 et triple concentr\u00e9 de tomate.<\/p>\n\n\n\n<p><strong>Sofia Chahine<\/strong><\/p>\n","protected":false},"excerpt":{"rendered":"<p>En d\u00e9pit du stress hydrique qui a affect\u00e9 cette ann\u00e9e la wilaya de Guelma, en raison de la baisse drastique<\/p>\n","protected":false},"author":3,"featured_media":24842,"comment_status":"open","ping_status":"closed","sticky":false,"template":"","format":"standard","meta":{"colormag_page_container_layout":"default_layout","colormag_page_sidebar_layout":"default_layout","om_disable_all_campaigns":false,"_monsterinsights_skip_tracking":false,"_monsterinsights_sitenote_active":false,"_monsterinsights_sitenote_note":"","_monsterinsights_sitenote_category":0,"footnotes":"","_wpscppro_dont_share_socialmedia":false,"_wpscppro_custom_social_share_image":0,"_facebook_share_type":"","_twitter_share_type":"","_linkedin_share_type":"","_pinterest_share_type":"","_linkedin_share_type_page":"","_instagram_share_type":"","_medium_share_type":"","_threads_share_type":"","_google_business_share_type":"","_selected_social_profile":[],"_wpsp_enable_custom_social_template":false,"_wpsp_social_scheduling":{"enabled":false,"datetime":null,"platforms":[],"status":"template_only","dateOption":"today","timeOption":"now","customDays":"","customHours":"","customDate":"","customTime":"","schedulingType":"absolute"},"_wpsp_active_default_template":true},"categories":[31],"tags":[],"class_list":["post-39649","post","type-post","status-publish","format-standard","has-post-thumbnail","hentry","category-regions"],"aioseo_notices":[],"yoast_head":"<!-- This site is optimized with the Yoast SEO plugin v27.5 - https:\/\/yoast.com\/product\/yoast-seo-wordpress\/ -->\n<title>Guelma : fili\u00e8re de tomate industrielle \/ Lancement de la campagne de transplantation - La Sentinelle<\/title>\n<meta name=\"robots\" content=\"index, follow, max-snippet:-1, max-image-preview:large, max-video-preview:-1\" \/>\n<link rel=\"canonical\" href=\"https:\/\/lasentinelle.dz\/index.php\/2023\/04\/17\/guelma-filiere-de-tomate-industrielle-lancement-de-la-campagne-de-transplantation\/\" \/>\n<meta property=\"og:locale\" content=\"fr_FR\" \/>\n<meta property=\"og:type\" content=\"article\" \/>\n<meta property=\"og:title\" content=\"Guelma : fili\u00e8re de tomate industrielle \/ Lancement de la campagne de transplantation - La Sentinelle\" \/>\n<meta property=\"og:description\" content=\"En d\u00e9pit du stress hydrique qui a affect\u00e9 cette ann\u00e9e la wilaya de Guelma, en raison de la baisse drastique\" \/>\n<meta property=\"og:url\" content=\"https:\/\/lasentinelle.dz\/index.php\/2023\/04\/17\/guelma-filiere-de-tomate-industrielle-lancement-de-la-campagne-de-transplantation\/\" \/>\n<meta property=\"og:site_name\" content=\"La Sentinelle\" \/>\n<meta property=\"article:publisher\" content=\"https:\/\/www.facebook.com\/La-Sentinelle-104059864394773\" \/>\n<meta property=\"article:published_time\" content=\"2023-04-17T21:00:00+00:00\" \/>\n<meta property=\"og:image\" content=\"https:\/\/lasentinelle.dz\/wp-content\/uploads\/2022\/07\/Tomate-industrielle-1024x680.png\" \/>\n\t<meta property=\"og:image:width\" content=\"1024\" \/>\n\t<meta property=\"og:image:height\" content=\"680\" \/>\n\t<meta property=\"og:image:type\" content=\"image\/png\" \/>\n<meta name=\"author\" content=\"La Sentinelle\" \/>\n<meta name=\"twitter:card\" content=\"summary_large_image\" \/>\n<meta name=\"twitter:label1\" content=\"\u00c9crit par\" \/>\n\t<meta name=\"twitter:data1\" content=\"La Sentinelle\" \/>\n\t<meta name=\"twitter:label2\" content=\"Dur\u00e9e de lecture estim\u00e9e\" \/>\n\t<meta name=\"twitter:data2\" content=\"2 minutes\" \/>\n<script type=\"application\/ld+json\" class=\"yoast-schema-graph\">{\"@context\":\"https:\\\/\\\/schema.org\",\"@graph\":[{\"@type\":\"Article\",\"@id\":\"https:\\\/\\\/lasentinelle.dz\\\/index.php\\\/2023\\\/04\\\/17\\\/guelma-filiere-de-tomate-industrielle-lancement-de-la-campagne-de-transplantation\\\/#article\",\"isPartOf\":{\"@id\":\"https:\\\/\\\/lasentinelle.dz\\\/index.php\\\/2023\\\/04\\\/17\\\/guelma-filiere-de-tomate-industrielle-lancement-de-la-campagne-de-transplantation\\\/\"},\"author\":{\"name\":\"La Sentinelle\",\"@id\":\"https:\\\/\\\/lasentinelle.dz\\\/#\\\/schema\\\/person\\\/d865044e22e70a75174ce8bcad3acfb3\"},\"headline\":\"Guelma : fili\u00e8re de tomate industrielle \\\/ Lancement de la campagne de transplantation\",\"datePublished\":\"2023-04-17T21:00:00+00:00\",\"mainEntityOfPage\":{\"@id\":\"https:\\\/\\\/lasentinelle.dz\\\/index.php\\\/2023\\\/04\\\/17\\\/guelma-filiere-de-tomate-industrielle-lancement-de-la-campagne-de-transplantation\\\/\"},\"wordCount\":389,\"commentCount\":0,\"publisher\":{\"@id\":\"https:\\\/\\\/lasentinelle.dz\\\/#organization\"},\"image\":{\"@id\":\"https:\\\/\\\/lasentinelle.dz\\\/index.php\\\/2023\\\/04\\\/17\\\/guelma-filiere-de-tomate-industrielle-lancement-de-la-campagne-de-transplantation\\\/#primaryimage\"},\"thumbnailUrl\":\"https:\\\/\\\/lasentinelle.dz\\\/wp-content\\\/uploads\\\/2022\\\/07\\\/Tomate-industrielle.png\",\"articleSection\":[\"R\u00e9gions\"],\"inLanguage\":\"fr-FR\",\"potentialAction\":[{\"@type\":\"CommentAction\",\"name\":\"Comment\",\"target\":[\"https:\\\/\\\/lasentinelle.dz\\\/index.php\\\/2023\\\/04\\\/17\\\/guelma-filiere-de-tomate-industrielle-lancement-de-la-campagne-de-transplantation\\\/#respond\"]}]},{\"@type\":\"WebPage\",\"@id\":\"https:\\\/\\\/lasentinelle.dz\\\/index.php\\\/2023\\\/04\\\/17\\\/guelma-filiere-de-tomate-industrielle-lancement-de-la-campagne-de-transplantation\\\/\",\"url\":\"https:\\\/\\\/lasentinelle.dz\\\/index.php\\\/2023\\\/04\\\/17\\\/guelma-filiere-de-tomate-industrielle-lancement-de-la-campagne-de-transplantation\\\/\",\"name\":\"Guelma : fili\u00e8re de tomate industrielle \\\/ Lancement de la campagne de transplantation - La Sentinelle\",\"isPartOf\":{\"@id\":\"https:\\\/\\\/lasentinelle.dz\\\/#website\"},\"primaryImageOfPage\":{\"@id\":\"https:\\\/\\\/lasentinelle.dz\\\/index.php\\\/2023\\\/04\\\/17\\\/guelma-filiere-de-tomate-industrielle-lancement-de-la-campagne-de-transplantation\\\/#primaryimage\"},\"image\":{\"@id\":\"https:\\\/\\\/lasentinelle.dz\\\/index.php\\\/2023\\\/04\\\/17\\\/guelma-filiere-de-tomate-industrielle-lancement-de-la-campagne-de-transplantation\\\/#primaryimage\"},\"thumbnailUrl\":\"https:\\\/\\\/lasentinelle.dz\\\/wp-content\\\/uploads\\\/2022\\\/07\\\/Tomate-industrielle.png\",\"datePublished\":\"2023-04-17T21:00:00+00:00\",\"breadcrumb\":{\"@id\":\"https:\\\/\\\/lasentinelle.dz\\\/index.php\\\/2023\\\/04\\\/17\\\/guelma-filiere-de-tomate-industrielle-lancement-de-la-campagne-de-transplantation\\\/#breadcrumb\"},\"inLanguage\":\"fr-FR\",\"potentialAction\":[{\"@type\":\"ReadAction\",\"target\":[\"https:\\\/\\\/lasentinelle.dz\\\/index.php\\\/2023\\\/04\\\/17\\\/guelma-filiere-de-tomate-industrielle-lancement-de-la-campagne-de-transplantation\\\/\"]}]},{\"@type\":\"ImageObject\",\"inLanguage\":\"fr-FR\",\"@id\":\"https:\\\/\\\/lasentinelle.dz\\\/index.php\\\/2023\\\/04\\\/17\\\/guelma-filiere-de-tomate-industrielle-lancement-de-la-campagne-de-transplantation\\\/#primaryimage\",\"url\":\"https:\\\/\\\/lasentinelle.dz\\\/wp-content\\\/uploads\\\/2022\\\/07\\\/Tomate-industrielle.png\",\"contentUrl\":\"https:\\\/\\\/lasentinelle.dz\\\/wp-content\\\/uploads\\\/2022\\\/07\\\/Tomate-industrielle.png\",\"width\":1356,\"height\":900},{\"@type\":\"BreadcrumbList\",\"@id\":\"https:\\\/\\\/lasentinelle.dz\\\/index.php\\\/2023\\\/04\\\/17\\\/guelma-filiere-de-tomate-industrielle-lancement-de-la-campagne-de-transplantation\\\/#breadcrumb\",\"itemListElement\":[{\"@type\":\"ListItem\",\"position\":1,\"name\":\"Accueil\",\"item\":\"https:\\\/\\\/lasentinelle.dz\\\/\"},{\"@type\":\"ListItem\",\"position\":2,\"name\":\"Guelma : fili\u00e8re de tomate industrielle \\\/ Lancement de la campagne de transplantation\"}]},{\"@type\":\"WebSite\",\"@id\":\"https:\\\/\\\/lasentinelle.dz\\\/#website\",\"url\":\"https:\\\/\\\/lasentinelle.dz\\\/\",\"name\":\"La Sentinelle\",\"description\":\"Quotidien national d&#039;information\",\"publisher\":{\"@id\":\"https:\\\/\\\/lasentinelle.dz\\\/#organization\"},\"potentialAction\":[{\"@type\":\"SearchAction\",\"target\":{\"@type\":\"EntryPoint\",\"urlTemplate\":\"https:\\\/\\\/lasentinelle.dz\\\/?s={search_term_string}\"},\"query-input\":{\"@type\":\"PropertyValueSpecification\",\"valueRequired\":true,\"valueName\":\"search_term_string\"}}],\"inLanguage\":\"fr-FR\"},{\"@type\":\"Organization\",\"@id\":\"https:\\\/\\\/lasentinelle.dz\\\/#organization\",\"name\":\"Quotidien La Sentinelle\",\"url\":\"https:\\\/\\\/lasentinelle.dz\\\/\",\"logo\":{\"@type\":\"ImageObject\",\"inLanguage\":\"fr-FR\",\"@id\":\"https:\\\/\\\/lasentinelle.dz\\\/#\\\/schema\\\/logo\\\/image\\\/\",\"url\":\"https:\\\/\\\/lasentinelle.dz\\\/wp-content\\\/uploads\\\/2021\\\/09\\\/logo-sentinelleSLOGAN-1.png\",\"contentUrl\":\"https:\\\/\\\/lasentinelle.dz\\\/wp-content\\\/uploads\\\/2021\\\/09\\\/logo-sentinelleSLOGAN-1.png\",\"width\":615,\"height\":142,\"caption\":\"Quotidien La Sentinelle\"},\"image\":{\"@id\":\"https:\\\/\\\/lasentinelle.dz\\\/#\\\/schema\\\/logo\\\/image\\\/\"},\"sameAs\":[\"https:\\\/\\\/www.facebook.com\\\/La-Sentinelle-104059864394773\"]},{\"@type\":\"Person\",\"@id\":\"https:\\\/\\\/lasentinelle.dz\\\/#\\\/schema\\\/person\\\/d865044e22e70a75174ce8bcad3acfb3\",\"name\":\"La Sentinelle\",\"image\":{\"@type\":\"ImageObject\",\"inLanguage\":\"fr-FR\",\"@id\":\"https:\\\/\\\/secure.gravatar.com\\\/avatar\\\/57de8e5d4b15d43fb361a71fbb36338450fe67865b528a43dd10ef7c51a20392?s=96&d=mm&r=g\",\"url\":\"https:\\\/\\\/secure.gravatar.com\\\/avatar\\\/57de8e5d4b15d43fb361a71fbb36338450fe67865b528a43dd10ef7c51a20392?s=96&d=mm&r=g\",\"contentUrl\":\"https:\\\/\\\/secure.gravatar.com\\\/avatar\\\/57de8e5d4b15d43fb361a71fbb36338450fe67865b528a43dd10ef7c51a20392?s=96&d=mm&r=g\",\"caption\":\"La Sentinelle\"},\"sameAs\":[\"http:\\\/\\\/www.lasentinelle.dz\"],\"url\":\"https:\\\/\\\/lasentinelle.dz\\\/author\\\/redaction\\\/\"}]}<\/script>\n<!-- \/ Yoast SEO plugin. -->","yoast_head_json":{"title":"Guelma : fili\u00e8re de tomate industrielle \/ Lancement de la campagne de transplantation - La Sentinelle","robots":{"index":"index","follow":"follow","max-snippet":"max-snippet:-1","max-image-preview":"max-image-preview:large","max-video-preview":"max-video-preview:-1"},"canonical":"https:\/\/lasentinelle.dz\/index.php\/2023\/04\/17\/guelma-filiere-de-tomate-industrielle-lancement-de-la-campagne-de-transplantation\/","og_locale":"fr_FR","og_type":"article","og_title":"Guelma : fili\u00e8re de tomate industrielle \/ Lancement de la campagne de transplantation - La Sentinelle","og_description":"En d\u00e9pit du stress hydrique qui a affect\u00e9 cette ann\u00e9e la wilaya de Guelma, en raison de la baisse drastique","og_url":"https:\/\/lasentinelle.dz\/index.php\/2023\/04\/17\/guelma-filiere-de-tomate-industrielle-lancement-de-la-campagne-de-transplantation\/","og_site_name":"La Sentinelle","article_publisher":"https:\/\/www.facebook.com\/La-Sentinelle-104059864394773","article_published_time":"2023-04-17T21:00:00+00:00","og_image":[{"width":1024,"height":680,"url":"https:\/\/lasentinelle.dz\/wp-content\/uploads\/2022\/07\/Tomate-industrielle-1024x680.png","type":"image\/png"}],"author":"La Sentinelle","twitter_card":"summary_large_image","twitter_misc":{"\u00c9crit par":"La Sentinelle","Dur\u00e9e de lecture estim\u00e9e":"2 minutes"},"schema":{"@context":"https:\/\/schema.org","@graph":[{"@type":"Article","@id":"https:\/\/lasentinelle.dz\/index.php\/2023\/04\/17\/guelma-filiere-de-tomate-industrielle-lancement-de-la-campagne-de-transplantation\/#article","isPartOf":{"@id":"https:\/\/lasentinelle.dz\/index.php\/2023\/04\/17\/guelma-filiere-de-tomate-industrielle-lancement-de-la-campagne-de-transplantation\/"},"author":{"name":"La Sentinelle","@id":"https:\/\/lasentinelle.dz\/#\/schema\/person\/d865044e22e70a75174ce8bcad3acfb3"},"headline":"Guelma : fili\u00e8re de tomate industrielle \/ Lancement de la campagne de transplantation","datePublished":"2023-04-17T21:00:00+00:00","mainEntityOfPage":{"@id":"https:\/\/lasentinelle.dz\/index.php\/2023\/04\/17\/guelma-filiere-de-tomate-industrielle-lancement-de-la-campagne-de-transplantation\/"},"wordCount":389,"commentCount":0,"publisher":{"@id":"https:\/\/lasentinelle.dz\/#organization"},"image":{"@id":"https:\/\/lasentinelle.dz\/index.php\/2023\/04\/17\/guelma-filiere-de-tomate-industrielle-lancement-de-la-campagne-de-transplantation\/#primaryimage"},"thumbnailUrl":"https:\/\/lasentinelle.dz\/wp-content\/uploads\/2022\/07\/Tomate-industrielle.png","articleSection":["R\u00e9gions"],"inLanguage":"fr-FR","potentialAction":[{"@type":"CommentAction","name":"Comment","target":["https:\/\/lasentinelle.dz\/index.php\/2023\/04\/17\/guelma-filiere-de-tomate-industrielle-lancement-de-la-campagne-de-transplantation\/#respond"]}]},{"@type":"WebPage","@id":"https:\/\/lasentinelle.dz\/index.php\/2023\/04\/17\/guelma-filiere-de-tomate-industrielle-lancement-de-la-campagne-de-transplantation\/","url":"https:\/\/lasentinelle.dz\/index.php\/2023\/04\/17\/guelma-filiere-de-tomate-industrielle-lancement-de-la-campagne-de-transplantation\/","name":"Guelma : fili\u00e8re de tomate industrielle \/ Lancement de la campagne de transplantation - La Sentinelle","isPartOf":{"@id":"https:\/\/lasentinelle.dz\/#website"},"primaryImageOfPage":{"@id":"https:\/\/lasentinelle.dz\/index.php\/2023\/04\/17\/guelma-filiere-de-tomate-industrielle-lancement-de-la-campagne-de-transplantation\/#primaryimage"},"image":{"@id":"https:\/\/lasentinelle.dz\/index.php\/2023\/04\/17\/guelma-filiere-de-tomate-industrielle-lancement-de-la-campagne-de-transplantation\/#primaryimage"},"thumbnailUrl":"https:\/\/lasentinelle.dz\/wp-content\/uploads\/2022\/07\/Tomate-industrielle.png","datePublished":"2023-04-17T21:00:00+00:00","breadcrumb":{"@id":"https:\/\/lasentinelle.dz\/index.php\/2023\/04\/17\/guelma-filiere-de-tomate-industrielle-lancement-de-la-campagne-de-transplantation\/#breadcrumb"},"inLanguage":"fr-FR","potentialAction":[{"@type":"ReadAction","target":["https:\/\/lasentinelle.dz\/index.php\/2023\/04\/17\/guelma-filiere-de-tomate-industrielle-lancement-de-la-campagne-de-transplantation\/"]}]},{"@type":"ImageObject","inLanguage":"fr-FR","@id":"https:\/\/lasentinelle.dz\/index.php\/2023\/04\/17\/guelma-filiere-de-tomate-industrielle-lancement-de-la-campagne-de-transplantation\/#primaryimage","url":"https:\/\/lasentinelle.dz\/wp-content\/uploads\/2022\/07\/Tomate-industrielle.png","contentUrl":"https:\/\/lasentinelle.dz\/wp-content\/uploads\/2022\/07\/Tomate-industrielle.png","width":1356,"height":900},{"@type":"BreadcrumbList","@id":"https:\/\/lasentinelle.dz\/index.php\/2023\/04\/17\/guelma-filiere-de-tomate-industrielle-lancement-de-la-campagne-de-transplantation\/#breadcrumb","itemListElement":[{"@type":"ListItem","position":1,"name":"Accueil","item":"https:\/\/lasentinelle.dz\/"},{"@type":"ListItem","position":2,"name":"Guelma : fili\u00e8re de tomate industrielle \/ Lancement de la campagne de transplantation"}]},{"@type":"WebSite","@id":"https:\/\/lasentinelle.dz\/#website","url":"https:\/\/lasentinelle.dz\/","name":"La Sentinelle","description":"Quotidien national d&#039;information","publisher":{"@id":"https:\/\/lasentinelle.dz\/#organization"},"potentialAction":[{"@type":"SearchAction","target":{"@type":"EntryPoint","urlTemplate":"https:\/\/lasentinelle.dz\/?s={search_term_string}"},"query-input":{"@type":"PropertyValueSpecification","valueRequired":true,"valueName":"search_term_string"}}],"inLanguage":"fr-FR"},{"@type":"Organization","@id":"https:\/\/lasentinelle.dz\/#organization","name":"Quotidien La Sentinelle","url":"https:\/\/lasentinelle.dz\/","logo":{"@type":"ImageObject","inLanguage":"fr-FR","@id":"https:\/\/lasentinelle.dz\/#\/schema\/logo\/image\/","url":"https:\/\/lasentinelle.dz\/wp-content\/uploads\/2021\/09\/logo-sentinelleSLOGAN-1.png","contentUrl":"https:\/\/lasentinelle.dz\/wp-content\/uploads\/2021\/09\/logo-sentinelleSLOGAN-1.png","width":615,"height":142,"caption":"Quotidien La Sentinelle"},"image":{"@id":"https:\/\/lasentinelle.dz\/#\/schema\/logo\/image\/"},"sameAs":["https:\/\/www.facebook.com\/La-Sentinelle-104059864394773"]},{"@type":"Person","@id":"https:\/\/lasentinelle.dz\/#\/schema\/person\/d865044e22e70a75174ce8bcad3acfb3","name":"La Sentinelle","image":{"@type":"ImageObject","inLanguage":"fr-FR","@id":"https:\/\/secure.gravatar.com\/avatar\/57de8e5d4b15d43fb361a71fbb36338450fe67865b528a43dd10ef7c51a20392?s=96&d=mm&r=g","url":"https:\/\/secure.gravatar.com\/avatar\/57de8e5d4b15d43fb361a71fbb36338450fe67865b528a43dd10ef7c51a20392?s=96&d=mm&r=g","contentUrl":"https:\/\/secure.gravatar.com\/avatar\/57de8e5d4b15d43fb361a71fbb36338450fe67865b528a43dd10ef7c51a20392?s=96&d=mm&r=g","caption":"La Sentinelle"},"sameAs":["http:\/\/www.lasentinelle.dz"],"url":"https:\/\/lasentinelle.dz\/author\/redaction\/"}]}},"_links":{"self":[{"href":"https:\/\/lasentinelle.dz\/index.php\/wp-json\/wp\/v2\/posts\/39649","targetHints":{"allow":["GET"]}}],"collection":[{"href":"https:\/\/lasentinelle.dz\/index.php\/wp-json\/wp\/v2\/posts"}],"about":[{"href":"https:\/\/lasentinelle.dz\/index.php\/wp-json\/wp\/v2\/types\/post"}],"author":[{"embeddable":true,"href":"https:\/\/lasentinelle.dz\/index.php\/wp-json\/wp\/v2\/users\/3"}],"replies":[{"embeddable":true,"href":"https:\/\/lasentinelle.dz\/index.php\/wp-json\/wp\/v2\/comments?post=39649"}],"version-history":[{"count":1,"href":"https:\/\/lasentinelle.dz\/index.php\/wp-json\/wp\/v2\/posts\/39649\/revisions"}],"predecessor-version":[{"id":39652,"href":"https:\/\/lasentinelle.dz\/index.php\/wp-json\/wp\/v2\/posts\/39649\/revisions\/39652"}],"wp:featuredmedia":[{"embeddable":true,"href":"https:\/\/lasentinelle.dz\/index.php\/wp-json\/wp\/v2\/media\/24842"}],"wp:attachment":[{"href":"https:\/\/lasentinelle.dz\/index.php\/wp-json\/wp\/v2\/media?parent=39649"}],"wp:term":[{"taxonomy":"category","embeddable":true,"href":"https:\/\/lasentinelle.dz\/index.php\/wp-json\/wp\/v2\/categories?post=39649"},{"taxonomy":"post_tag","embeddable":true,"href":"https:\/\/lasentinelle.dz\/index.php\/wp-json\/wp\/v2\/tags?post=39649"}],"curies":[{"name":"wp","href":"https:\/\/api.w.org\/{rel}","templated":true}]}}