{"id":39682,"date":"2023-04-17T22:17:00","date_gmt":"2023-04-17T21:17:00","guid":{"rendered":"https:\/\/lasentinelle.dz\/?p=39682"},"modified":"2023-04-17T21:48:09","modified_gmt":"2023-04-17T20:48:09","slug":"developpement-minier-lheure-du-concret","status":"publish","type":"post","link":"https:\/\/lasentinelle.dz\/index.php\/2023\/04\/17\/developpement-minier-lheure-du-concret\/","title":{"rendered":"D\u00e9veloppement minier\u00a0: L\u2019heure du concret\u00a0!"},"content":{"rendered":"\n<p>Le programme de d\u00e9veloppement minier entre dans sa phase effective. Si les grands projets miniers attendent la finalisation toutes proches des \u00e9tudes lanc\u00e9es avant d\u2019entrer en exploitation, plusieurs usines de transformations de diverses ressources mini\u00e8res, aussi bien \u00e0 l\u2019Est qu\u2019\u00e0 l\u2019Ouest du pays sont en passe d\u2019entrer en production et fourniront ainsi des mati\u00e8res premi\u00e8res locales \u00e0 l\u2019industrie nationale.<\/p>\n\n\n\n<p>Ainsi, et en attendant de voir les mines de fer de Ghar Djebilet, les mines de phosphates de T\u00e9bessa, ou les mines de zinc de B\u00e9ja\u00efa entrer en production, l\u2019Alg\u00e9rie produira tr\u00e8s bient\u00f4t de la bentonite, du carbonate, du feldspath et de la dolomite. Et ce n\u2019est que le pr\u00e9lude pour un programme ambitieux qui entend optimiser l\u2019exploitation le potentiel dont dispose l\u2019Alg\u00e9rie laquelle abrite, selon certaines \u00e9tudes, 20% des r\u00e9serves mondiales en terres rares.<\/p>\n\n\n\n<p>Dans ce contexte et intervenant au Forum de la Radio alg\u00e9rienne, le pr\u00e9sident directeur g\u00e9n\u00e9ral (PDG) du groupe Manadjim El-Djazair (Manal) Mohamed Sakhr Harami&nbsp; a indiqu\u00e9 hier que son groupe a engag\u00e9 la r\u00e9alisation de plusieurs unit\u00e9s de transformation de produits miniers dont certaines entrerons en services les prochains jours. \u00ab\u00a0Nous avons entam\u00e9, au niveau du groupe, la r\u00e9alisation de plusieurs usines de transformation, dont certaines entreront en service les prochains jours\u00a0\u00bb, a-t-il poursuivi. Il a rappel\u00e9, dans ce sens, les usines de bentonite \u00e0 Meghnia (Tlemcen), de carbonate \u00e0 Sig (Mascara) et \u00e0 El Kheroub, outre l&rsquo;unit\u00e9 de production de feldspath \u00e0 Annaba et de dolomite (Oum El Bouaghi) un des composants du fer. Ces usines qui sont au dernier stade de r\u00e9alisation et dont certaines seront entr\u00e9es en service contribueront \u00e0 assurer la disponibilit\u00e9 des mati\u00e8res premi\u00e8res n\u00e9cessaires \u00e0 l&rsquo;industrie dans plusieurs secteurs. Harami a \u00e9galement rappel\u00e9 que \u00ab\u00a0la strat\u00e9gie adopt\u00e9e par le minist\u00e8re de l&rsquo;Energie consiste \u00e0 exporter les mati\u00e8res mini\u00e8res valoris\u00e9es, ainsi que la r\u00e9alisation d&rsquo;usines \u00e0 cet effet\u00a0\u00bb.<\/p>\n\n\n\n<p><strong>Ghar Djebilet&nbsp;: un partenariat sign\u00e9 en 2023<\/strong><\/p>\n\n\n\n<p>Il va sans dire que les trois grands projets miniers ax\u00e9s sur l\u2019exploitation des mines de fer, de phosphate et de zinc demeurent l\u2019\u00e9pine dorsale du programme national de d\u00e9veloppement minier. Et si leur d\u00e9veloppement reste tributaire, pour certains, de la mise en place de la base logistique, notamment les lignes de chemin de fer pour le transport de minerai, les responsables du groupe Manal et de ses filiales affichent de l\u2019optimisme quant \u00e0 l\u2019aboutissement des phases pr\u00e9paratoires d\u00e8s cette ann\u00e9e.&nbsp; C\u2019est le cas pour l\u2019exploitation de la mine de fer de Ghar Djebilet qui suscite l\u2019int\u00e9r\u00eat des sid\u00e9rurgistes d\u00e9j\u00e0 install\u00e9s en Alg\u00e9rie que d\u2019un partenaire chinois avec lequel la signature d\u2019un accord est pr\u00e9vue avant la fin de 2023. C\u2019est ce qu\u2019assure le PDG de l\u2019Entreprise nationale de fer et de l\u2019acier (Feraal), Ahmed Benabbas. Le responsable qui &nbsp;a rappel\u00e9 \u00e0 son tour, l\u2019accord conclu jeudi pass\u00e9 avec le complexe sid\u00e9rurgique Tosyali de Bethioua \u00e0 Oran, portant sur le lancement d\u2019une unit\u00e9 de production de concentr\u00e9 de minerai de fer dans la wilaya de Bechar, explique que celui-ci<\/p>\n\n\n\n<p>\u00e9nonce les mesures \u00e0 entreprendre pour la cr\u00e9ation d&rsquo;une joint-venture Feraal-Tosyali au mois de septembre, tout en garantissant les conditions afin que la soci\u00e9t\u00e9 d\u00e9bute directement la r\u00e9alisation de la premi\u00e8re usine qui sera dans la wilaya de B\u00e9char. Dans ce cadre, M. Benabbas a fait \u00e9tat d&rsquo;un 2e partenariat avec un groupe chinois pour la cr\u00e9ation d&rsquo;une joint-venture qui sera cette fois d\u00e9di\u00e9e \u00e0 la r\u00e9alisation d&rsquo;un projet pour l&rsquo;exportation vers la Chine. Des discussions sont \u00e9galement en cours avec Algerian Qtari Steem \u00ab\u00a0AQS\u00a0\u00bb Ballara pour fournir \u00e0 cette entreprise la mati\u00e8re premi\u00e8re sid\u00e9rurgique. Benabbas a indiqu\u00e9 que de nombreux pays arabes et europ\u00e9ens, ainsi que le Japon, la Chine et la Turquie, ont exprim\u00e9 leur volont\u00e9 d\u2019\u00e9tablir un partenariat. Pour ce qui est du Projet phosphate int\u00e9gr\u00e9e, Benabbes a rappel\u00e9 qu&rsquo;une soci\u00e9t\u00e9 a \u00e9t\u00e9 cr\u00e9\u00e9e en partenariat entre le groupe industriel minier Manadjim El Djaza\u00efr (Manal) et le Groupe industriel Engrais et Produits Phytosanitaires (ASMIDAL) du c\u00f4t\u00e9 alg\u00e9rien, et deux soci\u00e9t\u00e9s chinoises pour le partenaire chinois. Cette soci\u00e9t\u00e9 \u0153uvre actuellement \u00e0 finaliser toutes les \u00e9tudes de faisabilit\u00e9 et techniques pour entamer effectivement la r\u00e9alisation du projet, avant de le pr\u00e9senter au Conseil des participations de l&rsquo;Etat (CPE) pour prendre la d\u00e9cision finale sur l&rsquo;investissement, a-t-il ajout\u00e9. Enfin et s&rsquo;agissant du projet d\u2019exploitation du Plomb Zinc de Oued Amizour, le responsable a fait \u00e9tat de l\u2019ach\u00e8vement de plusieurs phases et de l\u2019\u00e9tude de faisabilit\u00e9, des risques et des impacts environnementaux, indiquant que le groupe entend r\u00e9aliser une usine pour valoriser le Zinc afin de r\u00e9pondre \u00e0 la demande locale et d&rsquo;exporter l&rsquo;exc\u00e9dent de production.<\/p>\n\n\n\n<p><strong>Hocine Fadheli<\/strong><\/p>\n","protected":false},"excerpt":{"rendered":"<p>Le programme de d\u00e9veloppement minier entre dans sa phase effective. Si les grands projets miniers attendent la finalisation toutes proches<\/p>\n","protected":false},"author":3,"featured_media":39691,"comment_status":"open","ping_status":"closed","sticky":false,"template":"","format":"standard","meta":{"colormag_page_container_layout":"default_layout","colormag_page_sidebar_layout":"default_layout","om_disable_all_campaigns":false,"_monsterinsights_skip_tracking":false,"_monsterinsights_sitenote_active":false,"_monsterinsights_sitenote_note":"","_monsterinsights_sitenote_category":0,"footnotes":"","_wpscppro_dont_share_socialmedia":false,"_wpscppro_custom_social_share_image":0,"_facebook_share_type":"","_twitter_share_type":"","_linkedin_share_type":"","_pinterest_share_type":"","_linkedin_share_type_page":"","_instagram_share_type":"","_medium_share_type":"","_threads_share_type":"","_google_business_share_type":"","_selected_social_profile":[],"_wpsp_enable_custom_social_template":false,"_wpsp_social_scheduling":{"enabled":false,"datetime":null,"platforms":[],"status":"template_only","dateOption":"today","timeOption":"now","customDays":"","customHours":"","customDate":"","customTime":"","schedulingType":"absolute"},"_wpsp_active_default_template":true},"categories":[52,29],"tags":[],"class_list":["post-39682","post","type-post","status-publish","format-standard","has-post-thumbnail","hentry","category-a-la-une","category-economie"],"aioseo_notices":[],"yoast_head":"<!-- This site is optimized with the Yoast SEO plugin v27.5 - https:\/\/yoast.com\/product\/yoast-seo-wordpress\/ -->\n<title>D\u00e9veloppement minier\u00a0: L\u2019heure du concret\u00a0! - La Sentinelle<\/title>\n<meta name=\"robots\" content=\"index, follow, max-snippet:-1, max-image-preview:large, max-video-preview:-1\" \/>\n<link rel=\"canonical\" href=\"https:\/\/lasentinelle.dz\/index.php\/2023\/04\/17\/developpement-minier-lheure-du-concret\/\" \/>\n<meta property=\"og:locale\" content=\"fr_FR\" \/>\n<meta property=\"og:type\" content=\"article\" \/>\n<meta property=\"og:title\" content=\"D\u00e9veloppement minier\u00a0: L\u2019heure du concret\u00a0! - La Sentinelle\" \/>\n<meta property=\"og:description\" content=\"Le programme de d\u00e9veloppement minier entre dans sa phase effective. Si les grands projets miniers attendent la finalisation toutes proches\" \/>\n<meta property=\"og:url\" content=\"https:\/\/lasentinelle.dz\/index.php\/2023\/04\/17\/developpement-minier-lheure-du-concret\/\" \/>\n<meta property=\"og:site_name\" content=\"La Sentinelle\" \/>\n<meta property=\"article:publisher\" content=\"https:\/\/www.facebook.com\/La-Sentinelle-104059864394773\" \/>\n<meta property=\"article:published_time\" content=\"2023-04-17T21:17:00+00:00\" \/>\n<meta property=\"og:image\" content=\"https:\/\/lasentinelle.dz\/wp-content\/uploads\/2023\/04\/Mines-2.png\" \/>\n\t<meta property=\"og:image:width\" content=\"1595\" \/>\n\t<meta property=\"og:image:height\" content=\"900\" \/>\n\t<meta property=\"og:image:type\" content=\"image\/png\" \/>\n<meta name=\"author\" content=\"La Sentinelle\" \/>\n<meta name=\"twitter:card\" content=\"summary_large_image\" \/>\n<meta name=\"twitter:label1\" content=\"\u00c9crit par\" \/>\n\t<meta name=\"twitter:data1\" content=\"La Sentinelle\" \/>\n\t<meta name=\"twitter:label2\" content=\"Dur\u00e9e de lecture estim\u00e9e\" \/>\n\t<meta name=\"twitter:data2\" content=\"4 minutes\" \/>\n<script type=\"application\/ld+json\" class=\"yoast-schema-graph\">{\"@context\":\"https:\\\/\\\/schema.org\",\"@graph\":[{\"@type\":\"Article\",\"@id\":\"https:\\\/\\\/lasentinelle.dz\\\/index.php\\\/2023\\\/04\\\/17\\\/developpement-minier-lheure-du-concret\\\/#article\",\"isPartOf\":{\"@id\":\"https:\\\/\\\/lasentinelle.dz\\\/index.php\\\/2023\\\/04\\\/17\\\/developpement-minier-lheure-du-concret\\\/\"},\"author\":{\"name\":\"La Sentinelle\",\"@id\":\"https:\\\/\\\/lasentinelle.dz\\\/#\\\/schema\\\/person\\\/d865044e22e70a75174ce8bcad3acfb3\"},\"headline\":\"D\u00e9veloppement minier\u00a0: L\u2019heure du concret\u00a0!\",\"datePublished\":\"2023-04-17T21:17:00+00:00\",\"mainEntityOfPage\":{\"@id\":\"https:\\\/\\\/lasentinelle.dz\\\/index.php\\\/2023\\\/04\\\/17\\\/developpement-minier-lheure-du-concret\\\/\"},\"wordCount\":871,\"commentCount\":0,\"publisher\":{\"@id\":\"https:\\\/\\\/lasentinelle.dz\\\/#organization\"},\"image\":{\"@id\":\"https:\\\/\\\/lasentinelle.dz\\\/index.php\\\/2023\\\/04\\\/17\\\/developpement-minier-lheure-du-concret\\\/#primaryimage\"},\"thumbnailUrl\":\"https:\\\/\\\/lasentinelle.dz\\\/wp-content\\\/uploads\\\/2023\\\/04\\\/Mines-2.png\",\"articleSection\":[\"\u00c0 la Une\",\"\u00c9conomie\"],\"inLanguage\":\"fr-FR\",\"potentialAction\":[{\"@type\":\"CommentAction\",\"name\":\"Comment\",\"target\":[\"https:\\\/\\\/lasentinelle.dz\\\/index.php\\\/2023\\\/04\\\/17\\\/developpement-minier-lheure-du-concret\\\/#respond\"]}]},{\"@type\":\"WebPage\",\"@id\":\"https:\\\/\\\/lasentinelle.dz\\\/index.php\\\/2023\\\/04\\\/17\\\/developpement-minier-lheure-du-concret\\\/\",\"url\":\"https:\\\/\\\/lasentinelle.dz\\\/index.php\\\/2023\\\/04\\\/17\\\/developpement-minier-lheure-du-concret\\\/\",\"name\":\"D\u00e9veloppement minier\u00a0: L\u2019heure du concret\u00a0! - La Sentinelle\",\"isPartOf\":{\"@id\":\"https:\\\/\\\/lasentinelle.dz\\\/#website\"},\"primaryImageOfPage\":{\"@id\":\"https:\\\/\\\/lasentinelle.dz\\\/index.php\\\/2023\\\/04\\\/17\\\/developpement-minier-lheure-du-concret\\\/#primaryimage\"},\"image\":{\"@id\":\"https:\\\/\\\/lasentinelle.dz\\\/index.php\\\/2023\\\/04\\\/17\\\/developpement-minier-lheure-du-concret\\\/#primaryimage\"},\"thumbnailUrl\":\"https:\\\/\\\/lasentinelle.dz\\\/wp-content\\\/uploads\\\/2023\\\/04\\\/Mines-2.png\",\"datePublished\":\"2023-04-17T21:17:00+00:00\",\"breadcrumb\":{\"@id\":\"https:\\\/\\\/lasentinelle.dz\\\/index.php\\\/2023\\\/04\\\/17\\\/developpement-minier-lheure-du-concret\\\/#breadcrumb\"},\"inLanguage\":\"fr-FR\",\"potentialAction\":[{\"@type\":\"ReadAction\",\"target\":[\"https:\\\/\\\/lasentinelle.dz\\\/index.php\\\/2023\\\/04\\\/17\\\/developpement-minier-lheure-du-concret\\\/\"]}]},{\"@type\":\"ImageObject\",\"inLanguage\":\"fr-FR\",\"@id\":\"https:\\\/\\\/lasentinelle.dz\\\/index.php\\\/2023\\\/04\\\/17\\\/developpement-minier-lheure-du-concret\\\/#primaryimage\",\"url\":\"https:\\\/\\\/lasentinelle.dz\\\/wp-content\\\/uploads\\\/2023\\\/04\\\/Mines-2.png\",\"contentUrl\":\"https:\\\/\\\/lasentinelle.dz\\\/wp-content\\\/uploads\\\/2023\\\/04\\\/Mines-2.png\",\"width\":1595,\"height\":900},{\"@type\":\"BreadcrumbList\",\"@id\":\"https:\\\/\\\/lasentinelle.dz\\\/index.php\\\/2023\\\/04\\\/17\\\/developpement-minier-lheure-du-concret\\\/#breadcrumb\",\"itemListElement\":[{\"@type\":\"ListItem\",\"position\":1,\"name\":\"Accueil\",\"item\":\"https:\\\/\\\/lasentinelle.dz\\\/\"},{\"@type\":\"ListItem\",\"position\":2,\"name\":\"D\u00e9veloppement minier\u00a0: L\u2019heure du concret\u00a0!\"}]},{\"@type\":\"WebSite\",\"@id\":\"https:\\\/\\\/lasentinelle.dz\\\/#website\",\"url\":\"https:\\\/\\\/lasentinelle.dz\\\/\",\"name\":\"La Sentinelle\",\"description\":\"Quotidien national d&#039;information\",\"publisher\":{\"@id\":\"https:\\\/\\\/lasentinelle.dz\\\/#organization\"},\"potentialAction\":[{\"@type\":\"SearchAction\",\"target\":{\"@type\":\"EntryPoint\",\"urlTemplate\":\"https:\\\/\\\/lasentinelle.dz\\\/?s={search_term_string}\"},\"query-input\":{\"@type\":\"PropertyValueSpecification\",\"valueRequired\":true,\"valueName\":\"search_term_string\"}}],\"inLanguage\":\"fr-FR\"},{\"@type\":\"Organization\",\"@id\":\"https:\\\/\\\/lasentinelle.dz\\\/#organization\",\"name\":\"Quotidien La Sentinelle\",\"url\":\"https:\\\/\\\/lasentinelle.dz\\\/\",\"logo\":{\"@type\":\"ImageObject\",\"inLanguage\":\"fr-FR\",\"@id\":\"https:\\\/\\\/lasentinelle.dz\\\/#\\\/schema\\\/logo\\\/image\\\/\",\"url\":\"https:\\\/\\\/lasentinelle.dz\\\/wp-content\\\/uploads\\\/2021\\\/09\\\/logo-sentinelleSLOGAN-1.png\",\"contentUrl\":\"https:\\\/\\\/lasentinelle.dz\\\/wp-content\\\/uploads\\\/2021\\\/09\\\/logo-sentinelleSLOGAN-1.png\",\"width\":615,\"height\":142,\"caption\":\"Quotidien La Sentinelle\"},\"image\":{\"@id\":\"https:\\\/\\\/lasentinelle.dz\\\/#\\\/schema\\\/logo\\\/image\\\/\"},\"sameAs\":[\"https:\\\/\\\/www.facebook.com\\\/La-Sentinelle-104059864394773\"]},{\"@type\":\"Person\",\"@id\":\"https:\\\/\\\/lasentinelle.dz\\\/#\\\/schema\\\/person\\\/d865044e22e70a75174ce8bcad3acfb3\",\"name\":\"La Sentinelle\",\"image\":{\"@type\":\"ImageObject\",\"inLanguage\":\"fr-FR\",\"@id\":\"https:\\\/\\\/secure.gravatar.com\\\/avatar\\\/57de8e5d4b15d43fb361a71fbb36338450fe67865b528a43dd10ef7c51a20392?s=96&d=mm&r=g\",\"url\":\"https:\\\/\\\/secure.gravatar.com\\\/avatar\\\/57de8e5d4b15d43fb361a71fbb36338450fe67865b528a43dd10ef7c51a20392?s=96&d=mm&r=g\",\"contentUrl\":\"https:\\\/\\\/secure.gravatar.com\\\/avatar\\\/57de8e5d4b15d43fb361a71fbb36338450fe67865b528a43dd10ef7c51a20392?s=96&d=mm&r=g\",\"caption\":\"La Sentinelle\"},\"sameAs\":[\"http:\\\/\\\/www.lasentinelle.dz\"],\"url\":\"https:\\\/\\\/lasentinelle.dz\\\/author\\\/redaction\\\/\"}]}<\/script>\n<!-- \/ Yoast SEO plugin. -->","yoast_head_json":{"title":"D\u00e9veloppement minier\u00a0: L\u2019heure du concret\u00a0! - La Sentinelle","robots":{"index":"index","follow":"follow","max-snippet":"max-snippet:-1","max-image-preview":"max-image-preview:large","max-video-preview":"max-video-preview:-1"},"canonical":"https:\/\/lasentinelle.dz\/index.php\/2023\/04\/17\/developpement-minier-lheure-du-concret\/","og_locale":"fr_FR","og_type":"article","og_title":"D\u00e9veloppement minier\u00a0: L\u2019heure du concret\u00a0! - La Sentinelle","og_description":"Le programme de d\u00e9veloppement minier entre dans sa phase effective. Si les grands projets miniers attendent la finalisation toutes proches","og_url":"https:\/\/lasentinelle.dz\/index.php\/2023\/04\/17\/developpement-minier-lheure-du-concret\/","og_site_name":"La Sentinelle","article_publisher":"https:\/\/www.facebook.com\/La-Sentinelle-104059864394773","article_published_time":"2023-04-17T21:17:00+00:00","og_image":[{"width":1595,"height":900,"url":"https:\/\/lasentinelle.dz\/wp-content\/uploads\/2023\/04\/Mines-2.png","type":"image\/png"}],"author":"La Sentinelle","twitter_card":"summary_large_image","twitter_misc":{"\u00c9crit par":"La Sentinelle","Dur\u00e9e de lecture estim\u00e9e":"4 minutes"},"schema":{"@context":"https:\/\/schema.org","@graph":[{"@type":"Article","@id":"https:\/\/lasentinelle.dz\/index.php\/2023\/04\/17\/developpement-minier-lheure-du-concret\/#article","isPartOf":{"@id":"https:\/\/lasentinelle.dz\/index.php\/2023\/04\/17\/developpement-minier-lheure-du-concret\/"},"author":{"name":"La Sentinelle","@id":"https:\/\/lasentinelle.dz\/#\/schema\/person\/d865044e22e70a75174ce8bcad3acfb3"},"headline":"D\u00e9veloppement minier\u00a0: L\u2019heure du concret\u00a0!","datePublished":"2023-04-17T21:17:00+00:00","mainEntityOfPage":{"@id":"https:\/\/lasentinelle.dz\/index.php\/2023\/04\/17\/developpement-minier-lheure-du-concret\/"},"wordCount":871,"commentCount":0,"publisher":{"@id":"https:\/\/lasentinelle.dz\/#organization"},"image":{"@id":"https:\/\/lasentinelle.dz\/index.php\/2023\/04\/17\/developpement-minier-lheure-du-concret\/#primaryimage"},"thumbnailUrl":"https:\/\/lasentinelle.dz\/wp-content\/uploads\/2023\/04\/Mines-2.png","articleSection":["\u00c0 la Une","\u00c9conomie"],"inLanguage":"fr-FR","potentialAction":[{"@type":"CommentAction","name":"Comment","target":["https:\/\/lasentinelle.dz\/index.php\/2023\/04\/17\/developpement-minier-lheure-du-concret\/#respond"]}]},{"@type":"WebPage","@id":"https:\/\/lasentinelle.dz\/index.php\/2023\/04\/17\/developpement-minier-lheure-du-concret\/","url":"https:\/\/lasentinelle.dz\/index.php\/2023\/04\/17\/developpement-minier-lheure-du-concret\/","name":"D\u00e9veloppement minier\u00a0: L\u2019heure du concret\u00a0! - La Sentinelle","isPartOf":{"@id":"https:\/\/lasentinelle.dz\/#website"},"primaryImageOfPage":{"@id":"https:\/\/lasentinelle.dz\/index.php\/2023\/04\/17\/developpement-minier-lheure-du-concret\/#primaryimage"},"image":{"@id":"https:\/\/lasentinelle.dz\/index.php\/2023\/04\/17\/developpement-minier-lheure-du-concret\/#primaryimage"},"thumbnailUrl":"https:\/\/lasentinelle.dz\/wp-content\/uploads\/2023\/04\/Mines-2.png","datePublished":"2023-04-17T21:17:00+00:00","breadcrumb":{"@id":"https:\/\/lasentinelle.dz\/index.php\/2023\/04\/17\/developpement-minier-lheure-du-concret\/#breadcrumb"},"inLanguage":"fr-FR","potentialAction":[{"@type":"ReadAction","target":["https:\/\/lasentinelle.dz\/index.php\/2023\/04\/17\/developpement-minier-lheure-du-concret\/"]}]},{"@type":"ImageObject","inLanguage":"fr-FR","@id":"https:\/\/lasentinelle.dz\/index.php\/2023\/04\/17\/developpement-minier-lheure-du-concret\/#primaryimage","url":"https:\/\/lasentinelle.dz\/wp-content\/uploads\/2023\/04\/Mines-2.png","contentUrl":"https:\/\/lasentinelle.dz\/wp-content\/uploads\/2023\/04\/Mines-2.png","width":1595,"height":900},{"@type":"BreadcrumbList","@id":"https:\/\/lasentinelle.dz\/index.php\/2023\/04\/17\/developpement-minier-lheure-du-concret\/#breadcrumb","itemListElement":[{"@type":"ListItem","position":1,"name":"Accueil","item":"https:\/\/lasentinelle.dz\/"},{"@type":"ListItem","position":2,"name":"D\u00e9veloppement minier\u00a0: L\u2019heure du concret\u00a0!"}]},{"@type":"WebSite","@id":"https:\/\/lasentinelle.dz\/#website","url":"https:\/\/lasentinelle.dz\/","name":"La Sentinelle","description":"Quotidien national d&#039;information","publisher":{"@id":"https:\/\/lasentinelle.dz\/#organization"},"potentialAction":[{"@type":"SearchAction","target":{"@type":"EntryPoint","urlTemplate":"https:\/\/lasentinelle.dz\/?s={search_term_string}"},"query-input":{"@type":"PropertyValueSpecification","valueRequired":true,"valueName":"search_term_string"}}],"inLanguage":"fr-FR"},{"@type":"Organization","@id":"https:\/\/lasentinelle.dz\/#organization","name":"Quotidien La Sentinelle","url":"https:\/\/lasentinelle.dz\/","logo":{"@type":"ImageObject","inLanguage":"fr-FR","@id":"https:\/\/lasentinelle.dz\/#\/schema\/logo\/image\/","url":"https:\/\/lasentinelle.dz\/wp-content\/uploads\/2021\/09\/logo-sentinelleSLOGAN-1.png","contentUrl":"https:\/\/lasentinelle.dz\/wp-content\/uploads\/2021\/09\/logo-sentinelleSLOGAN-1.png","width":615,"height":142,"caption":"Quotidien La Sentinelle"},"image":{"@id":"https:\/\/lasentinelle.dz\/#\/schema\/logo\/image\/"},"sameAs":["https:\/\/www.facebook.com\/La-Sentinelle-104059864394773"]},{"@type":"Person","@id":"https:\/\/lasentinelle.dz\/#\/schema\/person\/d865044e22e70a75174ce8bcad3acfb3","name":"La Sentinelle","image":{"@type":"ImageObject","inLanguage":"fr-FR","@id":"https:\/\/secure.gravatar.com\/avatar\/57de8e5d4b15d43fb361a71fbb36338450fe67865b528a43dd10ef7c51a20392?s=96&d=mm&r=g","url":"https:\/\/secure.gravatar.com\/avatar\/57de8e5d4b15d43fb361a71fbb36338450fe67865b528a43dd10ef7c51a20392?s=96&d=mm&r=g","contentUrl":"https:\/\/secure.gravatar.com\/avatar\/57de8e5d4b15d43fb361a71fbb36338450fe67865b528a43dd10ef7c51a20392?s=96&d=mm&r=g","caption":"La Sentinelle"},"sameAs":["http:\/\/www.lasentinelle.dz"],"url":"https:\/\/lasentinelle.dz\/author\/redaction\/"}]}},"_links":{"self":[{"href":"https:\/\/lasentinelle.dz\/index.php\/wp-json\/wp\/v2\/posts\/39682","targetHints":{"allow":["GET"]}}],"collection":[{"href":"https:\/\/lasentinelle.dz\/index.php\/wp-json\/wp\/v2\/posts"}],"about":[{"href":"https:\/\/lasentinelle.dz\/index.php\/wp-json\/wp\/v2\/types\/post"}],"author":[{"embeddable":true,"href":"https:\/\/lasentinelle.dz\/index.php\/wp-json\/wp\/v2\/users\/3"}],"replies":[{"embeddable":true,"href":"https:\/\/lasentinelle.dz\/index.php\/wp-json\/wp\/v2\/comments?post=39682"}],"version-history":[{"count":1,"href":"https:\/\/lasentinelle.dz\/index.php\/wp-json\/wp\/v2\/posts\/39682\/revisions"}],"predecessor-version":[{"id":39692,"href":"https:\/\/lasentinelle.dz\/index.php\/wp-json\/wp\/v2\/posts\/39682\/revisions\/39692"}],"wp:featuredmedia":[{"embeddable":true,"href":"https:\/\/lasentinelle.dz\/index.php\/wp-json\/wp\/v2\/media\/39691"}],"wp:attachment":[{"href":"https:\/\/lasentinelle.dz\/index.php\/wp-json\/wp\/v2\/media?parent=39682"}],"wp:term":[{"taxonomy":"category","embeddable":true,"href":"https:\/\/lasentinelle.dz\/index.php\/wp-json\/wp\/v2\/categories?post=39682"},{"taxonomy":"post_tag","embeddable":true,"href":"https:\/\/lasentinelle.dz\/index.php\/wp-json\/wp\/v2\/tags?post=39682"}],"curies":[{"name":"wp","href":"https:\/\/api.w.org\/{rel}","templated":true}]}}