{"id":3969,"date":"2021-08-11T00:01:00","date_gmt":"2021-08-10T23:01:00","guid":{"rendered":"https:\/\/lasentinelle.dz\/?p=3969"},"modified":"2021-08-16T15:37:48","modified_gmt":"2021-08-16T14:37:48","slug":"competitions-africaines-interclubs-les-representants-algeriens-connus","status":"publish","type":"post","link":"https:\/\/lasentinelle.dz\/index.php\/2021\/08\/11\/competitions-africaines-interclubs-les-representants-algeriens-connus\/","title":{"rendered":"Comp\u00e9titions africaines interclubs : Les repr\u00e9sentants alg\u00e9riens connus"},"content":{"rendered":"\n<p>Les trois premiers repr\u00e9sentants alg\u00e9riens en comp\u00e9titions africaines pour la saison prochaine sont connus.<\/p>\n\n\n\n<p>En effet, l\u2019ES S\u00e9tif rejoindra le CR Belouizdad en Champions League alors que la JS Saoura disputera la Coupe de la Conf\u00e9d\u00e9ration africaine de football. Ce verdict est connu \u00e0 l\u2019issue de la 35e journ\u00e9e du championnat disput\u00e9e lundi dernier. Le CRB, leader incontest\u00e9 \u00e9tait d\u00e9j\u00e0 assur\u00e9 de disputer la C1 pour la seconde fois de suite, avant m\u00eame d\u2019aller d\u00e9fier son dauphin, la JSS, \u00e0 B\u00e9char. Les Sudistes \u00e9taient, \u00e0 ce moment-l\u00e0, contraint de gagner pour accompagner les Belouizdadis, ce qui n\u2019a finalement pas eu lieu. Les deux \u00e9quipes se sont quitt\u00e9es sur un score de parit\u00e9 (1-1), gr\u00e2ce \u00e0 deux penaltys, ce qui a \u00e9t\u00e9 favorable \u00e0 l\u2019ESS, laquelle a \u00e9trill\u00e9 l\u2019US Biskra (4-0), gr\u00e2ce \u00e0 deux buts de Djahnit et Lomotey, ainsi qu\u2019un doubl\u00e9 de Djabou. Au classement g\u00e9n\u00e9ral, donc, les S\u00e9tifiens s\u2019emparent seuls de la seconde place et se rach\u00e8tent au moment opportun apr\u00e8s une p\u00e9riode de passage \u00e0 vide, de doute et de probl\u00e8mes qui n\u2019a que trop dur\u00e9. Le second repr\u00e9sentant alg\u00e9rien en Coupe de la CAF, aux c\u00f4t\u00e9s de la JSS, devait \u00eatre connu hier en d\u00e9but de soir\u00e9e, puisqu\u2019il s\u2019agit du vainqueur de la finale de la Coupe de la Ligue professionnelle, qui opposait au stade du 5-Juillet la JS Kabylie au NC Magra. L\u2019USM Alger, vainqueur dans le derby alg\u00e9rois face au Paradou AC (2-1), gr\u00e2ce \u00e0 un but de Kwam\u00e9 dans les arr\u00eats de jeu, esp\u00e9rait une d\u00e9faite de la JSS et de l\u2019ESS pour participer \u00e0 une comp\u00e9tition internationale la saison prochaine. Mais cela n\u2019a pas \u00e9t\u00e9 le cas, et la victoire des prot\u00e9g\u00e9s de Mounir Zeghdoud n\u2019aura, donc, aucune incidence. Dans le bas du tableau, la course est toujours serr\u00e9e, et apr\u00e8s la 35e journ\u00e9e, le plus grand b\u00e9n\u00e9ficiaire n\u2019est autre que le NA Hussein-Dey, qui, \u00e0 la faveur de sa victoire face au CS Constantine (2-1), a quitt\u00e9 la zone rouge, profitant au passage du match non jou\u00e9 par le WA Tlemcen face au NC Magra, ainsi que le match nul et vierge ayant sanctionn\u00e9 les d\u00e9bats entre l\u2019AS Chlef et l\u2019AS A\u00efnMlila.&nbsp; A trois journ\u00e9es de la fin, rien n\u2019est encore jou\u00e9 et il va falloir, donc, s\u2019attendre \u00e0 des rencontres all\u00e9chantes et des plus disput\u00e9es dans la course au titre et au maintien.<\/p>\n\n\n\n<p>AbderrahimMahious<\/p>\n","protected":false},"excerpt":{"rendered":"<p>Les trois premiers repr\u00e9sentants alg\u00e9riens en comp\u00e9titions africaines pour la saison prochaine sont connus. En effet, l\u2019ES S\u00e9tif rejoindra le<\/p>\n","protected":false},"author":3,"featured_media":3971,"comment_status":"open","ping_status":"closed","sticky":false,"template":"","format":"standard","meta":{"colormag_page_container_layout":"default_layout","colormag_page_sidebar_layout":"default_layout","om_disable_all_campaigns":false,"_monsterinsights_skip_tracking":false,"_monsterinsights_sitenote_active":false,"_monsterinsights_sitenote_note":"","_monsterinsights_sitenote_category":0,"footnotes":"","_wpscppro_dont_share_socialmedia":false,"_wpscppro_custom_social_share_image":0,"_facebook_share_type":"","_twitter_share_type":"","_linkedin_share_type":"","_pinterest_share_type":"","_linkedin_share_type_page":"","_instagram_share_type":"","_medium_share_type":"","_threads_share_type":"","_google_business_share_type":"","_selected_social_profile":[],"_wpsp_enable_custom_social_template":false,"_wpsp_social_scheduling":{"enabled":false,"datetime":null,"platforms":[],"status":"template_only","dateOption":"today","timeOption":"now","customDays":"","customHours":"","customDate":"","customTime":"","schedulingType":"absolute"},"_wpsp_active_default_template":true},"categories":[52,33],"tags":[],"class_list":["post-3969","post","type-post","status-publish","format-standard","has-post-thumbnail","hentry","category-a-la-une","category-sports"],"aioseo_notices":[],"yoast_head":"<!-- This site is optimized with the Yoast SEO plugin v27.5 - https:\/\/yoast.com\/product\/yoast-seo-wordpress\/ -->\n<title>Comp\u00e9titions africaines interclubs : Les repr\u00e9sentants alg\u00e9riens connus - La Sentinelle<\/title>\n<meta name=\"robots\" content=\"index, follow, max-snippet:-1, max-image-preview:large, max-video-preview:-1\" \/>\n<link rel=\"canonical\" href=\"https:\/\/lasentinelle.dz\/index.php\/2021\/08\/11\/competitions-africaines-interclubs-les-representants-algeriens-connus\/\" \/>\n<meta property=\"og:locale\" content=\"fr_FR\" \/>\n<meta property=\"og:type\" content=\"article\" \/>\n<meta property=\"og:title\" content=\"Comp\u00e9titions africaines interclubs : Les repr\u00e9sentants alg\u00e9riens connus - La Sentinelle\" \/>\n<meta property=\"og:description\" content=\"Les trois premiers repr\u00e9sentants alg\u00e9riens en comp\u00e9titions africaines pour la saison prochaine sont connus. En effet, l\u2019ES S\u00e9tif rejoindra le\" \/>\n<meta property=\"og:url\" content=\"https:\/\/lasentinelle.dz\/index.php\/2021\/08\/11\/competitions-africaines-interclubs-les-representants-algeriens-connus\/\" \/>\n<meta property=\"og:site_name\" content=\"La Sentinelle\" \/>\n<meta property=\"article:publisher\" content=\"https:\/\/www.facebook.com\/La-Sentinelle-104059864394773\" \/>\n<meta property=\"article:published_time\" content=\"2021-08-10T23:01:00+00:00\" \/>\n<meta property=\"article:modified_time\" content=\"2021-08-16T14:37:48+00:00\" \/>\n<meta property=\"og:image\" content=\"https:\/\/lasentinelle.dz\/wp-content\/uploads\/2021\/08\/ess.png\" \/>\n\t<meta property=\"og:image:width\" content=\"1483\" \/>\n\t<meta property=\"og:image:height\" content=\"900\" \/>\n\t<meta property=\"og:image:type\" content=\"image\/png\" \/>\n<meta name=\"author\" content=\"La Sentinelle\" \/>\n<meta name=\"twitter:card\" content=\"summary_large_image\" \/>\n<meta name=\"twitter:label1\" content=\"\u00c9crit par\" \/>\n\t<meta name=\"twitter:data1\" content=\"La Sentinelle\" \/>\n\t<meta name=\"twitter:label2\" content=\"Dur\u00e9e de lecture estim\u00e9e\" \/>\n\t<meta name=\"twitter:data2\" content=\"2 minutes\" \/>\n<script type=\"application\/ld+json\" class=\"yoast-schema-graph\">{\"@context\":\"https:\\\/\\\/schema.org\",\"@graph\":[{\"@type\":\"Article\",\"@id\":\"https:\\\/\\\/lasentinelle.dz\\\/index.php\\\/2021\\\/08\\\/11\\\/competitions-africaines-interclubs-les-representants-algeriens-connus\\\/#article\",\"isPartOf\":{\"@id\":\"https:\\\/\\\/lasentinelle.dz\\\/index.php\\\/2021\\\/08\\\/11\\\/competitions-africaines-interclubs-les-representants-algeriens-connus\\\/\"},\"author\":{\"name\":\"La Sentinelle\",\"@id\":\"https:\\\/\\\/lasentinelle.dz\\\/#\\\/schema\\\/person\\\/d865044e22e70a75174ce8bcad3acfb3\"},\"headline\":\"Comp\u00e9titions africaines interclubs : Les repr\u00e9sentants alg\u00e9riens connus\",\"datePublished\":\"2021-08-10T23:01:00+00:00\",\"dateModified\":\"2021-08-16T14:37:48+00:00\",\"mainEntityOfPage\":{\"@id\":\"https:\\\/\\\/lasentinelle.dz\\\/index.php\\\/2021\\\/08\\\/11\\\/competitions-africaines-interclubs-les-representants-algeriens-connus\\\/\"},\"wordCount\":459,\"commentCount\":0,\"publisher\":{\"@id\":\"https:\\\/\\\/lasentinelle.dz\\\/#organization\"},\"image\":{\"@id\":\"https:\\\/\\\/lasentinelle.dz\\\/index.php\\\/2021\\\/08\\\/11\\\/competitions-africaines-interclubs-les-representants-algeriens-connus\\\/#primaryimage\"},\"thumbnailUrl\":\"https:\\\/\\\/lasentinelle.dz\\\/wp-content\\\/uploads\\\/2021\\\/08\\\/ess.png\",\"articleSection\":[\"\u00c0 la Une\",\"Sports\"],\"inLanguage\":\"fr-FR\",\"potentialAction\":[{\"@type\":\"CommentAction\",\"name\":\"Comment\",\"target\":[\"https:\\\/\\\/lasentinelle.dz\\\/index.php\\\/2021\\\/08\\\/11\\\/competitions-africaines-interclubs-les-representants-algeriens-connus\\\/#respond\"]}]},{\"@type\":\"WebPage\",\"@id\":\"https:\\\/\\\/lasentinelle.dz\\\/index.php\\\/2021\\\/08\\\/11\\\/competitions-africaines-interclubs-les-representants-algeriens-connus\\\/\",\"url\":\"https:\\\/\\\/lasentinelle.dz\\\/index.php\\\/2021\\\/08\\\/11\\\/competitions-africaines-interclubs-les-representants-algeriens-connus\\\/\",\"name\":\"Comp\u00e9titions africaines interclubs : Les repr\u00e9sentants alg\u00e9riens connus - La Sentinelle\",\"isPartOf\":{\"@id\":\"https:\\\/\\\/lasentinelle.dz\\\/#website\"},\"primaryImageOfPage\":{\"@id\":\"https:\\\/\\\/lasentinelle.dz\\\/index.php\\\/2021\\\/08\\\/11\\\/competitions-africaines-interclubs-les-representants-algeriens-connus\\\/#primaryimage\"},\"image\":{\"@id\":\"https:\\\/\\\/lasentinelle.dz\\\/index.php\\\/2021\\\/08\\\/11\\\/competitions-africaines-interclubs-les-representants-algeriens-connus\\\/#primaryimage\"},\"thumbnailUrl\":\"https:\\\/\\\/lasentinelle.dz\\\/wp-content\\\/uploads\\\/2021\\\/08\\\/ess.png\",\"datePublished\":\"2021-08-10T23:01:00+00:00\",\"dateModified\":\"2021-08-16T14:37:48+00:00\",\"breadcrumb\":{\"@id\":\"https:\\\/\\\/lasentinelle.dz\\\/index.php\\\/2021\\\/08\\\/11\\\/competitions-africaines-interclubs-les-representants-algeriens-connus\\\/#breadcrumb\"},\"inLanguage\":\"fr-FR\",\"potentialAction\":[{\"@type\":\"ReadAction\",\"target\":[\"https:\\\/\\\/lasentinelle.dz\\\/index.php\\\/2021\\\/08\\\/11\\\/competitions-africaines-interclubs-les-representants-algeriens-connus\\\/\"]}]},{\"@type\":\"ImageObject\",\"inLanguage\":\"fr-FR\",\"@id\":\"https:\\\/\\\/lasentinelle.dz\\\/index.php\\\/2021\\\/08\\\/11\\\/competitions-africaines-interclubs-les-representants-algeriens-connus\\\/#primaryimage\",\"url\":\"https:\\\/\\\/lasentinelle.dz\\\/wp-content\\\/uploads\\\/2021\\\/08\\\/ess.png\",\"contentUrl\":\"https:\\\/\\\/lasentinelle.dz\\\/wp-content\\\/uploads\\\/2021\\\/08\\\/ess.png\",\"width\":1483,\"height\":900},{\"@type\":\"BreadcrumbList\",\"@id\":\"https:\\\/\\\/lasentinelle.dz\\\/index.php\\\/2021\\\/08\\\/11\\\/competitions-africaines-interclubs-les-representants-algeriens-connus\\\/#breadcrumb\",\"itemListElement\":[{\"@type\":\"ListItem\",\"position\":1,\"name\":\"Accueil\",\"item\":\"https:\\\/\\\/lasentinelle.dz\\\/\"},{\"@type\":\"ListItem\",\"position\":2,\"name\":\"Comp\u00e9titions africaines interclubs : Les repr\u00e9sentants alg\u00e9riens connus\"}]},{\"@type\":\"WebSite\",\"@id\":\"https:\\\/\\\/lasentinelle.dz\\\/#website\",\"url\":\"https:\\\/\\\/lasentinelle.dz\\\/\",\"name\":\"La Sentinelle\",\"description\":\"Quotidien national d&#039;information\",\"publisher\":{\"@id\":\"https:\\\/\\\/lasentinelle.dz\\\/#organization\"},\"potentialAction\":[{\"@type\":\"SearchAction\",\"target\":{\"@type\":\"EntryPoint\",\"urlTemplate\":\"https:\\\/\\\/lasentinelle.dz\\\/?s={search_term_string}\"},\"query-input\":{\"@type\":\"PropertyValueSpecification\",\"valueRequired\":true,\"valueName\":\"search_term_string\"}}],\"inLanguage\":\"fr-FR\"},{\"@type\":\"Organization\",\"@id\":\"https:\\\/\\\/lasentinelle.dz\\\/#organization\",\"name\":\"Quotidien La Sentinelle\",\"url\":\"https:\\\/\\\/lasentinelle.dz\\\/\",\"logo\":{\"@type\":\"ImageObject\",\"inLanguage\":\"fr-FR\",\"@id\":\"https:\\\/\\\/lasentinelle.dz\\\/#\\\/schema\\\/logo\\\/image\\\/\",\"url\":\"https:\\\/\\\/lasentinelle.dz\\\/wp-content\\\/uploads\\\/2021\\\/09\\\/logo-sentinelleSLOGAN-1.png\",\"contentUrl\":\"https:\\\/\\\/lasentinelle.dz\\\/wp-content\\\/uploads\\\/2021\\\/09\\\/logo-sentinelleSLOGAN-1.png\",\"width\":615,\"height\":142,\"caption\":\"Quotidien La Sentinelle\"},\"image\":{\"@id\":\"https:\\\/\\\/lasentinelle.dz\\\/#\\\/schema\\\/logo\\\/image\\\/\"},\"sameAs\":[\"https:\\\/\\\/www.facebook.com\\\/La-Sentinelle-104059864394773\"]},{\"@type\":\"Person\",\"@id\":\"https:\\\/\\\/lasentinelle.dz\\\/#\\\/schema\\\/person\\\/d865044e22e70a75174ce8bcad3acfb3\",\"name\":\"La Sentinelle\",\"image\":{\"@type\":\"ImageObject\",\"inLanguage\":\"fr-FR\",\"@id\":\"https:\\\/\\\/secure.gravatar.com\\\/avatar\\\/57de8e5d4b15d43fb361a71fbb36338450fe67865b528a43dd10ef7c51a20392?s=96&d=mm&r=g\",\"url\":\"https:\\\/\\\/secure.gravatar.com\\\/avatar\\\/57de8e5d4b15d43fb361a71fbb36338450fe67865b528a43dd10ef7c51a20392?s=96&d=mm&r=g\",\"contentUrl\":\"https:\\\/\\\/secure.gravatar.com\\\/avatar\\\/57de8e5d4b15d43fb361a71fbb36338450fe67865b528a43dd10ef7c51a20392?s=96&d=mm&r=g\",\"caption\":\"La Sentinelle\"},\"sameAs\":[\"http:\\\/\\\/www.lasentinelle.dz\"],\"url\":\"https:\\\/\\\/lasentinelle.dz\\\/author\\\/redaction\\\/\"}]}<\/script>\n<!-- \/ Yoast SEO plugin. -->","yoast_head_json":{"title":"Comp\u00e9titions africaines interclubs : Les repr\u00e9sentants alg\u00e9riens connus - La Sentinelle","robots":{"index":"index","follow":"follow","max-snippet":"max-snippet:-1","max-image-preview":"max-image-preview:large","max-video-preview":"max-video-preview:-1"},"canonical":"https:\/\/lasentinelle.dz\/index.php\/2021\/08\/11\/competitions-africaines-interclubs-les-representants-algeriens-connus\/","og_locale":"fr_FR","og_type":"article","og_title":"Comp\u00e9titions africaines interclubs : Les repr\u00e9sentants alg\u00e9riens connus - La Sentinelle","og_description":"Les trois premiers repr\u00e9sentants alg\u00e9riens en comp\u00e9titions africaines pour la saison prochaine sont connus. En effet, l\u2019ES S\u00e9tif rejoindra le","og_url":"https:\/\/lasentinelle.dz\/index.php\/2021\/08\/11\/competitions-africaines-interclubs-les-representants-algeriens-connus\/","og_site_name":"La Sentinelle","article_publisher":"https:\/\/www.facebook.com\/La-Sentinelle-104059864394773","article_published_time":"2021-08-10T23:01:00+00:00","article_modified_time":"2021-08-16T14:37:48+00:00","og_image":[{"width":1483,"height":900,"url":"https:\/\/lasentinelle.dz\/wp-content\/uploads\/2021\/08\/ess.png","type":"image\/png"}],"author":"La Sentinelle","twitter_card":"summary_large_image","twitter_misc":{"\u00c9crit par":"La Sentinelle","Dur\u00e9e de lecture estim\u00e9e":"2 minutes"},"schema":{"@context":"https:\/\/schema.org","@graph":[{"@type":"Article","@id":"https:\/\/lasentinelle.dz\/index.php\/2021\/08\/11\/competitions-africaines-interclubs-les-representants-algeriens-connus\/#article","isPartOf":{"@id":"https:\/\/lasentinelle.dz\/index.php\/2021\/08\/11\/competitions-africaines-interclubs-les-representants-algeriens-connus\/"},"author":{"name":"La Sentinelle","@id":"https:\/\/lasentinelle.dz\/#\/schema\/person\/d865044e22e70a75174ce8bcad3acfb3"},"headline":"Comp\u00e9titions africaines interclubs : Les repr\u00e9sentants alg\u00e9riens connus","datePublished":"2021-08-10T23:01:00+00:00","dateModified":"2021-08-16T14:37:48+00:00","mainEntityOfPage":{"@id":"https:\/\/lasentinelle.dz\/index.php\/2021\/08\/11\/competitions-africaines-interclubs-les-representants-algeriens-connus\/"},"wordCount":459,"commentCount":0,"publisher":{"@id":"https:\/\/lasentinelle.dz\/#organization"},"image":{"@id":"https:\/\/lasentinelle.dz\/index.php\/2021\/08\/11\/competitions-africaines-interclubs-les-representants-algeriens-connus\/#primaryimage"},"thumbnailUrl":"https:\/\/lasentinelle.dz\/wp-content\/uploads\/2021\/08\/ess.png","articleSection":["\u00c0 la Une","Sports"],"inLanguage":"fr-FR","potentialAction":[{"@type":"CommentAction","name":"Comment","target":["https:\/\/lasentinelle.dz\/index.php\/2021\/08\/11\/competitions-africaines-interclubs-les-representants-algeriens-connus\/#respond"]}]},{"@type":"WebPage","@id":"https:\/\/lasentinelle.dz\/index.php\/2021\/08\/11\/competitions-africaines-interclubs-les-representants-algeriens-connus\/","url":"https:\/\/lasentinelle.dz\/index.php\/2021\/08\/11\/competitions-africaines-interclubs-les-representants-algeriens-connus\/","name":"Comp\u00e9titions africaines interclubs : Les repr\u00e9sentants alg\u00e9riens connus - La Sentinelle","isPartOf":{"@id":"https:\/\/lasentinelle.dz\/#website"},"primaryImageOfPage":{"@id":"https:\/\/lasentinelle.dz\/index.php\/2021\/08\/11\/competitions-africaines-interclubs-les-representants-algeriens-connus\/#primaryimage"},"image":{"@id":"https:\/\/lasentinelle.dz\/index.php\/2021\/08\/11\/competitions-africaines-interclubs-les-representants-algeriens-connus\/#primaryimage"},"thumbnailUrl":"https:\/\/lasentinelle.dz\/wp-content\/uploads\/2021\/08\/ess.png","datePublished":"2021-08-10T23:01:00+00:00","dateModified":"2021-08-16T14:37:48+00:00","breadcrumb":{"@id":"https:\/\/lasentinelle.dz\/index.php\/2021\/08\/11\/competitions-africaines-interclubs-les-representants-algeriens-connus\/#breadcrumb"},"inLanguage":"fr-FR","potentialAction":[{"@type":"ReadAction","target":["https:\/\/lasentinelle.dz\/index.php\/2021\/08\/11\/competitions-africaines-interclubs-les-representants-algeriens-connus\/"]}]},{"@type":"ImageObject","inLanguage":"fr-FR","@id":"https:\/\/lasentinelle.dz\/index.php\/2021\/08\/11\/competitions-africaines-interclubs-les-representants-algeriens-connus\/#primaryimage","url":"https:\/\/lasentinelle.dz\/wp-content\/uploads\/2021\/08\/ess.png","contentUrl":"https:\/\/lasentinelle.dz\/wp-content\/uploads\/2021\/08\/ess.png","width":1483,"height":900},{"@type":"BreadcrumbList","@id":"https:\/\/lasentinelle.dz\/index.php\/2021\/08\/11\/competitions-africaines-interclubs-les-representants-algeriens-connus\/#breadcrumb","itemListElement":[{"@type":"ListItem","position":1,"name":"Accueil","item":"https:\/\/lasentinelle.dz\/"},{"@type":"ListItem","position":2,"name":"Comp\u00e9titions africaines interclubs : Les repr\u00e9sentants alg\u00e9riens connus"}]},{"@type":"WebSite","@id":"https:\/\/lasentinelle.dz\/#website","url":"https:\/\/lasentinelle.dz\/","name":"La Sentinelle","description":"Quotidien national d&#039;information","publisher":{"@id":"https:\/\/lasentinelle.dz\/#organization"},"potentialAction":[{"@type":"SearchAction","target":{"@type":"EntryPoint","urlTemplate":"https:\/\/lasentinelle.dz\/?s={search_term_string}"},"query-input":{"@type":"PropertyValueSpecification","valueRequired":true,"valueName":"search_term_string"}}],"inLanguage":"fr-FR"},{"@type":"Organization","@id":"https:\/\/lasentinelle.dz\/#organization","name":"Quotidien La Sentinelle","url":"https:\/\/lasentinelle.dz\/","logo":{"@type":"ImageObject","inLanguage":"fr-FR","@id":"https:\/\/lasentinelle.dz\/#\/schema\/logo\/image\/","url":"https:\/\/lasentinelle.dz\/wp-content\/uploads\/2021\/09\/logo-sentinelleSLOGAN-1.png","contentUrl":"https:\/\/lasentinelle.dz\/wp-content\/uploads\/2021\/09\/logo-sentinelleSLOGAN-1.png","width":615,"height":142,"caption":"Quotidien La Sentinelle"},"image":{"@id":"https:\/\/lasentinelle.dz\/#\/schema\/logo\/image\/"},"sameAs":["https:\/\/www.facebook.com\/La-Sentinelle-104059864394773"]},{"@type":"Person","@id":"https:\/\/lasentinelle.dz\/#\/schema\/person\/d865044e22e70a75174ce8bcad3acfb3","name":"La Sentinelle","image":{"@type":"ImageObject","inLanguage":"fr-FR","@id":"https:\/\/secure.gravatar.com\/avatar\/57de8e5d4b15d43fb361a71fbb36338450fe67865b528a43dd10ef7c51a20392?s=96&d=mm&r=g","url":"https:\/\/secure.gravatar.com\/avatar\/57de8e5d4b15d43fb361a71fbb36338450fe67865b528a43dd10ef7c51a20392?s=96&d=mm&r=g","contentUrl":"https:\/\/secure.gravatar.com\/avatar\/57de8e5d4b15d43fb361a71fbb36338450fe67865b528a43dd10ef7c51a20392?s=96&d=mm&r=g","caption":"La Sentinelle"},"sameAs":["http:\/\/www.lasentinelle.dz"],"url":"https:\/\/lasentinelle.dz\/author\/redaction\/"}]}},"_links":{"self":[{"href":"https:\/\/lasentinelle.dz\/index.php\/wp-json\/wp\/v2\/posts\/3969","targetHints":{"allow":["GET"]}}],"collection":[{"href":"https:\/\/lasentinelle.dz\/index.php\/wp-json\/wp\/v2\/posts"}],"about":[{"href":"https:\/\/lasentinelle.dz\/index.php\/wp-json\/wp\/v2\/types\/post"}],"author":[{"embeddable":true,"href":"https:\/\/lasentinelle.dz\/index.php\/wp-json\/wp\/v2\/users\/3"}],"replies":[{"embeddable":true,"href":"https:\/\/lasentinelle.dz\/index.php\/wp-json\/wp\/v2\/comments?post=3969"}],"version-history":[{"count":1,"href":"https:\/\/lasentinelle.dz\/index.php\/wp-json\/wp\/v2\/posts\/3969\/revisions"}],"predecessor-version":[{"id":3972,"href":"https:\/\/lasentinelle.dz\/index.php\/wp-json\/wp\/v2\/posts\/3969\/revisions\/3972"}],"wp:featuredmedia":[{"embeddable":true,"href":"https:\/\/lasentinelle.dz\/index.php\/wp-json\/wp\/v2\/media\/3971"}],"wp:attachment":[{"href":"https:\/\/lasentinelle.dz\/index.php\/wp-json\/wp\/v2\/media?parent=3969"}],"wp:term":[{"taxonomy":"category","embeddable":true,"href":"https:\/\/lasentinelle.dz\/index.php\/wp-json\/wp\/v2\/categories?post=3969"},{"taxonomy":"post_tag","embeddable":true,"href":"https:\/\/lasentinelle.dz\/index.php\/wp-json\/wp\/v2\/tags?post=3969"}],"curies":[{"name":"wp","href":"https:\/\/api.w.org\/{rel}","templated":true}]}}