{"id":39712,"date":"2023-04-18T22:05:00","date_gmt":"2023-04-18T21:05:00","guid":{"rendered":"https:\/\/lasentinelle.dz\/?p=39712"},"modified":"2023-04-18T17:21:28","modified_gmt":"2023-04-18T16:21:28","slug":"le-califat-general-de-la-tidjania-en-algerie-appelle-les-parties-soudanaises-a-privilegier-la-voix-de-la-raison","status":"publish","type":"post","link":"https:\/\/lasentinelle.dz\/index.php\/2023\/04\/18\/le-califat-general-de-la-tidjania-en-algerie-appelle-les-parties-soudanaises-a-privilegier-la-voix-de-la-raison\/","title":{"rendered":"Le Califat g\u00e9n\u00e9ral de la Tidjania en Alg\u00e9rie appelle les parties soudanaises \u00e0 \u00ab\u00a0privil\u00e9gier la voix de la raison\u00a0\u00bb"},"content":{"rendered":"\n<p>Le Califat g\u00e9n\u00e9ral de la confr\u00e9rie Tidjania en Alg\u00e9rie a appel\u00e9 les parties soudanaises \u00e0 \u00ab\u00a0privil\u00e9gier la voix de la raison et de la sagesse\u00a0\u00bb, selon un communiqu\u00e9 du Califat g\u00e9n\u00e9ral dont l&rsquo;APS a obtenu une copie lundi. Le Califat g\u00e9n\u00e9ral de la confr\u00e9rie Tidjania en Alg\u00e9rie, dont le si\u00e8ge est bas\u00e9 \u00e0 Ain Madhi \u00e0 Laghouat, exhorte, par la voix du Calife g\u00e9n\u00e9ral de la confr\u00e9rie Tidjania, cheikh Ali Belarabi Tidjani, \u00ab\u00a0les parties soudanaises \u00e0 privil\u00e9gier la voix de la raison et de la sagesse\u00a0\u00bb, soulignant que \u00ab\u00a0Le Tout-Puissant nous ordonne de nous r\u00e9concilier, de faire la paix et d&rsquo;\u0153uvrer au r\u00e8glement des diff\u00e9rends\u00a0\u00bb. \u00ab\u00a0Aussi, le Califat g\u00e9n\u00e9ral de la confr\u00e9rie Tidjania en Alg\u00e9rie, durant ces dix derniers jours du mois sacr\u00e9 de Ramadhan, appelle tous les Soudanais, membres de la confr\u00e9rie ou non, \u00e0 placer le Soudan au-dessus de toutes autres consid\u00e9rations partisanes et factionnelles afin de pr\u00e9server les vies et les biens publics et priv\u00e9s, avec responsabilit\u00e9 devant les g\u00e9n\u00e9rations et devant l&rsquo;histoire, en demeurant attach\u00e9s aux r\u00e9alisations de leur r\u00e9volution b\u00e9nie et en construisant sur la base du document constitutionnel f\u00e9d\u00e9rateur\u00a0\u00bb, lit-on dans le communiqu\u00e9. \u00ab\u00a0Les tiraillements politiques et strat\u00e9giques en cours dans la r\u00e9gion ne sont pas dans l&rsquo;int\u00e9r\u00eat du Soudan, d\u00e9j\u00e0 exsangue\u00a0\u00bb, estime le Califat g\u00e9n\u00e9ral de la confr\u00e9rie Tidjania, qui invite \u00e0 \u00ab\u00a0la plus grande vigilance dans cette conjoncture difficile\u00a0\u00bb. Et de conclure son communiqu\u00e9 en appelant \u00ab\u00a0les disciples et les adeptes de la confr\u00e9rie Tidjania et les responsables religieux \u00e0 ne m\u00e9nager aucun effort pour faire taire les armes et surmonter cette \u00e9preuve avec sinc\u00e9rit\u00e9 envers Allah et la Patrie\u00a0\u00bb.<\/p>\n\n\n\n<p>APS<\/p>\n","protected":false},"excerpt":{"rendered":"<p>Le Califat g\u00e9n\u00e9ral de la confr\u00e9rie Tidjania en Alg\u00e9rie a appel\u00e9 les parties soudanaises \u00e0 \u00ab\u00a0privil\u00e9gier la voix de la<\/p>\n","protected":false},"author":3,"featured_media":39716,"comment_status":"open","ping_status":"closed","sticky":false,"template":"","format":"standard","meta":{"colormag_page_container_layout":"default_layout","colormag_page_sidebar_layout":"default_layout","om_disable_all_campaigns":false,"_monsterinsights_skip_tracking":false,"_monsterinsights_sitenote_active":false,"_monsterinsights_sitenote_note":"","_monsterinsights_sitenote_category":0,"footnotes":"","_wpscppro_dont_share_socialmedia":false,"_wpscppro_custom_social_share_image":0,"_facebook_share_type":"","_twitter_share_type":"","_linkedin_share_type":"","_pinterest_share_type":"","_linkedin_share_type_page":"","_instagram_share_type":"","_medium_share_type":"","_threads_share_type":"","_google_business_share_type":"","_selected_social_profile":[],"_wpsp_enable_custom_social_template":false,"_wpsp_social_scheduling":{"enabled":false,"datetime":null,"platforms":[],"status":"template_only","dateOption":"today","timeOption":"now","customDays":"","customHours":"","customDate":"","customTime":"","schedulingType":"absolute"},"_wpsp_active_default_template":true},"categories":[37],"tags":[],"class_list":["post-39712","post","type-post","status-publish","format-standard","has-post-thumbnail","hentry","category-monde"],"aioseo_notices":[],"yoast_head":"<!-- This site is optimized with the Yoast SEO plugin v27.5 - https:\/\/yoast.com\/product\/yoast-seo-wordpress\/ -->\n<title>Le Califat g\u00e9n\u00e9ral de la Tidjania en Alg\u00e9rie appelle les parties soudanaises \u00e0 \u00ab\u00a0privil\u00e9gier la voix de la raison\u00a0\u00bb - La Sentinelle<\/title>\n<meta name=\"robots\" content=\"index, follow, max-snippet:-1, max-image-preview:large, max-video-preview:-1\" \/>\n<link rel=\"canonical\" href=\"https:\/\/lasentinelle.dz\/index.php\/2023\/04\/18\/le-califat-general-de-la-tidjania-en-algerie-appelle-les-parties-soudanaises-a-privilegier-la-voix-de-la-raison\/\" \/>\n<meta property=\"og:locale\" content=\"fr_FR\" \/>\n<meta property=\"og:type\" content=\"article\" \/>\n<meta property=\"og:title\" content=\"Le Califat g\u00e9n\u00e9ral de la Tidjania en Alg\u00e9rie appelle les parties soudanaises \u00e0 \u00ab\u00a0privil\u00e9gier la voix de la raison\u00a0\u00bb - La Sentinelle\" \/>\n<meta property=\"og:description\" content=\"Le Califat g\u00e9n\u00e9ral de la confr\u00e9rie Tidjania en Alg\u00e9rie a appel\u00e9 les parties soudanaises \u00e0 \u00ab\u00a0privil\u00e9gier la voix de la\" \/>\n<meta property=\"og:url\" content=\"https:\/\/lasentinelle.dz\/index.php\/2023\/04\/18\/le-califat-general-de-la-tidjania-en-algerie-appelle-les-parties-soudanaises-a-privilegier-la-voix-de-la-raison\/\" \/>\n<meta property=\"og:site_name\" content=\"La Sentinelle\" \/>\n<meta property=\"article:publisher\" content=\"https:\/\/www.facebook.com\/La-Sentinelle-104059864394773\" \/>\n<meta property=\"article:published_time\" content=\"2023-04-18T21:05:00+00:00\" \/>\n<meta property=\"og:image\" content=\"https:\/\/lasentinelle.dz\/wp-content\/uploads\/2023\/04\/image_2023-04-18_172121546.png\" \/>\n\t<meta property=\"og:image:width\" content=\"538\" \/>\n\t<meta property=\"og:image:height\" content=\"404\" \/>\n\t<meta property=\"og:image:type\" content=\"image\/png\" \/>\n<meta name=\"author\" content=\"La Sentinelle\" \/>\n<meta name=\"twitter:card\" content=\"summary_large_image\" \/>\n<meta name=\"twitter:label1\" content=\"\u00c9crit par\" \/>\n\t<meta name=\"twitter:data1\" content=\"La Sentinelle\" \/>\n\t<meta name=\"twitter:label2\" content=\"Dur\u00e9e de lecture estim\u00e9e\" \/>\n\t<meta name=\"twitter:data2\" content=\"2 minutes\" \/>\n<script type=\"application\/ld+json\" class=\"yoast-schema-graph\">{\"@context\":\"https:\\\/\\\/schema.org\",\"@graph\":[{\"@type\":\"Article\",\"@id\":\"https:\\\/\\\/lasentinelle.dz\\\/index.php\\\/2023\\\/04\\\/18\\\/le-califat-general-de-la-tidjania-en-algerie-appelle-les-parties-soudanaises-a-privilegier-la-voix-de-la-raison\\\/#article\",\"isPartOf\":{\"@id\":\"https:\\\/\\\/lasentinelle.dz\\\/index.php\\\/2023\\\/04\\\/18\\\/le-califat-general-de-la-tidjania-en-algerie-appelle-les-parties-soudanaises-a-privilegier-la-voix-de-la-raison\\\/\"},\"author\":{\"name\":\"La Sentinelle\",\"@id\":\"https:\\\/\\\/lasentinelle.dz\\\/#\\\/schema\\\/person\\\/d865044e22e70a75174ce8bcad3acfb3\"},\"headline\":\"Le Califat g\u00e9n\u00e9ral de la Tidjania en Alg\u00e9rie appelle les parties soudanaises \u00e0 \u00ab\u00a0privil\u00e9gier la voix de la raison\u00a0\u00bb\",\"datePublished\":\"2023-04-18T21:05:00+00:00\",\"mainEntityOfPage\":{\"@id\":\"https:\\\/\\\/lasentinelle.dz\\\/index.php\\\/2023\\\/04\\\/18\\\/le-califat-general-de-la-tidjania-en-algerie-appelle-les-parties-soudanaises-a-privilegier-la-voix-de-la-raison\\\/\"},\"wordCount\":334,\"commentCount\":0,\"publisher\":{\"@id\":\"https:\\\/\\\/lasentinelle.dz\\\/#organization\"},\"image\":{\"@id\":\"https:\\\/\\\/lasentinelle.dz\\\/index.php\\\/2023\\\/04\\\/18\\\/le-califat-general-de-la-tidjania-en-algerie-appelle-les-parties-soudanaises-a-privilegier-la-voix-de-la-raison\\\/#primaryimage\"},\"thumbnailUrl\":\"https:\\\/\\\/lasentinelle.dz\\\/wp-content\\\/uploads\\\/2023\\\/04\\\/image_2023-04-18_172121546.png\",\"articleSection\":[\"Monde\"],\"inLanguage\":\"fr-FR\",\"potentialAction\":[{\"@type\":\"CommentAction\",\"name\":\"Comment\",\"target\":[\"https:\\\/\\\/lasentinelle.dz\\\/index.php\\\/2023\\\/04\\\/18\\\/le-califat-general-de-la-tidjania-en-algerie-appelle-les-parties-soudanaises-a-privilegier-la-voix-de-la-raison\\\/#respond\"]}]},{\"@type\":\"WebPage\",\"@id\":\"https:\\\/\\\/lasentinelle.dz\\\/index.php\\\/2023\\\/04\\\/18\\\/le-califat-general-de-la-tidjania-en-algerie-appelle-les-parties-soudanaises-a-privilegier-la-voix-de-la-raison\\\/\",\"url\":\"https:\\\/\\\/lasentinelle.dz\\\/index.php\\\/2023\\\/04\\\/18\\\/le-califat-general-de-la-tidjania-en-algerie-appelle-les-parties-soudanaises-a-privilegier-la-voix-de-la-raison\\\/\",\"name\":\"Le Califat g\u00e9n\u00e9ral de la Tidjania en Alg\u00e9rie appelle les parties soudanaises \u00e0 \u00ab\u00a0privil\u00e9gier la voix de la raison\u00a0\u00bb - La Sentinelle\",\"isPartOf\":{\"@id\":\"https:\\\/\\\/lasentinelle.dz\\\/#website\"},\"primaryImageOfPage\":{\"@id\":\"https:\\\/\\\/lasentinelle.dz\\\/index.php\\\/2023\\\/04\\\/18\\\/le-califat-general-de-la-tidjania-en-algerie-appelle-les-parties-soudanaises-a-privilegier-la-voix-de-la-raison\\\/#primaryimage\"},\"image\":{\"@id\":\"https:\\\/\\\/lasentinelle.dz\\\/index.php\\\/2023\\\/04\\\/18\\\/le-califat-general-de-la-tidjania-en-algerie-appelle-les-parties-soudanaises-a-privilegier-la-voix-de-la-raison\\\/#primaryimage\"},\"thumbnailUrl\":\"https:\\\/\\\/lasentinelle.dz\\\/wp-content\\\/uploads\\\/2023\\\/04\\\/image_2023-04-18_172121546.png\",\"datePublished\":\"2023-04-18T21:05:00+00:00\",\"breadcrumb\":{\"@id\":\"https:\\\/\\\/lasentinelle.dz\\\/index.php\\\/2023\\\/04\\\/18\\\/le-califat-general-de-la-tidjania-en-algerie-appelle-les-parties-soudanaises-a-privilegier-la-voix-de-la-raison\\\/#breadcrumb\"},\"inLanguage\":\"fr-FR\",\"potentialAction\":[{\"@type\":\"ReadAction\",\"target\":[\"https:\\\/\\\/lasentinelle.dz\\\/index.php\\\/2023\\\/04\\\/18\\\/le-califat-general-de-la-tidjania-en-algerie-appelle-les-parties-soudanaises-a-privilegier-la-voix-de-la-raison\\\/\"]}]},{\"@type\":\"ImageObject\",\"inLanguage\":\"fr-FR\",\"@id\":\"https:\\\/\\\/lasentinelle.dz\\\/index.php\\\/2023\\\/04\\\/18\\\/le-califat-general-de-la-tidjania-en-algerie-appelle-les-parties-soudanaises-a-privilegier-la-voix-de-la-raison\\\/#primaryimage\",\"url\":\"https:\\\/\\\/lasentinelle.dz\\\/wp-content\\\/uploads\\\/2023\\\/04\\\/image_2023-04-18_172121546.png\",\"contentUrl\":\"https:\\\/\\\/lasentinelle.dz\\\/wp-content\\\/uploads\\\/2023\\\/04\\\/image_2023-04-18_172121546.png\",\"width\":538,\"height\":404},{\"@type\":\"BreadcrumbList\",\"@id\":\"https:\\\/\\\/lasentinelle.dz\\\/index.php\\\/2023\\\/04\\\/18\\\/le-califat-general-de-la-tidjania-en-algerie-appelle-les-parties-soudanaises-a-privilegier-la-voix-de-la-raison\\\/#breadcrumb\",\"itemListElement\":[{\"@type\":\"ListItem\",\"position\":1,\"name\":\"Accueil\",\"item\":\"https:\\\/\\\/lasentinelle.dz\\\/\"},{\"@type\":\"ListItem\",\"position\":2,\"name\":\"Le Califat g\u00e9n\u00e9ral de la Tidjania en Alg\u00e9rie appelle les parties soudanaises \u00e0 \u00ab\u00a0privil\u00e9gier la voix de la raison\u00a0\u00bb\"}]},{\"@type\":\"WebSite\",\"@id\":\"https:\\\/\\\/lasentinelle.dz\\\/#website\",\"url\":\"https:\\\/\\\/lasentinelle.dz\\\/\",\"name\":\"La Sentinelle\",\"description\":\"Quotidien national d&#039;information\",\"publisher\":{\"@id\":\"https:\\\/\\\/lasentinelle.dz\\\/#organization\"},\"potentialAction\":[{\"@type\":\"SearchAction\",\"target\":{\"@type\":\"EntryPoint\",\"urlTemplate\":\"https:\\\/\\\/lasentinelle.dz\\\/?s={search_term_string}\"},\"query-input\":{\"@type\":\"PropertyValueSpecification\",\"valueRequired\":true,\"valueName\":\"search_term_string\"}}],\"inLanguage\":\"fr-FR\"},{\"@type\":\"Organization\",\"@id\":\"https:\\\/\\\/lasentinelle.dz\\\/#organization\",\"name\":\"Quotidien La Sentinelle\",\"url\":\"https:\\\/\\\/lasentinelle.dz\\\/\",\"logo\":{\"@type\":\"ImageObject\",\"inLanguage\":\"fr-FR\",\"@id\":\"https:\\\/\\\/lasentinelle.dz\\\/#\\\/schema\\\/logo\\\/image\\\/\",\"url\":\"https:\\\/\\\/lasentinelle.dz\\\/wp-content\\\/uploads\\\/2021\\\/09\\\/logo-sentinelleSLOGAN-1.png\",\"contentUrl\":\"https:\\\/\\\/lasentinelle.dz\\\/wp-content\\\/uploads\\\/2021\\\/09\\\/logo-sentinelleSLOGAN-1.png\",\"width\":615,\"height\":142,\"caption\":\"Quotidien La Sentinelle\"},\"image\":{\"@id\":\"https:\\\/\\\/lasentinelle.dz\\\/#\\\/schema\\\/logo\\\/image\\\/\"},\"sameAs\":[\"https:\\\/\\\/www.facebook.com\\\/La-Sentinelle-104059864394773\"]},{\"@type\":\"Person\",\"@id\":\"https:\\\/\\\/lasentinelle.dz\\\/#\\\/schema\\\/person\\\/d865044e22e70a75174ce8bcad3acfb3\",\"name\":\"La Sentinelle\",\"image\":{\"@type\":\"ImageObject\",\"inLanguage\":\"fr-FR\",\"@id\":\"https:\\\/\\\/secure.gravatar.com\\\/avatar\\\/57de8e5d4b15d43fb361a71fbb36338450fe67865b528a43dd10ef7c51a20392?s=96&d=mm&r=g\",\"url\":\"https:\\\/\\\/secure.gravatar.com\\\/avatar\\\/57de8e5d4b15d43fb361a71fbb36338450fe67865b528a43dd10ef7c51a20392?s=96&d=mm&r=g\",\"contentUrl\":\"https:\\\/\\\/secure.gravatar.com\\\/avatar\\\/57de8e5d4b15d43fb361a71fbb36338450fe67865b528a43dd10ef7c51a20392?s=96&d=mm&r=g\",\"caption\":\"La Sentinelle\"},\"sameAs\":[\"http:\\\/\\\/www.lasentinelle.dz\"],\"url\":\"https:\\\/\\\/lasentinelle.dz\\\/author\\\/redaction\\\/\"}]}<\/script>\n<!-- \/ Yoast SEO plugin. -->","yoast_head_json":{"title":"Le Califat g\u00e9n\u00e9ral de la Tidjania en Alg\u00e9rie appelle les parties soudanaises \u00e0 \u00ab\u00a0privil\u00e9gier la voix de la raison\u00a0\u00bb - La Sentinelle","robots":{"index":"index","follow":"follow","max-snippet":"max-snippet:-1","max-image-preview":"max-image-preview:large","max-video-preview":"max-video-preview:-1"},"canonical":"https:\/\/lasentinelle.dz\/index.php\/2023\/04\/18\/le-califat-general-de-la-tidjania-en-algerie-appelle-les-parties-soudanaises-a-privilegier-la-voix-de-la-raison\/","og_locale":"fr_FR","og_type":"article","og_title":"Le Califat g\u00e9n\u00e9ral de la Tidjania en Alg\u00e9rie appelle les parties soudanaises \u00e0 \u00ab\u00a0privil\u00e9gier la voix de la raison\u00a0\u00bb - La Sentinelle","og_description":"Le Califat g\u00e9n\u00e9ral de la confr\u00e9rie Tidjania en Alg\u00e9rie a appel\u00e9 les parties soudanaises \u00e0 \u00ab\u00a0privil\u00e9gier la voix de la","og_url":"https:\/\/lasentinelle.dz\/index.php\/2023\/04\/18\/le-califat-general-de-la-tidjania-en-algerie-appelle-les-parties-soudanaises-a-privilegier-la-voix-de-la-raison\/","og_site_name":"La Sentinelle","article_publisher":"https:\/\/www.facebook.com\/La-Sentinelle-104059864394773","article_published_time":"2023-04-18T21:05:00+00:00","og_image":[{"width":538,"height":404,"url":"https:\/\/lasentinelle.dz\/wp-content\/uploads\/2023\/04\/image_2023-04-18_172121546.png","type":"image\/png"}],"author":"La Sentinelle","twitter_card":"summary_large_image","twitter_misc":{"\u00c9crit par":"La Sentinelle","Dur\u00e9e de lecture estim\u00e9e":"2 minutes"},"schema":{"@context":"https:\/\/schema.org","@graph":[{"@type":"Article","@id":"https:\/\/lasentinelle.dz\/index.php\/2023\/04\/18\/le-califat-general-de-la-tidjania-en-algerie-appelle-les-parties-soudanaises-a-privilegier-la-voix-de-la-raison\/#article","isPartOf":{"@id":"https:\/\/lasentinelle.dz\/index.php\/2023\/04\/18\/le-califat-general-de-la-tidjania-en-algerie-appelle-les-parties-soudanaises-a-privilegier-la-voix-de-la-raison\/"},"author":{"name":"La Sentinelle","@id":"https:\/\/lasentinelle.dz\/#\/schema\/person\/d865044e22e70a75174ce8bcad3acfb3"},"headline":"Le Califat g\u00e9n\u00e9ral de la Tidjania en Alg\u00e9rie appelle les parties soudanaises \u00e0 \u00ab\u00a0privil\u00e9gier la voix de la raison\u00a0\u00bb","datePublished":"2023-04-18T21:05:00+00:00","mainEntityOfPage":{"@id":"https:\/\/lasentinelle.dz\/index.php\/2023\/04\/18\/le-califat-general-de-la-tidjania-en-algerie-appelle-les-parties-soudanaises-a-privilegier-la-voix-de-la-raison\/"},"wordCount":334,"commentCount":0,"publisher":{"@id":"https:\/\/lasentinelle.dz\/#organization"},"image":{"@id":"https:\/\/lasentinelle.dz\/index.php\/2023\/04\/18\/le-califat-general-de-la-tidjania-en-algerie-appelle-les-parties-soudanaises-a-privilegier-la-voix-de-la-raison\/#primaryimage"},"thumbnailUrl":"https:\/\/lasentinelle.dz\/wp-content\/uploads\/2023\/04\/image_2023-04-18_172121546.png","articleSection":["Monde"],"inLanguage":"fr-FR","potentialAction":[{"@type":"CommentAction","name":"Comment","target":["https:\/\/lasentinelle.dz\/index.php\/2023\/04\/18\/le-califat-general-de-la-tidjania-en-algerie-appelle-les-parties-soudanaises-a-privilegier-la-voix-de-la-raison\/#respond"]}]},{"@type":"WebPage","@id":"https:\/\/lasentinelle.dz\/index.php\/2023\/04\/18\/le-califat-general-de-la-tidjania-en-algerie-appelle-les-parties-soudanaises-a-privilegier-la-voix-de-la-raison\/","url":"https:\/\/lasentinelle.dz\/index.php\/2023\/04\/18\/le-califat-general-de-la-tidjania-en-algerie-appelle-les-parties-soudanaises-a-privilegier-la-voix-de-la-raison\/","name":"Le Califat g\u00e9n\u00e9ral de la Tidjania en Alg\u00e9rie appelle les parties soudanaises \u00e0 \u00ab\u00a0privil\u00e9gier la voix de la raison\u00a0\u00bb - La Sentinelle","isPartOf":{"@id":"https:\/\/lasentinelle.dz\/#website"},"primaryImageOfPage":{"@id":"https:\/\/lasentinelle.dz\/index.php\/2023\/04\/18\/le-califat-general-de-la-tidjania-en-algerie-appelle-les-parties-soudanaises-a-privilegier-la-voix-de-la-raison\/#primaryimage"},"image":{"@id":"https:\/\/lasentinelle.dz\/index.php\/2023\/04\/18\/le-califat-general-de-la-tidjania-en-algerie-appelle-les-parties-soudanaises-a-privilegier-la-voix-de-la-raison\/#primaryimage"},"thumbnailUrl":"https:\/\/lasentinelle.dz\/wp-content\/uploads\/2023\/04\/image_2023-04-18_172121546.png","datePublished":"2023-04-18T21:05:00+00:00","breadcrumb":{"@id":"https:\/\/lasentinelle.dz\/index.php\/2023\/04\/18\/le-califat-general-de-la-tidjania-en-algerie-appelle-les-parties-soudanaises-a-privilegier-la-voix-de-la-raison\/#breadcrumb"},"inLanguage":"fr-FR","potentialAction":[{"@type":"ReadAction","target":["https:\/\/lasentinelle.dz\/index.php\/2023\/04\/18\/le-califat-general-de-la-tidjania-en-algerie-appelle-les-parties-soudanaises-a-privilegier-la-voix-de-la-raison\/"]}]},{"@type":"ImageObject","inLanguage":"fr-FR","@id":"https:\/\/lasentinelle.dz\/index.php\/2023\/04\/18\/le-califat-general-de-la-tidjania-en-algerie-appelle-les-parties-soudanaises-a-privilegier-la-voix-de-la-raison\/#primaryimage","url":"https:\/\/lasentinelle.dz\/wp-content\/uploads\/2023\/04\/image_2023-04-18_172121546.png","contentUrl":"https:\/\/lasentinelle.dz\/wp-content\/uploads\/2023\/04\/image_2023-04-18_172121546.png","width":538,"height":404},{"@type":"BreadcrumbList","@id":"https:\/\/lasentinelle.dz\/index.php\/2023\/04\/18\/le-califat-general-de-la-tidjania-en-algerie-appelle-les-parties-soudanaises-a-privilegier-la-voix-de-la-raison\/#breadcrumb","itemListElement":[{"@type":"ListItem","position":1,"name":"Accueil","item":"https:\/\/lasentinelle.dz\/"},{"@type":"ListItem","position":2,"name":"Le Califat g\u00e9n\u00e9ral de la Tidjania en Alg\u00e9rie appelle les parties soudanaises \u00e0 \u00ab\u00a0privil\u00e9gier la voix de la raison\u00a0\u00bb"}]},{"@type":"WebSite","@id":"https:\/\/lasentinelle.dz\/#website","url":"https:\/\/lasentinelle.dz\/","name":"La Sentinelle","description":"Quotidien national d&#039;information","publisher":{"@id":"https:\/\/lasentinelle.dz\/#organization"},"potentialAction":[{"@type":"SearchAction","target":{"@type":"EntryPoint","urlTemplate":"https:\/\/lasentinelle.dz\/?s={search_term_string}"},"query-input":{"@type":"PropertyValueSpecification","valueRequired":true,"valueName":"search_term_string"}}],"inLanguage":"fr-FR"},{"@type":"Organization","@id":"https:\/\/lasentinelle.dz\/#organization","name":"Quotidien La Sentinelle","url":"https:\/\/lasentinelle.dz\/","logo":{"@type":"ImageObject","inLanguage":"fr-FR","@id":"https:\/\/lasentinelle.dz\/#\/schema\/logo\/image\/","url":"https:\/\/lasentinelle.dz\/wp-content\/uploads\/2021\/09\/logo-sentinelleSLOGAN-1.png","contentUrl":"https:\/\/lasentinelle.dz\/wp-content\/uploads\/2021\/09\/logo-sentinelleSLOGAN-1.png","width":615,"height":142,"caption":"Quotidien La Sentinelle"},"image":{"@id":"https:\/\/lasentinelle.dz\/#\/schema\/logo\/image\/"},"sameAs":["https:\/\/www.facebook.com\/La-Sentinelle-104059864394773"]},{"@type":"Person","@id":"https:\/\/lasentinelle.dz\/#\/schema\/person\/d865044e22e70a75174ce8bcad3acfb3","name":"La Sentinelle","image":{"@type":"ImageObject","inLanguage":"fr-FR","@id":"https:\/\/secure.gravatar.com\/avatar\/57de8e5d4b15d43fb361a71fbb36338450fe67865b528a43dd10ef7c51a20392?s=96&d=mm&r=g","url":"https:\/\/secure.gravatar.com\/avatar\/57de8e5d4b15d43fb361a71fbb36338450fe67865b528a43dd10ef7c51a20392?s=96&d=mm&r=g","contentUrl":"https:\/\/secure.gravatar.com\/avatar\/57de8e5d4b15d43fb361a71fbb36338450fe67865b528a43dd10ef7c51a20392?s=96&d=mm&r=g","caption":"La Sentinelle"},"sameAs":["http:\/\/www.lasentinelle.dz"],"url":"https:\/\/lasentinelle.dz\/author\/redaction\/"}]}},"_links":{"self":[{"href":"https:\/\/lasentinelle.dz\/index.php\/wp-json\/wp\/v2\/posts\/39712","targetHints":{"allow":["GET"]}}],"collection":[{"href":"https:\/\/lasentinelle.dz\/index.php\/wp-json\/wp\/v2\/posts"}],"about":[{"href":"https:\/\/lasentinelle.dz\/index.php\/wp-json\/wp\/v2\/types\/post"}],"author":[{"embeddable":true,"href":"https:\/\/lasentinelle.dz\/index.php\/wp-json\/wp\/v2\/users\/3"}],"replies":[{"embeddable":true,"href":"https:\/\/lasentinelle.dz\/index.php\/wp-json\/wp\/v2\/comments?post=39712"}],"version-history":[{"count":1,"href":"https:\/\/lasentinelle.dz\/index.php\/wp-json\/wp\/v2\/posts\/39712\/revisions"}],"predecessor-version":[{"id":39717,"href":"https:\/\/lasentinelle.dz\/index.php\/wp-json\/wp\/v2\/posts\/39712\/revisions\/39717"}],"wp:featuredmedia":[{"embeddable":true,"href":"https:\/\/lasentinelle.dz\/index.php\/wp-json\/wp\/v2\/media\/39716"}],"wp:attachment":[{"href":"https:\/\/lasentinelle.dz\/index.php\/wp-json\/wp\/v2\/media?parent=39712"}],"wp:term":[{"taxonomy":"category","embeddable":true,"href":"https:\/\/lasentinelle.dz\/index.php\/wp-json\/wp\/v2\/categories?post=39712"},{"taxonomy":"post_tag","embeddable":true,"href":"https:\/\/lasentinelle.dz\/index.php\/wp-json\/wp\/v2\/tags?post=39712"}],"curies":[{"name":"wp","href":"https:\/\/api.w.org\/{rel}","templated":true}]}}